{"id":1150,"date":"2013-02-14T11:19:50","date_gmt":"2013-02-14T10:19:50","guid":{"rendered":"http:\/\/www.proinca.es\/madridfansblog\/?p=1150"},"modified":"2025-05-28T13:48:00","modified_gmt":"2025-05-28T11:48:00","slug":"uf-rico-rico-a-la-rica-tarta-casera","status":"publish","type":"post","link":"https:\/\/www.proinca.es\/madridfansblog\/uf-rico-rico-a-la-rica-tarta-casera\/","title":{"rendered":"UF! RICO, RICO. A LA RICA TARTA CASERA"},"content":{"rendered":"<p>Como seguro que en Enero te portaste como un \u00e1ngel \u00a0para compensar las comilonas navide\u00f1as, ahora ha llegado el momento de darte un merecido PREMIO, \u00a1con may\u00fasculas!. \u00bfCu\u00e1l?\u00a0<!--more-->disfrutar de las mejores<strong> tartas caseras <\/strong>\u00a0en un ambiente \u00fanico. En la plaza de la Paja, situada en el coraz\u00f3n del <strong>Madrid<\/strong> de los Austrias y flanqueada por varios palacetes donde mantuvieron su residencia las principales familias nobiliarias de la ciudad, es ahora uno de los lugares m\u00e1s apacibles de la capital. Y si anta\u00f1o fue famosa adem\u00e1s por constituir el epicentro comercial de la villa, ahora lo es por albergar algunas de las cafeter\u00edas m\u00e1s acogedoras de la ciudad que con el buen tiempo, toman la plaza con sus terrazas.<\/p>\n<p>En esta ocasi\u00f3n os vamos a hablar de una de estas cafeter\u00edas en particular, popular por sus riqu\u00edsimas tartas caseras y su ambiente bohemio: se trata del <strong>Caf\u00e9 Bar Delic<\/strong>, al que no te puedes resistir entrar ya solo con ver su escaparate, desde el que puedes divisar sus tartas de chocolates y pl\u00e1tano, <em>muffins<\/em>, tartaletas\u2026 y sus riqu\u00edsimos caf\u00e9s. Su mostrador est\u00e1 repleto de dulces y cuando crees que has elegido el acertado, te dan la carta donde puedes encontrar un sinf\u00edn de opciones m\u00e1s, \u00a1se te hace la boca agua! Y lo mejor de todo es que puedes degustar estos ricos postres en su interior, sentado en un sof\u00e1, con luz tenue de acompa\u00f1amiento y m\u00fasica jazz. Toda una delicia.<\/p>\n<p>Una idea sugerida por:\u00a0Proinca<strong><a href=\"http:\/\/www.proinca.es\"> alquiler de estudios en Madrid.<\/a><\/strong><\/p>\n<p>Foto de Chris Hardy en Unsplash<\/p>\n\n\n<div class=\"kk-star-ratings kksr-auto kksr-align-left kksr-valign-bottom\"\n    data-payload='{&quot;align&quot;:&quot;left&quot;,&quot;id&quot;:&quot;1150&quot;,&quot;slug&quot;:&quot;default&quot;,&quot;valign&quot;:&quot;bottom&quot;,&quot;ignore&quot;:&quot;&quot;,&quot;reference&quot;:&quot;auto&quot;,&quot;class&quot;:&quot;&quot;,&quot;count&quot;:&quot;0&quot;,&quot;legendonly&quot;:&quot;&quot;,&quot;readonly&quot;:&quot;&quot;,&quot;score&quot;:&quot;0&quot;,&quot;starsonly&quot;:&quot;&quot;,&quot;best&quot;:&quot;5&quot;,&quot;gap&quot;:&quot;1&quot;,&quot;greet&quot;:&quot;Valora este art\u00edculo&quot;,&quot;legend&quot;:&quot;0\\\/5 - (0 votos)&quot;,&quot;size&quot;:&quot;24&quot;,&quot;title&quot;:&quot;UF! RICO, RICO. A LA RICA TARTA CASERA&quot;,&quot;width&quot;:&quot;0&quot;,&quot;_legend&quot;:&quot;{score}\\\/{best} - ({count} {votes})&quot;,&quot;font_factor&quot;:&quot;1.25&quot;}'>\n            \n<div class=\"kksr-stars\">\n    \n<div class=\"kksr-stars-inactive\">\n            <div class=\"kksr-star\" data-star=\"1\" style=\"padding-right: 1px\">\n            \n\n<div class=\"kksr-icon\" style=\"width: 24px; height: 24px;\"><\/div>\n        <\/div>\n            <div class=\"kksr-star\" data-star=\"2\" style=\"padding-right: 1px\">\n            \n\n<div class=\"kksr-icon\" style=\"width: 24px; height: 24px;\"><\/div>\n        <\/div>\n            <div class=\"kksr-star\" data-star=\"3\" style=\"padding-right: 1px\">\n            \n\n<div class=\"kksr-icon\" style=\"width: 24px; height: 24px;\"><\/div>\n        <\/div>\n            <div class=\"kksr-star\" data-star=\"4\" style=\"padding-right: 1px\">\n            \n\n<div class=\"kksr-icon\" style=\"width: 24px; height: 24px;\"><\/div>\n        <\/div>\n            <div class=\"kksr-star\" data-star=\"5\" style=\"padding-right: 1px\">\n            \n\n<div class=\"kksr-icon\" style=\"width: 24px; height: 24px;\"><\/div>\n        <\/div>\n    <\/div>\n    \n<div class=\"kksr-stars-active\" style=\"width: 0px;\">\n            <div class=\"kksr-star\" style=\"padding-right: 1px\">\n            \n\n<div class=\"kksr-icon\" style=\"width: 24px; height: 24px;\"><\/div>\n        <\/div>\n            <div class=\"kksr-star\" style=\"padding-right: 1px\">\n            \n\n<div class=\"kksr-icon\" style=\"width: 24px; height: 24px;\"><\/div>\n        <\/div>\n            <div class=\"kksr-star\" style=\"padding-right: 1px\">\n            \n\n<div class=\"kksr-icon\" style=\"width: 24px; height: 24px;\"><\/div>\n        <\/div>\n            <div class=\"kksr-star\" style=\"padding-right: 1px\">\n            \n\n<div class=\"kksr-icon\" style=\"width: 24px; height: 24px;\"><\/div>\n        <\/div>\n            <div class=\"kksr-star\" style=\"padding-right: 1px\">\n            \n\n<div class=\"kksr-icon\" style=\"width: 24px; height: 24px;\"><\/div>\n        <\/div>\n    <\/div>\n<\/div>\n                \n\n<div class=\"kksr-legend\" style=\"font-size: 19.2px;\">\n            <span class=\"kksr-muted\">Valora este art\u00edculo<\/span>\n    <\/div>\n    <\/div>\n","protected":false},"excerpt":{"rendered":"<p>Como seguro que en Enero te portaste como un \u00e1ngel  [&#8230;]<\/p>\n","protected":false},"author":4,"featured_media":7047,"comment_status":"closed","ping_status":"closed","sticky":false,"template":"","format":"standard","meta":{"footnotes":""},"categories":[79],"tags":[36,30,5,20,31],"class_list":["post-1150","post","type-post","status-publish","format-standard","has-post-thumbnail","hentry","category-vivir-madrid","tag-afterwork","tag-gastronomia","tag-madrid","tag-ocio","tag-restaurantes"],"yoast_head":"<!-- This site is optimized with the Yoast SEO plugin v27.4 - https:\/\/yoast.com\/product\/yoast-seo-wordpress\/ -->\n<title>Tartas caseras Madrid \/ Proinca alquiler de estudios madrid<\/title>\n<meta name=\"description\" content=\"Degusta las mejores tartas caseras de Madrid en Delic Caf\u00e9 en un ambiente \u00fanico con m\u00fasica de jazz. en la Plaza de laq Paja. Una idea sugerida por:\u00a0Proinca alquiler de estudios en Madrid\" \/>\n<meta name=\"robots\" content=\"index, follow, max-snippet:-1, max-image-preview:large, max-video-preview:-1\" \/>\n<link rel=\"canonical\" href=\"https:\/\/www.proinca.es\/madridfansblog\/uf-rico-rico-a-la-rica-tarta-casera\/\" \/>\n<meta property=\"og:locale\" content=\"es_ES\" \/>\n<meta property=\"og:type\" content=\"article\" \/>\n<meta property=\"og:title\" content=\"Tartas caseras Madrid \/ Proinca alquiler de estudios madrid\" \/>\n<meta property=\"og:description\" content=\"Degusta las mejores tartas caseras de Madrid en Delic Caf\u00e9 en un ambiente \u00fanico con m\u00fasica de jazz. en la Plaza de laq Paja. Una idea sugerida por:\u00a0Proinca alquiler de estudios en Madrid\" \/>\n<meta property=\"og:url\" content=\"https:\/\/www.proinca.es\/madridfansblog\/uf-rico-rico-a-la-rica-tarta-casera\/\" \/>\n<meta property=\"og:site_name\" content=\"Blog Proinca Madrid\" \/>\n<meta property=\"article:published_time\" content=\"2013-02-14T10:19:50+00:00\" \/>\n<meta property=\"article:modified_time\" content=\"2025-05-28T11:48:00+00:00\" \/>\n<meta property=\"og:image\" content=\"https:\/\/www.proinca.es\/madridfansblog\/wp-content\/uploads\/2013\/02\/tarta-casera.jpg\" \/>\n\t<meta property=\"og:image:width\" content=\"1000\" \/>\n\t<meta property=\"og:image:height\" content=\"563\" \/>\n\t<meta property=\"og:image:type\" content=\"image\/jpeg\" \/>\n<meta name=\"author\" content=\"Ana Calero\" \/>\n<script type=\"application\/ld+json\" class=\"yoast-schema-graph\">{\"@context\":\"https:\\\/\\\/schema.org\",\"@graph\":[{\"@type\":\"Article\",\"@id\":\"https:\\\/\\\/www.proinca.es\\\/madridfansblog\\\/uf-rico-rico-a-la-rica-tarta-casera\\\/#article\",\"isPartOf\":{\"@id\":\"https:\\\/\\\/www.proinca.es\\\/madridfansblog\\\/uf-rico-rico-a-la-rica-tarta-casera\\\/\"},\"author\":{\"name\":\"Ana Calero\",\"@id\":\"https:\\\/\\\/www.proinca.es\\\/madridfansblog\\\/#\\\/schema\\\/person\\\/8401adc89c0a0f5a3574c43326247f1e\"},\"headline\":\"UF! RICO, RICO. A LA RICA TARTA CASERA\",\"datePublished\":\"2013-02-14T10:19:50+00:00\",\"dateModified\":\"2025-05-28T11:48:00+00:00\",\"mainEntityOfPage\":{\"@id\":\"https:\\\/\\\/www.proinca.es\\\/madridfansblog\\\/uf-rico-rico-a-la-rica-tarta-casera\\\/\"},\"wordCount\":284,\"publisher\":{\"@id\":\"https:\\\/\\\/www.proinca.es\\\/madridfansblog\\\/#organization\"},\"image\":{\"@id\":\"https:\\\/\\\/www.proinca.es\\\/madridfansblog\\\/uf-rico-rico-a-la-rica-tarta-casera\\\/#primaryimage\"},\"thumbnailUrl\":\"https:\\\/\\\/www.proinca.es\\\/madridfansblog\\\/wp-content\\\/uploads\\\/2013\\\/02\\\/tarta-casera.jpg\",\"keywords\":[\"Afterwork\",\"Gastronom\u00eda\",\"Madrid\",\"Ocio\",\"Restaurantes\"],\"articleSection\":[\"VIVIR MADRID\"],\"inLanguage\":\"es\"},{\"@type\":\"WebPage\",\"@id\":\"https:\\\/\\\/www.proinca.es\\\/madridfansblog\\\/uf-rico-rico-a-la-rica-tarta-casera\\\/\",\"url\":\"https:\\\/\\\/www.proinca.es\\\/madridfansblog\\\/uf-rico-rico-a-la-rica-tarta-casera\\\/\",\"name\":\"Tartas caseras Madrid \\\/ Proinca alquiler de estudios madrid\",\"isPartOf\":{\"@id\":\"https:\\\/\\\/www.proinca.es\\\/madridfansblog\\\/#website\"},\"primaryImageOfPage\":{\"@id\":\"https:\\\/\\\/www.proinca.es\\\/madridfansblog\\\/uf-rico-rico-a-la-rica-tarta-casera\\\/#primaryimage\"},\"image\":{\"@id\":\"https:\\\/\\\/www.proinca.es\\\/madridfansblog\\\/uf-rico-rico-a-la-rica-tarta-casera\\\/#primaryimage\"},\"thumbnailUrl\":\"https:\\\/\\\/www.proinca.es\\\/madridfansblog\\\/wp-content\\\/uploads\\\/2013\\\/02\\\/tarta-casera.jpg\",\"datePublished\":\"2013-02-14T10:19:50+00:00\",\"dateModified\":\"2025-05-28T11:48:00+00:00\",\"description\":\"Degusta las mejores tartas caseras de Madrid en Delic Caf\u00e9 en un ambiente \u00fanico con m\u00fasica de jazz. en la Plaza de laq Paja. Una idea sugerida por:\u00a0Proinca alquiler de estudios en Madrid\",\"inLanguage\":\"es\",\"potentialAction\":[{\"@type\":\"ReadAction\",\"target\":[\"https:\\\/\\\/www.proinca.es\\\/madridfansblog\\\/uf-rico-rico-a-la-rica-tarta-casera\\\/\"]}]},{\"@type\":\"ImageObject\",\"inLanguage\":\"es\",\"@id\":\"https:\\\/\\\/www.proinca.es\\\/madridfansblog\\\/uf-rico-rico-a-la-rica-tarta-casera\\\/#primaryimage\",\"url\":\"https:\\\/\\\/www.proinca.es\\\/madridfansblog\\\/wp-content\\\/uploads\\\/2013\\\/02\\\/tarta-casera.jpg\",\"contentUrl\":\"https:\\\/\\\/www.proinca.es\\\/madridfansblog\\\/wp-content\\\/uploads\\\/2013\\\/02\\\/tarta-casera.jpg\",\"width\":1000,\"height\":563,\"caption\":\"Uf! Rico, rico. A la rica tarta casera\"},{\"@type\":\"WebSite\",\"@id\":\"https:\\\/\\\/www.proinca.es\\\/madridfansblog\\\/#website\",\"url\":\"https:\\\/\\\/www.proinca.es\\\/madridfansblog\\\/\",\"name\":\"Madrid Fans Blog Proinca\",\"description\":\"Pisos y apartamentos de alquiler en Madrid\",\"publisher\":{\"@id\":\"https:\\\/\\\/www.proinca.es\\\/madridfansblog\\\/#organization\"},\"potentialAction\":[{\"@type\":\"SearchAction\",\"target\":{\"@type\":\"EntryPoint\",\"urlTemplate\":\"https:\\\/\\\/www.proinca.es\\\/madridfansblog\\\/?s={search_term_string}\"},\"query-input\":{\"@type\":\"PropertyValueSpecification\",\"valueRequired\":true,\"valueName\":\"search_term_string\"}}],\"inLanguage\":\"es\"},{\"@type\":\"Organization\",\"@id\":\"https:\\\/\\\/www.proinca.es\\\/madridfansblog\\\/#organization\",\"name\":\"Proinca\",\"url\":\"https:\\\/\\\/www.proinca.es\\\/madridfansblog\\\/\",\"logo\":{\"@type\":\"ImageObject\",\"inLanguage\":\"es\",\"@id\":\"https:\\\/\\\/www.proinca.es\\\/madridfansblog\\\/#\\\/schema\\\/logo\\\/image\\\/\",\"url\":\"https:\\\/\\\/www.proinca.es\\\/madridfansblog\\\/wp-content\\\/uploads\\\/2022\\\/03\\\/logo-proinca.jpg\",\"contentUrl\":\"https:\\\/\\\/www.proinca.es\\\/madridfansblog\\\/wp-content\\\/uploads\\\/2022\\\/03\\\/logo-proinca.jpg\",\"width\":522,\"height\":250,\"caption\":\"Proinca\"},\"image\":{\"@id\":\"https:\\\/\\\/www.proinca.es\\\/madridfansblog\\\/#\\\/schema\\\/logo\\\/image\\\/\"}},{\"@type\":\"Person\",\"@id\":\"https:\\\/\\\/www.proinca.es\\\/madridfansblog\\\/#\\\/schema\\\/person\\\/8401adc89c0a0f5a3574c43326247f1e\",\"name\":\"Ana Calero\",\"image\":{\"@type\":\"ImageObject\",\"inLanguage\":\"es\",\"@id\":\"https:\\\/\\\/www.proinca.es\\\/madridfansblog\\\/wp-content\\\/litespeed\\\/avatar\\\/ef51b25c0718910f475570320941ef46.jpg?ver=1777379772\",\"url\":\"https:\\\/\\\/www.proinca.es\\\/madridfansblog\\\/wp-content\\\/litespeed\\\/avatar\\\/ef51b25c0718910f475570320941ef46.jpg?ver=1777379772\",\"contentUrl\":\"https:\\\/\\\/www.proinca.es\\\/madridfansblog\\\/wp-content\\\/litespeed\\\/avatar\\\/ef51b25c0718910f475570320941ef46.jpg?ver=1777379772\",\"caption\":\"Ana Calero\"},\"description\":\"Licenciada en Ciencias Empresariales por la Universidad Aut\u00f3noma de Madrid. Forma parte del equipo de Apartamentos Proinca y es una enamorada de Madrid\",\"sameAs\":[\"https:\\\/\\\/www.proinca.es\\\/madridfansblog\\\/ana-calero\\\/\"]}]}<\/script>\n<!-- \/ Yoast SEO plugin. -->","yoast_head_json":{"title":"Tartas caseras Madrid \/ Proinca alquiler de estudios madrid","description":"Degusta las mejores tartas caseras de Madrid en Delic Caf\u00e9 en un ambiente \u00fanico con m\u00fasica de jazz. en la Plaza de laq Paja. Una idea sugerida por:\u00a0Proinca alquiler de estudios en Madrid","robots":{"index":"index","follow":"follow","max-snippet":"max-snippet:-1","max-image-preview":"max-image-preview:large","max-video-preview":"max-video-preview:-1"},"canonical":"https:\/\/www.proinca.es\/madridfansblog\/uf-rico-rico-a-la-rica-tarta-casera\/","og_locale":"es_ES","og_type":"article","og_title":"Tartas caseras Madrid \/ Proinca alquiler de estudios madrid","og_description":"Degusta las mejores tartas caseras de Madrid en Delic Caf\u00e9 en un ambiente \u00fanico con m\u00fasica de jazz. en la Plaza de laq Paja. Una idea sugerida por:\u00a0Proinca alquiler de estudios en Madrid","og_url":"https:\/\/www.proinca.es\/madridfansblog\/uf-rico-rico-a-la-rica-tarta-casera\/","og_site_name":"Blog Proinca Madrid","article_published_time":"2013-02-14T10:19:50+00:00","article_modified_time":"2025-05-28T11:48:00+00:00","og_image":[{"width":1000,"height":563,"url":"https:\/\/www.proinca.es\/madridfansblog\/wp-content\/uploads\/2013\/02\/tarta-casera.jpg","type":"image\/jpeg"}],"author":"Ana Calero","schema":{"@context":"https:\/\/schema.org","@graph":[{"@type":"Article","@id":"https:\/\/www.proinca.es\/madridfansblog\/uf-rico-rico-a-la-rica-tarta-casera\/#article","isPartOf":{"@id":"https:\/\/www.proinca.es\/madridfansblog\/uf-rico-rico-a-la-rica-tarta-casera\/"},"author":{"name":"Ana Calero","@id":"https:\/\/www.proinca.es\/madridfansblog\/#\/schema\/person\/8401adc89c0a0f5a3574c43326247f1e"},"headline":"UF! RICO, RICO. A LA RICA TARTA CASERA","datePublished":"2013-02-14T10:19:50+00:00","dateModified":"2025-05-28T11:48:00+00:00","mainEntityOfPage":{"@id":"https:\/\/www.proinca.es\/madridfansblog\/uf-rico-rico-a-la-rica-tarta-casera\/"},"wordCount":284,"publisher":{"@id":"https:\/\/www.proinca.es\/madridfansblog\/#organization"},"image":{"@id":"https:\/\/www.proinca.es\/madridfansblog\/uf-rico-rico-a-la-rica-tarta-casera\/#primaryimage"},"thumbnailUrl":"https:\/\/www.proinca.es\/madridfansblog\/wp-content\/uploads\/2013\/02\/tarta-casera.jpg","keywords":["Afterwork","Gastronom\u00eda","Madrid","Ocio","Restaurantes"],"articleSection":["VIVIR MADRID"],"inLanguage":"es"},{"@type":"WebPage","@id":"https:\/\/www.proinca.es\/madridfansblog\/uf-rico-rico-a-la-rica-tarta-casera\/","url":"https:\/\/www.proinca.es\/madridfansblog\/uf-rico-rico-a-la-rica-tarta-casera\/","name":"Tartas caseras Madrid \/ Proinca alquiler de estudios madrid","isPartOf":{"@id":"https:\/\/www.proinca.es\/madridfansblog\/#website"},"primaryImageOfPage":{"@id":"https:\/\/www.proinca.es\/madridfansblog\/uf-rico-rico-a-la-rica-tarta-casera\/#primaryimage"},"image":{"@id":"https:\/\/www.proinca.es\/madridfansblog\/uf-rico-rico-a-la-rica-tarta-casera\/#primaryimage"},"thumbnailUrl":"https:\/\/www.proinca.es\/madridfansblog\/wp-content\/uploads\/2013\/02\/tarta-casera.jpg","datePublished":"2013-02-14T10:19:50+00:00","dateModified":"2025-05-28T11:48:00+00:00","description":"Degusta las mejores tartas caseras de Madrid en Delic Caf\u00e9 en un ambiente \u00fanico con m\u00fasica de jazz. en la Plaza de laq Paja. Una idea sugerida por:\u00a0Proinca alquiler de estudios en Madrid","inLanguage":"es","potentialAction":[{"@type":"ReadAction","target":["https:\/\/www.proinca.es\/madridfansblog\/uf-rico-rico-a-la-rica-tarta-casera\/"]}]},{"@type":"ImageObject","inLanguage":"es","@id":"https:\/\/www.proinca.es\/madridfansblog\/uf-rico-rico-a-la-rica-tarta-casera\/#primaryimage","url":"https:\/\/www.proinca.es\/madridfansblog\/wp-content\/uploads\/2013\/02\/tarta-casera.jpg","contentUrl":"https:\/\/www.proinca.es\/madridfansblog\/wp-content\/uploads\/2013\/02\/tarta-casera.jpg","width":1000,"height":563,"caption":"Uf! Rico, rico. A la rica tarta casera"},{"@type":"WebSite","@id":"https:\/\/www.proinca.es\/madridfansblog\/#website","url":"https:\/\/www.proinca.es\/madridfansblog\/","name":"Madrid Fans Blog Proinca","description":"Pisos y apartamentos de alquiler en Madrid","publisher":{"@id":"https:\/\/www.proinca.es\/madridfansblog\/#organization"},"potentialAction":[{"@type":"SearchAction","target":{"@type":"EntryPoint","urlTemplate":"https:\/\/www.proinca.es\/madridfansblog\/?s={search_term_string}"},"query-input":{"@type":"PropertyValueSpecification","valueRequired":true,"valueName":"search_term_string"}}],"inLanguage":"es"},{"@type":"Organization","@id":"https:\/\/www.proinca.es\/madridfansblog\/#organization","name":"Proinca","url":"https:\/\/www.proinca.es\/madridfansblog\/","logo":{"@type":"ImageObject","inLanguage":"es","@id":"https:\/\/www.proinca.es\/madridfansblog\/#\/schema\/logo\/image\/","url":"https:\/\/www.proinca.es\/madridfansblog\/wp-content\/uploads\/2022\/03\/logo-proinca.jpg","contentUrl":"https:\/\/www.proinca.es\/madridfansblog\/wp-content\/uploads\/2022\/03\/logo-proinca.jpg","width":522,"height":250,"caption":"Proinca"},"image":{"@id":"https:\/\/www.proinca.es\/madridfansblog\/#\/schema\/logo\/image\/"}},{"@type":"Person","@id":"https:\/\/www.proinca.es\/madridfansblog\/#\/schema\/person\/8401adc89c0a0f5a3574c43326247f1e","name":"Ana Calero","image":{"@type":"ImageObject","inLanguage":"es","@id":"https:\/\/www.proinca.es\/madridfansblog\/wp-content\/litespeed\/avatar\/ef51b25c0718910f475570320941ef46.jpg?ver=1777379772","url":"https:\/\/www.proinca.es\/madridfansblog\/wp-content\/litespeed\/avatar\/ef51b25c0718910f475570320941ef46.jpg?ver=1777379772","contentUrl":"https:\/\/www.proinca.es\/madridfansblog\/wp-content\/litespeed\/avatar\/ef51b25c0718910f475570320941ef46.jpg?ver=1777379772","caption":"Ana Calero"},"description":"Licenciada en Ciencias Empresariales por la Universidad Aut\u00f3noma de Madrid. Forma parte del equipo de Apartamentos Proinca y es una enamorada de Madrid","sameAs":["https:\/\/www.proinca.es\/madridfansblog\/ana-calero\/"]}]}},"_links":{"self":[{"href":"https:\/\/www.proinca.es\/madridfansblog\/wp-json\/wp\/v2\/posts\/1150","targetHints":{"allow":["GET"]}}],"collection":[{"href":"https:\/\/www.proinca.es\/madridfansblog\/wp-json\/wp\/v2\/posts"}],"about":[{"href":"https:\/\/www.proinca.es\/madridfansblog\/wp-json\/wp\/v2\/types\/post"}],"author":[{"embeddable":true,"href":"https:\/\/www.proinca.es\/madridfansblog\/wp-json\/wp\/v2\/users\/4"}],"replies":[{"embeddable":true,"href":"https:\/\/www.proinca.es\/madridfansblog\/wp-json\/wp\/v2\/comments?post=1150"}],"version-history":[{"count":27,"href":"https:\/\/www.proinca.es\/madridfansblog\/wp-json\/wp\/v2\/posts\/1150\/revisions"}],"predecessor-version":[{"id":7691,"href":"https:\/\/www.proinca.es\/madridfansblog\/wp-json\/wp\/v2\/posts\/1150\/revisions\/7691"}],"wp:featuredmedia":[{"embeddable":true,"href":"https:\/\/www.proinca.es\/madridfansblog\/wp-json\/wp\/v2\/media\/7047"}],"wp:attachment":[{"href":"https:\/\/www.proinca.es\/madridfansblog\/wp-json\/wp\/v2\/media?parent=1150"}],"wp:term":[{"taxonomy":"category","embeddable":true,"href":"https:\/\/www.proinca.es\/madridfansblog\/wp-json\/wp\/v2\/categories?post=1150"},{"taxonomy":"post_tag","embeddable":true,"href":"https:\/\/www.proinca.es\/madridfansblog\/wp-json\/wp\/v2\/tags?post=1150"}],"curies":[{"name":"wp","href":"https:\/\/api.w.org\/{rel}","templated":true}]}}