{"id":1188,"date":"2013-02-21T10:15:43","date_gmt":"2013-02-21T09:15:43","guid":{"rendered":"http:\/\/www.proinca.es\/madridfansblog\/?p=1188"},"modified":"2025-05-28T13:48:07","modified_gmt":"2025-05-28T11:48:07","slug":"cafes-emblematicos-de-madrid-un-poco-de-historia-en-cada-taza","status":"publish","type":"post","link":"https:\/\/www.proinca.es\/madridfansblog\/cafes-emblematicos-de-madrid-un-poco-de-historia-en-cada-taza\/","title":{"rendered":"CAF\u00c9S EMBLEM\u00c1TICOS DE MADRID. UN POCO DE HISTORIA EN CADA TAZA."},"content":{"rendered":"<p>Bohemios, se\u00f1oriales, cl\u00e1sicos, que hablan por s\u00ed solos, con mucha solera y sobre todo, con mucha historia, en la mayor\u00eda, ligada de forma inevitable a la de nuestro pa\u00eds. Madrid cuenta con un pu\u00f1ado de <strong>caf\u00e9s emblem\u00e1ticos<\/strong> donde parece que se ha detenido el tiempo<!--more-->, rincones \u00a0en los que a\u00fan resuenan las palabras, tra\u00eddas por el recuerdo, de Jardiel Poncela o Francisco Umbral, donde tomar un caf\u00e9 en compa\u00f1\u00eda de un buen libro es un placer y donde todo, desde la iluminaci\u00f3n a la m\u00fasica, invita a una tarde de charla con amigos.<\/p>\n<p>Caf\u00e9 Comercial. Glorieta de Bilbao, 7. Una puerta giratoria nos introduce en el Madrid intelectual de la posguerra, el de las tertulias literarias a cargo de Antonio Machado, Blas de Otero o Camilo Jos\u00e9 Cela, aquel del que Jardiel Poncela e Ignacio Aldecoa eran habituales. Todo en este local sigue inalterable desde el d\u00eda de su fundaci\u00f3n, en marzo de 1887, y un amplio ventanal a la calle nos embelesa con ese ir y venir de los transe\u00fantes en Madrid. En el Comercial, adem\u00e1s de pasar la tarde tomando caf\u00e9, se puede jugar al ajedrez y disfrutar de exposiciones, coloquios e incluso sesiones de jazz.<\/p>\n<p>Caf\u00e9 Gij\u00f3n. Inaugurado en mayo de 1888 por un asturiano inmigrante en Cuba, hablar del n\u00famero 21 del Paseo Recoletos es hacerlo de Francisco Umbral, que como muchos otros encontr\u00f3 en el caf\u00e9 Gij\u00f3n una fuente de inspiraci\u00f3n y un lugar en el que quedarse. Antes que \u00e9l, otros nombres destacados del arte y las letras espa\u00f1olas, de la pol\u00edtica y la filosof\u00eda frecuentaron el lugar: Jos\u00e9 Canalejas, Valle-Incl\u00e1n, Severo Ochoa, G\u00f3mez de la Serna o los miembros de la Generaci\u00f3n del 27 son algunos ejemplos; las fotos que cuelgan de las paredes de este caf\u00e9 lo atestiguan y nos recuerdan la edad de oro madrile\u00f1a. Sigue constituyendo un lugar de encuentro para muchos j\u00f3venes literatos y artistas de la capital.<\/p>\n<p>El caf\u00e9 del C\u00edrculo de Bellas Artes. Aunque acceder al interior del caf\u00e9 ya cuesta dinero, un euro por persona, merece la pena pasar una tarde en la conocida popularmente como \u201cla pecera\u201d. A los pies de la calle Alcal\u00e1, en el n\u00famero 42, este caf\u00e9 recibe la visita de curiosos, escritores, actores e intelectuales que buscan un remanso de paz en medio del bullicioso Madrid. Famoso por su techo abovedado y adornado con frescos, este caf\u00e9 guarda en su interior la esencia de los caf\u00e9s de principios del siglo XX, adem\u00e1s de una c\u00e9lebre escultura, la de una mujer tendida, que data de 1910.<\/p>\n<p>Es una propuesta de <a href=\"http:\/\/www.proinca.es\/buscador-pisos\/tipo-0\/orden-tipo\/\">Proinca<\/a> <strong>pisos y apartamentos en alquiler en madrid<\/strong><\/p>\n<p>Foto de Antonio Jos\u00e9 Moubayed Hallak en Unsplash<\/p>\n\n\n<div class=\"kk-star-ratings kksr-auto kksr-align-left kksr-valign-bottom\"\n    data-payload='{&quot;align&quot;:&quot;left&quot;,&quot;id&quot;:&quot;1188&quot;,&quot;slug&quot;:&quot;default&quot;,&quot;valign&quot;:&quot;bottom&quot;,&quot;ignore&quot;:&quot;&quot;,&quot;reference&quot;:&quot;auto&quot;,&quot;class&quot;:&quot;&quot;,&quot;count&quot;:&quot;0&quot;,&quot;legendonly&quot;:&quot;&quot;,&quot;readonly&quot;:&quot;&quot;,&quot;score&quot;:&quot;0&quot;,&quot;starsonly&quot;:&quot;&quot;,&quot;best&quot;:&quot;5&quot;,&quot;gap&quot;:&quot;1&quot;,&quot;greet&quot;:&quot;Valora este art\u00edculo&quot;,&quot;legend&quot;:&quot;0\\\/5 - (0 votos)&quot;,&quot;size&quot;:&quot;24&quot;,&quot;title&quot;:&quot;CAF\u00c9S EMBLEM\u00c1TICOS DE MADRID. UN POCO DE HISTORIA EN CADA TAZA.&quot;,&quot;width&quot;:&quot;0&quot;,&quot;_legend&quot;:&quot;{score}\\\/{best} - ({count} {votes})&quot;,&quot;font_factor&quot;:&quot;1.25&quot;}'>\n            \n<div class=\"kksr-stars\">\n    \n<div class=\"kksr-stars-inactive\">\n            <div class=\"kksr-star\" data-star=\"1\" style=\"padding-right: 1px\">\n            \n\n<div class=\"kksr-icon\" style=\"width: 24px; height: 24px;\"><\/div>\n        <\/div>\n            <div class=\"kksr-star\" data-star=\"2\" style=\"padding-right: 1px\">\n            \n\n<div class=\"kksr-icon\" style=\"width: 24px; height: 24px;\"><\/div>\n        <\/div>\n            <div class=\"kksr-star\" data-star=\"3\" style=\"padding-right: 1px\">\n            \n\n<div class=\"kksr-icon\" style=\"width: 24px; height: 24px;\"><\/div>\n        <\/div>\n            <div class=\"kksr-star\" data-star=\"4\" style=\"padding-right: 1px\">\n            \n\n<div class=\"kksr-icon\" style=\"width: 24px; height: 24px;\"><\/div>\n        <\/div>\n            <div class=\"kksr-star\" data-star=\"5\" style=\"padding-right: 1px\">\n            \n\n<div class=\"kksr-icon\" style=\"width: 24px; height: 24px;\"><\/div>\n        <\/div>\n    <\/div>\n    \n<div class=\"kksr-stars-active\" style=\"width: 0px;\">\n            <div class=\"kksr-star\" style=\"padding-right: 1px\">\n            \n\n<div class=\"kksr-icon\" style=\"width: 24px; height: 24px;\"><\/div>\n        <\/div>\n            <div class=\"kksr-star\" style=\"padding-right: 1px\">\n            \n\n<div class=\"kksr-icon\" style=\"width: 24px; height: 24px;\"><\/div>\n        <\/div>\n            <div class=\"kksr-star\" style=\"padding-right: 1px\">\n            \n\n<div class=\"kksr-icon\" style=\"width: 24px; height: 24px;\"><\/div>\n        <\/div>\n            <div class=\"kksr-star\" style=\"padding-right: 1px\">\n            \n\n<div class=\"kksr-icon\" style=\"width: 24px; height: 24px;\"><\/div>\n        <\/div>\n            <div class=\"kksr-star\" style=\"padding-right: 1px\">\n            \n\n<div class=\"kksr-icon\" style=\"width: 24px; height: 24px;\"><\/div>\n        <\/div>\n    <\/div>\n<\/div>\n                \n\n<div class=\"kksr-legend\" style=\"font-size: 19.2px;\">\n            <span class=\"kksr-muted\">Valora este art\u00edculo<\/span>\n    <\/div>\n    <\/div>\n","protected":false},"excerpt":{"rendered":"<p>Bohemios, se\u00f1oriales, cl\u00e1sicos, que hablan por s\u00ed solos, con mucha  [&#8230;]<\/p>\n","protected":false},"author":4,"featured_media":7050,"comment_status":"closed","ping_status":"closed","sticky":false,"template":"","format":"standard","meta":{"footnotes":""},"categories":[79],"tags":[36,63,30,5,20,31],"class_list":["post-1188","post","type-post","status-publish","format-standard","has-post-thumbnail","hentry","category-vivir-madrid","tag-afterwork","tag-cultura","tag-gastronomia","tag-madrid","tag-ocio","tag-restaurantes"],"yoast_head":"<!-- This site is optimized with the Yoast SEO plugin v27.4 - https:\/\/yoast.com\/product\/yoast-seo-wordpress\/ -->\n<title>Caf\u00e9s madrid \/ Proinca pisos y apartamentos alquiler<\/title>\n<meta name=\"description\" content=\"Descubre los Caf\u00e9s emblem\u00e1ticos de Madrid con m\u00e1s de 100 a\u00f1os de historia y nombres ilustres entre sus clientes. Proinca pisos y apartamentos en alquiler Madrid\" \/>\n<meta name=\"robots\" content=\"index, follow, max-snippet:-1, max-image-preview:large, max-video-preview:-1\" \/>\n<link rel=\"canonical\" href=\"https:\/\/www.proinca.es\/madridfansblog\/cafes-emblematicos-de-madrid-un-poco-de-historia-en-cada-taza\/\" \/>\n<meta property=\"og:locale\" content=\"es_ES\" \/>\n<meta property=\"og:type\" content=\"article\" \/>\n<meta property=\"og:title\" content=\"Caf\u00e9s madrid \/ Proinca pisos y apartamentos alquiler\" \/>\n<meta property=\"og:description\" content=\"Descubre los Caf\u00e9s emblem\u00e1ticos de Madrid con m\u00e1s de 100 a\u00f1os de historia y nombres ilustres entre sus clientes. Proinca pisos y apartamentos en alquiler Madrid\" \/>\n<meta property=\"og:url\" content=\"https:\/\/www.proinca.es\/madridfansblog\/cafes-emblematicos-de-madrid-un-poco-de-historia-en-cada-taza\/\" \/>\n<meta property=\"og:site_name\" content=\"Blog Proinca Madrid\" \/>\n<meta property=\"article:published_time\" content=\"2013-02-21T09:15:43+00:00\" \/>\n<meta property=\"article:modified_time\" content=\"2025-05-28T11:48:07+00:00\" \/>\n<meta property=\"og:image\" content=\"https:\/\/www.proinca.es\/madridfansblog\/wp-content\/uploads\/2013\/02\/cafes-emblematicos.jpg\" \/>\n\t<meta property=\"og:image:width\" content=\"1000\" \/>\n\t<meta property=\"og:image:height\" content=\"667\" \/>\n\t<meta property=\"og:image:type\" content=\"image\/jpeg\" \/>\n<meta name=\"author\" content=\"Ana Calero\" \/>\n<script type=\"application\/ld+json\" class=\"yoast-schema-graph\">{\"@context\":\"https:\\\/\\\/schema.org\",\"@graph\":[{\"@type\":\"Article\",\"@id\":\"https:\\\/\\\/www.proinca.es\\\/madridfansblog\\\/cafes-emblematicos-de-madrid-un-poco-de-historia-en-cada-taza\\\/#article\",\"isPartOf\":{\"@id\":\"https:\\\/\\\/www.proinca.es\\\/madridfansblog\\\/cafes-emblematicos-de-madrid-un-poco-de-historia-en-cada-taza\\\/\"},\"author\":{\"name\":\"Ana Calero\",\"@id\":\"https:\\\/\\\/www.proinca.es\\\/madridfansblog\\\/#\\\/schema\\\/person\\\/8401adc89c0a0f5a3574c43326247f1e\"},\"headline\":\"CAF\u00c9S EMBLEM\u00c1TICOS DE MADRID. UN POCO DE HISTORIA EN CADA TAZA.\",\"datePublished\":\"2013-02-21T09:15:43+00:00\",\"dateModified\":\"2025-05-28T11:48:07+00:00\",\"mainEntityOfPage\":{\"@id\":\"https:\\\/\\\/www.proinca.es\\\/madridfansblog\\\/cafes-emblematicos-de-madrid-un-poco-de-historia-en-cada-taza\\\/\"},\"wordCount\":483,\"publisher\":{\"@id\":\"https:\\\/\\\/www.proinca.es\\\/madridfansblog\\\/#organization\"},\"image\":{\"@id\":\"https:\\\/\\\/www.proinca.es\\\/madridfansblog\\\/cafes-emblematicos-de-madrid-un-poco-de-historia-en-cada-taza\\\/#primaryimage\"},\"thumbnailUrl\":\"https:\\\/\\\/www.proinca.es\\\/madridfansblog\\\/wp-content\\\/uploads\\\/2013\\\/02\\\/cafes-emblematicos.jpg\",\"keywords\":[\"Afterwork\",\"Cultura\",\"Gastronom\u00eda\",\"Madrid\",\"Ocio\",\"Restaurantes\"],\"articleSection\":[\"VIVIR MADRID\"],\"inLanguage\":\"es\"},{\"@type\":\"WebPage\",\"@id\":\"https:\\\/\\\/www.proinca.es\\\/madridfansblog\\\/cafes-emblematicos-de-madrid-un-poco-de-historia-en-cada-taza\\\/\",\"url\":\"https:\\\/\\\/www.proinca.es\\\/madridfansblog\\\/cafes-emblematicos-de-madrid-un-poco-de-historia-en-cada-taza\\\/\",\"name\":\"Caf\u00e9s madrid \\\/ Proinca pisos y apartamentos alquiler\",\"isPartOf\":{\"@id\":\"https:\\\/\\\/www.proinca.es\\\/madridfansblog\\\/#website\"},\"primaryImageOfPage\":{\"@id\":\"https:\\\/\\\/www.proinca.es\\\/madridfansblog\\\/cafes-emblematicos-de-madrid-un-poco-de-historia-en-cada-taza\\\/#primaryimage\"},\"image\":{\"@id\":\"https:\\\/\\\/www.proinca.es\\\/madridfansblog\\\/cafes-emblematicos-de-madrid-un-poco-de-historia-en-cada-taza\\\/#primaryimage\"},\"thumbnailUrl\":\"https:\\\/\\\/www.proinca.es\\\/madridfansblog\\\/wp-content\\\/uploads\\\/2013\\\/02\\\/cafes-emblematicos.jpg\",\"datePublished\":\"2013-02-21T09:15:43+00:00\",\"dateModified\":\"2025-05-28T11:48:07+00:00\",\"description\":\"Descubre los Caf\u00e9s emblem\u00e1ticos de Madrid con m\u00e1s de 100 a\u00f1os de historia y nombres ilustres entre sus clientes. Proinca pisos y apartamentos en alquiler Madrid\",\"inLanguage\":\"es\",\"potentialAction\":[{\"@type\":\"ReadAction\",\"target\":[\"https:\\\/\\\/www.proinca.es\\\/madridfansblog\\\/cafes-emblematicos-de-madrid-un-poco-de-historia-en-cada-taza\\\/\"]}]},{\"@type\":\"ImageObject\",\"inLanguage\":\"es\",\"@id\":\"https:\\\/\\\/www.proinca.es\\\/madridfansblog\\\/cafes-emblematicos-de-madrid-un-poco-de-historia-en-cada-taza\\\/#primaryimage\",\"url\":\"https:\\\/\\\/www.proinca.es\\\/madridfansblog\\\/wp-content\\\/uploads\\\/2013\\\/02\\\/cafes-emblematicos.jpg\",\"contentUrl\":\"https:\\\/\\\/www.proinca.es\\\/madridfansblog\\\/wp-content\\\/uploads\\\/2013\\\/02\\\/cafes-emblematicos.jpg\",\"width\":1000,\"height\":667,\"caption\":\"Caf\u00e9s emblem\u00e1ticos de madrid. Un poco de historia en cada taza.\"},{\"@type\":\"WebSite\",\"@id\":\"https:\\\/\\\/www.proinca.es\\\/madridfansblog\\\/#website\",\"url\":\"https:\\\/\\\/www.proinca.es\\\/madridfansblog\\\/\",\"name\":\"Madrid Fans Blog Proinca\",\"description\":\"Pisos y apartamentos de alquiler en Madrid\",\"publisher\":{\"@id\":\"https:\\\/\\\/www.proinca.es\\\/madridfansblog\\\/#organization\"},\"potentialAction\":[{\"@type\":\"SearchAction\",\"target\":{\"@type\":\"EntryPoint\",\"urlTemplate\":\"https:\\\/\\\/www.proinca.es\\\/madridfansblog\\\/?s={search_term_string}\"},\"query-input\":{\"@type\":\"PropertyValueSpecification\",\"valueRequired\":true,\"valueName\":\"search_term_string\"}}],\"inLanguage\":\"es\"},{\"@type\":\"Organization\",\"@id\":\"https:\\\/\\\/www.proinca.es\\\/madridfansblog\\\/#organization\",\"name\":\"Proinca\",\"url\":\"https:\\\/\\\/www.proinca.es\\\/madridfansblog\\\/\",\"logo\":{\"@type\":\"ImageObject\",\"inLanguage\":\"es\",\"@id\":\"https:\\\/\\\/www.proinca.es\\\/madridfansblog\\\/#\\\/schema\\\/logo\\\/image\\\/\",\"url\":\"https:\\\/\\\/www.proinca.es\\\/madridfansblog\\\/wp-content\\\/uploads\\\/2022\\\/03\\\/logo-proinca.jpg\",\"contentUrl\":\"https:\\\/\\\/www.proinca.es\\\/madridfansblog\\\/wp-content\\\/uploads\\\/2022\\\/03\\\/logo-proinca.jpg\",\"width\":522,\"height\":250,\"caption\":\"Proinca\"},\"image\":{\"@id\":\"https:\\\/\\\/www.proinca.es\\\/madridfansblog\\\/#\\\/schema\\\/logo\\\/image\\\/\"}},{\"@type\":\"Person\",\"@id\":\"https:\\\/\\\/www.proinca.es\\\/madridfansblog\\\/#\\\/schema\\\/person\\\/8401adc89c0a0f5a3574c43326247f1e\",\"name\":\"Ana Calero\",\"image\":{\"@type\":\"ImageObject\",\"inLanguage\":\"es\",\"@id\":\"https:\\\/\\\/www.proinca.es\\\/madridfansblog\\\/wp-content\\\/litespeed\\\/avatar\\\/ef51b25c0718910f475570320941ef46.jpg?ver=1777379772\",\"url\":\"https:\\\/\\\/www.proinca.es\\\/madridfansblog\\\/wp-content\\\/litespeed\\\/avatar\\\/ef51b25c0718910f475570320941ef46.jpg?ver=1777379772\",\"contentUrl\":\"https:\\\/\\\/www.proinca.es\\\/madridfansblog\\\/wp-content\\\/litespeed\\\/avatar\\\/ef51b25c0718910f475570320941ef46.jpg?ver=1777379772\",\"caption\":\"Ana Calero\"},\"description\":\"Licenciada en Ciencias Empresariales por la Universidad Aut\u00f3noma de Madrid. Forma parte del equipo de Apartamentos Proinca y es una enamorada de Madrid\",\"sameAs\":[\"https:\\\/\\\/www.proinca.es\\\/madridfansblog\\\/ana-calero\\\/\"]}]}<\/script>\n<!-- \/ Yoast SEO plugin. -->","yoast_head_json":{"title":"Caf\u00e9s madrid \/ Proinca pisos y apartamentos alquiler","description":"Descubre los Caf\u00e9s emblem\u00e1ticos de Madrid con m\u00e1s de 100 a\u00f1os de historia y nombres ilustres entre sus clientes. Proinca pisos y apartamentos en alquiler Madrid","robots":{"index":"index","follow":"follow","max-snippet":"max-snippet:-1","max-image-preview":"max-image-preview:large","max-video-preview":"max-video-preview:-1"},"canonical":"https:\/\/www.proinca.es\/madridfansblog\/cafes-emblematicos-de-madrid-un-poco-de-historia-en-cada-taza\/","og_locale":"es_ES","og_type":"article","og_title":"Caf\u00e9s madrid \/ Proinca pisos y apartamentos alquiler","og_description":"Descubre los Caf\u00e9s emblem\u00e1ticos de Madrid con m\u00e1s de 100 a\u00f1os de historia y nombres ilustres entre sus clientes. Proinca pisos y apartamentos en alquiler Madrid","og_url":"https:\/\/www.proinca.es\/madridfansblog\/cafes-emblematicos-de-madrid-un-poco-de-historia-en-cada-taza\/","og_site_name":"Blog Proinca Madrid","article_published_time":"2013-02-21T09:15:43+00:00","article_modified_time":"2025-05-28T11:48:07+00:00","og_image":[{"width":1000,"height":667,"url":"https:\/\/www.proinca.es\/madridfansblog\/wp-content\/uploads\/2013\/02\/cafes-emblematicos.jpg","type":"image\/jpeg"}],"author":"Ana Calero","schema":{"@context":"https:\/\/schema.org","@graph":[{"@type":"Article","@id":"https:\/\/www.proinca.es\/madridfansblog\/cafes-emblematicos-de-madrid-un-poco-de-historia-en-cada-taza\/#article","isPartOf":{"@id":"https:\/\/www.proinca.es\/madridfansblog\/cafes-emblematicos-de-madrid-un-poco-de-historia-en-cada-taza\/"},"author":{"name":"Ana Calero","@id":"https:\/\/www.proinca.es\/madridfansblog\/#\/schema\/person\/8401adc89c0a0f5a3574c43326247f1e"},"headline":"CAF\u00c9S EMBLEM\u00c1TICOS DE MADRID. UN POCO DE HISTORIA EN CADA TAZA.","datePublished":"2013-02-21T09:15:43+00:00","dateModified":"2025-05-28T11:48:07+00:00","mainEntityOfPage":{"@id":"https:\/\/www.proinca.es\/madridfansblog\/cafes-emblematicos-de-madrid-un-poco-de-historia-en-cada-taza\/"},"wordCount":483,"publisher":{"@id":"https:\/\/www.proinca.es\/madridfansblog\/#organization"},"image":{"@id":"https:\/\/www.proinca.es\/madridfansblog\/cafes-emblematicos-de-madrid-un-poco-de-historia-en-cada-taza\/#primaryimage"},"thumbnailUrl":"https:\/\/www.proinca.es\/madridfansblog\/wp-content\/uploads\/2013\/02\/cafes-emblematicos.jpg","keywords":["Afterwork","Cultura","Gastronom\u00eda","Madrid","Ocio","Restaurantes"],"articleSection":["VIVIR MADRID"],"inLanguage":"es"},{"@type":"WebPage","@id":"https:\/\/www.proinca.es\/madridfansblog\/cafes-emblematicos-de-madrid-un-poco-de-historia-en-cada-taza\/","url":"https:\/\/www.proinca.es\/madridfansblog\/cafes-emblematicos-de-madrid-un-poco-de-historia-en-cada-taza\/","name":"Caf\u00e9s madrid \/ Proinca pisos y apartamentos alquiler","isPartOf":{"@id":"https:\/\/www.proinca.es\/madridfansblog\/#website"},"primaryImageOfPage":{"@id":"https:\/\/www.proinca.es\/madridfansblog\/cafes-emblematicos-de-madrid-un-poco-de-historia-en-cada-taza\/#primaryimage"},"image":{"@id":"https:\/\/www.proinca.es\/madridfansblog\/cafes-emblematicos-de-madrid-un-poco-de-historia-en-cada-taza\/#primaryimage"},"thumbnailUrl":"https:\/\/www.proinca.es\/madridfansblog\/wp-content\/uploads\/2013\/02\/cafes-emblematicos.jpg","datePublished":"2013-02-21T09:15:43+00:00","dateModified":"2025-05-28T11:48:07+00:00","description":"Descubre los Caf\u00e9s emblem\u00e1ticos de Madrid con m\u00e1s de 100 a\u00f1os de historia y nombres ilustres entre sus clientes. Proinca pisos y apartamentos en alquiler Madrid","inLanguage":"es","potentialAction":[{"@type":"ReadAction","target":["https:\/\/www.proinca.es\/madridfansblog\/cafes-emblematicos-de-madrid-un-poco-de-historia-en-cada-taza\/"]}]},{"@type":"ImageObject","inLanguage":"es","@id":"https:\/\/www.proinca.es\/madridfansblog\/cafes-emblematicos-de-madrid-un-poco-de-historia-en-cada-taza\/#primaryimage","url":"https:\/\/www.proinca.es\/madridfansblog\/wp-content\/uploads\/2013\/02\/cafes-emblematicos.jpg","contentUrl":"https:\/\/www.proinca.es\/madridfansblog\/wp-content\/uploads\/2013\/02\/cafes-emblematicos.jpg","width":1000,"height":667,"caption":"Caf\u00e9s emblem\u00e1ticos de madrid. Un poco de historia en cada taza."},{"@type":"WebSite","@id":"https:\/\/www.proinca.es\/madridfansblog\/#website","url":"https:\/\/www.proinca.es\/madridfansblog\/","name":"Madrid Fans Blog Proinca","description":"Pisos y apartamentos de alquiler en Madrid","publisher":{"@id":"https:\/\/www.proinca.es\/madridfansblog\/#organization"},"potentialAction":[{"@type":"SearchAction","target":{"@type":"EntryPoint","urlTemplate":"https:\/\/www.proinca.es\/madridfansblog\/?s={search_term_string}"},"query-input":{"@type":"PropertyValueSpecification","valueRequired":true,"valueName":"search_term_string"}}],"inLanguage":"es"},{"@type":"Organization","@id":"https:\/\/www.proinca.es\/madridfansblog\/#organization","name":"Proinca","url":"https:\/\/www.proinca.es\/madridfansblog\/","logo":{"@type":"ImageObject","inLanguage":"es","@id":"https:\/\/www.proinca.es\/madridfansblog\/#\/schema\/logo\/image\/","url":"https:\/\/www.proinca.es\/madridfansblog\/wp-content\/uploads\/2022\/03\/logo-proinca.jpg","contentUrl":"https:\/\/www.proinca.es\/madridfansblog\/wp-content\/uploads\/2022\/03\/logo-proinca.jpg","width":522,"height":250,"caption":"Proinca"},"image":{"@id":"https:\/\/www.proinca.es\/madridfansblog\/#\/schema\/logo\/image\/"}},{"@type":"Person","@id":"https:\/\/www.proinca.es\/madridfansblog\/#\/schema\/person\/8401adc89c0a0f5a3574c43326247f1e","name":"Ana Calero","image":{"@type":"ImageObject","inLanguage":"es","@id":"https:\/\/www.proinca.es\/madridfansblog\/wp-content\/litespeed\/avatar\/ef51b25c0718910f475570320941ef46.jpg?ver=1777379772","url":"https:\/\/www.proinca.es\/madridfansblog\/wp-content\/litespeed\/avatar\/ef51b25c0718910f475570320941ef46.jpg?ver=1777379772","contentUrl":"https:\/\/www.proinca.es\/madridfansblog\/wp-content\/litespeed\/avatar\/ef51b25c0718910f475570320941ef46.jpg?ver=1777379772","caption":"Ana Calero"},"description":"Licenciada en Ciencias Empresariales por la Universidad Aut\u00f3noma de Madrid. Forma parte del equipo de Apartamentos Proinca y es una enamorada de Madrid","sameAs":["https:\/\/www.proinca.es\/madridfansblog\/ana-calero\/"]}]}},"_links":{"self":[{"href":"https:\/\/www.proinca.es\/madridfansblog\/wp-json\/wp\/v2\/posts\/1188","targetHints":{"allow":["GET"]}}],"collection":[{"href":"https:\/\/www.proinca.es\/madridfansblog\/wp-json\/wp\/v2\/posts"}],"about":[{"href":"https:\/\/www.proinca.es\/madridfansblog\/wp-json\/wp\/v2\/types\/post"}],"author":[{"embeddable":true,"href":"https:\/\/www.proinca.es\/madridfansblog\/wp-json\/wp\/v2\/users\/4"}],"replies":[{"embeddable":true,"href":"https:\/\/www.proinca.es\/madridfansblog\/wp-json\/wp\/v2\/comments?post=1188"}],"version-history":[{"count":13,"href":"https:\/\/www.proinca.es\/madridfansblog\/wp-json\/wp\/v2\/posts\/1188\/revisions"}],"predecessor-version":[{"id":7689,"href":"https:\/\/www.proinca.es\/madridfansblog\/wp-json\/wp\/v2\/posts\/1188\/revisions\/7689"}],"wp:featuredmedia":[{"embeddable":true,"href":"https:\/\/www.proinca.es\/madridfansblog\/wp-json\/wp\/v2\/media\/7050"}],"wp:attachment":[{"href":"https:\/\/www.proinca.es\/madridfansblog\/wp-json\/wp\/v2\/media?parent=1188"}],"wp:term":[{"taxonomy":"category","embeddable":true,"href":"https:\/\/www.proinca.es\/madridfansblog\/wp-json\/wp\/v2\/categories?post=1188"},{"taxonomy":"post_tag","embeddable":true,"href":"https:\/\/www.proinca.es\/madridfansblog\/wp-json\/wp\/v2\/tags?post=1188"}],"curies":[{"name":"wp","href":"https:\/\/api.w.org\/{rel}","templated":true}]}}