{"id":1200,"date":"2013-02-25T10:35:20","date_gmt":"2013-02-25T09:35:20","guid":{"rendered":"http:\/\/www.proinca.es\/madridfansblog\/?p=1200"},"modified":"2025-05-28T15:52:22","modified_gmt":"2025-05-28T13:52:22","slug":"un-viaje-alucinante-sin-moverte-local-de-moda-en-madrid","status":"publish","type":"post","link":"https:\/\/www.proinca.es\/madridfansblog\/un-viaje-alucinante-sin-moverte-local-de-moda-en-madrid\/","title":{"rendered":"UN VIAJE ALUCINANTE SIN MOVERTE. LOCAL DE MODA EN MADRID"},"content":{"rendered":"<p>The Passenger es el nuevo <strong>local de moda en Madrid<\/strong>, en la calle del Pez (n\u00famero 16), no por sus perfectos <em>gin-tonics<\/em> a 6 euros, que tambi\u00e9n, ni por ser el nuevo reclamo de los \u201cmodernos\u201d, sino porque The Passengers es un aut\u00e9ntico vag\u00f3n-comedor de tren que te permite realizar un incre\u00edble viaje virtual<!--more-->, acompa\u00f1ado de <em>ecobrownies<\/em> por la ma\u00f1ana y de un Premiums Gins por la noche. Pensar\u00e1s que nos hemos vuelto locos, tranquilo, te lo explicamos. Este local, decorado con un gusto est\u00e9tico asombroso, cuenta con ventanales que nos muestran aquellos paisajes que atravesamos en nuestro recorrido por tierras lejanas, desde Rusia a Jap\u00f3n, y no es que se trate de realmente un tren y vayamos a montarnos en la calle del Pez y aparecer en Mongolia a cambio de una consumici\u00f3n (\u00a1eso ser\u00eda estupendo!), es que las ventanas son en realidad pantallas sobre las que se proyectan im\u00e1genes grabadas por trenes reales en movimiento. La variedad marca la tendencia de este local, no solo en recorridos, sino en bebidas, incluidos los c\u00f3cteles, estilos musicales y ambientes. Vamos, que si eres un animal nocturno, tienes que acudir ya a este local, \u00a1no seas el \u00faltimo en hacerlo!<\/p>\n<p>Informaci\u00f3n patrocinada por <a href=\"www.proinca.es\">Proinca<\/a> <strong>apartamentos en alquiler en Madrid<\/strong><\/p>\n<p>Foto de Jez Timms en Unsplash<\/p>\n\n\n<div class=\"kk-star-ratings kksr-auto kksr-align-left kksr-valign-bottom\"\n    data-payload='{&quot;align&quot;:&quot;left&quot;,&quot;id&quot;:&quot;1200&quot;,&quot;slug&quot;:&quot;default&quot;,&quot;valign&quot;:&quot;bottom&quot;,&quot;ignore&quot;:&quot;&quot;,&quot;reference&quot;:&quot;auto&quot;,&quot;class&quot;:&quot;&quot;,&quot;count&quot;:&quot;0&quot;,&quot;legendonly&quot;:&quot;&quot;,&quot;readonly&quot;:&quot;&quot;,&quot;score&quot;:&quot;0&quot;,&quot;starsonly&quot;:&quot;&quot;,&quot;best&quot;:&quot;5&quot;,&quot;gap&quot;:&quot;1&quot;,&quot;greet&quot;:&quot;Valora este art\u00edculo&quot;,&quot;legend&quot;:&quot;0\\\/5 - (0 votos)&quot;,&quot;size&quot;:&quot;24&quot;,&quot;title&quot;:&quot;UN VIAJE ALUCINANTE SIN MOVERTE. LOCAL DE MODA EN MADRID&quot;,&quot;width&quot;:&quot;0&quot;,&quot;_legend&quot;:&quot;{score}\\\/{best} - ({count} {votes})&quot;,&quot;font_factor&quot;:&quot;1.25&quot;}'>\n            \n<div class=\"kksr-stars\">\n    \n<div class=\"kksr-stars-inactive\">\n            <div class=\"kksr-star\" data-star=\"1\" style=\"padding-right: 1px\">\n            \n\n<div class=\"kksr-icon\" style=\"width: 24px; height: 24px;\"><\/div>\n        <\/div>\n            <div class=\"kksr-star\" data-star=\"2\" style=\"padding-right: 1px\">\n            \n\n<div class=\"kksr-icon\" style=\"width: 24px; height: 24px;\"><\/div>\n        <\/div>\n            <div class=\"kksr-star\" data-star=\"3\" style=\"padding-right: 1px\">\n            \n\n<div class=\"kksr-icon\" style=\"width: 24px; height: 24px;\"><\/div>\n        <\/div>\n            <div class=\"kksr-star\" data-star=\"4\" style=\"padding-right: 1px\">\n            \n\n<div class=\"kksr-icon\" style=\"width: 24px; height: 24px;\"><\/div>\n        <\/div>\n            <div class=\"kksr-star\" data-star=\"5\" style=\"padding-right: 1px\">\n            \n\n<div class=\"kksr-icon\" style=\"width: 24px; height: 24px;\"><\/div>\n        <\/div>\n    <\/div>\n    \n<div class=\"kksr-stars-active\" style=\"width: 0px;\">\n            <div class=\"kksr-star\" style=\"padding-right: 1px\">\n            \n\n<div class=\"kksr-icon\" style=\"width: 24px; height: 24px;\"><\/div>\n        <\/div>\n            <div class=\"kksr-star\" style=\"padding-right: 1px\">\n            \n\n<div class=\"kksr-icon\" style=\"width: 24px; height: 24px;\"><\/div>\n        <\/div>\n            <div class=\"kksr-star\" style=\"padding-right: 1px\">\n            \n\n<div class=\"kksr-icon\" style=\"width: 24px; height: 24px;\"><\/div>\n        <\/div>\n            <div class=\"kksr-star\" style=\"padding-right: 1px\">\n            \n\n<div class=\"kksr-icon\" style=\"width: 24px; height: 24px;\"><\/div>\n        <\/div>\n            <div class=\"kksr-star\" style=\"padding-right: 1px\">\n            \n\n<div class=\"kksr-icon\" style=\"width: 24px; height: 24px;\"><\/div>\n        <\/div>\n    <\/div>\n<\/div>\n                \n\n<div class=\"kksr-legend\" style=\"font-size: 19.2px;\">\n            <span class=\"kksr-muted\">Valora este art\u00edculo<\/span>\n    <\/div>\n    <\/div>\n","protected":false},"excerpt":{"rendered":"<p>The Passenger es el nuevo local de moda en Madrid,  [&#8230;]<\/p>\n","protected":false},"author":4,"featured_media":7426,"comment_status":"closed","ping_status":"closed","sticky":false,"template":"","format":"standard","meta":{"footnotes":""},"categories":[79],"tags":[36,21,5,20],"class_list":["post-1200","post","type-post","status-publish","format-standard","has-post-thumbnail","hentry","category-vivir-madrid","tag-afterwork","tag-de-copas","tag-madrid","tag-ocio"],"yoast_head":"<!-- This site is optimized with the Yoast SEO plugin v27.4 - https:\/\/yoast.com\/product\/yoast-seo-wordpress\/ -->\n<title>Local de moda en Madrid \/ Proinca apartamentos en alquiler<\/title>\n<meta name=\"description\" content=\"The Passenger local de moda en Madrid donde podr\u00e1s realizar alucinantes viajes en tren mientras tomas un fant\u00e1stico gintonic . Proinca apartamentos en alquiler\" \/>\n<meta name=\"robots\" content=\"index, follow, max-snippet:-1, max-image-preview:large, max-video-preview:-1\" \/>\n<link rel=\"canonical\" href=\"https:\/\/www.proinca.es\/madridfansblog\/un-viaje-alucinante-sin-moverte-local-de-moda-en-madrid\/\" \/>\n<meta property=\"og:locale\" content=\"es_ES\" \/>\n<meta property=\"og:type\" content=\"article\" \/>\n<meta property=\"og:title\" content=\"Local de moda en Madrid \/ Proinca apartamentos en alquiler\" \/>\n<meta property=\"og:description\" content=\"The Passenger local de moda en Madrid donde podr\u00e1s realizar alucinantes viajes en tren mientras tomas un fant\u00e1stico gintonic . Proinca apartamentos en alquiler\" \/>\n<meta property=\"og:url\" content=\"https:\/\/www.proinca.es\/madridfansblog\/un-viaje-alucinante-sin-moverte-local-de-moda-en-madrid\/\" \/>\n<meta property=\"og:site_name\" content=\"Blog Proinca Madrid\" \/>\n<meta property=\"article:published_time\" content=\"2013-02-25T09:35:20+00:00\" \/>\n<meta property=\"article:modified_time\" content=\"2025-05-28T13:52:22+00:00\" \/>\n<meta property=\"og:image\" content=\"https:\/\/www.proinca.es\/madridfansblog\/wp-content\/uploads\/2013\/02\/local-de-moda.jpg\" \/>\n\t<meta property=\"og:image:width\" content=\"1000\" \/>\n\t<meta property=\"og:image:height\" content=\"1000\" \/>\n\t<meta property=\"og:image:type\" content=\"image\/jpeg\" \/>\n<meta name=\"author\" content=\"Ana Calero\" \/>\n<script type=\"application\/ld+json\" class=\"yoast-schema-graph\">{\"@context\":\"https:\\\/\\\/schema.org\",\"@graph\":[{\"@type\":\"Article\",\"@id\":\"https:\\\/\\\/www.proinca.es\\\/madridfansblog\\\/un-viaje-alucinante-sin-moverte-local-de-moda-en-madrid\\\/#article\",\"isPartOf\":{\"@id\":\"https:\\\/\\\/www.proinca.es\\\/madridfansblog\\\/un-viaje-alucinante-sin-moverte-local-de-moda-en-madrid\\\/\"},\"author\":{\"name\":\"Ana Calero\",\"@id\":\"https:\\\/\\\/www.proinca.es\\\/madridfansblog\\\/#\\\/schema\\\/person\\\/8401adc89c0a0f5a3574c43326247f1e\"},\"headline\":\"UN VIAJE ALUCINANTE SIN MOVERTE. LOCAL DE MODA EN MADRID\",\"datePublished\":\"2013-02-25T09:35:20+00:00\",\"dateModified\":\"2025-05-28T13:52:22+00:00\",\"mainEntityOfPage\":{\"@id\":\"https:\\\/\\\/www.proinca.es\\\/madridfansblog\\\/un-viaje-alucinante-sin-moverte-local-de-moda-en-madrid\\\/\"},\"wordCount\":237,\"publisher\":{\"@id\":\"https:\\\/\\\/www.proinca.es\\\/madridfansblog\\\/#organization\"},\"image\":{\"@id\":\"https:\\\/\\\/www.proinca.es\\\/madridfansblog\\\/un-viaje-alucinante-sin-moverte-local-de-moda-en-madrid\\\/#primaryimage\"},\"thumbnailUrl\":\"https:\\\/\\\/www.proinca.es\\\/madridfansblog\\\/wp-content\\\/uploads\\\/2013\\\/02\\\/local-de-moda.jpg\",\"keywords\":[\"Afterwork\",\"De copas\",\"Madrid\",\"Ocio\"],\"articleSection\":[\"VIVIR MADRID\"],\"inLanguage\":\"es\"},{\"@type\":\"WebPage\",\"@id\":\"https:\\\/\\\/www.proinca.es\\\/madridfansblog\\\/un-viaje-alucinante-sin-moverte-local-de-moda-en-madrid\\\/\",\"url\":\"https:\\\/\\\/www.proinca.es\\\/madridfansblog\\\/un-viaje-alucinante-sin-moverte-local-de-moda-en-madrid\\\/\",\"name\":\"Local de moda en Madrid \\\/ Proinca apartamentos en alquiler\",\"isPartOf\":{\"@id\":\"https:\\\/\\\/www.proinca.es\\\/madridfansblog\\\/#website\"},\"primaryImageOfPage\":{\"@id\":\"https:\\\/\\\/www.proinca.es\\\/madridfansblog\\\/un-viaje-alucinante-sin-moverte-local-de-moda-en-madrid\\\/#primaryimage\"},\"image\":{\"@id\":\"https:\\\/\\\/www.proinca.es\\\/madridfansblog\\\/un-viaje-alucinante-sin-moverte-local-de-moda-en-madrid\\\/#primaryimage\"},\"thumbnailUrl\":\"https:\\\/\\\/www.proinca.es\\\/madridfansblog\\\/wp-content\\\/uploads\\\/2013\\\/02\\\/local-de-moda.jpg\",\"datePublished\":\"2013-02-25T09:35:20+00:00\",\"dateModified\":\"2025-05-28T13:52:22+00:00\",\"description\":\"The Passenger local de moda en Madrid donde podr\u00e1s realizar alucinantes viajes en tren mientras tomas un fant\u00e1stico gintonic . Proinca apartamentos en alquiler\",\"inLanguage\":\"es\",\"potentialAction\":[{\"@type\":\"ReadAction\",\"target\":[\"https:\\\/\\\/www.proinca.es\\\/madridfansblog\\\/un-viaje-alucinante-sin-moverte-local-de-moda-en-madrid\\\/\"]}]},{\"@type\":\"ImageObject\",\"inLanguage\":\"es\",\"@id\":\"https:\\\/\\\/www.proinca.es\\\/madridfansblog\\\/un-viaje-alucinante-sin-moverte-local-de-moda-en-madrid\\\/#primaryimage\",\"url\":\"https:\\\/\\\/www.proinca.es\\\/madridfansblog\\\/wp-content\\\/uploads\\\/2013\\\/02\\\/local-de-moda.jpg\",\"contentUrl\":\"https:\\\/\\\/www.proinca.es\\\/madridfansblog\\\/wp-content\\\/uploads\\\/2013\\\/02\\\/local-de-moda.jpg\",\"width\":1000,\"height\":1000,\"caption\":\"Un viaje alucinante sin moverte. Local de moda en Madrid\"},{\"@type\":\"WebSite\",\"@id\":\"https:\\\/\\\/www.proinca.es\\\/madridfansblog\\\/#website\",\"url\":\"https:\\\/\\\/www.proinca.es\\\/madridfansblog\\\/\",\"name\":\"Madrid Fans Blog Proinca\",\"description\":\"Pisos y apartamentos de alquiler en Madrid\",\"publisher\":{\"@id\":\"https:\\\/\\\/www.proinca.es\\\/madridfansblog\\\/#organization\"},\"potentialAction\":[{\"@type\":\"SearchAction\",\"target\":{\"@type\":\"EntryPoint\",\"urlTemplate\":\"https:\\\/\\\/www.proinca.es\\\/madridfansblog\\\/?s={search_term_string}\"},\"query-input\":{\"@type\":\"PropertyValueSpecification\",\"valueRequired\":true,\"valueName\":\"search_term_string\"}}],\"inLanguage\":\"es\"},{\"@type\":\"Organization\",\"@id\":\"https:\\\/\\\/www.proinca.es\\\/madridfansblog\\\/#organization\",\"name\":\"Proinca\",\"url\":\"https:\\\/\\\/www.proinca.es\\\/madridfansblog\\\/\",\"logo\":{\"@type\":\"ImageObject\",\"inLanguage\":\"es\",\"@id\":\"https:\\\/\\\/www.proinca.es\\\/madridfansblog\\\/#\\\/schema\\\/logo\\\/image\\\/\",\"url\":\"https:\\\/\\\/www.proinca.es\\\/madridfansblog\\\/wp-content\\\/uploads\\\/2022\\\/03\\\/logo-proinca.jpg\",\"contentUrl\":\"https:\\\/\\\/www.proinca.es\\\/madridfansblog\\\/wp-content\\\/uploads\\\/2022\\\/03\\\/logo-proinca.jpg\",\"width\":522,\"height\":250,\"caption\":\"Proinca\"},\"image\":{\"@id\":\"https:\\\/\\\/www.proinca.es\\\/madridfansblog\\\/#\\\/schema\\\/logo\\\/image\\\/\"}},{\"@type\":\"Person\",\"@id\":\"https:\\\/\\\/www.proinca.es\\\/madridfansblog\\\/#\\\/schema\\\/person\\\/8401adc89c0a0f5a3574c43326247f1e\",\"name\":\"Ana Calero\",\"image\":{\"@type\":\"ImageObject\",\"inLanguage\":\"es\",\"@id\":\"https:\\\/\\\/www.proinca.es\\\/madridfansblog\\\/wp-content\\\/litespeed\\\/avatar\\\/ef51b25c0718910f475570320941ef46.jpg?ver=1777379772\",\"url\":\"https:\\\/\\\/www.proinca.es\\\/madridfansblog\\\/wp-content\\\/litespeed\\\/avatar\\\/ef51b25c0718910f475570320941ef46.jpg?ver=1777379772\",\"contentUrl\":\"https:\\\/\\\/www.proinca.es\\\/madridfansblog\\\/wp-content\\\/litespeed\\\/avatar\\\/ef51b25c0718910f475570320941ef46.jpg?ver=1777379772\",\"caption\":\"Ana Calero\"},\"description\":\"Licenciada en Ciencias Empresariales por la Universidad Aut\u00f3noma de Madrid. Forma parte del equipo de Apartamentos Proinca y es una enamorada de Madrid\",\"sameAs\":[\"https:\\\/\\\/www.proinca.es\\\/madridfansblog\\\/ana-calero\\\/\"]}]}<\/script>\n<!-- \/ Yoast SEO plugin. -->","yoast_head_json":{"title":"Local de moda en Madrid \/ Proinca apartamentos en alquiler","description":"The Passenger local de moda en Madrid donde podr\u00e1s realizar alucinantes viajes en tren mientras tomas un fant\u00e1stico gintonic . Proinca apartamentos en alquiler","robots":{"index":"index","follow":"follow","max-snippet":"max-snippet:-1","max-image-preview":"max-image-preview:large","max-video-preview":"max-video-preview:-1"},"canonical":"https:\/\/www.proinca.es\/madridfansblog\/un-viaje-alucinante-sin-moverte-local-de-moda-en-madrid\/","og_locale":"es_ES","og_type":"article","og_title":"Local de moda en Madrid \/ Proinca apartamentos en alquiler","og_description":"The Passenger local de moda en Madrid donde podr\u00e1s realizar alucinantes viajes en tren mientras tomas un fant\u00e1stico gintonic . Proinca apartamentos en alquiler","og_url":"https:\/\/www.proinca.es\/madridfansblog\/un-viaje-alucinante-sin-moverte-local-de-moda-en-madrid\/","og_site_name":"Blog Proinca Madrid","article_published_time":"2013-02-25T09:35:20+00:00","article_modified_time":"2025-05-28T13:52:22+00:00","og_image":[{"width":1000,"height":1000,"url":"https:\/\/www.proinca.es\/madridfansblog\/wp-content\/uploads\/2013\/02\/local-de-moda.jpg","type":"image\/jpeg"}],"author":"Ana Calero","schema":{"@context":"https:\/\/schema.org","@graph":[{"@type":"Article","@id":"https:\/\/www.proinca.es\/madridfansblog\/un-viaje-alucinante-sin-moverte-local-de-moda-en-madrid\/#article","isPartOf":{"@id":"https:\/\/www.proinca.es\/madridfansblog\/un-viaje-alucinante-sin-moverte-local-de-moda-en-madrid\/"},"author":{"name":"Ana Calero","@id":"https:\/\/www.proinca.es\/madridfansblog\/#\/schema\/person\/8401adc89c0a0f5a3574c43326247f1e"},"headline":"UN VIAJE ALUCINANTE SIN MOVERTE. LOCAL DE MODA EN MADRID","datePublished":"2013-02-25T09:35:20+00:00","dateModified":"2025-05-28T13:52:22+00:00","mainEntityOfPage":{"@id":"https:\/\/www.proinca.es\/madridfansblog\/un-viaje-alucinante-sin-moverte-local-de-moda-en-madrid\/"},"wordCount":237,"publisher":{"@id":"https:\/\/www.proinca.es\/madridfansblog\/#organization"},"image":{"@id":"https:\/\/www.proinca.es\/madridfansblog\/un-viaje-alucinante-sin-moverte-local-de-moda-en-madrid\/#primaryimage"},"thumbnailUrl":"https:\/\/www.proinca.es\/madridfansblog\/wp-content\/uploads\/2013\/02\/local-de-moda.jpg","keywords":["Afterwork","De copas","Madrid","Ocio"],"articleSection":["VIVIR MADRID"],"inLanguage":"es"},{"@type":"WebPage","@id":"https:\/\/www.proinca.es\/madridfansblog\/un-viaje-alucinante-sin-moverte-local-de-moda-en-madrid\/","url":"https:\/\/www.proinca.es\/madridfansblog\/un-viaje-alucinante-sin-moverte-local-de-moda-en-madrid\/","name":"Local de moda en Madrid \/ Proinca apartamentos en alquiler","isPartOf":{"@id":"https:\/\/www.proinca.es\/madridfansblog\/#website"},"primaryImageOfPage":{"@id":"https:\/\/www.proinca.es\/madridfansblog\/un-viaje-alucinante-sin-moverte-local-de-moda-en-madrid\/#primaryimage"},"image":{"@id":"https:\/\/www.proinca.es\/madridfansblog\/un-viaje-alucinante-sin-moverte-local-de-moda-en-madrid\/#primaryimage"},"thumbnailUrl":"https:\/\/www.proinca.es\/madridfansblog\/wp-content\/uploads\/2013\/02\/local-de-moda.jpg","datePublished":"2013-02-25T09:35:20+00:00","dateModified":"2025-05-28T13:52:22+00:00","description":"The Passenger local de moda en Madrid donde podr\u00e1s realizar alucinantes viajes en tren mientras tomas un fant\u00e1stico gintonic . Proinca apartamentos en alquiler","inLanguage":"es","potentialAction":[{"@type":"ReadAction","target":["https:\/\/www.proinca.es\/madridfansblog\/un-viaje-alucinante-sin-moverte-local-de-moda-en-madrid\/"]}]},{"@type":"ImageObject","inLanguage":"es","@id":"https:\/\/www.proinca.es\/madridfansblog\/un-viaje-alucinante-sin-moverte-local-de-moda-en-madrid\/#primaryimage","url":"https:\/\/www.proinca.es\/madridfansblog\/wp-content\/uploads\/2013\/02\/local-de-moda.jpg","contentUrl":"https:\/\/www.proinca.es\/madridfansblog\/wp-content\/uploads\/2013\/02\/local-de-moda.jpg","width":1000,"height":1000,"caption":"Un viaje alucinante sin moverte. Local de moda en Madrid"},{"@type":"WebSite","@id":"https:\/\/www.proinca.es\/madridfansblog\/#website","url":"https:\/\/www.proinca.es\/madridfansblog\/","name":"Madrid Fans Blog Proinca","description":"Pisos y apartamentos de alquiler en Madrid","publisher":{"@id":"https:\/\/www.proinca.es\/madridfansblog\/#organization"},"potentialAction":[{"@type":"SearchAction","target":{"@type":"EntryPoint","urlTemplate":"https:\/\/www.proinca.es\/madridfansblog\/?s={search_term_string}"},"query-input":{"@type":"PropertyValueSpecification","valueRequired":true,"valueName":"search_term_string"}}],"inLanguage":"es"},{"@type":"Organization","@id":"https:\/\/www.proinca.es\/madridfansblog\/#organization","name":"Proinca","url":"https:\/\/www.proinca.es\/madridfansblog\/","logo":{"@type":"ImageObject","inLanguage":"es","@id":"https:\/\/www.proinca.es\/madridfansblog\/#\/schema\/logo\/image\/","url":"https:\/\/www.proinca.es\/madridfansblog\/wp-content\/uploads\/2022\/03\/logo-proinca.jpg","contentUrl":"https:\/\/www.proinca.es\/madridfansblog\/wp-content\/uploads\/2022\/03\/logo-proinca.jpg","width":522,"height":250,"caption":"Proinca"},"image":{"@id":"https:\/\/www.proinca.es\/madridfansblog\/#\/schema\/logo\/image\/"}},{"@type":"Person","@id":"https:\/\/www.proinca.es\/madridfansblog\/#\/schema\/person\/8401adc89c0a0f5a3574c43326247f1e","name":"Ana Calero","image":{"@type":"ImageObject","inLanguage":"es","@id":"https:\/\/www.proinca.es\/madridfansblog\/wp-content\/litespeed\/avatar\/ef51b25c0718910f475570320941ef46.jpg?ver=1777379772","url":"https:\/\/www.proinca.es\/madridfansblog\/wp-content\/litespeed\/avatar\/ef51b25c0718910f475570320941ef46.jpg?ver=1777379772","contentUrl":"https:\/\/www.proinca.es\/madridfansblog\/wp-content\/litespeed\/avatar\/ef51b25c0718910f475570320941ef46.jpg?ver=1777379772","caption":"Ana Calero"},"description":"Licenciada en Ciencias Empresariales por la Universidad Aut\u00f3noma de Madrid. Forma parte del equipo de Apartamentos Proinca y es una enamorada de Madrid","sameAs":["https:\/\/www.proinca.es\/madridfansblog\/ana-calero\/"]}]}},"_links":{"self":[{"href":"https:\/\/www.proinca.es\/madridfansblog\/wp-json\/wp\/v2\/posts\/1200","targetHints":{"allow":["GET"]}}],"collection":[{"href":"https:\/\/www.proinca.es\/madridfansblog\/wp-json\/wp\/v2\/posts"}],"about":[{"href":"https:\/\/www.proinca.es\/madridfansblog\/wp-json\/wp\/v2\/types\/post"}],"author":[{"embeddable":true,"href":"https:\/\/www.proinca.es\/madridfansblog\/wp-json\/wp\/v2\/users\/4"}],"replies":[{"embeddable":true,"href":"https:\/\/www.proinca.es\/madridfansblog\/wp-json\/wp\/v2\/comments?post=1200"}],"version-history":[{"count":15,"href":"https:\/\/www.proinca.es\/madridfansblog\/wp-json\/wp\/v2\/posts\/1200\/revisions"}],"predecessor-version":[{"id":7688,"href":"https:\/\/www.proinca.es\/madridfansblog\/wp-json\/wp\/v2\/posts\/1200\/revisions\/7688"}],"wp:featuredmedia":[{"embeddable":true,"href":"https:\/\/www.proinca.es\/madridfansblog\/wp-json\/wp\/v2\/media\/7426"}],"wp:attachment":[{"href":"https:\/\/www.proinca.es\/madridfansblog\/wp-json\/wp\/v2\/media?parent=1200"}],"wp:term":[{"taxonomy":"category","embeddable":true,"href":"https:\/\/www.proinca.es\/madridfansblog\/wp-json\/wp\/v2\/categories?post=1200"},{"taxonomy":"post_tag","embeddable":true,"href":"https:\/\/www.proinca.es\/madridfansblog\/wp-json\/wp\/v2\/tags?post=1200"}],"curies":[{"name":"wp","href":"https:\/\/api.w.org\/{rel}","templated":true}]}}