{"id":1214,"date":"2013-03-04T10:51:02","date_gmt":"2013-03-04T09:51:02","guid":{"rendered":"http:\/\/www.proinca.es\/madridfansblog\/?p=1214"},"modified":"2025-05-28T15:52:25","modified_gmt":"2025-05-28T13:52:25","slug":"te-animas-auto-talleres-macanicos-en-madrid","status":"publish","type":"post","link":"https:\/\/www.proinca.es\/madridfansblog\/te-animas-auto-talleres-macanicos-en-madrid\/","title":{"rendered":"\u00bfTE ANIMAS? AUTO-TALLERES MAC\u00c1NICOS EN MADRID"},"content":{"rendered":"<p>En los \u00faltimos tiempos est\u00e1n proliferando el \u201c<em>h\u00e1gaselo Vd. mismo\u201d<\/em> o los\u00a0<em>\u201ctalleres sin mec\u00e1nicos\u201d<\/em>\u00a0\u00f3 los \u00a0tambi\u00e9n conocidos como <strong>auto-talleres mec\u00e1nicos en Madrid<!--more--><\/strong>, para hacer el mantenimiento del veh\u00edculo e incluso reparaciones, aunque no pocos talleres convencionales desde\u00f1an esta f\u00f3rmula y la entienden casi como una competencia desleal. Desde luego, es mejor esto que el mec\u00e1nico o negocio clandestino e ilegal, que tambi\u00e9n est\u00e1 arreciando con la crisis.<\/p>\n<p>No obstante, la viabilidad o el \u00e9xito de esas iniciativas est\u00e1n condicionadas por el menor n\u00famero y el m\u00e1s sencillo tipo de intervenciones que se pueden realizar en estos centros. El verdadero taller impone el valor a\u00f1adido de su conocimiento t\u00e9cnico y experiencia. Adem\u00e1s, la complejidad tecnol\u00f3gica de los nuevos veh\u00edculos dificulta e incluso impide el acceso a operaciones que antes parecer\u00edan bastantes simples. Y para las m\u00e1s complejas, y m\u00e1s costosas, no hay bricolage que valga.<\/p>\n<p>De todas formas, parece que en Espa\u00f1a todos nos hemos vuelto muy <em>manitas<\/em> y cuando la crisis aprieta, mejor hacer las cosas uno mismo que recurrir a los que de verdad entienden de la reparaci\u00f3n y mantenimiento del veh\u00edculo. \u00bfUn peligro para los talleres tradicionales?<\/p>\n<p>Parece que es negocio. Incluso algunos talleres ya existentes se apuntan a esta f\u00f3rmula y alquilan parte de sus instalaciones, en c\u00f3modos <em>boxes<\/em>, con su maquinaria y herramientas b\u00e1sicas, para que los propietarios de coches den rienda suelta a su pasi\u00f3n por la mec\u00e1nica. Y, si se atascan en la intervenci\u00f3n, repararles el coche con los empleados propios.<\/p>\n<p>Repasando noticias publicadas en infotaller.tv se han podido ver los casos de <em>Autobox Compostela<\/em>, <em>Repara tu Veh\u00edculo<\/em>, <em>RCM Automoci\u00f3n<\/em> o <em>Car and You<\/em>, con su primer centro, en Getafe (Madrid).<\/p>\n<p>Concretamente, <em>Repara Tu Veh\u00edculo<\/em> acaba de comenzar su expansi\u00f3n mediante el sistema de franquicias. De hecho, ha decidido crecer mediante este sistema por la geograf\u00eda espa\u00f1ola, preferentemente en Madrid.<\/p>\n<p>La compa\u00f1\u00eda dedica su actividad a que sea \u201cel propio cliente quien directamente realice las tareas de mantenimiento en su veh\u00edculo, utilizando todas las herramientas y la maquinaria espec\u00edfica habilitadas en el taller y guiado, en todo momento, por el asesoramiento de un experto\u201d.<\/p>\n<p>En sus talleres se realizar\u00e1n operaciones de mantenimiento del autom\u00f3vil o reparaciones sencillas, como cambio de aceite, filtros, pastillas de freno, escapes o amortiguadores, y comercializar\u00e1n productos especializados a un \u201cprecio muy competitivo\u201d.<\/p>\n<p>Informaci\u00f3n patrocinada por <strong><a href=\"http:\/\/www.proinca.es\/nosotros.php\">Proinca<\/a>, pisos particulares en alquiler en Madrid<\/strong><\/p>\n<p><strong><em>Antonio Mozas<\/em><\/strong><\/p>\n<p>Foto de Sten Rademaker en Unsplash<\/p>\n\n\n<div class=\"kk-star-ratings kksr-auto kksr-align-left kksr-valign-bottom\"\n    data-payload='{&quot;align&quot;:&quot;left&quot;,&quot;id&quot;:&quot;1214&quot;,&quot;slug&quot;:&quot;default&quot;,&quot;valign&quot;:&quot;bottom&quot;,&quot;ignore&quot;:&quot;&quot;,&quot;reference&quot;:&quot;auto&quot;,&quot;class&quot;:&quot;&quot;,&quot;count&quot;:&quot;0&quot;,&quot;legendonly&quot;:&quot;&quot;,&quot;readonly&quot;:&quot;&quot;,&quot;score&quot;:&quot;0&quot;,&quot;starsonly&quot;:&quot;&quot;,&quot;best&quot;:&quot;5&quot;,&quot;gap&quot;:&quot;1&quot;,&quot;greet&quot;:&quot;Valora este art\u00edculo&quot;,&quot;legend&quot;:&quot;0\\\/5 - (0 votos)&quot;,&quot;size&quot;:&quot;24&quot;,&quot;title&quot;:&quot;\u00bfTE ANIMAS? AUTO-TALLERES MAC\u00c1NICOS EN MADRID&quot;,&quot;width&quot;:&quot;0&quot;,&quot;_legend&quot;:&quot;{score}\\\/{best} - ({count} {votes})&quot;,&quot;font_factor&quot;:&quot;1.25&quot;}'>\n            \n<div class=\"kksr-stars\">\n    \n<div class=\"kksr-stars-inactive\">\n            <div class=\"kksr-star\" data-star=\"1\" style=\"padding-right: 1px\">\n            \n\n<div class=\"kksr-icon\" style=\"width: 24px; height: 24px;\"><\/div>\n        <\/div>\n            <div class=\"kksr-star\" data-star=\"2\" style=\"padding-right: 1px\">\n            \n\n<div class=\"kksr-icon\" style=\"width: 24px; height: 24px;\"><\/div>\n        <\/div>\n            <div class=\"kksr-star\" data-star=\"3\" style=\"padding-right: 1px\">\n            \n\n<div class=\"kksr-icon\" style=\"width: 24px; height: 24px;\"><\/div>\n        <\/div>\n            <div class=\"kksr-star\" data-star=\"4\" style=\"padding-right: 1px\">\n            \n\n<div class=\"kksr-icon\" style=\"width: 24px; height: 24px;\"><\/div>\n        <\/div>\n            <div class=\"kksr-star\" data-star=\"5\" style=\"padding-right: 1px\">\n            \n\n<div class=\"kksr-icon\" style=\"width: 24px; height: 24px;\"><\/div>\n        <\/div>\n    <\/div>\n    \n<div class=\"kksr-stars-active\" style=\"width: 0px;\">\n            <div class=\"kksr-star\" style=\"padding-right: 1px\">\n            \n\n<div class=\"kksr-icon\" style=\"width: 24px; height: 24px;\"><\/div>\n        <\/div>\n            <div class=\"kksr-star\" style=\"padding-right: 1px\">\n            \n\n<div class=\"kksr-icon\" style=\"width: 24px; height: 24px;\"><\/div>\n        <\/div>\n            <div class=\"kksr-star\" style=\"padding-right: 1px\">\n            \n\n<div class=\"kksr-icon\" style=\"width: 24px; height: 24px;\"><\/div>\n        <\/div>\n            <div class=\"kksr-star\" style=\"padding-right: 1px\">\n            \n\n<div class=\"kksr-icon\" style=\"width: 24px; height: 24px;\"><\/div>\n        <\/div>\n            <div class=\"kksr-star\" style=\"padding-right: 1px\">\n            \n\n<div class=\"kksr-icon\" style=\"width: 24px; height: 24px;\"><\/div>\n        <\/div>\n    <\/div>\n<\/div>\n                \n\n<div class=\"kksr-legend\" style=\"font-size: 19.2px;\">\n            <span class=\"kksr-muted\">Valora este art\u00edculo<\/span>\n    <\/div>\n    <\/div>\n","protected":false},"excerpt":{"rendered":"<p>En los \u00faltimos tiempos est\u00e1n proliferando el \u201ch\u00e1gaselo Vd. mismo\u201d  [&#8230;]<\/p>\n","protected":false},"author":4,"featured_media":7052,"comment_status":"closed","ping_status":"closed","sticky":false,"template":"","format":"standard","meta":{"footnotes":""},"categories":[79],"tags":[36,5,20,41],"class_list":["post-1214","post","type-post","status-publish","format-standard","has-post-thumbnail","hentry","category-vivir-madrid","tag-afterwork","tag-madrid","tag-ocio","tag-transporte"],"yoast_head":"<!-- This site is optimized with the Yoast SEO plugin v27.4 - https:\/\/yoast.com\/product\/yoast-seo-wordpress\/ -->\n<title>Auto talleres mec\u00e1nicos Madrid \/ Proinca pisos en alquiler<\/title>\n<meta name=\"description\" content=\"Los auto talleres mec\u00e1nicos proliferan en Madrid. Si eres un manitas cada vez es m\u00e1s habitual autorepararse aver\u00edas leves del coche.Proinca pisos en alquiler\" \/>\n<meta name=\"robots\" content=\"index, follow, max-snippet:-1, max-image-preview:large, max-video-preview:-1\" \/>\n<link rel=\"canonical\" href=\"https:\/\/www.proinca.es\/madridfansblog\/te-animas-auto-talleres-macanicos-en-madrid\/\" \/>\n<meta property=\"og:locale\" content=\"es_ES\" \/>\n<meta property=\"og:type\" content=\"article\" \/>\n<meta property=\"og:title\" content=\"Auto talleres mec\u00e1nicos Madrid \/ Proinca pisos en alquiler\" \/>\n<meta property=\"og:description\" content=\"Los auto talleres mec\u00e1nicos proliferan en Madrid. Si eres un manitas cada vez es m\u00e1s habitual autorepararse aver\u00edas leves del coche.Proinca pisos en alquiler\" \/>\n<meta property=\"og:url\" content=\"https:\/\/www.proinca.es\/madridfansblog\/te-animas-auto-talleres-macanicos-en-madrid\/\" \/>\n<meta property=\"og:site_name\" content=\"Blog Proinca Madrid\" \/>\n<meta property=\"article:published_time\" content=\"2013-03-04T09:51:02+00:00\" \/>\n<meta property=\"article:modified_time\" content=\"2025-05-28T13:52:25+00:00\" \/>\n<meta property=\"og:image\" content=\"https:\/\/www.proinca.es\/madridfansblog\/wp-content\/uploads\/2013\/03\/auto-talleres-mecanicos.jpg\" \/>\n\t<meta property=\"og:image:width\" content=\"1000\" \/>\n\t<meta property=\"og:image:height\" content=\"1004\" \/>\n\t<meta property=\"og:image:type\" content=\"image\/jpeg\" \/>\n<meta name=\"author\" content=\"Ana Calero\" \/>\n<script type=\"application\/ld+json\" class=\"yoast-schema-graph\">{\"@context\":\"https:\\\/\\\/schema.org\",\"@graph\":[{\"@type\":\"Article\",\"@id\":\"https:\\\/\\\/www.proinca.es\\\/madridfansblog\\\/te-animas-auto-talleres-macanicos-en-madrid\\\/#article\",\"isPartOf\":{\"@id\":\"https:\\\/\\\/www.proinca.es\\\/madridfansblog\\\/te-animas-auto-talleres-macanicos-en-madrid\\\/\"},\"author\":{\"name\":\"Ana Calero\",\"@id\":\"https:\\\/\\\/www.proinca.es\\\/madridfansblog\\\/#\\\/schema\\\/person\\\/8401adc89c0a0f5a3574c43326247f1e\"},\"headline\":\"\u00bfTE ANIMAS? AUTO-TALLERES MAC\u00c1NICOS EN MADRID\",\"datePublished\":\"2013-03-04T09:51:02+00:00\",\"dateModified\":\"2025-05-28T13:52:25+00:00\",\"mainEntityOfPage\":{\"@id\":\"https:\\\/\\\/www.proinca.es\\\/madridfansblog\\\/te-animas-auto-talleres-macanicos-en-madrid\\\/\"},\"wordCount\":453,\"publisher\":{\"@id\":\"https:\\\/\\\/www.proinca.es\\\/madridfansblog\\\/#organization\"},\"image\":{\"@id\":\"https:\\\/\\\/www.proinca.es\\\/madridfansblog\\\/te-animas-auto-talleres-macanicos-en-madrid\\\/#primaryimage\"},\"thumbnailUrl\":\"https:\\\/\\\/www.proinca.es\\\/madridfansblog\\\/wp-content\\\/uploads\\\/2013\\\/03\\\/auto-talleres-mecanicos.jpg\",\"keywords\":[\"Afterwork\",\"Madrid\",\"Ocio\",\"Transporte\"],\"articleSection\":[\"VIVIR MADRID\"],\"inLanguage\":\"es\"},{\"@type\":\"WebPage\",\"@id\":\"https:\\\/\\\/www.proinca.es\\\/madridfansblog\\\/te-animas-auto-talleres-macanicos-en-madrid\\\/\",\"url\":\"https:\\\/\\\/www.proinca.es\\\/madridfansblog\\\/te-animas-auto-talleres-macanicos-en-madrid\\\/\",\"name\":\"Auto talleres mec\u00e1nicos Madrid \\\/ Proinca pisos en alquiler\",\"isPartOf\":{\"@id\":\"https:\\\/\\\/www.proinca.es\\\/madridfansblog\\\/#website\"},\"primaryImageOfPage\":{\"@id\":\"https:\\\/\\\/www.proinca.es\\\/madridfansblog\\\/te-animas-auto-talleres-macanicos-en-madrid\\\/#primaryimage\"},\"image\":{\"@id\":\"https:\\\/\\\/www.proinca.es\\\/madridfansblog\\\/te-animas-auto-talleres-macanicos-en-madrid\\\/#primaryimage\"},\"thumbnailUrl\":\"https:\\\/\\\/www.proinca.es\\\/madridfansblog\\\/wp-content\\\/uploads\\\/2013\\\/03\\\/auto-talleres-mecanicos.jpg\",\"datePublished\":\"2013-03-04T09:51:02+00:00\",\"dateModified\":\"2025-05-28T13:52:25+00:00\",\"description\":\"Los auto talleres mec\u00e1nicos proliferan en Madrid. Si eres un manitas cada vez es m\u00e1s habitual autorepararse aver\u00edas leves del coche.Proinca pisos en alquiler\",\"inLanguage\":\"es\",\"potentialAction\":[{\"@type\":\"ReadAction\",\"target\":[\"https:\\\/\\\/www.proinca.es\\\/madridfansblog\\\/te-animas-auto-talleres-macanicos-en-madrid\\\/\"]}]},{\"@type\":\"ImageObject\",\"inLanguage\":\"es\",\"@id\":\"https:\\\/\\\/www.proinca.es\\\/madridfansblog\\\/te-animas-auto-talleres-macanicos-en-madrid\\\/#primaryimage\",\"url\":\"https:\\\/\\\/www.proinca.es\\\/madridfansblog\\\/wp-content\\\/uploads\\\/2013\\\/03\\\/auto-talleres-mecanicos.jpg\",\"contentUrl\":\"https:\\\/\\\/www.proinca.es\\\/madridfansblog\\\/wp-content\\\/uploads\\\/2013\\\/03\\\/auto-talleres-mecanicos.jpg\",\"width\":1000,\"height\":1004,\"caption\":\"\u00bfTe animas? Auto-talleres mac\u00e1nicos en madrid\"},{\"@type\":\"WebSite\",\"@id\":\"https:\\\/\\\/www.proinca.es\\\/madridfansblog\\\/#website\",\"url\":\"https:\\\/\\\/www.proinca.es\\\/madridfansblog\\\/\",\"name\":\"Madrid Fans Blog Proinca\",\"description\":\"Pisos y apartamentos de alquiler en Madrid\",\"publisher\":{\"@id\":\"https:\\\/\\\/www.proinca.es\\\/madridfansblog\\\/#organization\"},\"potentialAction\":[{\"@type\":\"SearchAction\",\"target\":{\"@type\":\"EntryPoint\",\"urlTemplate\":\"https:\\\/\\\/www.proinca.es\\\/madridfansblog\\\/?s={search_term_string}\"},\"query-input\":{\"@type\":\"PropertyValueSpecification\",\"valueRequired\":true,\"valueName\":\"search_term_string\"}}],\"inLanguage\":\"es\"},{\"@type\":\"Organization\",\"@id\":\"https:\\\/\\\/www.proinca.es\\\/madridfansblog\\\/#organization\",\"name\":\"Proinca\",\"url\":\"https:\\\/\\\/www.proinca.es\\\/madridfansblog\\\/\",\"logo\":{\"@type\":\"ImageObject\",\"inLanguage\":\"es\",\"@id\":\"https:\\\/\\\/www.proinca.es\\\/madridfansblog\\\/#\\\/schema\\\/logo\\\/image\\\/\",\"url\":\"https:\\\/\\\/www.proinca.es\\\/madridfansblog\\\/wp-content\\\/uploads\\\/2022\\\/03\\\/logo-proinca.jpg\",\"contentUrl\":\"https:\\\/\\\/www.proinca.es\\\/madridfansblog\\\/wp-content\\\/uploads\\\/2022\\\/03\\\/logo-proinca.jpg\",\"width\":522,\"height\":250,\"caption\":\"Proinca\"},\"image\":{\"@id\":\"https:\\\/\\\/www.proinca.es\\\/madridfansblog\\\/#\\\/schema\\\/logo\\\/image\\\/\"}},{\"@type\":\"Person\",\"@id\":\"https:\\\/\\\/www.proinca.es\\\/madridfansblog\\\/#\\\/schema\\\/person\\\/8401adc89c0a0f5a3574c43326247f1e\",\"name\":\"Ana Calero\",\"image\":{\"@type\":\"ImageObject\",\"inLanguage\":\"es\",\"@id\":\"https:\\\/\\\/www.proinca.es\\\/madridfansblog\\\/wp-content\\\/litespeed\\\/avatar\\\/ef51b25c0718910f475570320941ef46.jpg?ver=1777379772\",\"url\":\"https:\\\/\\\/www.proinca.es\\\/madridfansblog\\\/wp-content\\\/litespeed\\\/avatar\\\/ef51b25c0718910f475570320941ef46.jpg?ver=1777379772\",\"contentUrl\":\"https:\\\/\\\/www.proinca.es\\\/madridfansblog\\\/wp-content\\\/litespeed\\\/avatar\\\/ef51b25c0718910f475570320941ef46.jpg?ver=1777379772\",\"caption\":\"Ana Calero\"},\"description\":\"Licenciada en Ciencias Empresariales por la Universidad Aut\u00f3noma de Madrid. Forma parte del equipo de Apartamentos Proinca y es una enamorada de Madrid\",\"sameAs\":[\"https:\\\/\\\/www.proinca.es\\\/madridfansblog\\\/ana-calero\\\/\"]}]}<\/script>\n<!-- \/ Yoast SEO plugin. -->","yoast_head_json":{"title":"Auto talleres mec\u00e1nicos Madrid \/ Proinca pisos en alquiler","description":"Los auto talleres mec\u00e1nicos proliferan en Madrid. Si eres un manitas cada vez es m\u00e1s habitual autorepararse aver\u00edas leves del coche.Proinca pisos en alquiler","robots":{"index":"index","follow":"follow","max-snippet":"max-snippet:-1","max-image-preview":"max-image-preview:large","max-video-preview":"max-video-preview:-1"},"canonical":"https:\/\/www.proinca.es\/madridfansblog\/te-animas-auto-talleres-macanicos-en-madrid\/","og_locale":"es_ES","og_type":"article","og_title":"Auto talleres mec\u00e1nicos Madrid \/ Proinca pisos en alquiler","og_description":"Los auto talleres mec\u00e1nicos proliferan en Madrid. Si eres un manitas cada vez es m\u00e1s habitual autorepararse aver\u00edas leves del coche.Proinca pisos en alquiler","og_url":"https:\/\/www.proinca.es\/madridfansblog\/te-animas-auto-talleres-macanicos-en-madrid\/","og_site_name":"Blog Proinca Madrid","article_published_time":"2013-03-04T09:51:02+00:00","article_modified_time":"2025-05-28T13:52:25+00:00","og_image":[{"width":1000,"height":1004,"url":"https:\/\/www.proinca.es\/madridfansblog\/wp-content\/uploads\/2013\/03\/auto-talleres-mecanicos.jpg","type":"image\/jpeg"}],"author":"Ana Calero","schema":{"@context":"https:\/\/schema.org","@graph":[{"@type":"Article","@id":"https:\/\/www.proinca.es\/madridfansblog\/te-animas-auto-talleres-macanicos-en-madrid\/#article","isPartOf":{"@id":"https:\/\/www.proinca.es\/madridfansblog\/te-animas-auto-talleres-macanicos-en-madrid\/"},"author":{"name":"Ana Calero","@id":"https:\/\/www.proinca.es\/madridfansblog\/#\/schema\/person\/8401adc89c0a0f5a3574c43326247f1e"},"headline":"\u00bfTE ANIMAS? AUTO-TALLERES MAC\u00c1NICOS EN MADRID","datePublished":"2013-03-04T09:51:02+00:00","dateModified":"2025-05-28T13:52:25+00:00","mainEntityOfPage":{"@id":"https:\/\/www.proinca.es\/madridfansblog\/te-animas-auto-talleres-macanicos-en-madrid\/"},"wordCount":453,"publisher":{"@id":"https:\/\/www.proinca.es\/madridfansblog\/#organization"},"image":{"@id":"https:\/\/www.proinca.es\/madridfansblog\/te-animas-auto-talleres-macanicos-en-madrid\/#primaryimage"},"thumbnailUrl":"https:\/\/www.proinca.es\/madridfansblog\/wp-content\/uploads\/2013\/03\/auto-talleres-mecanicos.jpg","keywords":["Afterwork","Madrid","Ocio","Transporte"],"articleSection":["VIVIR MADRID"],"inLanguage":"es"},{"@type":"WebPage","@id":"https:\/\/www.proinca.es\/madridfansblog\/te-animas-auto-talleres-macanicos-en-madrid\/","url":"https:\/\/www.proinca.es\/madridfansblog\/te-animas-auto-talleres-macanicos-en-madrid\/","name":"Auto talleres mec\u00e1nicos Madrid \/ Proinca pisos en alquiler","isPartOf":{"@id":"https:\/\/www.proinca.es\/madridfansblog\/#website"},"primaryImageOfPage":{"@id":"https:\/\/www.proinca.es\/madridfansblog\/te-animas-auto-talleres-macanicos-en-madrid\/#primaryimage"},"image":{"@id":"https:\/\/www.proinca.es\/madridfansblog\/te-animas-auto-talleres-macanicos-en-madrid\/#primaryimage"},"thumbnailUrl":"https:\/\/www.proinca.es\/madridfansblog\/wp-content\/uploads\/2013\/03\/auto-talleres-mecanicos.jpg","datePublished":"2013-03-04T09:51:02+00:00","dateModified":"2025-05-28T13:52:25+00:00","description":"Los auto talleres mec\u00e1nicos proliferan en Madrid. Si eres un manitas cada vez es m\u00e1s habitual autorepararse aver\u00edas leves del coche.Proinca pisos en alquiler","inLanguage":"es","potentialAction":[{"@type":"ReadAction","target":["https:\/\/www.proinca.es\/madridfansblog\/te-animas-auto-talleres-macanicos-en-madrid\/"]}]},{"@type":"ImageObject","inLanguage":"es","@id":"https:\/\/www.proinca.es\/madridfansblog\/te-animas-auto-talleres-macanicos-en-madrid\/#primaryimage","url":"https:\/\/www.proinca.es\/madridfansblog\/wp-content\/uploads\/2013\/03\/auto-talleres-mecanicos.jpg","contentUrl":"https:\/\/www.proinca.es\/madridfansblog\/wp-content\/uploads\/2013\/03\/auto-talleres-mecanicos.jpg","width":1000,"height":1004,"caption":"\u00bfTe animas? Auto-talleres mac\u00e1nicos en madrid"},{"@type":"WebSite","@id":"https:\/\/www.proinca.es\/madridfansblog\/#website","url":"https:\/\/www.proinca.es\/madridfansblog\/","name":"Madrid Fans Blog Proinca","description":"Pisos y apartamentos de alquiler en Madrid","publisher":{"@id":"https:\/\/www.proinca.es\/madridfansblog\/#organization"},"potentialAction":[{"@type":"SearchAction","target":{"@type":"EntryPoint","urlTemplate":"https:\/\/www.proinca.es\/madridfansblog\/?s={search_term_string}"},"query-input":{"@type":"PropertyValueSpecification","valueRequired":true,"valueName":"search_term_string"}}],"inLanguage":"es"},{"@type":"Organization","@id":"https:\/\/www.proinca.es\/madridfansblog\/#organization","name":"Proinca","url":"https:\/\/www.proinca.es\/madridfansblog\/","logo":{"@type":"ImageObject","inLanguage":"es","@id":"https:\/\/www.proinca.es\/madridfansblog\/#\/schema\/logo\/image\/","url":"https:\/\/www.proinca.es\/madridfansblog\/wp-content\/uploads\/2022\/03\/logo-proinca.jpg","contentUrl":"https:\/\/www.proinca.es\/madridfansblog\/wp-content\/uploads\/2022\/03\/logo-proinca.jpg","width":522,"height":250,"caption":"Proinca"},"image":{"@id":"https:\/\/www.proinca.es\/madridfansblog\/#\/schema\/logo\/image\/"}},{"@type":"Person","@id":"https:\/\/www.proinca.es\/madridfansblog\/#\/schema\/person\/8401adc89c0a0f5a3574c43326247f1e","name":"Ana Calero","image":{"@type":"ImageObject","inLanguage":"es","@id":"https:\/\/www.proinca.es\/madridfansblog\/wp-content\/litespeed\/avatar\/ef51b25c0718910f475570320941ef46.jpg?ver=1777379772","url":"https:\/\/www.proinca.es\/madridfansblog\/wp-content\/litespeed\/avatar\/ef51b25c0718910f475570320941ef46.jpg?ver=1777379772","contentUrl":"https:\/\/www.proinca.es\/madridfansblog\/wp-content\/litespeed\/avatar\/ef51b25c0718910f475570320941ef46.jpg?ver=1777379772","caption":"Ana Calero"},"description":"Licenciada en Ciencias Empresariales por la Universidad Aut\u00f3noma de Madrid. Forma parte del equipo de Apartamentos Proinca y es una enamorada de Madrid","sameAs":["https:\/\/www.proinca.es\/madridfansblog\/ana-calero\/"]}]}},"_links":{"self":[{"href":"https:\/\/www.proinca.es\/madridfansblog\/wp-json\/wp\/v2\/posts\/1214","targetHints":{"allow":["GET"]}}],"collection":[{"href":"https:\/\/www.proinca.es\/madridfansblog\/wp-json\/wp\/v2\/posts"}],"about":[{"href":"https:\/\/www.proinca.es\/madridfansblog\/wp-json\/wp\/v2\/types\/post"}],"author":[{"embeddable":true,"href":"https:\/\/www.proinca.es\/madridfansblog\/wp-json\/wp\/v2\/users\/4"}],"replies":[{"embeddable":true,"href":"https:\/\/www.proinca.es\/madridfansblog\/wp-json\/wp\/v2\/comments?post=1214"}],"version-history":[{"count":20,"href":"https:\/\/www.proinca.es\/madridfansblog\/wp-json\/wp\/v2\/posts\/1214\/revisions"}],"predecessor-version":[{"id":7687,"href":"https:\/\/www.proinca.es\/madridfansblog\/wp-json\/wp\/v2\/posts\/1214\/revisions\/7687"}],"wp:featuredmedia":[{"embeddable":true,"href":"https:\/\/www.proinca.es\/madridfansblog\/wp-json\/wp\/v2\/media\/7052"}],"wp:attachment":[{"href":"https:\/\/www.proinca.es\/madridfansblog\/wp-json\/wp\/v2\/media?parent=1214"}],"wp:term":[{"taxonomy":"category","embeddable":true,"href":"https:\/\/www.proinca.es\/madridfansblog\/wp-json\/wp\/v2\/categories?post=1214"},{"taxonomy":"post_tag","embeddable":true,"href":"https:\/\/www.proinca.es\/madridfansblog\/wp-json\/wp\/v2\/tags?post=1214"}],"curies":[{"name":"wp","href":"https:\/\/api.w.org\/{rel}","templated":true}]}}