{"id":1231,"date":"2013-03-11T12:30:04","date_gmt":"2013-03-11T11:30:04","guid":{"rendered":"http:\/\/www.proinca.es\/madridfansblog\/?p=1231"},"modified":"2025-05-28T13:48:14","modified_gmt":"2025-05-28T11:48:14","slug":"chatines-y-chatinas-en-madrid-se-lleva-la-ruta-del-cocido-madrileno","status":"publish","type":"post","link":"https:\/\/www.proinca.es\/madridfansblog\/chatines-y-chatinas-en-madrid-se-lleva-la-ruta-del-cocido-madrileno\/","title":{"rendered":"CHATINES Y CHATINAS, EN MADRID SE LLEVA LA RUTA DEL COCIDO MADRILE\u00d1O!"},"content":{"rendered":"<p>Si no concibes una visita a Valencia sin probar la paella ni unos d\u00edas en Andaluc\u00eda sin el pescadito frito, no dejes que termine el invierno sin comer un buen plato de <strong>cocido madrile\u00f1o<\/strong>, se\u00f1a de identidad culinaria de la capital y un verdadero placer gastron\u00f3mico, sobre todo para quien lo prueba por vez primera.<!--more--><\/p>\n<p>Para iniciarse en esto del cocido, tienes dos opciones, prepararlo en casa o degustarlo en uno de los muchos locales que ofrecen el plato madrile\u00f1o por excelencia en su men\u00fa tanto diario como de fin de semana, adem\u00e1s, si est\u00e1s pensando en estrenarte a lo largo de este mes, puedes participar en la denominada <strong>Ruta del Cocido Madrile\u00f1o<\/strong>, en m\u00e1s de una treintena de restaurantes.<\/p>\n<p>Para los que prefer\u00eds hacerlo en casa, por aquello de echaros despu\u00e9s una buena siesta, no os preocup\u00e9is, hacer un cocido madrile\u00f1o no es dif\u00edcil, el secreto est\u00e1 en elaborarlo con paciencia, mucho mimo y utilizando todos los ingredientes necesarios: garbanzos, repollo, zanahorias, patatas, gallina, huesos, chorizo, morcilla, jam\u00f3n serrano, puerros, espinazo, panceta, fideos finos, tocino, ajo, perejil y aceite de oliva. S\u00ed, efectivamente, un plato de cocido puede parecer una \u201cbomba de relojer\u00eda\u201d, pero su ingesta no tiene precio, no solo por lo que disfrutas mientras lo comes, sino por la sensaci\u00f3n de paz interior que te deja cuando terminas.<\/p>\n<p>El cocido madrile\u00f1o se sirve en tres tandas, as\u00ed que siempre puedes retirarte antes de que llegue la siguiente, aunque ya te advertimos de que si el cocido est\u00e1 bien hecho, abandonar el fest\u00edn ser\u00e1 imposible. La primera en llegar a la mesa es la sopa de fideos, bien caliente; despu\u00e9s, los garbanzos, en una fuente y acompa\u00f1ados por las verduras y las patatas, y por \u00faltimo, la carne. \u00bfNo se os hace la boca agua?<\/p>\n<p>El sabor de este plato (cuyo origen se cree \u00e1rabe, aunque m\u00e1s tarde se cristianizara con la inclusi\u00f3n de la carne) populariz\u00f3 la receta entre los monarcas espa\u00f1oles ya en el siglo XVI, y su valor cal\u00f3rico y prote\u00ednico, entre campesinos y dem\u00e1s trabajadores de la \u00e9poca; un plato sencillo, con ingredientes de la tierra, que reun\u00eda todas las cualidades necesarias para convertirse en un atemporal: bueno, buen\u00edsimo y barato. Y aunque cuenta con parentescos en toda Espa\u00f1a, como el pote, el puchero, el cocido lieban\u00e9s, el maragato o la escudella, <strong>cocido madrile\u00f1o<\/strong>, no hay m\u00e1s que uno.<\/p>\n<p>Una propuesta de <strong><a href=\"http:\/\/www.proinca.es\/buscador-pisos\/tipo-1\/orden-tipo\/\">Proinca alquiler de estudios en Madrid<\/a><\/strong><\/p>\n<p>&nbsp;<\/p>\n\n\n<div class=\"kk-star-ratings kksr-auto kksr-align-left kksr-valign-bottom\"\n    data-payload='{&quot;align&quot;:&quot;left&quot;,&quot;id&quot;:&quot;1231&quot;,&quot;slug&quot;:&quot;default&quot;,&quot;valign&quot;:&quot;bottom&quot;,&quot;ignore&quot;:&quot;&quot;,&quot;reference&quot;:&quot;auto&quot;,&quot;class&quot;:&quot;&quot;,&quot;count&quot;:&quot;0&quot;,&quot;legendonly&quot;:&quot;&quot;,&quot;readonly&quot;:&quot;&quot;,&quot;score&quot;:&quot;0&quot;,&quot;starsonly&quot;:&quot;&quot;,&quot;best&quot;:&quot;5&quot;,&quot;gap&quot;:&quot;1&quot;,&quot;greet&quot;:&quot;Valora este art\u00edculo&quot;,&quot;legend&quot;:&quot;0\\\/5 - (0 votos)&quot;,&quot;size&quot;:&quot;24&quot;,&quot;title&quot;:&quot;CHATINES Y CHATINAS, EN MADRID SE LLEVA LA RUTA DEL COCIDO MADRILE\u00d1O!&quot;,&quot;width&quot;:&quot;0&quot;,&quot;_legend&quot;:&quot;{score}\\\/{best} - ({count} {votes})&quot;,&quot;font_factor&quot;:&quot;1.25&quot;}'>\n            \n<div class=\"kksr-stars\">\n    \n<div class=\"kksr-stars-inactive\">\n            <div class=\"kksr-star\" data-star=\"1\" style=\"padding-right: 1px\">\n            \n\n<div class=\"kksr-icon\" style=\"width: 24px; height: 24px;\"><\/div>\n        <\/div>\n            <div class=\"kksr-star\" data-star=\"2\" style=\"padding-right: 1px\">\n            \n\n<div class=\"kksr-icon\" style=\"width: 24px; height: 24px;\"><\/div>\n        <\/div>\n            <div class=\"kksr-star\" data-star=\"3\" style=\"padding-right: 1px\">\n            \n\n<div class=\"kksr-icon\" style=\"width: 24px; height: 24px;\"><\/div>\n        <\/div>\n            <div class=\"kksr-star\" data-star=\"4\" style=\"padding-right: 1px\">\n            \n\n<div class=\"kksr-icon\" style=\"width: 24px; height: 24px;\"><\/div>\n        <\/div>\n            <div class=\"kksr-star\" data-star=\"5\" style=\"padding-right: 1px\">\n            \n\n<div class=\"kksr-icon\" style=\"width: 24px; height: 24px;\"><\/div>\n        <\/div>\n    <\/div>\n    \n<div class=\"kksr-stars-active\" style=\"width: 0px;\">\n            <div class=\"kksr-star\" style=\"padding-right: 1px\">\n            \n\n<div class=\"kksr-icon\" style=\"width: 24px; height: 24px;\"><\/div>\n        <\/div>\n            <div class=\"kksr-star\" style=\"padding-right: 1px\">\n            \n\n<div class=\"kksr-icon\" style=\"width: 24px; height: 24px;\"><\/div>\n        <\/div>\n            <div class=\"kksr-star\" style=\"padding-right: 1px\">\n            \n\n<div class=\"kksr-icon\" style=\"width: 24px; height: 24px;\"><\/div>\n        <\/div>\n            <div class=\"kksr-star\" style=\"padding-right: 1px\">\n            \n\n<div class=\"kksr-icon\" style=\"width: 24px; height: 24px;\"><\/div>\n        <\/div>\n            <div class=\"kksr-star\" style=\"padding-right: 1px\">\n            \n\n<div class=\"kksr-icon\" style=\"width: 24px; height: 24px;\"><\/div>\n        <\/div>\n    <\/div>\n<\/div>\n                \n\n<div class=\"kksr-legend\" style=\"font-size: 19.2px;\">\n            <span class=\"kksr-muted\">Valora este art\u00edculo<\/span>\n    <\/div>\n    <\/div>\n","protected":false},"excerpt":{"rendered":"<p>Si no concibes una visita a Valencia sin probar la  [&#8230;]<\/p>\n","protected":false},"author":4,"featured_media":0,"comment_status":"closed","ping_status":"closed","sticky":false,"template":"","format":"standard","meta":{"footnotes":""},"categories":[79],"tags":[36,63,30,5,20,31],"class_list":["post-1231","post","type-post","status-publish","format-standard","hentry","category-vivir-madrid","tag-afterwork","tag-cultura","tag-gastronomia","tag-madrid","tag-ocio","tag-restaurantes"],"yoast_head":"<!-- This site is optimized with the Yoast SEO plugin v27.4 - https:\/\/yoast.com\/product\/yoast-seo-wordpress\/ -->\n<title>Ruta del cocido madrile\u00f1o \/ Proinca alquiler estudios madrid<\/title>\n<meta name=\"description\" content=\"Todas las opciones para que no te quedes sin probar un aut\u00e9ntico cocido madrile\u00f1o.Descubre la Ruta del cocido Madrile\u00f1o. Proinca alquiler de estudios en madrid.\" \/>\n<meta name=\"robots\" content=\"index, follow, max-snippet:-1, max-image-preview:large, max-video-preview:-1\" \/>\n<link rel=\"canonical\" href=\"https:\/\/www.proinca.es\/madridfansblog\/chatines-y-chatinas-en-madrid-se-lleva-la-ruta-del-cocido-madrileno\/\" \/>\n<meta property=\"og:locale\" content=\"es_ES\" \/>\n<meta property=\"og:type\" content=\"article\" \/>\n<meta property=\"og:title\" content=\"Ruta del cocido madrile\u00f1o \/ Proinca alquiler estudios madrid\" \/>\n<meta property=\"og:description\" content=\"Todas las opciones para que no te quedes sin probar un aut\u00e9ntico cocido madrile\u00f1o.Descubre la Ruta del cocido Madrile\u00f1o. Proinca alquiler de estudios en madrid.\" \/>\n<meta property=\"og:url\" content=\"https:\/\/www.proinca.es\/madridfansblog\/chatines-y-chatinas-en-madrid-se-lleva-la-ruta-del-cocido-madrileno\/\" \/>\n<meta property=\"og:site_name\" content=\"Blog Proinca Madrid\" \/>\n<meta property=\"article:published_time\" content=\"2013-03-11T11:30:04+00:00\" \/>\n<meta property=\"article:modified_time\" content=\"2025-05-28T11:48:14+00:00\" \/>\n<meta name=\"author\" content=\"Ana Calero\" \/>\n<script type=\"application\/ld+json\" class=\"yoast-schema-graph\">{\"@context\":\"https:\\\/\\\/schema.org\",\"@graph\":[{\"@type\":\"Article\",\"@id\":\"https:\\\/\\\/www.proinca.es\\\/madridfansblog\\\/chatines-y-chatinas-en-madrid-se-lleva-la-ruta-del-cocido-madrileno\\\/#article\",\"isPartOf\":{\"@id\":\"https:\\\/\\\/www.proinca.es\\\/madridfansblog\\\/chatines-y-chatinas-en-madrid-se-lleva-la-ruta-del-cocido-madrileno\\\/\"},\"author\":{\"name\":\"Ana Calero\",\"@id\":\"https:\\\/\\\/www.proinca.es\\\/madridfansblog\\\/#\\\/schema\\\/person\\\/8401adc89c0a0f5a3574c43326247f1e\"},\"headline\":\"CHATINES Y CHATINAS, EN MADRID SE LLEVA LA RUTA DEL COCIDO MADRILE\u00d1O!\",\"datePublished\":\"2013-03-11T11:30:04+00:00\",\"dateModified\":\"2025-05-28T11:48:14+00:00\",\"mainEntityOfPage\":{\"@id\":\"https:\\\/\\\/www.proinca.es\\\/madridfansblog\\\/chatines-y-chatinas-en-madrid-se-lleva-la-ruta-del-cocido-madrileno\\\/\"},\"wordCount\":452,\"publisher\":{\"@id\":\"https:\\\/\\\/www.proinca.es\\\/madridfansblog\\\/#organization\"},\"keywords\":[\"Afterwork\",\"Cultura\",\"Gastronom\u00eda\",\"Madrid\",\"Ocio\",\"Restaurantes\"],\"articleSection\":[\"VIVIR MADRID\"],\"inLanguage\":\"es\"},{\"@type\":\"WebPage\",\"@id\":\"https:\\\/\\\/www.proinca.es\\\/madridfansblog\\\/chatines-y-chatinas-en-madrid-se-lleva-la-ruta-del-cocido-madrileno\\\/\",\"url\":\"https:\\\/\\\/www.proinca.es\\\/madridfansblog\\\/chatines-y-chatinas-en-madrid-se-lleva-la-ruta-del-cocido-madrileno\\\/\",\"name\":\"Ruta del cocido madrile\u00f1o \\\/ Proinca alquiler estudios madrid\",\"isPartOf\":{\"@id\":\"https:\\\/\\\/www.proinca.es\\\/madridfansblog\\\/#website\"},\"datePublished\":\"2013-03-11T11:30:04+00:00\",\"dateModified\":\"2025-05-28T11:48:14+00:00\",\"description\":\"Todas las opciones para que no te quedes sin probar un aut\u00e9ntico cocido madrile\u00f1o.Descubre la Ruta del cocido Madrile\u00f1o. Proinca alquiler de estudios en madrid.\",\"inLanguage\":\"es\",\"potentialAction\":[{\"@type\":\"ReadAction\",\"target\":[\"https:\\\/\\\/www.proinca.es\\\/madridfansblog\\\/chatines-y-chatinas-en-madrid-se-lleva-la-ruta-del-cocido-madrileno\\\/\"]}]},{\"@type\":\"WebSite\",\"@id\":\"https:\\\/\\\/www.proinca.es\\\/madridfansblog\\\/#website\",\"url\":\"https:\\\/\\\/www.proinca.es\\\/madridfansblog\\\/\",\"name\":\"Madrid Fans Blog Proinca\",\"description\":\"Pisos y apartamentos de alquiler en Madrid\",\"publisher\":{\"@id\":\"https:\\\/\\\/www.proinca.es\\\/madridfansblog\\\/#organization\"},\"potentialAction\":[{\"@type\":\"SearchAction\",\"target\":{\"@type\":\"EntryPoint\",\"urlTemplate\":\"https:\\\/\\\/www.proinca.es\\\/madridfansblog\\\/?s={search_term_string}\"},\"query-input\":{\"@type\":\"PropertyValueSpecification\",\"valueRequired\":true,\"valueName\":\"search_term_string\"}}],\"inLanguage\":\"es\"},{\"@type\":\"Organization\",\"@id\":\"https:\\\/\\\/www.proinca.es\\\/madridfansblog\\\/#organization\",\"name\":\"Proinca\",\"url\":\"https:\\\/\\\/www.proinca.es\\\/madridfansblog\\\/\",\"logo\":{\"@type\":\"ImageObject\",\"inLanguage\":\"es\",\"@id\":\"https:\\\/\\\/www.proinca.es\\\/madridfansblog\\\/#\\\/schema\\\/logo\\\/image\\\/\",\"url\":\"https:\\\/\\\/www.proinca.es\\\/madridfansblog\\\/wp-content\\\/uploads\\\/2022\\\/03\\\/logo-proinca.jpg\",\"contentUrl\":\"https:\\\/\\\/www.proinca.es\\\/madridfansblog\\\/wp-content\\\/uploads\\\/2022\\\/03\\\/logo-proinca.jpg\",\"width\":522,\"height\":250,\"caption\":\"Proinca\"},\"image\":{\"@id\":\"https:\\\/\\\/www.proinca.es\\\/madridfansblog\\\/#\\\/schema\\\/logo\\\/image\\\/\"}},{\"@type\":\"Person\",\"@id\":\"https:\\\/\\\/www.proinca.es\\\/madridfansblog\\\/#\\\/schema\\\/person\\\/8401adc89c0a0f5a3574c43326247f1e\",\"name\":\"Ana Calero\",\"image\":{\"@type\":\"ImageObject\",\"inLanguage\":\"es\",\"@id\":\"https:\\\/\\\/www.proinca.es\\\/madridfansblog\\\/wp-content\\\/litespeed\\\/avatar\\\/ef51b25c0718910f475570320941ef46.jpg?ver=1777379772\",\"url\":\"https:\\\/\\\/www.proinca.es\\\/madridfansblog\\\/wp-content\\\/litespeed\\\/avatar\\\/ef51b25c0718910f475570320941ef46.jpg?ver=1777379772\",\"contentUrl\":\"https:\\\/\\\/www.proinca.es\\\/madridfansblog\\\/wp-content\\\/litespeed\\\/avatar\\\/ef51b25c0718910f475570320941ef46.jpg?ver=1777379772\",\"caption\":\"Ana Calero\"},\"description\":\"Licenciada en Ciencias Empresariales por la Universidad Aut\u00f3noma de Madrid. Forma parte del equipo de Apartamentos Proinca y es una enamorada de Madrid\",\"sameAs\":[\"https:\\\/\\\/www.proinca.es\\\/madridfansblog\\\/ana-calero\\\/\"]}]}<\/script>\n<!-- \/ Yoast SEO plugin. -->","yoast_head_json":{"title":"Ruta del cocido madrile\u00f1o \/ Proinca alquiler estudios madrid","description":"Todas las opciones para que no te quedes sin probar un aut\u00e9ntico cocido madrile\u00f1o.Descubre la Ruta del cocido Madrile\u00f1o. Proinca alquiler de estudios en madrid.","robots":{"index":"index","follow":"follow","max-snippet":"max-snippet:-1","max-image-preview":"max-image-preview:large","max-video-preview":"max-video-preview:-1"},"canonical":"https:\/\/www.proinca.es\/madridfansblog\/chatines-y-chatinas-en-madrid-se-lleva-la-ruta-del-cocido-madrileno\/","og_locale":"es_ES","og_type":"article","og_title":"Ruta del cocido madrile\u00f1o \/ Proinca alquiler estudios madrid","og_description":"Todas las opciones para que no te quedes sin probar un aut\u00e9ntico cocido madrile\u00f1o.Descubre la Ruta del cocido Madrile\u00f1o. Proinca alquiler de estudios en madrid.","og_url":"https:\/\/www.proinca.es\/madridfansblog\/chatines-y-chatinas-en-madrid-se-lleva-la-ruta-del-cocido-madrileno\/","og_site_name":"Blog Proinca Madrid","article_published_time":"2013-03-11T11:30:04+00:00","article_modified_time":"2025-05-28T11:48:14+00:00","author":"Ana Calero","schema":{"@context":"https:\/\/schema.org","@graph":[{"@type":"Article","@id":"https:\/\/www.proinca.es\/madridfansblog\/chatines-y-chatinas-en-madrid-se-lleva-la-ruta-del-cocido-madrileno\/#article","isPartOf":{"@id":"https:\/\/www.proinca.es\/madridfansblog\/chatines-y-chatinas-en-madrid-se-lleva-la-ruta-del-cocido-madrileno\/"},"author":{"name":"Ana Calero","@id":"https:\/\/www.proinca.es\/madridfansblog\/#\/schema\/person\/8401adc89c0a0f5a3574c43326247f1e"},"headline":"CHATINES Y CHATINAS, EN MADRID SE LLEVA LA RUTA DEL COCIDO MADRILE\u00d1O!","datePublished":"2013-03-11T11:30:04+00:00","dateModified":"2025-05-28T11:48:14+00:00","mainEntityOfPage":{"@id":"https:\/\/www.proinca.es\/madridfansblog\/chatines-y-chatinas-en-madrid-se-lleva-la-ruta-del-cocido-madrileno\/"},"wordCount":452,"publisher":{"@id":"https:\/\/www.proinca.es\/madridfansblog\/#organization"},"keywords":["Afterwork","Cultura","Gastronom\u00eda","Madrid","Ocio","Restaurantes"],"articleSection":["VIVIR MADRID"],"inLanguage":"es"},{"@type":"WebPage","@id":"https:\/\/www.proinca.es\/madridfansblog\/chatines-y-chatinas-en-madrid-se-lleva-la-ruta-del-cocido-madrileno\/","url":"https:\/\/www.proinca.es\/madridfansblog\/chatines-y-chatinas-en-madrid-se-lleva-la-ruta-del-cocido-madrileno\/","name":"Ruta del cocido madrile\u00f1o \/ Proinca alquiler estudios madrid","isPartOf":{"@id":"https:\/\/www.proinca.es\/madridfansblog\/#website"},"datePublished":"2013-03-11T11:30:04+00:00","dateModified":"2025-05-28T11:48:14+00:00","description":"Todas las opciones para que no te quedes sin probar un aut\u00e9ntico cocido madrile\u00f1o.Descubre la Ruta del cocido Madrile\u00f1o. Proinca alquiler de estudios en madrid.","inLanguage":"es","potentialAction":[{"@type":"ReadAction","target":["https:\/\/www.proinca.es\/madridfansblog\/chatines-y-chatinas-en-madrid-se-lleva-la-ruta-del-cocido-madrileno\/"]}]},{"@type":"WebSite","@id":"https:\/\/www.proinca.es\/madridfansblog\/#website","url":"https:\/\/www.proinca.es\/madridfansblog\/","name":"Madrid Fans Blog Proinca","description":"Pisos y apartamentos de alquiler en Madrid","publisher":{"@id":"https:\/\/www.proinca.es\/madridfansblog\/#organization"},"potentialAction":[{"@type":"SearchAction","target":{"@type":"EntryPoint","urlTemplate":"https:\/\/www.proinca.es\/madridfansblog\/?s={search_term_string}"},"query-input":{"@type":"PropertyValueSpecification","valueRequired":true,"valueName":"search_term_string"}}],"inLanguage":"es"},{"@type":"Organization","@id":"https:\/\/www.proinca.es\/madridfansblog\/#organization","name":"Proinca","url":"https:\/\/www.proinca.es\/madridfansblog\/","logo":{"@type":"ImageObject","inLanguage":"es","@id":"https:\/\/www.proinca.es\/madridfansblog\/#\/schema\/logo\/image\/","url":"https:\/\/www.proinca.es\/madridfansblog\/wp-content\/uploads\/2022\/03\/logo-proinca.jpg","contentUrl":"https:\/\/www.proinca.es\/madridfansblog\/wp-content\/uploads\/2022\/03\/logo-proinca.jpg","width":522,"height":250,"caption":"Proinca"},"image":{"@id":"https:\/\/www.proinca.es\/madridfansblog\/#\/schema\/logo\/image\/"}},{"@type":"Person","@id":"https:\/\/www.proinca.es\/madridfansblog\/#\/schema\/person\/8401adc89c0a0f5a3574c43326247f1e","name":"Ana Calero","image":{"@type":"ImageObject","inLanguage":"es","@id":"https:\/\/www.proinca.es\/madridfansblog\/wp-content\/litespeed\/avatar\/ef51b25c0718910f475570320941ef46.jpg?ver=1777379772","url":"https:\/\/www.proinca.es\/madridfansblog\/wp-content\/litespeed\/avatar\/ef51b25c0718910f475570320941ef46.jpg?ver=1777379772","contentUrl":"https:\/\/www.proinca.es\/madridfansblog\/wp-content\/litespeed\/avatar\/ef51b25c0718910f475570320941ef46.jpg?ver=1777379772","caption":"Ana Calero"},"description":"Licenciada en Ciencias Empresariales por la Universidad Aut\u00f3noma de Madrid. Forma parte del equipo de Apartamentos Proinca y es una enamorada de Madrid","sameAs":["https:\/\/www.proinca.es\/madridfansblog\/ana-calero\/"]}]}},"_links":{"self":[{"href":"https:\/\/www.proinca.es\/madridfansblog\/wp-json\/wp\/v2\/posts\/1231","targetHints":{"allow":["GET"]}}],"collection":[{"href":"https:\/\/www.proinca.es\/madridfansblog\/wp-json\/wp\/v2\/posts"}],"about":[{"href":"https:\/\/www.proinca.es\/madridfansblog\/wp-json\/wp\/v2\/types\/post"}],"author":[{"embeddable":true,"href":"https:\/\/www.proinca.es\/madridfansblog\/wp-json\/wp\/v2\/users\/4"}],"replies":[{"embeddable":true,"href":"https:\/\/www.proinca.es\/madridfansblog\/wp-json\/wp\/v2\/comments?post=1231"}],"version-history":[{"count":19,"href":"https:\/\/www.proinca.es\/madridfansblog\/wp-json\/wp\/v2\/posts\/1231\/revisions"}],"predecessor-version":[{"id":7686,"href":"https:\/\/www.proinca.es\/madridfansblog\/wp-json\/wp\/v2\/posts\/1231\/revisions\/7686"}],"wp:attachment":[{"href":"https:\/\/www.proinca.es\/madridfansblog\/wp-json\/wp\/v2\/media?parent=1231"}],"wp:term":[{"taxonomy":"category","embeddable":true,"href":"https:\/\/www.proinca.es\/madridfansblog\/wp-json\/wp\/v2\/categories?post=1231"},{"taxonomy":"post_tag","embeddable":true,"href":"https:\/\/www.proinca.es\/madridfansblog\/wp-json\/wp\/v2\/tags?post=1231"}],"curies":[{"name":"wp","href":"https:\/\/api.w.org\/{rel}","templated":true}]}}