{"id":1286,"date":"2013-03-21T14:10:40","date_gmt":"2013-03-21T13:10:40","guid":{"rendered":"http:\/\/www.proinca.es\/madridfansblog\/?p=1286"},"modified":"2025-05-28T15:52:08","modified_gmt":"2025-05-28T13:52:08","slug":"la-magia-potagia-de-madrid-en-el-hayedo-de-montejo","status":"publish","type":"post","link":"https:\/\/www.proinca.es\/madridfansblog\/la-magia-potagia-de-madrid-en-el-hayedo-de-montejo\/","title":{"rendered":"LA MAGIA POTAGIA DE MADRID EN EL HAYEDO DE MONTEJO"},"content":{"rendered":"<p>Existen lugares m\u00e1gicos que nos evocan a mundos de fantas\u00eda, a bosques encantados y cuentos de hadas\u2026, uno de esos lugares en el <strong>hayedo de Montejo<\/strong>, un rinc\u00f3n de la sierra madrile\u00f1a donde crecen las hayas y los robles<!--more--> en un desconcertante equilibrio en el que tambi\u00e9n tienen cabida los brezos, los abedules, los acebos y los rebollos.<\/p>\n<p>Dicen los lugare\u00f1os que el bosque est\u00e1 encantado y que el rumor del agua, proveniente del r\u00edo Jarama, muy pr\u00f3ximo al hayedo, a menudo se confunde con el canto de ninfas y otros seres m\u00e1gicos. Sin duda, este es tan solo uno de los atractivos del lugar, que en las estaciones de oto\u00f1o y primavera alcanza su cenit gracias a la explosi\u00f3n de colores que toman el bosque: rojos, naranjas, ocres y amarillos a partir del mes de octubre, y un sinf\u00edn de verdes en abril.<\/p>\n<p>El hayedo de Montejo es perfecto para quienes se inician en el senderismo, no solo porque cuenta con rutas sencillas, sino porque el entorno invita a descubrir lugares nuevos. Es perfecto para pasar un d\u00eda en familia o con amigos, al aire libre, disfrutando de la naturaleza, haciendo deporte y, sobre todo, much\u00edsimas fotograf\u00edas.<\/p>\n<p>Y una \u00faltima recomendaci\u00f3n, siempre es conveniente, cuando nos encontramos en el coraz\u00f3n del bosque, hacer una paradita y sentarnos en silencio a escuchar el sonido de las aves, con algo de suerte podremos ver incluso zorros y corzos, y qui\u00e9n sabe, quiz\u00e1s alguna que otra hada que, como nosotros, quiere disfrutar de la m\u00e1gica calma del <strong>hayedo de Montejo<\/strong>.<\/p>\n<p>Datos de inter\u00e9s:<\/p>\n<ul>\n<li>Dimensi\u00f3n: 222 hect\u00e1reas aproximadamente.<\/li>\n<li>Catalogaci\u00f3n: Sitio Natural de Inter\u00e9s Nacional.<\/li>\n<li>Acceso: desde el municipio de Montejo de la Sierra, a trav\u00e9s de la carretera M-139, km 8 direcci\u00f3n El Cardoso de la Sierra.<\/li>\n<\/ul>\n<p>Informaci\u00f3n patrocinada por\u00a0<strong><a href=\"http:\/\/www.proinca.es\">Proinca\u00a0apartamentos en alquiler en Madrid<\/a><\/strong><\/p>\n<p>Foto de Manuel Cordero en Unsplash<\/p>\n\n\n<div class=\"kk-star-ratings kksr-auto kksr-align-left kksr-valign-bottom\"\n    data-payload='{&quot;align&quot;:&quot;left&quot;,&quot;id&quot;:&quot;1286&quot;,&quot;slug&quot;:&quot;default&quot;,&quot;valign&quot;:&quot;bottom&quot;,&quot;ignore&quot;:&quot;&quot;,&quot;reference&quot;:&quot;auto&quot;,&quot;class&quot;:&quot;&quot;,&quot;count&quot;:&quot;0&quot;,&quot;legendonly&quot;:&quot;&quot;,&quot;readonly&quot;:&quot;&quot;,&quot;score&quot;:&quot;0&quot;,&quot;starsonly&quot;:&quot;&quot;,&quot;best&quot;:&quot;5&quot;,&quot;gap&quot;:&quot;1&quot;,&quot;greet&quot;:&quot;Valora este art\u00edculo&quot;,&quot;legend&quot;:&quot;0\\\/5 - (0 votos)&quot;,&quot;size&quot;:&quot;24&quot;,&quot;title&quot;:&quot;LA MAGIA POTAGIA DE MADRID EN EL HAYEDO DE MONTEJO&quot;,&quot;width&quot;:&quot;0&quot;,&quot;_legend&quot;:&quot;{score}\\\/{best} - ({count} {votes})&quot;,&quot;font_factor&quot;:&quot;1.25&quot;}'>\n            \n<div class=\"kksr-stars\">\n    \n<div class=\"kksr-stars-inactive\">\n            <div class=\"kksr-star\" data-star=\"1\" style=\"padding-right: 1px\">\n            \n\n<div class=\"kksr-icon\" style=\"width: 24px; height: 24px;\"><\/div>\n        <\/div>\n            <div class=\"kksr-star\" data-star=\"2\" style=\"padding-right: 1px\">\n            \n\n<div class=\"kksr-icon\" style=\"width: 24px; height: 24px;\"><\/div>\n        <\/div>\n            <div class=\"kksr-star\" data-star=\"3\" style=\"padding-right: 1px\">\n            \n\n<div class=\"kksr-icon\" style=\"width: 24px; height: 24px;\"><\/div>\n        <\/div>\n            <div class=\"kksr-star\" data-star=\"4\" style=\"padding-right: 1px\">\n            \n\n<div class=\"kksr-icon\" style=\"width: 24px; height: 24px;\"><\/div>\n        <\/div>\n            <div class=\"kksr-star\" data-star=\"5\" style=\"padding-right: 1px\">\n            \n\n<div class=\"kksr-icon\" style=\"width: 24px; height: 24px;\"><\/div>\n        <\/div>\n    <\/div>\n    \n<div class=\"kksr-stars-active\" style=\"width: 0px;\">\n            <div class=\"kksr-star\" style=\"padding-right: 1px\">\n            \n\n<div class=\"kksr-icon\" style=\"width: 24px; height: 24px;\"><\/div>\n        <\/div>\n            <div class=\"kksr-star\" style=\"padding-right: 1px\">\n            \n\n<div class=\"kksr-icon\" style=\"width: 24px; height: 24px;\"><\/div>\n        <\/div>\n            <div class=\"kksr-star\" style=\"padding-right: 1px\">\n            \n\n<div class=\"kksr-icon\" style=\"width: 24px; height: 24px;\"><\/div>\n        <\/div>\n            <div class=\"kksr-star\" style=\"padding-right: 1px\">\n            \n\n<div class=\"kksr-icon\" style=\"width: 24px; height: 24px;\"><\/div>\n        <\/div>\n            <div class=\"kksr-star\" style=\"padding-right: 1px\">\n            \n\n<div class=\"kksr-icon\" style=\"width: 24px; height: 24px;\"><\/div>\n        <\/div>\n    <\/div>\n<\/div>\n                \n\n<div class=\"kksr-legend\" style=\"font-size: 19.2px;\">\n            <span class=\"kksr-muted\">Valora este art\u00edculo<\/span>\n    <\/div>\n    <\/div>\n","protected":false},"excerpt":{"rendered":"<p>Existen lugares m\u00e1gicos que nos evocan a mundos de fantas\u00eda,  [&#8230;]<\/p>\n","protected":false},"author":4,"featured_media":7057,"comment_status":"closed","ping_status":"closed","sticky":false,"template":"","format":"standard","meta":{"footnotes":""},"categories":[79],"tags":[],"class_list":["post-1286","post","type-post","status-publish","format-standard","has-post-thumbnail","hentry","category-vivir-madrid"],"yoast_head":"<!-- This site is optimized with the Yoast SEO plugin v27.4 - https:\/\/yoast.com\/product\/yoast-seo-wordpress\/ -->\n<title>Hayedo de Montejo Madrid \/ Proinca apartamentos de alquiler<\/title>\n<meta name=\"description\" content=\"Madrid Fans Blog.Dicen que el hayedo de Montejo est\u00e1 habitado por seres m\u00e1gicos.En primavera es una explosi\u00f3n de color espectacular.Apartamentos Proinca Madrid.\" \/>\n<meta name=\"robots\" content=\"index, follow, max-snippet:-1, max-image-preview:large, max-video-preview:-1\" \/>\n<link rel=\"canonical\" href=\"https:\/\/www.proinca.es\/madridfansblog\/la-magia-potagia-de-madrid-en-el-hayedo-de-montejo\/\" \/>\n<meta property=\"og:locale\" content=\"es_ES\" \/>\n<meta property=\"og:type\" content=\"article\" \/>\n<meta property=\"og:title\" content=\"Hayedo de Montejo Madrid \/ Proinca apartamentos de alquiler\" \/>\n<meta property=\"og:description\" content=\"Madrid Fans Blog.Dicen que el hayedo de Montejo est\u00e1 habitado por seres m\u00e1gicos.En primavera es una explosi\u00f3n de color espectacular.Apartamentos Proinca Madrid.\" \/>\n<meta property=\"og:url\" content=\"https:\/\/www.proinca.es\/madridfansblog\/la-magia-potagia-de-madrid-en-el-hayedo-de-montejo\/\" \/>\n<meta property=\"og:site_name\" content=\"Blog Proinca Madrid\" \/>\n<meta property=\"article:published_time\" content=\"2013-03-21T13:10:40+00:00\" \/>\n<meta property=\"article:modified_time\" content=\"2025-05-28T13:52:08+00:00\" \/>\n<meta property=\"og:image\" content=\"https:\/\/www.proinca.es\/madridfansblog\/wp-content\/uploads\/2013\/03\/hayedo-de-montejo.jpg\" \/>\n\t<meta property=\"og:image:width\" content=\"1000\" \/>\n\t<meta property=\"og:image:height\" content=\"667\" \/>\n\t<meta property=\"og:image:type\" content=\"image\/jpeg\" \/>\n<meta name=\"author\" content=\"Ana Calero\" \/>\n<script type=\"application\/ld+json\" class=\"yoast-schema-graph\">{\"@context\":\"https:\\\/\\\/schema.org\",\"@graph\":[{\"@type\":\"Article\",\"@id\":\"https:\\\/\\\/www.proinca.es\\\/madridfansblog\\\/la-magia-potagia-de-madrid-en-el-hayedo-de-montejo\\\/#article\",\"isPartOf\":{\"@id\":\"https:\\\/\\\/www.proinca.es\\\/madridfansblog\\\/la-magia-potagia-de-madrid-en-el-hayedo-de-montejo\\\/\"},\"author\":{\"name\":\"Ana Calero\",\"@id\":\"https:\\\/\\\/www.proinca.es\\\/madridfansblog\\\/#\\\/schema\\\/person\\\/8401adc89c0a0f5a3574c43326247f1e\"},\"headline\":\"LA MAGIA POTAGIA DE MADRID EN EL HAYEDO DE MONTEJO\",\"datePublished\":\"2013-03-21T13:10:40+00:00\",\"dateModified\":\"2025-05-28T13:52:08+00:00\",\"mainEntityOfPage\":{\"@id\":\"https:\\\/\\\/www.proinca.es\\\/madridfansblog\\\/la-magia-potagia-de-madrid-en-el-hayedo-de-montejo\\\/\"},\"wordCount\":345,\"publisher\":{\"@id\":\"https:\\\/\\\/www.proinca.es\\\/madridfansblog\\\/#organization\"},\"image\":{\"@id\":\"https:\\\/\\\/www.proinca.es\\\/madridfansblog\\\/la-magia-potagia-de-madrid-en-el-hayedo-de-montejo\\\/#primaryimage\"},\"thumbnailUrl\":\"https:\\\/\\\/www.proinca.es\\\/madridfansblog\\\/wp-content\\\/uploads\\\/2013\\\/03\\\/hayedo-de-montejo.jpg\",\"articleSection\":[\"VIVIR MADRID\"],\"inLanguage\":\"es\"},{\"@type\":\"WebPage\",\"@id\":\"https:\\\/\\\/www.proinca.es\\\/madridfansblog\\\/la-magia-potagia-de-madrid-en-el-hayedo-de-montejo\\\/\",\"url\":\"https:\\\/\\\/www.proinca.es\\\/madridfansblog\\\/la-magia-potagia-de-madrid-en-el-hayedo-de-montejo\\\/\",\"name\":\"Hayedo de Montejo Madrid \\\/ Proinca apartamentos de alquiler\",\"isPartOf\":{\"@id\":\"https:\\\/\\\/www.proinca.es\\\/madridfansblog\\\/#website\"},\"primaryImageOfPage\":{\"@id\":\"https:\\\/\\\/www.proinca.es\\\/madridfansblog\\\/la-magia-potagia-de-madrid-en-el-hayedo-de-montejo\\\/#primaryimage\"},\"image\":{\"@id\":\"https:\\\/\\\/www.proinca.es\\\/madridfansblog\\\/la-magia-potagia-de-madrid-en-el-hayedo-de-montejo\\\/#primaryimage\"},\"thumbnailUrl\":\"https:\\\/\\\/www.proinca.es\\\/madridfansblog\\\/wp-content\\\/uploads\\\/2013\\\/03\\\/hayedo-de-montejo.jpg\",\"datePublished\":\"2013-03-21T13:10:40+00:00\",\"dateModified\":\"2025-05-28T13:52:08+00:00\",\"description\":\"Madrid Fans Blog.Dicen que el hayedo de Montejo est\u00e1 habitado por seres m\u00e1gicos.En primavera es una explosi\u00f3n de color espectacular.Apartamentos Proinca Madrid.\",\"inLanguage\":\"es\",\"potentialAction\":[{\"@type\":\"ReadAction\",\"target\":[\"https:\\\/\\\/www.proinca.es\\\/madridfansblog\\\/la-magia-potagia-de-madrid-en-el-hayedo-de-montejo\\\/\"]}]},{\"@type\":\"ImageObject\",\"inLanguage\":\"es\",\"@id\":\"https:\\\/\\\/www.proinca.es\\\/madridfansblog\\\/la-magia-potagia-de-madrid-en-el-hayedo-de-montejo\\\/#primaryimage\",\"url\":\"https:\\\/\\\/www.proinca.es\\\/madridfansblog\\\/wp-content\\\/uploads\\\/2013\\\/03\\\/hayedo-de-montejo.jpg\",\"contentUrl\":\"https:\\\/\\\/www.proinca.es\\\/madridfansblog\\\/wp-content\\\/uploads\\\/2013\\\/03\\\/hayedo-de-montejo.jpg\",\"width\":1000,\"height\":667,\"caption\":\"La magia potagia de madrid en el hayedo de montejo\"},{\"@type\":\"WebSite\",\"@id\":\"https:\\\/\\\/www.proinca.es\\\/madridfansblog\\\/#website\",\"url\":\"https:\\\/\\\/www.proinca.es\\\/madridfansblog\\\/\",\"name\":\"Madrid Fans Blog Proinca\",\"description\":\"Pisos y apartamentos de alquiler en Madrid\",\"publisher\":{\"@id\":\"https:\\\/\\\/www.proinca.es\\\/madridfansblog\\\/#organization\"},\"potentialAction\":[{\"@type\":\"SearchAction\",\"target\":{\"@type\":\"EntryPoint\",\"urlTemplate\":\"https:\\\/\\\/www.proinca.es\\\/madridfansblog\\\/?s={search_term_string}\"},\"query-input\":{\"@type\":\"PropertyValueSpecification\",\"valueRequired\":true,\"valueName\":\"search_term_string\"}}],\"inLanguage\":\"es\"},{\"@type\":\"Organization\",\"@id\":\"https:\\\/\\\/www.proinca.es\\\/madridfansblog\\\/#organization\",\"name\":\"Proinca\",\"url\":\"https:\\\/\\\/www.proinca.es\\\/madridfansblog\\\/\",\"logo\":{\"@type\":\"ImageObject\",\"inLanguage\":\"es\",\"@id\":\"https:\\\/\\\/www.proinca.es\\\/madridfansblog\\\/#\\\/schema\\\/logo\\\/image\\\/\",\"url\":\"https:\\\/\\\/www.proinca.es\\\/madridfansblog\\\/wp-content\\\/uploads\\\/2022\\\/03\\\/logo-proinca.jpg\",\"contentUrl\":\"https:\\\/\\\/www.proinca.es\\\/madridfansblog\\\/wp-content\\\/uploads\\\/2022\\\/03\\\/logo-proinca.jpg\",\"width\":522,\"height\":250,\"caption\":\"Proinca\"},\"image\":{\"@id\":\"https:\\\/\\\/www.proinca.es\\\/madridfansblog\\\/#\\\/schema\\\/logo\\\/image\\\/\"}},{\"@type\":\"Person\",\"@id\":\"https:\\\/\\\/www.proinca.es\\\/madridfansblog\\\/#\\\/schema\\\/person\\\/8401adc89c0a0f5a3574c43326247f1e\",\"name\":\"Ana Calero\",\"image\":{\"@type\":\"ImageObject\",\"inLanguage\":\"es\",\"@id\":\"https:\\\/\\\/www.proinca.es\\\/madridfansblog\\\/wp-content\\\/litespeed\\\/avatar\\\/ef51b25c0718910f475570320941ef46.jpg?ver=1777379772\",\"url\":\"https:\\\/\\\/www.proinca.es\\\/madridfansblog\\\/wp-content\\\/litespeed\\\/avatar\\\/ef51b25c0718910f475570320941ef46.jpg?ver=1777379772\",\"contentUrl\":\"https:\\\/\\\/www.proinca.es\\\/madridfansblog\\\/wp-content\\\/litespeed\\\/avatar\\\/ef51b25c0718910f475570320941ef46.jpg?ver=1777379772\",\"caption\":\"Ana Calero\"},\"description\":\"Licenciada en Ciencias Empresariales por la Universidad Aut\u00f3noma de Madrid. Forma parte del equipo de Apartamentos Proinca y es una enamorada de Madrid\",\"sameAs\":[\"https:\\\/\\\/www.proinca.es\\\/madridfansblog\\\/ana-calero\\\/\"]}]}<\/script>\n<!-- \/ Yoast SEO plugin. -->","yoast_head_json":{"title":"Hayedo de Montejo Madrid \/ Proinca apartamentos de alquiler","description":"Madrid Fans Blog.Dicen que el hayedo de Montejo est\u00e1 habitado por seres m\u00e1gicos.En primavera es una explosi\u00f3n de color espectacular.Apartamentos Proinca Madrid.","robots":{"index":"index","follow":"follow","max-snippet":"max-snippet:-1","max-image-preview":"max-image-preview:large","max-video-preview":"max-video-preview:-1"},"canonical":"https:\/\/www.proinca.es\/madridfansblog\/la-magia-potagia-de-madrid-en-el-hayedo-de-montejo\/","og_locale":"es_ES","og_type":"article","og_title":"Hayedo de Montejo Madrid \/ Proinca apartamentos de alquiler","og_description":"Madrid Fans Blog.Dicen que el hayedo de Montejo est\u00e1 habitado por seres m\u00e1gicos.En primavera es una explosi\u00f3n de color espectacular.Apartamentos Proinca Madrid.","og_url":"https:\/\/www.proinca.es\/madridfansblog\/la-magia-potagia-de-madrid-en-el-hayedo-de-montejo\/","og_site_name":"Blog Proinca Madrid","article_published_time":"2013-03-21T13:10:40+00:00","article_modified_time":"2025-05-28T13:52:08+00:00","og_image":[{"width":1000,"height":667,"url":"https:\/\/www.proinca.es\/madridfansblog\/wp-content\/uploads\/2013\/03\/hayedo-de-montejo.jpg","type":"image\/jpeg"}],"author":"Ana Calero","schema":{"@context":"https:\/\/schema.org","@graph":[{"@type":"Article","@id":"https:\/\/www.proinca.es\/madridfansblog\/la-magia-potagia-de-madrid-en-el-hayedo-de-montejo\/#article","isPartOf":{"@id":"https:\/\/www.proinca.es\/madridfansblog\/la-magia-potagia-de-madrid-en-el-hayedo-de-montejo\/"},"author":{"name":"Ana Calero","@id":"https:\/\/www.proinca.es\/madridfansblog\/#\/schema\/person\/8401adc89c0a0f5a3574c43326247f1e"},"headline":"LA MAGIA POTAGIA DE MADRID EN EL HAYEDO DE MONTEJO","datePublished":"2013-03-21T13:10:40+00:00","dateModified":"2025-05-28T13:52:08+00:00","mainEntityOfPage":{"@id":"https:\/\/www.proinca.es\/madridfansblog\/la-magia-potagia-de-madrid-en-el-hayedo-de-montejo\/"},"wordCount":345,"publisher":{"@id":"https:\/\/www.proinca.es\/madridfansblog\/#organization"},"image":{"@id":"https:\/\/www.proinca.es\/madridfansblog\/la-magia-potagia-de-madrid-en-el-hayedo-de-montejo\/#primaryimage"},"thumbnailUrl":"https:\/\/www.proinca.es\/madridfansblog\/wp-content\/uploads\/2013\/03\/hayedo-de-montejo.jpg","articleSection":["VIVIR MADRID"],"inLanguage":"es"},{"@type":"WebPage","@id":"https:\/\/www.proinca.es\/madridfansblog\/la-magia-potagia-de-madrid-en-el-hayedo-de-montejo\/","url":"https:\/\/www.proinca.es\/madridfansblog\/la-magia-potagia-de-madrid-en-el-hayedo-de-montejo\/","name":"Hayedo de Montejo Madrid \/ Proinca apartamentos de alquiler","isPartOf":{"@id":"https:\/\/www.proinca.es\/madridfansblog\/#website"},"primaryImageOfPage":{"@id":"https:\/\/www.proinca.es\/madridfansblog\/la-magia-potagia-de-madrid-en-el-hayedo-de-montejo\/#primaryimage"},"image":{"@id":"https:\/\/www.proinca.es\/madridfansblog\/la-magia-potagia-de-madrid-en-el-hayedo-de-montejo\/#primaryimage"},"thumbnailUrl":"https:\/\/www.proinca.es\/madridfansblog\/wp-content\/uploads\/2013\/03\/hayedo-de-montejo.jpg","datePublished":"2013-03-21T13:10:40+00:00","dateModified":"2025-05-28T13:52:08+00:00","description":"Madrid Fans Blog.Dicen que el hayedo de Montejo est\u00e1 habitado por seres m\u00e1gicos.En primavera es una explosi\u00f3n de color espectacular.Apartamentos Proinca Madrid.","inLanguage":"es","potentialAction":[{"@type":"ReadAction","target":["https:\/\/www.proinca.es\/madridfansblog\/la-magia-potagia-de-madrid-en-el-hayedo-de-montejo\/"]}]},{"@type":"ImageObject","inLanguage":"es","@id":"https:\/\/www.proinca.es\/madridfansblog\/la-magia-potagia-de-madrid-en-el-hayedo-de-montejo\/#primaryimage","url":"https:\/\/www.proinca.es\/madridfansblog\/wp-content\/uploads\/2013\/03\/hayedo-de-montejo.jpg","contentUrl":"https:\/\/www.proinca.es\/madridfansblog\/wp-content\/uploads\/2013\/03\/hayedo-de-montejo.jpg","width":1000,"height":667,"caption":"La magia potagia de madrid en el hayedo de montejo"},{"@type":"WebSite","@id":"https:\/\/www.proinca.es\/madridfansblog\/#website","url":"https:\/\/www.proinca.es\/madridfansblog\/","name":"Madrid Fans Blog Proinca","description":"Pisos y apartamentos de alquiler en Madrid","publisher":{"@id":"https:\/\/www.proinca.es\/madridfansblog\/#organization"},"potentialAction":[{"@type":"SearchAction","target":{"@type":"EntryPoint","urlTemplate":"https:\/\/www.proinca.es\/madridfansblog\/?s={search_term_string}"},"query-input":{"@type":"PropertyValueSpecification","valueRequired":true,"valueName":"search_term_string"}}],"inLanguage":"es"},{"@type":"Organization","@id":"https:\/\/www.proinca.es\/madridfansblog\/#organization","name":"Proinca","url":"https:\/\/www.proinca.es\/madridfansblog\/","logo":{"@type":"ImageObject","inLanguage":"es","@id":"https:\/\/www.proinca.es\/madridfansblog\/#\/schema\/logo\/image\/","url":"https:\/\/www.proinca.es\/madridfansblog\/wp-content\/uploads\/2022\/03\/logo-proinca.jpg","contentUrl":"https:\/\/www.proinca.es\/madridfansblog\/wp-content\/uploads\/2022\/03\/logo-proinca.jpg","width":522,"height":250,"caption":"Proinca"},"image":{"@id":"https:\/\/www.proinca.es\/madridfansblog\/#\/schema\/logo\/image\/"}},{"@type":"Person","@id":"https:\/\/www.proinca.es\/madridfansblog\/#\/schema\/person\/8401adc89c0a0f5a3574c43326247f1e","name":"Ana Calero","image":{"@type":"ImageObject","inLanguage":"es","@id":"https:\/\/www.proinca.es\/madridfansblog\/wp-content\/litespeed\/avatar\/ef51b25c0718910f475570320941ef46.jpg?ver=1777379772","url":"https:\/\/www.proinca.es\/madridfansblog\/wp-content\/litespeed\/avatar\/ef51b25c0718910f475570320941ef46.jpg?ver=1777379772","contentUrl":"https:\/\/www.proinca.es\/madridfansblog\/wp-content\/litespeed\/avatar\/ef51b25c0718910f475570320941ef46.jpg?ver=1777379772","caption":"Ana Calero"},"description":"Licenciada en Ciencias Empresariales por la Universidad Aut\u00f3noma de Madrid. Forma parte del equipo de Apartamentos Proinca y es una enamorada de Madrid","sameAs":["https:\/\/www.proinca.es\/madridfansblog\/ana-calero\/"]}]}},"_links":{"self":[{"href":"https:\/\/www.proinca.es\/madridfansblog\/wp-json\/wp\/v2\/posts\/1286","targetHints":{"allow":["GET"]}}],"collection":[{"href":"https:\/\/www.proinca.es\/madridfansblog\/wp-json\/wp\/v2\/posts"}],"about":[{"href":"https:\/\/www.proinca.es\/madridfansblog\/wp-json\/wp\/v2\/types\/post"}],"author":[{"embeddable":true,"href":"https:\/\/www.proinca.es\/madridfansblog\/wp-json\/wp\/v2\/users\/4"}],"replies":[{"embeddable":true,"href":"https:\/\/www.proinca.es\/madridfansblog\/wp-json\/wp\/v2\/comments?post=1286"}],"version-history":[{"count":22,"href":"https:\/\/www.proinca.es\/madridfansblog\/wp-json\/wp\/v2\/posts\/1286\/revisions"}],"predecessor-version":[{"id":7683,"href":"https:\/\/www.proinca.es\/madridfansblog\/wp-json\/wp\/v2\/posts\/1286\/revisions\/7683"}],"wp:featuredmedia":[{"embeddable":true,"href":"https:\/\/www.proinca.es\/madridfansblog\/wp-json\/wp\/v2\/media\/7057"}],"wp:attachment":[{"href":"https:\/\/www.proinca.es\/madridfansblog\/wp-json\/wp\/v2\/media?parent=1286"}],"wp:term":[{"taxonomy":"category","embeddable":true,"href":"https:\/\/www.proinca.es\/madridfansblog\/wp-json\/wp\/v2\/categories?post=1286"},{"taxonomy":"post_tag","embeddable":true,"href":"https:\/\/www.proinca.es\/madridfansblog\/wp-json\/wp\/v2\/tags?post=1286"}],"curies":[{"name":"wp","href":"https:\/\/api.w.org\/{rel}","templated":true}]}}