{"id":1324,"date":"2013-03-27T14:15:03","date_gmt":"2013-03-27T13:15:03","guid":{"rendered":"http:\/\/www.proinca.es\/madridfansblog\/?p=1324"},"modified":"2025-05-28T15:51:43","modified_gmt":"2025-05-28T13:51:43","slug":"madrid-y-su-inolvidable-movida-madrilena","status":"publish","type":"post","link":"https:\/\/www.proinca.es\/madridfansblog\/madrid-y-su-inolvidable-movida-madrilena\/","title":{"rendered":"MADRID Y SU INOLVIDABLE MOVIDA MADRILE\u00d1A"},"content":{"rendered":"<p>Un paseo por Malasa\u00f1a no basta para revivir los a\u00f1os de la <strong>Movida madrile\u00f1a<\/strong>, hay que saber d\u00f3nde parar, d\u00f3nde mirar y d\u00f3nde escuchar para rememorar el nacimiento de una nueva forma de hacer m\u00fasica y de pensar que cautiv\u00f3 a toda una generaci\u00f3n en los a\u00f1os 80 <!--more-->y que a\u00fan hoy sigue levantando pasiones entre quienes quieren remar a contracorriente.<\/p>\n<p>Uno de esos rincones es La V\u00eda L\u00e1ctea (Velarde, 18), aut\u00e9ntico superviviente del nuevo siglo, donde sigue sonando <em>La Chica de ayer<\/em> y Los Secretos. No apto para nost\u00e1lgicos. El Penta (Palma, 4) es otro de los m\u00edticos, pues a\u00fan conserva esa atm\u00f3sfera ochentera que programas como <em>Musical Expr\u00e9ss<\/em> o <em>La bola de cristal<\/em> introdujeron en nuestros hogares.<\/p>\n<p>Otro lugar de culto es el garito Rock-Ola (Padre Xifr\u00e9, 3) donde hicieron sus pinitos Alaska, Nacha Pop o Radio Futura, aunque ahora solo podamos admirar su desvencijada puerta. El local fue cerrado en 1985 debido al consumo de droga y las habituales reyertas. La sala Sol (Jardines, 3) tambi\u00e9n sobrevive a la Movida, aunque en esta \u00faltima queda poco de aquel esp\u00edritu.<\/p>\n<p>Y por supuesto, la plaza Dos de Mayo, donde todo comenz\u00f3 a principios de los 80 para convertirse en un aut\u00e9ntico fen\u00f3meno cultural y l\u00fadico que traspasaba las fronteras madrile\u00f1as y donde nombres propios como los de la fot\u00f3grafa Ouka Lele o el director de cine \u00a0Pedro Almod\u00f3var pon\u00edan, junto a muchos otros literatos, escritores y periodistas, el grano intelectual a este movimiento.<\/p>\n<p>Si te perdiste la <strong>Movida madrile\u00f1a<\/strong>, mejor no te la vuelvas a perder.<\/p>\n<p>Una propuesta de <strong><a href=\"http:\/\/www.proinca.es\/buscador-pisos\/tipo-1\/orden-tipo\/\">Proinca alquiler de estudios en Madrid<\/a><\/strong><\/p>\n<p>Foto de Matthew LeJune en Unsplash<\/p>\n\n\n<div class=\"kk-star-ratings kksr-auto kksr-align-left kksr-valign-bottom\"\n    data-payload='{&quot;align&quot;:&quot;left&quot;,&quot;id&quot;:&quot;1324&quot;,&quot;slug&quot;:&quot;default&quot;,&quot;valign&quot;:&quot;bottom&quot;,&quot;ignore&quot;:&quot;&quot;,&quot;reference&quot;:&quot;auto&quot;,&quot;class&quot;:&quot;&quot;,&quot;count&quot;:&quot;0&quot;,&quot;legendonly&quot;:&quot;&quot;,&quot;readonly&quot;:&quot;&quot;,&quot;score&quot;:&quot;0&quot;,&quot;starsonly&quot;:&quot;&quot;,&quot;best&quot;:&quot;5&quot;,&quot;gap&quot;:&quot;1&quot;,&quot;greet&quot;:&quot;Valora este art\u00edculo&quot;,&quot;legend&quot;:&quot;0\\\/5 - (0 votos)&quot;,&quot;size&quot;:&quot;24&quot;,&quot;title&quot;:&quot;MADRID Y SU INOLVIDABLE MOVIDA MADRILE\u00d1A&quot;,&quot;width&quot;:&quot;0&quot;,&quot;_legend&quot;:&quot;{score}\\\/{best} - ({count} {votes})&quot;,&quot;font_factor&quot;:&quot;1.25&quot;}'>\n            \n<div class=\"kksr-stars\">\n    \n<div class=\"kksr-stars-inactive\">\n            <div class=\"kksr-star\" data-star=\"1\" style=\"padding-right: 1px\">\n            \n\n<div class=\"kksr-icon\" style=\"width: 24px; height: 24px;\"><\/div>\n        <\/div>\n            <div class=\"kksr-star\" data-star=\"2\" style=\"padding-right: 1px\">\n            \n\n<div class=\"kksr-icon\" style=\"width: 24px; height: 24px;\"><\/div>\n        <\/div>\n            <div class=\"kksr-star\" data-star=\"3\" style=\"padding-right: 1px\">\n            \n\n<div class=\"kksr-icon\" style=\"width: 24px; height: 24px;\"><\/div>\n        <\/div>\n            <div class=\"kksr-star\" data-star=\"4\" style=\"padding-right: 1px\">\n            \n\n<div class=\"kksr-icon\" style=\"width: 24px; height: 24px;\"><\/div>\n        <\/div>\n            <div class=\"kksr-star\" data-star=\"5\" style=\"padding-right: 1px\">\n            \n\n<div class=\"kksr-icon\" style=\"width: 24px; height: 24px;\"><\/div>\n        <\/div>\n    <\/div>\n    \n<div class=\"kksr-stars-active\" style=\"width: 0px;\">\n            <div class=\"kksr-star\" style=\"padding-right: 1px\">\n            \n\n<div class=\"kksr-icon\" style=\"width: 24px; height: 24px;\"><\/div>\n        <\/div>\n            <div class=\"kksr-star\" style=\"padding-right: 1px\">\n            \n\n<div class=\"kksr-icon\" style=\"width: 24px; height: 24px;\"><\/div>\n        <\/div>\n            <div class=\"kksr-star\" style=\"padding-right: 1px\">\n            \n\n<div class=\"kksr-icon\" style=\"width: 24px; height: 24px;\"><\/div>\n        <\/div>\n            <div class=\"kksr-star\" style=\"padding-right: 1px\">\n            \n\n<div class=\"kksr-icon\" style=\"width: 24px; height: 24px;\"><\/div>\n        <\/div>\n            <div class=\"kksr-star\" style=\"padding-right: 1px\">\n            \n\n<div class=\"kksr-icon\" style=\"width: 24px; height: 24px;\"><\/div>\n        <\/div>\n    <\/div>\n<\/div>\n                \n\n<div class=\"kksr-legend\" style=\"font-size: 19.2px;\">\n            <span class=\"kksr-muted\">Valora este art\u00edculo<\/span>\n    <\/div>\n    <\/div>\n","protected":false},"excerpt":{"rendered":"<p>Un paseo por Malasa\u00f1a no basta para revivir los a\u00f1os  [&#8230;]<\/p>\n","protected":false},"author":4,"featured_media":7404,"comment_status":"closed","ping_status":"closed","sticky":false,"template":"","format":"standard","meta":{"footnotes":""},"categories":[79],"tags":[],"class_list":["post-1324","post","type-post","status-publish","format-standard","has-post-thumbnail","hentry","category-vivir-madrid"],"yoast_head":"<!-- This site is optimized with the Yoast SEO plugin v27.4 - https:\/\/yoast.com\/product\/yoast-seo-wordpress\/ -->\n<title>Movida madrile\u00f1a \/ Proinca apartamentos alquiler Madrid<\/title>\n<meta name=\"description\" content=\"MadridFansBlog. Te proponemos ir de ruta por los lugares m\u00edticos de la movida madrile\u00f1a que caus\u00f3 furor en los a\u00f1os 80. Apartamentos Proinca Madrid.\" \/>\n<meta name=\"robots\" content=\"index, follow, max-snippet:-1, max-image-preview:large, max-video-preview:-1\" \/>\n<link rel=\"canonical\" href=\"https:\/\/www.proinca.es\/madridfansblog\/madrid-y-su-inolvidable-movida-madrilena\/\" \/>\n<meta property=\"og:locale\" content=\"es_ES\" \/>\n<meta property=\"og:type\" content=\"article\" \/>\n<meta property=\"og:title\" content=\"Movida madrile\u00f1a \/ Proinca apartamentos alquiler Madrid\" \/>\n<meta property=\"og:description\" content=\"MadridFansBlog. Te proponemos ir de ruta por los lugares m\u00edticos de la movida madrile\u00f1a que caus\u00f3 furor en los a\u00f1os 80. Apartamentos Proinca Madrid.\" \/>\n<meta property=\"og:url\" content=\"https:\/\/www.proinca.es\/madridfansblog\/madrid-y-su-inolvidable-movida-madrilena\/\" \/>\n<meta property=\"og:site_name\" content=\"Blog Proinca Madrid\" \/>\n<meta property=\"article:published_time\" content=\"2013-03-27T13:15:03+00:00\" \/>\n<meta property=\"article:modified_time\" content=\"2025-05-28T13:51:43+00:00\" \/>\n<meta property=\"og:image\" content=\"https:\/\/www.proinca.es\/madridfansblog\/wp-content\/uploads\/2013\/03\/movida-madrilena.jpg\" \/>\n\t<meta property=\"og:image:width\" content=\"1000\" \/>\n\t<meta property=\"og:image:height\" content=\"668\" \/>\n\t<meta property=\"og:image:type\" content=\"image\/jpeg\" \/>\n<meta name=\"author\" content=\"Ana Calero\" \/>\n<script type=\"application\/ld+json\" class=\"yoast-schema-graph\">{\"@context\":\"https:\\\/\\\/schema.org\",\"@graph\":[{\"@type\":\"Article\",\"@id\":\"https:\\\/\\\/www.proinca.es\\\/madridfansblog\\\/madrid-y-su-inolvidable-movida-madrilena\\\/#article\",\"isPartOf\":{\"@id\":\"https:\\\/\\\/www.proinca.es\\\/madridfansblog\\\/madrid-y-su-inolvidable-movida-madrilena\\\/\"},\"author\":{\"name\":\"Ana Calero\",\"@id\":\"https:\\\/\\\/www.proinca.es\\\/madridfansblog\\\/#\\\/schema\\\/person\\\/8401adc89c0a0f5a3574c43326247f1e\"},\"headline\":\"MADRID Y SU INOLVIDABLE MOVIDA MADRILE\u00d1A\",\"datePublished\":\"2013-03-27T13:15:03+00:00\",\"dateModified\":\"2025-05-28T13:51:43+00:00\",\"mainEntityOfPage\":{\"@id\":\"https:\\\/\\\/www.proinca.es\\\/madridfansblog\\\/madrid-y-su-inolvidable-movida-madrilena\\\/\"},\"wordCount\":301,\"publisher\":{\"@id\":\"https:\\\/\\\/www.proinca.es\\\/madridfansblog\\\/#organization\"},\"image\":{\"@id\":\"https:\\\/\\\/www.proinca.es\\\/madridfansblog\\\/madrid-y-su-inolvidable-movida-madrilena\\\/#primaryimage\"},\"thumbnailUrl\":\"https:\\\/\\\/www.proinca.es\\\/madridfansblog\\\/wp-content\\\/uploads\\\/2013\\\/03\\\/movida-madrilena.jpg\",\"articleSection\":[\"VIVIR MADRID\"],\"inLanguage\":\"es\"},{\"@type\":\"WebPage\",\"@id\":\"https:\\\/\\\/www.proinca.es\\\/madridfansblog\\\/madrid-y-su-inolvidable-movida-madrilena\\\/\",\"url\":\"https:\\\/\\\/www.proinca.es\\\/madridfansblog\\\/madrid-y-su-inolvidable-movida-madrilena\\\/\",\"name\":\"Movida madrile\u00f1a \\\/ Proinca apartamentos alquiler Madrid\",\"isPartOf\":{\"@id\":\"https:\\\/\\\/www.proinca.es\\\/madridfansblog\\\/#website\"},\"primaryImageOfPage\":{\"@id\":\"https:\\\/\\\/www.proinca.es\\\/madridfansblog\\\/madrid-y-su-inolvidable-movida-madrilena\\\/#primaryimage\"},\"image\":{\"@id\":\"https:\\\/\\\/www.proinca.es\\\/madridfansblog\\\/madrid-y-su-inolvidable-movida-madrilena\\\/#primaryimage\"},\"thumbnailUrl\":\"https:\\\/\\\/www.proinca.es\\\/madridfansblog\\\/wp-content\\\/uploads\\\/2013\\\/03\\\/movida-madrilena.jpg\",\"datePublished\":\"2013-03-27T13:15:03+00:00\",\"dateModified\":\"2025-05-28T13:51:43+00:00\",\"description\":\"MadridFansBlog. Te proponemos ir de ruta por los lugares m\u00edticos de la movida madrile\u00f1a que caus\u00f3 furor en los a\u00f1os 80. Apartamentos Proinca Madrid.\",\"inLanguage\":\"es\",\"potentialAction\":[{\"@type\":\"ReadAction\",\"target\":[\"https:\\\/\\\/www.proinca.es\\\/madridfansblog\\\/madrid-y-su-inolvidable-movida-madrilena\\\/\"]}]},{\"@type\":\"ImageObject\",\"inLanguage\":\"es\",\"@id\":\"https:\\\/\\\/www.proinca.es\\\/madridfansblog\\\/madrid-y-su-inolvidable-movida-madrilena\\\/#primaryimage\",\"url\":\"https:\\\/\\\/www.proinca.es\\\/madridfansblog\\\/wp-content\\\/uploads\\\/2013\\\/03\\\/movida-madrilena.jpg\",\"contentUrl\":\"https:\\\/\\\/www.proinca.es\\\/madridfansblog\\\/wp-content\\\/uploads\\\/2013\\\/03\\\/movida-madrilena.jpg\",\"width\":1000,\"height\":668,\"caption\":\"Madrid y su inolvidable movida madrile\u00f1a\"},{\"@type\":\"WebSite\",\"@id\":\"https:\\\/\\\/www.proinca.es\\\/madridfansblog\\\/#website\",\"url\":\"https:\\\/\\\/www.proinca.es\\\/madridfansblog\\\/\",\"name\":\"Madrid Fans Blog Proinca\",\"description\":\"Pisos y apartamentos de alquiler en Madrid\",\"publisher\":{\"@id\":\"https:\\\/\\\/www.proinca.es\\\/madridfansblog\\\/#organization\"},\"potentialAction\":[{\"@type\":\"SearchAction\",\"target\":{\"@type\":\"EntryPoint\",\"urlTemplate\":\"https:\\\/\\\/www.proinca.es\\\/madridfansblog\\\/?s={search_term_string}\"},\"query-input\":{\"@type\":\"PropertyValueSpecification\",\"valueRequired\":true,\"valueName\":\"search_term_string\"}}],\"inLanguage\":\"es\"},{\"@type\":\"Organization\",\"@id\":\"https:\\\/\\\/www.proinca.es\\\/madridfansblog\\\/#organization\",\"name\":\"Proinca\",\"url\":\"https:\\\/\\\/www.proinca.es\\\/madridfansblog\\\/\",\"logo\":{\"@type\":\"ImageObject\",\"inLanguage\":\"es\",\"@id\":\"https:\\\/\\\/www.proinca.es\\\/madridfansblog\\\/#\\\/schema\\\/logo\\\/image\\\/\",\"url\":\"https:\\\/\\\/www.proinca.es\\\/madridfansblog\\\/wp-content\\\/uploads\\\/2022\\\/03\\\/logo-proinca.jpg\",\"contentUrl\":\"https:\\\/\\\/www.proinca.es\\\/madridfansblog\\\/wp-content\\\/uploads\\\/2022\\\/03\\\/logo-proinca.jpg\",\"width\":522,\"height\":250,\"caption\":\"Proinca\"},\"image\":{\"@id\":\"https:\\\/\\\/www.proinca.es\\\/madridfansblog\\\/#\\\/schema\\\/logo\\\/image\\\/\"}},{\"@type\":\"Person\",\"@id\":\"https:\\\/\\\/www.proinca.es\\\/madridfansblog\\\/#\\\/schema\\\/person\\\/8401adc89c0a0f5a3574c43326247f1e\",\"name\":\"Ana Calero\",\"image\":{\"@type\":\"ImageObject\",\"inLanguage\":\"es\",\"@id\":\"https:\\\/\\\/www.proinca.es\\\/madridfansblog\\\/wp-content\\\/litespeed\\\/avatar\\\/ef51b25c0718910f475570320941ef46.jpg?ver=1777379772\",\"url\":\"https:\\\/\\\/www.proinca.es\\\/madridfansblog\\\/wp-content\\\/litespeed\\\/avatar\\\/ef51b25c0718910f475570320941ef46.jpg?ver=1777379772\",\"contentUrl\":\"https:\\\/\\\/www.proinca.es\\\/madridfansblog\\\/wp-content\\\/litespeed\\\/avatar\\\/ef51b25c0718910f475570320941ef46.jpg?ver=1777379772\",\"caption\":\"Ana Calero\"},\"description\":\"Licenciada en Ciencias Empresariales por la Universidad Aut\u00f3noma de Madrid. Forma parte del equipo de Apartamentos Proinca y es una enamorada de Madrid\",\"sameAs\":[\"https:\\\/\\\/www.proinca.es\\\/madridfansblog\\\/ana-calero\\\/\"]}]}<\/script>\n<!-- \/ Yoast SEO plugin. -->","yoast_head_json":{"title":"Movida madrile\u00f1a \/ Proinca apartamentos alquiler Madrid","description":"MadridFansBlog. Te proponemos ir de ruta por los lugares m\u00edticos de la movida madrile\u00f1a que caus\u00f3 furor en los a\u00f1os 80. Apartamentos Proinca Madrid.","robots":{"index":"index","follow":"follow","max-snippet":"max-snippet:-1","max-image-preview":"max-image-preview:large","max-video-preview":"max-video-preview:-1"},"canonical":"https:\/\/www.proinca.es\/madridfansblog\/madrid-y-su-inolvidable-movida-madrilena\/","og_locale":"es_ES","og_type":"article","og_title":"Movida madrile\u00f1a \/ Proinca apartamentos alquiler Madrid","og_description":"MadridFansBlog. Te proponemos ir de ruta por los lugares m\u00edticos de la movida madrile\u00f1a que caus\u00f3 furor en los a\u00f1os 80. Apartamentos Proinca Madrid.","og_url":"https:\/\/www.proinca.es\/madridfansblog\/madrid-y-su-inolvidable-movida-madrilena\/","og_site_name":"Blog Proinca Madrid","article_published_time":"2013-03-27T13:15:03+00:00","article_modified_time":"2025-05-28T13:51:43+00:00","og_image":[{"width":1000,"height":668,"url":"https:\/\/www.proinca.es\/madridfansblog\/wp-content\/uploads\/2013\/03\/movida-madrilena.jpg","type":"image\/jpeg"}],"author":"Ana Calero","schema":{"@context":"https:\/\/schema.org","@graph":[{"@type":"Article","@id":"https:\/\/www.proinca.es\/madridfansblog\/madrid-y-su-inolvidable-movida-madrilena\/#article","isPartOf":{"@id":"https:\/\/www.proinca.es\/madridfansblog\/madrid-y-su-inolvidable-movida-madrilena\/"},"author":{"name":"Ana Calero","@id":"https:\/\/www.proinca.es\/madridfansblog\/#\/schema\/person\/8401adc89c0a0f5a3574c43326247f1e"},"headline":"MADRID Y SU INOLVIDABLE MOVIDA MADRILE\u00d1A","datePublished":"2013-03-27T13:15:03+00:00","dateModified":"2025-05-28T13:51:43+00:00","mainEntityOfPage":{"@id":"https:\/\/www.proinca.es\/madridfansblog\/madrid-y-su-inolvidable-movida-madrilena\/"},"wordCount":301,"publisher":{"@id":"https:\/\/www.proinca.es\/madridfansblog\/#organization"},"image":{"@id":"https:\/\/www.proinca.es\/madridfansblog\/madrid-y-su-inolvidable-movida-madrilena\/#primaryimage"},"thumbnailUrl":"https:\/\/www.proinca.es\/madridfansblog\/wp-content\/uploads\/2013\/03\/movida-madrilena.jpg","articleSection":["VIVIR MADRID"],"inLanguage":"es"},{"@type":"WebPage","@id":"https:\/\/www.proinca.es\/madridfansblog\/madrid-y-su-inolvidable-movida-madrilena\/","url":"https:\/\/www.proinca.es\/madridfansblog\/madrid-y-su-inolvidable-movida-madrilena\/","name":"Movida madrile\u00f1a \/ Proinca apartamentos alquiler Madrid","isPartOf":{"@id":"https:\/\/www.proinca.es\/madridfansblog\/#website"},"primaryImageOfPage":{"@id":"https:\/\/www.proinca.es\/madridfansblog\/madrid-y-su-inolvidable-movida-madrilena\/#primaryimage"},"image":{"@id":"https:\/\/www.proinca.es\/madridfansblog\/madrid-y-su-inolvidable-movida-madrilena\/#primaryimage"},"thumbnailUrl":"https:\/\/www.proinca.es\/madridfansblog\/wp-content\/uploads\/2013\/03\/movida-madrilena.jpg","datePublished":"2013-03-27T13:15:03+00:00","dateModified":"2025-05-28T13:51:43+00:00","description":"MadridFansBlog. Te proponemos ir de ruta por los lugares m\u00edticos de la movida madrile\u00f1a que caus\u00f3 furor en los a\u00f1os 80. Apartamentos Proinca Madrid.","inLanguage":"es","potentialAction":[{"@type":"ReadAction","target":["https:\/\/www.proinca.es\/madridfansblog\/madrid-y-su-inolvidable-movida-madrilena\/"]}]},{"@type":"ImageObject","inLanguage":"es","@id":"https:\/\/www.proinca.es\/madridfansblog\/madrid-y-su-inolvidable-movida-madrilena\/#primaryimage","url":"https:\/\/www.proinca.es\/madridfansblog\/wp-content\/uploads\/2013\/03\/movida-madrilena.jpg","contentUrl":"https:\/\/www.proinca.es\/madridfansblog\/wp-content\/uploads\/2013\/03\/movida-madrilena.jpg","width":1000,"height":668,"caption":"Madrid y su inolvidable movida madrile\u00f1a"},{"@type":"WebSite","@id":"https:\/\/www.proinca.es\/madridfansblog\/#website","url":"https:\/\/www.proinca.es\/madridfansblog\/","name":"Madrid Fans Blog Proinca","description":"Pisos y apartamentos de alquiler en Madrid","publisher":{"@id":"https:\/\/www.proinca.es\/madridfansblog\/#organization"},"potentialAction":[{"@type":"SearchAction","target":{"@type":"EntryPoint","urlTemplate":"https:\/\/www.proinca.es\/madridfansblog\/?s={search_term_string}"},"query-input":{"@type":"PropertyValueSpecification","valueRequired":true,"valueName":"search_term_string"}}],"inLanguage":"es"},{"@type":"Organization","@id":"https:\/\/www.proinca.es\/madridfansblog\/#organization","name":"Proinca","url":"https:\/\/www.proinca.es\/madridfansblog\/","logo":{"@type":"ImageObject","inLanguage":"es","@id":"https:\/\/www.proinca.es\/madridfansblog\/#\/schema\/logo\/image\/","url":"https:\/\/www.proinca.es\/madridfansblog\/wp-content\/uploads\/2022\/03\/logo-proinca.jpg","contentUrl":"https:\/\/www.proinca.es\/madridfansblog\/wp-content\/uploads\/2022\/03\/logo-proinca.jpg","width":522,"height":250,"caption":"Proinca"},"image":{"@id":"https:\/\/www.proinca.es\/madridfansblog\/#\/schema\/logo\/image\/"}},{"@type":"Person","@id":"https:\/\/www.proinca.es\/madridfansblog\/#\/schema\/person\/8401adc89c0a0f5a3574c43326247f1e","name":"Ana Calero","image":{"@type":"ImageObject","inLanguage":"es","@id":"https:\/\/www.proinca.es\/madridfansblog\/wp-content\/litespeed\/avatar\/ef51b25c0718910f475570320941ef46.jpg?ver=1777379772","url":"https:\/\/www.proinca.es\/madridfansblog\/wp-content\/litespeed\/avatar\/ef51b25c0718910f475570320941ef46.jpg?ver=1777379772","contentUrl":"https:\/\/www.proinca.es\/madridfansblog\/wp-content\/litespeed\/avatar\/ef51b25c0718910f475570320941ef46.jpg?ver=1777379772","caption":"Ana Calero"},"description":"Licenciada en Ciencias Empresariales por la Universidad Aut\u00f3noma de Madrid. Forma parte del equipo de Apartamentos Proinca y es una enamorada de Madrid","sameAs":["https:\/\/www.proinca.es\/madridfansblog\/ana-calero\/"]}]}},"_links":{"self":[{"href":"https:\/\/www.proinca.es\/madridfansblog\/wp-json\/wp\/v2\/posts\/1324","targetHints":{"allow":["GET"]}}],"collection":[{"href":"https:\/\/www.proinca.es\/madridfansblog\/wp-json\/wp\/v2\/posts"}],"about":[{"href":"https:\/\/www.proinca.es\/madridfansblog\/wp-json\/wp\/v2\/types\/post"}],"author":[{"embeddable":true,"href":"https:\/\/www.proinca.es\/madridfansblog\/wp-json\/wp\/v2\/users\/4"}],"replies":[{"embeddable":true,"href":"https:\/\/www.proinca.es\/madridfansblog\/wp-json\/wp\/v2\/comments?post=1324"}],"version-history":[{"count":14,"href":"https:\/\/www.proinca.es\/madridfansblog\/wp-json\/wp\/v2\/posts\/1324\/revisions"}],"predecessor-version":[{"id":7681,"href":"https:\/\/www.proinca.es\/madridfansblog\/wp-json\/wp\/v2\/posts\/1324\/revisions\/7681"}],"wp:featuredmedia":[{"embeddable":true,"href":"https:\/\/www.proinca.es\/madridfansblog\/wp-json\/wp\/v2\/media\/7404"}],"wp:attachment":[{"href":"https:\/\/www.proinca.es\/madridfansblog\/wp-json\/wp\/v2\/media?parent=1324"}],"wp:term":[{"taxonomy":"category","embeddable":true,"href":"https:\/\/www.proinca.es\/madridfansblog\/wp-json\/wp\/v2\/categories?post=1324"},{"taxonomy":"post_tag","embeddable":true,"href":"https:\/\/www.proinca.es\/madridfansblog\/wp-json\/wp\/v2\/tags?post=1324"}],"curies":[{"name":"wp","href":"https:\/\/api.w.org\/{rel}","templated":true}]}}