{"id":1416,"date":"2013-05-02T11:10:26","date_gmt":"2013-05-02T09:10:26","guid":{"rendered":"http:\/\/www.proinca.es\/madridfansblog\/?p=1416"},"modified":"2025-05-28T15:51:33","modified_gmt":"2025-05-28T13:51:33","slug":"carrera-de-la-mujer-madrid-apoya-la-lucha-contra-el-cancer-de-mama","status":"publish","type":"post","link":"https:\/\/www.proinca.es\/madridfansblog\/carrera-de-la-mujer-madrid-apoya-la-lucha-contra-el-cancer-de-mama\/","title":{"rendered":"CARRERA DE LA MUJER. MADRID APOYA LA LUCHA CONTRA EL CANCER DE MAMA"},"content":{"rendered":"<p>El 5 de mayo tendr\u00e1 lugar en <strong>Madrid<\/strong> la <strong>Carrera de la Mujer<\/strong>, una cita con tan solo nueve ediciones a sus espaldas que, sin embargo, se ha convertido en todo un evento deportivo capaz de congregar a m\u00e1s de 25.000 \u201catletas\u201d femeninas.<!--more--> Y decimos \u201catletas\u201d porque esta singular carrera re\u00fane desde corredoras profesionales a <em>amateurs<\/em> que participan con sus beb\u00e9s, carrito en mano, y abuelas que caminan junto a sus nietas hasta que las piernas las obligan a parar. Todo un ejemplo de superaci\u00f3n, fuerza y uni\u00f3n en apoyo a la lucha contra el c\u00e1ncer de mama; de hecho, los 50.000 euros que esperan recaudarse ir\u00e1n destinados a la Asociaci\u00f3n Espa\u00f1ola para la lucha contra esta enfermedad.<\/p>\n<p>En total, siete kil\u00f3metros de recorrido que dar\u00e1n comienzo en el Paseo Moret para terminar en el Paseo Camoens despu\u00e9s de pasar por Princesa, Plaza Espa\u00f1a, Gran V\u00eda, Alcal\u00e1, Puerta del Sol, Calle Mayor, Calle Bail\u00e9n, Palacio Real, Paseo del Pintor Rosales, Calle Ferr\u00e1z y Calle Marqu\u00e9s de Urquijo.<\/p>\n<p>La repercusi\u00f3n de anteriores convocatorias ha convertido esta carrera en el evento femenino m\u00e1s grande de Europa, ya que Madrid es tan solo una de las ciudades que participa en el acontecimiento deportivo, popularmente conocido como <em>marea rosa<\/em> y que en Espa\u00f1a acogen siete ciudades m\u00e1s: Valencia, Vitoria, Gij\u00f3n, A Coru\u00f1a, Sevilla, Zaragoza y Barcelona.<\/p>\n<p>El plazo de inscripci\u00f3n en la <strong>Carrera de la Mujer<\/strong> termina \u00a0cuando se agoten los 25.000 dorsales disponibles en <strong>Madrid<\/strong>. Quiz\u00e1 a\u00fan est\u00e1s a tiempo de apuntarte en la p\u00e1gina web:\u00a0 www.carreradelamujer.com.<\/p>\n<p>Informaci\u00f3n patrocinada por\u00a0<strong><a href=\"http:\/\/www.proinca.es\">Proinca\u00a0apartamentos en alquiler en Madrid<\/a><\/strong><\/p>\n<p>Foto de sporlab en Unsplash<\/p>\n\n\n<div class=\"kk-star-ratings kksr-auto kksr-align-left kksr-valign-bottom\"\n    data-payload='{&quot;align&quot;:&quot;left&quot;,&quot;id&quot;:&quot;1416&quot;,&quot;slug&quot;:&quot;default&quot;,&quot;valign&quot;:&quot;bottom&quot;,&quot;ignore&quot;:&quot;&quot;,&quot;reference&quot;:&quot;auto&quot;,&quot;class&quot;:&quot;&quot;,&quot;count&quot;:&quot;0&quot;,&quot;legendonly&quot;:&quot;&quot;,&quot;readonly&quot;:&quot;&quot;,&quot;score&quot;:&quot;0&quot;,&quot;starsonly&quot;:&quot;&quot;,&quot;best&quot;:&quot;5&quot;,&quot;gap&quot;:&quot;1&quot;,&quot;greet&quot;:&quot;Valora este art\u00edculo&quot;,&quot;legend&quot;:&quot;0\\\/5 - (0 votos)&quot;,&quot;size&quot;:&quot;24&quot;,&quot;title&quot;:&quot;CARRERA DE LA MUJER. MADRID APOYA LA LUCHA CONTRA EL CANCER DE MAMA&quot;,&quot;width&quot;:&quot;0&quot;,&quot;_legend&quot;:&quot;{score}\\\/{best} - ({count} {votes})&quot;,&quot;font_factor&quot;:&quot;1.25&quot;}'>\n            \n<div class=\"kksr-stars\">\n    \n<div class=\"kksr-stars-inactive\">\n            <div class=\"kksr-star\" data-star=\"1\" style=\"padding-right: 1px\">\n            \n\n<div class=\"kksr-icon\" style=\"width: 24px; height: 24px;\"><\/div>\n        <\/div>\n            <div class=\"kksr-star\" data-star=\"2\" style=\"padding-right: 1px\">\n            \n\n<div class=\"kksr-icon\" style=\"width: 24px; height: 24px;\"><\/div>\n        <\/div>\n            <div class=\"kksr-star\" data-star=\"3\" style=\"padding-right: 1px\">\n            \n\n<div class=\"kksr-icon\" style=\"width: 24px; height: 24px;\"><\/div>\n        <\/div>\n            <div class=\"kksr-star\" data-star=\"4\" style=\"padding-right: 1px\">\n            \n\n<div class=\"kksr-icon\" style=\"width: 24px; height: 24px;\"><\/div>\n        <\/div>\n            <div class=\"kksr-star\" data-star=\"5\" style=\"padding-right: 1px\">\n            \n\n<div class=\"kksr-icon\" style=\"width: 24px; height: 24px;\"><\/div>\n        <\/div>\n    <\/div>\n    \n<div class=\"kksr-stars-active\" style=\"width: 0px;\">\n            <div class=\"kksr-star\" style=\"padding-right: 1px\">\n            \n\n<div class=\"kksr-icon\" style=\"width: 24px; height: 24px;\"><\/div>\n        <\/div>\n            <div class=\"kksr-star\" style=\"padding-right: 1px\">\n            \n\n<div class=\"kksr-icon\" style=\"width: 24px; height: 24px;\"><\/div>\n        <\/div>\n            <div class=\"kksr-star\" style=\"padding-right: 1px\">\n            \n\n<div class=\"kksr-icon\" style=\"width: 24px; height: 24px;\"><\/div>\n        <\/div>\n            <div class=\"kksr-star\" style=\"padding-right: 1px\">\n            \n\n<div class=\"kksr-icon\" style=\"width: 24px; height: 24px;\"><\/div>\n        <\/div>\n            <div class=\"kksr-star\" style=\"padding-right: 1px\">\n            \n\n<div class=\"kksr-icon\" style=\"width: 24px; height: 24px;\"><\/div>\n        <\/div>\n    <\/div>\n<\/div>\n                \n\n<div class=\"kksr-legend\" style=\"font-size: 19.2px;\">\n            <span class=\"kksr-muted\">Valora este art\u00edculo<\/span>\n    <\/div>\n    <\/div>\n","protected":false},"excerpt":{"rendered":"<p>El 5 de mayo tendr\u00e1 lugar en Madrid la Carrera  [&#8230;]<\/p>\n","protected":false},"author":4,"featured_media":7064,"comment_status":"closed","ping_status":"closed","sticky":false,"template":"","format":"standard","meta":{"footnotes":""},"categories":[79],"tags":[36,5,20,56],"class_list":["post-1416","post","type-post","status-publish","format-standard","has-post-thumbnail","hentry","category-vivir-madrid","tag-afterwork","tag-madrid","tag-ocio","tag-running"],"yoast_head":"<!-- This site is optimized with the Yoast SEO plugin v27.4 - https:\/\/yoast.com\/product\/yoast-seo-wordpress\/ -->\n<title>Carrera de la Mujer Madrid\/Proinca apartamentos en alquiler<\/title>\n<meta name=\"description\" content=\"Carrera de la Mujer, Madrid y 25.000 mujeres de todas las edades, unidas un a\u00f1o m\u00e1s para apoyar la lucha contra el c\u00e1ncer de mama. Apartamentos Proinca Madrid\" \/>\n<meta name=\"robots\" content=\"index, follow, max-snippet:-1, max-image-preview:large, max-video-preview:-1\" \/>\n<link rel=\"canonical\" href=\"https:\/\/www.proinca.es\/madridfansblog\/carrera-de-la-mujer-madrid-apoya-la-lucha-contra-el-cancer-de-mama\/\" \/>\n<meta property=\"og:locale\" content=\"es_ES\" \/>\n<meta property=\"og:type\" content=\"article\" \/>\n<meta property=\"og:title\" content=\"Carrera de la Mujer Madrid\/Proinca apartamentos en alquiler\" \/>\n<meta property=\"og:description\" content=\"Carrera de la Mujer, Madrid y 25.000 mujeres de todas las edades, unidas un a\u00f1o m\u00e1s para apoyar la lucha contra el c\u00e1ncer de mama. Apartamentos Proinca Madrid\" \/>\n<meta property=\"og:url\" content=\"https:\/\/www.proinca.es\/madridfansblog\/carrera-de-la-mujer-madrid-apoya-la-lucha-contra-el-cancer-de-mama\/\" \/>\n<meta property=\"og:site_name\" content=\"Blog Proinca Madrid\" \/>\n<meta property=\"article:published_time\" content=\"2013-05-02T09:10:26+00:00\" \/>\n<meta property=\"article:modified_time\" content=\"2025-05-28T13:51:33+00:00\" \/>\n<meta property=\"og:image\" content=\"https:\/\/www.proinca.es\/madridfansblog\/wp-content\/uploads\/2013\/05\/carrera-de-la-mujer.jpg\" \/>\n\t<meta property=\"og:image:width\" content=\"1000\" \/>\n\t<meta property=\"og:image:height\" content=\"667\" \/>\n\t<meta property=\"og:image:type\" content=\"image\/jpeg\" \/>\n<meta name=\"author\" content=\"Ana Calero\" \/>\n<script type=\"application\/ld+json\" class=\"yoast-schema-graph\">{\"@context\":\"https:\\\/\\\/schema.org\",\"@graph\":[{\"@type\":\"Article\",\"@id\":\"https:\\\/\\\/www.proinca.es\\\/madridfansblog\\\/carrera-de-la-mujer-madrid-apoya-la-lucha-contra-el-cancer-de-mama\\\/#article\",\"isPartOf\":{\"@id\":\"https:\\\/\\\/www.proinca.es\\\/madridfansblog\\\/carrera-de-la-mujer-madrid-apoya-la-lucha-contra-el-cancer-de-mama\\\/\"},\"author\":{\"name\":\"Ana Calero\",\"@id\":\"https:\\\/\\\/www.proinca.es\\\/madridfansblog\\\/#\\\/schema\\\/person\\\/8401adc89c0a0f5a3574c43326247f1e\"},\"headline\":\"CARRERA DE LA MUJER. MADRID APOYA LA LUCHA CONTRA EL CANCER DE MAMA\",\"datePublished\":\"2013-05-02T09:10:26+00:00\",\"dateModified\":\"2025-05-28T13:51:33+00:00\",\"mainEntityOfPage\":{\"@id\":\"https:\\\/\\\/www.proinca.es\\\/madridfansblog\\\/carrera-de-la-mujer-madrid-apoya-la-lucha-contra-el-cancer-de-mama\\\/\"},\"wordCount\":307,\"publisher\":{\"@id\":\"https:\\\/\\\/www.proinca.es\\\/madridfansblog\\\/#organization\"},\"image\":{\"@id\":\"https:\\\/\\\/www.proinca.es\\\/madridfansblog\\\/carrera-de-la-mujer-madrid-apoya-la-lucha-contra-el-cancer-de-mama\\\/#primaryimage\"},\"thumbnailUrl\":\"https:\\\/\\\/www.proinca.es\\\/madridfansblog\\\/wp-content\\\/uploads\\\/2013\\\/05\\\/carrera-de-la-mujer.jpg\",\"keywords\":[\"Afterwork\",\"Madrid\",\"Ocio\",\"Running\"],\"articleSection\":[\"VIVIR MADRID\"],\"inLanguage\":\"es\"},{\"@type\":\"WebPage\",\"@id\":\"https:\\\/\\\/www.proinca.es\\\/madridfansblog\\\/carrera-de-la-mujer-madrid-apoya-la-lucha-contra-el-cancer-de-mama\\\/\",\"url\":\"https:\\\/\\\/www.proinca.es\\\/madridfansblog\\\/carrera-de-la-mujer-madrid-apoya-la-lucha-contra-el-cancer-de-mama\\\/\",\"name\":\"Carrera de la Mujer Madrid\\\/Proinca apartamentos en alquiler\",\"isPartOf\":{\"@id\":\"https:\\\/\\\/www.proinca.es\\\/madridfansblog\\\/#website\"},\"primaryImageOfPage\":{\"@id\":\"https:\\\/\\\/www.proinca.es\\\/madridfansblog\\\/carrera-de-la-mujer-madrid-apoya-la-lucha-contra-el-cancer-de-mama\\\/#primaryimage\"},\"image\":{\"@id\":\"https:\\\/\\\/www.proinca.es\\\/madridfansblog\\\/carrera-de-la-mujer-madrid-apoya-la-lucha-contra-el-cancer-de-mama\\\/#primaryimage\"},\"thumbnailUrl\":\"https:\\\/\\\/www.proinca.es\\\/madridfansblog\\\/wp-content\\\/uploads\\\/2013\\\/05\\\/carrera-de-la-mujer.jpg\",\"datePublished\":\"2013-05-02T09:10:26+00:00\",\"dateModified\":\"2025-05-28T13:51:33+00:00\",\"description\":\"Carrera de la Mujer, Madrid y 25.000 mujeres de todas las edades, unidas un a\u00f1o m\u00e1s para apoyar la lucha contra el c\u00e1ncer de mama. Apartamentos Proinca Madrid\",\"inLanguage\":\"es\",\"potentialAction\":[{\"@type\":\"ReadAction\",\"target\":[\"https:\\\/\\\/www.proinca.es\\\/madridfansblog\\\/carrera-de-la-mujer-madrid-apoya-la-lucha-contra-el-cancer-de-mama\\\/\"]}]},{\"@type\":\"ImageObject\",\"inLanguage\":\"es\",\"@id\":\"https:\\\/\\\/www.proinca.es\\\/madridfansblog\\\/carrera-de-la-mujer-madrid-apoya-la-lucha-contra-el-cancer-de-mama\\\/#primaryimage\",\"url\":\"https:\\\/\\\/www.proinca.es\\\/madridfansblog\\\/wp-content\\\/uploads\\\/2013\\\/05\\\/carrera-de-la-mujer.jpg\",\"contentUrl\":\"https:\\\/\\\/www.proinca.es\\\/madridfansblog\\\/wp-content\\\/uploads\\\/2013\\\/05\\\/carrera-de-la-mujer.jpg\",\"width\":1000,\"height\":667,\"caption\":\"Carrera de la mujer. Madrid apoya la lucha contra el cancer de mama\"},{\"@type\":\"WebSite\",\"@id\":\"https:\\\/\\\/www.proinca.es\\\/madridfansblog\\\/#website\",\"url\":\"https:\\\/\\\/www.proinca.es\\\/madridfansblog\\\/\",\"name\":\"Madrid Fans Blog Proinca\",\"description\":\"Pisos y apartamentos de alquiler en Madrid\",\"publisher\":{\"@id\":\"https:\\\/\\\/www.proinca.es\\\/madridfansblog\\\/#organization\"},\"potentialAction\":[{\"@type\":\"SearchAction\",\"target\":{\"@type\":\"EntryPoint\",\"urlTemplate\":\"https:\\\/\\\/www.proinca.es\\\/madridfansblog\\\/?s={search_term_string}\"},\"query-input\":{\"@type\":\"PropertyValueSpecification\",\"valueRequired\":true,\"valueName\":\"search_term_string\"}}],\"inLanguage\":\"es\"},{\"@type\":\"Organization\",\"@id\":\"https:\\\/\\\/www.proinca.es\\\/madridfansblog\\\/#organization\",\"name\":\"Proinca\",\"url\":\"https:\\\/\\\/www.proinca.es\\\/madridfansblog\\\/\",\"logo\":{\"@type\":\"ImageObject\",\"inLanguage\":\"es\",\"@id\":\"https:\\\/\\\/www.proinca.es\\\/madridfansblog\\\/#\\\/schema\\\/logo\\\/image\\\/\",\"url\":\"https:\\\/\\\/www.proinca.es\\\/madridfansblog\\\/wp-content\\\/uploads\\\/2022\\\/03\\\/logo-proinca.jpg\",\"contentUrl\":\"https:\\\/\\\/www.proinca.es\\\/madridfansblog\\\/wp-content\\\/uploads\\\/2022\\\/03\\\/logo-proinca.jpg\",\"width\":522,\"height\":250,\"caption\":\"Proinca\"},\"image\":{\"@id\":\"https:\\\/\\\/www.proinca.es\\\/madridfansblog\\\/#\\\/schema\\\/logo\\\/image\\\/\"}},{\"@type\":\"Person\",\"@id\":\"https:\\\/\\\/www.proinca.es\\\/madridfansblog\\\/#\\\/schema\\\/person\\\/8401adc89c0a0f5a3574c43326247f1e\",\"name\":\"Ana Calero\",\"image\":{\"@type\":\"ImageObject\",\"inLanguage\":\"es\",\"@id\":\"https:\\\/\\\/www.proinca.es\\\/madridfansblog\\\/wp-content\\\/litespeed\\\/avatar\\\/ef51b25c0718910f475570320941ef46.jpg?ver=1777379772\",\"url\":\"https:\\\/\\\/www.proinca.es\\\/madridfansblog\\\/wp-content\\\/litespeed\\\/avatar\\\/ef51b25c0718910f475570320941ef46.jpg?ver=1777379772\",\"contentUrl\":\"https:\\\/\\\/www.proinca.es\\\/madridfansblog\\\/wp-content\\\/litespeed\\\/avatar\\\/ef51b25c0718910f475570320941ef46.jpg?ver=1777379772\",\"caption\":\"Ana Calero\"},\"description\":\"Licenciada en Ciencias Empresariales por la Universidad Aut\u00f3noma de Madrid. Forma parte del equipo de Apartamentos Proinca y es una enamorada de Madrid\",\"sameAs\":[\"https:\\\/\\\/www.proinca.es\\\/madridfansblog\\\/ana-calero\\\/\"]}]}<\/script>\n<!-- \/ Yoast SEO plugin. -->","yoast_head_json":{"title":"Carrera de la Mujer Madrid\/Proinca apartamentos en alquiler","description":"Carrera de la Mujer, Madrid y 25.000 mujeres de todas las edades, unidas un a\u00f1o m\u00e1s para apoyar la lucha contra el c\u00e1ncer de mama. Apartamentos Proinca Madrid","robots":{"index":"index","follow":"follow","max-snippet":"max-snippet:-1","max-image-preview":"max-image-preview:large","max-video-preview":"max-video-preview:-1"},"canonical":"https:\/\/www.proinca.es\/madridfansblog\/carrera-de-la-mujer-madrid-apoya-la-lucha-contra-el-cancer-de-mama\/","og_locale":"es_ES","og_type":"article","og_title":"Carrera de la Mujer Madrid\/Proinca apartamentos en alquiler","og_description":"Carrera de la Mujer, Madrid y 25.000 mujeres de todas las edades, unidas un a\u00f1o m\u00e1s para apoyar la lucha contra el c\u00e1ncer de mama. Apartamentos Proinca Madrid","og_url":"https:\/\/www.proinca.es\/madridfansblog\/carrera-de-la-mujer-madrid-apoya-la-lucha-contra-el-cancer-de-mama\/","og_site_name":"Blog Proinca Madrid","article_published_time":"2013-05-02T09:10:26+00:00","article_modified_time":"2025-05-28T13:51:33+00:00","og_image":[{"width":1000,"height":667,"url":"https:\/\/www.proinca.es\/madridfansblog\/wp-content\/uploads\/2013\/05\/carrera-de-la-mujer.jpg","type":"image\/jpeg"}],"author":"Ana Calero","schema":{"@context":"https:\/\/schema.org","@graph":[{"@type":"Article","@id":"https:\/\/www.proinca.es\/madridfansblog\/carrera-de-la-mujer-madrid-apoya-la-lucha-contra-el-cancer-de-mama\/#article","isPartOf":{"@id":"https:\/\/www.proinca.es\/madridfansblog\/carrera-de-la-mujer-madrid-apoya-la-lucha-contra-el-cancer-de-mama\/"},"author":{"name":"Ana Calero","@id":"https:\/\/www.proinca.es\/madridfansblog\/#\/schema\/person\/8401adc89c0a0f5a3574c43326247f1e"},"headline":"CARRERA DE LA MUJER. MADRID APOYA LA LUCHA CONTRA EL CANCER DE MAMA","datePublished":"2013-05-02T09:10:26+00:00","dateModified":"2025-05-28T13:51:33+00:00","mainEntityOfPage":{"@id":"https:\/\/www.proinca.es\/madridfansblog\/carrera-de-la-mujer-madrid-apoya-la-lucha-contra-el-cancer-de-mama\/"},"wordCount":307,"publisher":{"@id":"https:\/\/www.proinca.es\/madridfansblog\/#organization"},"image":{"@id":"https:\/\/www.proinca.es\/madridfansblog\/carrera-de-la-mujer-madrid-apoya-la-lucha-contra-el-cancer-de-mama\/#primaryimage"},"thumbnailUrl":"https:\/\/www.proinca.es\/madridfansblog\/wp-content\/uploads\/2013\/05\/carrera-de-la-mujer.jpg","keywords":["Afterwork","Madrid","Ocio","Running"],"articleSection":["VIVIR MADRID"],"inLanguage":"es"},{"@type":"WebPage","@id":"https:\/\/www.proinca.es\/madridfansblog\/carrera-de-la-mujer-madrid-apoya-la-lucha-contra-el-cancer-de-mama\/","url":"https:\/\/www.proinca.es\/madridfansblog\/carrera-de-la-mujer-madrid-apoya-la-lucha-contra-el-cancer-de-mama\/","name":"Carrera de la Mujer Madrid\/Proinca apartamentos en alquiler","isPartOf":{"@id":"https:\/\/www.proinca.es\/madridfansblog\/#website"},"primaryImageOfPage":{"@id":"https:\/\/www.proinca.es\/madridfansblog\/carrera-de-la-mujer-madrid-apoya-la-lucha-contra-el-cancer-de-mama\/#primaryimage"},"image":{"@id":"https:\/\/www.proinca.es\/madridfansblog\/carrera-de-la-mujer-madrid-apoya-la-lucha-contra-el-cancer-de-mama\/#primaryimage"},"thumbnailUrl":"https:\/\/www.proinca.es\/madridfansblog\/wp-content\/uploads\/2013\/05\/carrera-de-la-mujer.jpg","datePublished":"2013-05-02T09:10:26+00:00","dateModified":"2025-05-28T13:51:33+00:00","description":"Carrera de la Mujer, Madrid y 25.000 mujeres de todas las edades, unidas un a\u00f1o m\u00e1s para apoyar la lucha contra el c\u00e1ncer de mama. Apartamentos Proinca Madrid","inLanguage":"es","potentialAction":[{"@type":"ReadAction","target":["https:\/\/www.proinca.es\/madridfansblog\/carrera-de-la-mujer-madrid-apoya-la-lucha-contra-el-cancer-de-mama\/"]}]},{"@type":"ImageObject","inLanguage":"es","@id":"https:\/\/www.proinca.es\/madridfansblog\/carrera-de-la-mujer-madrid-apoya-la-lucha-contra-el-cancer-de-mama\/#primaryimage","url":"https:\/\/www.proinca.es\/madridfansblog\/wp-content\/uploads\/2013\/05\/carrera-de-la-mujer.jpg","contentUrl":"https:\/\/www.proinca.es\/madridfansblog\/wp-content\/uploads\/2013\/05\/carrera-de-la-mujer.jpg","width":1000,"height":667,"caption":"Carrera de la mujer. Madrid apoya la lucha contra el cancer de mama"},{"@type":"WebSite","@id":"https:\/\/www.proinca.es\/madridfansblog\/#website","url":"https:\/\/www.proinca.es\/madridfansblog\/","name":"Madrid Fans Blog Proinca","description":"Pisos y apartamentos de alquiler en Madrid","publisher":{"@id":"https:\/\/www.proinca.es\/madridfansblog\/#organization"},"potentialAction":[{"@type":"SearchAction","target":{"@type":"EntryPoint","urlTemplate":"https:\/\/www.proinca.es\/madridfansblog\/?s={search_term_string}"},"query-input":{"@type":"PropertyValueSpecification","valueRequired":true,"valueName":"search_term_string"}}],"inLanguage":"es"},{"@type":"Organization","@id":"https:\/\/www.proinca.es\/madridfansblog\/#organization","name":"Proinca","url":"https:\/\/www.proinca.es\/madridfansblog\/","logo":{"@type":"ImageObject","inLanguage":"es","@id":"https:\/\/www.proinca.es\/madridfansblog\/#\/schema\/logo\/image\/","url":"https:\/\/www.proinca.es\/madridfansblog\/wp-content\/uploads\/2022\/03\/logo-proinca.jpg","contentUrl":"https:\/\/www.proinca.es\/madridfansblog\/wp-content\/uploads\/2022\/03\/logo-proinca.jpg","width":522,"height":250,"caption":"Proinca"},"image":{"@id":"https:\/\/www.proinca.es\/madridfansblog\/#\/schema\/logo\/image\/"}},{"@type":"Person","@id":"https:\/\/www.proinca.es\/madridfansblog\/#\/schema\/person\/8401adc89c0a0f5a3574c43326247f1e","name":"Ana Calero","image":{"@type":"ImageObject","inLanguage":"es","@id":"https:\/\/www.proinca.es\/madridfansblog\/wp-content\/litespeed\/avatar\/ef51b25c0718910f475570320941ef46.jpg?ver=1777379772","url":"https:\/\/www.proinca.es\/madridfansblog\/wp-content\/litespeed\/avatar\/ef51b25c0718910f475570320941ef46.jpg?ver=1777379772","contentUrl":"https:\/\/www.proinca.es\/madridfansblog\/wp-content\/litespeed\/avatar\/ef51b25c0718910f475570320941ef46.jpg?ver=1777379772","caption":"Ana Calero"},"description":"Licenciada en Ciencias Empresariales por la Universidad Aut\u00f3noma de Madrid. Forma parte del equipo de Apartamentos Proinca y es una enamorada de Madrid","sameAs":["https:\/\/www.proinca.es\/madridfansblog\/ana-calero\/"]}]}},"_links":{"self":[{"href":"https:\/\/www.proinca.es\/madridfansblog\/wp-json\/wp\/v2\/posts\/1416","targetHints":{"allow":["GET"]}}],"collection":[{"href":"https:\/\/www.proinca.es\/madridfansblog\/wp-json\/wp\/v2\/posts"}],"about":[{"href":"https:\/\/www.proinca.es\/madridfansblog\/wp-json\/wp\/v2\/types\/post"}],"author":[{"embeddable":true,"href":"https:\/\/www.proinca.es\/madridfansblog\/wp-json\/wp\/v2\/users\/4"}],"replies":[{"embeddable":true,"href":"https:\/\/www.proinca.es\/madridfansblog\/wp-json\/wp\/v2\/comments?post=1416"}],"version-history":[{"count":20,"href":"https:\/\/www.proinca.es\/madridfansblog\/wp-json\/wp\/v2\/posts\/1416\/revisions"}],"predecessor-version":[{"id":7677,"href":"https:\/\/www.proinca.es\/madridfansblog\/wp-json\/wp\/v2\/posts\/1416\/revisions\/7677"}],"wp:featuredmedia":[{"embeddable":true,"href":"https:\/\/www.proinca.es\/madridfansblog\/wp-json\/wp\/v2\/media\/7064"}],"wp:attachment":[{"href":"https:\/\/www.proinca.es\/madridfansblog\/wp-json\/wp\/v2\/media?parent=1416"}],"wp:term":[{"taxonomy":"category","embeddable":true,"href":"https:\/\/www.proinca.es\/madridfansblog\/wp-json\/wp\/v2\/categories?post=1416"},{"taxonomy":"post_tag","embeddable":true,"href":"https:\/\/www.proinca.es\/madridfansblog\/wp-json\/wp\/v2\/tags?post=1416"}],"curies":[{"name":"wp","href":"https:\/\/api.w.org\/{rel}","templated":true}]}}