{"id":1449,"date":"2013-05-16T11:47:13","date_gmt":"2013-05-16T09:47:13","guid":{"rendered":"http:\/\/www.proinca.es\/madridfansblog\/?p=1449"},"modified":"2025-05-28T15:51:00","modified_gmt":"2025-05-28T13:51:00","slug":"atascos-en-madrid-nada-nada","status":"publish","type":"post","link":"https:\/\/www.proinca.es\/madridfansblog\/atascos-en-madrid-nada-nada\/","title":{"rendered":"\u00bfATASCOS EN MADRID? NADA, NADA  : )"},"content":{"rendered":"<p>Seg\u00fan podemos leer en Autof\u00e1cil.es, el estudio Congestion Index 2012 de la firma de navegadores TomTom, analiza el tr\u00e1fico en 161 ciudades de todo el mundo y las ordena seg\u00fan qu\u00e9 lugar ocupan en el \u00a1ranking de <strong>atascos<\/strong>! \u00bfEres de los que te quejas del <strong>tr\u00e1fico de Madrid<\/strong>? pues sigue leyendo&#8230;<!--more--><\/p>\n<p>\u00bfC\u00f3mo se mide el volumen de tr\u00e1fico en cada ciudad? Comparando el tiempo empleado en recorrer un mismo trayecto en una franja horaria sin congesti\u00f3n y lo que se tarda en el caso de horas punta. La diferencia de tiempo, en porcentaje, en realizar el recorrido en las dos circunstancias es el baremo utilizado para medir el nivel de congesti\u00f3n.<\/p>\n<p>Los datos referentes al volumen de veh\u00edculos que circulan a cada momento por las distintas v\u00edas (zonas urbanas, autopistas, etc&#8230;) se han recogido a trav\u00e9s de GPS.<\/p>\n<p>Seg\u00fan los resultados obtenidos, esa diferencia de tiempos en <strong>Madrid <\/strong>es del 14,1%,\u00a0\u00a0que si comparamos con la ciudad con m\u00e1s atascos del mundo, Mosc\u00fa, parece que pasearse en coche por la capital en horas punta resulta un agradable paseo \u00bf?. Como referencia, los moscovitas invierten un 66 % m\u00e1s en realizar el mismo trayecto en las horas de m\u00e1ximo tr\u00e1fico. \u00a0Estambul le sigue de cerca (55%) y el \u00a0tercer lugar es para Varsovia (42%). Si continuamos con el ranking: \u00a040% en Marsella, del 39% en Palermo y 33% en Los \u00c1ngeles, Sidney, Stuttgart, Par\u00eds y Roma.<\/p>\n<p>Centr\u00e1ndonos en Espa\u00f1a, los resultados son bastante buenos. La diferencia que estamos diciendo es del 19,2% en Barcelona, la ciudad m\u00e1s atascada de Espa\u00f1a, pero en el puesto 42 entre las europeas. \u00a0El informe calcula que un conductor que realizara trayectos de media hora al trabajo a lo largo de todo un a\u00f1o habr\u00eda perdido 67 horas en atascos.<\/p>\n<p>Madrid (14,1%)\u00a0se sit\u00faa en tercer lugar detr\u00e1s de Palma de Mallorca (15,8%), Las Palmas (13,5%), Sevilla (12,6%), Murcia (11,5%), Valencia (11,4%), Bilbao (10,4%), M\u00e1laga (9,9%) y Zaragoza (9,2%).<\/p>\n<p>En resumen, comparando con las principales ciudades del mundo los <strong>atascos en Madrid<\/strong> son una broma \u00a0; \u00a0)<\/p>\n<p>Antonio Mozas<\/p>\n<p>Informaci\u00f3n patrocinada por<strong>\u00a0<a href=\"http:\/\/www.proinca.es\/galeria-imagenes\/edificio-8.html\">Proinca\u00a0apartamentos en alquiler en Madrid<\/a><\/strong><\/p>\n<p>Foto de Mario Guti\u00e9rrez en Unsplash<\/p>\n\n\n<div class=\"kk-star-ratings kksr-auto kksr-align-left kksr-valign-bottom\"\n    data-payload='{&quot;align&quot;:&quot;left&quot;,&quot;id&quot;:&quot;1449&quot;,&quot;slug&quot;:&quot;default&quot;,&quot;valign&quot;:&quot;bottom&quot;,&quot;ignore&quot;:&quot;&quot;,&quot;reference&quot;:&quot;auto&quot;,&quot;class&quot;:&quot;&quot;,&quot;count&quot;:&quot;0&quot;,&quot;legendonly&quot;:&quot;&quot;,&quot;readonly&quot;:&quot;&quot;,&quot;score&quot;:&quot;0&quot;,&quot;starsonly&quot;:&quot;&quot;,&quot;best&quot;:&quot;5&quot;,&quot;gap&quot;:&quot;1&quot;,&quot;greet&quot;:&quot;Valora este art\u00edculo&quot;,&quot;legend&quot;:&quot;0\\\/5 - (0 votos)&quot;,&quot;size&quot;:&quot;24&quot;,&quot;title&quot;:&quot;\u00bfATASCOS EN MADRID? NADA, NADA  : )&quot;,&quot;width&quot;:&quot;0&quot;,&quot;_legend&quot;:&quot;{score}\\\/{best} - ({count} {votes})&quot;,&quot;font_factor&quot;:&quot;1.25&quot;}'>\n            \n<div class=\"kksr-stars\">\n    \n<div class=\"kksr-stars-inactive\">\n            <div class=\"kksr-star\" data-star=\"1\" style=\"padding-right: 1px\">\n            \n\n<div class=\"kksr-icon\" style=\"width: 24px; height: 24px;\"><\/div>\n        <\/div>\n            <div class=\"kksr-star\" data-star=\"2\" style=\"padding-right: 1px\">\n            \n\n<div class=\"kksr-icon\" style=\"width: 24px; height: 24px;\"><\/div>\n        <\/div>\n            <div class=\"kksr-star\" data-star=\"3\" style=\"padding-right: 1px\">\n            \n\n<div class=\"kksr-icon\" style=\"width: 24px; height: 24px;\"><\/div>\n        <\/div>\n            <div class=\"kksr-star\" data-star=\"4\" style=\"padding-right: 1px\">\n            \n\n<div class=\"kksr-icon\" style=\"width: 24px; height: 24px;\"><\/div>\n        <\/div>\n            <div class=\"kksr-star\" data-star=\"5\" style=\"padding-right: 1px\">\n            \n\n<div class=\"kksr-icon\" style=\"width: 24px; height: 24px;\"><\/div>\n        <\/div>\n    <\/div>\n    \n<div class=\"kksr-stars-active\" style=\"width: 0px;\">\n            <div class=\"kksr-star\" style=\"padding-right: 1px\">\n            \n\n<div class=\"kksr-icon\" style=\"width: 24px; height: 24px;\"><\/div>\n        <\/div>\n            <div class=\"kksr-star\" style=\"padding-right: 1px\">\n            \n\n<div class=\"kksr-icon\" style=\"width: 24px; height: 24px;\"><\/div>\n        <\/div>\n            <div class=\"kksr-star\" style=\"padding-right: 1px\">\n            \n\n<div class=\"kksr-icon\" style=\"width: 24px; height: 24px;\"><\/div>\n        <\/div>\n            <div class=\"kksr-star\" style=\"padding-right: 1px\">\n            \n\n<div class=\"kksr-icon\" style=\"width: 24px; height: 24px;\"><\/div>\n        <\/div>\n            <div class=\"kksr-star\" style=\"padding-right: 1px\">\n            \n\n<div class=\"kksr-icon\" style=\"width: 24px; height: 24px;\"><\/div>\n        <\/div>\n    <\/div>\n<\/div>\n                \n\n<div class=\"kksr-legend\" style=\"font-size: 19.2px;\">\n            <span class=\"kksr-muted\">Valora este art\u00edculo<\/span>\n    <\/div>\n    <\/div>\n","protected":false},"excerpt":{"rendered":"<p>Seg\u00fan podemos leer en Autof\u00e1cil.es, el estudio Congestion Index 2012  [&#8230;]<\/p>\n","protected":false},"author":4,"featured_media":7068,"comment_status":"closed","ping_status":"closed","sticky":false,"template":"","format":"standard","meta":{"footnotes":""},"categories":[79],"tags":[5,42,41],"class_list":["post-1449","post","type-post","status-publish","format-standard","has-post-thumbnail","hentry","category-vivir-madrid","tag-madrid","tag-medio-ambiente","tag-transporte"],"yoast_head":"<!-- This site is optimized with the Yoast SEO plugin v27.4 - https:\/\/yoast.com\/product\/yoast-seo-wordpress\/ -->\n<title>Atascos en Madrid \/ Proinca apartamentos en alquiler<\/title>\n<meta name=\"description\" content=\"An\u00e1lisis del tr\u00e1fico en 161 ciudades del mundo. Madrid da buenos resultados a nivel mundial pero en Espa\u00f1a es la 3a m\u00e1s atascada. Apartamentos Proinca Madrid.\" \/>\n<meta name=\"robots\" content=\"index, follow, max-snippet:-1, max-image-preview:large, max-video-preview:-1\" \/>\n<link rel=\"canonical\" href=\"https:\/\/www.proinca.es\/madridfansblog\/atascos-en-madrid-nada-nada\/\" \/>\n<meta property=\"og:locale\" content=\"es_ES\" \/>\n<meta property=\"og:type\" content=\"article\" \/>\n<meta property=\"og:title\" content=\"Atascos en Madrid \/ Proinca apartamentos en alquiler\" \/>\n<meta property=\"og:description\" content=\"An\u00e1lisis del tr\u00e1fico en 161 ciudades del mundo. Madrid da buenos resultados a nivel mundial pero en Espa\u00f1a es la 3a m\u00e1s atascada. Apartamentos Proinca Madrid.\" \/>\n<meta property=\"og:url\" content=\"https:\/\/www.proinca.es\/madridfansblog\/atascos-en-madrid-nada-nada\/\" \/>\n<meta property=\"og:site_name\" content=\"Blog Proinca Madrid\" \/>\n<meta property=\"article:published_time\" content=\"2013-05-16T09:47:13+00:00\" \/>\n<meta property=\"article:modified_time\" content=\"2025-05-28T13:51:00+00:00\" \/>\n<meta property=\"og:image\" content=\"https:\/\/www.proinca.es\/madridfansblog\/wp-content\/uploads\/2013\/05\/atascos-en-madrid.jpg\" \/>\n\t<meta property=\"og:image:width\" content=\"1000\" \/>\n\t<meta property=\"og:image:height\" content=\"744\" \/>\n\t<meta property=\"og:image:type\" content=\"image\/jpeg\" \/>\n<meta name=\"author\" content=\"Ana Calero\" \/>\n<script type=\"application\/ld+json\" class=\"yoast-schema-graph\">{\"@context\":\"https:\\\/\\\/schema.org\",\"@graph\":[{\"@type\":\"Article\",\"@id\":\"https:\\\/\\\/www.proinca.es\\\/madridfansblog\\\/atascos-en-madrid-nada-nada\\\/#article\",\"isPartOf\":{\"@id\":\"https:\\\/\\\/www.proinca.es\\\/madridfansblog\\\/atascos-en-madrid-nada-nada\\\/\"},\"author\":{\"name\":\"Ana Calero\",\"@id\":\"https:\\\/\\\/www.proinca.es\\\/madridfansblog\\\/#\\\/schema\\\/person\\\/8401adc89c0a0f5a3574c43326247f1e\"},\"headline\":\"\u00bfATASCOS EN MADRID? NADA, NADA : )\",\"datePublished\":\"2013-05-16T09:47:13+00:00\",\"dateModified\":\"2025-05-28T13:51:00+00:00\",\"mainEntityOfPage\":{\"@id\":\"https:\\\/\\\/www.proinca.es\\\/madridfansblog\\\/atascos-en-madrid-nada-nada\\\/\"},\"wordCount\":368,\"publisher\":{\"@id\":\"https:\\\/\\\/www.proinca.es\\\/madridfansblog\\\/#organization\"},\"image\":{\"@id\":\"https:\\\/\\\/www.proinca.es\\\/madridfansblog\\\/atascos-en-madrid-nada-nada\\\/#primaryimage\"},\"thumbnailUrl\":\"https:\\\/\\\/www.proinca.es\\\/madridfansblog\\\/wp-content\\\/uploads\\\/2013\\\/05\\\/atascos-en-madrid.jpg\",\"keywords\":[\"Madrid\",\"Medio Ambiente\",\"Transporte\"],\"articleSection\":[\"VIVIR MADRID\"],\"inLanguage\":\"es\"},{\"@type\":\"WebPage\",\"@id\":\"https:\\\/\\\/www.proinca.es\\\/madridfansblog\\\/atascos-en-madrid-nada-nada\\\/\",\"url\":\"https:\\\/\\\/www.proinca.es\\\/madridfansblog\\\/atascos-en-madrid-nada-nada\\\/\",\"name\":\"Atascos en Madrid \\\/ Proinca apartamentos en alquiler\",\"isPartOf\":{\"@id\":\"https:\\\/\\\/www.proinca.es\\\/madridfansblog\\\/#website\"},\"primaryImageOfPage\":{\"@id\":\"https:\\\/\\\/www.proinca.es\\\/madridfansblog\\\/atascos-en-madrid-nada-nada\\\/#primaryimage\"},\"image\":{\"@id\":\"https:\\\/\\\/www.proinca.es\\\/madridfansblog\\\/atascos-en-madrid-nada-nada\\\/#primaryimage\"},\"thumbnailUrl\":\"https:\\\/\\\/www.proinca.es\\\/madridfansblog\\\/wp-content\\\/uploads\\\/2013\\\/05\\\/atascos-en-madrid.jpg\",\"datePublished\":\"2013-05-16T09:47:13+00:00\",\"dateModified\":\"2025-05-28T13:51:00+00:00\",\"description\":\"An\u00e1lisis del tr\u00e1fico en 161 ciudades del mundo. Madrid da buenos resultados a nivel mundial pero en Espa\u00f1a es la 3a m\u00e1s atascada. Apartamentos Proinca Madrid.\",\"inLanguage\":\"es\",\"potentialAction\":[{\"@type\":\"ReadAction\",\"target\":[\"https:\\\/\\\/www.proinca.es\\\/madridfansblog\\\/atascos-en-madrid-nada-nada\\\/\"]}]},{\"@type\":\"ImageObject\",\"inLanguage\":\"es\",\"@id\":\"https:\\\/\\\/www.proinca.es\\\/madridfansblog\\\/atascos-en-madrid-nada-nada\\\/#primaryimage\",\"url\":\"https:\\\/\\\/www.proinca.es\\\/madridfansblog\\\/wp-content\\\/uploads\\\/2013\\\/05\\\/atascos-en-madrid.jpg\",\"contentUrl\":\"https:\\\/\\\/www.proinca.es\\\/madridfansblog\\\/wp-content\\\/uploads\\\/2013\\\/05\\\/atascos-en-madrid.jpg\",\"width\":1000,\"height\":744,\"caption\":\"\u00bfAtascos en madrid? Nada, nada\"},{\"@type\":\"WebSite\",\"@id\":\"https:\\\/\\\/www.proinca.es\\\/madridfansblog\\\/#website\",\"url\":\"https:\\\/\\\/www.proinca.es\\\/madridfansblog\\\/\",\"name\":\"Madrid Fans Blog Proinca\",\"description\":\"Pisos y apartamentos de alquiler en Madrid\",\"publisher\":{\"@id\":\"https:\\\/\\\/www.proinca.es\\\/madridfansblog\\\/#organization\"},\"potentialAction\":[{\"@type\":\"SearchAction\",\"target\":{\"@type\":\"EntryPoint\",\"urlTemplate\":\"https:\\\/\\\/www.proinca.es\\\/madridfansblog\\\/?s={search_term_string}\"},\"query-input\":{\"@type\":\"PropertyValueSpecification\",\"valueRequired\":true,\"valueName\":\"search_term_string\"}}],\"inLanguage\":\"es\"},{\"@type\":\"Organization\",\"@id\":\"https:\\\/\\\/www.proinca.es\\\/madridfansblog\\\/#organization\",\"name\":\"Proinca\",\"url\":\"https:\\\/\\\/www.proinca.es\\\/madridfansblog\\\/\",\"logo\":{\"@type\":\"ImageObject\",\"inLanguage\":\"es\",\"@id\":\"https:\\\/\\\/www.proinca.es\\\/madridfansblog\\\/#\\\/schema\\\/logo\\\/image\\\/\",\"url\":\"https:\\\/\\\/www.proinca.es\\\/madridfansblog\\\/wp-content\\\/uploads\\\/2022\\\/03\\\/logo-proinca.jpg\",\"contentUrl\":\"https:\\\/\\\/www.proinca.es\\\/madridfansblog\\\/wp-content\\\/uploads\\\/2022\\\/03\\\/logo-proinca.jpg\",\"width\":522,\"height\":250,\"caption\":\"Proinca\"},\"image\":{\"@id\":\"https:\\\/\\\/www.proinca.es\\\/madridfansblog\\\/#\\\/schema\\\/logo\\\/image\\\/\"}},{\"@type\":\"Person\",\"@id\":\"https:\\\/\\\/www.proinca.es\\\/madridfansblog\\\/#\\\/schema\\\/person\\\/8401adc89c0a0f5a3574c43326247f1e\",\"name\":\"Ana Calero\",\"image\":{\"@type\":\"ImageObject\",\"inLanguage\":\"es\",\"@id\":\"https:\\\/\\\/www.proinca.es\\\/madridfansblog\\\/wp-content\\\/litespeed\\\/avatar\\\/ef51b25c0718910f475570320941ef46.jpg?ver=1777379772\",\"url\":\"https:\\\/\\\/www.proinca.es\\\/madridfansblog\\\/wp-content\\\/litespeed\\\/avatar\\\/ef51b25c0718910f475570320941ef46.jpg?ver=1777379772\",\"contentUrl\":\"https:\\\/\\\/www.proinca.es\\\/madridfansblog\\\/wp-content\\\/litespeed\\\/avatar\\\/ef51b25c0718910f475570320941ef46.jpg?ver=1777379772\",\"caption\":\"Ana Calero\"},\"description\":\"Licenciada en Ciencias Empresariales por la Universidad Aut\u00f3noma de Madrid. Forma parte del equipo de Apartamentos Proinca y es una enamorada de Madrid\",\"sameAs\":[\"https:\\\/\\\/www.proinca.es\\\/madridfansblog\\\/ana-calero\\\/\"]}]}<\/script>\n<!-- \/ Yoast SEO plugin. -->","yoast_head_json":{"title":"Atascos en Madrid \/ Proinca apartamentos en alquiler","description":"An\u00e1lisis del tr\u00e1fico en 161 ciudades del mundo. Madrid da buenos resultados a nivel mundial pero en Espa\u00f1a es la 3a m\u00e1s atascada. Apartamentos Proinca Madrid.","robots":{"index":"index","follow":"follow","max-snippet":"max-snippet:-1","max-image-preview":"max-image-preview:large","max-video-preview":"max-video-preview:-1"},"canonical":"https:\/\/www.proinca.es\/madridfansblog\/atascos-en-madrid-nada-nada\/","og_locale":"es_ES","og_type":"article","og_title":"Atascos en Madrid \/ Proinca apartamentos en alquiler","og_description":"An\u00e1lisis del tr\u00e1fico en 161 ciudades del mundo. Madrid da buenos resultados a nivel mundial pero en Espa\u00f1a es la 3a m\u00e1s atascada. Apartamentos Proinca Madrid.","og_url":"https:\/\/www.proinca.es\/madridfansblog\/atascos-en-madrid-nada-nada\/","og_site_name":"Blog Proinca Madrid","article_published_time":"2013-05-16T09:47:13+00:00","article_modified_time":"2025-05-28T13:51:00+00:00","og_image":[{"width":1000,"height":744,"url":"https:\/\/www.proinca.es\/madridfansblog\/wp-content\/uploads\/2013\/05\/atascos-en-madrid.jpg","type":"image\/jpeg"}],"author":"Ana Calero","schema":{"@context":"https:\/\/schema.org","@graph":[{"@type":"Article","@id":"https:\/\/www.proinca.es\/madridfansblog\/atascos-en-madrid-nada-nada\/#article","isPartOf":{"@id":"https:\/\/www.proinca.es\/madridfansblog\/atascos-en-madrid-nada-nada\/"},"author":{"name":"Ana Calero","@id":"https:\/\/www.proinca.es\/madridfansblog\/#\/schema\/person\/8401adc89c0a0f5a3574c43326247f1e"},"headline":"\u00bfATASCOS EN MADRID? NADA, NADA : )","datePublished":"2013-05-16T09:47:13+00:00","dateModified":"2025-05-28T13:51:00+00:00","mainEntityOfPage":{"@id":"https:\/\/www.proinca.es\/madridfansblog\/atascos-en-madrid-nada-nada\/"},"wordCount":368,"publisher":{"@id":"https:\/\/www.proinca.es\/madridfansblog\/#organization"},"image":{"@id":"https:\/\/www.proinca.es\/madridfansblog\/atascos-en-madrid-nada-nada\/#primaryimage"},"thumbnailUrl":"https:\/\/www.proinca.es\/madridfansblog\/wp-content\/uploads\/2013\/05\/atascos-en-madrid.jpg","keywords":["Madrid","Medio Ambiente","Transporte"],"articleSection":["VIVIR MADRID"],"inLanguage":"es"},{"@type":"WebPage","@id":"https:\/\/www.proinca.es\/madridfansblog\/atascos-en-madrid-nada-nada\/","url":"https:\/\/www.proinca.es\/madridfansblog\/atascos-en-madrid-nada-nada\/","name":"Atascos en Madrid \/ Proinca apartamentos en alquiler","isPartOf":{"@id":"https:\/\/www.proinca.es\/madridfansblog\/#website"},"primaryImageOfPage":{"@id":"https:\/\/www.proinca.es\/madridfansblog\/atascos-en-madrid-nada-nada\/#primaryimage"},"image":{"@id":"https:\/\/www.proinca.es\/madridfansblog\/atascos-en-madrid-nada-nada\/#primaryimage"},"thumbnailUrl":"https:\/\/www.proinca.es\/madridfansblog\/wp-content\/uploads\/2013\/05\/atascos-en-madrid.jpg","datePublished":"2013-05-16T09:47:13+00:00","dateModified":"2025-05-28T13:51:00+00:00","description":"An\u00e1lisis del tr\u00e1fico en 161 ciudades del mundo. Madrid da buenos resultados a nivel mundial pero en Espa\u00f1a es la 3a m\u00e1s atascada. Apartamentos Proinca Madrid.","inLanguage":"es","potentialAction":[{"@type":"ReadAction","target":["https:\/\/www.proinca.es\/madridfansblog\/atascos-en-madrid-nada-nada\/"]}]},{"@type":"ImageObject","inLanguage":"es","@id":"https:\/\/www.proinca.es\/madridfansblog\/atascos-en-madrid-nada-nada\/#primaryimage","url":"https:\/\/www.proinca.es\/madridfansblog\/wp-content\/uploads\/2013\/05\/atascos-en-madrid.jpg","contentUrl":"https:\/\/www.proinca.es\/madridfansblog\/wp-content\/uploads\/2013\/05\/atascos-en-madrid.jpg","width":1000,"height":744,"caption":"\u00bfAtascos en madrid? Nada, nada"},{"@type":"WebSite","@id":"https:\/\/www.proinca.es\/madridfansblog\/#website","url":"https:\/\/www.proinca.es\/madridfansblog\/","name":"Madrid Fans Blog Proinca","description":"Pisos y apartamentos de alquiler en Madrid","publisher":{"@id":"https:\/\/www.proinca.es\/madridfansblog\/#organization"},"potentialAction":[{"@type":"SearchAction","target":{"@type":"EntryPoint","urlTemplate":"https:\/\/www.proinca.es\/madridfansblog\/?s={search_term_string}"},"query-input":{"@type":"PropertyValueSpecification","valueRequired":true,"valueName":"search_term_string"}}],"inLanguage":"es"},{"@type":"Organization","@id":"https:\/\/www.proinca.es\/madridfansblog\/#organization","name":"Proinca","url":"https:\/\/www.proinca.es\/madridfansblog\/","logo":{"@type":"ImageObject","inLanguage":"es","@id":"https:\/\/www.proinca.es\/madridfansblog\/#\/schema\/logo\/image\/","url":"https:\/\/www.proinca.es\/madridfansblog\/wp-content\/uploads\/2022\/03\/logo-proinca.jpg","contentUrl":"https:\/\/www.proinca.es\/madridfansblog\/wp-content\/uploads\/2022\/03\/logo-proinca.jpg","width":522,"height":250,"caption":"Proinca"},"image":{"@id":"https:\/\/www.proinca.es\/madridfansblog\/#\/schema\/logo\/image\/"}},{"@type":"Person","@id":"https:\/\/www.proinca.es\/madridfansblog\/#\/schema\/person\/8401adc89c0a0f5a3574c43326247f1e","name":"Ana Calero","image":{"@type":"ImageObject","inLanguage":"es","@id":"https:\/\/www.proinca.es\/madridfansblog\/wp-content\/litespeed\/avatar\/ef51b25c0718910f475570320941ef46.jpg?ver=1777379772","url":"https:\/\/www.proinca.es\/madridfansblog\/wp-content\/litespeed\/avatar\/ef51b25c0718910f475570320941ef46.jpg?ver=1777379772","contentUrl":"https:\/\/www.proinca.es\/madridfansblog\/wp-content\/litespeed\/avatar\/ef51b25c0718910f475570320941ef46.jpg?ver=1777379772","caption":"Ana Calero"},"description":"Licenciada en Ciencias Empresariales por la Universidad Aut\u00f3noma de Madrid. Forma parte del equipo de Apartamentos Proinca y es una enamorada de Madrid","sameAs":["https:\/\/www.proinca.es\/madridfansblog\/ana-calero\/"]}]}},"_links":{"self":[{"href":"https:\/\/www.proinca.es\/madridfansblog\/wp-json\/wp\/v2\/posts\/1449","targetHints":{"allow":["GET"]}}],"collection":[{"href":"https:\/\/www.proinca.es\/madridfansblog\/wp-json\/wp\/v2\/posts"}],"about":[{"href":"https:\/\/www.proinca.es\/madridfansblog\/wp-json\/wp\/v2\/types\/post"}],"author":[{"embeddable":true,"href":"https:\/\/www.proinca.es\/madridfansblog\/wp-json\/wp\/v2\/users\/4"}],"replies":[{"embeddable":true,"href":"https:\/\/www.proinca.es\/madridfansblog\/wp-json\/wp\/v2\/comments?post=1449"}],"version-history":[{"count":22,"href":"https:\/\/www.proinca.es\/madridfansblog\/wp-json\/wp\/v2\/posts\/1449\/revisions"}],"predecessor-version":[{"id":7675,"href":"https:\/\/www.proinca.es\/madridfansblog\/wp-json\/wp\/v2\/posts\/1449\/revisions\/7675"}],"wp:featuredmedia":[{"embeddable":true,"href":"https:\/\/www.proinca.es\/madridfansblog\/wp-json\/wp\/v2\/media\/7068"}],"wp:attachment":[{"href":"https:\/\/www.proinca.es\/madridfansblog\/wp-json\/wp\/v2\/media?parent=1449"}],"wp:term":[{"taxonomy":"category","embeddable":true,"href":"https:\/\/www.proinca.es\/madridfansblog\/wp-json\/wp\/v2\/categories?post=1449"},{"taxonomy":"post_tag","embeddable":true,"href":"https:\/\/www.proinca.es\/madridfansblog\/wp-json\/wp\/v2\/tags?post=1449"}],"curies":[{"name":"wp","href":"https:\/\/api.w.org\/{rel}","templated":true}]}}