{"id":1507,"date":"2013-06-17T11:28:32","date_gmt":"2013-06-17T09:28:32","guid":{"rendered":"http:\/\/www.proinca.es\/madridfansblog\/?p=1507"},"modified":"2025-05-28T15:50:53","modified_gmt":"2025-05-28T13:50:53","slug":"cursos-en-madrid-un-verano-intensivo","status":"publish","type":"post","link":"https:\/\/www.proinca.es\/madridfansblog\/cursos-en-madrid-un-verano-intensivo\/","title":{"rendered":"CURSOS EN MADRID: UN VERANO INTENSIVO"},"content":{"rendered":"<p>Los <strong>cursos de verano en Madrid<\/strong> se han convertido en un aut\u00e9ntico reclamo para estudiantes y profesionales de cualquier sector. <!--more-->Lo que comenz\u00f3 siendo un calendario de clases, se ha convertido en una gu\u00eda de seminarios magistrales donde cientos de j\u00f3venes acuden para intercambiar experiencias, conocer a iconos de la vida cultural, cient\u00edfica y social de nuestro pa\u00eds, debatir acerca de la actualidad y ponerse al d\u00eda de las \u00faltimas novedades en cualquier campo o disciplina, dado que los cursos abarcan la mayor\u00eda de las disciplinas acad\u00e9micas.<\/p>\n<p>Destaca este a\u00f1o, sin ir m\u00e1s lejos, la conferencia inaugural de los Cursos de Verano 2013 de la UCM, \u00abEl milagro de los trasplantes\u00bb, a cargo de Rafael Matesanz. La UCM es veterana en la celebraci\u00f3n de estos ciclos en Madrid y sus cursos cuentan con reconocido prestigio. Sin embargo, no es la \u00fanica, la mayor\u00eda de las universidades de la regi\u00f3n cuenta con programas especiales para los meses de junio, julio y agosto. Por ejemplo, los Cursos de Verano del IEB permiten obtener el T\u00edtulo Universitario de \u00abEspecialista\u00bb en diversas disciplinas y la Universidad Europea de Madrid oferta para los meses de verano cursos sobre Informaci\u00f3n y Documentaci\u00f3n, desde desarrollo de negocio en plataformas m\u00f3viles a gesti\u00f3n de redes sociales.<\/p>\n<p>Los hay tambi\u00e9n m\u00e1s originales, para hacer llevadera la carga lectiva en \u00e9poca estival. Fundaci\u00f3n Universidad Rey Juan Carlos oferta un curso de magia y la Universidad Aut\u00f3noma acoge un <strong>curso de verano<\/strong> sobre cocina saludable, sin duda, propuestas din\u00e1micas que pretenden acercar a los estudiantes a otras disciplinas, perfectas para conocer gente y si eres de otras ciudad, conocer adem\u00e1s la Comunidad de <strong>Madrid<\/strong>.<\/p>\n<p>La mayor\u00eda de las matr\u00edculas est\u00e1n ya abiertas. Recuerda que muchos de estos cursos conceden cr\u00e9ditos a los alumnos que los llevan a cabo y son en algunos casos subvencionados. Para la b\u00fasqueda de alojamiento a tu medida en Madrid, puedes consultar la p\u00e1gina web de <a href=\"http:\/\/www.proinca.es\/buscador-pisos\/tipo-0\/orden-tipo\/\"><strong>Proinca<\/strong>\u00a0<\/a>donde encontrar\u00e1s una amplia oferta de <strong>alquiler de apartamentos por meses\u00a0<\/strong>o semanas<strong> en Madrid,<\/strong>\u00a0completamente equipados y con los servicios adicionales que necesites (parking, limpieza&#8230;).<\/p>\n<p>\u00a1Feliz estancia!<\/p>\n<p>Informaci\u00f3n ofrecida por <strong><a href=\"http:\/\/www.proinca.es\">Proinca Apartamentos de alquiler en Madrid<\/a><\/strong>.<\/p>\n<p>Foto de Eliott Reyna en Unsplash<\/p>\n\n\n<div class=\"kk-star-ratings kksr-auto kksr-align-left kksr-valign-bottom\"\n    data-payload='{&quot;align&quot;:&quot;left&quot;,&quot;id&quot;:&quot;1507&quot;,&quot;slug&quot;:&quot;default&quot;,&quot;valign&quot;:&quot;bottom&quot;,&quot;ignore&quot;:&quot;&quot;,&quot;reference&quot;:&quot;auto&quot;,&quot;class&quot;:&quot;&quot;,&quot;count&quot;:&quot;0&quot;,&quot;legendonly&quot;:&quot;&quot;,&quot;readonly&quot;:&quot;&quot;,&quot;score&quot;:&quot;0&quot;,&quot;starsonly&quot;:&quot;&quot;,&quot;best&quot;:&quot;5&quot;,&quot;gap&quot;:&quot;1&quot;,&quot;greet&quot;:&quot;Valora este art\u00edculo&quot;,&quot;legend&quot;:&quot;0\\\/5 - (0 votos)&quot;,&quot;size&quot;:&quot;24&quot;,&quot;title&quot;:&quot;CURSOS EN MADRID: UN VERANO INTENSIVO&quot;,&quot;width&quot;:&quot;0&quot;,&quot;_legend&quot;:&quot;{score}\\\/{best} - ({count} {votes})&quot;,&quot;font_factor&quot;:&quot;1.25&quot;}'>\n            \n<div class=\"kksr-stars\">\n    \n<div class=\"kksr-stars-inactive\">\n            <div class=\"kksr-star\" data-star=\"1\" style=\"padding-right: 1px\">\n            \n\n<div class=\"kksr-icon\" style=\"width: 24px; height: 24px;\"><\/div>\n        <\/div>\n            <div class=\"kksr-star\" data-star=\"2\" style=\"padding-right: 1px\">\n            \n\n<div class=\"kksr-icon\" style=\"width: 24px; height: 24px;\"><\/div>\n        <\/div>\n            <div class=\"kksr-star\" data-star=\"3\" style=\"padding-right: 1px\">\n            \n\n<div class=\"kksr-icon\" style=\"width: 24px; height: 24px;\"><\/div>\n        <\/div>\n            <div class=\"kksr-star\" data-star=\"4\" style=\"padding-right: 1px\">\n            \n\n<div class=\"kksr-icon\" style=\"width: 24px; height: 24px;\"><\/div>\n        <\/div>\n            <div class=\"kksr-star\" data-star=\"5\" style=\"padding-right: 1px\">\n            \n\n<div class=\"kksr-icon\" style=\"width: 24px; height: 24px;\"><\/div>\n        <\/div>\n    <\/div>\n    \n<div class=\"kksr-stars-active\" style=\"width: 0px;\">\n            <div class=\"kksr-star\" style=\"padding-right: 1px\">\n            \n\n<div class=\"kksr-icon\" style=\"width: 24px; height: 24px;\"><\/div>\n        <\/div>\n            <div class=\"kksr-star\" style=\"padding-right: 1px\">\n            \n\n<div class=\"kksr-icon\" style=\"width: 24px; height: 24px;\"><\/div>\n        <\/div>\n            <div class=\"kksr-star\" style=\"padding-right: 1px\">\n            \n\n<div class=\"kksr-icon\" style=\"width: 24px; height: 24px;\"><\/div>\n        <\/div>\n            <div class=\"kksr-star\" style=\"padding-right: 1px\">\n            \n\n<div class=\"kksr-icon\" style=\"width: 24px; height: 24px;\"><\/div>\n        <\/div>\n            <div class=\"kksr-star\" style=\"padding-right: 1px\">\n            \n\n<div class=\"kksr-icon\" style=\"width: 24px; height: 24px;\"><\/div>\n        <\/div>\n    <\/div>\n<\/div>\n                \n\n<div class=\"kksr-legend\" style=\"font-size: 19.2px;\">\n            <span class=\"kksr-muted\">Valora este art\u00edculo<\/span>\n    <\/div>\n    <\/div>\n","protected":false},"excerpt":{"rendered":"<p>Los cursos de verano en Madrid se han convertido en  [&#8230;]<\/p>\n","protected":false},"author":4,"featured_media":7072,"comment_status":"closed","ping_status":"closed","sticky":false,"template":"","format":"standard","meta":{"footnotes":""},"categories":[79],"tags":[63,64,5],"class_list":["post-1507","post","type-post","status-publish","format-standard","has-post-thumbnail","hentry","category-vivir-madrid","tag-cultura","tag-libros","tag-madrid"],"yoast_head":"<!-- This site is optimized with the Yoast SEO plugin v27.4 - https:\/\/yoast.com\/product\/yoast-seo-wordpress\/ -->\n<title>Cursos de verano en Madrid. Proinca apartamentos en alquiler<\/title>\n<meta name=\"description\" content=\"Madrid cuenta con una variada oferta de cursos de verano para todos los gustos.Consulta las condiciones especiales de alojamiento.Proinca Apartamentos Madrid.\" \/>\n<meta name=\"robots\" content=\"index, follow, max-snippet:-1, max-image-preview:large, max-video-preview:-1\" \/>\n<link rel=\"canonical\" href=\"https:\/\/www.proinca.es\/madridfansblog\/cursos-en-madrid-un-verano-intensivo\/\" \/>\n<meta property=\"og:locale\" content=\"es_ES\" \/>\n<meta property=\"og:type\" content=\"article\" \/>\n<meta property=\"og:title\" content=\"Cursos de verano en Madrid. Proinca apartamentos en alquiler\" \/>\n<meta property=\"og:description\" content=\"Madrid cuenta con una variada oferta de cursos de verano para todos los gustos.Consulta las condiciones especiales de alojamiento.Proinca Apartamentos Madrid.\" \/>\n<meta property=\"og:url\" content=\"https:\/\/www.proinca.es\/madridfansblog\/cursos-en-madrid-un-verano-intensivo\/\" \/>\n<meta property=\"og:site_name\" content=\"Blog Proinca Madrid\" \/>\n<meta property=\"article:published_time\" content=\"2013-06-17T09:28:32+00:00\" \/>\n<meta property=\"article:modified_time\" content=\"2025-05-28T13:50:53+00:00\" \/>\n<meta property=\"og:image\" content=\"https:\/\/www.proinca.es\/madridfansblog\/wp-content\/uploads\/2013\/06\/cursos-de-verano.jpg\" \/>\n\t<meta property=\"og:image:width\" content=\"1000\" \/>\n\t<meta property=\"og:image:height\" content=\"667\" \/>\n\t<meta property=\"og:image:type\" content=\"image\/jpeg\" \/>\n<meta name=\"author\" content=\"Ana Calero\" \/>\n<script type=\"application\/ld+json\" class=\"yoast-schema-graph\">{\"@context\":\"https:\\\/\\\/schema.org\",\"@graph\":[{\"@type\":\"Article\",\"@id\":\"https:\\\/\\\/www.proinca.es\\\/madridfansblog\\\/cursos-en-madrid-un-verano-intensivo\\\/#article\",\"isPartOf\":{\"@id\":\"https:\\\/\\\/www.proinca.es\\\/madridfansblog\\\/cursos-en-madrid-un-verano-intensivo\\\/\"},\"author\":{\"name\":\"Ana Calero\",\"@id\":\"https:\\\/\\\/www.proinca.es\\\/madridfansblog\\\/#\\\/schema\\\/person\\\/8401adc89c0a0f5a3574c43326247f1e\"},\"headline\":\"CURSOS EN MADRID: UN VERANO INTENSIVO\",\"datePublished\":\"2013-06-17T09:28:32+00:00\",\"dateModified\":\"2025-05-28T13:50:53+00:00\",\"mainEntityOfPage\":{\"@id\":\"https:\\\/\\\/www.proinca.es\\\/madridfansblog\\\/cursos-en-madrid-un-verano-intensivo\\\/\"},\"wordCount\":400,\"publisher\":{\"@id\":\"https:\\\/\\\/www.proinca.es\\\/madridfansblog\\\/#organization\"},\"image\":{\"@id\":\"https:\\\/\\\/www.proinca.es\\\/madridfansblog\\\/cursos-en-madrid-un-verano-intensivo\\\/#primaryimage\"},\"thumbnailUrl\":\"https:\\\/\\\/www.proinca.es\\\/madridfansblog\\\/wp-content\\\/uploads\\\/2013\\\/06\\\/cursos-de-verano.jpg\",\"keywords\":[\"Cultura\",\"Libros\",\"Madrid\"],\"articleSection\":[\"VIVIR MADRID\"],\"inLanguage\":\"es\"},{\"@type\":\"WebPage\",\"@id\":\"https:\\\/\\\/www.proinca.es\\\/madridfansblog\\\/cursos-en-madrid-un-verano-intensivo\\\/\",\"url\":\"https:\\\/\\\/www.proinca.es\\\/madridfansblog\\\/cursos-en-madrid-un-verano-intensivo\\\/\",\"name\":\"Cursos de verano en Madrid. Proinca apartamentos en alquiler\",\"isPartOf\":{\"@id\":\"https:\\\/\\\/www.proinca.es\\\/madridfansblog\\\/#website\"},\"primaryImageOfPage\":{\"@id\":\"https:\\\/\\\/www.proinca.es\\\/madridfansblog\\\/cursos-en-madrid-un-verano-intensivo\\\/#primaryimage\"},\"image\":{\"@id\":\"https:\\\/\\\/www.proinca.es\\\/madridfansblog\\\/cursos-en-madrid-un-verano-intensivo\\\/#primaryimage\"},\"thumbnailUrl\":\"https:\\\/\\\/www.proinca.es\\\/madridfansblog\\\/wp-content\\\/uploads\\\/2013\\\/06\\\/cursos-de-verano.jpg\",\"datePublished\":\"2013-06-17T09:28:32+00:00\",\"dateModified\":\"2025-05-28T13:50:53+00:00\",\"description\":\"Madrid cuenta con una variada oferta de cursos de verano para todos los gustos.Consulta las condiciones especiales de alojamiento.Proinca Apartamentos Madrid.\",\"inLanguage\":\"es\",\"potentialAction\":[{\"@type\":\"ReadAction\",\"target\":[\"https:\\\/\\\/www.proinca.es\\\/madridfansblog\\\/cursos-en-madrid-un-verano-intensivo\\\/\"]}]},{\"@type\":\"ImageObject\",\"inLanguage\":\"es\",\"@id\":\"https:\\\/\\\/www.proinca.es\\\/madridfansblog\\\/cursos-en-madrid-un-verano-intensivo\\\/#primaryimage\",\"url\":\"https:\\\/\\\/www.proinca.es\\\/madridfansblog\\\/wp-content\\\/uploads\\\/2013\\\/06\\\/cursos-de-verano.jpg\",\"contentUrl\":\"https:\\\/\\\/www.proinca.es\\\/madridfansblog\\\/wp-content\\\/uploads\\\/2013\\\/06\\\/cursos-de-verano.jpg\",\"width\":1000,\"height\":667,\"caption\":\"Cursos en Madrid: un verano intensivo\"},{\"@type\":\"WebSite\",\"@id\":\"https:\\\/\\\/www.proinca.es\\\/madridfansblog\\\/#website\",\"url\":\"https:\\\/\\\/www.proinca.es\\\/madridfansblog\\\/\",\"name\":\"Madrid Fans Blog Proinca\",\"description\":\"Pisos y apartamentos de alquiler en Madrid\",\"publisher\":{\"@id\":\"https:\\\/\\\/www.proinca.es\\\/madridfansblog\\\/#organization\"},\"potentialAction\":[{\"@type\":\"SearchAction\",\"target\":{\"@type\":\"EntryPoint\",\"urlTemplate\":\"https:\\\/\\\/www.proinca.es\\\/madridfansblog\\\/?s={search_term_string}\"},\"query-input\":{\"@type\":\"PropertyValueSpecification\",\"valueRequired\":true,\"valueName\":\"search_term_string\"}}],\"inLanguage\":\"es\"},{\"@type\":\"Organization\",\"@id\":\"https:\\\/\\\/www.proinca.es\\\/madridfansblog\\\/#organization\",\"name\":\"Proinca\",\"url\":\"https:\\\/\\\/www.proinca.es\\\/madridfansblog\\\/\",\"logo\":{\"@type\":\"ImageObject\",\"inLanguage\":\"es\",\"@id\":\"https:\\\/\\\/www.proinca.es\\\/madridfansblog\\\/#\\\/schema\\\/logo\\\/image\\\/\",\"url\":\"https:\\\/\\\/www.proinca.es\\\/madridfansblog\\\/wp-content\\\/uploads\\\/2022\\\/03\\\/logo-proinca.jpg\",\"contentUrl\":\"https:\\\/\\\/www.proinca.es\\\/madridfansblog\\\/wp-content\\\/uploads\\\/2022\\\/03\\\/logo-proinca.jpg\",\"width\":522,\"height\":250,\"caption\":\"Proinca\"},\"image\":{\"@id\":\"https:\\\/\\\/www.proinca.es\\\/madridfansblog\\\/#\\\/schema\\\/logo\\\/image\\\/\"}},{\"@type\":\"Person\",\"@id\":\"https:\\\/\\\/www.proinca.es\\\/madridfansblog\\\/#\\\/schema\\\/person\\\/8401adc89c0a0f5a3574c43326247f1e\",\"name\":\"Ana Calero\",\"image\":{\"@type\":\"ImageObject\",\"inLanguage\":\"es\",\"@id\":\"https:\\\/\\\/www.proinca.es\\\/madridfansblog\\\/wp-content\\\/litespeed\\\/avatar\\\/ef51b25c0718910f475570320941ef46.jpg?ver=1777379772\",\"url\":\"https:\\\/\\\/www.proinca.es\\\/madridfansblog\\\/wp-content\\\/litespeed\\\/avatar\\\/ef51b25c0718910f475570320941ef46.jpg?ver=1777379772\",\"contentUrl\":\"https:\\\/\\\/www.proinca.es\\\/madridfansblog\\\/wp-content\\\/litespeed\\\/avatar\\\/ef51b25c0718910f475570320941ef46.jpg?ver=1777379772\",\"caption\":\"Ana Calero\"},\"description\":\"Licenciada en Ciencias Empresariales por la Universidad Aut\u00f3noma de Madrid. Forma parte del equipo de Apartamentos Proinca y es una enamorada de Madrid\",\"sameAs\":[\"https:\\\/\\\/www.proinca.es\\\/madridfansblog\\\/ana-calero\\\/\"]}]}<\/script>\n<!-- \/ Yoast SEO plugin. -->","yoast_head_json":{"title":"Cursos de verano en Madrid. Proinca apartamentos en alquiler","description":"Madrid cuenta con una variada oferta de cursos de verano para todos los gustos.Consulta las condiciones especiales de alojamiento.Proinca Apartamentos Madrid.","robots":{"index":"index","follow":"follow","max-snippet":"max-snippet:-1","max-image-preview":"max-image-preview:large","max-video-preview":"max-video-preview:-1"},"canonical":"https:\/\/www.proinca.es\/madridfansblog\/cursos-en-madrid-un-verano-intensivo\/","og_locale":"es_ES","og_type":"article","og_title":"Cursos de verano en Madrid. Proinca apartamentos en alquiler","og_description":"Madrid cuenta con una variada oferta de cursos de verano para todos los gustos.Consulta las condiciones especiales de alojamiento.Proinca Apartamentos Madrid.","og_url":"https:\/\/www.proinca.es\/madridfansblog\/cursos-en-madrid-un-verano-intensivo\/","og_site_name":"Blog Proinca Madrid","article_published_time":"2013-06-17T09:28:32+00:00","article_modified_time":"2025-05-28T13:50:53+00:00","og_image":[{"width":1000,"height":667,"url":"https:\/\/www.proinca.es\/madridfansblog\/wp-content\/uploads\/2013\/06\/cursos-de-verano.jpg","type":"image\/jpeg"}],"author":"Ana Calero","schema":{"@context":"https:\/\/schema.org","@graph":[{"@type":"Article","@id":"https:\/\/www.proinca.es\/madridfansblog\/cursos-en-madrid-un-verano-intensivo\/#article","isPartOf":{"@id":"https:\/\/www.proinca.es\/madridfansblog\/cursos-en-madrid-un-verano-intensivo\/"},"author":{"name":"Ana Calero","@id":"https:\/\/www.proinca.es\/madridfansblog\/#\/schema\/person\/8401adc89c0a0f5a3574c43326247f1e"},"headline":"CURSOS EN MADRID: UN VERANO INTENSIVO","datePublished":"2013-06-17T09:28:32+00:00","dateModified":"2025-05-28T13:50:53+00:00","mainEntityOfPage":{"@id":"https:\/\/www.proinca.es\/madridfansblog\/cursos-en-madrid-un-verano-intensivo\/"},"wordCount":400,"publisher":{"@id":"https:\/\/www.proinca.es\/madridfansblog\/#organization"},"image":{"@id":"https:\/\/www.proinca.es\/madridfansblog\/cursos-en-madrid-un-verano-intensivo\/#primaryimage"},"thumbnailUrl":"https:\/\/www.proinca.es\/madridfansblog\/wp-content\/uploads\/2013\/06\/cursos-de-verano.jpg","keywords":["Cultura","Libros","Madrid"],"articleSection":["VIVIR MADRID"],"inLanguage":"es"},{"@type":"WebPage","@id":"https:\/\/www.proinca.es\/madridfansblog\/cursos-en-madrid-un-verano-intensivo\/","url":"https:\/\/www.proinca.es\/madridfansblog\/cursos-en-madrid-un-verano-intensivo\/","name":"Cursos de verano en Madrid. Proinca apartamentos en alquiler","isPartOf":{"@id":"https:\/\/www.proinca.es\/madridfansblog\/#website"},"primaryImageOfPage":{"@id":"https:\/\/www.proinca.es\/madridfansblog\/cursos-en-madrid-un-verano-intensivo\/#primaryimage"},"image":{"@id":"https:\/\/www.proinca.es\/madridfansblog\/cursos-en-madrid-un-verano-intensivo\/#primaryimage"},"thumbnailUrl":"https:\/\/www.proinca.es\/madridfansblog\/wp-content\/uploads\/2013\/06\/cursos-de-verano.jpg","datePublished":"2013-06-17T09:28:32+00:00","dateModified":"2025-05-28T13:50:53+00:00","description":"Madrid cuenta con una variada oferta de cursos de verano para todos los gustos.Consulta las condiciones especiales de alojamiento.Proinca Apartamentos Madrid.","inLanguage":"es","potentialAction":[{"@type":"ReadAction","target":["https:\/\/www.proinca.es\/madridfansblog\/cursos-en-madrid-un-verano-intensivo\/"]}]},{"@type":"ImageObject","inLanguage":"es","@id":"https:\/\/www.proinca.es\/madridfansblog\/cursos-en-madrid-un-verano-intensivo\/#primaryimage","url":"https:\/\/www.proinca.es\/madridfansblog\/wp-content\/uploads\/2013\/06\/cursos-de-verano.jpg","contentUrl":"https:\/\/www.proinca.es\/madridfansblog\/wp-content\/uploads\/2013\/06\/cursos-de-verano.jpg","width":1000,"height":667,"caption":"Cursos en Madrid: un verano intensivo"},{"@type":"WebSite","@id":"https:\/\/www.proinca.es\/madridfansblog\/#website","url":"https:\/\/www.proinca.es\/madridfansblog\/","name":"Madrid Fans Blog Proinca","description":"Pisos y apartamentos de alquiler en Madrid","publisher":{"@id":"https:\/\/www.proinca.es\/madridfansblog\/#organization"},"potentialAction":[{"@type":"SearchAction","target":{"@type":"EntryPoint","urlTemplate":"https:\/\/www.proinca.es\/madridfansblog\/?s={search_term_string}"},"query-input":{"@type":"PropertyValueSpecification","valueRequired":true,"valueName":"search_term_string"}}],"inLanguage":"es"},{"@type":"Organization","@id":"https:\/\/www.proinca.es\/madridfansblog\/#organization","name":"Proinca","url":"https:\/\/www.proinca.es\/madridfansblog\/","logo":{"@type":"ImageObject","inLanguage":"es","@id":"https:\/\/www.proinca.es\/madridfansblog\/#\/schema\/logo\/image\/","url":"https:\/\/www.proinca.es\/madridfansblog\/wp-content\/uploads\/2022\/03\/logo-proinca.jpg","contentUrl":"https:\/\/www.proinca.es\/madridfansblog\/wp-content\/uploads\/2022\/03\/logo-proinca.jpg","width":522,"height":250,"caption":"Proinca"},"image":{"@id":"https:\/\/www.proinca.es\/madridfansblog\/#\/schema\/logo\/image\/"}},{"@type":"Person","@id":"https:\/\/www.proinca.es\/madridfansblog\/#\/schema\/person\/8401adc89c0a0f5a3574c43326247f1e","name":"Ana Calero","image":{"@type":"ImageObject","inLanguage":"es","@id":"https:\/\/www.proinca.es\/madridfansblog\/wp-content\/litespeed\/avatar\/ef51b25c0718910f475570320941ef46.jpg?ver=1777379772","url":"https:\/\/www.proinca.es\/madridfansblog\/wp-content\/litespeed\/avatar\/ef51b25c0718910f475570320941ef46.jpg?ver=1777379772","contentUrl":"https:\/\/www.proinca.es\/madridfansblog\/wp-content\/litespeed\/avatar\/ef51b25c0718910f475570320941ef46.jpg?ver=1777379772","caption":"Ana Calero"},"description":"Licenciada en Ciencias Empresariales por la Universidad Aut\u00f3noma de Madrid. Forma parte del equipo de Apartamentos Proinca y es una enamorada de Madrid","sameAs":["https:\/\/www.proinca.es\/madridfansblog\/ana-calero\/"]}]}},"_links":{"self":[{"href":"https:\/\/www.proinca.es\/madridfansblog\/wp-json\/wp\/v2\/posts\/1507","targetHints":{"allow":["GET"]}}],"collection":[{"href":"https:\/\/www.proinca.es\/madridfansblog\/wp-json\/wp\/v2\/posts"}],"about":[{"href":"https:\/\/www.proinca.es\/madridfansblog\/wp-json\/wp\/v2\/types\/post"}],"author":[{"embeddable":true,"href":"https:\/\/www.proinca.es\/madridfansblog\/wp-json\/wp\/v2\/users\/4"}],"replies":[{"embeddable":true,"href":"https:\/\/www.proinca.es\/madridfansblog\/wp-json\/wp\/v2\/comments?post=1507"}],"version-history":[{"count":26,"href":"https:\/\/www.proinca.es\/madridfansblog\/wp-json\/wp\/v2\/posts\/1507\/revisions"}],"predecessor-version":[{"id":7672,"href":"https:\/\/www.proinca.es\/madridfansblog\/wp-json\/wp\/v2\/posts\/1507\/revisions\/7672"}],"wp:featuredmedia":[{"embeddable":true,"href":"https:\/\/www.proinca.es\/madridfansblog\/wp-json\/wp\/v2\/media\/7072"}],"wp:attachment":[{"href":"https:\/\/www.proinca.es\/madridfansblog\/wp-json\/wp\/v2\/media?parent=1507"}],"wp:term":[{"taxonomy":"category","embeddable":true,"href":"https:\/\/www.proinca.es\/madridfansblog\/wp-json\/wp\/v2\/categories?post=1507"},{"taxonomy":"post_tag","embeddable":true,"href":"https:\/\/www.proinca.es\/madridfansblog\/wp-json\/wp\/v2\/tags?post=1507"}],"curies":[{"name":"wp","href":"https:\/\/api.w.org\/{rel}","templated":true}]}}