{"id":1531,"date":"2013-07-08T18:00:59","date_gmt":"2013-07-08T16:00:59","guid":{"rendered":"http:\/\/www.proinca.es\/madridfansblog\/?p=1531"},"modified":"2025-05-28T13:24:26","modified_gmt":"2025-05-28T11:24:26","slug":"para-cuando-baje-el-sol-rutas-en-bici-por-madrid","status":"publish","type":"post","link":"https:\/\/www.proinca.es\/madridfansblog\/para-cuando-baje-el-sol-rutas-en-bici-por-madrid\/","title":{"rendered":"PARA CUANDO BAJE EL SOL:  RUTAS EN BICI POR MADRID"},"content":{"rendered":"<p>En verano a las horas en que el sol baja un poco, no hay qui\u00e9n se resista a ponerse el casco, enfundarse en unas mallas y salir a disfrutar de las <strong>rutas por\u00a0Madrid\u00a0en bicicleta<\/strong>. \u00a0La capital ofrece muchas y variadas rutas para disfrutar del buen tiempo mientras hacemos un poco de deporte al aire libre, \u00bfqu\u00e9 m\u00e1s se puede pedir en una gran ciudad?<\/p>\n<p>El <strong>anillo verde ciclista<\/strong> (AVC-64) es un circuito de 64 kil\u00f3metros que circunvala Madrid y que adem\u00e1s cuenta con un espacio destinado para peatones. El desnivel no es mucho, 310 metros acumulados, as\u00ed que es asequible para cualquier persona con un m\u00ednimo de preparaci\u00f3n, adem\u00e1s, lo bueno es que si \u201cpinchas\u201d por el camino, y no nos referimos precisamente al estado de tus neum\u00e1ticos, siempre puedes \u201ctocar retirada\u201d y volver a casa en metro o cercan\u00edas, ya que pasas por las estaciones de Pitis, Montecarmelo, Palas del Rey, Antonio Saura, Canillejas, Valdebernardo, Orcasitas, San Francisco, La Latina, Casa de Campo, Bat\u00e1n, Lago y Pr\u00edncipe P\u00edo entre otras. Como ves, se trata de rodear la ciudad de Madrid. Adem\u00e1s, cuentas con v\u00edas alternativas y tramos adicionales que enlazan directamente con el anillo verde.<\/p>\n<p>Eso s\u00ed, una advertencia, si piensas subir las bicis al metro, ten en cuenta la normativa de la Comunidad de Madrid al respecto, a saber: solo se permite una bicicleta por viajero y billete, y dos bicicletas por coche; no se permite conducir bicicletas por las instalaciones de metro, el uso de escaleras mec\u00e1nicas, pasillos rodantes o ascensores; siempre que las circunstancias lo desaconsejen, estar\u00e1 prohibido el transporte de bicis en el metro. Para consultar las condiciones espec\u00edficas respecto a los trenes de cercan\u00edas, puedes consultar esta web: www.renfe.es\/cercan\u00edas.<\/p>\n<p>\u00a1No te dejes de hacer ni una de las <strong>rutas en bici\u00a0por Madrid<\/strong>!<\/p>\n<p>Informaci\u00f3n patrocinada por\u00a0<strong><a href=\"http:\/\/www.proinca.es\/\">Proinca, oferta de apartamentos en alquiler en Madrid<\/a><\/strong><\/p>\n<p>Foto de phyo min en Unsplash<\/p>\n\n\n<div class=\"kk-star-ratings kksr-auto kksr-align-left kksr-valign-bottom\"\n    data-payload='{&quot;align&quot;:&quot;left&quot;,&quot;id&quot;:&quot;1531&quot;,&quot;slug&quot;:&quot;default&quot;,&quot;valign&quot;:&quot;bottom&quot;,&quot;ignore&quot;:&quot;&quot;,&quot;reference&quot;:&quot;auto&quot;,&quot;class&quot;:&quot;&quot;,&quot;count&quot;:&quot;0&quot;,&quot;legendonly&quot;:&quot;&quot;,&quot;readonly&quot;:&quot;&quot;,&quot;score&quot;:&quot;0&quot;,&quot;starsonly&quot;:&quot;&quot;,&quot;best&quot;:&quot;5&quot;,&quot;gap&quot;:&quot;1&quot;,&quot;greet&quot;:&quot;Valora este art\u00edculo&quot;,&quot;legend&quot;:&quot;0\\\/5 - (0 votos)&quot;,&quot;size&quot;:&quot;24&quot;,&quot;title&quot;:&quot;PARA CUANDO BAJE EL SOL:  RUTAS EN BICI POR MADRID&quot;,&quot;width&quot;:&quot;0&quot;,&quot;_legend&quot;:&quot;{score}\\\/{best} - ({count} {votes})&quot;,&quot;font_factor&quot;:&quot;1.25&quot;}'>\n            \n<div class=\"kksr-stars\">\n    \n<div class=\"kksr-stars-inactive\">\n            <div class=\"kksr-star\" data-star=\"1\" style=\"padding-right: 1px\">\n            \n\n<div class=\"kksr-icon\" style=\"width: 24px; height: 24px;\"><\/div>\n        <\/div>\n            <div class=\"kksr-star\" data-star=\"2\" style=\"padding-right: 1px\">\n            \n\n<div class=\"kksr-icon\" style=\"width: 24px; height: 24px;\"><\/div>\n        <\/div>\n            <div class=\"kksr-star\" data-star=\"3\" style=\"padding-right: 1px\">\n            \n\n<div class=\"kksr-icon\" style=\"width: 24px; height: 24px;\"><\/div>\n        <\/div>\n            <div class=\"kksr-star\" data-star=\"4\" style=\"padding-right: 1px\">\n            \n\n<div class=\"kksr-icon\" style=\"width: 24px; height: 24px;\"><\/div>\n        <\/div>\n            <div class=\"kksr-star\" data-star=\"5\" style=\"padding-right: 1px\">\n            \n\n<div class=\"kksr-icon\" style=\"width: 24px; height: 24px;\"><\/div>\n        <\/div>\n    <\/div>\n    \n<div class=\"kksr-stars-active\" style=\"width: 0px;\">\n            <div class=\"kksr-star\" style=\"padding-right: 1px\">\n            \n\n<div class=\"kksr-icon\" style=\"width: 24px; height: 24px;\"><\/div>\n        <\/div>\n            <div class=\"kksr-star\" style=\"padding-right: 1px\">\n            \n\n<div class=\"kksr-icon\" style=\"width: 24px; height: 24px;\"><\/div>\n        <\/div>\n            <div class=\"kksr-star\" style=\"padding-right: 1px\">\n            \n\n<div class=\"kksr-icon\" style=\"width: 24px; height: 24px;\"><\/div>\n        <\/div>\n            <div class=\"kksr-star\" style=\"padding-right: 1px\">\n            \n\n<div class=\"kksr-icon\" style=\"width: 24px; height: 24px;\"><\/div>\n        <\/div>\n            <div class=\"kksr-star\" style=\"padding-right: 1px\">\n            \n\n<div class=\"kksr-icon\" style=\"width: 24px; height: 24px;\"><\/div>\n        <\/div>\n    <\/div>\n<\/div>\n                \n\n<div class=\"kksr-legend\" style=\"font-size: 19.2px;\">\n            <span class=\"kksr-muted\">Valora este art\u00edculo<\/span>\n    <\/div>\n    <\/div>\n","protected":false},"excerpt":{"rendered":"<p>En verano a las horas en que el sol baja  [&#8230;]<\/p>\n","protected":false},"author":4,"featured_media":7074,"comment_status":"closed","ping_status":"closed","sticky":false,"template":"","format":"standard","meta":{"footnotes":""},"categories":[79],"tags":[],"class_list":["post-1531","post","type-post","status-publish","format-standard","has-post-thumbnail","hentry","category-vivir-madrid"],"yoast_head":"<!-- This site is optimized with the Yoast SEO plugin v27.4 - https:\/\/yoast.com\/product\/yoast-seo-wordpress\/ -->\n<title>Rutas en bici por Madrid. Proinca apartamentos en alquiler<\/title>\n<meta name=\"description\" content=\"Descubre las mejores rutas en bici por Madrid y el Anillo Verde Ciclista (AVC),64 kil\u00f3metros pensados para disfrutar en bicicleta.Proinca Apartamentos Madrid\" \/>\n<meta name=\"robots\" content=\"index, follow, max-snippet:-1, max-image-preview:large, max-video-preview:-1\" \/>\n<link rel=\"canonical\" href=\"https:\/\/www.proinca.es\/madridfansblog\/para-cuando-baje-el-sol-rutas-en-bici-por-madrid\/\" \/>\n<meta property=\"og:locale\" content=\"es_ES\" \/>\n<meta property=\"og:type\" content=\"article\" \/>\n<meta property=\"og:title\" content=\"Rutas en bici por Madrid. Proinca apartamentos en alquiler\" \/>\n<meta property=\"og:description\" content=\"Descubre las mejores rutas en bici por Madrid y el Anillo Verde Ciclista (AVC),64 kil\u00f3metros pensados para disfrutar en bicicleta.Proinca Apartamentos Madrid\" \/>\n<meta property=\"og:url\" content=\"https:\/\/www.proinca.es\/madridfansblog\/para-cuando-baje-el-sol-rutas-en-bici-por-madrid\/\" \/>\n<meta property=\"og:site_name\" content=\"Blog Proinca Madrid\" \/>\n<meta property=\"article:published_time\" content=\"2013-07-08T16:00:59+00:00\" \/>\n<meta property=\"article:modified_time\" content=\"2025-05-28T11:24:26+00:00\" \/>\n<meta property=\"og:image\" content=\"https:\/\/www.proinca.es\/madridfansblog\/wp-content\/uploads\/2013\/07\/rutas-en-bici.jpg\" \/>\n\t<meta property=\"og:image:width\" content=\"1000\" \/>\n\t<meta property=\"og:image:height\" content=\"640\" \/>\n\t<meta property=\"og:image:type\" content=\"image\/jpeg\" \/>\n<meta name=\"author\" content=\"Ana Calero\" \/>\n<script type=\"application\/ld+json\" class=\"yoast-schema-graph\">{\"@context\":\"https:\\\/\\\/schema.org\",\"@graph\":[{\"@type\":\"Article\",\"@id\":\"https:\\\/\\\/www.proinca.es\\\/madridfansblog\\\/para-cuando-baje-el-sol-rutas-en-bici-por-madrid\\\/#article\",\"isPartOf\":{\"@id\":\"https:\\\/\\\/www.proinca.es\\\/madridfansblog\\\/para-cuando-baje-el-sol-rutas-en-bici-por-madrid\\\/\"},\"author\":{\"name\":\"Ana Calero\",\"@id\":\"https:\\\/\\\/www.proinca.es\\\/madridfansblog\\\/#\\\/schema\\\/person\\\/8401adc89c0a0f5a3574c43326247f1e\"},\"headline\":\"PARA CUANDO BAJE EL SOL: RUTAS EN BICI POR MADRID\",\"datePublished\":\"2013-07-08T16:00:59+00:00\",\"dateModified\":\"2025-05-28T11:24:26+00:00\",\"mainEntityOfPage\":{\"@id\":\"https:\\\/\\\/www.proinca.es\\\/madridfansblog\\\/para-cuando-baje-el-sol-rutas-en-bici-por-madrid\\\/\"},\"wordCount\":348,\"publisher\":{\"@id\":\"https:\\\/\\\/www.proinca.es\\\/madridfansblog\\\/#organization\"},\"image\":{\"@id\":\"https:\\\/\\\/www.proinca.es\\\/madridfansblog\\\/para-cuando-baje-el-sol-rutas-en-bici-por-madrid\\\/#primaryimage\"},\"thumbnailUrl\":\"https:\\\/\\\/www.proinca.es\\\/madridfansblog\\\/wp-content\\\/uploads\\\/2013\\\/07\\\/rutas-en-bici.jpg\",\"articleSection\":[\"VIVIR MADRID\"],\"inLanguage\":\"es\"},{\"@type\":\"WebPage\",\"@id\":\"https:\\\/\\\/www.proinca.es\\\/madridfansblog\\\/para-cuando-baje-el-sol-rutas-en-bici-por-madrid\\\/\",\"url\":\"https:\\\/\\\/www.proinca.es\\\/madridfansblog\\\/para-cuando-baje-el-sol-rutas-en-bici-por-madrid\\\/\",\"name\":\"Rutas en bici por Madrid. Proinca apartamentos en alquiler\",\"isPartOf\":{\"@id\":\"https:\\\/\\\/www.proinca.es\\\/madridfansblog\\\/#website\"},\"primaryImageOfPage\":{\"@id\":\"https:\\\/\\\/www.proinca.es\\\/madridfansblog\\\/para-cuando-baje-el-sol-rutas-en-bici-por-madrid\\\/#primaryimage\"},\"image\":{\"@id\":\"https:\\\/\\\/www.proinca.es\\\/madridfansblog\\\/para-cuando-baje-el-sol-rutas-en-bici-por-madrid\\\/#primaryimage\"},\"thumbnailUrl\":\"https:\\\/\\\/www.proinca.es\\\/madridfansblog\\\/wp-content\\\/uploads\\\/2013\\\/07\\\/rutas-en-bici.jpg\",\"datePublished\":\"2013-07-08T16:00:59+00:00\",\"dateModified\":\"2025-05-28T11:24:26+00:00\",\"description\":\"Descubre las mejores rutas en bici por Madrid y el Anillo Verde Ciclista (AVC),64 kil\u00f3metros pensados para disfrutar en bicicleta.Proinca Apartamentos Madrid\",\"inLanguage\":\"es\",\"potentialAction\":[{\"@type\":\"ReadAction\",\"target\":[\"https:\\\/\\\/www.proinca.es\\\/madridfansblog\\\/para-cuando-baje-el-sol-rutas-en-bici-por-madrid\\\/\"]}]},{\"@type\":\"ImageObject\",\"inLanguage\":\"es\",\"@id\":\"https:\\\/\\\/www.proinca.es\\\/madridfansblog\\\/para-cuando-baje-el-sol-rutas-en-bici-por-madrid\\\/#primaryimage\",\"url\":\"https:\\\/\\\/www.proinca.es\\\/madridfansblog\\\/wp-content\\\/uploads\\\/2013\\\/07\\\/rutas-en-bici.jpg\",\"contentUrl\":\"https:\\\/\\\/www.proinca.es\\\/madridfansblog\\\/wp-content\\\/uploads\\\/2013\\\/07\\\/rutas-en-bici.jpg\",\"width\":1000,\"height\":640,\"caption\":\"Para cuando baje el sol: rutas en bici por Madrid\"},{\"@type\":\"WebSite\",\"@id\":\"https:\\\/\\\/www.proinca.es\\\/madridfansblog\\\/#website\",\"url\":\"https:\\\/\\\/www.proinca.es\\\/madridfansblog\\\/\",\"name\":\"Madrid Fans Blog Proinca\",\"description\":\"Pisos y apartamentos de alquiler en Madrid\",\"publisher\":{\"@id\":\"https:\\\/\\\/www.proinca.es\\\/madridfansblog\\\/#organization\"},\"potentialAction\":[{\"@type\":\"SearchAction\",\"target\":{\"@type\":\"EntryPoint\",\"urlTemplate\":\"https:\\\/\\\/www.proinca.es\\\/madridfansblog\\\/?s={search_term_string}\"},\"query-input\":{\"@type\":\"PropertyValueSpecification\",\"valueRequired\":true,\"valueName\":\"search_term_string\"}}],\"inLanguage\":\"es\"},{\"@type\":\"Organization\",\"@id\":\"https:\\\/\\\/www.proinca.es\\\/madridfansblog\\\/#organization\",\"name\":\"Proinca\",\"url\":\"https:\\\/\\\/www.proinca.es\\\/madridfansblog\\\/\",\"logo\":{\"@type\":\"ImageObject\",\"inLanguage\":\"es\",\"@id\":\"https:\\\/\\\/www.proinca.es\\\/madridfansblog\\\/#\\\/schema\\\/logo\\\/image\\\/\",\"url\":\"https:\\\/\\\/www.proinca.es\\\/madridfansblog\\\/wp-content\\\/uploads\\\/2022\\\/03\\\/logo-proinca.jpg\",\"contentUrl\":\"https:\\\/\\\/www.proinca.es\\\/madridfansblog\\\/wp-content\\\/uploads\\\/2022\\\/03\\\/logo-proinca.jpg\",\"width\":522,\"height\":250,\"caption\":\"Proinca\"},\"image\":{\"@id\":\"https:\\\/\\\/www.proinca.es\\\/madridfansblog\\\/#\\\/schema\\\/logo\\\/image\\\/\"}},{\"@type\":\"Person\",\"@id\":\"https:\\\/\\\/www.proinca.es\\\/madridfansblog\\\/#\\\/schema\\\/person\\\/8401adc89c0a0f5a3574c43326247f1e\",\"name\":\"Ana Calero\",\"image\":{\"@type\":\"ImageObject\",\"inLanguage\":\"es\",\"@id\":\"https:\\\/\\\/www.proinca.es\\\/madridfansblog\\\/wp-content\\\/litespeed\\\/avatar\\\/ef51b25c0718910f475570320941ef46.jpg?ver=1777379772\",\"url\":\"https:\\\/\\\/www.proinca.es\\\/madridfansblog\\\/wp-content\\\/litespeed\\\/avatar\\\/ef51b25c0718910f475570320941ef46.jpg?ver=1777379772\",\"contentUrl\":\"https:\\\/\\\/www.proinca.es\\\/madridfansblog\\\/wp-content\\\/litespeed\\\/avatar\\\/ef51b25c0718910f475570320941ef46.jpg?ver=1777379772\",\"caption\":\"Ana Calero\"},\"description\":\"Licenciada en Ciencias Empresariales por la Universidad Aut\u00f3noma de Madrid. Forma parte del equipo de Apartamentos Proinca y es una enamorada de Madrid\",\"sameAs\":[\"https:\\\/\\\/www.proinca.es\\\/madridfansblog\\\/ana-calero\\\/\"]}]}<\/script>\n<!-- \/ Yoast SEO plugin. -->","yoast_head_json":{"title":"Rutas en bici por Madrid. Proinca apartamentos en alquiler","description":"Descubre las mejores rutas en bici por Madrid y el Anillo Verde Ciclista (AVC),64 kil\u00f3metros pensados para disfrutar en bicicleta.Proinca Apartamentos Madrid","robots":{"index":"index","follow":"follow","max-snippet":"max-snippet:-1","max-image-preview":"max-image-preview:large","max-video-preview":"max-video-preview:-1"},"canonical":"https:\/\/www.proinca.es\/madridfansblog\/para-cuando-baje-el-sol-rutas-en-bici-por-madrid\/","og_locale":"es_ES","og_type":"article","og_title":"Rutas en bici por Madrid. Proinca apartamentos en alquiler","og_description":"Descubre las mejores rutas en bici por Madrid y el Anillo Verde Ciclista (AVC),64 kil\u00f3metros pensados para disfrutar en bicicleta.Proinca Apartamentos Madrid","og_url":"https:\/\/www.proinca.es\/madridfansblog\/para-cuando-baje-el-sol-rutas-en-bici-por-madrid\/","og_site_name":"Blog Proinca Madrid","article_published_time":"2013-07-08T16:00:59+00:00","article_modified_time":"2025-05-28T11:24:26+00:00","og_image":[{"width":1000,"height":640,"url":"https:\/\/www.proinca.es\/madridfansblog\/wp-content\/uploads\/2013\/07\/rutas-en-bici.jpg","type":"image\/jpeg"}],"author":"Ana Calero","schema":{"@context":"https:\/\/schema.org","@graph":[{"@type":"Article","@id":"https:\/\/www.proinca.es\/madridfansblog\/para-cuando-baje-el-sol-rutas-en-bici-por-madrid\/#article","isPartOf":{"@id":"https:\/\/www.proinca.es\/madridfansblog\/para-cuando-baje-el-sol-rutas-en-bici-por-madrid\/"},"author":{"name":"Ana Calero","@id":"https:\/\/www.proinca.es\/madridfansblog\/#\/schema\/person\/8401adc89c0a0f5a3574c43326247f1e"},"headline":"PARA CUANDO BAJE EL SOL: RUTAS EN BICI POR MADRID","datePublished":"2013-07-08T16:00:59+00:00","dateModified":"2025-05-28T11:24:26+00:00","mainEntityOfPage":{"@id":"https:\/\/www.proinca.es\/madridfansblog\/para-cuando-baje-el-sol-rutas-en-bici-por-madrid\/"},"wordCount":348,"publisher":{"@id":"https:\/\/www.proinca.es\/madridfansblog\/#organization"},"image":{"@id":"https:\/\/www.proinca.es\/madridfansblog\/para-cuando-baje-el-sol-rutas-en-bici-por-madrid\/#primaryimage"},"thumbnailUrl":"https:\/\/www.proinca.es\/madridfansblog\/wp-content\/uploads\/2013\/07\/rutas-en-bici.jpg","articleSection":["VIVIR MADRID"],"inLanguage":"es"},{"@type":"WebPage","@id":"https:\/\/www.proinca.es\/madridfansblog\/para-cuando-baje-el-sol-rutas-en-bici-por-madrid\/","url":"https:\/\/www.proinca.es\/madridfansblog\/para-cuando-baje-el-sol-rutas-en-bici-por-madrid\/","name":"Rutas en bici por Madrid. Proinca apartamentos en alquiler","isPartOf":{"@id":"https:\/\/www.proinca.es\/madridfansblog\/#website"},"primaryImageOfPage":{"@id":"https:\/\/www.proinca.es\/madridfansblog\/para-cuando-baje-el-sol-rutas-en-bici-por-madrid\/#primaryimage"},"image":{"@id":"https:\/\/www.proinca.es\/madridfansblog\/para-cuando-baje-el-sol-rutas-en-bici-por-madrid\/#primaryimage"},"thumbnailUrl":"https:\/\/www.proinca.es\/madridfansblog\/wp-content\/uploads\/2013\/07\/rutas-en-bici.jpg","datePublished":"2013-07-08T16:00:59+00:00","dateModified":"2025-05-28T11:24:26+00:00","description":"Descubre las mejores rutas en bici por Madrid y el Anillo Verde Ciclista (AVC),64 kil\u00f3metros pensados para disfrutar en bicicleta.Proinca Apartamentos Madrid","inLanguage":"es","potentialAction":[{"@type":"ReadAction","target":["https:\/\/www.proinca.es\/madridfansblog\/para-cuando-baje-el-sol-rutas-en-bici-por-madrid\/"]}]},{"@type":"ImageObject","inLanguage":"es","@id":"https:\/\/www.proinca.es\/madridfansblog\/para-cuando-baje-el-sol-rutas-en-bici-por-madrid\/#primaryimage","url":"https:\/\/www.proinca.es\/madridfansblog\/wp-content\/uploads\/2013\/07\/rutas-en-bici.jpg","contentUrl":"https:\/\/www.proinca.es\/madridfansblog\/wp-content\/uploads\/2013\/07\/rutas-en-bici.jpg","width":1000,"height":640,"caption":"Para cuando baje el sol: rutas en bici por Madrid"},{"@type":"WebSite","@id":"https:\/\/www.proinca.es\/madridfansblog\/#website","url":"https:\/\/www.proinca.es\/madridfansblog\/","name":"Madrid Fans Blog Proinca","description":"Pisos y apartamentos de alquiler en Madrid","publisher":{"@id":"https:\/\/www.proinca.es\/madridfansblog\/#organization"},"potentialAction":[{"@type":"SearchAction","target":{"@type":"EntryPoint","urlTemplate":"https:\/\/www.proinca.es\/madridfansblog\/?s={search_term_string}"},"query-input":{"@type":"PropertyValueSpecification","valueRequired":true,"valueName":"search_term_string"}}],"inLanguage":"es"},{"@type":"Organization","@id":"https:\/\/www.proinca.es\/madridfansblog\/#organization","name":"Proinca","url":"https:\/\/www.proinca.es\/madridfansblog\/","logo":{"@type":"ImageObject","inLanguage":"es","@id":"https:\/\/www.proinca.es\/madridfansblog\/#\/schema\/logo\/image\/","url":"https:\/\/www.proinca.es\/madridfansblog\/wp-content\/uploads\/2022\/03\/logo-proinca.jpg","contentUrl":"https:\/\/www.proinca.es\/madridfansblog\/wp-content\/uploads\/2022\/03\/logo-proinca.jpg","width":522,"height":250,"caption":"Proinca"},"image":{"@id":"https:\/\/www.proinca.es\/madridfansblog\/#\/schema\/logo\/image\/"}},{"@type":"Person","@id":"https:\/\/www.proinca.es\/madridfansblog\/#\/schema\/person\/8401adc89c0a0f5a3574c43326247f1e","name":"Ana Calero","image":{"@type":"ImageObject","inLanguage":"es","@id":"https:\/\/www.proinca.es\/madridfansblog\/wp-content\/litespeed\/avatar\/ef51b25c0718910f475570320941ef46.jpg?ver=1777379772","url":"https:\/\/www.proinca.es\/madridfansblog\/wp-content\/litespeed\/avatar\/ef51b25c0718910f475570320941ef46.jpg?ver=1777379772","contentUrl":"https:\/\/www.proinca.es\/madridfansblog\/wp-content\/litespeed\/avatar\/ef51b25c0718910f475570320941ef46.jpg?ver=1777379772","caption":"Ana Calero"},"description":"Licenciada en Ciencias Empresariales por la Universidad Aut\u00f3noma de Madrid. Forma parte del equipo de Apartamentos Proinca y es una enamorada de Madrid","sameAs":["https:\/\/www.proinca.es\/madridfansblog\/ana-calero\/"]}]}},"_links":{"self":[{"href":"https:\/\/www.proinca.es\/madridfansblog\/wp-json\/wp\/v2\/posts\/1531","targetHints":{"allow":["GET"]}}],"collection":[{"href":"https:\/\/www.proinca.es\/madridfansblog\/wp-json\/wp\/v2\/posts"}],"about":[{"href":"https:\/\/www.proinca.es\/madridfansblog\/wp-json\/wp\/v2\/types\/post"}],"author":[{"embeddable":true,"href":"https:\/\/www.proinca.es\/madridfansblog\/wp-json\/wp\/v2\/users\/4"}],"replies":[{"embeddable":true,"href":"https:\/\/www.proinca.es\/madridfansblog\/wp-json\/wp\/v2\/comments?post=1531"}],"version-history":[{"count":18,"href":"https:\/\/www.proinca.es\/madridfansblog\/wp-json\/wp\/v2\/posts\/1531\/revisions"}],"predecessor-version":[{"id":7671,"href":"https:\/\/www.proinca.es\/madridfansblog\/wp-json\/wp\/v2\/posts\/1531\/revisions\/7671"}],"wp:featuredmedia":[{"embeddable":true,"href":"https:\/\/www.proinca.es\/madridfansblog\/wp-json\/wp\/v2\/media\/7074"}],"wp:attachment":[{"href":"https:\/\/www.proinca.es\/madridfansblog\/wp-json\/wp\/v2\/media?parent=1531"}],"wp:term":[{"taxonomy":"category","embeddable":true,"href":"https:\/\/www.proinca.es\/madridfansblog\/wp-json\/wp\/v2\/categories?post=1531"},{"taxonomy":"post_tag","embeddable":true,"href":"https:\/\/www.proinca.es\/madridfansblog\/wp-json\/wp\/v2\/tags?post=1531"}],"curies":[{"name":"wp","href":"https:\/\/api.w.org\/{rel}","templated":true}]}}