{"id":1568,"date":"2013-08-05T14:24:29","date_gmt":"2013-08-05T12:24:29","guid":{"rendered":"http:\/\/www.proinca.es\/madridfansblog\/?p=1568"},"modified":"2025-05-28T15:50:35","modified_gmt":"2025-05-28T13:50:35","slug":"mujeres-ilustres-madrid","status":"publish","type":"post","link":"https:\/\/www.proinca.es\/madridfansblog\/mujeres-ilustres-madrid\/","title":{"rendered":"MUJERES + ILUSTRES + MADRID"},"content":{"rendered":"<p>Dicen que la historia la escriben grandes hombres auspiciados por grandes mujeres, afortunadamente, cada vez son m\u00e1s las f\u00e9minas que rubrican, en nombre propio, el devenir de la humanidad. <!--more-->Sin embargo, no siempre gozan del reconocimiento que merecen, al menos en vida, y en <strong>Madrid<\/strong> contamos con varios ejemplos; os dejamos una referencia a algunos de los m\u00e1s representativos, <strong>madrile\u00f1as ilustres<\/strong> nacidas en la capital o que pasaron en ella sus \u00faltimos a\u00f1os de vida y constituyen un ejemplo para muchas otras mujeres.<\/p>\n<p>Clara Campoamor (Madrid, 12 de febrero de 1888 &#8211; Lausana, 30 de abril de 1972), seguramente, no necesita presentaci\u00f3n; aun as\u00ed os refrescamos la memoria: esta pol\u00edtica espa\u00f1ola fue defensora de los derechos de la mujer y la principal impulsora del sufragio femenino en Espa\u00f1a, que alcanzamos en 1931 y ejercimos por primera vez en las elecciones de 1933. Otra mujer que dej\u00f3 huella por su actividad pol\u00edtica, adem\u00e1s del nombre para unos de los barrios m\u00e1s castizos de Madrid, fue Manuela Malasa\u00f1a (Madrid, 10 de marzo de 1791 &#8211; Madrid, 2 de mayo de 1808), v\u00edctima del levantamiento del 2 de mayo de 1808 reprimido por las tropas napole\u00f3nicas destacadas en la capital espa\u00f1ola y a partir de ah\u00ed, hero\u00edna y m\u00e1rtir, aunque muchos expertos dicen que por casualidad. Pero no todas las grandes mujeres tuvieron papeles relevantes en la pol\u00edtica, tambi\u00e9n hubo destacadas artistas, como Mar\u00eda Guerrero (Madrid, 17 de abril de 1867 &#8211; 23 de enero de 1928), actriz dram\u00e1tica espa\u00f1ola que tras triunfar por todo el mundo, compr\u00f3 el teatro que ahora lleva su nombre, Teatro Mar\u00eda Guerrero, en la capital; Margarita Nelken (Madrid, 5 de julio de 1894 &#8211; M\u00e9xico, D. F., 9 de marzo de 1968), escritora y pol\u00edtica espa\u00f1ola, una de las representantes del incipiente movimiento feminista en Espa\u00f1a durante la d\u00e9cada de 1930, y Emilia Pardo Baz\u00e1n (La Coru\u00f1a, 16 de septiembre de 1851 &#8211; Madrid, 12 de mayo de 1921), novelista, periodista, ensayista y cr\u00edtica espa\u00f1ola introductora del naturalismo en Espa\u00f1a y que a pesar de nacer en La Coru\u00f1a, vivi\u00f3 sus \u00faltimos a\u00f1os en la capital.<\/p>\n<p>Pero dos de los nombres sin duda m\u00e1s conocidos y recordados son los de Federica Montseny (Madrid, 12 de febrero de 1905 &#8211; Toulouse, Francia; 14 de enero de 1994), pol\u00edtica y sindicalista anarquista espa\u00f1ola, que fue ministra durante la II Rep\u00fablica adem\u00e1s de la primera mujer en ocupar un cargo ministerial en la Europa Occidental, y por supuesto, el de Dolores Ib\u00e1rruri G\u00f3mez, \u2018La Pasionaria\u2019 (Gallarta, Vizcaya, 9 de diciembre de 1895 &#8211; Madrid, 12 de noviembre de 1989), que destac\u00f3 como dirigente pol\u00edtica en la Segunda Rep\u00fablica Espa\u00f1ola y en la Guerra Civil, as\u00ed como del Partido Comunista de Espa\u00f1a.<\/p>\n<p>En la actualidad y cambiando al tercio de las artes y las letras, resuenan nombres como el de Ouka Leele, de nombre real B\u00e1rbara Allende Gil de Biedma (Madrid, 29 de junio de 1957), fot\u00f3grafa espa\u00f1ola, protagonista del movimiento art\u00edstico de la movida madrile\u00f1a en la d\u00e9cada de los 80; su obra se ha expuesto en Par\u00eds, Londres, Tokio, Sao Paulo o Nueva York, y en 2005 le fue concedido el Premio Nacional de Fotograf\u00eda. Y Pilar Mercedes Mir\u00f3 Romero (Madrid, 20 de abril de 1940 &#8211; 19 de octubre de 1997), directora de cine y del ente p\u00fablico de Radio Televisi\u00f3n Espa\u00f1ola entre 1986 y 1989.<\/p>\n<p>Si conoces alg\u00fan otro nombre de <strong>mujer\u00a0ilustre<\/strong> que nacida en <strong>Madrid<\/strong> haya dejado su impronta en la historia de la ciudad, \u00a1cu\u00e9ntanoslo!<\/p>\n<p>Informaci\u00f3n patrocinada por\u00a0<strong><a href=\"http:\/\/www.proinca.es\">Proinca\u00a0oferta de apartamentos en alquiler en Madrid<\/a><\/strong><\/p>\n<p>Foto de Sergio Rodriguez &#8211; Portugues del Olmo en Unsplash<\/p>\n\n\n<div class=\"kk-star-ratings kksr-auto kksr-align-left kksr-valign-bottom\"\n    data-payload='{&quot;align&quot;:&quot;left&quot;,&quot;id&quot;:&quot;1568&quot;,&quot;slug&quot;:&quot;default&quot;,&quot;valign&quot;:&quot;bottom&quot;,&quot;ignore&quot;:&quot;&quot;,&quot;reference&quot;:&quot;auto&quot;,&quot;class&quot;:&quot;&quot;,&quot;count&quot;:&quot;0&quot;,&quot;legendonly&quot;:&quot;&quot;,&quot;readonly&quot;:&quot;&quot;,&quot;score&quot;:&quot;0&quot;,&quot;starsonly&quot;:&quot;&quot;,&quot;best&quot;:&quot;5&quot;,&quot;gap&quot;:&quot;1&quot;,&quot;greet&quot;:&quot;Valora este art\u00edculo&quot;,&quot;legend&quot;:&quot;0\\\/5 - (0 votos)&quot;,&quot;size&quot;:&quot;24&quot;,&quot;title&quot;:&quot;MUJERES + ILUSTRES + MADRID&quot;,&quot;width&quot;:&quot;0&quot;,&quot;_legend&quot;:&quot;{score}\\\/{best} - ({count} {votes})&quot;,&quot;font_factor&quot;:&quot;1.25&quot;}'>\n            \n<div class=\"kksr-stars\">\n    \n<div class=\"kksr-stars-inactive\">\n            <div class=\"kksr-star\" data-star=\"1\" style=\"padding-right: 1px\">\n            \n\n<div class=\"kksr-icon\" style=\"width: 24px; height: 24px;\"><\/div>\n        <\/div>\n            <div class=\"kksr-star\" data-star=\"2\" style=\"padding-right: 1px\">\n            \n\n<div class=\"kksr-icon\" style=\"width: 24px; height: 24px;\"><\/div>\n        <\/div>\n            <div class=\"kksr-star\" data-star=\"3\" style=\"padding-right: 1px\">\n            \n\n<div class=\"kksr-icon\" style=\"width: 24px; height: 24px;\"><\/div>\n        <\/div>\n            <div class=\"kksr-star\" data-star=\"4\" style=\"padding-right: 1px\">\n            \n\n<div class=\"kksr-icon\" style=\"width: 24px; height: 24px;\"><\/div>\n        <\/div>\n            <div class=\"kksr-star\" data-star=\"5\" style=\"padding-right: 1px\">\n            \n\n<div class=\"kksr-icon\" style=\"width: 24px; height: 24px;\"><\/div>\n        <\/div>\n    <\/div>\n    \n<div class=\"kksr-stars-active\" style=\"width: 0px;\">\n            <div class=\"kksr-star\" style=\"padding-right: 1px\">\n            \n\n<div class=\"kksr-icon\" style=\"width: 24px; height: 24px;\"><\/div>\n        <\/div>\n            <div class=\"kksr-star\" style=\"padding-right: 1px\">\n            \n\n<div class=\"kksr-icon\" style=\"width: 24px; height: 24px;\"><\/div>\n        <\/div>\n            <div class=\"kksr-star\" style=\"padding-right: 1px\">\n            \n\n<div class=\"kksr-icon\" style=\"width: 24px; height: 24px;\"><\/div>\n        <\/div>\n            <div class=\"kksr-star\" style=\"padding-right: 1px\">\n            \n\n<div class=\"kksr-icon\" style=\"width: 24px; height: 24px;\"><\/div>\n        <\/div>\n            <div class=\"kksr-star\" style=\"padding-right: 1px\">\n            \n\n<div class=\"kksr-icon\" style=\"width: 24px; height: 24px;\"><\/div>\n        <\/div>\n    <\/div>\n<\/div>\n                \n\n<div class=\"kksr-legend\" style=\"font-size: 19.2px;\">\n            <span class=\"kksr-muted\">Valora este art\u00edculo<\/span>\n    <\/div>\n    <\/div>\n","protected":false},"excerpt":{"rendered":"<p>Dicen que la historia la escriben grandes hombres auspiciados por  [&#8230;]<\/p>\n","protected":false},"author":4,"featured_media":7078,"comment_status":"closed","ping_status":"closed","sticky":false,"template":"","format":"standard","meta":{"footnotes":""},"categories":[79],"tags":[63,5,20],"class_list":["post-1568","post","type-post","status-publish","format-standard","has-post-thumbnail","hentry","category-vivir-madrid","tag-cultura","tag-madrid","tag-ocio"],"yoast_head":"<!-- This site is optimized with the Yoast SEO plugin v27.4 - https:\/\/yoast.com\/product\/yoast-seo-wordpress\/ -->\n<title>Mujeres madrile\u00f1as ilustres.Proinca apartamentos en alquiler<\/title>\n<meta name=\"description\" content=\"Informaci\u00f3n patrocinada por\u00a0Proinca\u00a0oferta de apartamentos en alquiler en Madrid\" \/>\n<meta name=\"robots\" content=\"index, follow, max-snippet:-1, max-image-preview:large, max-video-preview:-1\" \/>\n<link rel=\"canonical\" href=\"https:\/\/www.proinca.es\/madridfansblog\/mujeres-ilustres-madrid\/\" \/>\n<meta property=\"og:locale\" content=\"es_ES\" \/>\n<meta property=\"og:type\" content=\"article\" \/>\n<meta property=\"og:title\" content=\"Mujeres madrile\u00f1as ilustres.Proinca apartamentos en alquiler\" \/>\n<meta property=\"og:description\" content=\"Informaci\u00f3n patrocinada por\u00a0Proinca\u00a0oferta de apartamentos en alquiler en Madrid\" \/>\n<meta property=\"og:url\" content=\"https:\/\/www.proinca.es\/madridfansblog\/mujeres-ilustres-madrid\/\" \/>\n<meta property=\"og:site_name\" content=\"Blog Proinca Madrid\" \/>\n<meta property=\"article:published_time\" content=\"2013-08-05T12:24:29+00:00\" \/>\n<meta property=\"article:modified_time\" content=\"2025-05-28T13:50:35+00:00\" \/>\n<meta property=\"og:image\" content=\"https:\/\/www.proinca.es\/madridfansblog\/wp-content\/uploads\/2013\/08\/mujeres-ilustres.jpg\" \/>\n\t<meta property=\"og:image:width\" content=\"1000\" \/>\n\t<meta property=\"og:image:height\" content=\"1092\" \/>\n\t<meta property=\"og:image:type\" content=\"image\/jpeg\" \/>\n<meta name=\"author\" content=\"Ana Calero\" \/>\n<script type=\"application\/ld+json\" class=\"yoast-schema-graph\">{\"@context\":\"https:\\\/\\\/schema.org\",\"@graph\":[{\"@type\":\"Article\",\"@id\":\"https:\\\/\\\/www.proinca.es\\\/madridfansblog\\\/mujeres-ilustres-madrid\\\/#article\",\"isPartOf\":{\"@id\":\"https:\\\/\\\/www.proinca.es\\\/madridfansblog\\\/mujeres-ilustres-madrid\\\/\"},\"author\":{\"name\":\"Ana Calero\",\"@id\":\"https:\\\/\\\/www.proinca.es\\\/madridfansblog\\\/#\\\/schema\\\/person\\\/8401adc89c0a0f5a3574c43326247f1e\"},\"headline\":\"MUJERES + ILUSTRES + MADRID\",\"datePublished\":\"2013-08-05T12:24:29+00:00\",\"dateModified\":\"2025-05-28T13:50:35+00:00\",\"mainEntityOfPage\":{\"@id\":\"https:\\\/\\\/www.proinca.es\\\/madridfansblog\\\/mujeres-ilustres-madrid\\\/\"},\"wordCount\":623,\"publisher\":{\"@id\":\"https:\\\/\\\/www.proinca.es\\\/madridfansblog\\\/#organization\"},\"image\":{\"@id\":\"https:\\\/\\\/www.proinca.es\\\/madridfansblog\\\/mujeres-ilustres-madrid\\\/#primaryimage\"},\"thumbnailUrl\":\"https:\\\/\\\/www.proinca.es\\\/madridfansblog\\\/wp-content\\\/uploads\\\/2013\\\/08\\\/mujeres-ilustres.jpg\",\"keywords\":[\"Cultura\",\"Madrid\",\"Ocio\"],\"articleSection\":[\"VIVIR MADRID\"],\"inLanguage\":\"es\"},{\"@type\":\"WebPage\",\"@id\":\"https:\\\/\\\/www.proinca.es\\\/madridfansblog\\\/mujeres-ilustres-madrid\\\/\",\"url\":\"https:\\\/\\\/www.proinca.es\\\/madridfansblog\\\/mujeres-ilustres-madrid\\\/\",\"name\":\"Mujeres madrile\u00f1as ilustres.Proinca apartamentos en alquiler\",\"isPartOf\":{\"@id\":\"https:\\\/\\\/www.proinca.es\\\/madridfansblog\\\/#website\"},\"primaryImageOfPage\":{\"@id\":\"https:\\\/\\\/www.proinca.es\\\/madridfansblog\\\/mujeres-ilustres-madrid\\\/#primaryimage\"},\"image\":{\"@id\":\"https:\\\/\\\/www.proinca.es\\\/madridfansblog\\\/mujeres-ilustres-madrid\\\/#primaryimage\"},\"thumbnailUrl\":\"https:\\\/\\\/www.proinca.es\\\/madridfansblog\\\/wp-content\\\/uploads\\\/2013\\\/08\\\/mujeres-ilustres.jpg\",\"datePublished\":\"2013-08-05T12:24:29+00:00\",\"dateModified\":\"2025-05-28T13:50:35+00:00\",\"description\":\"Informaci\u00f3n patrocinada por\u00a0Proinca\u00a0oferta de apartamentos en alquiler en Madrid\",\"inLanguage\":\"es\",\"potentialAction\":[{\"@type\":\"ReadAction\",\"target\":[\"https:\\\/\\\/www.proinca.es\\\/madridfansblog\\\/mujeres-ilustres-madrid\\\/\"]}]},{\"@type\":\"ImageObject\",\"inLanguage\":\"es\",\"@id\":\"https:\\\/\\\/www.proinca.es\\\/madridfansblog\\\/mujeres-ilustres-madrid\\\/#primaryimage\",\"url\":\"https:\\\/\\\/www.proinca.es\\\/madridfansblog\\\/wp-content\\\/uploads\\\/2013\\\/08\\\/mujeres-ilustres.jpg\",\"contentUrl\":\"https:\\\/\\\/www.proinca.es\\\/madridfansblog\\\/wp-content\\\/uploads\\\/2013\\\/08\\\/mujeres-ilustres.jpg\",\"width\":1000,\"height\":1092,\"caption\":\"Mujeres + ilustres + Madrid\"},{\"@type\":\"WebSite\",\"@id\":\"https:\\\/\\\/www.proinca.es\\\/madridfansblog\\\/#website\",\"url\":\"https:\\\/\\\/www.proinca.es\\\/madridfansblog\\\/\",\"name\":\"Madrid Fans Blog Proinca\",\"description\":\"Pisos y apartamentos de alquiler en Madrid\",\"publisher\":{\"@id\":\"https:\\\/\\\/www.proinca.es\\\/madridfansblog\\\/#organization\"},\"potentialAction\":[{\"@type\":\"SearchAction\",\"target\":{\"@type\":\"EntryPoint\",\"urlTemplate\":\"https:\\\/\\\/www.proinca.es\\\/madridfansblog\\\/?s={search_term_string}\"},\"query-input\":{\"@type\":\"PropertyValueSpecification\",\"valueRequired\":true,\"valueName\":\"search_term_string\"}}],\"inLanguage\":\"es\"},{\"@type\":\"Organization\",\"@id\":\"https:\\\/\\\/www.proinca.es\\\/madridfansblog\\\/#organization\",\"name\":\"Proinca\",\"url\":\"https:\\\/\\\/www.proinca.es\\\/madridfansblog\\\/\",\"logo\":{\"@type\":\"ImageObject\",\"inLanguage\":\"es\",\"@id\":\"https:\\\/\\\/www.proinca.es\\\/madridfansblog\\\/#\\\/schema\\\/logo\\\/image\\\/\",\"url\":\"https:\\\/\\\/www.proinca.es\\\/madridfansblog\\\/wp-content\\\/uploads\\\/2022\\\/03\\\/logo-proinca.jpg\",\"contentUrl\":\"https:\\\/\\\/www.proinca.es\\\/madridfansblog\\\/wp-content\\\/uploads\\\/2022\\\/03\\\/logo-proinca.jpg\",\"width\":522,\"height\":250,\"caption\":\"Proinca\"},\"image\":{\"@id\":\"https:\\\/\\\/www.proinca.es\\\/madridfansblog\\\/#\\\/schema\\\/logo\\\/image\\\/\"}},{\"@type\":\"Person\",\"@id\":\"https:\\\/\\\/www.proinca.es\\\/madridfansblog\\\/#\\\/schema\\\/person\\\/8401adc89c0a0f5a3574c43326247f1e\",\"name\":\"Ana Calero\",\"image\":{\"@type\":\"ImageObject\",\"inLanguage\":\"es\",\"@id\":\"https:\\\/\\\/www.proinca.es\\\/madridfansblog\\\/wp-content\\\/litespeed\\\/avatar\\\/ef51b25c0718910f475570320941ef46.jpg?ver=1777379772\",\"url\":\"https:\\\/\\\/www.proinca.es\\\/madridfansblog\\\/wp-content\\\/litespeed\\\/avatar\\\/ef51b25c0718910f475570320941ef46.jpg?ver=1777379772\",\"contentUrl\":\"https:\\\/\\\/www.proinca.es\\\/madridfansblog\\\/wp-content\\\/litespeed\\\/avatar\\\/ef51b25c0718910f475570320941ef46.jpg?ver=1777379772\",\"caption\":\"Ana Calero\"},\"description\":\"Licenciada en Ciencias Empresariales por la Universidad Aut\u00f3noma de Madrid. Forma parte del equipo de Apartamentos Proinca y es una enamorada de Madrid\",\"sameAs\":[\"https:\\\/\\\/www.proinca.es\\\/madridfansblog\\\/ana-calero\\\/\"]}]}<\/script>\n<!-- \/ Yoast SEO plugin. -->","yoast_head_json":{"title":"Mujeres madrile\u00f1as ilustres.Proinca apartamentos en alquiler","description":"Informaci\u00f3n patrocinada por\u00a0Proinca\u00a0oferta de apartamentos en alquiler en Madrid","robots":{"index":"index","follow":"follow","max-snippet":"max-snippet:-1","max-image-preview":"max-image-preview:large","max-video-preview":"max-video-preview:-1"},"canonical":"https:\/\/www.proinca.es\/madridfansblog\/mujeres-ilustres-madrid\/","og_locale":"es_ES","og_type":"article","og_title":"Mujeres madrile\u00f1as ilustres.Proinca apartamentos en alquiler","og_description":"Informaci\u00f3n patrocinada por\u00a0Proinca\u00a0oferta de apartamentos en alquiler en Madrid","og_url":"https:\/\/www.proinca.es\/madridfansblog\/mujeres-ilustres-madrid\/","og_site_name":"Blog Proinca Madrid","article_published_time":"2013-08-05T12:24:29+00:00","article_modified_time":"2025-05-28T13:50:35+00:00","og_image":[{"width":1000,"height":1092,"url":"https:\/\/www.proinca.es\/madridfansblog\/wp-content\/uploads\/2013\/08\/mujeres-ilustres.jpg","type":"image\/jpeg"}],"author":"Ana Calero","schema":{"@context":"https:\/\/schema.org","@graph":[{"@type":"Article","@id":"https:\/\/www.proinca.es\/madridfansblog\/mujeres-ilustres-madrid\/#article","isPartOf":{"@id":"https:\/\/www.proinca.es\/madridfansblog\/mujeres-ilustres-madrid\/"},"author":{"name":"Ana Calero","@id":"https:\/\/www.proinca.es\/madridfansblog\/#\/schema\/person\/8401adc89c0a0f5a3574c43326247f1e"},"headline":"MUJERES + ILUSTRES + MADRID","datePublished":"2013-08-05T12:24:29+00:00","dateModified":"2025-05-28T13:50:35+00:00","mainEntityOfPage":{"@id":"https:\/\/www.proinca.es\/madridfansblog\/mujeres-ilustres-madrid\/"},"wordCount":623,"publisher":{"@id":"https:\/\/www.proinca.es\/madridfansblog\/#organization"},"image":{"@id":"https:\/\/www.proinca.es\/madridfansblog\/mujeres-ilustres-madrid\/#primaryimage"},"thumbnailUrl":"https:\/\/www.proinca.es\/madridfansblog\/wp-content\/uploads\/2013\/08\/mujeres-ilustres.jpg","keywords":["Cultura","Madrid","Ocio"],"articleSection":["VIVIR MADRID"],"inLanguage":"es"},{"@type":"WebPage","@id":"https:\/\/www.proinca.es\/madridfansblog\/mujeres-ilustres-madrid\/","url":"https:\/\/www.proinca.es\/madridfansblog\/mujeres-ilustres-madrid\/","name":"Mujeres madrile\u00f1as ilustres.Proinca apartamentos en alquiler","isPartOf":{"@id":"https:\/\/www.proinca.es\/madridfansblog\/#website"},"primaryImageOfPage":{"@id":"https:\/\/www.proinca.es\/madridfansblog\/mujeres-ilustres-madrid\/#primaryimage"},"image":{"@id":"https:\/\/www.proinca.es\/madridfansblog\/mujeres-ilustres-madrid\/#primaryimage"},"thumbnailUrl":"https:\/\/www.proinca.es\/madridfansblog\/wp-content\/uploads\/2013\/08\/mujeres-ilustres.jpg","datePublished":"2013-08-05T12:24:29+00:00","dateModified":"2025-05-28T13:50:35+00:00","description":"Informaci\u00f3n patrocinada por\u00a0Proinca\u00a0oferta de apartamentos en alquiler en Madrid","inLanguage":"es","potentialAction":[{"@type":"ReadAction","target":["https:\/\/www.proinca.es\/madridfansblog\/mujeres-ilustres-madrid\/"]}]},{"@type":"ImageObject","inLanguage":"es","@id":"https:\/\/www.proinca.es\/madridfansblog\/mujeres-ilustres-madrid\/#primaryimage","url":"https:\/\/www.proinca.es\/madridfansblog\/wp-content\/uploads\/2013\/08\/mujeres-ilustres.jpg","contentUrl":"https:\/\/www.proinca.es\/madridfansblog\/wp-content\/uploads\/2013\/08\/mujeres-ilustres.jpg","width":1000,"height":1092,"caption":"Mujeres + ilustres + Madrid"},{"@type":"WebSite","@id":"https:\/\/www.proinca.es\/madridfansblog\/#website","url":"https:\/\/www.proinca.es\/madridfansblog\/","name":"Madrid Fans Blog Proinca","description":"Pisos y apartamentos de alquiler en Madrid","publisher":{"@id":"https:\/\/www.proinca.es\/madridfansblog\/#organization"},"potentialAction":[{"@type":"SearchAction","target":{"@type":"EntryPoint","urlTemplate":"https:\/\/www.proinca.es\/madridfansblog\/?s={search_term_string}"},"query-input":{"@type":"PropertyValueSpecification","valueRequired":true,"valueName":"search_term_string"}}],"inLanguage":"es"},{"@type":"Organization","@id":"https:\/\/www.proinca.es\/madridfansblog\/#organization","name":"Proinca","url":"https:\/\/www.proinca.es\/madridfansblog\/","logo":{"@type":"ImageObject","inLanguage":"es","@id":"https:\/\/www.proinca.es\/madridfansblog\/#\/schema\/logo\/image\/","url":"https:\/\/www.proinca.es\/madridfansblog\/wp-content\/uploads\/2022\/03\/logo-proinca.jpg","contentUrl":"https:\/\/www.proinca.es\/madridfansblog\/wp-content\/uploads\/2022\/03\/logo-proinca.jpg","width":522,"height":250,"caption":"Proinca"},"image":{"@id":"https:\/\/www.proinca.es\/madridfansblog\/#\/schema\/logo\/image\/"}},{"@type":"Person","@id":"https:\/\/www.proinca.es\/madridfansblog\/#\/schema\/person\/8401adc89c0a0f5a3574c43326247f1e","name":"Ana Calero","image":{"@type":"ImageObject","inLanguage":"es","@id":"https:\/\/www.proinca.es\/madridfansblog\/wp-content\/litespeed\/avatar\/ef51b25c0718910f475570320941ef46.jpg?ver=1777379772","url":"https:\/\/www.proinca.es\/madridfansblog\/wp-content\/litespeed\/avatar\/ef51b25c0718910f475570320941ef46.jpg?ver=1777379772","contentUrl":"https:\/\/www.proinca.es\/madridfansblog\/wp-content\/litespeed\/avatar\/ef51b25c0718910f475570320941ef46.jpg?ver=1777379772","caption":"Ana Calero"},"description":"Licenciada en Ciencias Empresariales por la Universidad Aut\u00f3noma de Madrid. Forma parte del equipo de Apartamentos Proinca y es una enamorada de Madrid","sameAs":["https:\/\/www.proinca.es\/madridfansblog\/ana-calero\/"]}]}},"_links":{"self":[{"href":"https:\/\/www.proinca.es\/madridfansblog\/wp-json\/wp\/v2\/posts\/1568","targetHints":{"allow":["GET"]}}],"collection":[{"href":"https:\/\/www.proinca.es\/madridfansblog\/wp-json\/wp\/v2\/posts"}],"about":[{"href":"https:\/\/www.proinca.es\/madridfansblog\/wp-json\/wp\/v2\/types\/post"}],"author":[{"embeddable":true,"href":"https:\/\/www.proinca.es\/madridfansblog\/wp-json\/wp\/v2\/users\/4"}],"replies":[{"embeddable":true,"href":"https:\/\/www.proinca.es\/madridfansblog\/wp-json\/wp\/v2\/comments?post=1568"}],"version-history":[{"count":22,"href":"https:\/\/www.proinca.es\/madridfansblog\/wp-json\/wp\/v2\/posts\/1568\/revisions"}],"predecessor-version":[{"id":7669,"href":"https:\/\/www.proinca.es\/madridfansblog\/wp-json\/wp\/v2\/posts\/1568\/revisions\/7669"}],"wp:featuredmedia":[{"embeddable":true,"href":"https:\/\/www.proinca.es\/madridfansblog\/wp-json\/wp\/v2\/media\/7078"}],"wp:attachment":[{"href":"https:\/\/www.proinca.es\/madridfansblog\/wp-json\/wp\/v2\/media?parent=1568"}],"wp:term":[{"taxonomy":"category","embeddable":true,"href":"https:\/\/www.proinca.es\/madridfansblog\/wp-json\/wp\/v2\/categories?post=1568"},{"taxonomy":"post_tag","embeddable":true,"href":"https:\/\/www.proinca.es\/madridfansblog\/wp-json\/wp\/v2\/tags?post=1568"}],"curies":[{"name":"wp","href":"https:\/\/api.w.org\/{rel}","templated":true}]}}