{"id":1592,"date":"2013-08-12T13:30:51","date_gmt":"2013-08-12T11:30:51","guid":{"rendered":"http:\/\/www.proinca.es\/madridfansblog\/?p=1592"},"modified":"2025-05-28T13:45:42","modified_gmt":"2025-05-28T11:45:42","slug":"madrid-deportes-al-aire-libre-montanismo","status":"publish","type":"post","link":"https:\/\/www.proinca.es\/madridfansblog\/madrid-deportes-al-aire-libre-montanismo\/","title":{"rendered":"MADRID A SU AIRE"},"content":{"rendered":"<p>Existe una calle en <strong>Madrid<\/strong> donde se dan cita las mejores <strong>tiendas de art\u00edculos para monta\u00f1eros<\/strong>, una informaci\u00f3n que queremos brindarte ahora que comienza la temporada perfecta para la pr\u00e1ctica de deportes al aire libre. Y es que, si hace unos d\u00edas te habl\u00e1bamos del hayedo de Montejo como una estupenda alternativa para pasar un d\u00eda festivo, qu\u00e9 menos que informarte acerca de d\u00f3nde puedes equiparte para disfrutar al m\u00e1ximo de la naturaleza y de los deportes al aire libre en Madrid. Toma nota: se trata de la calle Ribera de Curtidores, donde encontrar\u00e1s comercios fetiche como Makalu, El Rinc\u00f3n de la Monta\u00f1a, OS20 o + Monta\u00f1a, donde adem\u00e1s se organizan charlas, coloquios, exposiciones, visionados de documentales y cursos de iniciaci\u00f3n. En cualquiera de estos lugares podr\u00e1s encontrar los accesorios necesarios para realizar rutas de <em>trekking<\/em>, alpinismo, escalada<em>, trail running<\/em>\u2026, en definitiva, cualquier cosa que se te ponga por delante, porque a pesar de la creencia popular, Madrid es algo m\u00e1s que una gran ciudad, cuenta con decenas de espacios perfectos donde practicar estos deportes al aire libre, seas <em>amateur<\/em> o un <em>pro<\/em> de la monta\u00f1a.<\/p>\n<p>Ribera de Curtidores no es la \u00fanica calle madrile\u00f1a donde puedes equiparte, existen tiendas especializadas en ropa t\u00e9cnica en la calle Orense, donde se encuentra Barrab\u00e9s, una de las m\u00e1s conocidas y que adem\u00e1s tiene material de esqu\u00ed; en Delicias, Deportes Laser; en Feijoo, Fisura, especializada en escalada; en Cartagena, Deportes Alaska; una con solera, Koala, en la calle Le\u00f3n y Fern\u00e1ndez Ochoa, en la calle Pintor Rosales.<\/p>\n<p>Aprovecha el buen tiempo y sal a respirar aire puro, aqu\u00ed te dejamos estas buenas ideas para equiparte de forma que s\u00f3lo te falta escoger el <strong>deporte al aire libre<\/strong> que m\u00e1s te guste. <strong>Madrid<\/strong> te ofrece un sinf\u00edn de posibilidades, no las dejes escapar.<\/p>\n<p>Una propuesta de <strong><a href=\"http:\/\/www.proinca.es\">Proinca alquiler de estudios en Madrid<\/a><\/strong><\/p>\n<p>Foto de Mohammad Alizade en Unsplash<\/p>\n\n\n<div class=\"kk-star-ratings kksr-auto kksr-align-left kksr-valign-bottom\"\n    data-payload='{&quot;align&quot;:&quot;left&quot;,&quot;id&quot;:&quot;1592&quot;,&quot;slug&quot;:&quot;default&quot;,&quot;valign&quot;:&quot;bottom&quot;,&quot;ignore&quot;:&quot;&quot;,&quot;reference&quot;:&quot;auto&quot;,&quot;class&quot;:&quot;&quot;,&quot;count&quot;:&quot;0&quot;,&quot;legendonly&quot;:&quot;&quot;,&quot;readonly&quot;:&quot;&quot;,&quot;score&quot;:&quot;0&quot;,&quot;starsonly&quot;:&quot;&quot;,&quot;best&quot;:&quot;5&quot;,&quot;gap&quot;:&quot;1&quot;,&quot;greet&quot;:&quot;Valora este art\u00edculo&quot;,&quot;legend&quot;:&quot;0\\\/5 - (0 votos)&quot;,&quot;size&quot;:&quot;24&quot;,&quot;title&quot;:&quot;MADRID A SU AIRE&quot;,&quot;width&quot;:&quot;0&quot;,&quot;_legend&quot;:&quot;{score}\\\/{best} - ({count} {votes})&quot;,&quot;font_factor&quot;:&quot;1.25&quot;}'>\n            \n<div class=\"kksr-stars\">\n    \n<div class=\"kksr-stars-inactive\">\n            <div class=\"kksr-star\" data-star=\"1\" style=\"padding-right: 1px\">\n            \n\n<div class=\"kksr-icon\" style=\"width: 24px; height: 24px;\"><\/div>\n        <\/div>\n            <div class=\"kksr-star\" data-star=\"2\" style=\"padding-right: 1px\">\n            \n\n<div class=\"kksr-icon\" style=\"width: 24px; height: 24px;\"><\/div>\n        <\/div>\n            <div class=\"kksr-star\" data-star=\"3\" style=\"padding-right: 1px\">\n            \n\n<div class=\"kksr-icon\" style=\"width: 24px; height: 24px;\"><\/div>\n        <\/div>\n            <div class=\"kksr-star\" data-star=\"4\" style=\"padding-right: 1px\">\n            \n\n<div class=\"kksr-icon\" style=\"width: 24px; height: 24px;\"><\/div>\n        <\/div>\n            <div class=\"kksr-star\" data-star=\"5\" style=\"padding-right: 1px\">\n            \n\n<div class=\"kksr-icon\" style=\"width: 24px; height: 24px;\"><\/div>\n        <\/div>\n    <\/div>\n    \n<div class=\"kksr-stars-active\" style=\"width: 0px;\">\n            <div class=\"kksr-star\" style=\"padding-right: 1px\">\n            \n\n<div class=\"kksr-icon\" style=\"width: 24px; height: 24px;\"><\/div>\n        <\/div>\n            <div class=\"kksr-star\" style=\"padding-right: 1px\">\n            \n\n<div class=\"kksr-icon\" style=\"width: 24px; height: 24px;\"><\/div>\n        <\/div>\n            <div class=\"kksr-star\" style=\"padding-right: 1px\">\n            \n\n<div class=\"kksr-icon\" style=\"width: 24px; height: 24px;\"><\/div>\n        <\/div>\n            <div class=\"kksr-star\" style=\"padding-right: 1px\">\n            \n\n<div class=\"kksr-icon\" style=\"width: 24px; height: 24px;\"><\/div>\n        <\/div>\n            <div class=\"kksr-star\" style=\"padding-right: 1px\">\n            \n\n<div class=\"kksr-icon\" style=\"width: 24px; height: 24px;\"><\/div>\n        <\/div>\n    <\/div>\n<\/div>\n                \n\n<div class=\"kksr-legend\" style=\"font-size: 19.2px;\">\n            <span class=\"kksr-muted\">Valora este art\u00edculo<\/span>\n    <\/div>\n    <\/div>\n","protected":false},"excerpt":{"rendered":"<p>Existe una calle en Madrid donde se dan cita las  [&#8230;]<\/p>\n","protected":false},"author":4,"featured_media":7082,"comment_status":"closed","ping_status":"closed","sticky":false,"template":"","format":"standard","meta":{"footnotes":""},"categories":[79],"tags":[36,66,5,20,43],"class_list":["post-1592","post","type-post","status-publish","format-standard","has-post-thumbnail","hentry","category-vivir-madrid","tag-afterwork","tag-ecologia","tag-madrid","tag-ocio","tag-shopping"],"yoast_head":"<!-- This site is optimized with the Yoast SEO plugin v27.4 - https:\/\/yoast.com\/product\/yoast-seo-wordpress\/ -->\n<title>Equipos para monta\u00f1ismo.Proinca apartamentos alquiler Madrid<\/title>\n<meta name=\"description\" content=\"Selecci\u00f3n de las mejores tiendas en Madrid de art\u00edculos y equipos para practicar monta\u00f1ismo y deportes al aire libre. Proinca Apartamentos alquiler Madrid.\" \/>\n<meta name=\"robots\" content=\"index, follow, max-snippet:-1, max-image-preview:large, max-video-preview:-1\" \/>\n<link rel=\"canonical\" href=\"https:\/\/www.proinca.es\/madridfansblog\/madrid-deportes-al-aire-libre-montanismo\/\" \/>\n<meta property=\"og:locale\" content=\"es_ES\" \/>\n<meta property=\"og:type\" content=\"article\" \/>\n<meta property=\"og:title\" content=\"Equipos para monta\u00f1ismo.Proinca apartamentos alquiler Madrid\" \/>\n<meta property=\"og:description\" content=\"Selecci\u00f3n de las mejores tiendas en Madrid de art\u00edculos y equipos para practicar monta\u00f1ismo y deportes al aire libre. Proinca Apartamentos alquiler Madrid.\" \/>\n<meta property=\"og:url\" content=\"https:\/\/www.proinca.es\/madridfansblog\/madrid-deportes-al-aire-libre-montanismo\/\" \/>\n<meta property=\"og:site_name\" content=\"Blog Proinca Madrid\" \/>\n<meta property=\"article:published_time\" content=\"2013-08-12T11:30:51+00:00\" \/>\n<meta property=\"article:modified_time\" content=\"2025-05-28T11:45:42+00:00\" \/>\n<meta property=\"og:image\" content=\"https:\/\/www.proinca.es\/madridfansblog\/wp-content\/uploads\/2013\/08\/material-montana.jpg\" \/>\n\t<meta property=\"og:image:width\" content=\"1000\" \/>\n\t<meta property=\"og:image:height\" content=\"962\" \/>\n\t<meta property=\"og:image:type\" content=\"image\/jpeg\" \/>\n<meta name=\"author\" content=\"Ana Calero\" \/>\n<script type=\"application\/ld+json\" class=\"yoast-schema-graph\">{\"@context\":\"https:\\\/\\\/schema.org\",\"@graph\":[{\"@type\":\"Article\",\"@id\":\"https:\\\/\\\/www.proinca.es\\\/madridfansblog\\\/madrid-deportes-al-aire-libre-montanismo\\\/#article\",\"isPartOf\":{\"@id\":\"https:\\\/\\\/www.proinca.es\\\/madridfansblog\\\/madrid-deportes-al-aire-libre-montanismo\\\/\"},\"author\":{\"name\":\"Ana Calero\",\"@id\":\"https:\\\/\\\/www.proinca.es\\\/madridfansblog\\\/#\\\/schema\\\/person\\\/8401adc89c0a0f5a3574c43326247f1e\"},\"headline\":\"MADRID A SU AIRE\",\"datePublished\":\"2013-08-12T11:30:51+00:00\",\"dateModified\":\"2025-05-28T11:45:42+00:00\",\"mainEntityOfPage\":{\"@id\":\"https:\\\/\\\/www.proinca.es\\\/madridfansblog\\\/madrid-deportes-al-aire-libre-montanismo\\\/\"},\"wordCount\":345,\"publisher\":{\"@id\":\"https:\\\/\\\/www.proinca.es\\\/madridfansblog\\\/#organization\"},\"image\":{\"@id\":\"https:\\\/\\\/www.proinca.es\\\/madridfansblog\\\/madrid-deportes-al-aire-libre-montanismo\\\/#primaryimage\"},\"thumbnailUrl\":\"https:\\\/\\\/www.proinca.es\\\/madridfansblog\\\/wp-content\\\/uploads\\\/2013\\\/08\\\/material-montana.jpg\",\"keywords\":[\"Afterwork\",\"Ecolog\u00eda\",\"Madrid\",\"Ocio\",\"Shopping\"],\"articleSection\":[\"VIVIR MADRID\"],\"inLanguage\":\"es\"},{\"@type\":\"WebPage\",\"@id\":\"https:\\\/\\\/www.proinca.es\\\/madridfansblog\\\/madrid-deportes-al-aire-libre-montanismo\\\/\",\"url\":\"https:\\\/\\\/www.proinca.es\\\/madridfansblog\\\/madrid-deportes-al-aire-libre-montanismo\\\/\",\"name\":\"Equipos para monta\u00f1ismo.Proinca apartamentos alquiler Madrid\",\"isPartOf\":{\"@id\":\"https:\\\/\\\/www.proinca.es\\\/madridfansblog\\\/#website\"},\"primaryImageOfPage\":{\"@id\":\"https:\\\/\\\/www.proinca.es\\\/madridfansblog\\\/madrid-deportes-al-aire-libre-montanismo\\\/#primaryimage\"},\"image\":{\"@id\":\"https:\\\/\\\/www.proinca.es\\\/madridfansblog\\\/madrid-deportes-al-aire-libre-montanismo\\\/#primaryimage\"},\"thumbnailUrl\":\"https:\\\/\\\/www.proinca.es\\\/madridfansblog\\\/wp-content\\\/uploads\\\/2013\\\/08\\\/material-montana.jpg\",\"datePublished\":\"2013-08-12T11:30:51+00:00\",\"dateModified\":\"2025-05-28T11:45:42+00:00\",\"description\":\"Selecci\u00f3n de las mejores tiendas en Madrid de art\u00edculos y equipos para practicar monta\u00f1ismo y deportes al aire libre. Proinca Apartamentos alquiler Madrid.\",\"inLanguage\":\"es\",\"potentialAction\":[{\"@type\":\"ReadAction\",\"target\":[\"https:\\\/\\\/www.proinca.es\\\/madridfansblog\\\/madrid-deportes-al-aire-libre-montanismo\\\/\"]}]},{\"@type\":\"ImageObject\",\"inLanguage\":\"es\",\"@id\":\"https:\\\/\\\/www.proinca.es\\\/madridfansblog\\\/madrid-deportes-al-aire-libre-montanismo\\\/#primaryimage\",\"url\":\"https:\\\/\\\/www.proinca.es\\\/madridfansblog\\\/wp-content\\\/uploads\\\/2013\\\/08\\\/material-montana.jpg\",\"contentUrl\":\"https:\\\/\\\/www.proinca.es\\\/madridfansblog\\\/wp-content\\\/uploads\\\/2013\\\/08\\\/material-montana.jpg\",\"width\":1000,\"height\":962,\"caption\":\"Madrid a su aire\"},{\"@type\":\"WebSite\",\"@id\":\"https:\\\/\\\/www.proinca.es\\\/madridfansblog\\\/#website\",\"url\":\"https:\\\/\\\/www.proinca.es\\\/madridfansblog\\\/\",\"name\":\"Madrid Fans Blog Proinca\",\"description\":\"Pisos y apartamentos de alquiler en Madrid\",\"publisher\":{\"@id\":\"https:\\\/\\\/www.proinca.es\\\/madridfansblog\\\/#organization\"},\"potentialAction\":[{\"@type\":\"SearchAction\",\"target\":{\"@type\":\"EntryPoint\",\"urlTemplate\":\"https:\\\/\\\/www.proinca.es\\\/madridfansblog\\\/?s={search_term_string}\"},\"query-input\":{\"@type\":\"PropertyValueSpecification\",\"valueRequired\":true,\"valueName\":\"search_term_string\"}}],\"inLanguage\":\"es\"},{\"@type\":\"Organization\",\"@id\":\"https:\\\/\\\/www.proinca.es\\\/madridfansblog\\\/#organization\",\"name\":\"Proinca\",\"url\":\"https:\\\/\\\/www.proinca.es\\\/madridfansblog\\\/\",\"logo\":{\"@type\":\"ImageObject\",\"inLanguage\":\"es\",\"@id\":\"https:\\\/\\\/www.proinca.es\\\/madridfansblog\\\/#\\\/schema\\\/logo\\\/image\\\/\",\"url\":\"https:\\\/\\\/www.proinca.es\\\/madridfansblog\\\/wp-content\\\/uploads\\\/2022\\\/03\\\/logo-proinca.jpg\",\"contentUrl\":\"https:\\\/\\\/www.proinca.es\\\/madridfansblog\\\/wp-content\\\/uploads\\\/2022\\\/03\\\/logo-proinca.jpg\",\"width\":522,\"height\":250,\"caption\":\"Proinca\"},\"image\":{\"@id\":\"https:\\\/\\\/www.proinca.es\\\/madridfansblog\\\/#\\\/schema\\\/logo\\\/image\\\/\"}},{\"@type\":\"Person\",\"@id\":\"https:\\\/\\\/www.proinca.es\\\/madridfansblog\\\/#\\\/schema\\\/person\\\/8401adc89c0a0f5a3574c43326247f1e\",\"name\":\"Ana Calero\",\"image\":{\"@type\":\"ImageObject\",\"inLanguage\":\"es\",\"@id\":\"https:\\\/\\\/www.proinca.es\\\/madridfansblog\\\/wp-content\\\/litespeed\\\/avatar\\\/ef51b25c0718910f475570320941ef46.jpg?ver=1777379772\",\"url\":\"https:\\\/\\\/www.proinca.es\\\/madridfansblog\\\/wp-content\\\/litespeed\\\/avatar\\\/ef51b25c0718910f475570320941ef46.jpg?ver=1777379772\",\"contentUrl\":\"https:\\\/\\\/www.proinca.es\\\/madridfansblog\\\/wp-content\\\/litespeed\\\/avatar\\\/ef51b25c0718910f475570320941ef46.jpg?ver=1777379772\",\"caption\":\"Ana Calero\"},\"description\":\"Licenciada en Ciencias Empresariales por la Universidad Aut\u00f3noma de Madrid. Forma parte del equipo de Apartamentos Proinca y es una enamorada de Madrid\",\"sameAs\":[\"https:\\\/\\\/www.proinca.es\\\/madridfansblog\\\/ana-calero\\\/\"]}]}<\/script>\n<!-- \/ Yoast SEO plugin. -->","yoast_head_json":{"title":"Equipos para monta\u00f1ismo.Proinca apartamentos alquiler Madrid","description":"Selecci\u00f3n de las mejores tiendas en Madrid de art\u00edculos y equipos para practicar monta\u00f1ismo y deportes al aire libre. Proinca Apartamentos alquiler Madrid.","robots":{"index":"index","follow":"follow","max-snippet":"max-snippet:-1","max-image-preview":"max-image-preview:large","max-video-preview":"max-video-preview:-1"},"canonical":"https:\/\/www.proinca.es\/madridfansblog\/madrid-deportes-al-aire-libre-montanismo\/","og_locale":"es_ES","og_type":"article","og_title":"Equipos para monta\u00f1ismo.Proinca apartamentos alquiler Madrid","og_description":"Selecci\u00f3n de las mejores tiendas en Madrid de art\u00edculos y equipos para practicar monta\u00f1ismo y deportes al aire libre. Proinca Apartamentos alquiler Madrid.","og_url":"https:\/\/www.proinca.es\/madridfansblog\/madrid-deportes-al-aire-libre-montanismo\/","og_site_name":"Blog Proinca Madrid","article_published_time":"2013-08-12T11:30:51+00:00","article_modified_time":"2025-05-28T11:45:42+00:00","og_image":[{"width":1000,"height":962,"url":"https:\/\/www.proinca.es\/madridfansblog\/wp-content\/uploads\/2013\/08\/material-montana.jpg","type":"image\/jpeg"}],"author":"Ana Calero","schema":{"@context":"https:\/\/schema.org","@graph":[{"@type":"Article","@id":"https:\/\/www.proinca.es\/madridfansblog\/madrid-deportes-al-aire-libre-montanismo\/#article","isPartOf":{"@id":"https:\/\/www.proinca.es\/madridfansblog\/madrid-deportes-al-aire-libre-montanismo\/"},"author":{"name":"Ana Calero","@id":"https:\/\/www.proinca.es\/madridfansblog\/#\/schema\/person\/8401adc89c0a0f5a3574c43326247f1e"},"headline":"MADRID A SU AIRE","datePublished":"2013-08-12T11:30:51+00:00","dateModified":"2025-05-28T11:45:42+00:00","mainEntityOfPage":{"@id":"https:\/\/www.proinca.es\/madridfansblog\/madrid-deportes-al-aire-libre-montanismo\/"},"wordCount":345,"publisher":{"@id":"https:\/\/www.proinca.es\/madridfansblog\/#organization"},"image":{"@id":"https:\/\/www.proinca.es\/madridfansblog\/madrid-deportes-al-aire-libre-montanismo\/#primaryimage"},"thumbnailUrl":"https:\/\/www.proinca.es\/madridfansblog\/wp-content\/uploads\/2013\/08\/material-montana.jpg","keywords":["Afterwork","Ecolog\u00eda","Madrid","Ocio","Shopping"],"articleSection":["VIVIR MADRID"],"inLanguage":"es"},{"@type":"WebPage","@id":"https:\/\/www.proinca.es\/madridfansblog\/madrid-deportes-al-aire-libre-montanismo\/","url":"https:\/\/www.proinca.es\/madridfansblog\/madrid-deportes-al-aire-libre-montanismo\/","name":"Equipos para monta\u00f1ismo.Proinca apartamentos alquiler Madrid","isPartOf":{"@id":"https:\/\/www.proinca.es\/madridfansblog\/#website"},"primaryImageOfPage":{"@id":"https:\/\/www.proinca.es\/madridfansblog\/madrid-deportes-al-aire-libre-montanismo\/#primaryimage"},"image":{"@id":"https:\/\/www.proinca.es\/madridfansblog\/madrid-deportes-al-aire-libre-montanismo\/#primaryimage"},"thumbnailUrl":"https:\/\/www.proinca.es\/madridfansblog\/wp-content\/uploads\/2013\/08\/material-montana.jpg","datePublished":"2013-08-12T11:30:51+00:00","dateModified":"2025-05-28T11:45:42+00:00","description":"Selecci\u00f3n de las mejores tiendas en Madrid de art\u00edculos y equipos para practicar monta\u00f1ismo y deportes al aire libre. Proinca Apartamentos alquiler Madrid.","inLanguage":"es","potentialAction":[{"@type":"ReadAction","target":["https:\/\/www.proinca.es\/madridfansblog\/madrid-deportes-al-aire-libre-montanismo\/"]}]},{"@type":"ImageObject","inLanguage":"es","@id":"https:\/\/www.proinca.es\/madridfansblog\/madrid-deportes-al-aire-libre-montanismo\/#primaryimage","url":"https:\/\/www.proinca.es\/madridfansblog\/wp-content\/uploads\/2013\/08\/material-montana.jpg","contentUrl":"https:\/\/www.proinca.es\/madridfansblog\/wp-content\/uploads\/2013\/08\/material-montana.jpg","width":1000,"height":962,"caption":"Madrid a su aire"},{"@type":"WebSite","@id":"https:\/\/www.proinca.es\/madridfansblog\/#website","url":"https:\/\/www.proinca.es\/madridfansblog\/","name":"Madrid Fans Blog Proinca","description":"Pisos y apartamentos de alquiler en Madrid","publisher":{"@id":"https:\/\/www.proinca.es\/madridfansblog\/#organization"},"potentialAction":[{"@type":"SearchAction","target":{"@type":"EntryPoint","urlTemplate":"https:\/\/www.proinca.es\/madridfansblog\/?s={search_term_string}"},"query-input":{"@type":"PropertyValueSpecification","valueRequired":true,"valueName":"search_term_string"}}],"inLanguage":"es"},{"@type":"Organization","@id":"https:\/\/www.proinca.es\/madridfansblog\/#organization","name":"Proinca","url":"https:\/\/www.proinca.es\/madridfansblog\/","logo":{"@type":"ImageObject","inLanguage":"es","@id":"https:\/\/www.proinca.es\/madridfansblog\/#\/schema\/logo\/image\/","url":"https:\/\/www.proinca.es\/madridfansblog\/wp-content\/uploads\/2022\/03\/logo-proinca.jpg","contentUrl":"https:\/\/www.proinca.es\/madridfansblog\/wp-content\/uploads\/2022\/03\/logo-proinca.jpg","width":522,"height":250,"caption":"Proinca"},"image":{"@id":"https:\/\/www.proinca.es\/madridfansblog\/#\/schema\/logo\/image\/"}},{"@type":"Person","@id":"https:\/\/www.proinca.es\/madridfansblog\/#\/schema\/person\/8401adc89c0a0f5a3574c43326247f1e","name":"Ana Calero","image":{"@type":"ImageObject","inLanguage":"es","@id":"https:\/\/www.proinca.es\/madridfansblog\/wp-content\/litespeed\/avatar\/ef51b25c0718910f475570320941ef46.jpg?ver=1777379772","url":"https:\/\/www.proinca.es\/madridfansblog\/wp-content\/litespeed\/avatar\/ef51b25c0718910f475570320941ef46.jpg?ver=1777379772","contentUrl":"https:\/\/www.proinca.es\/madridfansblog\/wp-content\/litespeed\/avatar\/ef51b25c0718910f475570320941ef46.jpg?ver=1777379772","caption":"Ana Calero"},"description":"Licenciada en Ciencias Empresariales por la Universidad Aut\u00f3noma de Madrid. Forma parte del equipo de Apartamentos Proinca y es una enamorada de Madrid","sameAs":["https:\/\/www.proinca.es\/madridfansblog\/ana-calero\/"]}]}},"_links":{"self":[{"href":"https:\/\/www.proinca.es\/madridfansblog\/wp-json\/wp\/v2\/posts\/1592","targetHints":{"allow":["GET"]}}],"collection":[{"href":"https:\/\/www.proinca.es\/madridfansblog\/wp-json\/wp\/v2\/posts"}],"about":[{"href":"https:\/\/www.proinca.es\/madridfansblog\/wp-json\/wp\/v2\/types\/post"}],"author":[{"embeddable":true,"href":"https:\/\/www.proinca.es\/madridfansblog\/wp-json\/wp\/v2\/users\/4"}],"replies":[{"embeddable":true,"href":"https:\/\/www.proinca.es\/madridfansblog\/wp-json\/wp\/v2\/comments?post=1592"}],"version-history":[{"count":18,"href":"https:\/\/www.proinca.es\/madridfansblog\/wp-json\/wp\/v2\/posts\/1592\/revisions"}],"predecessor-version":[{"id":7668,"href":"https:\/\/www.proinca.es\/madridfansblog\/wp-json\/wp\/v2\/posts\/1592\/revisions\/7668"}],"wp:featuredmedia":[{"embeddable":true,"href":"https:\/\/www.proinca.es\/madridfansblog\/wp-json\/wp\/v2\/media\/7082"}],"wp:attachment":[{"href":"https:\/\/www.proinca.es\/madridfansblog\/wp-json\/wp\/v2\/media?parent=1592"}],"wp:term":[{"taxonomy":"category","embeddable":true,"href":"https:\/\/www.proinca.es\/madridfansblog\/wp-json\/wp\/v2\/categories?post=1592"},{"taxonomy":"post_tag","embeddable":true,"href":"https:\/\/www.proinca.es\/madridfansblog\/wp-json\/wp\/v2\/tags?post=1592"}],"curies":[{"name":"wp","href":"https:\/\/api.w.org\/{rel}","templated":true}]}}