{"id":1621,"date":"2013-09-04T17:40:40","date_gmt":"2013-09-04T15:40:40","guid":{"rendered":"http:\/\/www.proinca.es\/madridfansblog\/?p=1621"},"modified":"2025-05-28T15:50:25","modified_gmt":"2025-05-28T13:50:25","slug":"que-sabes-del-faro-de-moncloa","status":"publish","type":"post","link":"https:\/\/www.proinca.es\/madridfansblog\/que-sabes-del-faro-de-moncloa\/","title":{"rendered":"\u00bfQU\u00c9 SABES DEL FARO DE MONCLOA?"},"content":{"rendered":"<p>En <strong>Madrid<\/strong>, decenas de estudiantes pasan a sus pies diariamente para ir de Ciudad Universitaria a Moncloa y todos se han preguntado alguna vez: \u00bfesto qu\u00e9 es y para qu\u00e9 sirve?<!--more--><\/p>\n<p>Pues bien, el <strong>faro de Moncloa<\/strong> es una especie de mirador-pirul\u00ed ubicado en Moncloa-Aravaca que nos recuerda vagamente al famoso Fernsehturm, torre de televisi\u00f3n que corona Alexanderplatz, en Berl\u00edn, y que es, adem\u00e1s, el edificio m\u00e1s alto de la capital alemana y un emblema tur\u00edstico de la ciudad, aunque claro est\u00e1, el madrile\u00f1o cuenta con mucho menos <em>glamour <\/em>y reconocimiento, de hecho, pasa los a\u00f1os olvidado, arrinconado a las afueras de la ciudad sin que sepamos muy bien de d\u00f3nde viene y a d\u00f3nde va.<\/p>\n<p>Construido en 1992, esta torre de iluminaci\u00f3n y comunicaciones del Ayuntamiento de Madrid cuenta con 110 metros de altura y alguna que otra deficiencia en su construcci\u00f3n, pues no solo algunas de las planchas met\u00e1licas que recubr\u00edan la torre se desprendieron de la estructura debido al viento poco despu\u00e9s de su construcci\u00f3n, sino que el pasamanos de la escalera, daba calambre. De hecho, en agosto de 2005 fue cerrado por incumplir la normativa de seguridad del Ayuntamiento y con \u00e9l, el restaurante que se encontraba en la parte m\u00e1s alta. Desde entonces, nada se ha sabido acerca de posibles nuevos usos de esta infraestructura que, como dato curioso, cuenta con un club de fans que reivindica su utilizaci\u00f3n como espacio p\u00fablico en foros.<\/p>\n<p>Ya sabes la historia del <strong>faro de Moncloa<\/strong>, \u00bfsorprendido? No es que sea gran cosa, pero quedar\u00e1 muy bien cuando la cuentes a tus amigos y familiares al pasar por los aleda\u00f1os, y qui\u00e9n sabe, quiz\u00e1s alg\u00fan d\u00eda te sorprendas disfrutando de un <strong>Madrid<\/strong> al atardecer desde su mirador.<\/p>\n<p>Informaci\u00f3n patrocinada por\u00a0<strong><a href=\"http:\/\/www.proinca.es\">Proinca\u00a0oferta de apartamentos en alquiler en Madrid<\/a><\/strong><\/p>\n<p>Foto de Numan Torres en Unsplash<\/p>\n\n\n<div class=\"kk-star-ratings kksr-auto kksr-align-left kksr-valign-bottom\"\n    data-payload='{&quot;align&quot;:&quot;left&quot;,&quot;id&quot;:&quot;1621&quot;,&quot;slug&quot;:&quot;default&quot;,&quot;valign&quot;:&quot;bottom&quot;,&quot;ignore&quot;:&quot;&quot;,&quot;reference&quot;:&quot;auto&quot;,&quot;class&quot;:&quot;&quot;,&quot;count&quot;:&quot;0&quot;,&quot;legendonly&quot;:&quot;&quot;,&quot;readonly&quot;:&quot;&quot;,&quot;score&quot;:&quot;0&quot;,&quot;starsonly&quot;:&quot;&quot;,&quot;best&quot;:&quot;5&quot;,&quot;gap&quot;:&quot;1&quot;,&quot;greet&quot;:&quot;Valora este art\u00edculo&quot;,&quot;legend&quot;:&quot;0\\\/5 - (0 votos)&quot;,&quot;size&quot;:&quot;24&quot;,&quot;title&quot;:&quot;\u00bfQU\u00c9 SABES DEL FARO DE MONCLOA?&quot;,&quot;width&quot;:&quot;0&quot;,&quot;_legend&quot;:&quot;{score}\\\/{best} - ({count} {votes})&quot;,&quot;font_factor&quot;:&quot;1.25&quot;}'>\n            \n<div class=\"kksr-stars\">\n    \n<div class=\"kksr-stars-inactive\">\n            <div class=\"kksr-star\" data-star=\"1\" style=\"padding-right: 1px\">\n            \n\n<div class=\"kksr-icon\" style=\"width: 24px; height: 24px;\"><\/div>\n        <\/div>\n            <div class=\"kksr-star\" data-star=\"2\" style=\"padding-right: 1px\">\n            \n\n<div class=\"kksr-icon\" style=\"width: 24px; height: 24px;\"><\/div>\n        <\/div>\n            <div class=\"kksr-star\" data-star=\"3\" style=\"padding-right: 1px\">\n            \n\n<div class=\"kksr-icon\" style=\"width: 24px; height: 24px;\"><\/div>\n        <\/div>\n            <div class=\"kksr-star\" data-star=\"4\" style=\"padding-right: 1px\">\n            \n\n<div class=\"kksr-icon\" style=\"width: 24px; height: 24px;\"><\/div>\n        <\/div>\n            <div class=\"kksr-star\" data-star=\"5\" style=\"padding-right: 1px\">\n            \n\n<div class=\"kksr-icon\" style=\"width: 24px; height: 24px;\"><\/div>\n        <\/div>\n    <\/div>\n    \n<div class=\"kksr-stars-active\" style=\"width: 0px;\">\n            <div class=\"kksr-star\" style=\"padding-right: 1px\">\n            \n\n<div class=\"kksr-icon\" style=\"width: 24px; height: 24px;\"><\/div>\n        <\/div>\n            <div class=\"kksr-star\" style=\"padding-right: 1px\">\n            \n\n<div class=\"kksr-icon\" style=\"width: 24px; height: 24px;\"><\/div>\n        <\/div>\n            <div class=\"kksr-star\" style=\"padding-right: 1px\">\n            \n\n<div class=\"kksr-icon\" style=\"width: 24px; height: 24px;\"><\/div>\n        <\/div>\n            <div class=\"kksr-star\" style=\"padding-right: 1px\">\n            \n\n<div class=\"kksr-icon\" style=\"width: 24px; height: 24px;\"><\/div>\n        <\/div>\n            <div class=\"kksr-star\" style=\"padding-right: 1px\">\n            \n\n<div class=\"kksr-icon\" style=\"width: 24px; height: 24px;\"><\/div>\n        <\/div>\n    <\/div>\n<\/div>\n                \n\n<div class=\"kksr-legend\" style=\"font-size: 19.2px;\">\n            <span class=\"kksr-muted\">Valora este art\u00edculo<\/span>\n    <\/div>\n    <\/div>\n","protected":false},"excerpt":{"rendered":"<p>En Madrid, decenas de estudiantes pasan a sus pies diariamente  [&#8230;]<\/p>\n","protected":false},"author":4,"featured_media":7085,"comment_status":"closed","ping_status":"closed","sticky":false,"template":"","format":"standard","meta":{"footnotes":""},"categories":[79],"tags":[36,38,5],"class_list":["post-1621","post","type-post","status-publish","format-standard","has-post-thumbnail","hentry","category-vivir-madrid","tag-afterwork","tag-arquitectura","tag-madrid"],"yoast_head":"<!-- This site is optimized with the Yoast SEO plugin v27.4 - https:\/\/yoast.com\/product\/yoast-seo-wordpress\/ -->\n<title>Faro de Moncloa.Proinca pisos alquiler Madrid<\/title>\n<meta name=\"description\" content=\"\u00bfQu\u00e9 sabes sobre el Faro de Moncloa? \u00bfQuieres conocer su historia y secretos? te sorprender\u00e1n. Proinca Apartamentos alquiler Madrid\" \/>\n<meta name=\"robots\" content=\"index, follow, max-snippet:-1, max-image-preview:large, max-video-preview:-1\" \/>\n<link rel=\"canonical\" href=\"https:\/\/www.proinca.es\/madridfansblog\/que-sabes-del-faro-de-moncloa\/\" \/>\n<meta property=\"og:locale\" content=\"es_ES\" \/>\n<meta property=\"og:type\" content=\"article\" \/>\n<meta property=\"og:title\" content=\"Faro de Moncloa.Proinca pisos alquiler Madrid\" \/>\n<meta property=\"og:description\" content=\"\u00bfQu\u00e9 sabes sobre el Faro de Moncloa? \u00bfQuieres conocer su historia y secretos? te sorprender\u00e1n. Proinca Apartamentos alquiler Madrid\" \/>\n<meta property=\"og:url\" content=\"https:\/\/www.proinca.es\/madridfansblog\/que-sabes-del-faro-de-moncloa\/\" \/>\n<meta property=\"og:site_name\" content=\"Blog Proinca Madrid\" \/>\n<meta property=\"article:published_time\" content=\"2013-09-04T15:40:40+00:00\" \/>\n<meta property=\"article:modified_time\" content=\"2025-05-28T13:50:25+00:00\" \/>\n<meta property=\"og:image\" content=\"https:\/\/www.proinca.es\/madridfansblog\/wp-content\/uploads\/2013\/09\/faro-moncloa.jpg\" \/>\n\t<meta property=\"og:image:width\" content=\"1000\" \/>\n\t<meta property=\"og:image:height\" content=\"1136\" \/>\n\t<meta property=\"og:image:type\" content=\"image\/jpeg\" \/>\n<meta name=\"author\" content=\"Ana Calero\" \/>\n<script type=\"application\/ld+json\" class=\"yoast-schema-graph\">{\"@context\":\"https:\\\/\\\/schema.org\",\"@graph\":[{\"@type\":\"Article\",\"@id\":\"https:\\\/\\\/www.proinca.es\\\/madridfansblog\\\/que-sabes-del-faro-de-moncloa\\\/#article\",\"isPartOf\":{\"@id\":\"https:\\\/\\\/www.proinca.es\\\/madridfansblog\\\/que-sabes-del-faro-de-moncloa\\\/\"},\"author\":{\"name\":\"Ana Calero\",\"@id\":\"https:\\\/\\\/www.proinca.es\\\/madridfansblog\\\/#\\\/schema\\\/person\\\/8401adc89c0a0f5a3574c43326247f1e\"},\"headline\":\"\u00bfQU\u00c9 SABES DEL FARO DE MONCLOA?\",\"datePublished\":\"2013-09-04T15:40:40+00:00\",\"dateModified\":\"2025-05-28T13:50:25+00:00\",\"mainEntityOfPage\":{\"@id\":\"https:\\\/\\\/www.proinca.es\\\/madridfansblog\\\/que-sabes-del-faro-de-moncloa\\\/\"},\"wordCount\":332,\"publisher\":{\"@id\":\"https:\\\/\\\/www.proinca.es\\\/madridfansblog\\\/#organization\"},\"image\":{\"@id\":\"https:\\\/\\\/www.proinca.es\\\/madridfansblog\\\/que-sabes-del-faro-de-moncloa\\\/#primaryimage\"},\"thumbnailUrl\":\"https:\\\/\\\/www.proinca.es\\\/madridfansblog\\\/wp-content\\\/uploads\\\/2013\\\/09\\\/faro-moncloa.jpg\",\"keywords\":[\"Afterwork\",\"Arquitectura\",\"Madrid\"],\"articleSection\":[\"VIVIR MADRID\"],\"inLanguage\":\"es\"},{\"@type\":\"WebPage\",\"@id\":\"https:\\\/\\\/www.proinca.es\\\/madridfansblog\\\/que-sabes-del-faro-de-moncloa\\\/\",\"url\":\"https:\\\/\\\/www.proinca.es\\\/madridfansblog\\\/que-sabes-del-faro-de-moncloa\\\/\",\"name\":\"Faro de Moncloa.Proinca pisos alquiler Madrid\",\"isPartOf\":{\"@id\":\"https:\\\/\\\/www.proinca.es\\\/madridfansblog\\\/#website\"},\"primaryImageOfPage\":{\"@id\":\"https:\\\/\\\/www.proinca.es\\\/madridfansblog\\\/que-sabes-del-faro-de-moncloa\\\/#primaryimage\"},\"image\":{\"@id\":\"https:\\\/\\\/www.proinca.es\\\/madridfansblog\\\/que-sabes-del-faro-de-moncloa\\\/#primaryimage\"},\"thumbnailUrl\":\"https:\\\/\\\/www.proinca.es\\\/madridfansblog\\\/wp-content\\\/uploads\\\/2013\\\/09\\\/faro-moncloa.jpg\",\"datePublished\":\"2013-09-04T15:40:40+00:00\",\"dateModified\":\"2025-05-28T13:50:25+00:00\",\"description\":\"\u00bfQu\u00e9 sabes sobre el Faro de Moncloa? \u00bfQuieres conocer su historia y secretos? te sorprender\u00e1n. Proinca Apartamentos alquiler Madrid\",\"inLanguage\":\"es\",\"potentialAction\":[{\"@type\":\"ReadAction\",\"target\":[\"https:\\\/\\\/www.proinca.es\\\/madridfansblog\\\/que-sabes-del-faro-de-moncloa\\\/\"]}]},{\"@type\":\"ImageObject\",\"inLanguage\":\"es\",\"@id\":\"https:\\\/\\\/www.proinca.es\\\/madridfansblog\\\/que-sabes-del-faro-de-moncloa\\\/#primaryimage\",\"url\":\"https:\\\/\\\/www.proinca.es\\\/madridfansblog\\\/wp-content\\\/uploads\\\/2013\\\/09\\\/faro-moncloa.jpg\",\"contentUrl\":\"https:\\\/\\\/www.proinca.es\\\/madridfansblog\\\/wp-content\\\/uploads\\\/2013\\\/09\\\/faro-moncloa.jpg\",\"width\":1000,\"height\":1136,\"caption\":\"\u00bfQu\u00e9 sabes del faro de Moncloa?\"},{\"@type\":\"WebSite\",\"@id\":\"https:\\\/\\\/www.proinca.es\\\/madridfansblog\\\/#website\",\"url\":\"https:\\\/\\\/www.proinca.es\\\/madridfansblog\\\/\",\"name\":\"Madrid Fans Blog Proinca\",\"description\":\"Pisos y apartamentos de alquiler en Madrid\",\"publisher\":{\"@id\":\"https:\\\/\\\/www.proinca.es\\\/madridfansblog\\\/#organization\"},\"potentialAction\":[{\"@type\":\"SearchAction\",\"target\":{\"@type\":\"EntryPoint\",\"urlTemplate\":\"https:\\\/\\\/www.proinca.es\\\/madridfansblog\\\/?s={search_term_string}\"},\"query-input\":{\"@type\":\"PropertyValueSpecification\",\"valueRequired\":true,\"valueName\":\"search_term_string\"}}],\"inLanguage\":\"es\"},{\"@type\":\"Organization\",\"@id\":\"https:\\\/\\\/www.proinca.es\\\/madridfansblog\\\/#organization\",\"name\":\"Proinca\",\"url\":\"https:\\\/\\\/www.proinca.es\\\/madridfansblog\\\/\",\"logo\":{\"@type\":\"ImageObject\",\"inLanguage\":\"es\",\"@id\":\"https:\\\/\\\/www.proinca.es\\\/madridfansblog\\\/#\\\/schema\\\/logo\\\/image\\\/\",\"url\":\"https:\\\/\\\/www.proinca.es\\\/madridfansblog\\\/wp-content\\\/uploads\\\/2022\\\/03\\\/logo-proinca.jpg\",\"contentUrl\":\"https:\\\/\\\/www.proinca.es\\\/madridfansblog\\\/wp-content\\\/uploads\\\/2022\\\/03\\\/logo-proinca.jpg\",\"width\":522,\"height\":250,\"caption\":\"Proinca\"},\"image\":{\"@id\":\"https:\\\/\\\/www.proinca.es\\\/madridfansblog\\\/#\\\/schema\\\/logo\\\/image\\\/\"}},{\"@type\":\"Person\",\"@id\":\"https:\\\/\\\/www.proinca.es\\\/madridfansblog\\\/#\\\/schema\\\/person\\\/8401adc89c0a0f5a3574c43326247f1e\",\"name\":\"Ana Calero\",\"image\":{\"@type\":\"ImageObject\",\"inLanguage\":\"es\",\"@id\":\"https:\\\/\\\/www.proinca.es\\\/madridfansblog\\\/wp-content\\\/litespeed\\\/avatar\\\/ef51b25c0718910f475570320941ef46.jpg?ver=1777379772\",\"url\":\"https:\\\/\\\/www.proinca.es\\\/madridfansblog\\\/wp-content\\\/litespeed\\\/avatar\\\/ef51b25c0718910f475570320941ef46.jpg?ver=1777379772\",\"contentUrl\":\"https:\\\/\\\/www.proinca.es\\\/madridfansblog\\\/wp-content\\\/litespeed\\\/avatar\\\/ef51b25c0718910f475570320941ef46.jpg?ver=1777379772\",\"caption\":\"Ana Calero\"},\"description\":\"Licenciada en Ciencias Empresariales por la Universidad Aut\u00f3noma de Madrid. Forma parte del equipo de Apartamentos Proinca y es una enamorada de Madrid\",\"sameAs\":[\"https:\\\/\\\/www.proinca.es\\\/madridfansblog\\\/ana-calero\\\/\"]}]}<\/script>\n<!-- \/ Yoast SEO plugin. -->","yoast_head_json":{"title":"Faro de Moncloa.Proinca pisos alquiler Madrid","description":"\u00bfQu\u00e9 sabes sobre el Faro de Moncloa? \u00bfQuieres conocer su historia y secretos? te sorprender\u00e1n. Proinca Apartamentos alquiler Madrid","robots":{"index":"index","follow":"follow","max-snippet":"max-snippet:-1","max-image-preview":"max-image-preview:large","max-video-preview":"max-video-preview:-1"},"canonical":"https:\/\/www.proinca.es\/madridfansblog\/que-sabes-del-faro-de-moncloa\/","og_locale":"es_ES","og_type":"article","og_title":"Faro de Moncloa.Proinca pisos alquiler Madrid","og_description":"\u00bfQu\u00e9 sabes sobre el Faro de Moncloa? \u00bfQuieres conocer su historia y secretos? te sorprender\u00e1n. Proinca Apartamentos alquiler Madrid","og_url":"https:\/\/www.proinca.es\/madridfansblog\/que-sabes-del-faro-de-moncloa\/","og_site_name":"Blog Proinca Madrid","article_published_time":"2013-09-04T15:40:40+00:00","article_modified_time":"2025-05-28T13:50:25+00:00","og_image":[{"width":1000,"height":1136,"url":"https:\/\/www.proinca.es\/madridfansblog\/wp-content\/uploads\/2013\/09\/faro-moncloa.jpg","type":"image\/jpeg"}],"author":"Ana Calero","schema":{"@context":"https:\/\/schema.org","@graph":[{"@type":"Article","@id":"https:\/\/www.proinca.es\/madridfansblog\/que-sabes-del-faro-de-moncloa\/#article","isPartOf":{"@id":"https:\/\/www.proinca.es\/madridfansblog\/que-sabes-del-faro-de-moncloa\/"},"author":{"name":"Ana Calero","@id":"https:\/\/www.proinca.es\/madridfansblog\/#\/schema\/person\/8401adc89c0a0f5a3574c43326247f1e"},"headline":"\u00bfQU\u00c9 SABES DEL FARO DE MONCLOA?","datePublished":"2013-09-04T15:40:40+00:00","dateModified":"2025-05-28T13:50:25+00:00","mainEntityOfPage":{"@id":"https:\/\/www.proinca.es\/madridfansblog\/que-sabes-del-faro-de-moncloa\/"},"wordCount":332,"publisher":{"@id":"https:\/\/www.proinca.es\/madridfansblog\/#organization"},"image":{"@id":"https:\/\/www.proinca.es\/madridfansblog\/que-sabes-del-faro-de-moncloa\/#primaryimage"},"thumbnailUrl":"https:\/\/www.proinca.es\/madridfansblog\/wp-content\/uploads\/2013\/09\/faro-moncloa.jpg","keywords":["Afterwork","Arquitectura","Madrid"],"articleSection":["VIVIR MADRID"],"inLanguage":"es"},{"@type":"WebPage","@id":"https:\/\/www.proinca.es\/madridfansblog\/que-sabes-del-faro-de-moncloa\/","url":"https:\/\/www.proinca.es\/madridfansblog\/que-sabes-del-faro-de-moncloa\/","name":"Faro de Moncloa.Proinca pisos alquiler Madrid","isPartOf":{"@id":"https:\/\/www.proinca.es\/madridfansblog\/#website"},"primaryImageOfPage":{"@id":"https:\/\/www.proinca.es\/madridfansblog\/que-sabes-del-faro-de-moncloa\/#primaryimage"},"image":{"@id":"https:\/\/www.proinca.es\/madridfansblog\/que-sabes-del-faro-de-moncloa\/#primaryimage"},"thumbnailUrl":"https:\/\/www.proinca.es\/madridfansblog\/wp-content\/uploads\/2013\/09\/faro-moncloa.jpg","datePublished":"2013-09-04T15:40:40+00:00","dateModified":"2025-05-28T13:50:25+00:00","description":"\u00bfQu\u00e9 sabes sobre el Faro de Moncloa? \u00bfQuieres conocer su historia y secretos? te sorprender\u00e1n. Proinca Apartamentos alquiler Madrid","inLanguage":"es","potentialAction":[{"@type":"ReadAction","target":["https:\/\/www.proinca.es\/madridfansblog\/que-sabes-del-faro-de-moncloa\/"]}]},{"@type":"ImageObject","inLanguage":"es","@id":"https:\/\/www.proinca.es\/madridfansblog\/que-sabes-del-faro-de-moncloa\/#primaryimage","url":"https:\/\/www.proinca.es\/madridfansblog\/wp-content\/uploads\/2013\/09\/faro-moncloa.jpg","contentUrl":"https:\/\/www.proinca.es\/madridfansblog\/wp-content\/uploads\/2013\/09\/faro-moncloa.jpg","width":1000,"height":1136,"caption":"\u00bfQu\u00e9 sabes del faro de Moncloa?"},{"@type":"WebSite","@id":"https:\/\/www.proinca.es\/madridfansblog\/#website","url":"https:\/\/www.proinca.es\/madridfansblog\/","name":"Madrid Fans Blog Proinca","description":"Pisos y apartamentos de alquiler en Madrid","publisher":{"@id":"https:\/\/www.proinca.es\/madridfansblog\/#organization"},"potentialAction":[{"@type":"SearchAction","target":{"@type":"EntryPoint","urlTemplate":"https:\/\/www.proinca.es\/madridfansblog\/?s={search_term_string}"},"query-input":{"@type":"PropertyValueSpecification","valueRequired":true,"valueName":"search_term_string"}}],"inLanguage":"es"},{"@type":"Organization","@id":"https:\/\/www.proinca.es\/madridfansblog\/#organization","name":"Proinca","url":"https:\/\/www.proinca.es\/madridfansblog\/","logo":{"@type":"ImageObject","inLanguage":"es","@id":"https:\/\/www.proinca.es\/madridfansblog\/#\/schema\/logo\/image\/","url":"https:\/\/www.proinca.es\/madridfansblog\/wp-content\/uploads\/2022\/03\/logo-proinca.jpg","contentUrl":"https:\/\/www.proinca.es\/madridfansblog\/wp-content\/uploads\/2022\/03\/logo-proinca.jpg","width":522,"height":250,"caption":"Proinca"},"image":{"@id":"https:\/\/www.proinca.es\/madridfansblog\/#\/schema\/logo\/image\/"}},{"@type":"Person","@id":"https:\/\/www.proinca.es\/madridfansblog\/#\/schema\/person\/8401adc89c0a0f5a3574c43326247f1e","name":"Ana Calero","image":{"@type":"ImageObject","inLanguage":"es","@id":"https:\/\/www.proinca.es\/madridfansblog\/wp-content\/litespeed\/avatar\/ef51b25c0718910f475570320941ef46.jpg?ver=1777379772","url":"https:\/\/www.proinca.es\/madridfansblog\/wp-content\/litespeed\/avatar\/ef51b25c0718910f475570320941ef46.jpg?ver=1777379772","contentUrl":"https:\/\/www.proinca.es\/madridfansblog\/wp-content\/litespeed\/avatar\/ef51b25c0718910f475570320941ef46.jpg?ver=1777379772","caption":"Ana Calero"},"description":"Licenciada en Ciencias Empresariales por la Universidad Aut\u00f3noma de Madrid. Forma parte del equipo de Apartamentos Proinca y es una enamorada de Madrid","sameAs":["https:\/\/www.proinca.es\/madridfansblog\/ana-calero\/"]}]}},"_links":{"self":[{"href":"https:\/\/www.proinca.es\/madridfansblog\/wp-json\/wp\/v2\/posts\/1621","targetHints":{"allow":["GET"]}}],"collection":[{"href":"https:\/\/www.proinca.es\/madridfansblog\/wp-json\/wp\/v2\/posts"}],"about":[{"href":"https:\/\/www.proinca.es\/madridfansblog\/wp-json\/wp\/v2\/types\/post"}],"author":[{"embeddable":true,"href":"https:\/\/www.proinca.es\/madridfansblog\/wp-json\/wp\/v2\/users\/4"}],"replies":[{"embeddable":true,"href":"https:\/\/www.proinca.es\/madridfansblog\/wp-json\/wp\/v2\/comments?post=1621"}],"version-history":[{"count":16,"href":"https:\/\/www.proinca.es\/madridfansblog\/wp-json\/wp\/v2\/posts\/1621\/revisions"}],"predecessor-version":[{"id":7666,"href":"https:\/\/www.proinca.es\/madridfansblog\/wp-json\/wp\/v2\/posts\/1621\/revisions\/7666"}],"wp:featuredmedia":[{"embeddable":true,"href":"https:\/\/www.proinca.es\/madridfansblog\/wp-json\/wp\/v2\/media\/7085"}],"wp:attachment":[{"href":"https:\/\/www.proinca.es\/madridfansblog\/wp-json\/wp\/v2\/media?parent=1621"}],"wp:term":[{"taxonomy":"category","embeddable":true,"href":"https:\/\/www.proinca.es\/madridfansblog\/wp-json\/wp\/v2\/categories?post=1621"},{"taxonomy":"post_tag","embeddable":true,"href":"https:\/\/www.proinca.es\/madridfansblog\/wp-json\/wp\/v2\/tags?post=1621"}],"curies":[{"name":"wp","href":"https:\/\/api.w.org\/{rel}","templated":true}]}}