{"id":1783,"date":"2013-09-16T14:00:55","date_gmt":"2013-09-16T12:00:55","guid":{"rendered":"http:\/\/www.proinca.es\/madridfansblog\/?p=1783"},"modified":"2025-05-28T16:00:12","modified_gmt":"2025-05-28T14:00:12","slug":"plaza-de-fortunata-y-jacinta-la-ruta-de-las-letras-en-madrid","status":"publish","type":"post","link":"https:\/\/www.proinca.es\/madridfansblog\/plaza-de-fortunata-y-jacinta-la-ruta-de-las-letras-en-madrid\/","title":{"rendered":"PLAZA DE FORTUNATA Y JACINTA. LA RUTA DE LAS LETRAS EN MADRID"},"content":{"rendered":"<p>En el n\u00famero 11 de la plaza del Marqu\u00e9s Viudo de Pontejos en <strong>Madrid<\/strong>, encontramos la casa en la que vivieron los personajes de la novela<strong> <em>Fortunata y Jacinta<\/em><\/strong> (1886\u20131887), de Benito P\u00e9rez Gald\u00f3s. Sin duda, una plaza como la de <strong>Pontejos<\/strong> deb\u00eda albergar un secreto como este, huella arquitect\u00f3nica de nuestra mejor literatura y tradici\u00f3n m\u00e1s castiza.<!--more--><\/p>\n<p>Como tantas otras, la que fuera una casa se\u00f1orial de varias alturas para dar cabida a los se\u00f1ores y al servicio, ha quedado reducida a escuetos apartamentos que poco recuerdan ya a esa otra \u00e9poca de esplendor, ahora sepultada entre peque\u00f1os comercios y bares donde tomarse una ca\u00f1a. Sin embargo, tras una puerta estrecha y de aspecto ordinario, que sin duda pasa desapercibida si no vamos busc\u00e1ndola con sumo cuidado, permanece la memoria de uno de los libros cumbre de nuestra literatura realista, \u00a1qui\u00e9n lo imaginar\u00eda!<\/p>\n<p>En la misma <strong>plaza \u00a0Pontejos<\/strong> encontramos la que fuera Casa de Correos en el siglo XIX y la Real Casa Postas, uno de los enclaves m\u00e1s animados de la ciudad con ese trasiego de idas y venidas de paquetes y viajeros propios de la \u00e9poca. Y el busto del Marqu\u00e9s Viudo de Pontejos, alcalde de Madrid de 1835 a 1836, un a\u00f1o escaso que, sin embargo, le sirvi\u00f3 de mucho, pues coloc\u00f3 el km 0 en la Puerta del Sol, organiz\u00f3 la numeraci\u00f3n de las casas de la villa y termin\u00f3 el Paseo de la Castellana, que no es poco.<\/p>\n<p>Esta plaza tambi\u00e9n es famosa por las tiendas de abalorios o mercer\u00edas, una de las m\u00e1s grandes de <strong>Madrid<\/strong> y m\u00e1s antiguas se encuentra aqu\u00ed, \u00a1pero eso ya os lo contamos en <a href=\"http:\/\/www.proinca.es\/madridfansblog\/hand-self-made-opciones-en-madrid\/\" target=\"_blank\" rel=\"noopener\">otro post<\/a>!<\/p>\n<p>Informaci\u00f3n patrocinada por <strong><a href=\"http:\/\/www.proinca.es\">Proinca oferta de apartamentos en alquiler en Madrid<\/a><\/strong><\/p>\n\n\n<div class=\"kk-star-ratings kksr-auto kksr-align-left kksr-valign-bottom\"\n    data-payload='{&quot;align&quot;:&quot;left&quot;,&quot;id&quot;:&quot;1783&quot;,&quot;slug&quot;:&quot;default&quot;,&quot;valign&quot;:&quot;bottom&quot;,&quot;ignore&quot;:&quot;&quot;,&quot;reference&quot;:&quot;auto&quot;,&quot;class&quot;:&quot;&quot;,&quot;count&quot;:&quot;0&quot;,&quot;legendonly&quot;:&quot;&quot;,&quot;readonly&quot;:&quot;&quot;,&quot;score&quot;:&quot;0&quot;,&quot;starsonly&quot;:&quot;&quot;,&quot;best&quot;:&quot;5&quot;,&quot;gap&quot;:&quot;1&quot;,&quot;greet&quot;:&quot;Valora este art\u00edculo&quot;,&quot;legend&quot;:&quot;0\\\/5 - (0 votos)&quot;,&quot;size&quot;:&quot;24&quot;,&quot;title&quot;:&quot;PLAZA DE FORTUNATA Y JACINTA. LA RUTA DE LAS LETRAS EN MADRID&quot;,&quot;width&quot;:&quot;0&quot;,&quot;_legend&quot;:&quot;{score}\\\/{best} - ({count} {votes})&quot;,&quot;font_factor&quot;:&quot;1.25&quot;}'>\n            \n<div class=\"kksr-stars\">\n    \n<div class=\"kksr-stars-inactive\">\n            <div class=\"kksr-star\" data-star=\"1\" style=\"padding-right: 1px\">\n            \n\n<div class=\"kksr-icon\" style=\"width: 24px; height: 24px;\"><\/div>\n        <\/div>\n            <div class=\"kksr-star\" data-star=\"2\" style=\"padding-right: 1px\">\n            \n\n<div class=\"kksr-icon\" style=\"width: 24px; height: 24px;\"><\/div>\n        <\/div>\n            <div class=\"kksr-star\" data-star=\"3\" style=\"padding-right: 1px\">\n            \n\n<div class=\"kksr-icon\" style=\"width: 24px; height: 24px;\"><\/div>\n        <\/div>\n            <div class=\"kksr-star\" data-star=\"4\" style=\"padding-right: 1px\">\n            \n\n<div class=\"kksr-icon\" style=\"width: 24px; height: 24px;\"><\/div>\n        <\/div>\n            <div class=\"kksr-star\" data-star=\"5\" style=\"padding-right: 1px\">\n            \n\n<div class=\"kksr-icon\" style=\"width: 24px; height: 24px;\"><\/div>\n        <\/div>\n    <\/div>\n    \n<div class=\"kksr-stars-active\" style=\"width: 0px;\">\n            <div class=\"kksr-star\" style=\"padding-right: 1px\">\n            \n\n<div class=\"kksr-icon\" style=\"width: 24px; height: 24px;\"><\/div>\n        <\/div>\n            <div class=\"kksr-star\" style=\"padding-right: 1px\">\n            \n\n<div class=\"kksr-icon\" style=\"width: 24px; height: 24px;\"><\/div>\n        <\/div>\n            <div class=\"kksr-star\" style=\"padding-right: 1px\">\n            \n\n<div class=\"kksr-icon\" style=\"width: 24px; height: 24px;\"><\/div>\n        <\/div>\n            <div class=\"kksr-star\" style=\"padding-right: 1px\">\n            \n\n<div class=\"kksr-icon\" style=\"width: 24px; height: 24px;\"><\/div>\n        <\/div>\n            <div class=\"kksr-star\" style=\"padding-right: 1px\">\n            \n\n<div class=\"kksr-icon\" style=\"width: 24px; height: 24px;\"><\/div>\n        <\/div>\n    <\/div>\n<\/div>\n                \n\n<div class=\"kksr-legend\" style=\"font-size: 19.2px;\">\n            <span class=\"kksr-muted\">Valora este art\u00edculo<\/span>\n    <\/div>\n    <\/div>\n","protected":false},"excerpt":{"rendered":"<p>En el n\u00famero 11 de la plaza del Marqu\u00e9s Viudo  [&#8230;]<\/p>\n","protected":false},"author":4,"featured_media":0,"comment_status":"closed","ping_status":"closed","sticky":false,"template":"","format":"standard","meta":{"footnotes":""},"categories":[79],"tags":[],"class_list":["post-1783","post","type-post","status-publish","format-standard","hentry","category-vivir-madrid"],"yoast_head":"<!-- This site is optimized with the Yoast SEO plugin v27.4 - https:\/\/yoast.com\/product\/yoast-seo-wordpress\/ -->\n<title>Fortunata y Jacinta.Pza Pontejos.Proinca pisos alquiler Madrid<\/title>\n<meta name=\"description\" content=\"Curiosidades que esconde la Plaza Pontejos como la casa en la que vivieron los personajes de la novela Fortunata y Jacinta.Proinca Apartamentos alquiler Madrid\" \/>\n<meta name=\"robots\" content=\"index, follow, max-snippet:-1, max-image-preview:large, max-video-preview:-1\" \/>\n<link rel=\"canonical\" href=\"https:\/\/www.proinca.es\/madridfansblog\/plaza-de-fortunata-y-jacinta-la-ruta-de-las-letras-en-madrid\/\" \/>\n<meta property=\"og:locale\" content=\"es_ES\" \/>\n<meta property=\"og:type\" content=\"article\" \/>\n<meta property=\"og:title\" content=\"Fortunata y Jacinta.Pza Pontejos.Proinca pisos alquiler Madrid\" \/>\n<meta property=\"og:description\" content=\"Curiosidades que esconde la Plaza Pontejos como la casa en la que vivieron los personajes de la novela Fortunata y Jacinta.Proinca Apartamentos alquiler Madrid\" \/>\n<meta property=\"og:url\" content=\"https:\/\/www.proinca.es\/madridfansblog\/plaza-de-fortunata-y-jacinta-la-ruta-de-las-letras-en-madrid\/\" \/>\n<meta property=\"og:site_name\" content=\"Blog Proinca Madrid\" \/>\n<meta property=\"article:published_time\" content=\"2013-09-16T12:00:55+00:00\" \/>\n<meta property=\"article:modified_time\" content=\"2025-05-28T14:00:12+00:00\" \/>\n<meta name=\"author\" content=\"Ana Calero\" \/>\n<script type=\"application\/ld+json\" class=\"yoast-schema-graph\">{\"@context\":\"https:\\\/\\\/schema.org\",\"@graph\":[{\"@type\":\"Article\",\"@id\":\"https:\\\/\\\/www.proinca.es\\\/madridfansblog\\\/plaza-de-fortunata-y-jacinta-la-ruta-de-las-letras-en-madrid\\\/#article\",\"isPartOf\":{\"@id\":\"https:\\\/\\\/www.proinca.es\\\/madridfansblog\\\/plaza-de-fortunata-y-jacinta-la-ruta-de-las-letras-en-madrid\\\/\"},\"author\":{\"name\":\"Ana Calero\",\"@id\":\"https:\\\/\\\/www.proinca.es\\\/madridfansblog\\\/#\\\/schema\\\/person\\\/8401adc89c0a0f5a3574c43326247f1e\"},\"headline\":\"PLAZA DE FORTUNATA Y JACINTA. LA RUTA DE LAS LETRAS EN MADRID\",\"datePublished\":\"2013-09-16T12:00:55+00:00\",\"dateModified\":\"2025-05-28T14:00:12+00:00\",\"mainEntityOfPage\":{\"@id\":\"https:\\\/\\\/www.proinca.es\\\/madridfansblog\\\/plaza-de-fortunata-y-jacinta-la-ruta-de-las-letras-en-madrid\\\/\"},\"wordCount\":320,\"publisher\":{\"@id\":\"https:\\\/\\\/www.proinca.es\\\/madridfansblog\\\/#organization\"},\"articleSection\":[\"VIVIR MADRID\"],\"inLanguage\":\"es\"},{\"@type\":\"WebPage\",\"@id\":\"https:\\\/\\\/www.proinca.es\\\/madridfansblog\\\/plaza-de-fortunata-y-jacinta-la-ruta-de-las-letras-en-madrid\\\/\",\"url\":\"https:\\\/\\\/www.proinca.es\\\/madridfansblog\\\/plaza-de-fortunata-y-jacinta-la-ruta-de-las-letras-en-madrid\\\/\",\"name\":\"Fortunata y Jacinta.Pza Pontejos.Proinca pisos alquiler Madrid\",\"isPartOf\":{\"@id\":\"https:\\\/\\\/www.proinca.es\\\/madridfansblog\\\/#website\"},\"datePublished\":\"2013-09-16T12:00:55+00:00\",\"dateModified\":\"2025-05-28T14:00:12+00:00\",\"description\":\"Curiosidades que esconde la Plaza Pontejos como la casa en la que vivieron los personajes de la novela Fortunata y Jacinta.Proinca Apartamentos alquiler Madrid\",\"inLanguage\":\"es\",\"potentialAction\":[{\"@type\":\"ReadAction\",\"target\":[\"https:\\\/\\\/www.proinca.es\\\/madridfansblog\\\/plaza-de-fortunata-y-jacinta-la-ruta-de-las-letras-en-madrid\\\/\"]}]},{\"@type\":\"WebSite\",\"@id\":\"https:\\\/\\\/www.proinca.es\\\/madridfansblog\\\/#website\",\"url\":\"https:\\\/\\\/www.proinca.es\\\/madridfansblog\\\/\",\"name\":\"Madrid Fans Blog Proinca\",\"description\":\"Pisos y apartamentos de alquiler en Madrid\",\"publisher\":{\"@id\":\"https:\\\/\\\/www.proinca.es\\\/madridfansblog\\\/#organization\"},\"potentialAction\":[{\"@type\":\"SearchAction\",\"target\":{\"@type\":\"EntryPoint\",\"urlTemplate\":\"https:\\\/\\\/www.proinca.es\\\/madridfansblog\\\/?s={search_term_string}\"},\"query-input\":{\"@type\":\"PropertyValueSpecification\",\"valueRequired\":true,\"valueName\":\"search_term_string\"}}],\"inLanguage\":\"es\"},{\"@type\":\"Organization\",\"@id\":\"https:\\\/\\\/www.proinca.es\\\/madridfansblog\\\/#organization\",\"name\":\"Proinca\",\"url\":\"https:\\\/\\\/www.proinca.es\\\/madridfansblog\\\/\",\"logo\":{\"@type\":\"ImageObject\",\"inLanguage\":\"es\",\"@id\":\"https:\\\/\\\/www.proinca.es\\\/madridfansblog\\\/#\\\/schema\\\/logo\\\/image\\\/\",\"url\":\"https:\\\/\\\/www.proinca.es\\\/madridfansblog\\\/wp-content\\\/uploads\\\/2022\\\/03\\\/logo-proinca.jpg\",\"contentUrl\":\"https:\\\/\\\/www.proinca.es\\\/madridfansblog\\\/wp-content\\\/uploads\\\/2022\\\/03\\\/logo-proinca.jpg\",\"width\":522,\"height\":250,\"caption\":\"Proinca\"},\"image\":{\"@id\":\"https:\\\/\\\/www.proinca.es\\\/madridfansblog\\\/#\\\/schema\\\/logo\\\/image\\\/\"}},{\"@type\":\"Person\",\"@id\":\"https:\\\/\\\/www.proinca.es\\\/madridfansblog\\\/#\\\/schema\\\/person\\\/8401adc89c0a0f5a3574c43326247f1e\",\"name\":\"Ana Calero\",\"image\":{\"@type\":\"ImageObject\",\"inLanguage\":\"es\",\"@id\":\"https:\\\/\\\/www.proinca.es\\\/madridfansblog\\\/wp-content\\\/litespeed\\\/avatar\\\/ef51b25c0718910f475570320941ef46.jpg?ver=1777379772\",\"url\":\"https:\\\/\\\/www.proinca.es\\\/madridfansblog\\\/wp-content\\\/litespeed\\\/avatar\\\/ef51b25c0718910f475570320941ef46.jpg?ver=1777379772\",\"contentUrl\":\"https:\\\/\\\/www.proinca.es\\\/madridfansblog\\\/wp-content\\\/litespeed\\\/avatar\\\/ef51b25c0718910f475570320941ef46.jpg?ver=1777379772\",\"caption\":\"Ana Calero\"},\"description\":\"Licenciada en Ciencias Empresariales por la Universidad Aut\u00f3noma de Madrid. Forma parte del equipo de Apartamentos Proinca y es una enamorada de Madrid\",\"sameAs\":[\"https:\\\/\\\/www.proinca.es\\\/madridfansblog\\\/ana-calero\\\/\"]}]}<\/script>\n<!-- \/ Yoast SEO plugin. -->","yoast_head_json":{"title":"Fortunata y Jacinta.Pza Pontejos.Proinca pisos alquiler Madrid","description":"Curiosidades que esconde la Plaza Pontejos como la casa en la que vivieron los personajes de la novela Fortunata y Jacinta.Proinca Apartamentos alquiler Madrid","robots":{"index":"index","follow":"follow","max-snippet":"max-snippet:-1","max-image-preview":"max-image-preview:large","max-video-preview":"max-video-preview:-1"},"canonical":"https:\/\/www.proinca.es\/madridfansblog\/plaza-de-fortunata-y-jacinta-la-ruta-de-las-letras-en-madrid\/","og_locale":"es_ES","og_type":"article","og_title":"Fortunata y Jacinta.Pza Pontejos.Proinca pisos alquiler Madrid","og_description":"Curiosidades que esconde la Plaza Pontejos como la casa en la que vivieron los personajes de la novela Fortunata y Jacinta.Proinca Apartamentos alquiler Madrid","og_url":"https:\/\/www.proinca.es\/madridfansblog\/plaza-de-fortunata-y-jacinta-la-ruta-de-las-letras-en-madrid\/","og_site_name":"Blog Proinca Madrid","article_published_time":"2013-09-16T12:00:55+00:00","article_modified_time":"2025-05-28T14:00:12+00:00","author":"Ana Calero","schema":{"@context":"https:\/\/schema.org","@graph":[{"@type":"Article","@id":"https:\/\/www.proinca.es\/madridfansblog\/plaza-de-fortunata-y-jacinta-la-ruta-de-las-letras-en-madrid\/#article","isPartOf":{"@id":"https:\/\/www.proinca.es\/madridfansblog\/plaza-de-fortunata-y-jacinta-la-ruta-de-las-letras-en-madrid\/"},"author":{"name":"Ana Calero","@id":"https:\/\/www.proinca.es\/madridfansblog\/#\/schema\/person\/8401adc89c0a0f5a3574c43326247f1e"},"headline":"PLAZA DE FORTUNATA Y JACINTA. LA RUTA DE LAS LETRAS EN MADRID","datePublished":"2013-09-16T12:00:55+00:00","dateModified":"2025-05-28T14:00:12+00:00","mainEntityOfPage":{"@id":"https:\/\/www.proinca.es\/madridfansblog\/plaza-de-fortunata-y-jacinta-la-ruta-de-las-letras-en-madrid\/"},"wordCount":320,"publisher":{"@id":"https:\/\/www.proinca.es\/madridfansblog\/#organization"},"articleSection":["VIVIR MADRID"],"inLanguage":"es"},{"@type":"WebPage","@id":"https:\/\/www.proinca.es\/madridfansblog\/plaza-de-fortunata-y-jacinta-la-ruta-de-las-letras-en-madrid\/","url":"https:\/\/www.proinca.es\/madridfansblog\/plaza-de-fortunata-y-jacinta-la-ruta-de-las-letras-en-madrid\/","name":"Fortunata y Jacinta.Pza Pontejos.Proinca pisos alquiler Madrid","isPartOf":{"@id":"https:\/\/www.proinca.es\/madridfansblog\/#website"},"datePublished":"2013-09-16T12:00:55+00:00","dateModified":"2025-05-28T14:00:12+00:00","description":"Curiosidades que esconde la Plaza Pontejos como la casa en la que vivieron los personajes de la novela Fortunata y Jacinta.Proinca Apartamentos alquiler Madrid","inLanguage":"es","potentialAction":[{"@type":"ReadAction","target":["https:\/\/www.proinca.es\/madridfansblog\/plaza-de-fortunata-y-jacinta-la-ruta-de-las-letras-en-madrid\/"]}]},{"@type":"WebSite","@id":"https:\/\/www.proinca.es\/madridfansblog\/#website","url":"https:\/\/www.proinca.es\/madridfansblog\/","name":"Madrid Fans Blog Proinca","description":"Pisos y apartamentos de alquiler en Madrid","publisher":{"@id":"https:\/\/www.proinca.es\/madridfansblog\/#organization"},"potentialAction":[{"@type":"SearchAction","target":{"@type":"EntryPoint","urlTemplate":"https:\/\/www.proinca.es\/madridfansblog\/?s={search_term_string}"},"query-input":{"@type":"PropertyValueSpecification","valueRequired":true,"valueName":"search_term_string"}}],"inLanguage":"es"},{"@type":"Organization","@id":"https:\/\/www.proinca.es\/madridfansblog\/#organization","name":"Proinca","url":"https:\/\/www.proinca.es\/madridfansblog\/","logo":{"@type":"ImageObject","inLanguage":"es","@id":"https:\/\/www.proinca.es\/madridfansblog\/#\/schema\/logo\/image\/","url":"https:\/\/www.proinca.es\/madridfansblog\/wp-content\/uploads\/2022\/03\/logo-proinca.jpg","contentUrl":"https:\/\/www.proinca.es\/madridfansblog\/wp-content\/uploads\/2022\/03\/logo-proinca.jpg","width":522,"height":250,"caption":"Proinca"},"image":{"@id":"https:\/\/www.proinca.es\/madridfansblog\/#\/schema\/logo\/image\/"}},{"@type":"Person","@id":"https:\/\/www.proinca.es\/madridfansblog\/#\/schema\/person\/8401adc89c0a0f5a3574c43326247f1e","name":"Ana Calero","image":{"@type":"ImageObject","inLanguage":"es","@id":"https:\/\/www.proinca.es\/madridfansblog\/wp-content\/litespeed\/avatar\/ef51b25c0718910f475570320941ef46.jpg?ver=1777379772","url":"https:\/\/www.proinca.es\/madridfansblog\/wp-content\/litespeed\/avatar\/ef51b25c0718910f475570320941ef46.jpg?ver=1777379772","contentUrl":"https:\/\/www.proinca.es\/madridfansblog\/wp-content\/litespeed\/avatar\/ef51b25c0718910f475570320941ef46.jpg?ver=1777379772","caption":"Ana Calero"},"description":"Licenciada en Ciencias Empresariales por la Universidad Aut\u00f3noma de Madrid. Forma parte del equipo de Apartamentos Proinca y es una enamorada de Madrid","sameAs":["https:\/\/www.proinca.es\/madridfansblog\/ana-calero\/"]}]}},"_links":{"self":[{"href":"https:\/\/www.proinca.es\/madridfansblog\/wp-json\/wp\/v2\/posts\/1783","targetHints":{"allow":["GET"]}}],"collection":[{"href":"https:\/\/www.proinca.es\/madridfansblog\/wp-json\/wp\/v2\/posts"}],"about":[{"href":"https:\/\/www.proinca.es\/madridfansblog\/wp-json\/wp\/v2\/types\/post"}],"author":[{"embeddable":true,"href":"https:\/\/www.proinca.es\/madridfansblog\/wp-json\/wp\/v2\/users\/4"}],"replies":[{"embeddable":true,"href":"https:\/\/www.proinca.es\/madridfansblog\/wp-json\/wp\/v2\/comments?post=1783"}],"version-history":[{"count":14,"href":"https:\/\/www.proinca.es\/madridfansblog\/wp-json\/wp\/v2\/posts\/1783\/revisions"}],"predecessor-version":[{"id":7664,"href":"https:\/\/www.proinca.es\/madridfansblog\/wp-json\/wp\/v2\/posts\/1783\/revisions\/7664"}],"wp:attachment":[{"href":"https:\/\/www.proinca.es\/madridfansblog\/wp-json\/wp\/v2\/media?parent=1783"}],"wp:term":[{"taxonomy":"category","embeddable":true,"href":"https:\/\/www.proinca.es\/madridfansblog\/wp-json\/wp\/v2\/categories?post=1783"},{"taxonomy":"post_tag","embeddable":true,"href":"https:\/\/www.proinca.es\/madridfansblog\/wp-json\/wp\/v2\/tags?post=1783"}],"curies":[{"name":"wp","href":"https:\/\/api.w.org\/{rel}","templated":true}]}}