{"id":2031,"date":"2014-01-03T11:01:57","date_gmt":"2014-01-03T10:01:57","guid":{"rendered":"http:\/\/www.proinca.es\/madridfansblog\/?p=2031"},"modified":"2025-05-28T13:46:24","modified_gmt":"2025-05-28T11:46:24","slug":"regalos-de-reyes-los-mercadillos-y-pop-ups-en-madrid","status":"publish","type":"post","link":"https:\/\/www.proinca.es\/madridfansblog\/regalos-de-reyes-los-mercadillos-y-pop-ups-en-madrid\/","title":{"rendered":"\u00bfA\u00daN A LA CAZA DE REGALOS DE REYES? LOS MERCADILLOS Y POP-UPS INVADEN MADRID"},"content":{"rendered":"<p>A los tradicionales <strong>mercadillos de Navidad<\/strong>\u00a0<strong>de Madrid<\/strong> se han unido este a\u00f1o decenas de <strong>pop-ups\u00a0<\/strong>y experiencias handmade que convierten la ciudad en un aut\u00e9ntico bazar donde encontrar el regalo de Reyes perfecto<!--more-->, desde el m\u00e1s tradicional bolso de cuero artesano a la \u00faltima tendencia en decoraci\u00f3n. En Madrid, estos d\u00edas, puedes comprar cualquier cosa.<\/p>\n<p>Entre las nuevas alternativas destaca Feeding Art, en Molino de Viento, 10, hasta el 12 de enero, un encuentro de j\u00f3venes artistas que apuesta por la artesan\u00eda local.<\/p>\n<p>Otro de los m\u00e1s peculiares es el Mercado de la Buena Vida, en el n\u00famero 26 de la calle Gobernador, dedicado a la biocultura y los productos ecol\u00f3gicos que abre sus puertas todos los fines de semana.<\/p>\n<p>En el Matadero de Madrid, hasta el 5 de enero, podr\u00e9is encontrar productos vanguardistas confeccionados por j\u00f3venes creadores. En esta misma l\u00ednea ten\u00e9is The Offline Store, tambi\u00e9n hasta el d\u00eda 5, en el n\u00famero 4 de Noviciado, donde cinco dise\u00f1adores que venden sus creaciones de forma online ocupan, provisionalmente, un espacio f\u00edsico.<\/p>\n<p>Entre lo m\u00e1s cool encontramos una pop-up: Madrid In Love, en el n\u00famero 10 de la calle Fernando VI, con magn\u00edficos objetos de decoraci\u00f3n (marcos, platos pintados a mano, etc.) y mobiliario vintage.<\/p>\n<p>Por \u00faltimo, dos citas muy suculentas: la Feria de Dise\u00f1o Independiente La Boca (Argumosa, 11), dedicado a los j\u00f3venes creadores e independientes, y Madrid Market (Escorial, 17).<\/p>\n<p>Aparte de los <strong>mercadillos y pop-ups navide\u00f1os<\/strong>, para no faltar a la tradici\u00f3n, este 2014 tambi\u00e9n podremos comprar nuestros regalos en los tradicionales mercados que atestan las principales plazas y arterias de <strong>Madrid<\/strong>, entre ellos, los m\u00edticos puestos de la Plaza Mayor, Moncloa, Nuevos Ministerios, Jacinto Benavente o Callao.<\/p>\n<p>\u00bfHab\u00e9is sido buenos? \u00a1Felices Reyes!<\/p>\n<p>Informaci\u00f3n patrocinada por\u00a0<strong><a title=\"Proinca. Pisos de alquiler en Madrid\" href=\"http:\/\/www.proinca.es\" target=\"_blank\" rel=\"noopener\">Proinca: pisos de alquiler en Madrid<\/a><\/strong><\/p>\n<p>Foto de Tomas Anton Escobar en Unsplash<\/p>\n\n\n<div class=\"kk-star-ratings kksr-auto kksr-align-left kksr-valign-bottom\"\n    data-payload='{&quot;align&quot;:&quot;left&quot;,&quot;id&quot;:&quot;2031&quot;,&quot;slug&quot;:&quot;default&quot;,&quot;valign&quot;:&quot;bottom&quot;,&quot;ignore&quot;:&quot;&quot;,&quot;reference&quot;:&quot;auto&quot;,&quot;class&quot;:&quot;&quot;,&quot;count&quot;:&quot;0&quot;,&quot;legendonly&quot;:&quot;&quot;,&quot;readonly&quot;:&quot;&quot;,&quot;score&quot;:&quot;0&quot;,&quot;starsonly&quot;:&quot;&quot;,&quot;best&quot;:&quot;5&quot;,&quot;gap&quot;:&quot;1&quot;,&quot;greet&quot;:&quot;Valora este art\u00edculo&quot;,&quot;legend&quot;:&quot;0\\\/5 - (0 votos)&quot;,&quot;size&quot;:&quot;24&quot;,&quot;title&quot;:&quot;\u00bfA\u00daN A LA CAZA DE REGALOS DE REYES? LOS MERCADILLOS Y POP-UPS INVADEN MADRID&quot;,&quot;width&quot;:&quot;0&quot;,&quot;_legend&quot;:&quot;{score}\\\/{best} - ({count} {votes})&quot;,&quot;font_factor&quot;:&quot;1.25&quot;}'>\n            \n<div class=\"kksr-stars\">\n    \n<div class=\"kksr-stars-inactive\">\n            <div class=\"kksr-star\" data-star=\"1\" style=\"padding-right: 1px\">\n            \n\n<div class=\"kksr-icon\" style=\"width: 24px; height: 24px;\"><\/div>\n        <\/div>\n            <div class=\"kksr-star\" data-star=\"2\" style=\"padding-right: 1px\">\n            \n\n<div class=\"kksr-icon\" style=\"width: 24px; height: 24px;\"><\/div>\n        <\/div>\n            <div class=\"kksr-star\" data-star=\"3\" style=\"padding-right: 1px\">\n            \n\n<div class=\"kksr-icon\" style=\"width: 24px; height: 24px;\"><\/div>\n        <\/div>\n            <div class=\"kksr-star\" data-star=\"4\" style=\"padding-right: 1px\">\n            \n\n<div class=\"kksr-icon\" style=\"width: 24px; height: 24px;\"><\/div>\n        <\/div>\n            <div class=\"kksr-star\" data-star=\"5\" style=\"padding-right: 1px\">\n            \n\n<div class=\"kksr-icon\" style=\"width: 24px; height: 24px;\"><\/div>\n        <\/div>\n    <\/div>\n    \n<div class=\"kksr-stars-active\" style=\"width: 0px;\">\n            <div class=\"kksr-star\" style=\"padding-right: 1px\">\n            \n\n<div class=\"kksr-icon\" style=\"width: 24px; height: 24px;\"><\/div>\n        <\/div>\n            <div class=\"kksr-star\" style=\"padding-right: 1px\">\n            \n\n<div class=\"kksr-icon\" style=\"width: 24px; height: 24px;\"><\/div>\n        <\/div>\n            <div class=\"kksr-star\" style=\"padding-right: 1px\">\n            \n\n<div class=\"kksr-icon\" style=\"width: 24px; height: 24px;\"><\/div>\n        <\/div>\n            <div class=\"kksr-star\" style=\"padding-right: 1px\">\n            \n\n<div class=\"kksr-icon\" style=\"width: 24px; height: 24px;\"><\/div>\n        <\/div>\n            <div class=\"kksr-star\" style=\"padding-right: 1px\">\n            \n\n<div class=\"kksr-icon\" style=\"width: 24px; height: 24px;\"><\/div>\n        <\/div>\n    <\/div>\n<\/div>\n                \n\n<div class=\"kksr-legend\" style=\"font-size: 19.2px;\">\n            <span class=\"kksr-muted\">Valora este art\u00edculo<\/span>\n    <\/div>\n    <\/div>\n","protected":false},"excerpt":{"rendered":"<p>A los tradicionales mercadillos de Navidad\u00a0de Madrid se han unido  [&#8230;]<\/p>\n","protected":false},"author":4,"featured_media":7100,"comment_status":"closed","ping_status":"closed","sticky":false,"template":"","format":"standard","meta":{"footnotes":""},"categories":[79],"tags":[36,63,5,69,20,43],"class_list":["post-2031","post","type-post","status-publish","format-standard","has-post-thumbnail","hentry","category-vivir-madrid","tag-afterwork","tag-cultura","tag-madrid","tag-navidad","tag-ocio","tag-shopping"],"yoast_head":"<!-- This site is optimized with the Yoast SEO plugin v27.4 - https:\/\/yoast.com\/product\/yoast-seo-wordpress\/ -->\n<title>Mercadillos y pop-ups navidad.Proinca pisos alquiler Madrid<\/title>\n<meta name=\"description\" content=\"Navidad 2013-2014. Visita los mercadillos y pop-ups m\u00e1s originales de Madrid para tus regalos de Reyes. Proinca Apartamentos de alquiler en Madrid\" \/>\n<meta name=\"robots\" content=\"index, follow, max-snippet:-1, max-image-preview:large, max-video-preview:-1\" \/>\n<link rel=\"canonical\" href=\"https:\/\/www.proinca.es\/madridfansblog\/regalos-de-reyes-los-mercadillos-y-pop-ups-en-madrid\/\" \/>\n<meta property=\"og:locale\" content=\"es_ES\" \/>\n<meta property=\"og:type\" content=\"article\" \/>\n<meta property=\"og:title\" content=\"Mercadillos y pop-ups navidad.Proinca pisos alquiler Madrid\" \/>\n<meta property=\"og:description\" content=\"Navidad 2013-2014. Visita los mercadillos y pop-ups m\u00e1s originales de Madrid para tus regalos de Reyes. Proinca Apartamentos de alquiler en Madrid\" \/>\n<meta property=\"og:url\" content=\"https:\/\/www.proinca.es\/madridfansblog\/regalos-de-reyes-los-mercadillos-y-pop-ups-en-madrid\/\" \/>\n<meta property=\"og:site_name\" content=\"Blog Proinca Madrid\" \/>\n<meta property=\"article:published_time\" content=\"2014-01-03T10:01:57+00:00\" \/>\n<meta property=\"article:modified_time\" content=\"2025-05-28T11:46:24+00:00\" \/>\n<meta property=\"og:image\" content=\"https:\/\/www.proinca.es\/madridfansblog\/wp-content\/uploads\/2014\/01\/mercadillos-regalos-reyes.jpg\" \/>\n\t<meta property=\"og:image:width\" content=\"1000\" \/>\n\t<meta property=\"og:image:height\" content=\"667\" \/>\n\t<meta property=\"og:image:type\" content=\"image\/jpeg\" \/>\n<meta name=\"author\" content=\"Ana Calero\" \/>\n<script type=\"application\/ld+json\" class=\"yoast-schema-graph\">{\"@context\":\"https:\\\/\\\/schema.org\",\"@graph\":[{\"@type\":\"Article\",\"@id\":\"https:\\\/\\\/www.proinca.es\\\/madridfansblog\\\/regalos-de-reyes-los-mercadillos-y-pop-ups-en-madrid\\\/#article\",\"isPartOf\":{\"@id\":\"https:\\\/\\\/www.proinca.es\\\/madridfansblog\\\/regalos-de-reyes-los-mercadillos-y-pop-ups-en-madrid\\\/\"},\"author\":{\"name\":\"Ana Calero\",\"@id\":\"https:\\\/\\\/www.proinca.es\\\/madridfansblog\\\/#\\\/schema\\\/person\\\/8401adc89c0a0f5a3574c43326247f1e\"},\"headline\":\"\u00bfA\u00daN A LA CAZA DE REGALOS DE REYES? LOS MERCADILLOS Y POP-UPS INVADEN MADRID\",\"datePublished\":\"2014-01-03T10:01:57+00:00\",\"dateModified\":\"2025-05-28T11:46:24+00:00\",\"mainEntityOfPage\":{\"@id\":\"https:\\\/\\\/www.proinca.es\\\/madridfansblog\\\/regalos-de-reyes-los-mercadillos-y-pop-ups-en-madrid\\\/\"},\"wordCount\":339,\"publisher\":{\"@id\":\"https:\\\/\\\/www.proinca.es\\\/madridfansblog\\\/#organization\"},\"image\":{\"@id\":\"https:\\\/\\\/www.proinca.es\\\/madridfansblog\\\/regalos-de-reyes-los-mercadillos-y-pop-ups-en-madrid\\\/#primaryimage\"},\"thumbnailUrl\":\"https:\\\/\\\/www.proinca.es\\\/madridfansblog\\\/wp-content\\\/uploads\\\/2014\\\/01\\\/mercadillos-regalos-reyes.jpg\",\"keywords\":[\"Afterwork\",\"Cultura\",\"Madrid\",\"Navidad\",\"Ocio\",\"Shopping\"],\"articleSection\":[\"VIVIR MADRID\"],\"inLanguage\":\"es\"},{\"@type\":\"WebPage\",\"@id\":\"https:\\\/\\\/www.proinca.es\\\/madridfansblog\\\/regalos-de-reyes-los-mercadillos-y-pop-ups-en-madrid\\\/\",\"url\":\"https:\\\/\\\/www.proinca.es\\\/madridfansblog\\\/regalos-de-reyes-los-mercadillos-y-pop-ups-en-madrid\\\/\",\"name\":\"Mercadillos y pop-ups navidad.Proinca pisos alquiler Madrid\",\"isPartOf\":{\"@id\":\"https:\\\/\\\/www.proinca.es\\\/madridfansblog\\\/#website\"},\"primaryImageOfPage\":{\"@id\":\"https:\\\/\\\/www.proinca.es\\\/madridfansblog\\\/regalos-de-reyes-los-mercadillos-y-pop-ups-en-madrid\\\/#primaryimage\"},\"image\":{\"@id\":\"https:\\\/\\\/www.proinca.es\\\/madridfansblog\\\/regalos-de-reyes-los-mercadillos-y-pop-ups-en-madrid\\\/#primaryimage\"},\"thumbnailUrl\":\"https:\\\/\\\/www.proinca.es\\\/madridfansblog\\\/wp-content\\\/uploads\\\/2014\\\/01\\\/mercadillos-regalos-reyes.jpg\",\"datePublished\":\"2014-01-03T10:01:57+00:00\",\"dateModified\":\"2025-05-28T11:46:24+00:00\",\"description\":\"Navidad 2013-2014. Visita los mercadillos y pop-ups m\u00e1s originales de Madrid para tus regalos de Reyes. Proinca Apartamentos de alquiler en Madrid\",\"inLanguage\":\"es\",\"potentialAction\":[{\"@type\":\"ReadAction\",\"target\":[\"https:\\\/\\\/www.proinca.es\\\/madridfansblog\\\/regalos-de-reyes-los-mercadillos-y-pop-ups-en-madrid\\\/\"]}]},{\"@type\":\"ImageObject\",\"inLanguage\":\"es\",\"@id\":\"https:\\\/\\\/www.proinca.es\\\/madridfansblog\\\/regalos-de-reyes-los-mercadillos-y-pop-ups-en-madrid\\\/#primaryimage\",\"url\":\"https:\\\/\\\/www.proinca.es\\\/madridfansblog\\\/wp-content\\\/uploads\\\/2014\\\/01\\\/mercadillos-regalos-reyes.jpg\",\"contentUrl\":\"https:\\\/\\\/www.proinca.es\\\/madridfansblog\\\/wp-content\\\/uploads\\\/2014\\\/01\\\/mercadillos-regalos-reyes.jpg\",\"width\":1000,\"height\":667,\"caption\":\"\u00bfA\u00fan a la caza de regalos de reyes? Los mercadillos y pop-ups invaden Madrid\"},{\"@type\":\"WebSite\",\"@id\":\"https:\\\/\\\/www.proinca.es\\\/madridfansblog\\\/#website\",\"url\":\"https:\\\/\\\/www.proinca.es\\\/madridfansblog\\\/\",\"name\":\"Madrid Fans Blog Proinca\",\"description\":\"Pisos y apartamentos de alquiler en Madrid\",\"publisher\":{\"@id\":\"https:\\\/\\\/www.proinca.es\\\/madridfansblog\\\/#organization\"},\"potentialAction\":[{\"@type\":\"SearchAction\",\"target\":{\"@type\":\"EntryPoint\",\"urlTemplate\":\"https:\\\/\\\/www.proinca.es\\\/madridfansblog\\\/?s={search_term_string}\"},\"query-input\":{\"@type\":\"PropertyValueSpecification\",\"valueRequired\":true,\"valueName\":\"search_term_string\"}}],\"inLanguage\":\"es\"},{\"@type\":\"Organization\",\"@id\":\"https:\\\/\\\/www.proinca.es\\\/madridfansblog\\\/#organization\",\"name\":\"Proinca\",\"url\":\"https:\\\/\\\/www.proinca.es\\\/madridfansblog\\\/\",\"logo\":{\"@type\":\"ImageObject\",\"inLanguage\":\"es\",\"@id\":\"https:\\\/\\\/www.proinca.es\\\/madridfansblog\\\/#\\\/schema\\\/logo\\\/image\\\/\",\"url\":\"https:\\\/\\\/www.proinca.es\\\/madridfansblog\\\/wp-content\\\/uploads\\\/2022\\\/03\\\/logo-proinca.jpg\",\"contentUrl\":\"https:\\\/\\\/www.proinca.es\\\/madridfansblog\\\/wp-content\\\/uploads\\\/2022\\\/03\\\/logo-proinca.jpg\",\"width\":522,\"height\":250,\"caption\":\"Proinca\"},\"image\":{\"@id\":\"https:\\\/\\\/www.proinca.es\\\/madridfansblog\\\/#\\\/schema\\\/logo\\\/image\\\/\"}},{\"@type\":\"Person\",\"@id\":\"https:\\\/\\\/www.proinca.es\\\/madridfansblog\\\/#\\\/schema\\\/person\\\/8401adc89c0a0f5a3574c43326247f1e\",\"name\":\"Ana Calero\",\"image\":{\"@type\":\"ImageObject\",\"inLanguage\":\"es\",\"@id\":\"https:\\\/\\\/www.proinca.es\\\/madridfansblog\\\/wp-content\\\/litespeed\\\/avatar\\\/ef51b25c0718910f475570320941ef46.jpg?ver=1777379772\",\"url\":\"https:\\\/\\\/www.proinca.es\\\/madridfansblog\\\/wp-content\\\/litespeed\\\/avatar\\\/ef51b25c0718910f475570320941ef46.jpg?ver=1777379772\",\"contentUrl\":\"https:\\\/\\\/www.proinca.es\\\/madridfansblog\\\/wp-content\\\/litespeed\\\/avatar\\\/ef51b25c0718910f475570320941ef46.jpg?ver=1777379772\",\"caption\":\"Ana Calero\"},\"description\":\"Licenciada en Ciencias Empresariales por la Universidad Aut\u00f3noma de Madrid. Forma parte del equipo de Apartamentos Proinca y es una enamorada de Madrid\",\"sameAs\":[\"https:\\\/\\\/www.proinca.es\\\/madridfansblog\\\/ana-calero\\\/\"]}]}<\/script>\n<!-- \/ Yoast SEO plugin. -->","yoast_head_json":{"title":"Mercadillos y pop-ups navidad.Proinca pisos alquiler Madrid","description":"Navidad 2013-2014. Visita los mercadillos y pop-ups m\u00e1s originales de Madrid para tus regalos de Reyes. Proinca Apartamentos de alquiler en Madrid","robots":{"index":"index","follow":"follow","max-snippet":"max-snippet:-1","max-image-preview":"max-image-preview:large","max-video-preview":"max-video-preview:-1"},"canonical":"https:\/\/www.proinca.es\/madridfansblog\/regalos-de-reyes-los-mercadillos-y-pop-ups-en-madrid\/","og_locale":"es_ES","og_type":"article","og_title":"Mercadillos y pop-ups navidad.Proinca pisos alquiler Madrid","og_description":"Navidad 2013-2014. Visita los mercadillos y pop-ups m\u00e1s originales de Madrid para tus regalos de Reyes. Proinca Apartamentos de alquiler en Madrid","og_url":"https:\/\/www.proinca.es\/madridfansblog\/regalos-de-reyes-los-mercadillos-y-pop-ups-en-madrid\/","og_site_name":"Blog Proinca Madrid","article_published_time":"2014-01-03T10:01:57+00:00","article_modified_time":"2025-05-28T11:46:24+00:00","og_image":[{"width":1000,"height":667,"url":"https:\/\/www.proinca.es\/madridfansblog\/wp-content\/uploads\/2014\/01\/mercadillos-regalos-reyes.jpg","type":"image\/jpeg"}],"author":"Ana Calero","schema":{"@context":"https:\/\/schema.org","@graph":[{"@type":"Article","@id":"https:\/\/www.proinca.es\/madridfansblog\/regalos-de-reyes-los-mercadillos-y-pop-ups-en-madrid\/#article","isPartOf":{"@id":"https:\/\/www.proinca.es\/madridfansblog\/regalos-de-reyes-los-mercadillos-y-pop-ups-en-madrid\/"},"author":{"name":"Ana Calero","@id":"https:\/\/www.proinca.es\/madridfansblog\/#\/schema\/person\/8401adc89c0a0f5a3574c43326247f1e"},"headline":"\u00bfA\u00daN A LA CAZA DE REGALOS DE REYES? LOS MERCADILLOS Y POP-UPS INVADEN MADRID","datePublished":"2014-01-03T10:01:57+00:00","dateModified":"2025-05-28T11:46:24+00:00","mainEntityOfPage":{"@id":"https:\/\/www.proinca.es\/madridfansblog\/regalos-de-reyes-los-mercadillos-y-pop-ups-en-madrid\/"},"wordCount":339,"publisher":{"@id":"https:\/\/www.proinca.es\/madridfansblog\/#organization"},"image":{"@id":"https:\/\/www.proinca.es\/madridfansblog\/regalos-de-reyes-los-mercadillos-y-pop-ups-en-madrid\/#primaryimage"},"thumbnailUrl":"https:\/\/www.proinca.es\/madridfansblog\/wp-content\/uploads\/2014\/01\/mercadillos-regalos-reyes.jpg","keywords":["Afterwork","Cultura","Madrid","Navidad","Ocio","Shopping"],"articleSection":["VIVIR MADRID"],"inLanguage":"es"},{"@type":"WebPage","@id":"https:\/\/www.proinca.es\/madridfansblog\/regalos-de-reyes-los-mercadillos-y-pop-ups-en-madrid\/","url":"https:\/\/www.proinca.es\/madridfansblog\/regalos-de-reyes-los-mercadillos-y-pop-ups-en-madrid\/","name":"Mercadillos y pop-ups navidad.Proinca pisos alquiler Madrid","isPartOf":{"@id":"https:\/\/www.proinca.es\/madridfansblog\/#website"},"primaryImageOfPage":{"@id":"https:\/\/www.proinca.es\/madridfansblog\/regalos-de-reyes-los-mercadillos-y-pop-ups-en-madrid\/#primaryimage"},"image":{"@id":"https:\/\/www.proinca.es\/madridfansblog\/regalos-de-reyes-los-mercadillos-y-pop-ups-en-madrid\/#primaryimage"},"thumbnailUrl":"https:\/\/www.proinca.es\/madridfansblog\/wp-content\/uploads\/2014\/01\/mercadillos-regalos-reyes.jpg","datePublished":"2014-01-03T10:01:57+00:00","dateModified":"2025-05-28T11:46:24+00:00","description":"Navidad 2013-2014. Visita los mercadillos y pop-ups m\u00e1s originales de Madrid para tus regalos de Reyes. Proinca Apartamentos de alquiler en Madrid","inLanguage":"es","potentialAction":[{"@type":"ReadAction","target":["https:\/\/www.proinca.es\/madridfansblog\/regalos-de-reyes-los-mercadillos-y-pop-ups-en-madrid\/"]}]},{"@type":"ImageObject","inLanguage":"es","@id":"https:\/\/www.proinca.es\/madridfansblog\/regalos-de-reyes-los-mercadillos-y-pop-ups-en-madrid\/#primaryimage","url":"https:\/\/www.proinca.es\/madridfansblog\/wp-content\/uploads\/2014\/01\/mercadillos-regalos-reyes.jpg","contentUrl":"https:\/\/www.proinca.es\/madridfansblog\/wp-content\/uploads\/2014\/01\/mercadillos-regalos-reyes.jpg","width":1000,"height":667,"caption":"\u00bfA\u00fan a la caza de regalos de reyes? Los mercadillos y pop-ups invaden Madrid"},{"@type":"WebSite","@id":"https:\/\/www.proinca.es\/madridfansblog\/#website","url":"https:\/\/www.proinca.es\/madridfansblog\/","name":"Madrid Fans Blog Proinca","description":"Pisos y apartamentos de alquiler en Madrid","publisher":{"@id":"https:\/\/www.proinca.es\/madridfansblog\/#organization"},"potentialAction":[{"@type":"SearchAction","target":{"@type":"EntryPoint","urlTemplate":"https:\/\/www.proinca.es\/madridfansblog\/?s={search_term_string}"},"query-input":{"@type":"PropertyValueSpecification","valueRequired":true,"valueName":"search_term_string"}}],"inLanguage":"es"},{"@type":"Organization","@id":"https:\/\/www.proinca.es\/madridfansblog\/#organization","name":"Proinca","url":"https:\/\/www.proinca.es\/madridfansblog\/","logo":{"@type":"ImageObject","inLanguage":"es","@id":"https:\/\/www.proinca.es\/madridfansblog\/#\/schema\/logo\/image\/","url":"https:\/\/www.proinca.es\/madridfansblog\/wp-content\/uploads\/2022\/03\/logo-proinca.jpg","contentUrl":"https:\/\/www.proinca.es\/madridfansblog\/wp-content\/uploads\/2022\/03\/logo-proinca.jpg","width":522,"height":250,"caption":"Proinca"},"image":{"@id":"https:\/\/www.proinca.es\/madridfansblog\/#\/schema\/logo\/image\/"}},{"@type":"Person","@id":"https:\/\/www.proinca.es\/madridfansblog\/#\/schema\/person\/8401adc89c0a0f5a3574c43326247f1e","name":"Ana Calero","image":{"@type":"ImageObject","inLanguage":"es","@id":"https:\/\/www.proinca.es\/madridfansblog\/wp-content\/litespeed\/avatar\/ef51b25c0718910f475570320941ef46.jpg?ver=1777379772","url":"https:\/\/www.proinca.es\/madridfansblog\/wp-content\/litespeed\/avatar\/ef51b25c0718910f475570320941ef46.jpg?ver=1777379772","contentUrl":"https:\/\/www.proinca.es\/madridfansblog\/wp-content\/litespeed\/avatar\/ef51b25c0718910f475570320941ef46.jpg?ver=1777379772","caption":"Ana Calero"},"description":"Licenciada en Ciencias Empresariales por la Universidad Aut\u00f3noma de Madrid. Forma parte del equipo de Apartamentos Proinca y es una enamorada de Madrid","sameAs":["https:\/\/www.proinca.es\/madridfansblog\/ana-calero\/"]}]}},"_links":{"self":[{"href":"https:\/\/www.proinca.es\/madridfansblog\/wp-json\/wp\/v2\/posts\/2031","targetHints":{"allow":["GET"]}}],"collection":[{"href":"https:\/\/www.proinca.es\/madridfansblog\/wp-json\/wp\/v2\/posts"}],"about":[{"href":"https:\/\/www.proinca.es\/madridfansblog\/wp-json\/wp\/v2\/types\/post"}],"author":[{"embeddable":true,"href":"https:\/\/www.proinca.es\/madridfansblog\/wp-json\/wp\/v2\/users\/4"}],"replies":[{"embeddable":true,"href":"https:\/\/www.proinca.es\/madridfansblog\/wp-json\/wp\/v2\/comments?post=2031"}],"version-history":[{"count":22,"href":"https:\/\/www.proinca.es\/madridfansblog\/wp-json\/wp\/v2\/posts\/2031\/revisions"}],"predecessor-version":[{"id":7543,"href":"https:\/\/www.proinca.es\/madridfansblog\/wp-json\/wp\/v2\/posts\/2031\/revisions\/7543"}],"wp:featuredmedia":[{"embeddable":true,"href":"https:\/\/www.proinca.es\/madridfansblog\/wp-json\/wp\/v2\/media\/7100"}],"wp:attachment":[{"href":"https:\/\/www.proinca.es\/madridfansblog\/wp-json\/wp\/v2\/media?parent=2031"}],"wp:term":[{"taxonomy":"category","embeddable":true,"href":"https:\/\/www.proinca.es\/madridfansblog\/wp-json\/wp\/v2\/categories?post=2031"},{"taxonomy":"post_tag","embeddable":true,"href":"https:\/\/www.proinca.es\/madridfansblog\/wp-json\/wp\/v2\/tags?post=2031"}],"curies":[{"name":"wp","href":"https:\/\/api.w.org\/{rel}","templated":true}]}}