{"id":2072,"date":"2014-01-13T10:31:00","date_gmt":"2014-01-13T09:31:00","guid":{"rendered":"http:\/\/www.proinca.es\/madridfansblog\/?p=2072"},"modified":"2025-05-28T16:00:29","modified_gmt":"2025-05-28T14:00:29","slug":"matadero-de-madrid-un-oasis-de-creatividad-y-cultura","status":"publish","type":"post","link":"https:\/\/www.proinca.es\/madridfansblog\/matadero-de-madrid-un-oasis-de-creatividad-y-cultura\/","title":{"rendered":"MATADERO DE MADRID: UN OASIS DE CREATIVIDAD Y CULTURA"},"content":{"rendered":"<p>Se autodenomina Centro de Creaci\u00f3n Contempor\u00e1nea, pero lo cierto es que se ha convertido en uno de los lugares m\u00e1s influyentes de Madrid, epicentro de la cultura m\u00e1s progresiva y lugar de encuentro para j\u00f3venes talentos<!--more-->, el <strong>Matadero de Madrid<\/strong> naci\u00f3 como <strong>centro cultural<\/strong> para finalmente convertirse en un oasis de creatividad, experimentaci\u00f3n y pensamiento positivo en el distrito de Arganzuela. Si a\u00fan no lo conoc\u00e9is, os lo recomendamos encarecidamente, sobre todo si brilla el sol, porque adem\u00e1s de visitar sus instalaciones y participar en las actividades que organiza el lugar, podr\u00e9is alquilar una bici para recorrer el cercano Madrid R\u00edo.<\/p>\n<p>Exposiciones, teatro, danza, talleres, jornadas informativas y la primera y \u00fanica sala espa\u00f1ola dedicada casi en exclusiva al cine de no ficci\u00f3n son algunas de las propuestas que nos ofrece este espacio con decenas de actividades y convocatorias de acceso gratuito.<\/p>\n<p>Por cierto, que a los amantes de la arquitectura urbana que se acerquen a sus inmediaciones por vez primera, el <strong>Matadero<\/strong> les reserva una sorpresa: su dise\u00f1o, ya que se trata de un edificio industrial de principios del siglo XX que hizo las veces de matadero municipal y mercado de ganados durante 70 a\u00f1os. De hecho, el centro fue reconocido en 2012 con el premio FAD de Arquitectura en la categor\u00eda de Edificio Industrial Recuperado.<\/p>\n<p>Si os quer\u00e9is enterar un poco m\u00e1s de la historia de este edificio y de c\u00f3mo fue su recuperaci\u00f3n, pod\u00e9is solicitar una de las visitas guiadas que ofrece el centro de forma gratuita, y una vez finalizada, gozar de unos momentos de relax en algunos de sus espacios al aire libre.<\/p>\n<p>Recordad que ahora tambi\u00e9n pod\u00e9is llevar en vuestro bolsillo toda la informaci\u00f3n acerca de los horarios y propuestas del <strong>Matadero de Madrid<\/strong>, el <strong>centro cultural<\/strong> que no te puedes perder a trav\u00e9s de su aplicaci\u00f3n m\u00f3vil.<\/p>\n<p>Informaci\u00f3n patrocinada por\u00a0<strong><a title=\"Proinca Pisos y apartamentos de alquiler en Madrid.Estancias largas o cortas\" href=\"http:\/\/www.proinca.es\" target=\"_blank\" rel=\"noopener\">Proinca: pisos de alquiler en Madrid<\/a><\/strong><\/p>\n<p>Foto de Jennifer Martin en Unsplash<\/p>\n\n\n<div class=\"kk-star-ratings kksr-auto kksr-align-left kksr-valign-bottom\"\n    data-payload='{&quot;align&quot;:&quot;left&quot;,&quot;id&quot;:&quot;2072&quot;,&quot;slug&quot;:&quot;default&quot;,&quot;valign&quot;:&quot;bottom&quot;,&quot;ignore&quot;:&quot;&quot;,&quot;reference&quot;:&quot;auto&quot;,&quot;class&quot;:&quot;&quot;,&quot;count&quot;:&quot;0&quot;,&quot;legendonly&quot;:&quot;&quot;,&quot;readonly&quot;:&quot;&quot;,&quot;score&quot;:&quot;0&quot;,&quot;starsonly&quot;:&quot;&quot;,&quot;best&quot;:&quot;5&quot;,&quot;gap&quot;:&quot;1&quot;,&quot;greet&quot;:&quot;Valora este art\u00edculo&quot;,&quot;legend&quot;:&quot;0\\\/5 - (0 votos)&quot;,&quot;size&quot;:&quot;24&quot;,&quot;title&quot;:&quot;MATADERO DE MADRID: UN OASIS DE CREATIVIDAD Y CULTURA&quot;,&quot;width&quot;:&quot;0&quot;,&quot;_legend&quot;:&quot;{score}\\\/{best} - ({count} {votes})&quot;,&quot;font_factor&quot;:&quot;1.25&quot;}'>\n            \n<div class=\"kksr-stars\">\n    \n<div class=\"kksr-stars-inactive\">\n            <div class=\"kksr-star\" data-star=\"1\" style=\"padding-right: 1px\">\n            \n\n<div class=\"kksr-icon\" style=\"width: 24px; height: 24px;\"><\/div>\n        <\/div>\n            <div class=\"kksr-star\" data-star=\"2\" style=\"padding-right: 1px\">\n            \n\n<div class=\"kksr-icon\" style=\"width: 24px; height: 24px;\"><\/div>\n        <\/div>\n            <div class=\"kksr-star\" data-star=\"3\" style=\"padding-right: 1px\">\n            \n\n<div class=\"kksr-icon\" style=\"width: 24px; height: 24px;\"><\/div>\n        <\/div>\n            <div class=\"kksr-star\" data-star=\"4\" style=\"padding-right: 1px\">\n            \n\n<div class=\"kksr-icon\" style=\"width: 24px; height: 24px;\"><\/div>\n        <\/div>\n            <div class=\"kksr-star\" data-star=\"5\" style=\"padding-right: 1px\">\n            \n\n<div class=\"kksr-icon\" style=\"width: 24px; height: 24px;\"><\/div>\n        <\/div>\n    <\/div>\n    \n<div class=\"kksr-stars-active\" style=\"width: 0px;\">\n            <div class=\"kksr-star\" style=\"padding-right: 1px\">\n            \n\n<div class=\"kksr-icon\" style=\"width: 24px; height: 24px;\"><\/div>\n        <\/div>\n            <div class=\"kksr-star\" style=\"padding-right: 1px\">\n            \n\n<div class=\"kksr-icon\" style=\"width: 24px; height: 24px;\"><\/div>\n        <\/div>\n            <div class=\"kksr-star\" style=\"padding-right: 1px\">\n            \n\n<div class=\"kksr-icon\" style=\"width: 24px; height: 24px;\"><\/div>\n        <\/div>\n            <div class=\"kksr-star\" style=\"padding-right: 1px\">\n            \n\n<div class=\"kksr-icon\" style=\"width: 24px; height: 24px;\"><\/div>\n        <\/div>\n            <div class=\"kksr-star\" style=\"padding-right: 1px\">\n            \n\n<div class=\"kksr-icon\" style=\"width: 24px; height: 24px;\"><\/div>\n        <\/div>\n    <\/div>\n<\/div>\n                \n\n<div class=\"kksr-legend\" style=\"font-size: 19.2px;\">\n            <span class=\"kksr-muted\">Valora este art\u00edculo<\/span>\n    <\/div>\n    <\/div>\n","protected":false},"excerpt":{"rendered":"<p>Se autodenomina Centro de Creaci\u00f3n Contempor\u00e1nea, pero lo cierto es  [&#8230;]<\/p>\n","protected":false},"author":4,"featured_media":7104,"comment_status":"closed","ping_status":"closed","sticky":false,"template":"","format":"standard","meta":{"footnotes":""},"categories":[79],"tags":[],"class_list":["post-2072","post","type-post","status-publish","format-standard","has-post-thumbnail","hentry","category-vivir-madrid"],"yoast_head":"<!-- This site is optimized with the Yoast SEO plugin v27.4 - https:\/\/yoast.com\/product\/yoast-seo-wordpress\/ -->\n<title>Centro Cultural El Matadero.Proinca pisos alquiler Madrid<\/title>\n<meta name=\"description\" content=\"El Centro cultural El Matadero de Madrid se ha convertido en un oasis de creatividad que no te puedes perder. Proinca Apartamentos de alquiler en Madrid.\" \/>\n<meta name=\"robots\" content=\"index, follow, max-snippet:-1, max-image-preview:large, max-video-preview:-1\" \/>\n<link rel=\"canonical\" href=\"https:\/\/www.proinca.es\/madridfansblog\/matadero-de-madrid-un-oasis-de-creatividad-y-cultura\/\" \/>\n<meta property=\"og:locale\" content=\"es_ES\" \/>\n<meta property=\"og:type\" content=\"article\" \/>\n<meta property=\"og:title\" content=\"Centro Cultural El Matadero.Proinca pisos alquiler Madrid\" \/>\n<meta property=\"og:description\" content=\"El Centro cultural El Matadero de Madrid se ha convertido en un oasis de creatividad que no te puedes perder. Proinca Apartamentos de alquiler en Madrid.\" \/>\n<meta property=\"og:url\" content=\"https:\/\/www.proinca.es\/madridfansblog\/matadero-de-madrid-un-oasis-de-creatividad-y-cultura\/\" \/>\n<meta property=\"og:site_name\" content=\"Blog Proinca Madrid\" \/>\n<meta property=\"article:published_time\" content=\"2014-01-13T09:31:00+00:00\" \/>\n<meta property=\"article:modified_time\" content=\"2025-05-28T14:00:29+00:00\" \/>\n<meta property=\"og:image\" content=\"https:\/\/www.proinca.es\/madridfansblog\/wp-content\/uploads\/2014\/01\/matadero-creatividad-y-cultura.jpg\" \/>\n\t<meta property=\"og:image:width\" content=\"1000\" \/>\n\t<meta property=\"og:image:height\" content=\"750\" \/>\n\t<meta property=\"og:image:type\" content=\"image\/jpeg\" \/>\n<meta name=\"author\" content=\"Ana Calero\" \/>\n<script type=\"application\/ld+json\" class=\"yoast-schema-graph\">{\"@context\":\"https:\\\/\\\/schema.org\",\"@graph\":[{\"@type\":\"Article\",\"@id\":\"https:\\\/\\\/www.proinca.es\\\/madridfansblog\\\/matadero-de-madrid-un-oasis-de-creatividad-y-cultura\\\/#article\",\"isPartOf\":{\"@id\":\"https:\\\/\\\/www.proinca.es\\\/madridfansblog\\\/matadero-de-madrid-un-oasis-de-creatividad-y-cultura\\\/\"},\"author\":{\"name\":\"Ana Calero\",\"@id\":\"https:\\\/\\\/www.proinca.es\\\/madridfansblog\\\/#\\\/schema\\\/person\\\/8401adc89c0a0f5a3574c43326247f1e\"},\"headline\":\"MATADERO DE MADRID: UN OASIS DE CREATIVIDAD Y CULTURA\",\"datePublished\":\"2014-01-13T09:31:00+00:00\",\"dateModified\":\"2025-05-28T14:00:29+00:00\",\"mainEntityOfPage\":{\"@id\":\"https:\\\/\\\/www.proinca.es\\\/madridfansblog\\\/matadero-de-madrid-un-oasis-de-creatividad-y-cultura\\\/\"},\"wordCount\":354,\"publisher\":{\"@id\":\"https:\\\/\\\/www.proinca.es\\\/madridfansblog\\\/#organization\"},\"image\":{\"@id\":\"https:\\\/\\\/www.proinca.es\\\/madridfansblog\\\/matadero-de-madrid-un-oasis-de-creatividad-y-cultura\\\/#primaryimage\"},\"thumbnailUrl\":\"https:\\\/\\\/www.proinca.es\\\/madridfansblog\\\/wp-content\\\/uploads\\\/2014\\\/01\\\/matadero-creatividad-y-cultura.jpg\",\"articleSection\":[\"VIVIR MADRID\"],\"inLanguage\":\"es\"},{\"@type\":\"WebPage\",\"@id\":\"https:\\\/\\\/www.proinca.es\\\/madridfansblog\\\/matadero-de-madrid-un-oasis-de-creatividad-y-cultura\\\/\",\"url\":\"https:\\\/\\\/www.proinca.es\\\/madridfansblog\\\/matadero-de-madrid-un-oasis-de-creatividad-y-cultura\\\/\",\"name\":\"Centro Cultural El Matadero.Proinca pisos alquiler Madrid\",\"isPartOf\":{\"@id\":\"https:\\\/\\\/www.proinca.es\\\/madridfansblog\\\/#website\"},\"primaryImageOfPage\":{\"@id\":\"https:\\\/\\\/www.proinca.es\\\/madridfansblog\\\/matadero-de-madrid-un-oasis-de-creatividad-y-cultura\\\/#primaryimage\"},\"image\":{\"@id\":\"https:\\\/\\\/www.proinca.es\\\/madridfansblog\\\/matadero-de-madrid-un-oasis-de-creatividad-y-cultura\\\/#primaryimage\"},\"thumbnailUrl\":\"https:\\\/\\\/www.proinca.es\\\/madridfansblog\\\/wp-content\\\/uploads\\\/2014\\\/01\\\/matadero-creatividad-y-cultura.jpg\",\"datePublished\":\"2014-01-13T09:31:00+00:00\",\"dateModified\":\"2025-05-28T14:00:29+00:00\",\"description\":\"El Centro cultural El Matadero de Madrid se ha convertido en un oasis de creatividad que no te puedes perder. Proinca Apartamentos de alquiler en Madrid.\",\"inLanguage\":\"es\",\"potentialAction\":[{\"@type\":\"ReadAction\",\"target\":[\"https:\\\/\\\/www.proinca.es\\\/madridfansblog\\\/matadero-de-madrid-un-oasis-de-creatividad-y-cultura\\\/\"]}]},{\"@type\":\"ImageObject\",\"inLanguage\":\"es\",\"@id\":\"https:\\\/\\\/www.proinca.es\\\/madridfansblog\\\/matadero-de-madrid-un-oasis-de-creatividad-y-cultura\\\/#primaryimage\",\"url\":\"https:\\\/\\\/www.proinca.es\\\/madridfansblog\\\/wp-content\\\/uploads\\\/2014\\\/01\\\/matadero-creatividad-y-cultura.jpg\",\"contentUrl\":\"https:\\\/\\\/www.proinca.es\\\/madridfansblog\\\/wp-content\\\/uploads\\\/2014\\\/01\\\/matadero-creatividad-y-cultura.jpg\",\"width\":1000,\"height\":750,\"caption\":\"Matadero de Madrid un oasis de creatividad y cultura\"},{\"@type\":\"WebSite\",\"@id\":\"https:\\\/\\\/www.proinca.es\\\/madridfansblog\\\/#website\",\"url\":\"https:\\\/\\\/www.proinca.es\\\/madridfansblog\\\/\",\"name\":\"Madrid Fans Blog Proinca\",\"description\":\"Pisos y apartamentos de alquiler en Madrid\",\"publisher\":{\"@id\":\"https:\\\/\\\/www.proinca.es\\\/madridfansblog\\\/#organization\"},\"potentialAction\":[{\"@type\":\"SearchAction\",\"target\":{\"@type\":\"EntryPoint\",\"urlTemplate\":\"https:\\\/\\\/www.proinca.es\\\/madridfansblog\\\/?s={search_term_string}\"},\"query-input\":{\"@type\":\"PropertyValueSpecification\",\"valueRequired\":true,\"valueName\":\"search_term_string\"}}],\"inLanguage\":\"es\"},{\"@type\":\"Organization\",\"@id\":\"https:\\\/\\\/www.proinca.es\\\/madridfansblog\\\/#organization\",\"name\":\"Proinca\",\"url\":\"https:\\\/\\\/www.proinca.es\\\/madridfansblog\\\/\",\"logo\":{\"@type\":\"ImageObject\",\"inLanguage\":\"es\",\"@id\":\"https:\\\/\\\/www.proinca.es\\\/madridfansblog\\\/#\\\/schema\\\/logo\\\/image\\\/\",\"url\":\"https:\\\/\\\/www.proinca.es\\\/madridfansblog\\\/wp-content\\\/uploads\\\/2022\\\/03\\\/logo-proinca.jpg\",\"contentUrl\":\"https:\\\/\\\/www.proinca.es\\\/madridfansblog\\\/wp-content\\\/uploads\\\/2022\\\/03\\\/logo-proinca.jpg\",\"width\":522,\"height\":250,\"caption\":\"Proinca\"},\"image\":{\"@id\":\"https:\\\/\\\/www.proinca.es\\\/madridfansblog\\\/#\\\/schema\\\/logo\\\/image\\\/\"}},{\"@type\":\"Person\",\"@id\":\"https:\\\/\\\/www.proinca.es\\\/madridfansblog\\\/#\\\/schema\\\/person\\\/8401adc89c0a0f5a3574c43326247f1e\",\"name\":\"Ana Calero\",\"image\":{\"@type\":\"ImageObject\",\"inLanguage\":\"es\",\"@id\":\"https:\\\/\\\/www.proinca.es\\\/madridfansblog\\\/wp-content\\\/litespeed\\\/avatar\\\/ef51b25c0718910f475570320941ef46.jpg?ver=1777379772\",\"url\":\"https:\\\/\\\/www.proinca.es\\\/madridfansblog\\\/wp-content\\\/litespeed\\\/avatar\\\/ef51b25c0718910f475570320941ef46.jpg?ver=1777379772\",\"contentUrl\":\"https:\\\/\\\/www.proinca.es\\\/madridfansblog\\\/wp-content\\\/litespeed\\\/avatar\\\/ef51b25c0718910f475570320941ef46.jpg?ver=1777379772\",\"caption\":\"Ana Calero\"},\"description\":\"Licenciada en Ciencias Empresariales por la Universidad Aut\u00f3noma de Madrid. Forma parte del equipo de Apartamentos Proinca y es una enamorada de Madrid\",\"sameAs\":[\"https:\\\/\\\/www.proinca.es\\\/madridfansblog\\\/ana-calero\\\/\"]}]}<\/script>\n<!-- \/ Yoast SEO plugin. -->","yoast_head_json":{"title":"Centro Cultural El Matadero.Proinca pisos alquiler Madrid","description":"El Centro cultural El Matadero de Madrid se ha convertido en un oasis de creatividad que no te puedes perder. Proinca Apartamentos de alquiler en Madrid.","robots":{"index":"index","follow":"follow","max-snippet":"max-snippet:-1","max-image-preview":"max-image-preview:large","max-video-preview":"max-video-preview:-1"},"canonical":"https:\/\/www.proinca.es\/madridfansblog\/matadero-de-madrid-un-oasis-de-creatividad-y-cultura\/","og_locale":"es_ES","og_type":"article","og_title":"Centro Cultural El Matadero.Proinca pisos alquiler Madrid","og_description":"El Centro cultural El Matadero de Madrid se ha convertido en un oasis de creatividad que no te puedes perder. Proinca Apartamentos de alquiler en Madrid.","og_url":"https:\/\/www.proinca.es\/madridfansblog\/matadero-de-madrid-un-oasis-de-creatividad-y-cultura\/","og_site_name":"Blog Proinca Madrid","article_published_time":"2014-01-13T09:31:00+00:00","article_modified_time":"2025-05-28T14:00:29+00:00","og_image":[{"width":1000,"height":750,"url":"https:\/\/www.proinca.es\/madridfansblog\/wp-content\/uploads\/2014\/01\/matadero-creatividad-y-cultura.jpg","type":"image\/jpeg"}],"author":"Ana Calero","schema":{"@context":"https:\/\/schema.org","@graph":[{"@type":"Article","@id":"https:\/\/www.proinca.es\/madridfansblog\/matadero-de-madrid-un-oasis-de-creatividad-y-cultura\/#article","isPartOf":{"@id":"https:\/\/www.proinca.es\/madridfansblog\/matadero-de-madrid-un-oasis-de-creatividad-y-cultura\/"},"author":{"name":"Ana Calero","@id":"https:\/\/www.proinca.es\/madridfansblog\/#\/schema\/person\/8401adc89c0a0f5a3574c43326247f1e"},"headline":"MATADERO DE MADRID: UN OASIS DE CREATIVIDAD Y CULTURA","datePublished":"2014-01-13T09:31:00+00:00","dateModified":"2025-05-28T14:00:29+00:00","mainEntityOfPage":{"@id":"https:\/\/www.proinca.es\/madridfansblog\/matadero-de-madrid-un-oasis-de-creatividad-y-cultura\/"},"wordCount":354,"publisher":{"@id":"https:\/\/www.proinca.es\/madridfansblog\/#organization"},"image":{"@id":"https:\/\/www.proinca.es\/madridfansblog\/matadero-de-madrid-un-oasis-de-creatividad-y-cultura\/#primaryimage"},"thumbnailUrl":"https:\/\/www.proinca.es\/madridfansblog\/wp-content\/uploads\/2014\/01\/matadero-creatividad-y-cultura.jpg","articleSection":["VIVIR MADRID"],"inLanguage":"es"},{"@type":"WebPage","@id":"https:\/\/www.proinca.es\/madridfansblog\/matadero-de-madrid-un-oasis-de-creatividad-y-cultura\/","url":"https:\/\/www.proinca.es\/madridfansblog\/matadero-de-madrid-un-oasis-de-creatividad-y-cultura\/","name":"Centro Cultural El Matadero.Proinca pisos alquiler Madrid","isPartOf":{"@id":"https:\/\/www.proinca.es\/madridfansblog\/#website"},"primaryImageOfPage":{"@id":"https:\/\/www.proinca.es\/madridfansblog\/matadero-de-madrid-un-oasis-de-creatividad-y-cultura\/#primaryimage"},"image":{"@id":"https:\/\/www.proinca.es\/madridfansblog\/matadero-de-madrid-un-oasis-de-creatividad-y-cultura\/#primaryimage"},"thumbnailUrl":"https:\/\/www.proinca.es\/madridfansblog\/wp-content\/uploads\/2014\/01\/matadero-creatividad-y-cultura.jpg","datePublished":"2014-01-13T09:31:00+00:00","dateModified":"2025-05-28T14:00:29+00:00","description":"El Centro cultural El Matadero de Madrid se ha convertido en un oasis de creatividad que no te puedes perder. Proinca Apartamentos de alquiler en Madrid.","inLanguage":"es","potentialAction":[{"@type":"ReadAction","target":["https:\/\/www.proinca.es\/madridfansblog\/matadero-de-madrid-un-oasis-de-creatividad-y-cultura\/"]}]},{"@type":"ImageObject","inLanguage":"es","@id":"https:\/\/www.proinca.es\/madridfansblog\/matadero-de-madrid-un-oasis-de-creatividad-y-cultura\/#primaryimage","url":"https:\/\/www.proinca.es\/madridfansblog\/wp-content\/uploads\/2014\/01\/matadero-creatividad-y-cultura.jpg","contentUrl":"https:\/\/www.proinca.es\/madridfansblog\/wp-content\/uploads\/2014\/01\/matadero-creatividad-y-cultura.jpg","width":1000,"height":750,"caption":"Matadero de Madrid un oasis de creatividad y cultura"},{"@type":"WebSite","@id":"https:\/\/www.proinca.es\/madridfansblog\/#website","url":"https:\/\/www.proinca.es\/madridfansblog\/","name":"Madrid Fans Blog Proinca","description":"Pisos y apartamentos de alquiler en Madrid","publisher":{"@id":"https:\/\/www.proinca.es\/madridfansblog\/#organization"},"potentialAction":[{"@type":"SearchAction","target":{"@type":"EntryPoint","urlTemplate":"https:\/\/www.proinca.es\/madridfansblog\/?s={search_term_string}"},"query-input":{"@type":"PropertyValueSpecification","valueRequired":true,"valueName":"search_term_string"}}],"inLanguage":"es"},{"@type":"Organization","@id":"https:\/\/www.proinca.es\/madridfansblog\/#organization","name":"Proinca","url":"https:\/\/www.proinca.es\/madridfansblog\/","logo":{"@type":"ImageObject","inLanguage":"es","@id":"https:\/\/www.proinca.es\/madridfansblog\/#\/schema\/logo\/image\/","url":"https:\/\/www.proinca.es\/madridfansblog\/wp-content\/uploads\/2022\/03\/logo-proinca.jpg","contentUrl":"https:\/\/www.proinca.es\/madridfansblog\/wp-content\/uploads\/2022\/03\/logo-proinca.jpg","width":522,"height":250,"caption":"Proinca"},"image":{"@id":"https:\/\/www.proinca.es\/madridfansblog\/#\/schema\/logo\/image\/"}},{"@type":"Person","@id":"https:\/\/www.proinca.es\/madridfansblog\/#\/schema\/person\/8401adc89c0a0f5a3574c43326247f1e","name":"Ana Calero","image":{"@type":"ImageObject","inLanguage":"es","@id":"https:\/\/www.proinca.es\/madridfansblog\/wp-content\/litespeed\/avatar\/ef51b25c0718910f475570320941ef46.jpg?ver=1777379772","url":"https:\/\/www.proinca.es\/madridfansblog\/wp-content\/litespeed\/avatar\/ef51b25c0718910f475570320941ef46.jpg?ver=1777379772","contentUrl":"https:\/\/www.proinca.es\/madridfansblog\/wp-content\/litespeed\/avatar\/ef51b25c0718910f475570320941ef46.jpg?ver=1777379772","caption":"Ana Calero"},"description":"Licenciada en Ciencias Empresariales por la Universidad Aut\u00f3noma de Madrid. Forma parte del equipo de Apartamentos Proinca y es una enamorada de Madrid","sameAs":["https:\/\/www.proinca.es\/madridfansblog\/ana-calero\/"]}]}},"_links":{"self":[{"href":"https:\/\/www.proinca.es\/madridfansblog\/wp-json\/wp\/v2\/posts\/2072","targetHints":{"allow":["GET"]}}],"collection":[{"href":"https:\/\/www.proinca.es\/madridfansblog\/wp-json\/wp\/v2\/posts"}],"about":[{"href":"https:\/\/www.proinca.es\/madridfansblog\/wp-json\/wp\/v2\/types\/post"}],"author":[{"embeddable":true,"href":"https:\/\/www.proinca.es\/madridfansblog\/wp-json\/wp\/v2\/users\/4"}],"replies":[{"embeddable":true,"href":"https:\/\/www.proinca.es\/madridfansblog\/wp-json\/wp\/v2\/comments?post=2072"}],"version-history":[{"count":22,"href":"https:\/\/www.proinca.es\/madridfansblog\/wp-json\/wp\/v2\/posts\/2072\/revisions"}],"predecessor-version":[{"id":7659,"href":"https:\/\/www.proinca.es\/madridfansblog\/wp-json\/wp\/v2\/posts\/2072\/revisions\/7659"}],"wp:featuredmedia":[{"embeddable":true,"href":"https:\/\/www.proinca.es\/madridfansblog\/wp-json\/wp\/v2\/media\/7104"}],"wp:attachment":[{"href":"https:\/\/www.proinca.es\/madridfansblog\/wp-json\/wp\/v2\/media?parent=2072"}],"wp:term":[{"taxonomy":"category","embeddable":true,"href":"https:\/\/www.proinca.es\/madridfansblog\/wp-json\/wp\/v2\/categories?post=2072"},{"taxonomy":"post_tag","embeddable":true,"href":"https:\/\/www.proinca.es\/madridfansblog\/wp-json\/wp\/v2\/tags?post=2072"}],"curies":[{"name":"wp","href":"https:\/\/api.w.org\/{rel}","templated":true}]}}