{"id":2100,"date":"2014-01-27T12:22:44","date_gmt":"2014-01-27T11:22:44","guid":{"rendered":"http:\/\/www.proinca.es\/madridfansblog\/?p=2100"},"modified":"2025-05-28T16:00:33","modified_gmt":"2025-05-28T14:00:33","slug":"mercado-de-motores-en-madrid-mercadillo-handmade","status":"publish","type":"post","link":"https:\/\/www.proinca.es\/madridfansblog\/mercado-de-motores-en-madrid-mercadillo-handmade\/","title":{"rendered":"AN\u00d3TATELO, ES \u00a1IMPERDIBLE!: MERCADO DE MOTORES EN MADRID"},"content":{"rendered":"<p>En tan solo un par de semanitas podremos disfrutar de nuevo de uno de los mejores <strong>mercadillos <em>handmade<\/em> de Madrid<\/strong>, el <strong>Mercado de Motores<\/strong>, una apuesta creativa que, para quienes a\u00fan no la conocen<!--more-->, comenz\u00f3 t\u00edmidamente hace apenas un par de a\u00f1os hasta convertirse, hoy en d\u00eda, en lugar de culto para los que adoran el ambiente informal de los cl\u00e1sicos mercadillos europeos, al m\u00e1s puro estilo londinense o berlin\u00e9s.<\/p>\n<p>Si sent\u00eds curiosidad, tan solo ten\u00e9is que acercaros al Museo del Ferrocarril (Paseo de las Delicias, 61) los d\u00edas 8 y 9 de febrero, la entrada es gratuita. S\u00ed, s\u00ed, hab\u00e9is le\u00eddo bien, las tripas del Museo del Ferrocarril son el escenario de esta cita que tiene lugar una vez al mes entre vagones antiguos y locomotoras de vapor, sin duda, esta peculiaridad es uno de los motivos por los que el <strong>Mercado de Motores<\/strong> se ha convertido en una aut\u00e9ntica rareza dentro de su g\u00e9nero.<\/p>\n<p>Y \u00bfqu\u00e9 os vais a encontrar all\u00ed? Todo tipo de complementos, piezas y muebles originales, gente guapa, comida, propuestas ecol\u00f3gicas y saludables, m\u00fasica y muchas sorpresas porque si algo llama la atenci\u00f3n de este lugar es la cantidad de gente creativa y motivada que encontrar\u00e1s por metro cuadrado.<\/p>\n<p>Animaos, si no hab\u00e9is estado, no sab\u00e9is lo que os est\u00e1is perdiendo, porque el Mercado de los Motores es algo m\u00e1s que decenas de puestecillos exclusivos, se ha convertido en una aut\u00e9ntica fiesta creativa.<\/p>\n<p>Por cierto, para los que os lo est\u00e9is preguntando, el Mercado de Motores debe su nombre a su ubicaci\u00f3n inicial, en una sala de motores de Metro de Madrid donde se concentraban un grupo de j\u00f3venes para vender sus propias creaciones, ya veis, al final, la iniciativa, se les fue de las manos en el mejor sentido de la expresi\u00f3n.<\/p>\n<p>An\u00f3talo en tu agenda. <strong>Mercado de Motores en Madrid<\/strong> 8 y 9 de Febrero 2014<\/p>\n<p>Informaci\u00f3n patrocinada por\u00a0<strong><a title=\"Apartamentos de alquiler en Madrid por meses, semanas o a\u00f1os\" href=\"http:\/\/www.proinca.es\" target=\"_blank\" rel=\"noopener\">Proinca: apartamentos de alquiler en Madrid<\/a><\/strong><\/p>\n<p>Foto de Philippe Tinembart en Unsplash<\/p>\n\n\n<div class=\"kk-star-ratings kksr-auto kksr-align-left kksr-valign-bottom\"\n    data-payload='{&quot;align&quot;:&quot;left&quot;,&quot;id&quot;:&quot;2100&quot;,&quot;slug&quot;:&quot;default&quot;,&quot;valign&quot;:&quot;bottom&quot;,&quot;ignore&quot;:&quot;&quot;,&quot;reference&quot;:&quot;auto&quot;,&quot;class&quot;:&quot;&quot;,&quot;count&quot;:&quot;0&quot;,&quot;legendonly&quot;:&quot;&quot;,&quot;readonly&quot;:&quot;&quot;,&quot;score&quot;:&quot;0&quot;,&quot;starsonly&quot;:&quot;&quot;,&quot;best&quot;:&quot;5&quot;,&quot;gap&quot;:&quot;1&quot;,&quot;greet&quot;:&quot;Valora este art\u00edculo&quot;,&quot;legend&quot;:&quot;0\\\/5 - (0 votos)&quot;,&quot;size&quot;:&quot;24&quot;,&quot;title&quot;:&quot;AN\u00d3TATELO, ES \u00a1IMPERDIBLE!: MERCADO DE MOTORES EN MADRID&quot;,&quot;width&quot;:&quot;0&quot;,&quot;_legend&quot;:&quot;{score}\\\/{best} - ({count} {votes})&quot;,&quot;font_factor&quot;:&quot;1.25&quot;}'>\n            \n<div class=\"kksr-stars\">\n    \n<div class=\"kksr-stars-inactive\">\n            <div class=\"kksr-star\" data-star=\"1\" style=\"padding-right: 1px\">\n            \n\n<div class=\"kksr-icon\" style=\"width: 24px; height: 24px;\"><\/div>\n        <\/div>\n            <div class=\"kksr-star\" data-star=\"2\" style=\"padding-right: 1px\">\n            \n\n<div class=\"kksr-icon\" style=\"width: 24px; height: 24px;\"><\/div>\n        <\/div>\n            <div class=\"kksr-star\" data-star=\"3\" style=\"padding-right: 1px\">\n            \n\n<div class=\"kksr-icon\" style=\"width: 24px; height: 24px;\"><\/div>\n        <\/div>\n            <div class=\"kksr-star\" data-star=\"4\" style=\"padding-right: 1px\">\n            \n\n<div class=\"kksr-icon\" style=\"width: 24px; height: 24px;\"><\/div>\n        <\/div>\n            <div class=\"kksr-star\" data-star=\"5\" style=\"padding-right: 1px\">\n            \n\n<div class=\"kksr-icon\" style=\"width: 24px; height: 24px;\"><\/div>\n        <\/div>\n    <\/div>\n    \n<div class=\"kksr-stars-active\" style=\"width: 0px;\">\n            <div class=\"kksr-star\" style=\"padding-right: 1px\">\n            \n\n<div class=\"kksr-icon\" style=\"width: 24px; height: 24px;\"><\/div>\n        <\/div>\n            <div class=\"kksr-star\" style=\"padding-right: 1px\">\n            \n\n<div class=\"kksr-icon\" style=\"width: 24px; height: 24px;\"><\/div>\n        <\/div>\n            <div class=\"kksr-star\" style=\"padding-right: 1px\">\n            \n\n<div class=\"kksr-icon\" style=\"width: 24px; height: 24px;\"><\/div>\n        <\/div>\n            <div class=\"kksr-star\" style=\"padding-right: 1px\">\n            \n\n<div class=\"kksr-icon\" style=\"width: 24px; height: 24px;\"><\/div>\n        <\/div>\n            <div class=\"kksr-star\" style=\"padding-right: 1px\">\n            \n\n<div class=\"kksr-icon\" style=\"width: 24px; height: 24px;\"><\/div>\n        <\/div>\n    <\/div>\n<\/div>\n                \n\n<div class=\"kksr-legend\" style=\"font-size: 19.2px;\">\n            <span class=\"kksr-muted\">Valora este art\u00edculo<\/span>\n    <\/div>\n    <\/div>\n","protected":false},"excerpt":{"rendered":"<p>En tan solo un par de semanitas podremos disfrutar de  [&#8230;]<\/p>\n","protected":false},"author":4,"featured_media":7106,"comment_status":"closed","ping_status":"closed","sticky":false,"template":"","format":"standard","meta":{"footnotes":""},"categories":[79],"tags":[],"class_list":["post-2100","post","type-post","status-publish","format-standard","has-post-thumbnail","hentry","category-vivir-madrid"],"yoast_head":"<!-- This site is optimized with the Yoast SEO plugin v27.4 - https:\/\/yoast.com\/product\/yoast-seo-wordpress\/ -->\n<title>Mercadillo handmade Motores.Proinca pisos alquiler Madrid<\/title>\n<meta name=\"description\" content=\"Vuelve el Mercado de Motores de Madrid ubicado en el Museo del Ferrocarril, el 8 y 9 de Febrero 2014.No te lo pierdas.Proinca Apartamentos de alquiler en Madrid\" \/>\n<meta name=\"robots\" content=\"index, follow, max-snippet:-1, max-image-preview:large, max-video-preview:-1\" \/>\n<link rel=\"canonical\" href=\"https:\/\/www.proinca.es\/madridfansblog\/mercado-de-motores-en-madrid-mercadillo-handmade\/\" \/>\n<meta property=\"og:locale\" content=\"es_ES\" \/>\n<meta property=\"og:type\" content=\"article\" \/>\n<meta property=\"og:title\" content=\"Mercadillo handmade Motores.Proinca pisos alquiler Madrid\" \/>\n<meta property=\"og:description\" content=\"Vuelve el Mercado de Motores de Madrid ubicado en el Museo del Ferrocarril, el 8 y 9 de Febrero 2014.No te lo pierdas.Proinca Apartamentos de alquiler en Madrid\" \/>\n<meta property=\"og:url\" content=\"https:\/\/www.proinca.es\/madridfansblog\/mercado-de-motores-en-madrid-mercadillo-handmade\/\" \/>\n<meta property=\"og:site_name\" content=\"Blog Proinca Madrid\" \/>\n<meta property=\"article:published_time\" content=\"2014-01-27T11:22:44+00:00\" \/>\n<meta property=\"article:modified_time\" content=\"2025-05-28T14:00:33+00:00\" \/>\n<meta property=\"og:image\" content=\"https:\/\/www.proinca.es\/madridfansblog\/wp-content\/uploads\/2014\/01\/mercado-motores.jpg\" \/>\n\t<meta property=\"og:image:width\" content=\"1000\" \/>\n\t<meta property=\"og:image:height\" content=\"1076\" \/>\n\t<meta property=\"og:image:type\" content=\"image\/jpeg\" \/>\n<meta name=\"author\" content=\"Ana Calero\" \/>\n<script type=\"application\/ld+json\" class=\"yoast-schema-graph\">{\"@context\":\"https:\\\/\\\/schema.org\",\"@graph\":[{\"@type\":\"Article\",\"@id\":\"https:\\\/\\\/www.proinca.es\\\/madridfansblog\\\/mercado-de-motores-en-madrid-mercadillo-handmade\\\/#article\",\"isPartOf\":{\"@id\":\"https:\\\/\\\/www.proinca.es\\\/madridfansblog\\\/mercado-de-motores-en-madrid-mercadillo-handmade\\\/\"},\"author\":{\"name\":\"Ana Calero\",\"@id\":\"https:\\\/\\\/www.proinca.es\\\/madridfansblog\\\/#\\\/schema\\\/person\\\/8401adc89c0a0f5a3574c43326247f1e\"},\"headline\":\"AN\u00d3TATELO, ES \u00a1IMPERDIBLE!: MERCADO DE MOTORES EN MADRID\",\"datePublished\":\"2014-01-27T11:22:44+00:00\",\"dateModified\":\"2025-05-28T14:00:33+00:00\",\"mainEntityOfPage\":{\"@id\":\"https:\\\/\\\/www.proinca.es\\\/madridfansblog\\\/mercado-de-motores-en-madrid-mercadillo-handmade\\\/\"},\"wordCount\":360,\"publisher\":{\"@id\":\"https:\\\/\\\/www.proinca.es\\\/madridfansblog\\\/#organization\"},\"image\":{\"@id\":\"https:\\\/\\\/www.proinca.es\\\/madridfansblog\\\/mercado-de-motores-en-madrid-mercadillo-handmade\\\/#primaryimage\"},\"thumbnailUrl\":\"https:\\\/\\\/www.proinca.es\\\/madridfansblog\\\/wp-content\\\/uploads\\\/2014\\\/01\\\/mercado-motores.jpg\",\"articleSection\":[\"VIVIR MADRID\"],\"inLanguage\":\"es\"},{\"@type\":\"WebPage\",\"@id\":\"https:\\\/\\\/www.proinca.es\\\/madridfansblog\\\/mercado-de-motores-en-madrid-mercadillo-handmade\\\/\",\"url\":\"https:\\\/\\\/www.proinca.es\\\/madridfansblog\\\/mercado-de-motores-en-madrid-mercadillo-handmade\\\/\",\"name\":\"Mercadillo handmade Motores.Proinca pisos alquiler Madrid\",\"isPartOf\":{\"@id\":\"https:\\\/\\\/www.proinca.es\\\/madridfansblog\\\/#website\"},\"primaryImageOfPage\":{\"@id\":\"https:\\\/\\\/www.proinca.es\\\/madridfansblog\\\/mercado-de-motores-en-madrid-mercadillo-handmade\\\/#primaryimage\"},\"image\":{\"@id\":\"https:\\\/\\\/www.proinca.es\\\/madridfansblog\\\/mercado-de-motores-en-madrid-mercadillo-handmade\\\/#primaryimage\"},\"thumbnailUrl\":\"https:\\\/\\\/www.proinca.es\\\/madridfansblog\\\/wp-content\\\/uploads\\\/2014\\\/01\\\/mercado-motores.jpg\",\"datePublished\":\"2014-01-27T11:22:44+00:00\",\"dateModified\":\"2025-05-28T14:00:33+00:00\",\"description\":\"Vuelve el Mercado de Motores de Madrid ubicado en el Museo del Ferrocarril, el 8 y 9 de Febrero 2014.No te lo pierdas.Proinca Apartamentos de alquiler en Madrid\",\"inLanguage\":\"es\",\"potentialAction\":[{\"@type\":\"ReadAction\",\"target\":[\"https:\\\/\\\/www.proinca.es\\\/madridfansblog\\\/mercado-de-motores-en-madrid-mercadillo-handmade\\\/\"]}]},{\"@type\":\"ImageObject\",\"inLanguage\":\"es\",\"@id\":\"https:\\\/\\\/www.proinca.es\\\/madridfansblog\\\/mercado-de-motores-en-madrid-mercadillo-handmade\\\/#primaryimage\",\"url\":\"https:\\\/\\\/www.proinca.es\\\/madridfansblog\\\/wp-content\\\/uploads\\\/2014\\\/01\\\/mercado-motores.jpg\",\"contentUrl\":\"https:\\\/\\\/www.proinca.es\\\/madridfansblog\\\/wp-content\\\/uploads\\\/2014\\\/01\\\/mercado-motores.jpg\",\"width\":1000,\"height\":1076,\"caption\":\"An\u00f3tatelo, es \u00a1imperdible!: mercado de motores en Madrid\"},{\"@type\":\"WebSite\",\"@id\":\"https:\\\/\\\/www.proinca.es\\\/madridfansblog\\\/#website\",\"url\":\"https:\\\/\\\/www.proinca.es\\\/madridfansblog\\\/\",\"name\":\"Madrid Fans Blog Proinca\",\"description\":\"Pisos y apartamentos de alquiler en Madrid\",\"publisher\":{\"@id\":\"https:\\\/\\\/www.proinca.es\\\/madridfansblog\\\/#organization\"},\"potentialAction\":[{\"@type\":\"SearchAction\",\"target\":{\"@type\":\"EntryPoint\",\"urlTemplate\":\"https:\\\/\\\/www.proinca.es\\\/madridfansblog\\\/?s={search_term_string}\"},\"query-input\":{\"@type\":\"PropertyValueSpecification\",\"valueRequired\":true,\"valueName\":\"search_term_string\"}}],\"inLanguage\":\"es\"},{\"@type\":\"Organization\",\"@id\":\"https:\\\/\\\/www.proinca.es\\\/madridfansblog\\\/#organization\",\"name\":\"Proinca\",\"url\":\"https:\\\/\\\/www.proinca.es\\\/madridfansblog\\\/\",\"logo\":{\"@type\":\"ImageObject\",\"inLanguage\":\"es\",\"@id\":\"https:\\\/\\\/www.proinca.es\\\/madridfansblog\\\/#\\\/schema\\\/logo\\\/image\\\/\",\"url\":\"https:\\\/\\\/www.proinca.es\\\/madridfansblog\\\/wp-content\\\/uploads\\\/2022\\\/03\\\/logo-proinca.jpg\",\"contentUrl\":\"https:\\\/\\\/www.proinca.es\\\/madridfansblog\\\/wp-content\\\/uploads\\\/2022\\\/03\\\/logo-proinca.jpg\",\"width\":522,\"height\":250,\"caption\":\"Proinca\"},\"image\":{\"@id\":\"https:\\\/\\\/www.proinca.es\\\/madridfansblog\\\/#\\\/schema\\\/logo\\\/image\\\/\"}},{\"@type\":\"Person\",\"@id\":\"https:\\\/\\\/www.proinca.es\\\/madridfansblog\\\/#\\\/schema\\\/person\\\/8401adc89c0a0f5a3574c43326247f1e\",\"name\":\"Ana Calero\",\"image\":{\"@type\":\"ImageObject\",\"inLanguage\":\"es\",\"@id\":\"https:\\\/\\\/www.proinca.es\\\/madridfansblog\\\/wp-content\\\/litespeed\\\/avatar\\\/ef51b25c0718910f475570320941ef46.jpg?ver=1777379772\",\"url\":\"https:\\\/\\\/www.proinca.es\\\/madridfansblog\\\/wp-content\\\/litespeed\\\/avatar\\\/ef51b25c0718910f475570320941ef46.jpg?ver=1777379772\",\"contentUrl\":\"https:\\\/\\\/www.proinca.es\\\/madridfansblog\\\/wp-content\\\/litespeed\\\/avatar\\\/ef51b25c0718910f475570320941ef46.jpg?ver=1777379772\",\"caption\":\"Ana Calero\"},\"description\":\"Licenciada en Ciencias Empresariales por la Universidad Aut\u00f3noma de Madrid. Forma parte del equipo de Apartamentos Proinca y es una enamorada de Madrid\",\"sameAs\":[\"https:\\\/\\\/www.proinca.es\\\/madridfansblog\\\/ana-calero\\\/\"]}]}<\/script>\n<!-- \/ Yoast SEO plugin. -->","yoast_head_json":{"title":"Mercadillo handmade Motores.Proinca pisos alquiler Madrid","description":"Vuelve el Mercado de Motores de Madrid ubicado en el Museo del Ferrocarril, el 8 y 9 de Febrero 2014.No te lo pierdas.Proinca Apartamentos de alquiler en Madrid","robots":{"index":"index","follow":"follow","max-snippet":"max-snippet:-1","max-image-preview":"max-image-preview:large","max-video-preview":"max-video-preview:-1"},"canonical":"https:\/\/www.proinca.es\/madridfansblog\/mercado-de-motores-en-madrid-mercadillo-handmade\/","og_locale":"es_ES","og_type":"article","og_title":"Mercadillo handmade Motores.Proinca pisos alquiler Madrid","og_description":"Vuelve el Mercado de Motores de Madrid ubicado en el Museo del Ferrocarril, el 8 y 9 de Febrero 2014.No te lo pierdas.Proinca Apartamentos de alquiler en Madrid","og_url":"https:\/\/www.proinca.es\/madridfansblog\/mercado-de-motores-en-madrid-mercadillo-handmade\/","og_site_name":"Blog Proinca Madrid","article_published_time":"2014-01-27T11:22:44+00:00","article_modified_time":"2025-05-28T14:00:33+00:00","og_image":[{"width":1000,"height":1076,"url":"https:\/\/www.proinca.es\/madridfansblog\/wp-content\/uploads\/2014\/01\/mercado-motores.jpg","type":"image\/jpeg"}],"author":"Ana Calero","schema":{"@context":"https:\/\/schema.org","@graph":[{"@type":"Article","@id":"https:\/\/www.proinca.es\/madridfansblog\/mercado-de-motores-en-madrid-mercadillo-handmade\/#article","isPartOf":{"@id":"https:\/\/www.proinca.es\/madridfansblog\/mercado-de-motores-en-madrid-mercadillo-handmade\/"},"author":{"name":"Ana Calero","@id":"https:\/\/www.proinca.es\/madridfansblog\/#\/schema\/person\/8401adc89c0a0f5a3574c43326247f1e"},"headline":"AN\u00d3TATELO, ES \u00a1IMPERDIBLE!: MERCADO DE MOTORES EN MADRID","datePublished":"2014-01-27T11:22:44+00:00","dateModified":"2025-05-28T14:00:33+00:00","mainEntityOfPage":{"@id":"https:\/\/www.proinca.es\/madridfansblog\/mercado-de-motores-en-madrid-mercadillo-handmade\/"},"wordCount":360,"publisher":{"@id":"https:\/\/www.proinca.es\/madridfansblog\/#organization"},"image":{"@id":"https:\/\/www.proinca.es\/madridfansblog\/mercado-de-motores-en-madrid-mercadillo-handmade\/#primaryimage"},"thumbnailUrl":"https:\/\/www.proinca.es\/madridfansblog\/wp-content\/uploads\/2014\/01\/mercado-motores.jpg","articleSection":["VIVIR MADRID"],"inLanguage":"es"},{"@type":"WebPage","@id":"https:\/\/www.proinca.es\/madridfansblog\/mercado-de-motores-en-madrid-mercadillo-handmade\/","url":"https:\/\/www.proinca.es\/madridfansblog\/mercado-de-motores-en-madrid-mercadillo-handmade\/","name":"Mercadillo handmade Motores.Proinca pisos alquiler Madrid","isPartOf":{"@id":"https:\/\/www.proinca.es\/madridfansblog\/#website"},"primaryImageOfPage":{"@id":"https:\/\/www.proinca.es\/madridfansblog\/mercado-de-motores-en-madrid-mercadillo-handmade\/#primaryimage"},"image":{"@id":"https:\/\/www.proinca.es\/madridfansblog\/mercado-de-motores-en-madrid-mercadillo-handmade\/#primaryimage"},"thumbnailUrl":"https:\/\/www.proinca.es\/madridfansblog\/wp-content\/uploads\/2014\/01\/mercado-motores.jpg","datePublished":"2014-01-27T11:22:44+00:00","dateModified":"2025-05-28T14:00:33+00:00","description":"Vuelve el Mercado de Motores de Madrid ubicado en el Museo del Ferrocarril, el 8 y 9 de Febrero 2014.No te lo pierdas.Proinca Apartamentos de alquiler en Madrid","inLanguage":"es","potentialAction":[{"@type":"ReadAction","target":["https:\/\/www.proinca.es\/madridfansblog\/mercado-de-motores-en-madrid-mercadillo-handmade\/"]}]},{"@type":"ImageObject","inLanguage":"es","@id":"https:\/\/www.proinca.es\/madridfansblog\/mercado-de-motores-en-madrid-mercadillo-handmade\/#primaryimage","url":"https:\/\/www.proinca.es\/madridfansblog\/wp-content\/uploads\/2014\/01\/mercado-motores.jpg","contentUrl":"https:\/\/www.proinca.es\/madridfansblog\/wp-content\/uploads\/2014\/01\/mercado-motores.jpg","width":1000,"height":1076,"caption":"An\u00f3tatelo, es \u00a1imperdible!: mercado de motores en Madrid"},{"@type":"WebSite","@id":"https:\/\/www.proinca.es\/madridfansblog\/#website","url":"https:\/\/www.proinca.es\/madridfansblog\/","name":"Madrid Fans Blog Proinca","description":"Pisos y apartamentos de alquiler en Madrid","publisher":{"@id":"https:\/\/www.proinca.es\/madridfansblog\/#organization"},"potentialAction":[{"@type":"SearchAction","target":{"@type":"EntryPoint","urlTemplate":"https:\/\/www.proinca.es\/madridfansblog\/?s={search_term_string}"},"query-input":{"@type":"PropertyValueSpecification","valueRequired":true,"valueName":"search_term_string"}}],"inLanguage":"es"},{"@type":"Organization","@id":"https:\/\/www.proinca.es\/madridfansblog\/#organization","name":"Proinca","url":"https:\/\/www.proinca.es\/madridfansblog\/","logo":{"@type":"ImageObject","inLanguage":"es","@id":"https:\/\/www.proinca.es\/madridfansblog\/#\/schema\/logo\/image\/","url":"https:\/\/www.proinca.es\/madridfansblog\/wp-content\/uploads\/2022\/03\/logo-proinca.jpg","contentUrl":"https:\/\/www.proinca.es\/madridfansblog\/wp-content\/uploads\/2022\/03\/logo-proinca.jpg","width":522,"height":250,"caption":"Proinca"},"image":{"@id":"https:\/\/www.proinca.es\/madridfansblog\/#\/schema\/logo\/image\/"}},{"@type":"Person","@id":"https:\/\/www.proinca.es\/madridfansblog\/#\/schema\/person\/8401adc89c0a0f5a3574c43326247f1e","name":"Ana Calero","image":{"@type":"ImageObject","inLanguage":"es","@id":"https:\/\/www.proinca.es\/madridfansblog\/wp-content\/litespeed\/avatar\/ef51b25c0718910f475570320941ef46.jpg?ver=1777379772","url":"https:\/\/www.proinca.es\/madridfansblog\/wp-content\/litespeed\/avatar\/ef51b25c0718910f475570320941ef46.jpg?ver=1777379772","contentUrl":"https:\/\/www.proinca.es\/madridfansblog\/wp-content\/litespeed\/avatar\/ef51b25c0718910f475570320941ef46.jpg?ver=1777379772","caption":"Ana Calero"},"description":"Licenciada en Ciencias Empresariales por la Universidad Aut\u00f3noma de Madrid. Forma parte del equipo de Apartamentos Proinca y es una enamorada de Madrid","sameAs":["https:\/\/www.proinca.es\/madridfansblog\/ana-calero\/"]}]}},"_links":{"self":[{"href":"https:\/\/www.proinca.es\/madridfansblog\/wp-json\/wp\/v2\/posts\/2100","targetHints":{"allow":["GET"]}}],"collection":[{"href":"https:\/\/www.proinca.es\/madridfansblog\/wp-json\/wp\/v2\/posts"}],"about":[{"href":"https:\/\/www.proinca.es\/madridfansblog\/wp-json\/wp\/v2\/types\/post"}],"author":[{"embeddable":true,"href":"https:\/\/www.proinca.es\/madridfansblog\/wp-json\/wp\/v2\/users\/4"}],"replies":[{"embeddable":true,"href":"https:\/\/www.proinca.es\/madridfansblog\/wp-json\/wp\/v2\/comments?post=2100"}],"version-history":[{"count":18,"href":"https:\/\/www.proinca.es\/madridfansblog\/wp-json\/wp\/v2\/posts\/2100\/revisions"}],"predecessor-version":[{"id":7658,"href":"https:\/\/www.proinca.es\/madridfansblog\/wp-json\/wp\/v2\/posts\/2100\/revisions\/7658"}],"wp:featuredmedia":[{"embeddable":true,"href":"https:\/\/www.proinca.es\/madridfansblog\/wp-json\/wp\/v2\/media\/7106"}],"wp:attachment":[{"href":"https:\/\/www.proinca.es\/madridfansblog\/wp-json\/wp\/v2\/media?parent=2100"}],"wp:term":[{"taxonomy":"category","embeddable":true,"href":"https:\/\/www.proinca.es\/madridfansblog\/wp-json\/wp\/v2\/categories?post=2100"},{"taxonomy":"post_tag","embeddable":true,"href":"https:\/\/www.proinca.es\/madridfansblog\/wp-json\/wp\/v2\/tags?post=2100"}],"curies":[{"name":"wp","href":"https:\/\/api.w.org\/{rel}","templated":true}]}}