{"id":2147,"date":"2014-02-11T13:50:18","date_gmt":"2014-02-11T12:50:18","guid":{"rendered":"http:\/\/www.proinca.es\/madridfansblog\/?p=2147"},"modified":"2025-05-28T16:00:42","modified_gmt":"2025-05-28T14:00:42","slug":"casa-museo-lope-de-vega-madrid","status":"publish","type":"post","link":"https:\/\/www.proinca.es\/madridfansblog\/casa-museo-lope-de-vega-madrid\/","title":{"rendered":"\u00bfPERO QUE A\u00daN NO HAS VISITADO LA CASA MUSEO DE LOPE DE VEGA EN MADRID?"},"content":{"rendered":"<p>Lo realmente fascinante de la ciudad de <strong>Madrid<\/strong> es que cuando crees haberlo visto todo, te sorprendes descubriendo cosas nuevas, rincones repletos de encanto e historia que pasan desapercibidos a la sombra del Palacio Real, el Museo del Prado o la emblem\u00e1tica Cibeles<!--more--> La <strong>Casa Museo Lope de Vega<\/strong> (1562-1635) es uno de esos lugares. Situada en el coraz\u00f3n del Barrio de las Letras, la vivienda en la que el genial escritor pas\u00f3 sus \u00faltimos 25 a\u00f1os de vida permanece abierta al p\u00fablico tal y como la dej\u00f3: mobiliario, obras editoriales, cuadros y un sinf\u00edn de utensilios de la vida cotidiana de por aquel entonces que nos devuelven al Siglo de Oro de las letras espa\u00f1olas.<\/p>\n<p>El edificio que alberga la Casa Museo data del siglo XVI y si bien es cierto que resulta poco atractivo desde el exterior, pues su fachada es de ladrillo, el interior mantiene el encanto de un inmueble madrile\u00f1o propio de la \u00e9poca, con un oratorio, estudio, cocina, comedor, cuarto de criadas y el dormitorio donde yaci\u00f3 el escritor, entre otras dependencias.<\/p>\n<p>La Real Academia Espa\u00f1ola de la Lengua es la encargada, junto a la Comunidad de Madrid, de mantener la casa y gestionar el r\u00e9gimen de visitas del Museo, sita en calle de Cervantes n\u00famero 11.<\/p>\n<p>Por cierto, a los interesados en esta excepcional visita, un consejo: unos d\u00edas antes de concertar la cita, desempolvad los cl\u00e1sicos, <em>Fuenteovejuna<\/em>, <em>La Dorotea<\/em> o <em>El perro del hortelano<\/em> os dejar\u00e1n un buen sabor de boca al que poner la guinda perfecta con una tarde de libro en la casa donde vivi\u00f3 y muri\u00f3 su autor.<\/p>\n<p>El horario: de martes a domingo de 10,00 a 15,00 h.<br \/>\nLa entrada es gratuita.<br \/>\nImportante: Es necesario reservar en el 91 429 92 16 o a trav\u00e9s de esta direcci\u00f3n email: casamuseolopedevega@madrid.org<\/p>\n<p>As\u00ed disfrutar de<strong> Madrid<\/strong> y de un gran escritor como <strong>Lope de Vega<\/strong>, no puede ser m\u00e1s f\u00e1cil.<\/p>\n<p>Informaci\u00f3n patrocinada por\u00a0<strong><a title=\"Apartamentos de alquiler en Madrid\" href=\"http:\/\/www.proinca.es\">Proinca: apartamentos de alquiler en Madrid<\/a><\/strong><\/p>\n<p>Fuente imagen: www.todocoleccion.net<\/p>\n\n\n<div class=\"kk-star-ratings kksr-auto kksr-align-left kksr-valign-bottom\"\n    data-payload='{&quot;align&quot;:&quot;left&quot;,&quot;id&quot;:&quot;2147&quot;,&quot;slug&quot;:&quot;default&quot;,&quot;valign&quot;:&quot;bottom&quot;,&quot;ignore&quot;:&quot;&quot;,&quot;reference&quot;:&quot;auto&quot;,&quot;class&quot;:&quot;&quot;,&quot;count&quot;:&quot;0&quot;,&quot;legendonly&quot;:&quot;&quot;,&quot;readonly&quot;:&quot;&quot;,&quot;score&quot;:&quot;0&quot;,&quot;starsonly&quot;:&quot;&quot;,&quot;best&quot;:&quot;5&quot;,&quot;gap&quot;:&quot;1&quot;,&quot;greet&quot;:&quot;Valora este art\u00edculo&quot;,&quot;legend&quot;:&quot;0\\\/5 - (0 votos)&quot;,&quot;size&quot;:&quot;24&quot;,&quot;title&quot;:&quot;\u00bfPERO QUE A\u00daN NO HAS VISITADO LA CASA MUSEO DE LOPE DE VEGA EN MADRID?&quot;,&quot;width&quot;:&quot;0&quot;,&quot;_legend&quot;:&quot;{score}\\\/{best} - ({count} {votes})&quot;,&quot;font_factor&quot;:&quot;1.25&quot;}'>\n            \n<div class=\"kksr-stars\">\n    \n<div class=\"kksr-stars-inactive\">\n            <div class=\"kksr-star\" data-star=\"1\" style=\"padding-right: 1px\">\n            \n\n<div class=\"kksr-icon\" style=\"width: 24px; height: 24px;\"><\/div>\n        <\/div>\n            <div class=\"kksr-star\" data-star=\"2\" style=\"padding-right: 1px\">\n            \n\n<div class=\"kksr-icon\" style=\"width: 24px; height: 24px;\"><\/div>\n        <\/div>\n            <div class=\"kksr-star\" data-star=\"3\" style=\"padding-right: 1px\">\n            \n\n<div class=\"kksr-icon\" style=\"width: 24px; height: 24px;\"><\/div>\n        <\/div>\n            <div class=\"kksr-star\" data-star=\"4\" style=\"padding-right: 1px\">\n            \n\n<div class=\"kksr-icon\" style=\"width: 24px; height: 24px;\"><\/div>\n        <\/div>\n            <div class=\"kksr-star\" data-star=\"5\" style=\"padding-right: 1px\">\n            \n\n<div class=\"kksr-icon\" style=\"width: 24px; height: 24px;\"><\/div>\n        <\/div>\n    <\/div>\n    \n<div class=\"kksr-stars-active\" style=\"width: 0px;\">\n            <div class=\"kksr-star\" style=\"padding-right: 1px\">\n            \n\n<div class=\"kksr-icon\" style=\"width: 24px; height: 24px;\"><\/div>\n        <\/div>\n            <div class=\"kksr-star\" style=\"padding-right: 1px\">\n            \n\n<div class=\"kksr-icon\" style=\"width: 24px; height: 24px;\"><\/div>\n        <\/div>\n            <div class=\"kksr-star\" style=\"padding-right: 1px\">\n            \n\n<div class=\"kksr-icon\" style=\"width: 24px; height: 24px;\"><\/div>\n        <\/div>\n            <div class=\"kksr-star\" style=\"padding-right: 1px\">\n            \n\n<div class=\"kksr-icon\" style=\"width: 24px; height: 24px;\"><\/div>\n        <\/div>\n            <div class=\"kksr-star\" style=\"padding-right: 1px\">\n            \n\n<div class=\"kksr-icon\" style=\"width: 24px; height: 24px;\"><\/div>\n        <\/div>\n    <\/div>\n<\/div>\n                \n\n<div class=\"kksr-legend\" style=\"font-size: 19.2px;\">\n            <span class=\"kksr-muted\">Valora este art\u00edculo<\/span>\n    <\/div>\n    <\/div>\n","protected":false},"excerpt":{"rendered":"<p>Lo realmente fascinante de la ciudad de Madrid es que  [&#8230;]<\/p>\n","protected":false},"author":4,"featured_media":2152,"comment_status":"closed","ping_status":"closed","sticky":false,"template":"","format":"standard","meta":{"footnotes":""},"categories":[79],"tags":[],"class_list":["post-2147","post","type-post","status-publish","format-standard","has-post-thumbnail","hentry","category-vivir-madrid"],"yoast_head":"<!-- This site is optimized with the Yoast SEO plugin v27.4 - https:\/\/yoast.com\/product\/yoast-seo-wordpress\/ -->\n<title>Casa Museo Lope de Vega Madrid.Proinca pisos alquiler Madrid<\/title>\n<meta name=\"description\" content=\"Sum\u00e9rgete en el siglo de Oro visitando la Casa Museo Lope de Vega en Madrid donde el autor vivi\u00f3 los \u00faltimos 25 a\u00f1os.Proinca Apartamentos de alquiler en Madrid\" \/>\n<meta name=\"robots\" content=\"index, follow, max-snippet:-1, max-image-preview:large, max-video-preview:-1\" \/>\n<link rel=\"canonical\" href=\"https:\/\/www.proinca.es\/madridfansblog\/casa-museo-lope-de-vega-madrid\/\" \/>\n<meta property=\"og:locale\" content=\"es_ES\" \/>\n<meta property=\"og:type\" content=\"article\" \/>\n<meta property=\"og:title\" content=\"Casa Museo Lope de Vega Madrid.Proinca pisos alquiler Madrid\" \/>\n<meta property=\"og:description\" content=\"Sum\u00e9rgete en el siglo de Oro visitando la Casa Museo Lope de Vega en Madrid donde el autor vivi\u00f3 los \u00faltimos 25 a\u00f1os.Proinca Apartamentos de alquiler en Madrid\" \/>\n<meta property=\"og:url\" content=\"https:\/\/www.proinca.es\/madridfansblog\/casa-museo-lope-de-vega-madrid\/\" \/>\n<meta property=\"og:site_name\" content=\"Blog Proinca Madrid\" \/>\n<meta property=\"article:published_time\" content=\"2014-02-11T12:50:18+00:00\" \/>\n<meta property=\"article:modified_time\" content=\"2025-05-28T14:00:42+00:00\" \/>\n<meta property=\"og:image\" content=\"https:\/\/www.proinca.es\/madridfansblog\/wp-content\/uploads\/2014\/02\/PROINCA-MADRIDFANSBLOG-Lope-de-Vega-Fuenteovejuna-Madrid-Casa-Museo.jpg\" \/>\n\t<meta property=\"og:image:width\" content=\"550\" \/>\n\t<meta property=\"og:image:height\" content=\"787\" \/>\n\t<meta property=\"og:image:type\" content=\"image\/jpeg\" \/>\n<meta name=\"author\" content=\"Ana Calero\" \/>\n<script type=\"application\/ld+json\" class=\"yoast-schema-graph\">{\"@context\":\"https:\\\/\\\/schema.org\",\"@graph\":[{\"@type\":\"Article\",\"@id\":\"https:\\\/\\\/www.proinca.es\\\/madridfansblog\\\/casa-museo-lope-de-vega-madrid\\\/#article\",\"isPartOf\":{\"@id\":\"https:\\\/\\\/www.proinca.es\\\/madridfansblog\\\/casa-museo-lope-de-vega-madrid\\\/\"},\"author\":{\"name\":\"Ana Calero\",\"@id\":\"https:\\\/\\\/www.proinca.es\\\/madridfansblog\\\/#\\\/schema\\\/person\\\/8401adc89c0a0f5a3574c43326247f1e\"},\"headline\":\"\u00bfPERO QUE A\u00daN NO HAS VISITADO LA CASA MUSEO DE LOPE DE VEGA EN MADRID?\",\"datePublished\":\"2014-02-11T12:50:18+00:00\",\"dateModified\":\"2025-05-28T14:00:42+00:00\",\"mainEntityOfPage\":{\"@id\":\"https:\\\/\\\/www.proinca.es\\\/madridfansblog\\\/casa-museo-lope-de-vega-madrid\\\/\"},\"wordCount\":361,\"publisher\":{\"@id\":\"https:\\\/\\\/www.proinca.es\\\/madridfansblog\\\/#organization\"},\"image\":{\"@id\":\"https:\\\/\\\/www.proinca.es\\\/madridfansblog\\\/casa-museo-lope-de-vega-madrid\\\/#primaryimage\"},\"thumbnailUrl\":\"https:\\\/\\\/www.proinca.es\\\/madridfansblog\\\/wp-content\\\/uploads\\\/2014\\\/02\\\/PROINCA-MADRIDFANSBLOG-Lope-de-Vega-Fuenteovejuna-Madrid-Casa-Museo.jpg\",\"articleSection\":[\"VIVIR MADRID\"],\"inLanguage\":\"es\"},{\"@type\":\"WebPage\",\"@id\":\"https:\\\/\\\/www.proinca.es\\\/madridfansblog\\\/casa-museo-lope-de-vega-madrid\\\/\",\"url\":\"https:\\\/\\\/www.proinca.es\\\/madridfansblog\\\/casa-museo-lope-de-vega-madrid\\\/\",\"name\":\"Casa Museo Lope de Vega Madrid.Proinca pisos alquiler Madrid\",\"isPartOf\":{\"@id\":\"https:\\\/\\\/www.proinca.es\\\/madridfansblog\\\/#website\"},\"primaryImageOfPage\":{\"@id\":\"https:\\\/\\\/www.proinca.es\\\/madridfansblog\\\/casa-museo-lope-de-vega-madrid\\\/#primaryimage\"},\"image\":{\"@id\":\"https:\\\/\\\/www.proinca.es\\\/madridfansblog\\\/casa-museo-lope-de-vega-madrid\\\/#primaryimage\"},\"thumbnailUrl\":\"https:\\\/\\\/www.proinca.es\\\/madridfansblog\\\/wp-content\\\/uploads\\\/2014\\\/02\\\/PROINCA-MADRIDFANSBLOG-Lope-de-Vega-Fuenteovejuna-Madrid-Casa-Museo.jpg\",\"datePublished\":\"2014-02-11T12:50:18+00:00\",\"dateModified\":\"2025-05-28T14:00:42+00:00\",\"description\":\"Sum\u00e9rgete en el siglo de Oro visitando la Casa Museo Lope de Vega en Madrid donde el autor vivi\u00f3 los \u00faltimos 25 a\u00f1os.Proinca Apartamentos de alquiler en Madrid\",\"inLanguage\":\"es\",\"potentialAction\":[{\"@type\":\"ReadAction\",\"target\":[\"https:\\\/\\\/www.proinca.es\\\/madridfansblog\\\/casa-museo-lope-de-vega-madrid\\\/\"]}]},{\"@type\":\"ImageObject\",\"inLanguage\":\"es\",\"@id\":\"https:\\\/\\\/www.proinca.es\\\/madridfansblog\\\/casa-museo-lope-de-vega-madrid\\\/#primaryimage\",\"url\":\"https:\\\/\\\/www.proinca.es\\\/madridfansblog\\\/wp-content\\\/uploads\\\/2014\\\/02\\\/PROINCA-MADRIDFANSBLOG-Lope-de-Vega-Fuenteovejuna-Madrid-Casa-Museo.jpg\",\"contentUrl\":\"https:\\\/\\\/www.proinca.es\\\/madridfansblog\\\/wp-content\\\/uploads\\\/2014\\\/02\\\/PROINCA-MADRIDFANSBLOG-Lope-de-Vega-Fuenteovejuna-Madrid-Casa-Museo.jpg\",\"width\":\"550\",\"height\":\"787\",\"caption\":\"Visita la casa Museo de Lope de Vega en Madrid\"},{\"@type\":\"WebSite\",\"@id\":\"https:\\\/\\\/www.proinca.es\\\/madridfansblog\\\/#website\",\"url\":\"https:\\\/\\\/www.proinca.es\\\/madridfansblog\\\/\",\"name\":\"Madrid Fans Blog Proinca\",\"description\":\"Pisos y apartamentos de alquiler en Madrid\",\"publisher\":{\"@id\":\"https:\\\/\\\/www.proinca.es\\\/madridfansblog\\\/#organization\"},\"potentialAction\":[{\"@type\":\"SearchAction\",\"target\":{\"@type\":\"EntryPoint\",\"urlTemplate\":\"https:\\\/\\\/www.proinca.es\\\/madridfansblog\\\/?s={search_term_string}\"},\"query-input\":{\"@type\":\"PropertyValueSpecification\",\"valueRequired\":true,\"valueName\":\"search_term_string\"}}],\"inLanguage\":\"es\"},{\"@type\":\"Organization\",\"@id\":\"https:\\\/\\\/www.proinca.es\\\/madridfansblog\\\/#organization\",\"name\":\"Proinca\",\"url\":\"https:\\\/\\\/www.proinca.es\\\/madridfansblog\\\/\",\"logo\":{\"@type\":\"ImageObject\",\"inLanguage\":\"es\",\"@id\":\"https:\\\/\\\/www.proinca.es\\\/madridfansblog\\\/#\\\/schema\\\/logo\\\/image\\\/\",\"url\":\"https:\\\/\\\/www.proinca.es\\\/madridfansblog\\\/wp-content\\\/uploads\\\/2022\\\/03\\\/logo-proinca.jpg\",\"contentUrl\":\"https:\\\/\\\/www.proinca.es\\\/madridfansblog\\\/wp-content\\\/uploads\\\/2022\\\/03\\\/logo-proinca.jpg\",\"width\":522,\"height\":250,\"caption\":\"Proinca\"},\"image\":{\"@id\":\"https:\\\/\\\/www.proinca.es\\\/madridfansblog\\\/#\\\/schema\\\/logo\\\/image\\\/\"}},{\"@type\":\"Person\",\"@id\":\"https:\\\/\\\/www.proinca.es\\\/madridfansblog\\\/#\\\/schema\\\/person\\\/8401adc89c0a0f5a3574c43326247f1e\",\"name\":\"Ana Calero\",\"image\":{\"@type\":\"ImageObject\",\"inLanguage\":\"es\",\"@id\":\"https:\\\/\\\/www.proinca.es\\\/madridfansblog\\\/wp-content\\\/litespeed\\\/avatar\\\/ef51b25c0718910f475570320941ef46.jpg?ver=1777379772\",\"url\":\"https:\\\/\\\/www.proinca.es\\\/madridfansblog\\\/wp-content\\\/litespeed\\\/avatar\\\/ef51b25c0718910f475570320941ef46.jpg?ver=1777379772\",\"contentUrl\":\"https:\\\/\\\/www.proinca.es\\\/madridfansblog\\\/wp-content\\\/litespeed\\\/avatar\\\/ef51b25c0718910f475570320941ef46.jpg?ver=1777379772\",\"caption\":\"Ana Calero\"},\"description\":\"Licenciada en Ciencias Empresariales por la Universidad Aut\u00f3noma de Madrid. Forma parte del equipo de Apartamentos Proinca y es una enamorada de Madrid\",\"sameAs\":[\"https:\\\/\\\/www.proinca.es\\\/madridfansblog\\\/ana-calero\\\/\"]}]}<\/script>\n<!-- \/ Yoast SEO plugin. -->","yoast_head_json":{"title":"Casa Museo Lope de Vega Madrid.Proinca pisos alquiler Madrid","description":"Sum\u00e9rgete en el siglo de Oro visitando la Casa Museo Lope de Vega en Madrid donde el autor vivi\u00f3 los \u00faltimos 25 a\u00f1os.Proinca Apartamentos de alquiler en Madrid","robots":{"index":"index","follow":"follow","max-snippet":"max-snippet:-1","max-image-preview":"max-image-preview:large","max-video-preview":"max-video-preview:-1"},"canonical":"https:\/\/www.proinca.es\/madridfansblog\/casa-museo-lope-de-vega-madrid\/","og_locale":"es_ES","og_type":"article","og_title":"Casa Museo Lope de Vega Madrid.Proinca pisos alquiler Madrid","og_description":"Sum\u00e9rgete en el siglo de Oro visitando la Casa Museo Lope de Vega en Madrid donde el autor vivi\u00f3 los \u00faltimos 25 a\u00f1os.Proinca Apartamentos de alquiler en Madrid","og_url":"https:\/\/www.proinca.es\/madridfansblog\/casa-museo-lope-de-vega-madrid\/","og_site_name":"Blog Proinca Madrid","article_published_time":"2014-02-11T12:50:18+00:00","article_modified_time":"2025-05-28T14:00:42+00:00","og_image":[{"width":550,"height":787,"url":"https:\/\/www.proinca.es\/madridfansblog\/wp-content\/uploads\/2014\/02\/PROINCA-MADRIDFANSBLOG-Lope-de-Vega-Fuenteovejuna-Madrid-Casa-Museo.jpg","type":"image\/jpeg"}],"author":"Ana Calero","schema":{"@context":"https:\/\/schema.org","@graph":[{"@type":"Article","@id":"https:\/\/www.proinca.es\/madridfansblog\/casa-museo-lope-de-vega-madrid\/#article","isPartOf":{"@id":"https:\/\/www.proinca.es\/madridfansblog\/casa-museo-lope-de-vega-madrid\/"},"author":{"name":"Ana Calero","@id":"https:\/\/www.proinca.es\/madridfansblog\/#\/schema\/person\/8401adc89c0a0f5a3574c43326247f1e"},"headline":"\u00bfPERO QUE A\u00daN NO HAS VISITADO LA CASA MUSEO DE LOPE DE VEGA EN MADRID?","datePublished":"2014-02-11T12:50:18+00:00","dateModified":"2025-05-28T14:00:42+00:00","mainEntityOfPage":{"@id":"https:\/\/www.proinca.es\/madridfansblog\/casa-museo-lope-de-vega-madrid\/"},"wordCount":361,"publisher":{"@id":"https:\/\/www.proinca.es\/madridfansblog\/#organization"},"image":{"@id":"https:\/\/www.proinca.es\/madridfansblog\/casa-museo-lope-de-vega-madrid\/#primaryimage"},"thumbnailUrl":"https:\/\/www.proinca.es\/madridfansblog\/wp-content\/uploads\/2014\/02\/PROINCA-MADRIDFANSBLOG-Lope-de-Vega-Fuenteovejuna-Madrid-Casa-Museo.jpg","articleSection":["VIVIR MADRID"],"inLanguage":"es"},{"@type":"WebPage","@id":"https:\/\/www.proinca.es\/madridfansblog\/casa-museo-lope-de-vega-madrid\/","url":"https:\/\/www.proinca.es\/madridfansblog\/casa-museo-lope-de-vega-madrid\/","name":"Casa Museo Lope de Vega Madrid.Proinca pisos alquiler Madrid","isPartOf":{"@id":"https:\/\/www.proinca.es\/madridfansblog\/#website"},"primaryImageOfPage":{"@id":"https:\/\/www.proinca.es\/madridfansblog\/casa-museo-lope-de-vega-madrid\/#primaryimage"},"image":{"@id":"https:\/\/www.proinca.es\/madridfansblog\/casa-museo-lope-de-vega-madrid\/#primaryimage"},"thumbnailUrl":"https:\/\/www.proinca.es\/madridfansblog\/wp-content\/uploads\/2014\/02\/PROINCA-MADRIDFANSBLOG-Lope-de-Vega-Fuenteovejuna-Madrid-Casa-Museo.jpg","datePublished":"2014-02-11T12:50:18+00:00","dateModified":"2025-05-28T14:00:42+00:00","description":"Sum\u00e9rgete en el siglo de Oro visitando la Casa Museo Lope de Vega en Madrid donde el autor vivi\u00f3 los \u00faltimos 25 a\u00f1os.Proinca Apartamentos de alquiler en Madrid","inLanguage":"es","potentialAction":[{"@type":"ReadAction","target":["https:\/\/www.proinca.es\/madridfansblog\/casa-museo-lope-de-vega-madrid\/"]}]},{"@type":"ImageObject","inLanguage":"es","@id":"https:\/\/www.proinca.es\/madridfansblog\/casa-museo-lope-de-vega-madrid\/#primaryimage","url":"https:\/\/www.proinca.es\/madridfansblog\/wp-content\/uploads\/2014\/02\/PROINCA-MADRIDFANSBLOG-Lope-de-Vega-Fuenteovejuna-Madrid-Casa-Museo.jpg","contentUrl":"https:\/\/www.proinca.es\/madridfansblog\/wp-content\/uploads\/2014\/02\/PROINCA-MADRIDFANSBLOG-Lope-de-Vega-Fuenteovejuna-Madrid-Casa-Museo.jpg","width":"550","height":"787","caption":"Visita la casa Museo de Lope de Vega en Madrid"},{"@type":"WebSite","@id":"https:\/\/www.proinca.es\/madridfansblog\/#website","url":"https:\/\/www.proinca.es\/madridfansblog\/","name":"Madrid Fans Blog Proinca","description":"Pisos y apartamentos de alquiler en Madrid","publisher":{"@id":"https:\/\/www.proinca.es\/madridfansblog\/#organization"},"potentialAction":[{"@type":"SearchAction","target":{"@type":"EntryPoint","urlTemplate":"https:\/\/www.proinca.es\/madridfansblog\/?s={search_term_string}"},"query-input":{"@type":"PropertyValueSpecification","valueRequired":true,"valueName":"search_term_string"}}],"inLanguage":"es"},{"@type":"Organization","@id":"https:\/\/www.proinca.es\/madridfansblog\/#organization","name":"Proinca","url":"https:\/\/www.proinca.es\/madridfansblog\/","logo":{"@type":"ImageObject","inLanguage":"es","@id":"https:\/\/www.proinca.es\/madridfansblog\/#\/schema\/logo\/image\/","url":"https:\/\/www.proinca.es\/madridfansblog\/wp-content\/uploads\/2022\/03\/logo-proinca.jpg","contentUrl":"https:\/\/www.proinca.es\/madridfansblog\/wp-content\/uploads\/2022\/03\/logo-proinca.jpg","width":522,"height":250,"caption":"Proinca"},"image":{"@id":"https:\/\/www.proinca.es\/madridfansblog\/#\/schema\/logo\/image\/"}},{"@type":"Person","@id":"https:\/\/www.proinca.es\/madridfansblog\/#\/schema\/person\/8401adc89c0a0f5a3574c43326247f1e","name":"Ana Calero","image":{"@type":"ImageObject","inLanguage":"es","@id":"https:\/\/www.proinca.es\/madridfansblog\/wp-content\/litespeed\/avatar\/ef51b25c0718910f475570320941ef46.jpg?ver=1777379772","url":"https:\/\/www.proinca.es\/madridfansblog\/wp-content\/litespeed\/avatar\/ef51b25c0718910f475570320941ef46.jpg?ver=1777379772","contentUrl":"https:\/\/www.proinca.es\/madridfansblog\/wp-content\/litespeed\/avatar\/ef51b25c0718910f475570320941ef46.jpg?ver=1777379772","caption":"Ana Calero"},"description":"Licenciada en Ciencias Empresariales por la Universidad Aut\u00f3noma de Madrid. Forma parte del equipo de Apartamentos Proinca y es una enamorada de Madrid","sameAs":["https:\/\/www.proinca.es\/madridfansblog\/ana-calero\/"]}]}},"_links":{"self":[{"href":"https:\/\/www.proinca.es\/madridfansblog\/wp-json\/wp\/v2\/posts\/2147","targetHints":{"allow":["GET"]}}],"collection":[{"href":"https:\/\/www.proinca.es\/madridfansblog\/wp-json\/wp\/v2\/posts"}],"about":[{"href":"https:\/\/www.proinca.es\/madridfansblog\/wp-json\/wp\/v2\/types\/post"}],"author":[{"embeddable":true,"href":"https:\/\/www.proinca.es\/madridfansblog\/wp-json\/wp\/v2\/users\/4"}],"replies":[{"embeddable":true,"href":"https:\/\/www.proinca.es\/madridfansblog\/wp-json\/wp\/v2\/comments?post=2147"}],"version-history":[{"count":19,"href":"https:\/\/www.proinca.es\/madridfansblog\/wp-json\/wp\/v2\/posts\/2147\/revisions"}],"predecessor-version":[{"id":7401,"href":"https:\/\/www.proinca.es\/madridfansblog\/wp-json\/wp\/v2\/posts\/2147\/revisions\/7401"}],"wp:featuredmedia":[{"embeddable":true,"href":"https:\/\/www.proinca.es\/madridfansblog\/wp-json\/wp\/v2\/media\/2152"}],"wp:attachment":[{"href":"https:\/\/www.proinca.es\/madridfansblog\/wp-json\/wp\/v2\/media?parent=2147"}],"wp:term":[{"taxonomy":"category","embeddable":true,"href":"https:\/\/www.proinca.es\/madridfansblog\/wp-json\/wp\/v2\/categories?post=2147"},{"taxonomy":"post_tag","embeddable":true,"href":"https:\/\/www.proinca.es\/madridfansblog\/wp-json\/wp\/v2\/tags?post=2147"}],"curies":[{"name":"wp","href":"https:\/\/api.w.org\/{rel}","templated":true}]}}