{"id":2167,"date":"2014-02-17T11:45:19","date_gmt":"2014-02-17T10:45:19","guid":{"rendered":"http:\/\/www.proinca.es\/madridfansblog\/?p=2167"},"modified":"2025-05-28T13:46:32","modified_gmt":"2025-05-28T11:46:32","slug":"porductos-y-dulces-artesanos-de-conventos","status":"publish","type":"post","link":"https:\/\/www.proinca.es\/madridfansblog\/porductos-y-dulces-artesanos-de-conventos\/","title":{"rendered":"EN MADRID, CAER\u00c1S EN LA TENTACI\u00d3N: DULCES ARTESANOS DE CONVENTOS"},"content":{"rendered":"<p>El Jard\u00edn del Convento\u00a0en <strong>Madrid<\/strong> ofrece, bajo el mismo techo, una selecci\u00f3n de los mejores <strong>dulces artesanos<\/strong> elaborados con mimo por religiosas de toda Espa\u00f1a<!--more-->, un local sencillo y rom\u00e1ntico donde podemos encontrar desde confituras a peque\u00f1as almendras garrapi\u00f1adas, chocolates, magdalenas y un largo etc\u00e9tera de placeres culinarios artesanales que viajan de <strong>conventos<\/strong> y monasterios de toda Espa\u00f1a directamente a las estanter\u00edas de esta tienda.<\/p>\n<p>Y es que, digan lo que digan, los dulces elaborados por las monjas de los conventos espa\u00f1oles siguen siendo el <em>top ten<\/em> de nuestra reposter\u00eda, vendr\u00e1n los atractivos <em>cupcackes<\/em>, el colorista <em>fondant<\/em> o los donuts sin agujeros rellenos de mil cremas distintas\u2026, pero ninguno de ellos conseguir\u00e1 arrebatarle el puesto n\u00famero uno a esas pastas, yemitas, tortas, pesti\u00f1os y rosquillas que se deshacen en la boca desatando un sabor, como suele decirse, \u00a1a gloria bendita!<\/p>\n<p>En El Jard\u00edn del Convento saben bien de lo que hablamos, pues este peque\u00f1o comercio de la calle Cord\u00f3n n\u00famero 1, al ladito de la plaza de la Villa de Madrid e integrado en la arquitectura del Monasterio de las Jer\u00f3nimas del Corpus Christi, ha logrado una fama inusitada por el mero hecho de facilitar la adquisici\u00f3n de <strong>dulces artesanos de conventos<\/strong> espa\u00f1oles en el centro de <strong>Madrid<\/strong>.<\/p>\n<p>Caer\u00e1s en la tentaci\u00f3n, no te resistas.<\/p>\n<p>Informaci\u00f3n patrocinada por\u00a0<strong><a title=\"Proinca.Apartamentos de alquiler en Madrid por meses, semanas...\" href=\"http:\/\/www.proinca.es\">Proinca: apartamentos de alquiler en Madrid<\/a><\/strong><\/p>\n<p>Foto de Nick Cheng en Unsplash<\/p>\n\n\n<div class=\"kk-star-ratings kksr-auto kksr-align-left kksr-valign-bottom\"\n    data-payload='{&quot;align&quot;:&quot;left&quot;,&quot;id&quot;:&quot;2167&quot;,&quot;slug&quot;:&quot;default&quot;,&quot;valign&quot;:&quot;bottom&quot;,&quot;ignore&quot;:&quot;&quot;,&quot;reference&quot;:&quot;auto&quot;,&quot;class&quot;:&quot;&quot;,&quot;count&quot;:&quot;0&quot;,&quot;legendonly&quot;:&quot;&quot;,&quot;readonly&quot;:&quot;&quot;,&quot;score&quot;:&quot;0&quot;,&quot;starsonly&quot;:&quot;&quot;,&quot;best&quot;:&quot;5&quot;,&quot;gap&quot;:&quot;1&quot;,&quot;greet&quot;:&quot;Valora este art\u00edculo&quot;,&quot;legend&quot;:&quot;0\\\/5 - (0 votos)&quot;,&quot;size&quot;:&quot;24&quot;,&quot;title&quot;:&quot;EN MADRID, CAER\u00c1S EN LA TENTACI\u00d3N: DULCES ARTESANOS DE CONVENTOS&quot;,&quot;width&quot;:&quot;0&quot;,&quot;_legend&quot;:&quot;{score}\\\/{best} - ({count} {votes})&quot;,&quot;font_factor&quot;:&quot;1.25&quot;}'>\n            \n<div class=\"kksr-stars\">\n    \n<div class=\"kksr-stars-inactive\">\n            <div class=\"kksr-star\" data-star=\"1\" style=\"padding-right: 1px\">\n            \n\n<div class=\"kksr-icon\" style=\"width: 24px; height: 24px;\"><\/div>\n        <\/div>\n            <div class=\"kksr-star\" data-star=\"2\" style=\"padding-right: 1px\">\n            \n\n<div class=\"kksr-icon\" style=\"width: 24px; height: 24px;\"><\/div>\n        <\/div>\n            <div class=\"kksr-star\" data-star=\"3\" style=\"padding-right: 1px\">\n            \n\n<div class=\"kksr-icon\" style=\"width: 24px; height: 24px;\"><\/div>\n        <\/div>\n            <div class=\"kksr-star\" data-star=\"4\" style=\"padding-right: 1px\">\n            \n\n<div class=\"kksr-icon\" style=\"width: 24px; height: 24px;\"><\/div>\n        <\/div>\n            <div class=\"kksr-star\" data-star=\"5\" style=\"padding-right: 1px\">\n            \n\n<div class=\"kksr-icon\" style=\"width: 24px; height: 24px;\"><\/div>\n        <\/div>\n    <\/div>\n    \n<div class=\"kksr-stars-active\" style=\"width: 0px;\">\n            <div class=\"kksr-star\" style=\"padding-right: 1px\">\n            \n\n<div class=\"kksr-icon\" style=\"width: 24px; height: 24px;\"><\/div>\n        <\/div>\n            <div class=\"kksr-star\" style=\"padding-right: 1px\">\n            \n\n<div class=\"kksr-icon\" style=\"width: 24px; height: 24px;\"><\/div>\n        <\/div>\n            <div class=\"kksr-star\" style=\"padding-right: 1px\">\n            \n\n<div class=\"kksr-icon\" style=\"width: 24px; height: 24px;\"><\/div>\n        <\/div>\n            <div class=\"kksr-star\" style=\"padding-right: 1px\">\n            \n\n<div class=\"kksr-icon\" style=\"width: 24px; height: 24px;\"><\/div>\n        <\/div>\n            <div class=\"kksr-star\" style=\"padding-right: 1px\">\n            \n\n<div class=\"kksr-icon\" style=\"width: 24px; height: 24px;\"><\/div>\n        <\/div>\n    <\/div>\n<\/div>\n                \n\n<div class=\"kksr-legend\" style=\"font-size: 19.2px;\">\n            <span class=\"kksr-muted\">Valora este art\u00edculo<\/span>\n    <\/div>\n    <\/div>\n","protected":false},"excerpt":{"rendered":"<p>El Jard\u00edn del Convento\u00a0en Madrid ofrece, bajo el mismo techo,  [&#8230;]<\/p>\n","protected":false},"author":4,"featured_media":7110,"comment_status":"closed","ping_status":"closed","sticky":false,"template":"","format":"standard","meta":{"footnotes":""},"categories":[79],"tags":[36,30,5,43],"class_list":["post-2167","post","type-post","status-publish","format-standard","has-post-thumbnail","hentry","category-vivir-madrid","tag-afterwork","tag-gastronomia","tag-madrid","tag-shopping"],"yoast_head":"<!-- This site is optimized with the Yoast SEO plugin v27.4 - https:\/\/yoast.com\/product\/yoast-seo-wordpress\/ -->\n<title>Dulces artesanos de conventos.Proinca pisos alquiler Madrid<\/title>\n<meta name=\"description\" content=\"En el Jard\u00edn del Convento encontrar\u00e1s los m\u00e1s exquisitos productos y dulces artesanos realizados en conventos espa\u00f1oles.Proinca Apartamentos de alquiler Madrid\" \/>\n<meta name=\"robots\" content=\"index, follow, max-snippet:-1, max-image-preview:large, max-video-preview:-1\" \/>\n<link rel=\"canonical\" href=\"https:\/\/www.proinca.es\/madridfansblog\/porductos-y-dulces-artesanos-de-conventos\/\" \/>\n<meta property=\"og:locale\" content=\"es_ES\" \/>\n<meta property=\"og:type\" content=\"article\" \/>\n<meta property=\"og:title\" content=\"Dulces artesanos de conventos.Proinca pisos alquiler Madrid\" \/>\n<meta property=\"og:description\" content=\"En el Jard\u00edn del Convento encontrar\u00e1s los m\u00e1s exquisitos productos y dulces artesanos realizados en conventos espa\u00f1oles.Proinca Apartamentos de alquiler Madrid\" \/>\n<meta property=\"og:url\" content=\"https:\/\/www.proinca.es\/madridfansblog\/porductos-y-dulces-artesanos-de-conventos\/\" \/>\n<meta property=\"og:site_name\" content=\"Blog Proinca Madrid\" \/>\n<meta property=\"article:published_time\" content=\"2014-02-17T10:45:19+00:00\" \/>\n<meta property=\"article:modified_time\" content=\"2025-05-28T11:46:32+00:00\" \/>\n<meta property=\"og:image\" content=\"https:\/\/www.proinca.es\/madridfansblog\/wp-content\/uploads\/2014\/02\/dulces-conventos.jpg\" \/>\n\t<meta property=\"og:image:width\" content=\"1000\" \/>\n\t<meta property=\"og:image:height\" content=\"562\" \/>\n\t<meta property=\"og:image:type\" content=\"image\/jpeg\" \/>\n<meta name=\"author\" content=\"Ana Calero\" \/>\n<script type=\"application\/ld+json\" class=\"yoast-schema-graph\">{\"@context\":\"https:\\\/\\\/schema.org\",\"@graph\":[{\"@type\":\"Article\",\"@id\":\"https:\\\/\\\/www.proinca.es\\\/madridfansblog\\\/porductos-y-dulces-artesanos-de-conventos\\\/#article\",\"isPartOf\":{\"@id\":\"https:\\\/\\\/www.proinca.es\\\/madridfansblog\\\/porductos-y-dulces-artesanos-de-conventos\\\/\"},\"author\":{\"name\":\"Ana Calero\",\"@id\":\"https:\\\/\\\/www.proinca.es\\\/madridfansblog\\\/#\\\/schema\\\/person\\\/8401adc89c0a0f5a3574c43326247f1e\"},\"headline\":\"EN MADRID, CAER\u00c1S EN LA TENTACI\u00d3N: DULCES ARTESANOS DE CONVENTOS\",\"datePublished\":\"2014-02-17T10:45:19+00:00\",\"dateModified\":\"2025-05-28T11:46:32+00:00\",\"mainEntityOfPage\":{\"@id\":\"https:\\\/\\\/www.proinca.es\\\/madridfansblog\\\/porductos-y-dulces-artesanos-de-conventos\\\/\"},\"wordCount\":266,\"publisher\":{\"@id\":\"https:\\\/\\\/www.proinca.es\\\/madridfansblog\\\/#organization\"},\"image\":{\"@id\":\"https:\\\/\\\/www.proinca.es\\\/madridfansblog\\\/porductos-y-dulces-artesanos-de-conventos\\\/#primaryimage\"},\"thumbnailUrl\":\"https:\\\/\\\/www.proinca.es\\\/madridfansblog\\\/wp-content\\\/uploads\\\/2014\\\/02\\\/dulces-conventos.jpg\",\"keywords\":[\"Afterwork\",\"Gastronom\u00eda\",\"Madrid\",\"Shopping\"],\"articleSection\":[\"VIVIR MADRID\"],\"inLanguage\":\"es\"},{\"@type\":\"WebPage\",\"@id\":\"https:\\\/\\\/www.proinca.es\\\/madridfansblog\\\/porductos-y-dulces-artesanos-de-conventos\\\/\",\"url\":\"https:\\\/\\\/www.proinca.es\\\/madridfansblog\\\/porductos-y-dulces-artesanos-de-conventos\\\/\",\"name\":\"Dulces artesanos de conventos.Proinca pisos alquiler Madrid\",\"isPartOf\":{\"@id\":\"https:\\\/\\\/www.proinca.es\\\/madridfansblog\\\/#website\"},\"primaryImageOfPage\":{\"@id\":\"https:\\\/\\\/www.proinca.es\\\/madridfansblog\\\/porductos-y-dulces-artesanos-de-conventos\\\/#primaryimage\"},\"image\":{\"@id\":\"https:\\\/\\\/www.proinca.es\\\/madridfansblog\\\/porductos-y-dulces-artesanos-de-conventos\\\/#primaryimage\"},\"thumbnailUrl\":\"https:\\\/\\\/www.proinca.es\\\/madridfansblog\\\/wp-content\\\/uploads\\\/2014\\\/02\\\/dulces-conventos.jpg\",\"datePublished\":\"2014-02-17T10:45:19+00:00\",\"dateModified\":\"2025-05-28T11:46:32+00:00\",\"description\":\"En el Jard\u00edn del Convento encontrar\u00e1s los m\u00e1s exquisitos productos y dulces artesanos realizados en conventos espa\u00f1oles.Proinca Apartamentos de alquiler Madrid\",\"inLanguage\":\"es\",\"potentialAction\":[{\"@type\":\"ReadAction\",\"target\":[\"https:\\\/\\\/www.proinca.es\\\/madridfansblog\\\/porductos-y-dulces-artesanos-de-conventos\\\/\"]}]},{\"@type\":\"ImageObject\",\"inLanguage\":\"es\",\"@id\":\"https:\\\/\\\/www.proinca.es\\\/madridfansblog\\\/porductos-y-dulces-artesanos-de-conventos\\\/#primaryimage\",\"url\":\"https:\\\/\\\/www.proinca.es\\\/madridfansblog\\\/wp-content\\\/uploads\\\/2014\\\/02\\\/dulces-conventos.jpg\",\"contentUrl\":\"https:\\\/\\\/www.proinca.es\\\/madridfansblog\\\/wp-content\\\/uploads\\\/2014\\\/02\\\/dulces-conventos.jpg\",\"width\":1000,\"height\":562,\"caption\":\"En Madrid, caer\u00e1s en la tentaci\u00f3n dulces artesanos de conventos\"},{\"@type\":\"WebSite\",\"@id\":\"https:\\\/\\\/www.proinca.es\\\/madridfansblog\\\/#website\",\"url\":\"https:\\\/\\\/www.proinca.es\\\/madridfansblog\\\/\",\"name\":\"Madrid Fans Blog Proinca\",\"description\":\"Pisos y apartamentos de alquiler en Madrid\",\"publisher\":{\"@id\":\"https:\\\/\\\/www.proinca.es\\\/madridfansblog\\\/#organization\"},\"potentialAction\":[{\"@type\":\"SearchAction\",\"target\":{\"@type\":\"EntryPoint\",\"urlTemplate\":\"https:\\\/\\\/www.proinca.es\\\/madridfansblog\\\/?s={search_term_string}\"},\"query-input\":{\"@type\":\"PropertyValueSpecification\",\"valueRequired\":true,\"valueName\":\"search_term_string\"}}],\"inLanguage\":\"es\"},{\"@type\":\"Organization\",\"@id\":\"https:\\\/\\\/www.proinca.es\\\/madridfansblog\\\/#organization\",\"name\":\"Proinca\",\"url\":\"https:\\\/\\\/www.proinca.es\\\/madridfansblog\\\/\",\"logo\":{\"@type\":\"ImageObject\",\"inLanguage\":\"es\",\"@id\":\"https:\\\/\\\/www.proinca.es\\\/madridfansblog\\\/#\\\/schema\\\/logo\\\/image\\\/\",\"url\":\"https:\\\/\\\/www.proinca.es\\\/madridfansblog\\\/wp-content\\\/uploads\\\/2022\\\/03\\\/logo-proinca.jpg\",\"contentUrl\":\"https:\\\/\\\/www.proinca.es\\\/madridfansblog\\\/wp-content\\\/uploads\\\/2022\\\/03\\\/logo-proinca.jpg\",\"width\":522,\"height\":250,\"caption\":\"Proinca\"},\"image\":{\"@id\":\"https:\\\/\\\/www.proinca.es\\\/madridfansblog\\\/#\\\/schema\\\/logo\\\/image\\\/\"}},{\"@type\":\"Person\",\"@id\":\"https:\\\/\\\/www.proinca.es\\\/madridfansblog\\\/#\\\/schema\\\/person\\\/8401adc89c0a0f5a3574c43326247f1e\",\"name\":\"Ana Calero\",\"image\":{\"@type\":\"ImageObject\",\"inLanguage\":\"es\",\"@id\":\"https:\\\/\\\/www.proinca.es\\\/madridfansblog\\\/wp-content\\\/litespeed\\\/avatar\\\/ef51b25c0718910f475570320941ef46.jpg?ver=1777379772\",\"url\":\"https:\\\/\\\/www.proinca.es\\\/madridfansblog\\\/wp-content\\\/litespeed\\\/avatar\\\/ef51b25c0718910f475570320941ef46.jpg?ver=1777379772\",\"contentUrl\":\"https:\\\/\\\/www.proinca.es\\\/madridfansblog\\\/wp-content\\\/litespeed\\\/avatar\\\/ef51b25c0718910f475570320941ef46.jpg?ver=1777379772\",\"caption\":\"Ana Calero\"},\"description\":\"Licenciada en Ciencias Empresariales por la Universidad Aut\u00f3noma de Madrid. Forma parte del equipo de Apartamentos Proinca y es una enamorada de Madrid\",\"sameAs\":[\"https:\\\/\\\/www.proinca.es\\\/madridfansblog\\\/ana-calero\\\/\"]}]}<\/script>\n<!-- \/ Yoast SEO plugin. -->","yoast_head_json":{"title":"Dulces artesanos de conventos.Proinca pisos alquiler Madrid","description":"En el Jard\u00edn del Convento encontrar\u00e1s los m\u00e1s exquisitos productos y dulces artesanos realizados en conventos espa\u00f1oles.Proinca Apartamentos de alquiler Madrid","robots":{"index":"index","follow":"follow","max-snippet":"max-snippet:-1","max-image-preview":"max-image-preview:large","max-video-preview":"max-video-preview:-1"},"canonical":"https:\/\/www.proinca.es\/madridfansblog\/porductos-y-dulces-artesanos-de-conventos\/","og_locale":"es_ES","og_type":"article","og_title":"Dulces artesanos de conventos.Proinca pisos alquiler Madrid","og_description":"En el Jard\u00edn del Convento encontrar\u00e1s los m\u00e1s exquisitos productos y dulces artesanos realizados en conventos espa\u00f1oles.Proinca Apartamentos de alquiler Madrid","og_url":"https:\/\/www.proinca.es\/madridfansblog\/porductos-y-dulces-artesanos-de-conventos\/","og_site_name":"Blog Proinca Madrid","article_published_time":"2014-02-17T10:45:19+00:00","article_modified_time":"2025-05-28T11:46:32+00:00","og_image":[{"width":1000,"height":562,"url":"https:\/\/www.proinca.es\/madridfansblog\/wp-content\/uploads\/2014\/02\/dulces-conventos.jpg","type":"image\/jpeg"}],"author":"Ana Calero","schema":{"@context":"https:\/\/schema.org","@graph":[{"@type":"Article","@id":"https:\/\/www.proinca.es\/madridfansblog\/porductos-y-dulces-artesanos-de-conventos\/#article","isPartOf":{"@id":"https:\/\/www.proinca.es\/madridfansblog\/porductos-y-dulces-artesanos-de-conventos\/"},"author":{"name":"Ana Calero","@id":"https:\/\/www.proinca.es\/madridfansblog\/#\/schema\/person\/8401adc89c0a0f5a3574c43326247f1e"},"headline":"EN MADRID, CAER\u00c1S EN LA TENTACI\u00d3N: DULCES ARTESANOS DE CONVENTOS","datePublished":"2014-02-17T10:45:19+00:00","dateModified":"2025-05-28T11:46:32+00:00","mainEntityOfPage":{"@id":"https:\/\/www.proinca.es\/madridfansblog\/porductos-y-dulces-artesanos-de-conventos\/"},"wordCount":266,"publisher":{"@id":"https:\/\/www.proinca.es\/madridfansblog\/#organization"},"image":{"@id":"https:\/\/www.proinca.es\/madridfansblog\/porductos-y-dulces-artesanos-de-conventos\/#primaryimage"},"thumbnailUrl":"https:\/\/www.proinca.es\/madridfansblog\/wp-content\/uploads\/2014\/02\/dulces-conventos.jpg","keywords":["Afterwork","Gastronom\u00eda","Madrid","Shopping"],"articleSection":["VIVIR MADRID"],"inLanguage":"es"},{"@type":"WebPage","@id":"https:\/\/www.proinca.es\/madridfansblog\/porductos-y-dulces-artesanos-de-conventos\/","url":"https:\/\/www.proinca.es\/madridfansblog\/porductos-y-dulces-artesanos-de-conventos\/","name":"Dulces artesanos de conventos.Proinca pisos alquiler Madrid","isPartOf":{"@id":"https:\/\/www.proinca.es\/madridfansblog\/#website"},"primaryImageOfPage":{"@id":"https:\/\/www.proinca.es\/madridfansblog\/porductos-y-dulces-artesanos-de-conventos\/#primaryimage"},"image":{"@id":"https:\/\/www.proinca.es\/madridfansblog\/porductos-y-dulces-artesanos-de-conventos\/#primaryimage"},"thumbnailUrl":"https:\/\/www.proinca.es\/madridfansblog\/wp-content\/uploads\/2014\/02\/dulces-conventos.jpg","datePublished":"2014-02-17T10:45:19+00:00","dateModified":"2025-05-28T11:46:32+00:00","description":"En el Jard\u00edn del Convento encontrar\u00e1s los m\u00e1s exquisitos productos y dulces artesanos realizados en conventos espa\u00f1oles.Proinca Apartamentos de alquiler Madrid","inLanguage":"es","potentialAction":[{"@type":"ReadAction","target":["https:\/\/www.proinca.es\/madridfansblog\/porductos-y-dulces-artesanos-de-conventos\/"]}]},{"@type":"ImageObject","inLanguage":"es","@id":"https:\/\/www.proinca.es\/madridfansblog\/porductos-y-dulces-artesanos-de-conventos\/#primaryimage","url":"https:\/\/www.proinca.es\/madridfansblog\/wp-content\/uploads\/2014\/02\/dulces-conventos.jpg","contentUrl":"https:\/\/www.proinca.es\/madridfansblog\/wp-content\/uploads\/2014\/02\/dulces-conventos.jpg","width":1000,"height":562,"caption":"En Madrid, caer\u00e1s en la tentaci\u00f3n dulces artesanos de conventos"},{"@type":"WebSite","@id":"https:\/\/www.proinca.es\/madridfansblog\/#website","url":"https:\/\/www.proinca.es\/madridfansblog\/","name":"Madrid Fans Blog Proinca","description":"Pisos y apartamentos de alquiler en Madrid","publisher":{"@id":"https:\/\/www.proinca.es\/madridfansblog\/#organization"},"potentialAction":[{"@type":"SearchAction","target":{"@type":"EntryPoint","urlTemplate":"https:\/\/www.proinca.es\/madridfansblog\/?s={search_term_string}"},"query-input":{"@type":"PropertyValueSpecification","valueRequired":true,"valueName":"search_term_string"}}],"inLanguage":"es"},{"@type":"Organization","@id":"https:\/\/www.proinca.es\/madridfansblog\/#organization","name":"Proinca","url":"https:\/\/www.proinca.es\/madridfansblog\/","logo":{"@type":"ImageObject","inLanguage":"es","@id":"https:\/\/www.proinca.es\/madridfansblog\/#\/schema\/logo\/image\/","url":"https:\/\/www.proinca.es\/madridfansblog\/wp-content\/uploads\/2022\/03\/logo-proinca.jpg","contentUrl":"https:\/\/www.proinca.es\/madridfansblog\/wp-content\/uploads\/2022\/03\/logo-proinca.jpg","width":522,"height":250,"caption":"Proinca"},"image":{"@id":"https:\/\/www.proinca.es\/madridfansblog\/#\/schema\/logo\/image\/"}},{"@type":"Person","@id":"https:\/\/www.proinca.es\/madridfansblog\/#\/schema\/person\/8401adc89c0a0f5a3574c43326247f1e","name":"Ana Calero","image":{"@type":"ImageObject","inLanguage":"es","@id":"https:\/\/www.proinca.es\/madridfansblog\/wp-content\/litespeed\/avatar\/ef51b25c0718910f475570320941ef46.jpg?ver=1777379772","url":"https:\/\/www.proinca.es\/madridfansblog\/wp-content\/litespeed\/avatar\/ef51b25c0718910f475570320941ef46.jpg?ver=1777379772","contentUrl":"https:\/\/www.proinca.es\/madridfansblog\/wp-content\/litespeed\/avatar\/ef51b25c0718910f475570320941ef46.jpg?ver=1777379772","caption":"Ana Calero"},"description":"Licenciada en Ciencias Empresariales por la Universidad Aut\u00f3noma de Madrid. Forma parte del equipo de Apartamentos Proinca y es una enamorada de Madrid","sameAs":["https:\/\/www.proinca.es\/madridfansblog\/ana-calero\/"]}]}},"_links":{"self":[{"href":"https:\/\/www.proinca.es\/madridfansblog\/wp-json\/wp\/v2\/posts\/2167","targetHints":{"allow":["GET"]}}],"collection":[{"href":"https:\/\/www.proinca.es\/madridfansblog\/wp-json\/wp\/v2\/posts"}],"about":[{"href":"https:\/\/www.proinca.es\/madridfansblog\/wp-json\/wp\/v2\/types\/post"}],"author":[{"embeddable":true,"href":"https:\/\/www.proinca.es\/madridfansblog\/wp-json\/wp\/v2\/users\/4"}],"replies":[{"embeddable":true,"href":"https:\/\/www.proinca.es\/madridfansblog\/wp-json\/wp\/v2\/comments?post=2167"}],"version-history":[{"count":20,"href":"https:\/\/www.proinca.es\/madridfansblog\/wp-json\/wp\/v2\/posts\/2167\/revisions"}],"predecessor-version":[{"id":7657,"href":"https:\/\/www.proinca.es\/madridfansblog\/wp-json\/wp\/v2\/posts\/2167\/revisions\/7657"}],"wp:featuredmedia":[{"embeddable":true,"href":"https:\/\/www.proinca.es\/madridfansblog\/wp-json\/wp\/v2\/media\/7110"}],"wp:attachment":[{"href":"https:\/\/www.proinca.es\/madridfansblog\/wp-json\/wp\/v2\/media?parent=2167"}],"wp:term":[{"taxonomy":"category","embeddable":true,"href":"https:\/\/www.proinca.es\/madridfansblog\/wp-json\/wp\/v2\/categories?post=2167"},{"taxonomy":"post_tag","embeddable":true,"href":"https:\/\/www.proinca.es\/madridfansblog\/wp-json\/wp\/v2\/tags?post=2167"}],"curies":[{"name":"wp","href":"https:\/\/api.w.org\/{rel}","templated":true}]}}