{"id":2252,"date":"2014-03-18T11:01:49","date_gmt":"2014-03-18T10:01:49","guid":{"rendered":"http:\/\/www.proinca.es\/madridfansblog\/?p=2252"},"modified":"2025-05-28T16:01:00","modified_gmt":"2025-05-28T14:01:00","slug":"un-dia-cani-en-madrid-remando-en-el-retiro-cambio-de-guardia-cocido-madrileno","status":"publish","type":"post","link":"https:\/\/www.proinca.es\/madridfansblog\/un-dia-cani-en-madrid-remando-en-el-retiro-cambio-de-guardia-cocido-madrileno\/","title":{"rendered":"UN D\u00cdA &#8216;CA\u00d1\u00cd&#8217; EN MADRID: REMANDO EN EL RETIRO + CAMBIO DE GUARDIA + COCIDO MADRILE\u00d1O"},"content":{"rendered":"<p>En Madrid, hay tres cosas que no puedes pasar por alto para experimentar una jornada <em>typical<\/em> madrile\u00f1a.<\/p>\n<p><!--more-->Primero: <strong>Remar<\/strong> hasta la extenuaci\u00f3n en el lago artificial del <strong>parque del Retiro<\/strong>. Es un cl\u00e1sico, para qu\u00e9 vamos a enga\u00f1arnos, porque por muy <em>guiri<\/em> que nos parezca la idea, todos acabamos en medio del estanque tomando el sol bajo la atenta mirada de Alfonso XII. La estampa tiene mucho de rom\u00e1ntica, y tambi\u00e9n de temeraria, ya que dicen por ah\u00ed que si te caes en su interior, quiz\u00e1s no consigas salir. Y es que, al parecer, entre los miles de peces que viven en las aguas del lago hay alguno de casi un metro de longitud. Nosotros, por si acaso, \u00a1no sacar\u00edamos las manos de la barca!<\/p>\n<p>Segundo: Coge un buen sitio cerca del patio principal del Palacio de Oriente, prepara tu c\u00e1mara y disfruta del cambio de guardia que se celebra todos los mi\u00e9rcoles, desde el mes de octubre hasta julio, a las once de la ma\u00f1ana. \u00bfAcaso cre\u00edas que solo en Buckingham disfrutaban de este acto solemne? En Madrid, cada primer mi\u00e9rcoles de mes, tiene lugar el relevo m\u00e1s espectacular, casi 100 caballos participan en el acto.<\/p>\n<p>Tercero: Con tanto ir y venir seguro que te ha entrado hambre, \u00bfverdad? Toca comer y, estando en Madrid, nada mejor que un cocido. La verdad es que un buen plato de este popular manjar se come en cualquier restaurante del centro de la ciudad, sin embargo, los hay con fama y solera, como La Bola, Casa Lucio o Casa Bot\u00edn.<\/p>\n<p>Ahora que conoces los secretos para disfrutar de un verdadero d\u00eda de ocio en <strong>Madrid<\/strong>, s\u00ed, s\u00ed, de esos que comienzan con un sol abrumador en la plaza de Oriente y terminan entre pinchos al atardecer en la Cava baja, no tienes m\u00e1s que buscar un hueco en la agenda y dejarte llevar.<\/p>\n<p>\u00a1Qu\u00e9 aproveche!<\/p>\n<p>Informaci\u00f3n patrocinada por <strong><a title=\"Proinca. Apartamentos de alquiler en Madrid\" href=\"http:\/\/www.proinca.es\">Proinca: alquilar apartamento en Madrid<\/a><\/strong><\/p>\n<p>Foto de Lazar Krsti\u0107 en Unsplash<\/p>\n\n\n<div class=\"kk-star-ratings kksr-auto kksr-align-left kksr-valign-bottom\"\n    data-payload='{&quot;align&quot;:&quot;left&quot;,&quot;id&quot;:&quot;2252&quot;,&quot;slug&quot;:&quot;default&quot;,&quot;valign&quot;:&quot;bottom&quot;,&quot;ignore&quot;:&quot;&quot;,&quot;reference&quot;:&quot;auto&quot;,&quot;class&quot;:&quot;&quot;,&quot;count&quot;:&quot;0&quot;,&quot;legendonly&quot;:&quot;&quot;,&quot;readonly&quot;:&quot;&quot;,&quot;score&quot;:&quot;0&quot;,&quot;starsonly&quot;:&quot;&quot;,&quot;best&quot;:&quot;5&quot;,&quot;gap&quot;:&quot;1&quot;,&quot;greet&quot;:&quot;Valora este art\u00edculo&quot;,&quot;legend&quot;:&quot;0\\\/5 - (0 votos)&quot;,&quot;size&quot;:&quot;24&quot;,&quot;title&quot;:&quot;UN D\u00cdA \\u0026#039;CA\u00d1\u00cd\\u0026#039; EN MADRID: REMANDO EN EL RETIRO + CAMBIO DE GUARDIA + COCIDO MADRILE\u00d1O&quot;,&quot;width&quot;:&quot;0&quot;,&quot;_legend&quot;:&quot;{score}\\\/{best} - ({count} {votes})&quot;,&quot;font_factor&quot;:&quot;1.25&quot;}'>\n            \n<div class=\"kksr-stars\">\n    \n<div class=\"kksr-stars-inactive\">\n            <div class=\"kksr-star\" data-star=\"1\" style=\"padding-right: 1px\">\n            \n\n<div class=\"kksr-icon\" style=\"width: 24px; height: 24px;\"><\/div>\n        <\/div>\n            <div class=\"kksr-star\" data-star=\"2\" style=\"padding-right: 1px\">\n            \n\n<div class=\"kksr-icon\" style=\"width: 24px; height: 24px;\"><\/div>\n        <\/div>\n            <div class=\"kksr-star\" data-star=\"3\" style=\"padding-right: 1px\">\n            \n\n<div class=\"kksr-icon\" style=\"width: 24px; height: 24px;\"><\/div>\n        <\/div>\n            <div class=\"kksr-star\" data-star=\"4\" style=\"padding-right: 1px\">\n            \n\n<div class=\"kksr-icon\" style=\"width: 24px; height: 24px;\"><\/div>\n        <\/div>\n            <div class=\"kksr-star\" data-star=\"5\" style=\"padding-right: 1px\">\n            \n\n<div class=\"kksr-icon\" style=\"width: 24px; height: 24px;\"><\/div>\n        <\/div>\n    <\/div>\n    \n<div class=\"kksr-stars-active\" style=\"width: 0px;\">\n            <div class=\"kksr-star\" style=\"padding-right: 1px\">\n            \n\n<div class=\"kksr-icon\" style=\"width: 24px; height: 24px;\"><\/div>\n        <\/div>\n            <div class=\"kksr-star\" style=\"padding-right: 1px\">\n            \n\n<div class=\"kksr-icon\" style=\"width: 24px; height: 24px;\"><\/div>\n        <\/div>\n            <div class=\"kksr-star\" style=\"padding-right: 1px\">\n            \n\n<div class=\"kksr-icon\" style=\"width: 24px; height: 24px;\"><\/div>\n        <\/div>\n            <div class=\"kksr-star\" style=\"padding-right: 1px\">\n            \n\n<div class=\"kksr-icon\" style=\"width: 24px; height: 24px;\"><\/div>\n        <\/div>\n            <div class=\"kksr-star\" style=\"padding-right: 1px\">\n            \n\n<div class=\"kksr-icon\" style=\"width: 24px; height: 24px;\"><\/div>\n        <\/div>\n    <\/div>\n<\/div>\n                \n\n<div class=\"kksr-legend\" style=\"font-size: 19.2px;\">\n            <span class=\"kksr-muted\">Valora este art\u00edculo<\/span>\n    <\/div>\n    <\/div>\n","protected":false},"excerpt":{"rendered":"<p>En Madrid, hay tres cosas que no puedes pasar por  [&#8230;]<\/p>\n","protected":false},"author":4,"featured_media":7118,"comment_status":"closed","ping_status":"closed","sticky":false,"template":"","format":"standard","meta":{"footnotes":""},"categories":[79],"tags":[36,63,23,5,20,31,34],"class_list":["post-2252","post","type-post","status-publish","format-standard","has-post-thumbnail","hentry","category-vivir-madrid","tag-afterwork","tag-cultura","tag-free","tag-madrid","tag-ocio","tag-restaurantes","tag-tour-madrid"],"yoast_head":"<!-- This site is optimized with the Yoast SEO plugin v27.4 - https:\/\/yoast.com\/product\/yoast-seo-wordpress\/ -->\n<title>Parque del Retiro.Proinca apartamentos de alquiler Madrid<\/title>\n<meta name=\"description\" content=\"Un d\u00eda muy &#039;ca\u00f1\u00ed&#039;: remar en el Parque del Retiro +Cambio de Guardia en el Palacio de Oriente + cocido madrile\u00f1o.Proinca Apartamentos de alquiler en Madrid Norte\" \/>\n<meta name=\"robots\" content=\"index, follow, max-snippet:-1, max-image-preview:large, max-video-preview:-1\" \/>\n<link rel=\"canonical\" href=\"https:\/\/www.proinca.es\/madridfansblog\/un-dia-cani-en-madrid-remando-en-el-retiro-cambio-de-guardia-cocido-madrileno\/\" \/>\n<meta property=\"og:locale\" content=\"es_ES\" \/>\n<meta property=\"og:type\" content=\"article\" \/>\n<meta property=\"og:title\" content=\"Parque del Retiro.Proinca apartamentos de alquiler Madrid\" \/>\n<meta property=\"og:description\" content=\"Un d\u00eda muy &#039;ca\u00f1\u00ed&#039;: remar en el Parque del Retiro +Cambio de Guardia en el Palacio de Oriente + cocido madrile\u00f1o.Proinca Apartamentos de alquiler en Madrid Norte\" \/>\n<meta property=\"og:url\" content=\"https:\/\/www.proinca.es\/madridfansblog\/un-dia-cani-en-madrid-remando-en-el-retiro-cambio-de-guardia-cocido-madrileno\/\" \/>\n<meta property=\"og:site_name\" content=\"Blog Proinca Madrid\" \/>\n<meta property=\"article:published_time\" content=\"2014-03-18T10:01:49+00:00\" \/>\n<meta property=\"article:modified_time\" content=\"2025-05-28T14:01:00+00:00\" \/>\n<meta property=\"og:image\" content=\"https:\/\/www.proinca.es\/madridfansblog\/wp-content\/uploads\/2014\/03\/remando-en-el-retiro.jpg\" \/>\n\t<meta property=\"og:image:width\" content=\"1000\" \/>\n\t<meta property=\"og:image:height\" content=\"563\" \/>\n\t<meta property=\"og:image:type\" content=\"image\/jpeg\" \/>\n<meta name=\"author\" content=\"Ana Calero\" \/>\n<script type=\"application\/ld+json\" class=\"yoast-schema-graph\">{\"@context\":\"https:\\\/\\\/schema.org\",\"@graph\":[{\"@type\":\"Article\",\"@id\":\"https:\\\/\\\/www.proinca.es\\\/madridfansblog\\\/un-dia-cani-en-madrid-remando-en-el-retiro-cambio-de-guardia-cocido-madrileno\\\/#article\",\"isPartOf\":{\"@id\":\"https:\\\/\\\/www.proinca.es\\\/madridfansblog\\\/un-dia-cani-en-madrid-remando-en-el-retiro-cambio-de-guardia-cocido-madrileno\\\/\"},\"author\":{\"name\":\"Ana Calero\",\"@id\":\"https:\\\/\\\/www.proinca.es\\\/madridfansblog\\\/#\\\/schema\\\/person\\\/8401adc89c0a0f5a3574c43326247f1e\"},\"headline\":\"UN D\u00cdA &#8216;CA\u00d1\u00cd&#8217; EN MADRID: REMANDO EN EL RETIRO + CAMBIO DE GUARDIA + COCIDO MADRILE\u00d1O\",\"datePublished\":\"2014-03-18T10:01:49+00:00\",\"dateModified\":\"2025-05-28T14:01:00+00:00\",\"mainEntityOfPage\":{\"@id\":\"https:\\\/\\\/www.proinca.es\\\/madridfansblog\\\/un-dia-cani-en-madrid-remando-en-el-retiro-cambio-de-guardia-cocido-madrileno\\\/\"},\"wordCount\":360,\"publisher\":{\"@id\":\"https:\\\/\\\/www.proinca.es\\\/madridfansblog\\\/#organization\"},\"image\":{\"@id\":\"https:\\\/\\\/www.proinca.es\\\/madridfansblog\\\/un-dia-cani-en-madrid-remando-en-el-retiro-cambio-de-guardia-cocido-madrileno\\\/#primaryimage\"},\"thumbnailUrl\":\"https:\\\/\\\/www.proinca.es\\\/madridfansblog\\\/wp-content\\\/uploads\\\/2014\\\/03\\\/remando-en-el-retiro.jpg\",\"keywords\":[\"Afterwork\",\"Cultura\",\"Free\",\"Madrid\",\"Ocio\",\"Restaurantes\",\"Tour Madrid\"],\"articleSection\":[\"VIVIR MADRID\"],\"inLanguage\":\"es\"},{\"@type\":\"WebPage\",\"@id\":\"https:\\\/\\\/www.proinca.es\\\/madridfansblog\\\/un-dia-cani-en-madrid-remando-en-el-retiro-cambio-de-guardia-cocido-madrileno\\\/\",\"url\":\"https:\\\/\\\/www.proinca.es\\\/madridfansblog\\\/un-dia-cani-en-madrid-remando-en-el-retiro-cambio-de-guardia-cocido-madrileno\\\/\",\"name\":\"Parque del Retiro.Proinca apartamentos de alquiler Madrid\",\"isPartOf\":{\"@id\":\"https:\\\/\\\/www.proinca.es\\\/madridfansblog\\\/#website\"},\"primaryImageOfPage\":{\"@id\":\"https:\\\/\\\/www.proinca.es\\\/madridfansblog\\\/un-dia-cani-en-madrid-remando-en-el-retiro-cambio-de-guardia-cocido-madrileno\\\/#primaryimage\"},\"image\":{\"@id\":\"https:\\\/\\\/www.proinca.es\\\/madridfansblog\\\/un-dia-cani-en-madrid-remando-en-el-retiro-cambio-de-guardia-cocido-madrileno\\\/#primaryimage\"},\"thumbnailUrl\":\"https:\\\/\\\/www.proinca.es\\\/madridfansblog\\\/wp-content\\\/uploads\\\/2014\\\/03\\\/remando-en-el-retiro.jpg\",\"datePublished\":\"2014-03-18T10:01:49+00:00\",\"dateModified\":\"2025-05-28T14:01:00+00:00\",\"description\":\"Un d\u00eda muy 'ca\u00f1\u00ed': remar en el Parque del Retiro +Cambio de Guardia en el Palacio de Oriente + cocido madrile\u00f1o.Proinca Apartamentos de alquiler en Madrid Norte\",\"inLanguage\":\"es\",\"potentialAction\":[{\"@type\":\"ReadAction\",\"target\":[\"https:\\\/\\\/www.proinca.es\\\/madridfansblog\\\/un-dia-cani-en-madrid-remando-en-el-retiro-cambio-de-guardia-cocido-madrileno\\\/\"]}]},{\"@type\":\"ImageObject\",\"inLanguage\":\"es\",\"@id\":\"https:\\\/\\\/www.proinca.es\\\/madridfansblog\\\/un-dia-cani-en-madrid-remando-en-el-retiro-cambio-de-guardia-cocido-madrileno\\\/#primaryimage\",\"url\":\"https:\\\/\\\/www.proinca.es\\\/madridfansblog\\\/wp-content\\\/uploads\\\/2014\\\/03\\\/remando-en-el-retiro.jpg\",\"contentUrl\":\"https:\\\/\\\/www.proinca.es\\\/madridfansblog\\\/wp-content\\\/uploads\\\/2014\\\/03\\\/remando-en-el-retiro.jpg\",\"width\":1000,\"height\":563,\"caption\":\"Un d\u00eda can\u00ed en Madrid: remando en el retiro + cambio de guardia + cocido madrile\u00f1o\"},{\"@type\":\"WebSite\",\"@id\":\"https:\\\/\\\/www.proinca.es\\\/madridfansblog\\\/#website\",\"url\":\"https:\\\/\\\/www.proinca.es\\\/madridfansblog\\\/\",\"name\":\"Madrid Fans Blog Proinca\",\"description\":\"Pisos y apartamentos de alquiler en Madrid\",\"publisher\":{\"@id\":\"https:\\\/\\\/www.proinca.es\\\/madridfansblog\\\/#organization\"},\"potentialAction\":[{\"@type\":\"SearchAction\",\"target\":{\"@type\":\"EntryPoint\",\"urlTemplate\":\"https:\\\/\\\/www.proinca.es\\\/madridfansblog\\\/?s={search_term_string}\"},\"query-input\":{\"@type\":\"PropertyValueSpecification\",\"valueRequired\":true,\"valueName\":\"search_term_string\"}}],\"inLanguage\":\"es\"},{\"@type\":\"Organization\",\"@id\":\"https:\\\/\\\/www.proinca.es\\\/madridfansblog\\\/#organization\",\"name\":\"Proinca\",\"url\":\"https:\\\/\\\/www.proinca.es\\\/madridfansblog\\\/\",\"logo\":{\"@type\":\"ImageObject\",\"inLanguage\":\"es\",\"@id\":\"https:\\\/\\\/www.proinca.es\\\/madridfansblog\\\/#\\\/schema\\\/logo\\\/image\\\/\",\"url\":\"https:\\\/\\\/www.proinca.es\\\/madridfansblog\\\/wp-content\\\/uploads\\\/2022\\\/03\\\/logo-proinca.jpg\",\"contentUrl\":\"https:\\\/\\\/www.proinca.es\\\/madridfansblog\\\/wp-content\\\/uploads\\\/2022\\\/03\\\/logo-proinca.jpg\",\"width\":522,\"height\":250,\"caption\":\"Proinca\"},\"image\":{\"@id\":\"https:\\\/\\\/www.proinca.es\\\/madridfansblog\\\/#\\\/schema\\\/logo\\\/image\\\/\"}},{\"@type\":\"Person\",\"@id\":\"https:\\\/\\\/www.proinca.es\\\/madridfansblog\\\/#\\\/schema\\\/person\\\/8401adc89c0a0f5a3574c43326247f1e\",\"name\":\"Ana Calero\",\"image\":{\"@type\":\"ImageObject\",\"inLanguage\":\"es\",\"@id\":\"https:\\\/\\\/www.proinca.es\\\/madridfansblog\\\/wp-content\\\/litespeed\\\/avatar\\\/ef51b25c0718910f475570320941ef46.jpg?ver=1777379772\",\"url\":\"https:\\\/\\\/www.proinca.es\\\/madridfansblog\\\/wp-content\\\/litespeed\\\/avatar\\\/ef51b25c0718910f475570320941ef46.jpg?ver=1777379772\",\"contentUrl\":\"https:\\\/\\\/www.proinca.es\\\/madridfansblog\\\/wp-content\\\/litespeed\\\/avatar\\\/ef51b25c0718910f475570320941ef46.jpg?ver=1777379772\",\"caption\":\"Ana Calero\"},\"description\":\"Licenciada en Ciencias Empresariales por la Universidad Aut\u00f3noma de Madrid. Forma parte del equipo de Apartamentos Proinca y es una enamorada de Madrid\",\"sameAs\":[\"https:\\\/\\\/www.proinca.es\\\/madridfansblog\\\/ana-calero\\\/\"]}]}<\/script>\n<!-- \/ Yoast SEO plugin. -->","yoast_head_json":{"title":"Parque del Retiro.Proinca apartamentos de alquiler Madrid","description":"Un d\u00eda muy 'ca\u00f1\u00ed': remar en el Parque del Retiro +Cambio de Guardia en el Palacio de Oriente + cocido madrile\u00f1o.Proinca Apartamentos de alquiler en Madrid Norte","robots":{"index":"index","follow":"follow","max-snippet":"max-snippet:-1","max-image-preview":"max-image-preview:large","max-video-preview":"max-video-preview:-1"},"canonical":"https:\/\/www.proinca.es\/madridfansblog\/un-dia-cani-en-madrid-remando-en-el-retiro-cambio-de-guardia-cocido-madrileno\/","og_locale":"es_ES","og_type":"article","og_title":"Parque del Retiro.Proinca apartamentos de alquiler Madrid","og_description":"Un d\u00eda muy 'ca\u00f1\u00ed': remar en el Parque del Retiro +Cambio de Guardia en el Palacio de Oriente + cocido madrile\u00f1o.Proinca Apartamentos de alquiler en Madrid Norte","og_url":"https:\/\/www.proinca.es\/madridfansblog\/un-dia-cani-en-madrid-remando-en-el-retiro-cambio-de-guardia-cocido-madrileno\/","og_site_name":"Blog Proinca Madrid","article_published_time":"2014-03-18T10:01:49+00:00","article_modified_time":"2025-05-28T14:01:00+00:00","og_image":[{"width":1000,"height":563,"url":"https:\/\/www.proinca.es\/madridfansblog\/wp-content\/uploads\/2014\/03\/remando-en-el-retiro.jpg","type":"image\/jpeg"}],"author":"Ana Calero","schema":{"@context":"https:\/\/schema.org","@graph":[{"@type":"Article","@id":"https:\/\/www.proinca.es\/madridfansblog\/un-dia-cani-en-madrid-remando-en-el-retiro-cambio-de-guardia-cocido-madrileno\/#article","isPartOf":{"@id":"https:\/\/www.proinca.es\/madridfansblog\/un-dia-cani-en-madrid-remando-en-el-retiro-cambio-de-guardia-cocido-madrileno\/"},"author":{"name":"Ana Calero","@id":"https:\/\/www.proinca.es\/madridfansblog\/#\/schema\/person\/8401adc89c0a0f5a3574c43326247f1e"},"headline":"UN D\u00cdA &#8216;CA\u00d1\u00cd&#8217; EN MADRID: REMANDO EN EL RETIRO + CAMBIO DE GUARDIA + COCIDO MADRILE\u00d1O","datePublished":"2014-03-18T10:01:49+00:00","dateModified":"2025-05-28T14:01:00+00:00","mainEntityOfPage":{"@id":"https:\/\/www.proinca.es\/madridfansblog\/un-dia-cani-en-madrid-remando-en-el-retiro-cambio-de-guardia-cocido-madrileno\/"},"wordCount":360,"publisher":{"@id":"https:\/\/www.proinca.es\/madridfansblog\/#organization"},"image":{"@id":"https:\/\/www.proinca.es\/madridfansblog\/un-dia-cani-en-madrid-remando-en-el-retiro-cambio-de-guardia-cocido-madrileno\/#primaryimage"},"thumbnailUrl":"https:\/\/www.proinca.es\/madridfansblog\/wp-content\/uploads\/2014\/03\/remando-en-el-retiro.jpg","keywords":["Afterwork","Cultura","Free","Madrid","Ocio","Restaurantes","Tour Madrid"],"articleSection":["VIVIR MADRID"],"inLanguage":"es"},{"@type":"WebPage","@id":"https:\/\/www.proinca.es\/madridfansblog\/un-dia-cani-en-madrid-remando-en-el-retiro-cambio-de-guardia-cocido-madrileno\/","url":"https:\/\/www.proinca.es\/madridfansblog\/un-dia-cani-en-madrid-remando-en-el-retiro-cambio-de-guardia-cocido-madrileno\/","name":"Parque del Retiro.Proinca apartamentos de alquiler Madrid","isPartOf":{"@id":"https:\/\/www.proinca.es\/madridfansblog\/#website"},"primaryImageOfPage":{"@id":"https:\/\/www.proinca.es\/madridfansblog\/un-dia-cani-en-madrid-remando-en-el-retiro-cambio-de-guardia-cocido-madrileno\/#primaryimage"},"image":{"@id":"https:\/\/www.proinca.es\/madridfansblog\/un-dia-cani-en-madrid-remando-en-el-retiro-cambio-de-guardia-cocido-madrileno\/#primaryimage"},"thumbnailUrl":"https:\/\/www.proinca.es\/madridfansblog\/wp-content\/uploads\/2014\/03\/remando-en-el-retiro.jpg","datePublished":"2014-03-18T10:01:49+00:00","dateModified":"2025-05-28T14:01:00+00:00","description":"Un d\u00eda muy 'ca\u00f1\u00ed': remar en el Parque del Retiro +Cambio de Guardia en el Palacio de Oriente + cocido madrile\u00f1o.Proinca Apartamentos de alquiler en Madrid Norte","inLanguage":"es","potentialAction":[{"@type":"ReadAction","target":["https:\/\/www.proinca.es\/madridfansblog\/un-dia-cani-en-madrid-remando-en-el-retiro-cambio-de-guardia-cocido-madrileno\/"]}]},{"@type":"ImageObject","inLanguage":"es","@id":"https:\/\/www.proinca.es\/madridfansblog\/un-dia-cani-en-madrid-remando-en-el-retiro-cambio-de-guardia-cocido-madrileno\/#primaryimage","url":"https:\/\/www.proinca.es\/madridfansblog\/wp-content\/uploads\/2014\/03\/remando-en-el-retiro.jpg","contentUrl":"https:\/\/www.proinca.es\/madridfansblog\/wp-content\/uploads\/2014\/03\/remando-en-el-retiro.jpg","width":1000,"height":563,"caption":"Un d\u00eda can\u00ed en Madrid: remando en el retiro + cambio de guardia + cocido madrile\u00f1o"},{"@type":"WebSite","@id":"https:\/\/www.proinca.es\/madridfansblog\/#website","url":"https:\/\/www.proinca.es\/madridfansblog\/","name":"Madrid Fans Blog Proinca","description":"Pisos y apartamentos de alquiler en Madrid","publisher":{"@id":"https:\/\/www.proinca.es\/madridfansblog\/#organization"},"potentialAction":[{"@type":"SearchAction","target":{"@type":"EntryPoint","urlTemplate":"https:\/\/www.proinca.es\/madridfansblog\/?s={search_term_string}"},"query-input":{"@type":"PropertyValueSpecification","valueRequired":true,"valueName":"search_term_string"}}],"inLanguage":"es"},{"@type":"Organization","@id":"https:\/\/www.proinca.es\/madridfansblog\/#organization","name":"Proinca","url":"https:\/\/www.proinca.es\/madridfansblog\/","logo":{"@type":"ImageObject","inLanguage":"es","@id":"https:\/\/www.proinca.es\/madridfansblog\/#\/schema\/logo\/image\/","url":"https:\/\/www.proinca.es\/madridfansblog\/wp-content\/uploads\/2022\/03\/logo-proinca.jpg","contentUrl":"https:\/\/www.proinca.es\/madridfansblog\/wp-content\/uploads\/2022\/03\/logo-proinca.jpg","width":522,"height":250,"caption":"Proinca"},"image":{"@id":"https:\/\/www.proinca.es\/madridfansblog\/#\/schema\/logo\/image\/"}},{"@type":"Person","@id":"https:\/\/www.proinca.es\/madridfansblog\/#\/schema\/person\/8401adc89c0a0f5a3574c43326247f1e","name":"Ana Calero","image":{"@type":"ImageObject","inLanguage":"es","@id":"https:\/\/www.proinca.es\/madridfansblog\/wp-content\/litespeed\/avatar\/ef51b25c0718910f475570320941ef46.jpg?ver=1777379772","url":"https:\/\/www.proinca.es\/madridfansblog\/wp-content\/litespeed\/avatar\/ef51b25c0718910f475570320941ef46.jpg?ver=1777379772","contentUrl":"https:\/\/www.proinca.es\/madridfansblog\/wp-content\/litespeed\/avatar\/ef51b25c0718910f475570320941ef46.jpg?ver=1777379772","caption":"Ana Calero"},"description":"Licenciada en Ciencias Empresariales por la Universidad Aut\u00f3noma de Madrid. Forma parte del equipo de Apartamentos Proinca y es una enamorada de Madrid","sameAs":["https:\/\/www.proinca.es\/madridfansblog\/ana-calero\/"]}]}},"_links":{"self":[{"href":"https:\/\/www.proinca.es\/madridfansblog\/wp-json\/wp\/v2\/posts\/2252","targetHints":{"allow":["GET"]}}],"collection":[{"href":"https:\/\/www.proinca.es\/madridfansblog\/wp-json\/wp\/v2\/posts"}],"about":[{"href":"https:\/\/www.proinca.es\/madridfansblog\/wp-json\/wp\/v2\/types\/post"}],"author":[{"embeddable":true,"href":"https:\/\/www.proinca.es\/madridfansblog\/wp-json\/wp\/v2\/users\/4"}],"replies":[{"embeddable":true,"href":"https:\/\/www.proinca.es\/madridfansblog\/wp-json\/wp\/v2\/comments?post=2252"}],"version-history":[{"count":18,"href":"https:\/\/www.proinca.es\/madridfansblog\/wp-json\/wp\/v2\/posts\/2252\/revisions"}],"predecessor-version":[{"id":7654,"href":"https:\/\/www.proinca.es\/madridfansblog\/wp-json\/wp\/v2\/posts\/2252\/revisions\/7654"}],"wp:featuredmedia":[{"embeddable":true,"href":"https:\/\/www.proinca.es\/madridfansblog\/wp-json\/wp\/v2\/media\/7118"}],"wp:attachment":[{"href":"https:\/\/www.proinca.es\/madridfansblog\/wp-json\/wp\/v2\/media?parent=2252"}],"wp:term":[{"taxonomy":"category","embeddable":true,"href":"https:\/\/www.proinca.es\/madridfansblog\/wp-json\/wp\/v2\/categories?post=2252"},{"taxonomy":"post_tag","embeddable":true,"href":"https:\/\/www.proinca.es\/madridfansblog\/wp-json\/wp\/v2\/tags?post=2252"}],"curies":[{"name":"wp","href":"https:\/\/api.w.org\/{rel}","templated":true}]}}