{"id":2339,"date":"2014-04-08T11:21:54","date_gmt":"2014-04-08T09:21:54","guid":{"rendered":"http:\/\/www.proinca.es\/madridfansblog\/?p=2339"},"modified":"2025-05-28T13:48:27","modified_gmt":"2025-05-28T11:48:27","slug":"comete-lo-mejor-de-la-gastronomia-de-madrid","status":"publish","type":"post","link":"https:\/\/www.proinca.es\/madridfansblog\/comete-lo-mejor-de-la-gastronomia-de-madrid\/","title":{"rendered":"C\u00d3METE LO MEJOR DE LA GASTRONOM\u00cdA DE MADRID"},"content":{"rendered":"<p>No hay que irse a Madrid Fusi\u00f3n para disfrutar de lo mejor de la <strong>gastronom\u00eda de Madrid<\/strong>, basta con dar un paseo por el centro de la ciudad para contar con alternativas suculentas, de siempre o innovadoras.<!--more--><\/p>\n<p>Hoy os vamos a proponer algunos de los <em>topicazos<\/em> m\u00e1s ricos de Madrid. Comenzamos con un cl\u00e1sico, el cocido madrile\u00f1o, de fama internacional. Para degustarlo en su versi\u00f3n cl\u00e1sica, os dejamos los que no necesitan presentaci\u00f3n, sencillos o sofisticados, eso lo dejamos a tu elecci\u00f3n: La Bola, La Gran Tasca, Lhardy, Casa Carola, Casa Bot\u00edn, Casa Lucio, Malacatin o la Taberna de Daniela, y si vas a mediod\u00eda, m\u00e1s vale que no hagas planes por la tarde, porque \u00a1apenas podr\u00e1s moverte!<\/p>\n<p>Y de un t\u00f3pico a otro, el famoso bocata de calamares. Si es domingo y has pasado la ma\u00f1ana cerca de Atocha, dir\u00edgete a El Brillante, digan lo que digan, sigue siendo el mejor bocadillo de calamares de <strong>Madrid<\/strong>; si por el contrario has decidido pasear por la plaza Mayor y sus inmediaciones, cuentas con varias opciones nada desde\u00f1ables, dos de ellas son Cervecer\u00eda Plaza Mayor o La Campana.<\/p>\n<p>\u00a1A\u00fan no has probado los callos en Madrid, no tienes perd\u00f3n! En Cervecer\u00eda La Alemana los prepara muy bien, aunque El Land\u00f3 se lleva la palma, que se lo digan al buen pu\u00f1ado de famosos hollywoodienses que han pasado por sus mesas. San Mam\u00e9s y Lhardy tambi\u00e9n tienen fama de preparar los callos como en ning\u00fan otro sitio.<\/p>\n<p>El bacalao rebozado, se nos hace la boca agua solo de imaginarnos una tajada\u2026 Dicen que el mejor se come en la taberna Casa Labra, aunque la Casa Revuelta (Latoneros, 3) no tiene nada que envidiarle, de hecho, sus fans aseguran que no comen el bacalao rebozado en ning\u00fan otro sitio.<\/p>\n<p>Las patatas bravas, como no, en Docamar, \u201clas mejores desde 1963\u201d, como reza su slogan. Los Chicos, en Guzm\u00e1n el Bueno, 33, y Las Bravas, en el Pasaje de Matheu, son tambi\u00e9n lugar de obligada visita para los amantes de la inigualable salsa brava, esa de color naranjita que no, \u00a1no consiste en mezclar sin m\u00e1s k\u00e9tchup con mahonesa!<\/p>\n<p>\u00a1Esperamos que disfrutes de la <strong>gastronom\u00eda de Madrid!<\/strong><\/p>\n<p>Informaci\u00f3n patrocinada por <strong><a title=\"Alquilar apartamento en Madrid\" href=\"http:\/\/www.proinca.es\">Proinca: alquilar apartamento en Madrid<\/a><\/strong><\/p>\n<p>Foto de Eduardo Rodriguez en Unsplash<\/p>\n\n\n<div class=\"kk-star-ratings kksr-auto kksr-align-left kksr-valign-bottom\"\n    data-payload='{&quot;align&quot;:&quot;left&quot;,&quot;id&quot;:&quot;2339&quot;,&quot;slug&quot;:&quot;default&quot;,&quot;valign&quot;:&quot;bottom&quot;,&quot;ignore&quot;:&quot;&quot;,&quot;reference&quot;:&quot;auto&quot;,&quot;class&quot;:&quot;&quot;,&quot;count&quot;:&quot;0&quot;,&quot;legendonly&quot;:&quot;&quot;,&quot;readonly&quot;:&quot;&quot;,&quot;score&quot;:&quot;0&quot;,&quot;starsonly&quot;:&quot;&quot;,&quot;best&quot;:&quot;5&quot;,&quot;gap&quot;:&quot;1&quot;,&quot;greet&quot;:&quot;Valora este art\u00edculo&quot;,&quot;legend&quot;:&quot;0\\\/5 - (0 votos)&quot;,&quot;size&quot;:&quot;24&quot;,&quot;title&quot;:&quot;C\u00d3METE LO MEJOR DE LA GASTRONOM\u00cdA DE MADRID&quot;,&quot;width&quot;:&quot;0&quot;,&quot;_legend&quot;:&quot;{score}\\\/{best} - ({count} {votes})&quot;,&quot;font_factor&quot;:&quot;1.25&quot;}'>\n            \n<div class=\"kksr-stars\">\n    \n<div class=\"kksr-stars-inactive\">\n            <div class=\"kksr-star\" data-star=\"1\" style=\"padding-right: 1px\">\n            \n\n<div class=\"kksr-icon\" style=\"width: 24px; height: 24px;\"><\/div>\n        <\/div>\n            <div class=\"kksr-star\" data-star=\"2\" style=\"padding-right: 1px\">\n            \n\n<div class=\"kksr-icon\" style=\"width: 24px; height: 24px;\"><\/div>\n        <\/div>\n            <div class=\"kksr-star\" data-star=\"3\" style=\"padding-right: 1px\">\n            \n\n<div class=\"kksr-icon\" style=\"width: 24px; height: 24px;\"><\/div>\n        <\/div>\n            <div class=\"kksr-star\" data-star=\"4\" style=\"padding-right: 1px\">\n            \n\n<div class=\"kksr-icon\" style=\"width: 24px; height: 24px;\"><\/div>\n        <\/div>\n            <div class=\"kksr-star\" data-star=\"5\" style=\"padding-right: 1px\">\n            \n\n<div class=\"kksr-icon\" style=\"width: 24px; height: 24px;\"><\/div>\n        <\/div>\n    <\/div>\n    \n<div class=\"kksr-stars-active\" style=\"width: 0px;\">\n            <div class=\"kksr-star\" style=\"padding-right: 1px\">\n            \n\n<div class=\"kksr-icon\" style=\"width: 24px; height: 24px;\"><\/div>\n        <\/div>\n            <div class=\"kksr-star\" style=\"padding-right: 1px\">\n            \n\n<div class=\"kksr-icon\" style=\"width: 24px; height: 24px;\"><\/div>\n        <\/div>\n            <div class=\"kksr-star\" style=\"padding-right: 1px\">\n            \n\n<div class=\"kksr-icon\" style=\"width: 24px; height: 24px;\"><\/div>\n        <\/div>\n            <div class=\"kksr-star\" style=\"padding-right: 1px\">\n            \n\n<div class=\"kksr-icon\" style=\"width: 24px; height: 24px;\"><\/div>\n        <\/div>\n            <div class=\"kksr-star\" style=\"padding-right: 1px\">\n            \n\n<div class=\"kksr-icon\" style=\"width: 24px; height: 24px;\"><\/div>\n        <\/div>\n    <\/div>\n<\/div>\n                \n\n<div class=\"kksr-legend\" style=\"font-size: 19.2px;\">\n            <span class=\"kksr-muted\">Valora este art\u00edculo<\/span>\n    <\/div>\n    <\/div>\n","protected":false},"excerpt":{"rendered":"<p>No hay que irse a Madrid Fusi\u00f3n para disfrutar de  [&#8230;]<\/p>\n","protected":false},"author":4,"featured_media":7124,"comment_status":"closed","ping_status":"closed","sticky":false,"template":"","format":"standard","meta":{"footnotes":""},"categories":[79],"tags":[36,30,5,31,46],"class_list":["post-2339","post","type-post","status-publish","format-standard","has-post-thumbnail","hentry","category-vivir-madrid","tag-afterwork","tag-gastronomia","tag-madrid","tag-restaurantes","tag-terrazas"],"yoast_head":"<!-- This site is optimized with the Yoast SEO plugin v27.4 - https:\/\/yoast.com\/product\/yoast-seo-wordpress\/ -->\n<title>Gastronomia Madrid.Proinca apartamentos de alquiler Madrid<\/title>\n<meta name=\"description\" content=\"Gastronom\u00eda de Madrid para todos los gustos y bolsillos, descubre las mejores y m\u00e1s t\u00edpicas propuestas. Proinca Apartamentos de alquiler en Madrid\" \/>\n<meta name=\"robots\" content=\"index, follow, max-snippet:-1, max-image-preview:large, max-video-preview:-1\" \/>\n<link rel=\"canonical\" href=\"https:\/\/www.proinca.es\/madridfansblog\/comete-lo-mejor-de-la-gastronomia-de-madrid\/\" \/>\n<meta property=\"og:locale\" content=\"es_ES\" \/>\n<meta property=\"og:type\" content=\"article\" \/>\n<meta property=\"og:title\" content=\"Gastronomia Madrid.Proinca apartamentos de alquiler Madrid\" \/>\n<meta property=\"og:description\" content=\"Gastronom\u00eda de Madrid para todos los gustos y bolsillos, descubre las mejores y m\u00e1s t\u00edpicas propuestas. Proinca Apartamentos de alquiler en Madrid\" \/>\n<meta property=\"og:url\" content=\"https:\/\/www.proinca.es\/madridfansblog\/comete-lo-mejor-de-la-gastronomia-de-madrid\/\" \/>\n<meta property=\"og:site_name\" content=\"Blog Proinca Madrid\" \/>\n<meta property=\"article:published_time\" content=\"2014-04-08T09:21:54+00:00\" \/>\n<meta property=\"article:modified_time\" content=\"2025-05-28T11:48:27+00:00\" \/>\n<meta property=\"og:image\" content=\"https:\/\/www.proinca.es\/madridfansblog\/wp-content\/uploads\/2014\/04\/mejor-gastronomia-madrid.jpg\" \/>\n\t<meta property=\"og:image:width\" content=\"1000\" \/>\n\t<meta property=\"og:image:height\" content=\"667\" \/>\n\t<meta property=\"og:image:type\" content=\"image\/jpeg\" \/>\n<meta name=\"author\" content=\"Ana Calero\" \/>\n<script type=\"application\/ld+json\" class=\"yoast-schema-graph\">{\"@context\":\"https:\\\/\\\/schema.org\",\"@graph\":[{\"@type\":\"Article\",\"@id\":\"https:\\\/\\\/www.proinca.es\\\/madridfansblog\\\/comete-lo-mejor-de-la-gastronomia-de-madrid\\\/#article\",\"isPartOf\":{\"@id\":\"https:\\\/\\\/www.proinca.es\\\/madridfansblog\\\/comete-lo-mejor-de-la-gastronomia-de-madrid\\\/\"},\"author\":{\"name\":\"Ana Calero\",\"@id\":\"https:\\\/\\\/www.proinca.es\\\/madridfansblog\\\/#\\\/schema\\\/person\\\/8401adc89c0a0f5a3574c43326247f1e\"},\"headline\":\"C\u00d3METE LO MEJOR DE LA GASTRONOM\u00cdA DE MADRID\",\"datePublished\":\"2014-04-08T09:21:54+00:00\",\"dateModified\":\"2025-05-28T11:48:27+00:00\",\"mainEntityOfPage\":{\"@id\":\"https:\\\/\\\/www.proinca.es\\\/madridfansblog\\\/comete-lo-mejor-de-la-gastronomia-de-madrid\\\/\"},\"wordCount\":416,\"publisher\":{\"@id\":\"https:\\\/\\\/www.proinca.es\\\/madridfansblog\\\/#organization\"},\"image\":{\"@id\":\"https:\\\/\\\/www.proinca.es\\\/madridfansblog\\\/comete-lo-mejor-de-la-gastronomia-de-madrid\\\/#primaryimage\"},\"thumbnailUrl\":\"https:\\\/\\\/www.proinca.es\\\/madridfansblog\\\/wp-content\\\/uploads\\\/2014\\\/04\\\/mejor-gastronomia-madrid.jpg\",\"keywords\":[\"Afterwork\",\"Gastronom\u00eda\",\"Madrid\",\"Restaurantes\",\"Terrazas\"],\"articleSection\":[\"VIVIR MADRID\"],\"inLanguage\":\"es\"},{\"@type\":\"WebPage\",\"@id\":\"https:\\\/\\\/www.proinca.es\\\/madridfansblog\\\/comete-lo-mejor-de-la-gastronomia-de-madrid\\\/\",\"url\":\"https:\\\/\\\/www.proinca.es\\\/madridfansblog\\\/comete-lo-mejor-de-la-gastronomia-de-madrid\\\/\",\"name\":\"Gastronomia Madrid.Proinca apartamentos de alquiler Madrid\",\"isPartOf\":{\"@id\":\"https:\\\/\\\/www.proinca.es\\\/madridfansblog\\\/#website\"},\"primaryImageOfPage\":{\"@id\":\"https:\\\/\\\/www.proinca.es\\\/madridfansblog\\\/comete-lo-mejor-de-la-gastronomia-de-madrid\\\/#primaryimage\"},\"image\":{\"@id\":\"https:\\\/\\\/www.proinca.es\\\/madridfansblog\\\/comete-lo-mejor-de-la-gastronomia-de-madrid\\\/#primaryimage\"},\"thumbnailUrl\":\"https:\\\/\\\/www.proinca.es\\\/madridfansblog\\\/wp-content\\\/uploads\\\/2014\\\/04\\\/mejor-gastronomia-madrid.jpg\",\"datePublished\":\"2014-04-08T09:21:54+00:00\",\"dateModified\":\"2025-05-28T11:48:27+00:00\",\"description\":\"Gastronom\u00eda de Madrid para todos los gustos y bolsillos, descubre las mejores y m\u00e1s t\u00edpicas propuestas. Proinca Apartamentos de alquiler en Madrid\",\"inLanguage\":\"es\",\"potentialAction\":[{\"@type\":\"ReadAction\",\"target\":[\"https:\\\/\\\/www.proinca.es\\\/madridfansblog\\\/comete-lo-mejor-de-la-gastronomia-de-madrid\\\/\"]}]},{\"@type\":\"ImageObject\",\"inLanguage\":\"es\",\"@id\":\"https:\\\/\\\/www.proinca.es\\\/madridfansblog\\\/comete-lo-mejor-de-la-gastronomia-de-madrid\\\/#primaryimage\",\"url\":\"https:\\\/\\\/www.proinca.es\\\/madridfansblog\\\/wp-content\\\/uploads\\\/2014\\\/04\\\/mejor-gastronomia-madrid.jpg\",\"contentUrl\":\"https:\\\/\\\/www.proinca.es\\\/madridfansblog\\\/wp-content\\\/uploads\\\/2014\\\/04\\\/mejor-gastronomia-madrid.jpg\",\"width\":1000,\"height\":667,\"caption\":\"C\u00f3mete lo mejor de la gastronom\u00eda de Madrid\"},{\"@type\":\"WebSite\",\"@id\":\"https:\\\/\\\/www.proinca.es\\\/madridfansblog\\\/#website\",\"url\":\"https:\\\/\\\/www.proinca.es\\\/madridfansblog\\\/\",\"name\":\"Madrid Fans Blog Proinca\",\"description\":\"Pisos y apartamentos de alquiler en Madrid\",\"publisher\":{\"@id\":\"https:\\\/\\\/www.proinca.es\\\/madridfansblog\\\/#organization\"},\"potentialAction\":[{\"@type\":\"SearchAction\",\"target\":{\"@type\":\"EntryPoint\",\"urlTemplate\":\"https:\\\/\\\/www.proinca.es\\\/madridfansblog\\\/?s={search_term_string}\"},\"query-input\":{\"@type\":\"PropertyValueSpecification\",\"valueRequired\":true,\"valueName\":\"search_term_string\"}}],\"inLanguage\":\"es\"},{\"@type\":\"Organization\",\"@id\":\"https:\\\/\\\/www.proinca.es\\\/madridfansblog\\\/#organization\",\"name\":\"Proinca\",\"url\":\"https:\\\/\\\/www.proinca.es\\\/madridfansblog\\\/\",\"logo\":{\"@type\":\"ImageObject\",\"inLanguage\":\"es\",\"@id\":\"https:\\\/\\\/www.proinca.es\\\/madridfansblog\\\/#\\\/schema\\\/logo\\\/image\\\/\",\"url\":\"https:\\\/\\\/www.proinca.es\\\/madridfansblog\\\/wp-content\\\/uploads\\\/2022\\\/03\\\/logo-proinca.jpg\",\"contentUrl\":\"https:\\\/\\\/www.proinca.es\\\/madridfansblog\\\/wp-content\\\/uploads\\\/2022\\\/03\\\/logo-proinca.jpg\",\"width\":522,\"height\":250,\"caption\":\"Proinca\"},\"image\":{\"@id\":\"https:\\\/\\\/www.proinca.es\\\/madridfansblog\\\/#\\\/schema\\\/logo\\\/image\\\/\"}},{\"@type\":\"Person\",\"@id\":\"https:\\\/\\\/www.proinca.es\\\/madridfansblog\\\/#\\\/schema\\\/person\\\/8401adc89c0a0f5a3574c43326247f1e\",\"name\":\"Ana Calero\",\"image\":{\"@type\":\"ImageObject\",\"inLanguage\":\"es\",\"@id\":\"https:\\\/\\\/www.proinca.es\\\/madridfansblog\\\/wp-content\\\/litespeed\\\/avatar\\\/ef51b25c0718910f475570320941ef46.jpg?ver=1777379772\",\"url\":\"https:\\\/\\\/www.proinca.es\\\/madridfansblog\\\/wp-content\\\/litespeed\\\/avatar\\\/ef51b25c0718910f475570320941ef46.jpg?ver=1777379772\",\"contentUrl\":\"https:\\\/\\\/www.proinca.es\\\/madridfansblog\\\/wp-content\\\/litespeed\\\/avatar\\\/ef51b25c0718910f475570320941ef46.jpg?ver=1777379772\",\"caption\":\"Ana Calero\"},\"description\":\"Licenciada en Ciencias Empresariales por la Universidad Aut\u00f3noma de Madrid. Forma parte del equipo de Apartamentos Proinca y es una enamorada de Madrid\",\"sameAs\":[\"https:\\\/\\\/www.proinca.es\\\/madridfansblog\\\/ana-calero\\\/\"]}]}<\/script>\n<!-- \/ Yoast SEO plugin. -->","yoast_head_json":{"title":"Gastronomia Madrid.Proinca apartamentos de alquiler Madrid","description":"Gastronom\u00eda de Madrid para todos los gustos y bolsillos, descubre las mejores y m\u00e1s t\u00edpicas propuestas. Proinca Apartamentos de alquiler en Madrid","robots":{"index":"index","follow":"follow","max-snippet":"max-snippet:-1","max-image-preview":"max-image-preview:large","max-video-preview":"max-video-preview:-1"},"canonical":"https:\/\/www.proinca.es\/madridfansblog\/comete-lo-mejor-de-la-gastronomia-de-madrid\/","og_locale":"es_ES","og_type":"article","og_title":"Gastronomia Madrid.Proinca apartamentos de alquiler Madrid","og_description":"Gastronom\u00eda de Madrid para todos los gustos y bolsillos, descubre las mejores y m\u00e1s t\u00edpicas propuestas. Proinca Apartamentos de alquiler en Madrid","og_url":"https:\/\/www.proinca.es\/madridfansblog\/comete-lo-mejor-de-la-gastronomia-de-madrid\/","og_site_name":"Blog Proinca Madrid","article_published_time":"2014-04-08T09:21:54+00:00","article_modified_time":"2025-05-28T11:48:27+00:00","og_image":[{"width":1000,"height":667,"url":"https:\/\/www.proinca.es\/madridfansblog\/wp-content\/uploads\/2014\/04\/mejor-gastronomia-madrid.jpg","type":"image\/jpeg"}],"author":"Ana Calero","schema":{"@context":"https:\/\/schema.org","@graph":[{"@type":"Article","@id":"https:\/\/www.proinca.es\/madridfansblog\/comete-lo-mejor-de-la-gastronomia-de-madrid\/#article","isPartOf":{"@id":"https:\/\/www.proinca.es\/madridfansblog\/comete-lo-mejor-de-la-gastronomia-de-madrid\/"},"author":{"name":"Ana Calero","@id":"https:\/\/www.proinca.es\/madridfansblog\/#\/schema\/person\/8401adc89c0a0f5a3574c43326247f1e"},"headline":"C\u00d3METE LO MEJOR DE LA GASTRONOM\u00cdA DE MADRID","datePublished":"2014-04-08T09:21:54+00:00","dateModified":"2025-05-28T11:48:27+00:00","mainEntityOfPage":{"@id":"https:\/\/www.proinca.es\/madridfansblog\/comete-lo-mejor-de-la-gastronomia-de-madrid\/"},"wordCount":416,"publisher":{"@id":"https:\/\/www.proinca.es\/madridfansblog\/#organization"},"image":{"@id":"https:\/\/www.proinca.es\/madridfansblog\/comete-lo-mejor-de-la-gastronomia-de-madrid\/#primaryimage"},"thumbnailUrl":"https:\/\/www.proinca.es\/madridfansblog\/wp-content\/uploads\/2014\/04\/mejor-gastronomia-madrid.jpg","keywords":["Afterwork","Gastronom\u00eda","Madrid","Restaurantes","Terrazas"],"articleSection":["VIVIR MADRID"],"inLanguage":"es"},{"@type":"WebPage","@id":"https:\/\/www.proinca.es\/madridfansblog\/comete-lo-mejor-de-la-gastronomia-de-madrid\/","url":"https:\/\/www.proinca.es\/madridfansblog\/comete-lo-mejor-de-la-gastronomia-de-madrid\/","name":"Gastronomia Madrid.Proinca apartamentos de alquiler Madrid","isPartOf":{"@id":"https:\/\/www.proinca.es\/madridfansblog\/#website"},"primaryImageOfPage":{"@id":"https:\/\/www.proinca.es\/madridfansblog\/comete-lo-mejor-de-la-gastronomia-de-madrid\/#primaryimage"},"image":{"@id":"https:\/\/www.proinca.es\/madridfansblog\/comete-lo-mejor-de-la-gastronomia-de-madrid\/#primaryimage"},"thumbnailUrl":"https:\/\/www.proinca.es\/madridfansblog\/wp-content\/uploads\/2014\/04\/mejor-gastronomia-madrid.jpg","datePublished":"2014-04-08T09:21:54+00:00","dateModified":"2025-05-28T11:48:27+00:00","description":"Gastronom\u00eda de Madrid para todos los gustos y bolsillos, descubre las mejores y m\u00e1s t\u00edpicas propuestas. Proinca Apartamentos de alquiler en Madrid","inLanguage":"es","potentialAction":[{"@type":"ReadAction","target":["https:\/\/www.proinca.es\/madridfansblog\/comete-lo-mejor-de-la-gastronomia-de-madrid\/"]}]},{"@type":"ImageObject","inLanguage":"es","@id":"https:\/\/www.proinca.es\/madridfansblog\/comete-lo-mejor-de-la-gastronomia-de-madrid\/#primaryimage","url":"https:\/\/www.proinca.es\/madridfansblog\/wp-content\/uploads\/2014\/04\/mejor-gastronomia-madrid.jpg","contentUrl":"https:\/\/www.proinca.es\/madridfansblog\/wp-content\/uploads\/2014\/04\/mejor-gastronomia-madrid.jpg","width":1000,"height":667,"caption":"C\u00f3mete lo mejor de la gastronom\u00eda de Madrid"},{"@type":"WebSite","@id":"https:\/\/www.proinca.es\/madridfansblog\/#website","url":"https:\/\/www.proinca.es\/madridfansblog\/","name":"Madrid Fans Blog Proinca","description":"Pisos y apartamentos de alquiler en Madrid","publisher":{"@id":"https:\/\/www.proinca.es\/madridfansblog\/#organization"},"potentialAction":[{"@type":"SearchAction","target":{"@type":"EntryPoint","urlTemplate":"https:\/\/www.proinca.es\/madridfansblog\/?s={search_term_string}"},"query-input":{"@type":"PropertyValueSpecification","valueRequired":true,"valueName":"search_term_string"}}],"inLanguage":"es"},{"@type":"Organization","@id":"https:\/\/www.proinca.es\/madridfansblog\/#organization","name":"Proinca","url":"https:\/\/www.proinca.es\/madridfansblog\/","logo":{"@type":"ImageObject","inLanguage":"es","@id":"https:\/\/www.proinca.es\/madridfansblog\/#\/schema\/logo\/image\/","url":"https:\/\/www.proinca.es\/madridfansblog\/wp-content\/uploads\/2022\/03\/logo-proinca.jpg","contentUrl":"https:\/\/www.proinca.es\/madridfansblog\/wp-content\/uploads\/2022\/03\/logo-proinca.jpg","width":522,"height":250,"caption":"Proinca"},"image":{"@id":"https:\/\/www.proinca.es\/madridfansblog\/#\/schema\/logo\/image\/"}},{"@type":"Person","@id":"https:\/\/www.proinca.es\/madridfansblog\/#\/schema\/person\/8401adc89c0a0f5a3574c43326247f1e","name":"Ana Calero","image":{"@type":"ImageObject","inLanguage":"es","@id":"https:\/\/www.proinca.es\/madridfansblog\/wp-content\/litespeed\/avatar\/ef51b25c0718910f475570320941ef46.jpg?ver=1777379772","url":"https:\/\/www.proinca.es\/madridfansblog\/wp-content\/litespeed\/avatar\/ef51b25c0718910f475570320941ef46.jpg?ver=1777379772","contentUrl":"https:\/\/www.proinca.es\/madridfansblog\/wp-content\/litespeed\/avatar\/ef51b25c0718910f475570320941ef46.jpg?ver=1777379772","caption":"Ana Calero"},"description":"Licenciada en Ciencias Empresariales por la Universidad Aut\u00f3noma de Madrid. Forma parte del equipo de Apartamentos Proinca y es una enamorada de Madrid","sameAs":["https:\/\/www.proinca.es\/madridfansblog\/ana-calero\/"]}]}},"_links":{"self":[{"href":"https:\/\/www.proinca.es\/madridfansblog\/wp-json\/wp\/v2\/posts\/2339","targetHints":{"allow":["GET"]}}],"collection":[{"href":"https:\/\/www.proinca.es\/madridfansblog\/wp-json\/wp\/v2\/posts"}],"about":[{"href":"https:\/\/www.proinca.es\/madridfansblog\/wp-json\/wp\/v2\/types\/post"}],"author":[{"embeddable":true,"href":"https:\/\/www.proinca.es\/madridfansblog\/wp-json\/wp\/v2\/users\/4"}],"replies":[{"embeddable":true,"href":"https:\/\/www.proinca.es\/madridfansblog\/wp-json\/wp\/v2\/comments?post=2339"}],"version-history":[{"count":25,"href":"https:\/\/www.proinca.es\/madridfansblog\/wp-json\/wp\/v2\/posts\/2339\/revisions"}],"predecessor-version":[{"id":7531,"href":"https:\/\/www.proinca.es\/madridfansblog\/wp-json\/wp\/v2\/posts\/2339\/revisions\/7531"}],"wp:featuredmedia":[{"embeddable":true,"href":"https:\/\/www.proinca.es\/madridfansblog\/wp-json\/wp\/v2\/media\/7124"}],"wp:attachment":[{"href":"https:\/\/www.proinca.es\/madridfansblog\/wp-json\/wp\/v2\/media?parent=2339"}],"wp:term":[{"taxonomy":"category","embeddable":true,"href":"https:\/\/www.proinca.es\/madridfansblog\/wp-json\/wp\/v2\/categories?post=2339"},{"taxonomy":"post_tag","embeddable":true,"href":"https:\/\/www.proinca.es\/madridfansblog\/wp-json\/wp\/v2\/tags?post=2339"}],"curies":[{"name":"wp","href":"https:\/\/api.w.org\/{rel}","templated":true}]}}