{"id":2365,"date":"2014-04-14T13:32:36","date_gmt":"2014-04-14T11:32:36","guid":{"rendered":"http:\/\/www.proinca.es\/madridfansblog\/?p=2365"},"modified":"2025-05-28T16:01:17","modified_gmt":"2025-05-28T14:01:17","slug":"torrijas-y-algo-mas-planes-para-una-semana-santa-en-madrid","status":"publish","type":"post","link":"https:\/\/www.proinca.es\/madridfansblog\/torrijas-y-algo-mas-planes-para-una-semana-santa-en-madrid\/","title":{"rendered":"TORRIJAS Y ALGO M\u00c1S: PLANES PARA UNA SEMANA SANTA EN MADRID"},"content":{"rendered":"<p><strong>Madrid<\/strong> representa una buena opci\u00f3n a tener en cuenta para pasar una <strong>Semana Santa<\/strong> vibrante.<!--more--><\/p>\n<p>Si eres de los que se deja caer por las procesiones, no te puedes perder la m\u00e1s emblem\u00e1tica de Madrid<strong>,<\/strong> la que venera al Sant\u00edsimo Cristo de la Fe, conocida como Procesi\u00f3n del Silencio, que tiene lugar cada Viernes Santo por las calles del Barrio de las Letras, un itinerario que la convierte en una de las procesiones m\u00e1s bonitas de la ciudad. Y si lo que te gusta es la m\u00fasica que se apodera de las ciudades espa\u00f1olas estos d\u00edas, el domingo 20 de abril a las 12 de la ma\u00f1ana en la plaza Mayor tendr\u00e1 lugar la popular Tamborrada a cargo de la Cofrad\u00eda del Descendimiento de la Cruz y L\u00e1grimas de Nuestra Se\u00f1ora de Zaragoza.<\/p>\n<p>Pero como en Madrid no todo es religi\u00f3n, para quienes buscan diversi\u00f3n y esparcimiento durante una de las semanas vacacionales m\u00e1s deseadas del a\u00f1o, la capital ofrece otras alternativas culturales: El Teatro Espa\u00f1ol acoge hasta el 4 de mayo el ReFringe, una retrospectiva dedicada al famoso festival consagrado a las \u00faltimas tendencias en artes esc\u00e9nicas que contar\u00e1 con cinco espect\u00e1culos. Adem\u00e1s, el Museo Arqueol\u00f3gico Nacional ha reabierto sus puertas tras seis a\u00f1os de remodelaci\u00f3n y en CaixaForum, en el Paseo del Prado, podemos disfrutar de dos exposiciones m\u00e1s que interesantes, una sobre animaci\u00f3n de la mano de Pixar y otra de fotograf\u00eda con la obra de Sebasti\u00e3o Salgado, todo un lujo. En cuanto a conciertos, los hay de todo tipo y tendencias, La D\u00e9cada Prodigiosa en la sala La Polana, Sidecars en la Fnac de Callao a coste cero o Amenra en la sala Shoko, entre muchos otros.<\/p>\n<p>Y como no hay Semana Santa sin unas buenas torrijas de vino, os proponemos visitar el n\u00famero 4 de la calle de la Paz para probar las m\u00e1s emblem\u00e1ticas de la ciudad en la Casa de las Torrijas, \u00a1reci\u00e9n hechas! Aunque si lo que quer\u00e9is es experimentar, en pasteler\u00eda Nunos, en el 63 de la calle Narv\u00e1ez, las hacen de variedades tan exc\u00e9ntricas y apetitosas como yogur de chocolate. \u00a1Qu\u00e9 os qued\u00e1is con ganas de m\u00e1s! Junto a las rutas tem\u00e1ticas especiales de Semana Santa que organiza el Ayuntamiento de Madrid (\u2018Tradiciones de Semana Santa\u2019 y \u2018Dulce Pasi\u00f3n\u2019), <strong>Madrid <\/strong>cuenta con varias rutas gastron\u00f3micas, entre ellas, la del bacalao y la del potaje de vigilia, imprescindibles en <strong>Semana Santa<\/strong>.<\/p>\n<p>Informaci\u00f3n patrocinada por <strong><a title=\"Proinca. Alquilar apartamento en Madrid\" href=\"http:\/\/www.proinca.es\">Proinca: alquilar apartamento en Madrid<\/a><\/strong><\/p>\n<p>Foto de Crystal Jo en Unsplash<\/p>\n<p>&nbsp;<\/p>\n\n\n<div class=\"kk-star-ratings kksr-auto kksr-align-left kksr-valign-bottom\"\n    data-payload='{&quot;align&quot;:&quot;left&quot;,&quot;id&quot;:&quot;2365&quot;,&quot;slug&quot;:&quot;default&quot;,&quot;valign&quot;:&quot;bottom&quot;,&quot;ignore&quot;:&quot;&quot;,&quot;reference&quot;:&quot;auto&quot;,&quot;class&quot;:&quot;&quot;,&quot;count&quot;:&quot;0&quot;,&quot;legendonly&quot;:&quot;&quot;,&quot;readonly&quot;:&quot;&quot;,&quot;score&quot;:&quot;0&quot;,&quot;starsonly&quot;:&quot;&quot;,&quot;best&quot;:&quot;5&quot;,&quot;gap&quot;:&quot;1&quot;,&quot;greet&quot;:&quot;Valora este art\u00edculo&quot;,&quot;legend&quot;:&quot;0\\\/5 - (0 votos)&quot;,&quot;size&quot;:&quot;24&quot;,&quot;title&quot;:&quot;TORRIJAS Y ALGO M\u00c1S: PLANES PARA UNA SEMANA SANTA EN MADRID&quot;,&quot;width&quot;:&quot;0&quot;,&quot;_legend&quot;:&quot;{score}\\\/{best} - ({count} {votes})&quot;,&quot;font_factor&quot;:&quot;1.25&quot;}'>\n            \n<div class=\"kksr-stars\">\n    \n<div class=\"kksr-stars-inactive\">\n            <div class=\"kksr-star\" data-star=\"1\" style=\"padding-right: 1px\">\n            \n\n<div class=\"kksr-icon\" style=\"width: 24px; height: 24px;\"><\/div>\n        <\/div>\n            <div class=\"kksr-star\" data-star=\"2\" style=\"padding-right: 1px\">\n            \n\n<div class=\"kksr-icon\" style=\"width: 24px; height: 24px;\"><\/div>\n        <\/div>\n            <div class=\"kksr-star\" data-star=\"3\" style=\"padding-right: 1px\">\n            \n\n<div class=\"kksr-icon\" style=\"width: 24px; height: 24px;\"><\/div>\n        <\/div>\n            <div class=\"kksr-star\" data-star=\"4\" style=\"padding-right: 1px\">\n            \n\n<div class=\"kksr-icon\" style=\"width: 24px; height: 24px;\"><\/div>\n        <\/div>\n            <div class=\"kksr-star\" data-star=\"5\" style=\"padding-right: 1px\">\n            \n\n<div class=\"kksr-icon\" style=\"width: 24px; height: 24px;\"><\/div>\n        <\/div>\n    <\/div>\n    \n<div class=\"kksr-stars-active\" style=\"width: 0px;\">\n            <div class=\"kksr-star\" style=\"padding-right: 1px\">\n            \n\n<div class=\"kksr-icon\" style=\"width: 24px; height: 24px;\"><\/div>\n        <\/div>\n            <div class=\"kksr-star\" style=\"padding-right: 1px\">\n            \n\n<div class=\"kksr-icon\" style=\"width: 24px; height: 24px;\"><\/div>\n        <\/div>\n            <div class=\"kksr-star\" style=\"padding-right: 1px\">\n            \n\n<div class=\"kksr-icon\" style=\"width: 24px; height: 24px;\"><\/div>\n        <\/div>\n            <div class=\"kksr-star\" style=\"padding-right: 1px\">\n            \n\n<div class=\"kksr-icon\" style=\"width: 24px; height: 24px;\"><\/div>\n        <\/div>\n            <div class=\"kksr-star\" style=\"padding-right: 1px\">\n            \n\n<div class=\"kksr-icon\" style=\"width: 24px; height: 24px;\"><\/div>\n        <\/div>\n    <\/div>\n<\/div>\n                \n\n<div class=\"kksr-legend\" style=\"font-size: 19.2px;\">\n            <span class=\"kksr-muted\">Valora este art\u00edculo<\/span>\n    <\/div>\n    <\/div>\n","protected":false},"excerpt":{"rendered":"<p>Madrid representa una buena opci\u00f3n a tener en cuenta para  [&#8230;]<\/p>\n","protected":false},"author":4,"featured_media":7126,"comment_status":"closed","ping_status":"closed","sticky":false,"template":"","format":"standard","meta":{"footnotes":""},"categories":[79],"tags":[],"class_list":["post-2365","post","type-post","status-publish","format-standard","has-post-thumbnail","hentry","category-vivir-madrid"],"yoast_head":"<!-- This site is optimized with the Yoast SEO plugin v27.4 - https:\/\/yoast.com\/product\/yoast-seo-wordpress\/ -->\n<title>Semana Santa Madrid.Proinca apartamentos de alquiler Madrid<\/title>\n<meta name=\"description\" content=\"Procesiones, actos culturales y Torrijas, mil planes para la Semana Santa en Madrid.Proinca Apartamentos de alquiler en Madrid\" \/>\n<meta name=\"robots\" content=\"index, follow, max-snippet:-1, max-image-preview:large, max-video-preview:-1\" \/>\n<link rel=\"canonical\" href=\"https:\/\/www.proinca.es\/madridfansblog\/torrijas-y-algo-mas-planes-para-una-semana-santa-en-madrid\/\" \/>\n<meta property=\"og:locale\" content=\"es_ES\" \/>\n<meta property=\"og:type\" content=\"article\" \/>\n<meta property=\"og:title\" content=\"Semana Santa Madrid.Proinca apartamentos de alquiler Madrid\" \/>\n<meta property=\"og:description\" content=\"Procesiones, actos culturales y Torrijas, mil planes para la Semana Santa en Madrid.Proinca Apartamentos de alquiler en Madrid\" \/>\n<meta property=\"og:url\" content=\"https:\/\/www.proinca.es\/madridfansblog\/torrijas-y-algo-mas-planes-para-una-semana-santa-en-madrid\/\" \/>\n<meta property=\"og:site_name\" content=\"Blog Proinca Madrid\" \/>\n<meta property=\"article:published_time\" content=\"2014-04-14T11:32:36+00:00\" \/>\n<meta property=\"article:modified_time\" content=\"2025-05-28T14:01:17+00:00\" \/>\n<meta property=\"og:image\" content=\"https:\/\/www.proinca.es\/madridfansblog\/wp-content\/uploads\/2014\/04\/torrijas-semana-santa.jpg\" \/>\n\t<meta property=\"og:image:width\" content=\"1000\" \/>\n\t<meta property=\"og:image:height\" content=\"667\" \/>\n\t<meta property=\"og:image:type\" content=\"image\/jpeg\" \/>\n<meta name=\"author\" content=\"Ana Calero\" \/>\n<script type=\"application\/ld+json\" class=\"yoast-schema-graph\">{\"@context\":\"https:\\\/\\\/schema.org\",\"@graph\":[{\"@type\":\"Article\",\"@id\":\"https:\\\/\\\/www.proinca.es\\\/madridfansblog\\\/torrijas-y-algo-mas-planes-para-una-semana-santa-en-madrid\\\/#article\",\"isPartOf\":{\"@id\":\"https:\\\/\\\/www.proinca.es\\\/madridfansblog\\\/torrijas-y-algo-mas-planes-para-una-semana-santa-en-madrid\\\/\"},\"author\":{\"name\":\"Ana Calero\",\"@id\":\"https:\\\/\\\/www.proinca.es\\\/madridfansblog\\\/#\\\/schema\\\/person\\\/8401adc89c0a0f5a3574c43326247f1e\"},\"headline\":\"TORRIJAS Y ALGO M\u00c1S: PLANES PARA UNA SEMANA SANTA EN MADRID\",\"datePublished\":\"2014-04-14T11:32:36+00:00\",\"dateModified\":\"2025-05-28T14:01:17+00:00\",\"mainEntityOfPage\":{\"@id\":\"https:\\\/\\\/www.proinca.es\\\/madridfansblog\\\/torrijas-y-algo-mas-planes-para-una-semana-santa-en-madrid\\\/\"},\"wordCount\":465,\"publisher\":{\"@id\":\"https:\\\/\\\/www.proinca.es\\\/madridfansblog\\\/#organization\"},\"image\":{\"@id\":\"https:\\\/\\\/www.proinca.es\\\/madridfansblog\\\/torrijas-y-algo-mas-planes-para-una-semana-santa-en-madrid\\\/#primaryimage\"},\"thumbnailUrl\":\"https:\\\/\\\/www.proinca.es\\\/madridfansblog\\\/wp-content\\\/uploads\\\/2014\\\/04\\\/torrijas-semana-santa.jpg\",\"articleSection\":[\"VIVIR MADRID\"],\"inLanguage\":\"es\"},{\"@type\":\"WebPage\",\"@id\":\"https:\\\/\\\/www.proinca.es\\\/madridfansblog\\\/torrijas-y-algo-mas-planes-para-una-semana-santa-en-madrid\\\/\",\"url\":\"https:\\\/\\\/www.proinca.es\\\/madridfansblog\\\/torrijas-y-algo-mas-planes-para-una-semana-santa-en-madrid\\\/\",\"name\":\"Semana Santa Madrid.Proinca apartamentos de alquiler Madrid\",\"isPartOf\":{\"@id\":\"https:\\\/\\\/www.proinca.es\\\/madridfansblog\\\/#website\"},\"primaryImageOfPage\":{\"@id\":\"https:\\\/\\\/www.proinca.es\\\/madridfansblog\\\/torrijas-y-algo-mas-planes-para-una-semana-santa-en-madrid\\\/#primaryimage\"},\"image\":{\"@id\":\"https:\\\/\\\/www.proinca.es\\\/madridfansblog\\\/torrijas-y-algo-mas-planes-para-una-semana-santa-en-madrid\\\/#primaryimage\"},\"thumbnailUrl\":\"https:\\\/\\\/www.proinca.es\\\/madridfansblog\\\/wp-content\\\/uploads\\\/2014\\\/04\\\/torrijas-semana-santa.jpg\",\"datePublished\":\"2014-04-14T11:32:36+00:00\",\"dateModified\":\"2025-05-28T14:01:17+00:00\",\"description\":\"Procesiones, actos culturales y Torrijas, mil planes para la Semana Santa en Madrid.Proinca Apartamentos de alquiler en Madrid\",\"inLanguage\":\"es\",\"potentialAction\":[{\"@type\":\"ReadAction\",\"target\":[\"https:\\\/\\\/www.proinca.es\\\/madridfansblog\\\/torrijas-y-algo-mas-planes-para-una-semana-santa-en-madrid\\\/\"]}]},{\"@type\":\"ImageObject\",\"inLanguage\":\"es\",\"@id\":\"https:\\\/\\\/www.proinca.es\\\/madridfansblog\\\/torrijas-y-algo-mas-planes-para-una-semana-santa-en-madrid\\\/#primaryimage\",\"url\":\"https:\\\/\\\/www.proinca.es\\\/madridfansblog\\\/wp-content\\\/uploads\\\/2014\\\/04\\\/torrijas-semana-santa.jpg\",\"contentUrl\":\"https:\\\/\\\/www.proinca.es\\\/madridfansblog\\\/wp-content\\\/uploads\\\/2014\\\/04\\\/torrijas-semana-santa.jpg\",\"width\":1000,\"height\":667,\"caption\":\"Torrijas y algo m\u00e1s: planes para una semana santa en Madrid\"},{\"@type\":\"WebSite\",\"@id\":\"https:\\\/\\\/www.proinca.es\\\/madridfansblog\\\/#website\",\"url\":\"https:\\\/\\\/www.proinca.es\\\/madridfansblog\\\/\",\"name\":\"Madrid Fans Blog Proinca\",\"description\":\"Pisos y apartamentos de alquiler en Madrid\",\"publisher\":{\"@id\":\"https:\\\/\\\/www.proinca.es\\\/madridfansblog\\\/#organization\"},\"potentialAction\":[{\"@type\":\"SearchAction\",\"target\":{\"@type\":\"EntryPoint\",\"urlTemplate\":\"https:\\\/\\\/www.proinca.es\\\/madridfansblog\\\/?s={search_term_string}\"},\"query-input\":{\"@type\":\"PropertyValueSpecification\",\"valueRequired\":true,\"valueName\":\"search_term_string\"}}],\"inLanguage\":\"es\"},{\"@type\":\"Organization\",\"@id\":\"https:\\\/\\\/www.proinca.es\\\/madridfansblog\\\/#organization\",\"name\":\"Proinca\",\"url\":\"https:\\\/\\\/www.proinca.es\\\/madridfansblog\\\/\",\"logo\":{\"@type\":\"ImageObject\",\"inLanguage\":\"es\",\"@id\":\"https:\\\/\\\/www.proinca.es\\\/madridfansblog\\\/#\\\/schema\\\/logo\\\/image\\\/\",\"url\":\"https:\\\/\\\/www.proinca.es\\\/madridfansblog\\\/wp-content\\\/uploads\\\/2022\\\/03\\\/logo-proinca.jpg\",\"contentUrl\":\"https:\\\/\\\/www.proinca.es\\\/madridfansblog\\\/wp-content\\\/uploads\\\/2022\\\/03\\\/logo-proinca.jpg\",\"width\":522,\"height\":250,\"caption\":\"Proinca\"},\"image\":{\"@id\":\"https:\\\/\\\/www.proinca.es\\\/madridfansblog\\\/#\\\/schema\\\/logo\\\/image\\\/\"}},{\"@type\":\"Person\",\"@id\":\"https:\\\/\\\/www.proinca.es\\\/madridfansblog\\\/#\\\/schema\\\/person\\\/8401adc89c0a0f5a3574c43326247f1e\",\"name\":\"Ana Calero\",\"image\":{\"@type\":\"ImageObject\",\"inLanguage\":\"es\",\"@id\":\"https:\\\/\\\/www.proinca.es\\\/madridfansblog\\\/wp-content\\\/litespeed\\\/avatar\\\/ef51b25c0718910f475570320941ef46.jpg?ver=1777379772\",\"url\":\"https:\\\/\\\/www.proinca.es\\\/madridfansblog\\\/wp-content\\\/litespeed\\\/avatar\\\/ef51b25c0718910f475570320941ef46.jpg?ver=1777379772\",\"contentUrl\":\"https:\\\/\\\/www.proinca.es\\\/madridfansblog\\\/wp-content\\\/litespeed\\\/avatar\\\/ef51b25c0718910f475570320941ef46.jpg?ver=1777379772\",\"caption\":\"Ana Calero\"},\"description\":\"Licenciada en Ciencias Empresariales por la Universidad Aut\u00f3noma de Madrid. Forma parte del equipo de Apartamentos Proinca y es una enamorada de Madrid\",\"sameAs\":[\"https:\\\/\\\/www.proinca.es\\\/madridfansblog\\\/ana-calero\\\/\"]}]}<\/script>\n<!-- \/ Yoast SEO plugin. -->","yoast_head_json":{"title":"Semana Santa Madrid.Proinca apartamentos de alquiler Madrid","description":"Procesiones, actos culturales y Torrijas, mil planes para la Semana Santa en Madrid.Proinca Apartamentos de alquiler en Madrid","robots":{"index":"index","follow":"follow","max-snippet":"max-snippet:-1","max-image-preview":"max-image-preview:large","max-video-preview":"max-video-preview:-1"},"canonical":"https:\/\/www.proinca.es\/madridfansblog\/torrijas-y-algo-mas-planes-para-una-semana-santa-en-madrid\/","og_locale":"es_ES","og_type":"article","og_title":"Semana Santa Madrid.Proinca apartamentos de alquiler Madrid","og_description":"Procesiones, actos culturales y Torrijas, mil planes para la Semana Santa en Madrid.Proinca Apartamentos de alquiler en Madrid","og_url":"https:\/\/www.proinca.es\/madridfansblog\/torrijas-y-algo-mas-planes-para-una-semana-santa-en-madrid\/","og_site_name":"Blog Proinca Madrid","article_published_time":"2014-04-14T11:32:36+00:00","article_modified_time":"2025-05-28T14:01:17+00:00","og_image":[{"width":1000,"height":667,"url":"https:\/\/www.proinca.es\/madridfansblog\/wp-content\/uploads\/2014\/04\/torrijas-semana-santa.jpg","type":"image\/jpeg"}],"author":"Ana Calero","schema":{"@context":"https:\/\/schema.org","@graph":[{"@type":"Article","@id":"https:\/\/www.proinca.es\/madridfansblog\/torrijas-y-algo-mas-planes-para-una-semana-santa-en-madrid\/#article","isPartOf":{"@id":"https:\/\/www.proinca.es\/madridfansblog\/torrijas-y-algo-mas-planes-para-una-semana-santa-en-madrid\/"},"author":{"name":"Ana Calero","@id":"https:\/\/www.proinca.es\/madridfansblog\/#\/schema\/person\/8401adc89c0a0f5a3574c43326247f1e"},"headline":"TORRIJAS Y ALGO M\u00c1S: PLANES PARA UNA SEMANA SANTA EN MADRID","datePublished":"2014-04-14T11:32:36+00:00","dateModified":"2025-05-28T14:01:17+00:00","mainEntityOfPage":{"@id":"https:\/\/www.proinca.es\/madridfansblog\/torrijas-y-algo-mas-planes-para-una-semana-santa-en-madrid\/"},"wordCount":465,"publisher":{"@id":"https:\/\/www.proinca.es\/madridfansblog\/#organization"},"image":{"@id":"https:\/\/www.proinca.es\/madridfansblog\/torrijas-y-algo-mas-planes-para-una-semana-santa-en-madrid\/#primaryimage"},"thumbnailUrl":"https:\/\/www.proinca.es\/madridfansblog\/wp-content\/uploads\/2014\/04\/torrijas-semana-santa.jpg","articleSection":["VIVIR MADRID"],"inLanguage":"es"},{"@type":"WebPage","@id":"https:\/\/www.proinca.es\/madridfansblog\/torrijas-y-algo-mas-planes-para-una-semana-santa-en-madrid\/","url":"https:\/\/www.proinca.es\/madridfansblog\/torrijas-y-algo-mas-planes-para-una-semana-santa-en-madrid\/","name":"Semana Santa Madrid.Proinca apartamentos de alquiler Madrid","isPartOf":{"@id":"https:\/\/www.proinca.es\/madridfansblog\/#website"},"primaryImageOfPage":{"@id":"https:\/\/www.proinca.es\/madridfansblog\/torrijas-y-algo-mas-planes-para-una-semana-santa-en-madrid\/#primaryimage"},"image":{"@id":"https:\/\/www.proinca.es\/madridfansblog\/torrijas-y-algo-mas-planes-para-una-semana-santa-en-madrid\/#primaryimage"},"thumbnailUrl":"https:\/\/www.proinca.es\/madridfansblog\/wp-content\/uploads\/2014\/04\/torrijas-semana-santa.jpg","datePublished":"2014-04-14T11:32:36+00:00","dateModified":"2025-05-28T14:01:17+00:00","description":"Procesiones, actos culturales y Torrijas, mil planes para la Semana Santa en Madrid.Proinca Apartamentos de alquiler en Madrid","inLanguage":"es","potentialAction":[{"@type":"ReadAction","target":["https:\/\/www.proinca.es\/madridfansblog\/torrijas-y-algo-mas-planes-para-una-semana-santa-en-madrid\/"]}]},{"@type":"ImageObject","inLanguage":"es","@id":"https:\/\/www.proinca.es\/madridfansblog\/torrijas-y-algo-mas-planes-para-una-semana-santa-en-madrid\/#primaryimage","url":"https:\/\/www.proinca.es\/madridfansblog\/wp-content\/uploads\/2014\/04\/torrijas-semana-santa.jpg","contentUrl":"https:\/\/www.proinca.es\/madridfansblog\/wp-content\/uploads\/2014\/04\/torrijas-semana-santa.jpg","width":1000,"height":667,"caption":"Torrijas y algo m\u00e1s: planes para una semana santa en Madrid"},{"@type":"WebSite","@id":"https:\/\/www.proinca.es\/madridfansblog\/#website","url":"https:\/\/www.proinca.es\/madridfansblog\/","name":"Madrid Fans Blog Proinca","description":"Pisos y apartamentos de alquiler en Madrid","publisher":{"@id":"https:\/\/www.proinca.es\/madridfansblog\/#organization"},"potentialAction":[{"@type":"SearchAction","target":{"@type":"EntryPoint","urlTemplate":"https:\/\/www.proinca.es\/madridfansblog\/?s={search_term_string}"},"query-input":{"@type":"PropertyValueSpecification","valueRequired":true,"valueName":"search_term_string"}}],"inLanguage":"es"},{"@type":"Organization","@id":"https:\/\/www.proinca.es\/madridfansblog\/#organization","name":"Proinca","url":"https:\/\/www.proinca.es\/madridfansblog\/","logo":{"@type":"ImageObject","inLanguage":"es","@id":"https:\/\/www.proinca.es\/madridfansblog\/#\/schema\/logo\/image\/","url":"https:\/\/www.proinca.es\/madridfansblog\/wp-content\/uploads\/2022\/03\/logo-proinca.jpg","contentUrl":"https:\/\/www.proinca.es\/madridfansblog\/wp-content\/uploads\/2022\/03\/logo-proinca.jpg","width":522,"height":250,"caption":"Proinca"},"image":{"@id":"https:\/\/www.proinca.es\/madridfansblog\/#\/schema\/logo\/image\/"}},{"@type":"Person","@id":"https:\/\/www.proinca.es\/madridfansblog\/#\/schema\/person\/8401adc89c0a0f5a3574c43326247f1e","name":"Ana Calero","image":{"@type":"ImageObject","inLanguage":"es","@id":"https:\/\/www.proinca.es\/madridfansblog\/wp-content\/litespeed\/avatar\/ef51b25c0718910f475570320941ef46.jpg?ver=1777379772","url":"https:\/\/www.proinca.es\/madridfansblog\/wp-content\/litespeed\/avatar\/ef51b25c0718910f475570320941ef46.jpg?ver=1777379772","contentUrl":"https:\/\/www.proinca.es\/madridfansblog\/wp-content\/litespeed\/avatar\/ef51b25c0718910f475570320941ef46.jpg?ver=1777379772","caption":"Ana Calero"},"description":"Licenciada en Ciencias Empresariales por la Universidad Aut\u00f3noma de Madrid. Forma parte del equipo de Apartamentos Proinca y es una enamorada de Madrid","sameAs":["https:\/\/www.proinca.es\/madridfansblog\/ana-calero\/"]}]}},"_links":{"self":[{"href":"https:\/\/www.proinca.es\/madridfansblog\/wp-json\/wp\/v2\/posts\/2365","targetHints":{"allow":["GET"]}}],"collection":[{"href":"https:\/\/www.proinca.es\/madridfansblog\/wp-json\/wp\/v2\/posts"}],"about":[{"href":"https:\/\/www.proinca.es\/madridfansblog\/wp-json\/wp\/v2\/types\/post"}],"author":[{"embeddable":true,"href":"https:\/\/www.proinca.es\/madridfansblog\/wp-json\/wp\/v2\/users\/4"}],"replies":[{"embeddable":true,"href":"https:\/\/www.proinca.es\/madridfansblog\/wp-json\/wp\/v2\/comments?post=2365"}],"version-history":[{"count":23,"href":"https:\/\/www.proinca.es\/madridfansblog\/wp-json\/wp\/v2\/posts\/2365\/revisions"}],"predecessor-version":[{"id":7650,"href":"https:\/\/www.proinca.es\/madridfansblog\/wp-json\/wp\/v2\/posts\/2365\/revisions\/7650"}],"wp:featuredmedia":[{"embeddable":true,"href":"https:\/\/www.proinca.es\/madridfansblog\/wp-json\/wp\/v2\/media\/7126"}],"wp:attachment":[{"href":"https:\/\/www.proinca.es\/madridfansblog\/wp-json\/wp\/v2\/media?parent=2365"}],"wp:term":[{"taxonomy":"category","embeddable":true,"href":"https:\/\/www.proinca.es\/madridfansblog\/wp-json\/wp\/v2\/categories?post=2365"},{"taxonomy":"post_tag","embeddable":true,"href":"https:\/\/www.proinca.es\/madridfansblog\/wp-json\/wp\/v2\/tags?post=2365"}],"curies":[{"name":"wp","href":"https:\/\/api.w.org\/{rel}","templated":true}]}}