{"id":2472,"date":"2014-05-14T13:38:40","date_gmt":"2014-05-14T11:38:40","guid":{"rendered":"http:\/\/www.proinca.es\/madridfansblog\/?p=2472"},"modified":"2025-05-28T16:02:23","modified_gmt":"2025-05-28T14:02:23","slug":"madrid-caramelos-de-violetas-y-churros","status":"publish","type":"post","link":"https:\/\/www.proinca.es\/madridfansblog\/madrid-caramelos-de-violetas-y-churros\/","title":{"rendered":"MADRID: CARAMELOS DE VIOLETAS Y CHURROS"},"content":{"rendered":"<p>Si alguien te preguntase: \u00a1Productos t\u00edpicos madrile\u00f1os, un, dos, tres responda otra vez! Venga, venga\u2026 \u00bfqu\u00e9 responder\u00edas? Y no vale echar mano del famoso cocido madrile\u00f1o\u2026<!--more-->\u00bfEs que no te acordar\u00edas de los caramelos de<strong> violetas<\/strong> o de los <strong>churros<\/strong>? Claro que s\u00ed, porque <strong>Madrid<\/strong> es un c\u00famulo de peque\u00f1os detalles que hacen de la urbe un lugar distinto a todos los dem\u00e1s, y los caramelos de violetas y los churros forman parte de ese mundo construido a peque\u00f1os retales.<\/p>\n<p>Con la forma de una violeta de cinco p\u00e9talos y elaborados a base de la esencia de esa misma flor, los famosos caramelos color violeta est\u00e1n irremediablemente asociados al centro de Madrid, concretamente a sus pasteler\u00edas, donde se venden estos dulces dentro de una cajita transparente desde principios del siglo pasado, de hecho, dicen por ah\u00ed que Alfonso XIII era un gran fan de las violetas.<\/p>\n<p>Tambi\u00e9n asociado al centro de Madrid est\u00e1n \u00a0los churros, el desayuno y merienda por excelencia de la capital, \u00a0y desde hace algunos a\u00f1os un placer eventual que secunda una larga noche madrile\u00f1a de ocio o un desayuno especial tras una velada de insomnio. A nosotros, estas dos tradiciones, nos gustan especialmente.<\/p>\n<p>Por cierto, en la plaza de Canalejas, la confiter\u00eda La Violeta, s\u00edmbolo de la ciudad, comercializa las famosas cajitas de <strong>violetas<\/strong> desde 1915 y en Pasadizo de San Gin\u00e9s 5, abierto 24 horas, hacen el chocolate con <strong>churros<\/strong> m\u00e1s revitalizante de <strong>Madrid<\/strong>, \u00a1qu\u00e9 se lo digan a los miles de j\u00f3venes que han dado por finalizadas all\u00ed sus largas noches de invierno!<\/p>\n<p>Informaci\u00f3n patrocinada por\u00a0<strong><a title=\"Proinca. Apartamentos de alquiler en Madrid\" href=\"http:\/\/www.proinca.es\/\" target=\"_blank\" rel=\"noopener\">Proinca: alquilar apartamento en Madrid<\/a><\/strong><\/p>\n<p>Foto de Oscar Nord en Unsplash<\/p>\n\n\n<div class=\"kk-star-ratings kksr-auto kksr-align-left kksr-valign-bottom\"\n    data-payload='{&quot;align&quot;:&quot;left&quot;,&quot;id&quot;:&quot;2472&quot;,&quot;slug&quot;:&quot;default&quot;,&quot;valign&quot;:&quot;bottom&quot;,&quot;ignore&quot;:&quot;&quot;,&quot;reference&quot;:&quot;auto&quot;,&quot;class&quot;:&quot;&quot;,&quot;count&quot;:&quot;0&quot;,&quot;legendonly&quot;:&quot;&quot;,&quot;readonly&quot;:&quot;&quot;,&quot;score&quot;:&quot;0&quot;,&quot;starsonly&quot;:&quot;&quot;,&quot;best&quot;:&quot;5&quot;,&quot;gap&quot;:&quot;1&quot;,&quot;greet&quot;:&quot;Valora este art\u00edculo&quot;,&quot;legend&quot;:&quot;0\\\/5 - (0 votos)&quot;,&quot;size&quot;:&quot;24&quot;,&quot;title&quot;:&quot;MADRID: CARAMELOS DE VIOLETAS Y CHURROS&quot;,&quot;width&quot;:&quot;0&quot;,&quot;_legend&quot;:&quot;{score}\\\/{best} - ({count} {votes})&quot;,&quot;font_factor&quot;:&quot;1.25&quot;}'>\n            \n<div class=\"kksr-stars\">\n    \n<div class=\"kksr-stars-inactive\">\n            <div class=\"kksr-star\" data-star=\"1\" style=\"padding-right: 1px\">\n            \n\n<div class=\"kksr-icon\" style=\"width: 24px; height: 24px;\"><\/div>\n        <\/div>\n            <div class=\"kksr-star\" data-star=\"2\" style=\"padding-right: 1px\">\n            \n\n<div class=\"kksr-icon\" style=\"width: 24px; height: 24px;\"><\/div>\n        <\/div>\n            <div class=\"kksr-star\" data-star=\"3\" style=\"padding-right: 1px\">\n            \n\n<div class=\"kksr-icon\" style=\"width: 24px; height: 24px;\"><\/div>\n        <\/div>\n            <div class=\"kksr-star\" data-star=\"4\" style=\"padding-right: 1px\">\n            \n\n<div class=\"kksr-icon\" style=\"width: 24px; height: 24px;\"><\/div>\n        <\/div>\n            <div class=\"kksr-star\" data-star=\"5\" style=\"padding-right: 1px\">\n            \n\n<div class=\"kksr-icon\" style=\"width: 24px; height: 24px;\"><\/div>\n        <\/div>\n    <\/div>\n    \n<div class=\"kksr-stars-active\" style=\"width: 0px;\">\n            <div class=\"kksr-star\" style=\"padding-right: 1px\">\n            \n\n<div class=\"kksr-icon\" style=\"width: 24px; height: 24px;\"><\/div>\n        <\/div>\n            <div class=\"kksr-star\" style=\"padding-right: 1px\">\n            \n\n<div class=\"kksr-icon\" style=\"width: 24px; height: 24px;\"><\/div>\n        <\/div>\n            <div class=\"kksr-star\" style=\"padding-right: 1px\">\n            \n\n<div class=\"kksr-icon\" style=\"width: 24px; height: 24px;\"><\/div>\n        <\/div>\n            <div class=\"kksr-star\" style=\"padding-right: 1px\">\n            \n\n<div class=\"kksr-icon\" style=\"width: 24px; height: 24px;\"><\/div>\n        <\/div>\n            <div class=\"kksr-star\" style=\"padding-right: 1px\">\n            \n\n<div class=\"kksr-icon\" style=\"width: 24px; height: 24px;\"><\/div>\n        <\/div>\n    <\/div>\n<\/div>\n                \n\n<div class=\"kksr-legend\" style=\"font-size: 19.2px;\">\n            <span class=\"kksr-muted\">Valora este art\u00edculo<\/span>\n    <\/div>\n    <\/div>\n","protected":false},"excerpt":{"rendered":"<p>Si alguien te preguntase: \u00a1Productos t\u00edpicos madrile\u00f1os, un, dos, tres  [&#8230;]<\/p>\n","protected":false},"author":4,"featured_media":7132,"comment_status":"closed","ping_status":"closed","sticky":false,"template":"","format":"standard","meta":{"footnotes":""},"categories":[79],"tags":[36,30,5,46],"class_list":["post-2472","post","type-post","status-publish","format-standard","has-post-thumbnail","hentry","category-vivir-madrid","tag-afterwork","tag-gastronomia","tag-madrid","tag-terrazas"],"yoast_head":"<!-- This site is optimized with the Yoast SEO plugin v27.4 - https:\/\/yoast.com\/product\/yoast-seo-wordpress\/ -->\n<title>Violetas,churros Madrid.Proinca apartamentos alquiler Madrid<\/title>\n<meta name=\"description\" content=\"Madrid es un c\u00famulo de peque\u00f1as tradiciones y detalles que la hacen distinta a las dem\u00e1s, los caramelos de violetas y los churros son parte de esas tradiciones.\" \/>\n<meta name=\"robots\" content=\"index, follow, max-snippet:-1, max-image-preview:large, max-video-preview:-1\" \/>\n<link rel=\"canonical\" href=\"https:\/\/www.proinca.es\/madridfansblog\/madrid-caramelos-de-violetas-y-churros\/\" \/>\n<meta property=\"og:locale\" content=\"es_ES\" \/>\n<meta property=\"og:type\" content=\"article\" \/>\n<meta property=\"og:title\" content=\"Violetas,churros Madrid.Proinca apartamentos alquiler Madrid\" \/>\n<meta property=\"og:description\" content=\"Madrid es un c\u00famulo de peque\u00f1as tradiciones y detalles que la hacen distinta a las dem\u00e1s, los caramelos de violetas y los churros son parte de esas tradiciones.\" \/>\n<meta property=\"og:url\" content=\"https:\/\/www.proinca.es\/madridfansblog\/madrid-caramelos-de-violetas-y-churros\/\" \/>\n<meta property=\"og:site_name\" content=\"Blog Proinca Madrid\" \/>\n<meta property=\"article:published_time\" content=\"2014-05-14T11:38:40+00:00\" \/>\n<meta property=\"article:modified_time\" content=\"2025-05-28T14:02:23+00:00\" \/>\n<meta property=\"og:image\" content=\"https:\/\/www.proinca.es\/madridfansblog\/wp-content\/uploads\/2014\/05\/violetas-y-churros.jpg\" \/>\n\t<meta property=\"og:image:width\" content=\"1000\" \/>\n\t<meta property=\"og:image:height\" content=\"667\" \/>\n\t<meta property=\"og:image:type\" content=\"image\/jpeg\" \/>\n<meta name=\"author\" content=\"Ana Calero\" \/>\n<script type=\"application\/ld+json\" class=\"yoast-schema-graph\">{\"@context\":\"https:\\\/\\\/schema.org\",\"@graph\":[{\"@type\":\"Article\",\"@id\":\"https:\\\/\\\/www.proinca.es\\\/madridfansblog\\\/madrid-caramelos-de-violetas-y-churros\\\/#article\",\"isPartOf\":{\"@id\":\"https:\\\/\\\/www.proinca.es\\\/madridfansblog\\\/madrid-caramelos-de-violetas-y-churros\\\/\"},\"author\":{\"name\":\"Ana Calero\",\"@id\":\"https:\\\/\\\/www.proinca.es\\\/madridfansblog\\\/#\\\/schema\\\/person\\\/8401adc89c0a0f5a3574c43326247f1e\"},\"headline\":\"MADRID: CARAMELOS DE VIOLETAS Y CHURROS\",\"datePublished\":\"2014-05-14T11:38:40+00:00\",\"dateModified\":\"2025-05-28T14:02:23+00:00\",\"mainEntityOfPage\":{\"@id\":\"https:\\\/\\\/www.proinca.es\\\/madridfansblog\\\/madrid-caramelos-de-violetas-y-churros\\\/\"},\"wordCount\":298,\"publisher\":{\"@id\":\"https:\\\/\\\/www.proinca.es\\\/madridfansblog\\\/#organization\"},\"image\":{\"@id\":\"https:\\\/\\\/www.proinca.es\\\/madridfansblog\\\/madrid-caramelos-de-violetas-y-churros\\\/#primaryimage\"},\"thumbnailUrl\":\"https:\\\/\\\/www.proinca.es\\\/madridfansblog\\\/wp-content\\\/uploads\\\/2014\\\/05\\\/violetas-y-churros.jpg\",\"keywords\":[\"Afterwork\",\"Gastronom\u00eda\",\"Madrid\",\"Terrazas\"],\"articleSection\":[\"VIVIR MADRID\"],\"inLanguage\":\"es\"},{\"@type\":\"WebPage\",\"@id\":\"https:\\\/\\\/www.proinca.es\\\/madridfansblog\\\/madrid-caramelos-de-violetas-y-churros\\\/\",\"url\":\"https:\\\/\\\/www.proinca.es\\\/madridfansblog\\\/madrid-caramelos-de-violetas-y-churros\\\/\",\"name\":\"Violetas,churros Madrid.Proinca apartamentos alquiler Madrid\",\"isPartOf\":{\"@id\":\"https:\\\/\\\/www.proinca.es\\\/madridfansblog\\\/#website\"},\"primaryImageOfPage\":{\"@id\":\"https:\\\/\\\/www.proinca.es\\\/madridfansblog\\\/madrid-caramelos-de-violetas-y-churros\\\/#primaryimage\"},\"image\":{\"@id\":\"https:\\\/\\\/www.proinca.es\\\/madridfansblog\\\/madrid-caramelos-de-violetas-y-churros\\\/#primaryimage\"},\"thumbnailUrl\":\"https:\\\/\\\/www.proinca.es\\\/madridfansblog\\\/wp-content\\\/uploads\\\/2014\\\/05\\\/violetas-y-churros.jpg\",\"datePublished\":\"2014-05-14T11:38:40+00:00\",\"dateModified\":\"2025-05-28T14:02:23+00:00\",\"description\":\"Madrid es un c\u00famulo de peque\u00f1as tradiciones y detalles que la hacen distinta a las dem\u00e1s, los caramelos de violetas y los churros son parte de esas tradiciones.\",\"inLanguage\":\"es\",\"potentialAction\":[{\"@type\":\"ReadAction\",\"target\":[\"https:\\\/\\\/www.proinca.es\\\/madridfansblog\\\/madrid-caramelos-de-violetas-y-churros\\\/\"]}]},{\"@type\":\"ImageObject\",\"inLanguage\":\"es\",\"@id\":\"https:\\\/\\\/www.proinca.es\\\/madridfansblog\\\/madrid-caramelos-de-violetas-y-churros\\\/#primaryimage\",\"url\":\"https:\\\/\\\/www.proinca.es\\\/madridfansblog\\\/wp-content\\\/uploads\\\/2014\\\/05\\\/violetas-y-churros.jpg\",\"contentUrl\":\"https:\\\/\\\/www.proinca.es\\\/madridfansblog\\\/wp-content\\\/uploads\\\/2014\\\/05\\\/violetas-y-churros.jpg\",\"width\":1000,\"height\":667,\"caption\":\"Madrid caramelos de violetas y churros\"},{\"@type\":\"WebSite\",\"@id\":\"https:\\\/\\\/www.proinca.es\\\/madridfansblog\\\/#website\",\"url\":\"https:\\\/\\\/www.proinca.es\\\/madridfansblog\\\/\",\"name\":\"Madrid Fans Blog Proinca\",\"description\":\"Pisos y apartamentos de alquiler en Madrid\",\"publisher\":{\"@id\":\"https:\\\/\\\/www.proinca.es\\\/madridfansblog\\\/#organization\"},\"potentialAction\":[{\"@type\":\"SearchAction\",\"target\":{\"@type\":\"EntryPoint\",\"urlTemplate\":\"https:\\\/\\\/www.proinca.es\\\/madridfansblog\\\/?s={search_term_string}\"},\"query-input\":{\"@type\":\"PropertyValueSpecification\",\"valueRequired\":true,\"valueName\":\"search_term_string\"}}],\"inLanguage\":\"es\"},{\"@type\":\"Organization\",\"@id\":\"https:\\\/\\\/www.proinca.es\\\/madridfansblog\\\/#organization\",\"name\":\"Proinca\",\"url\":\"https:\\\/\\\/www.proinca.es\\\/madridfansblog\\\/\",\"logo\":{\"@type\":\"ImageObject\",\"inLanguage\":\"es\",\"@id\":\"https:\\\/\\\/www.proinca.es\\\/madridfansblog\\\/#\\\/schema\\\/logo\\\/image\\\/\",\"url\":\"https:\\\/\\\/www.proinca.es\\\/madridfansblog\\\/wp-content\\\/uploads\\\/2022\\\/03\\\/logo-proinca.jpg\",\"contentUrl\":\"https:\\\/\\\/www.proinca.es\\\/madridfansblog\\\/wp-content\\\/uploads\\\/2022\\\/03\\\/logo-proinca.jpg\",\"width\":522,\"height\":250,\"caption\":\"Proinca\"},\"image\":{\"@id\":\"https:\\\/\\\/www.proinca.es\\\/madridfansblog\\\/#\\\/schema\\\/logo\\\/image\\\/\"}},{\"@type\":\"Person\",\"@id\":\"https:\\\/\\\/www.proinca.es\\\/madridfansblog\\\/#\\\/schema\\\/person\\\/8401adc89c0a0f5a3574c43326247f1e\",\"name\":\"Ana Calero\",\"image\":{\"@type\":\"ImageObject\",\"inLanguage\":\"es\",\"@id\":\"https:\\\/\\\/www.proinca.es\\\/madridfansblog\\\/wp-content\\\/litespeed\\\/avatar\\\/ef51b25c0718910f475570320941ef46.jpg?ver=1777379772\",\"url\":\"https:\\\/\\\/www.proinca.es\\\/madridfansblog\\\/wp-content\\\/litespeed\\\/avatar\\\/ef51b25c0718910f475570320941ef46.jpg?ver=1777379772\",\"contentUrl\":\"https:\\\/\\\/www.proinca.es\\\/madridfansblog\\\/wp-content\\\/litespeed\\\/avatar\\\/ef51b25c0718910f475570320941ef46.jpg?ver=1777379772\",\"caption\":\"Ana Calero\"},\"description\":\"Licenciada en Ciencias Empresariales por la Universidad Aut\u00f3noma de Madrid. Forma parte del equipo de Apartamentos Proinca y es una enamorada de Madrid\",\"sameAs\":[\"https:\\\/\\\/www.proinca.es\\\/madridfansblog\\\/ana-calero\\\/\"]}]}<\/script>\n<!-- \/ Yoast SEO plugin. -->","yoast_head_json":{"title":"Violetas,churros Madrid.Proinca apartamentos alquiler Madrid","description":"Madrid es un c\u00famulo de peque\u00f1as tradiciones y detalles que la hacen distinta a las dem\u00e1s, los caramelos de violetas y los churros son parte de esas tradiciones.","robots":{"index":"index","follow":"follow","max-snippet":"max-snippet:-1","max-image-preview":"max-image-preview:large","max-video-preview":"max-video-preview:-1"},"canonical":"https:\/\/www.proinca.es\/madridfansblog\/madrid-caramelos-de-violetas-y-churros\/","og_locale":"es_ES","og_type":"article","og_title":"Violetas,churros Madrid.Proinca apartamentos alquiler Madrid","og_description":"Madrid es un c\u00famulo de peque\u00f1as tradiciones y detalles que la hacen distinta a las dem\u00e1s, los caramelos de violetas y los churros son parte de esas tradiciones.","og_url":"https:\/\/www.proinca.es\/madridfansblog\/madrid-caramelos-de-violetas-y-churros\/","og_site_name":"Blog Proinca Madrid","article_published_time":"2014-05-14T11:38:40+00:00","article_modified_time":"2025-05-28T14:02:23+00:00","og_image":[{"width":1000,"height":667,"url":"https:\/\/www.proinca.es\/madridfansblog\/wp-content\/uploads\/2014\/05\/violetas-y-churros.jpg","type":"image\/jpeg"}],"author":"Ana Calero","schema":{"@context":"https:\/\/schema.org","@graph":[{"@type":"Article","@id":"https:\/\/www.proinca.es\/madridfansblog\/madrid-caramelos-de-violetas-y-churros\/#article","isPartOf":{"@id":"https:\/\/www.proinca.es\/madridfansblog\/madrid-caramelos-de-violetas-y-churros\/"},"author":{"name":"Ana Calero","@id":"https:\/\/www.proinca.es\/madridfansblog\/#\/schema\/person\/8401adc89c0a0f5a3574c43326247f1e"},"headline":"MADRID: CARAMELOS DE VIOLETAS Y CHURROS","datePublished":"2014-05-14T11:38:40+00:00","dateModified":"2025-05-28T14:02:23+00:00","mainEntityOfPage":{"@id":"https:\/\/www.proinca.es\/madridfansblog\/madrid-caramelos-de-violetas-y-churros\/"},"wordCount":298,"publisher":{"@id":"https:\/\/www.proinca.es\/madridfansblog\/#organization"},"image":{"@id":"https:\/\/www.proinca.es\/madridfansblog\/madrid-caramelos-de-violetas-y-churros\/#primaryimage"},"thumbnailUrl":"https:\/\/www.proinca.es\/madridfansblog\/wp-content\/uploads\/2014\/05\/violetas-y-churros.jpg","keywords":["Afterwork","Gastronom\u00eda","Madrid","Terrazas"],"articleSection":["VIVIR MADRID"],"inLanguage":"es"},{"@type":"WebPage","@id":"https:\/\/www.proinca.es\/madridfansblog\/madrid-caramelos-de-violetas-y-churros\/","url":"https:\/\/www.proinca.es\/madridfansblog\/madrid-caramelos-de-violetas-y-churros\/","name":"Violetas,churros Madrid.Proinca apartamentos alquiler Madrid","isPartOf":{"@id":"https:\/\/www.proinca.es\/madridfansblog\/#website"},"primaryImageOfPage":{"@id":"https:\/\/www.proinca.es\/madridfansblog\/madrid-caramelos-de-violetas-y-churros\/#primaryimage"},"image":{"@id":"https:\/\/www.proinca.es\/madridfansblog\/madrid-caramelos-de-violetas-y-churros\/#primaryimage"},"thumbnailUrl":"https:\/\/www.proinca.es\/madridfansblog\/wp-content\/uploads\/2014\/05\/violetas-y-churros.jpg","datePublished":"2014-05-14T11:38:40+00:00","dateModified":"2025-05-28T14:02:23+00:00","description":"Madrid es un c\u00famulo de peque\u00f1as tradiciones y detalles que la hacen distinta a las dem\u00e1s, los caramelos de violetas y los churros son parte de esas tradiciones.","inLanguage":"es","potentialAction":[{"@type":"ReadAction","target":["https:\/\/www.proinca.es\/madridfansblog\/madrid-caramelos-de-violetas-y-churros\/"]}]},{"@type":"ImageObject","inLanguage":"es","@id":"https:\/\/www.proinca.es\/madridfansblog\/madrid-caramelos-de-violetas-y-churros\/#primaryimage","url":"https:\/\/www.proinca.es\/madridfansblog\/wp-content\/uploads\/2014\/05\/violetas-y-churros.jpg","contentUrl":"https:\/\/www.proinca.es\/madridfansblog\/wp-content\/uploads\/2014\/05\/violetas-y-churros.jpg","width":1000,"height":667,"caption":"Madrid caramelos de violetas y churros"},{"@type":"WebSite","@id":"https:\/\/www.proinca.es\/madridfansblog\/#website","url":"https:\/\/www.proinca.es\/madridfansblog\/","name":"Madrid Fans Blog Proinca","description":"Pisos y apartamentos de alquiler en Madrid","publisher":{"@id":"https:\/\/www.proinca.es\/madridfansblog\/#organization"},"potentialAction":[{"@type":"SearchAction","target":{"@type":"EntryPoint","urlTemplate":"https:\/\/www.proinca.es\/madridfansblog\/?s={search_term_string}"},"query-input":{"@type":"PropertyValueSpecification","valueRequired":true,"valueName":"search_term_string"}}],"inLanguage":"es"},{"@type":"Organization","@id":"https:\/\/www.proinca.es\/madridfansblog\/#organization","name":"Proinca","url":"https:\/\/www.proinca.es\/madridfansblog\/","logo":{"@type":"ImageObject","inLanguage":"es","@id":"https:\/\/www.proinca.es\/madridfansblog\/#\/schema\/logo\/image\/","url":"https:\/\/www.proinca.es\/madridfansblog\/wp-content\/uploads\/2022\/03\/logo-proinca.jpg","contentUrl":"https:\/\/www.proinca.es\/madridfansblog\/wp-content\/uploads\/2022\/03\/logo-proinca.jpg","width":522,"height":250,"caption":"Proinca"},"image":{"@id":"https:\/\/www.proinca.es\/madridfansblog\/#\/schema\/logo\/image\/"}},{"@type":"Person","@id":"https:\/\/www.proinca.es\/madridfansblog\/#\/schema\/person\/8401adc89c0a0f5a3574c43326247f1e","name":"Ana Calero","image":{"@type":"ImageObject","inLanguage":"es","@id":"https:\/\/www.proinca.es\/madridfansblog\/wp-content\/litespeed\/avatar\/ef51b25c0718910f475570320941ef46.jpg?ver=1777379772","url":"https:\/\/www.proinca.es\/madridfansblog\/wp-content\/litespeed\/avatar\/ef51b25c0718910f475570320941ef46.jpg?ver=1777379772","contentUrl":"https:\/\/www.proinca.es\/madridfansblog\/wp-content\/litespeed\/avatar\/ef51b25c0718910f475570320941ef46.jpg?ver=1777379772","caption":"Ana Calero"},"description":"Licenciada en Ciencias Empresariales por la Universidad Aut\u00f3noma de Madrid. Forma parte del equipo de Apartamentos Proinca y es una enamorada de Madrid","sameAs":["https:\/\/www.proinca.es\/madridfansblog\/ana-calero\/"]}]}},"_links":{"self":[{"href":"https:\/\/www.proinca.es\/madridfansblog\/wp-json\/wp\/v2\/posts\/2472","targetHints":{"allow":["GET"]}}],"collection":[{"href":"https:\/\/www.proinca.es\/madridfansblog\/wp-json\/wp\/v2\/posts"}],"about":[{"href":"https:\/\/www.proinca.es\/madridfansblog\/wp-json\/wp\/v2\/types\/post"}],"author":[{"embeddable":true,"href":"https:\/\/www.proinca.es\/madridfansblog\/wp-json\/wp\/v2\/users\/4"}],"replies":[{"embeddable":true,"href":"https:\/\/www.proinca.es\/madridfansblog\/wp-json\/wp\/v2\/comments?post=2472"}],"version-history":[{"count":34,"href":"https:\/\/www.proinca.es\/madridfansblog\/wp-json\/wp\/v2\/posts\/2472\/revisions"}],"predecessor-version":[{"id":7526,"href":"https:\/\/www.proinca.es\/madridfansblog\/wp-json\/wp\/v2\/posts\/2472\/revisions\/7526"}],"wp:featuredmedia":[{"embeddable":true,"href":"https:\/\/www.proinca.es\/madridfansblog\/wp-json\/wp\/v2\/media\/7132"}],"wp:attachment":[{"href":"https:\/\/www.proinca.es\/madridfansblog\/wp-json\/wp\/v2\/media?parent=2472"}],"wp:term":[{"taxonomy":"category","embeddable":true,"href":"https:\/\/www.proinca.es\/madridfansblog\/wp-json\/wp\/v2\/categories?post=2472"},{"taxonomy":"post_tag","embeddable":true,"href":"https:\/\/www.proinca.es\/madridfansblog\/wp-json\/wp\/v2\/tags?post=2472"}],"curies":[{"name":"wp","href":"https:\/\/api.w.org\/{rel}","templated":true}]}}