{"id":2567,"date":"2014-05-20T10:40:54","date_gmt":"2014-05-20T08:40:54","guid":{"rendered":"http:\/\/www.proinca.es\/madridfansblog\/?p=2567"},"modified":"2025-05-28T16:02:33","modified_gmt":"2025-05-28T14:02:33","slug":"apartamentos-alquiler-barato-madrid-norte","status":"publish","type":"post","link":"https:\/\/www.proinca.es\/madridfansblog\/apartamentos-alquiler-barato-madrid-norte\/","title":{"rendered":"\u00bfQUIERES UN 15% DE DESCUENTO AHORA?"},"content":{"rendered":"<p>S\u00f3lo tienes que llamarnos y visitar los <strong>apartamentos de alquiler<\/strong> de 1 habitaci\u00f3n que Proinca pone a tu disposici\u00f3n en la zona de <strong>Madrid Norte<\/strong>. \u00a1Te lo quedar\u00e1s seguro! \u00bfSabes por qu\u00e9?<!--more--><\/p>\n<p><a href=\"http:\/\/www.proinca.es\/madridfansblog\/wp-content\/uploads\/2014\/05\/Proinca_apartamento_alquiler_1_habitacion_Madrid_norte_dormitorio.jpg\"><img decoding=\"async\" class=\"alignleft\" title=\"Proinca_apartamento_alquiler_1_habitacion_Madrid_norte_dormitorio\" src=\"http:\/\/www.proinca.es\/madridfansblog\/wp-content\/uploads\/2014\/05\/Proinca_apartamento_alquiler_1_habitacion_Madrid_norte_dormitorio.jpg\" alt=\"Proinca apartamento alquiler una habitaci\u00f3n Madrid Norte\" width=\"276\" height=\"276\" \/><\/a>Porque te vas a encontrar con un piso completamente equipado (con nevera, lavadora, lavavajillas, microondas&#8230;), amueblado (buscando el m\u00e1ximo confort y funcionalidad), con aire acondicionado, conserje en el mismo edificio, con zona comunitaria y con flexibilidad en la contrataci\u00f3n seg\u00fan sean tus necesidades de alojamiento en Madrid. Ah! y en una zona muy c\u00e9ntrica y con excelentes comunicaciones.<\/p>\n<p>Y por si todo esto no fuera suficiente, puedes beneficiarte ahora de un \u00a1DESCUENTO del 15%, SOLO HASTA FIN DE EXISTENCIAS!<\/p>\n<p>Informate de la disponibilidad llamando al 915 719 344.<\/p>\n<p><a title=\"Proinca.Apartamentos de alquiler baratos en zona Madrid Norte de 1 habitaci\u00f3n\" href=\"http:\/\/www.proinca.es\/p\/apartamentos-alquiler-baratos-madrid-1-habitacion-zona-norte.html\" target=\"_blank\" rel=\"noopener\">Quiero saber m\u00e1s<\/a><\/p>\n<p><a title=\"Apartamentos baratos de alquiler en Madrid de 1 habitaci\u00f3n\" href=\"http:\/\/www.proinca.es\" target=\"_blank\" rel=\"noopener\"><strong>Proinca. Apartamentos baratos de alquiler en Madrid<\/strong><\/a><\/p>\n\n\n<div class=\"kk-star-ratings kksr-auto kksr-align-left kksr-valign-bottom\"\n    data-payload='{&quot;align&quot;:&quot;left&quot;,&quot;id&quot;:&quot;2567&quot;,&quot;slug&quot;:&quot;default&quot;,&quot;valign&quot;:&quot;bottom&quot;,&quot;ignore&quot;:&quot;&quot;,&quot;reference&quot;:&quot;auto&quot;,&quot;class&quot;:&quot;&quot;,&quot;count&quot;:&quot;0&quot;,&quot;legendonly&quot;:&quot;&quot;,&quot;readonly&quot;:&quot;&quot;,&quot;score&quot;:&quot;0&quot;,&quot;starsonly&quot;:&quot;&quot;,&quot;best&quot;:&quot;5&quot;,&quot;gap&quot;:&quot;1&quot;,&quot;greet&quot;:&quot;Valora este art\u00edculo&quot;,&quot;legend&quot;:&quot;0\\\/5 - (0 votos)&quot;,&quot;size&quot;:&quot;24&quot;,&quot;title&quot;:&quot;\u00bfQUIERES UN 15% DE DESCUENTO AHORA?&quot;,&quot;width&quot;:&quot;0&quot;,&quot;_legend&quot;:&quot;{score}\\\/{best} - ({count} {votes})&quot;,&quot;font_factor&quot;:&quot;1.25&quot;}'>\n            \n<div class=\"kksr-stars\">\n    \n<div class=\"kksr-stars-inactive\">\n            <div class=\"kksr-star\" data-star=\"1\" style=\"padding-right: 1px\">\n            \n\n<div class=\"kksr-icon\" style=\"width: 24px; height: 24px;\"><\/div>\n        <\/div>\n            <div class=\"kksr-star\" data-star=\"2\" style=\"padding-right: 1px\">\n            \n\n<div class=\"kksr-icon\" style=\"width: 24px; height: 24px;\"><\/div>\n        <\/div>\n            <div class=\"kksr-star\" data-star=\"3\" style=\"padding-right: 1px\">\n            \n\n<div class=\"kksr-icon\" style=\"width: 24px; height: 24px;\"><\/div>\n        <\/div>\n            <div class=\"kksr-star\" data-star=\"4\" style=\"padding-right: 1px\">\n            \n\n<div class=\"kksr-icon\" style=\"width: 24px; height: 24px;\"><\/div>\n        <\/div>\n            <div class=\"kksr-star\" data-star=\"5\" style=\"padding-right: 1px\">\n            \n\n<div class=\"kksr-icon\" style=\"width: 24px; height: 24px;\"><\/div>\n        <\/div>\n    <\/div>\n    \n<div class=\"kksr-stars-active\" style=\"width: 0px;\">\n            <div class=\"kksr-star\" style=\"padding-right: 1px\">\n            \n\n<div class=\"kksr-icon\" style=\"width: 24px; height: 24px;\"><\/div>\n        <\/div>\n            <div class=\"kksr-star\" style=\"padding-right: 1px\">\n            \n\n<div class=\"kksr-icon\" style=\"width: 24px; height: 24px;\"><\/div>\n        <\/div>\n            <div class=\"kksr-star\" style=\"padding-right: 1px\">\n            \n\n<div class=\"kksr-icon\" style=\"width: 24px; height: 24px;\"><\/div>\n        <\/div>\n            <div class=\"kksr-star\" style=\"padding-right: 1px\">\n            \n\n<div class=\"kksr-icon\" style=\"width: 24px; height: 24px;\"><\/div>\n        <\/div>\n            <div class=\"kksr-star\" style=\"padding-right: 1px\">\n            \n\n<div class=\"kksr-icon\" style=\"width: 24px; height: 24px;\"><\/div>\n        <\/div>\n    <\/div>\n<\/div>\n                \n\n<div class=\"kksr-legend\" style=\"font-size: 19.2px;\">\n            <span class=\"kksr-muted\">Valora este art\u00edculo<\/span>\n    <\/div>\n    <\/div>\n","protected":false},"excerpt":{"rendered":"<p>S\u00f3lo tienes que llamarnos y visitar los apartamentos de alquiler  [&#8230;]<\/p>\n","protected":false},"author":4,"featured_media":2569,"comment_status":"closed","ping_status":"closed","sticky":false,"template":"","format":"standard","meta":{"footnotes":""},"categories":[79],"tags":[5],"class_list":["post-2567","post","type-post","status-publish","format-standard","has-post-thumbnail","hentry","category-vivir-madrid","tag-madrid"],"yoast_head":"<!-- This site is optimized with the Yoast SEO plugin v27.4 - https:\/\/yoast.com\/product\/yoast-seo-wordpress\/ -->\n<title>Apartamentos baratos de alquiler Madrid|Proinca<\/title>\n<meta name=\"description\" content=\"Ahora 15% de DTO en apartamentos de 1 habitaci\u00f3n de alquiler en Madrid Norte \u00a1Esto si que es un alquiler barato!.Proinca Apartamentos baratos de alquiler Madrid\" \/>\n<meta name=\"robots\" content=\"index, follow, max-snippet:-1, max-image-preview:large, max-video-preview:-1\" \/>\n<link rel=\"canonical\" href=\"https:\/\/www.proinca.es\/madridfansblog\/apartamentos-alquiler-barato-madrid-norte\/\" \/>\n<meta property=\"og:locale\" content=\"es_ES\" \/>\n<meta property=\"og:type\" content=\"article\" \/>\n<meta property=\"og:title\" content=\"Apartamentos baratos de alquiler Madrid|Proinca\" \/>\n<meta property=\"og:description\" content=\"Ahora 15% de DTO en apartamentos de 1 habitaci\u00f3n de alquiler en Madrid Norte \u00a1Esto si que es un alquiler barato!.Proinca Apartamentos baratos de alquiler Madrid\" \/>\n<meta property=\"og:url\" content=\"https:\/\/www.proinca.es\/madridfansblog\/apartamentos-alquiler-barato-madrid-norte\/\" \/>\n<meta property=\"og:site_name\" content=\"Blog Proinca Madrid\" \/>\n<meta property=\"article:published_time\" content=\"2014-05-20T08:40:54+00:00\" \/>\n<meta property=\"article:modified_time\" content=\"2025-05-28T14:02:33+00:00\" \/>\n<meta property=\"og:image\" content=\"https:\/\/www.proinca.es\/madridfansblog\/wp-content\/uploads\/2014\/05\/Proinca_apartamentos_baratos_alquiler_Madrid_Norte_redes.jpg\" \/>\n\t<meta property=\"og:image:width\" content=\"402\" \/>\n\t<meta property=\"og:image:height\" content=\"278\" \/>\n\t<meta property=\"og:image:type\" content=\"image\/jpeg\" \/>\n<meta name=\"author\" content=\"Ana Calero\" \/>\n<script type=\"application\/ld+json\" class=\"yoast-schema-graph\">{\"@context\":\"https:\\\/\\\/schema.org\",\"@graph\":[{\"@type\":\"Article\",\"@id\":\"https:\\\/\\\/www.proinca.es\\\/madridfansblog\\\/apartamentos-alquiler-barato-madrid-norte\\\/#article\",\"isPartOf\":{\"@id\":\"https:\\\/\\\/www.proinca.es\\\/madridfansblog\\\/apartamentos-alquiler-barato-madrid-norte\\\/\"},\"author\":{\"name\":\"Ana Calero\",\"@id\":\"https:\\\/\\\/www.proinca.es\\\/madridfansblog\\\/#\\\/schema\\\/person\\\/8401adc89c0a0f5a3574c43326247f1e\"},\"headline\":\"\u00bfQUIERES UN 15% DE DESCUENTO AHORA?\",\"datePublished\":\"2014-05-20T08:40:54+00:00\",\"dateModified\":\"2025-05-28T14:02:33+00:00\",\"mainEntityOfPage\":{\"@id\":\"https:\\\/\\\/www.proinca.es\\\/madridfansblog\\\/apartamentos-alquiler-barato-madrid-norte\\\/\"},\"wordCount\":139,\"publisher\":{\"@id\":\"https:\\\/\\\/www.proinca.es\\\/madridfansblog\\\/#organization\"},\"image\":{\"@id\":\"https:\\\/\\\/www.proinca.es\\\/madridfansblog\\\/apartamentos-alquiler-barato-madrid-norte\\\/#primaryimage\"},\"thumbnailUrl\":\"https:\\\/\\\/www.proinca.es\\\/madridfansblog\\\/wp-content\\\/uploads\\\/2014\\\/05\\\/Proinca_apartamentos_baratos_alquiler_Madrid_Norte_redes.jpg\",\"keywords\":[\"Madrid\"],\"articleSection\":[\"VIVIR MADRID\"],\"inLanguage\":\"es\"},{\"@type\":\"WebPage\",\"@id\":\"https:\\\/\\\/www.proinca.es\\\/madridfansblog\\\/apartamentos-alquiler-barato-madrid-norte\\\/\",\"url\":\"https:\\\/\\\/www.proinca.es\\\/madridfansblog\\\/apartamentos-alquiler-barato-madrid-norte\\\/\",\"name\":\"Apartamentos baratos de alquiler Madrid|Proinca\",\"isPartOf\":{\"@id\":\"https:\\\/\\\/www.proinca.es\\\/madridfansblog\\\/#website\"},\"primaryImageOfPage\":{\"@id\":\"https:\\\/\\\/www.proinca.es\\\/madridfansblog\\\/apartamentos-alquiler-barato-madrid-norte\\\/#primaryimage\"},\"image\":{\"@id\":\"https:\\\/\\\/www.proinca.es\\\/madridfansblog\\\/apartamentos-alquiler-barato-madrid-norte\\\/#primaryimage\"},\"thumbnailUrl\":\"https:\\\/\\\/www.proinca.es\\\/madridfansblog\\\/wp-content\\\/uploads\\\/2014\\\/05\\\/Proinca_apartamentos_baratos_alquiler_Madrid_Norte_redes.jpg\",\"datePublished\":\"2014-05-20T08:40:54+00:00\",\"dateModified\":\"2025-05-28T14:02:33+00:00\",\"description\":\"Ahora 15% de DTO en apartamentos de 1 habitaci\u00f3n de alquiler en Madrid Norte \u00a1Esto si que es un alquiler barato!.Proinca Apartamentos baratos de alquiler Madrid\",\"inLanguage\":\"es\",\"potentialAction\":[{\"@type\":\"ReadAction\",\"target\":[\"https:\\\/\\\/www.proinca.es\\\/madridfansblog\\\/apartamentos-alquiler-barato-madrid-norte\\\/\"]}]},{\"@type\":\"ImageObject\",\"inLanguage\":\"es\",\"@id\":\"https:\\\/\\\/www.proinca.es\\\/madridfansblog\\\/apartamentos-alquiler-barato-madrid-norte\\\/#primaryimage\",\"url\":\"https:\\\/\\\/www.proinca.es\\\/madridfansblog\\\/wp-content\\\/uploads\\\/2014\\\/05\\\/Proinca_apartamentos_baratos_alquiler_Madrid_Norte_redes.jpg\",\"contentUrl\":\"https:\\\/\\\/www.proinca.es\\\/madridfansblog\\\/wp-content\\\/uploads\\\/2014\\\/05\\\/Proinca_apartamentos_baratos_alquiler_Madrid_Norte_redes.jpg\",\"width\":\"402\",\"height\":\"278\",\"caption\":\"Proinca. Apartamentos baratos de alquiler en Madrid Norte de 1 habitaci\u00f3n\"},{\"@type\":\"WebSite\",\"@id\":\"https:\\\/\\\/www.proinca.es\\\/madridfansblog\\\/#website\",\"url\":\"https:\\\/\\\/www.proinca.es\\\/madridfansblog\\\/\",\"name\":\"Madrid Fans Blog Proinca\",\"description\":\"Pisos y apartamentos de alquiler en Madrid\",\"publisher\":{\"@id\":\"https:\\\/\\\/www.proinca.es\\\/madridfansblog\\\/#organization\"},\"potentialAction\":[{\"@type\":\"SearchAction\",\"target\":{\"@type\":\"EntryPoint\",\"urlTemplate\":\"https:\\\/\\\/www.proinca.es\\\/madridfansblog\\\/?s={search_term_string}\"},\"query-input\":{\"@type\":\"PropertyValueSpecification\",\"valueRequired\":true,\"valueName\":\"search_term_string\"}}],\"inLanguage\":\"es\"},{\"@type\":\"Organization\",\"@id\":\"https:\\\/\\\/www.proinca.es\\\/madridfansblog\\\/#organization\",\"name\":\"Proinca\",\"url\":\"https:\\\/\\\/www.proinca.es\\\/madridfansblog\\\/\",\"logo\":{\"@type\":\"ImageObject\",\"inLanguage\":\"es\",\"@id\":\"https:\\\/\\\/www.proinca.es\\\/madridfansblog\\\/#\\\/schema\\\/logo\\\/image\\\/\",\"url\":\"https:\\\/\\\/www.proinca.es\\\/madridfansblog\\\/wp-content\\\/uploads\\\/2022\\\/03\\\/logo-proinca.jpg\",\"contentUrl\":\"https:\\\/\\\/www.proinca.es\\\/madridfansblog\\\/wp-content\\\/uploads\\\/2022\\\/03\\\/logo-proinca.jpg\",\"width\":522,\"height\":250,\"caption\":\"Proinca\"},\"image\":{\"@id\":\"https:\\\/\\\/www.proinca.es\\\/madridfansblog\\\/#\\\/schema\\\/logo\\\/image\\\/\"}},{\"@type\":\"Person\",\"@id\":\"https:\\\/\\\/www.proinca.es\\\/madridfansblog\\\/#\\\/schema\\\/person\\\/8401adc89c0a0f5a3574c43326247f1e\",\"name\":\"Ana Calero\",\"image\":{\"@type\":\"ImageObject\",\"inLanguage\":\"es\",\"@id\":\"https:\\\/\\\/www.proinca.es\\\/madridfansblog\\\/wp-content\\\/litespeed\\\/avatar\\\/ef51b25c0718910f475570320941ef46.jpg?ver=1777379772\",\"url\":\"https:\\\/\\\/www.proinca.es\\\/madridfansblog\\\/wp-content\\\/litespeed\\\/avatar\\\/ef51b25c0718910f475570320941ef46.jpg?ver=1777379772\",\"contentUrl\":\"https:\\\/\\\/www.proinca.es\\\/madridfansblog\\\/wp-content\\\/litespeed\\\/avatar\\\/ef51b25c0718910f475570320941ef46.jpg?ver=1777379772\",\"caption\":\"Ana Calero\"},\"description\":\"Licenciada en Ciencias Empresariales por la Universidad Aut\u00f3noma de Madrid. Forma parte del equipo de Apartamentos Proinca y es una enamorada de Madrid\",\"sameAs\":[\"https:\\\/\\\/www.proinca.es\\\/madridfansblog\\\/ana-calero\\\/\"]}]}<\/script>\n<!-- \/ Yoast SEO plugin. -->","yoast_head_json":{"title":"Apartamentos baratos de alquiler Madrid|Proinca","description":"Ahora 15% de DTO en apartamentos de 1 habitaci\u00f3n de alquiler en Madrid Norte \u00a1Esto si que es un alquiler barato!.Proinca Apartamentos baratos de alquiler Madrid","robots":{"index":"index","follow":"follow","max-snippet":"max-snippet:-1","max-image-preview":"max-image-preview:large","max-video-preview":"max-video-preview:-1"},"canonical":"https:\/\/www.proinca.es\/madridfansblog\/apartamentos-alquiler-barato-madrid-norte\/","og_locale":"es_ES","og_type":"article","og_title":"Apartamentos baratos de alquiler Madrid|Proinca","og_description":"Ahora 15% de DTO en apartamentos de 1 habitaci\u00f3n de alquiler en Madrid Norte \u00a1Esto si que es un alquiler barato!.Proinca Apartamentos baratos de alquiler Madrid","og_url":"https:\/\/www.proinca.es\/madridfansblog\/apartamentos-alquiler-barato-madrid-norte\/","og_site_name":"Blog Proinca Madrid","article_published_time":"2014-05-20T08:40:54+00:00","article_modified_time":"2025-05-28T14:02:33+00:00","og_image":[{"width":402,"height":278,"url":"https:\/\/www.proinca.es\/madridfansblog\/wp-content\/uploads\/2014\/05\/Proinca_apartamentos_baratos_alquiler_Madrid_Norte_redes.jpg","type":"image\/jpeg"}],"author":"Ana Calero","schema":{"@context":"https:\/\/schema.org","@graph":[{"@type":"Article","@id":"https:\/\/www.proinca.es\/madridfansblog\/apartamentos-alquiler-barato-madrid-norte\/#article","isPartOf":{"@id":"https:\/\/www.proinca.es\/madridfansblog\/apartamentos-alquiler-barato-madrid-norte\/"},"author":{"name":"Ana Calero","@id":"https:\/\/www.proinca.es\/madridfansblog\/#\/schema\/person\/8401adc89c0a0f5a3574c43326247f1e"},"headline":"\u00bfQUIERES UN 15% DE DESCUENTO AHORA?","datePublished":"2014-05-20T08:40:54+00:00","dateModified":"2025-05-28T14:02:33+00:00","mainEntityOfPage":{"@id":"https:\/\/www.proinca.es\/madridfansblog\/apartamentos-alquiler-barato-madrid-norte\/"},"wordCount":139,"publisher":{"@id":"https:\/\/www.proinca.es\/madridfansblog\/#organization"},"image":{"@id":"https:\/\/www.proinca.es\/madridfansblog\/apartamentos-alquiler-barato-madrid-norte\/#primaryimage"},"thumbnailUrl":"https:\/\/www.proinca.es\/madridfansblog\/wp-content\/uploads\/2014\/05\/Proinca_apartamentos_baratos_alquiler_Madrid_Norte_redes.jpg","keywords":["Madrid"],"articleSection":["VIVIR MADRID"],"inLanguage":"es"},{"@type":"WebPage","@id":"https:\/\/www.proinca.es\/madridfansblog\/apartamentos-alquiler-barato-madrid-norte\/","url":"https:\/\/www.proinca.es\/madridfansblog\/apartamentos-alquiler-barato-madrid-norte\/","name":"Apartamentos baratos de alquiler Madrid|Proinca","isPartOf":{"@id":"https:\/\/www.proinca.es\/madridfansblog\/#website"},"primaryImageOfPage":{"@id":"https:\/\/www.proinca.es\/madridfansblog\/apartamentos-alquiler-barato-madrid-norte\/#primaryimage"},"image":{"@id":"https:\/\/www.proinca.es\/madridfansblog\/apartamentos-alquiler-barato-madrid-norte\/#primaryimage"},"thumbnailUrl":"https:\/\/www.proinca.es\/madridfansblog\/wp-content\/uploads\/2014\/05\/Proinca_apartamentos_baratos_alquiler_Madrid_Norte_redes.jpg","datePublished":"2014-05-20T08:40:54+00:00","dateModified":"2025-05-28T14:02:33+00:00","description":"Ahora 15% de DTO en apartamentos de 1 habitaci\u00f3n de alquiler en Madrid Norte \u00a1Esto si que es un alquiler barato!.Proinca Apartamentos baratos de alquiler Madrid","inLanguage":"es","potentialAction":[{"@type":"ReadAction","target":["https:\/\/www.proinca.es\/madridfansblog\/apartamentos-alquiler-barato-madrid-norte\/"]}]},{"@type":"ImageObject","inLanguage":"es","@id":"https:\/\/www.proinca.es\/madridfansblog\/apartamentos-alquiler-barato-madrid-norte\/#primaryimage","url":"https:\/\/www.proinca.es\/madridfansblog\/wp-content\/uploads\/2014\/05\/Proinca_apartamentos_baratos_alquiler_Madrid_Norte_redes.jpg","contentUrl":"https:\/\/www.proinca.es\/madridfansblog\/wp-content\/uploads\/2014\/05\/Proinca_apartamentos_baratos_alquiler_Madrid_Norte_redes.jpg","width":"402","height":"278","caption":"Proinca. Apartamentos baratos de alquiler en Madrid Norte de 1 habitaci\u00f3n"},{"@type":"WebSite","@id":"https:\/\/www.proinca.es\/madridfansblog\/#website","url":"https:\/\/www.proinca.es\/madridfansblog\/","name":"Madrid Fans Blog Proinca","description":"Pisos y apartamentos de alquiler en Madrid","publisher":{"@id":"https:\/\/www.proinca.es\/madridfansblog\/#organization"},"potentialAction":[{"@type":"SearchAction","target":{"@type":"EntryPoint","urlTemplate":"https:\/\/www.proinca.es\/madridfansblog\/?s={search_term_string}"},"query-input":{"@type":"PropertyValueSpecification","valueRequired":true,"valueName":"search_term_string"}}],"inLanguage":"es"},{"@type":"Organization","@id":"https:\/\/www.proinca.es\/madridfansblog\/#organization","name":"Proinca","url":"https:\/\/www.proinca.es\/madridfansblog\/","logo":{"@type":"ImageObject","inLanguage":"es","@id":"https:\/\/www.proinca.es\/madridfansblog\/#\/schema\/logo\/image\/","url":"https:\/\/www.proinca.es\/madridfansblog\/wp-content\/uploads\/2022\/03\/logo-proinca.jpg","contentUrl":"https:\/\/www.proinca.es\/madridfansblog\/wp-content\/uploads\/2022\/03\/logo-proinca.jpg","width":522,"height":250,"caption":"Proinca"},"image":{"@id":"https:\/\/www.proinca.es\/madridfansblog\/#\/schema\/logo\/image\/"}},{"@type":"Person","@id":"https:\/\/www.proinca.es\/madridfansblog\/#\/schema\/person\/8401adc89c0a0f5a3574c43326247f1e","name":"Ana Calero","image":{"@type":"ImageObject","inLanguage":"es","@id":"https:\/\/www.proinca.es\/madridfansblog\/wp-content\/litespeed\/avatar\/ef51b25c0718910f475570320941ef46.jpg?ver=1777379772","url":"https:\/\/www.proinca.es\/madridfansblog\/wp-content\/litespeed\/avatar\/ef51b25c0718910f475570320941ef46.jpg?ver=1777379772","contentUrl":"https:\/\/www.proinca.es\/madridfansblog\/wp-content\/litespeed\/avatar\/ef51b25c0718910f475570320941ef46.jpg?ver=1777379772","caption":"Ana Calero"},"description":"Licenciada en Ciencias Empresariales por la Universidad Aut\u00f3noma de Madrid. Forma parte del equipo de Apartamentos Proinca y es una enamorada de Madrid","sameAs":["https:\/\/www.proinca.es\/madridfansblog\/ana-calero\/"]}]}},"_links":{"self":[{"href":"https:\/\/www.proinca.es\/madridfansblog\/wp-json\/wp\/v2\/posts\/2567","targetHints":{"allow":["GET"]}}],"collection":[{"href":"https:\/\/www.proinca.es\/madridfansblog\/wp-json\/wp\/v2\/posts"}],"about":[{"href":"https:\/\/www.proinca.es\/madridfansblog\/wp-json\/wp\/v2\/types\/post"}],"author":[{"embeddable":true,"href":"https:\/\/www.proinca.es\/madridfansblog\/wp-json\/wp\/v2\/users\/4"}],"replies":[{"embeddable":true,"href":"https:\/\/www.proinca.es\/madridfansblog\/wp-json\/wp\/v2\/comments?post=2567"}],"version-history":[{"count":11,"href":"https:\/\/www.proinca.es\/madridfansblog\/wp-json\/wp\/v2\/posts\/2567\/revisions"}],"predecessor-version":[{"id":6476,"href":"https:\/\/www.proinca.es\/madridfansblog\/wp-json\/wp\/v2\/posts\/2567\/revisions\/6476"}],"wp:featuredmedia":[{"embeddable":true,"href":"https:\/\/www.proinca.es\/madridfansblog\/wp-json\/wp\/v2\/media\/2569"}],"wp:attachment":[{"href":"https:\/\/www.proinca.es\/madridfansblog\/wp-json\/wp\/v2\/media?parent=2567"}],"wp:term":[{"taxonomy":"category","embeddable":true,"href":"https:\/\/www.proinca.es\/madridfansblog\/wp-json\/wp\/v2\/categories?post=2567"},{"taxonomy":"post_tag","embeddable":true,"href":"https:\/\/www.proinca.es\/madridfansblog\/wp-json\/wp\/v2\/tags?post=2567"}],"curies":[{"name":"wp","href":"https:\/\/api.w.org\/{rel}","templated":true}]}}