{"id":2672,"date":"2014-06-26T14:54:51","date_gmt":"2014-06-26T12:54:51","guid":{"rendered":"http:\/\/www.proinca.es\/madridfansblog\/?p=2672"},"modified":"2025-05-28T16:02:58","modified_gmt":"2025-05-28T14:02:58","slug":"escapadas-veraniegas-a-los-alrededores-de-madrid-i","status":"publish","type":"post","link":"https:\/\/www.proinca.es\/madridfansblog\/escapadas-veraniegas-a-los-alrededores-de-madrid-i\/","title":{"rendered":"ESCAPADAS VERANIEGAS A LOS ALREDEDORES DE MADRID I"},"content":{"rendered":"<p>Qu\u00e9 bien nos sienta el verano incluso cuando no tenemos vacaciones, porque terminar una dura jornada de trabajo en una terraza madrile\u00f1a, bebiendo una ca\u00f1ita fresquita y en compa\u00f1\u00eda de los amigos, no tiene precio.<!--more--> Como tampoco lo tienen esos maravillosos fines de semana al sol, <strong>escapadas veraniegas<\/strong> practicando turismo en alg\u00fan lugar pintoresco cercano a la capital\u2026 Y es que, los alrededores de <strong>Madrid<\/strong> dan mucho de s\u00ed, entornos naturales y municipios con encanto donde pasar una agradable estancia disfrutando de largos paseos, gastronom\u00eda y cultura. Aqu\u00ed van algunas propuestas cercanas a la ciudad:<\/p>\n<p style=\"text-align: left;\">&#8211; PATONES. Edificado con piedra y pizarra confiere a este pueblo un aspecto singular que se confunde con el entorno, monta\u00f1oso y esculpido por el paso del r\u00edo Jarama. Tal es su encanto que, este municipio (en especial Patones de Arriba) se ha convertido en centro de recepci\u00f3n de turismo rural. Patones es adem\u00e1s un lugar de culto para aquellos deportistas que se inician en la escalada.<\/p>\n<p style=\"text-align: left;\"><span style=\"text-decoration: underline;\">Acceso por carretera:<\/span> Desde la A-1 (Autov\u00eda de Burgos), tomando la salida del kil\u00f3metro 50 en direcci\u00f3n a Torrelaguna por la Nacional 320. Una vez cruzada esta localidad se sigue hasta Patones de Abajo por la M-102.<\/p>\n<p style=\"text-align: left;\">&#8211; MANZANARES EL REAL. Famoso por su castillo construido en el siglo XV y conservado en perfectas condiciones, es sin duda uno de los pueblos m\u00e1s bonitos de la Comunidad de <strong>Madrid<\/strong>, no solo por su patrimonio arquitect\u00f3nico, sino porque el municipio se alza en un lugar privilegiado, entre La Pedriza, en pleno Parque Regional de la Cuenca Alta del Manzanares, incluido en la Red Mundial de Reservas de la Biosfera, y el embalse de Santillana.<\/p>\n<p style=\"text-align: left;\"><span style=\"text-decoration: underline;\">Acceso por carretera:<\/span> Por la A-6 hasta la salida 39, al llegar a Villalba, se coge la salida a Morarzarzal, se toma la carretera M-608 hasta Manzanares El Real. Desde la A-1 (Autov\u00eda de Burgos), se toma la salida de la A-1 en Venturada con direcci\u00f3n oeste por la M-608 hasta Manzanares El Real.<\/p>\n<p style=\"text-align: left;\">&#8211; BUITRAGO DE LOZOYA. Llaman la atenci\u00f3n sus imponentes murallas Monumento Nacional desde 1931 y se\u00f1a de identidad del municipio. Ubicado a los pies de la Sierra de Guadarrama, Buitrago ofrece unas bonitas vistas al norte de la provincia de <strong>Madrid<\/strong> y un lugar id\u00f3neo para tus <strong>escapadas veraniegas<\/strong> rodeado de arte historia y cultura medievales.<\/p>\n<p style=\"text-align: left;\"><span style=\"text-decoration: underline;\">Acceso por carretera:<\/span> Desde <strong>Madrid<\/strong>, A-1 hasta la salida 74.<\/p>\n<p style=\"text-align: left;\">Informaci\u00f3n patrocinada por\u00a0<strong><a title=\"Proinca.Apartamentos de alquiler en Madrid baratos\" href=\"http:\/\/www.proinca.es\" target=\"_blank\" rel=\"noopener\">Proinca: Apartamentos de alquiler en Madrid<\/a><\/strong><\/p>\n<p>Foto de Sarah\u00ed Rivera en Unsplash<\/p>\n\n\n<div class=\"kk-star-ratings kksr-auto kksr-align-left kksr-valign-bottom\"\n    data-payload='{&quot;align&quot;:&quot;left&quot;,&quot;id&quot;:&quot;2672&quot;,&quot;slug&quot;:&quot;default&quot;,&quot;valign&quot;:&quot;bottom&quot;,&quot;ignore&quot;:&quot;&quot;,&quot;reference&quot;:&quot;auto&quot;,&quot;class&quot;:&quot;&quot;,&quot;count&quot;:&quot;0&quot;,&quot;legendonly&quot;:&quot;&quot;,&quot;readonly&quot;:&quot;&quot;,&quot;score&quot;:&quot;0&quot;,&quot;starsonly&quot;:&quot;&quot;,&quot;best&quot;:&quot;5&quot;,&quot;gap&quot;:&quot;1&quot;,&quot;greet&quot;:&quot;Valora este art\u00edculo&quot;,&quot;legend&quot;:&quot;0\\\/5 - (0 votos)&quot;,&quot;size&quot;:&quot;24&quot;,&quot;title&quot;:&quot;ESCAPADAS VERANIEGAS A LOS ALREDEDORES DE MADRID I&quot;,&quot;width&quot;:&quot;0&quot;,&quot;_legend&quot;:&quot;{score}\\\/{best} - ({count} {votes})&quot;,&quot;font_factor&quot;:&quot;1.25&quot;}'>\n            \n<div class=\"kksr-stars\">\n    \n<div class=\"kksr-stars-inactive\">\n            <div class=\"kksr-star\" data-star=\"1\" style=\"padding-right: 1px\">\n            \n\n<div class=\"kksr-icon\" style=\"width: 24px; height: 24px;\"><\/div>\n        <\/div>\n            <div class=\"kksr-star\" data-star=\"2\" style=\"padding-right: 1px\">\n            \n\n<div class=\"kksr-icon\" style=\"width: 24px; height: 24px;\"><\/div>\n        <\/div>\n            <div class=\"kksr-star\" data-star=\"3\" style=\"padding-right: 1px\">\n            \n\n<div class=\"kksr-icon\" style=\"width: 24px; height: 24px;\"><\/div>\n        <\/div>\n            <div class=\"kksr-star\" data-star=\"4\" style=\"padding-right: 1px\">\n            \n\n<div class=\"kksr-icon\" style=\"width: 24px; height: 24px;\"><\/div>\n        <\/div>\n            <div class=\"kksr-star\" data-star=\"5\" style=\"padding-right: 1px\">\n            \n\n<div class=\"kksr-icon\" style=\"width: 24px; height: 24px;\"><\/div>\n        <\/div>\n    <\/div>\n    \n<div class=\"kksr-stars-active\" style=\"width: 0px;\">\n            <div class=\"kksr-star\" style=\"padding-right: 1px\">\n            \n\n<div class=\"kksr-icon\" style=\"width: 24px; height: 24px;\"><\/div>\n        <\/div>\n            <div class=\"kksr-star\" style=\"padding-right: 1px\">\n            \n\n<div class=\"kksr-icon\" style=\"width: 24px; height: 24px;\"><\/div>\n        <\/div>\n            <div class=\"kksr-star\" style=\"padding-right: 1px\">\n            \n\n<div class=\"kksr-icon\" style=\"width: 24px; height: 24px;\"><\/div>\n        <\/div>\n            <div class=\"kksr-star\" style=\"padding-right: 1px\">\n            \n\n<div class=\"kksr-icon\" style=\"width: 24px; height: 24px;\"><\/div>\n        <\/div>\n            <div class=\"kksr-star\" style=\"padding-right: 1px\">\n            \n\n<div class=\"kksr-icon\" style=\"width: 24px; height: 24px;\"><\/div>\n        <\/div>\n    <\/div>\n<\/div>\n                \n\n<div class=\"kksr-legend\" style=\"font-size: 19.2px;\">\n            <span class=\"kksr-muted\">Valora este art\u00edculo<\/span>\n    <\/div>\n    <\/div>\n","protected":false},"excerpt":{"rendered":"<p>Qu\u00e9 bien nos sienta el verano incluso cuando no tenemos  [&#8230;]<\/p>\n","protected":false},"author":4,"featured_media":7138,"comment_status":"closed","ping_status":"closed","sticky":false,"template":"","format":"standard","meta":{"footnotes":""},"categories":[79],"tags":[27,63,54,25,30,5,42],"class_list":["post-2672","post","type-post","status-publish","format-standard","has-post-thumbnail","hentry","category-vivir-madrid","tag-arte","tag-cultura","tag-deporte","tag-fotografia","tag-gastronomia","tag-madrid","tag-medio-ambiente"],"yoast_head":"<!-- This site is optimized with the Yoast SEO plugin v27.4 - https:\/\/yoast.com\/product\/yoast-seo-wordpress\/ -->\n<title>Escapadas veraniegas Madrid | Proinca Apartamentos alquiler<\/title>\n<meta name=\"description\" content=\"Escapadas veraniegas por los alrededores de Madrid, localidades como Patones,Manzanares y buitrago no puedes perd\u00e9rtelas. Proinca Apartamentos alquiler Madrid\" \/>\n<meta name=\"robots\" content=\"index, follow, max-snippet:-1, max-image-preview:large, max-video-preview:-1\" \/>\n<link rel=\"canonical\" href=\"https:\/\/www.proinca.es\/madridfansblog\/escapadas-veraniegas-a-los-alrededores-de-madrid-i\/\" \/>\n<meta property=\"og:locale\" content=\"es_ES\" \/>\n<meta property=\"og:type\" content=\"article\" \/>\n<meta property=\"og:title\" content=\"Escapadas veraniegas Madrid | Proinca Apartamentos alquiler\" \/>\n<meta property=\"og:description\" content=\"Escapadas veraniegas por los alrededores de Madrid, localidades como Patones,Manzanares y buitrago no puedes perd\u00e9rtelas. Proinca Apartamentos alquiler Madrid\" \/>\n<meta property=\"og:url\" content=\"https:\/\/www.proinca.es\/madridfansblog\/escapadas-veraniegas-a-los-alrededores-de-madrid-i\/\" \/>\n<meta property=\"og:site_name\" content=\"Blog Proinca Madrid\" \/>\n<meta property=\"article:published_time\" content=\"2014-06-26T12:54:51+00:00\" \/>\n<meta property=\"article:modified_time\" content=\"2025-05-28T14:02:58+00:00\" \/>\n<meta property=\"og:image\" content=\"https:\/\/www.proinca.es\/madridfansblog\/wp-content\/uploads\/2014\/06\/escapadas-veraniegas-alrededores.jpg\" \/>\n\t<meta property=\"og:image:width\" content=\"1000\" \/>\n\t<meta property=\"og:image:height\" content=\"667\" \/>\n\t<meta property=\"og:image:type\" content=\"image\/jpeg\" \/>\n<meta name=\"author\" content=\"Ana Calero\" \/>\n<script type=\"application\/ld+json\" class=\"yoast-schema-graph\">{\"@context\":\"https:\\\/\\\/schema.org\",\"@graph\":[{\"@type\":\"Article\",\"@id\":\"https:\\\/\\\/www.proinca.es\\\/madridfansblog\\\/escapadas-veraniegas-a-los-alrededores-de-madrid-i\\\/#article\",\"isPartOf\":{\"@id\":\"https:\\\/\\\/www.proinca.es\\\/madridfansblog\\\/escapadas-veraniegas-a-los-alrededores-de-madrid-i\\\/\"},\"author\":{\"name\":\"Ana Calero\",\"@id\":\"https:\\\/\\\/www.proinca.es\\\/madridfansblog\\\/#\\\/schema\\\/person\\\/8401adc89c0a0f5a3574c43326247f1e\"},\"headline\":\"ESCAPADAS VERANIEGAS A LOS ALREDEDORES DE MADRID I\",\"datePublished\":\"2014-06-26T12:54:51+00:00\",\"dateModified\":\"2025-05-28T14:02:58+00:00\",\"mainEntityOfPage\":{\"@id\":\"https:\\\/\\\/www.proinca.es\\\/madridfansblog\\\/escapadas-veraniegas-a-los-alrededores-de-madrid-i\\\/\"},\"wordCount\":433,\"publisher\":{\"@id\":\"https:\\\/\\\/www.proinca.es\\\/madridfansblog\\\/#organization\"},\"image\":{\"@id\":\"https:\\\/\\\/www.proinca.es\\\/madridfansblog\\\/escapadas-veraniegas-a-los-alrededores-de-madrid-i\\\/#primaryimage\"},\"thumbnailUrl\":\"https:\\\/\\\/www.proinca.es\\\/madridfansblog\\\/wp-content\\\/uploads\\\/2014\\\/06\\\/escapadas-veraniegas-alrededores.jpg\",\"keywords\":[\"Arte\",\"Cultura\",\"Deporte\",\"Fotograf\u00eda\",\"Gastronom\u00eda\",\"Madrid\",\"Medio Ambiente\"],\"articleSection\":[\"VIVIR MADRID\"],\"inLanguage\":\"es\"},{\"@type\":\"WebPage\",\"@id\":\"https:\\\/\\\/www.proinca.es\\\/madridfansblog\\\/escapadas-veraniegas-a-los-alrededores-de-madrid-i\\\/\",\"url\":\"https:\\\/\\\/www.proinca.es\\\/madridfansblog\\\/escapadas-veraniegas-a-los-alrededores-de-madrid-i\\\/\",\"name\":\"Escapadas veraniegas Madrid | Proinca Apartamentos alquiler\",\"isPartOf\":{\"@id\":\"https:\\\/\\\/www.proinca.es\\\/madridfansblog\\\/#website\"},\"primaryImageOfPage\":{\"@id\":\"https:\\\/\\\/www.proinca.es\\\/madridfansblog\\\/escapadas-veraniegas-a-los-alrededores-de-madrid-i\\\/#primaryimage\"},\"image\":{\"@id\":\"https:\\\/\\\/www.proinca.es\\\/madridfansblog\\\/escapadas-veraniegas-a-los-alrededores-de-madrid-i\\\/#primaryimage\"},\"thumbnailUrl\":\"https:\\\/\\\/www.proinca.es\\\/madridfansblog\\\/wp-content\\\/uploads\\\/2014\\\/06\\\/escapadas-veraniegas-alrededores.jpg\",\"datePublished\":\"2014-06-26T12:54:51+00:00\",\"dateModified\":\"2025-05-28T14:02:58+00:00\",\"description\":\"Escapadas veraniegas por los alrededores de Madrid, localidades como Patones,Manzanares y buitrago no puedes perd\u00e9rtelas. Proinca Apartamentos alquiler Madrid\",\"inLanguage\":\"es\",\"potentialAction\":[{\"@type\":\"ReadAction\",\"target\":[\"https:\\\/\\\/www.proinca.es\\\/madridfansblog\\\/escapadas-veraniegas-a-los-alrededores-de-madrid-i\\\/\"]}]},{\"@type\":\"ImageObject\",\"inLanguage\":\"es\",\"@id\":\"https:\\\/\\\/www.proinca.es\\\/madridfansblog\\\/escapadas-veraniegas-a-los-alrededores-de-madrid-i\\\/#primaryimage\",\"url\":\"https:\\\/\\\/www.proinca.es\\\/madridfansblog\\\/wp-content\\\/uploads\\\/2014\\\/06\\\/escapadas-veraniegas-alrededores.jpg\",\"contentUrl\":\"https:\\\/\\\/www.proinca.es\\\/madridfansblog\\\/wp-content\\\/uploads\\\/2014\\\/06\\\/escapadas-veraniegas-alrededores.jpg\",\"width\":1000,\"height\":667,\"caption\":\"Escapadas veraniegas a los alrededores de Madrid\"},{\"@type\":\"WebSite\",\"@id\":\"https:\\\/\\\/www.proinca.es\\\/madridfansblog\\\/#website\",\"url\":\"https:\\\/\\\/www.proinca.es\\\/madridfansblog\\\/\",\"name\":\"Madrid Fans Blog Proinca\",\"description\":\"Pisos y apartamentos de alquiler en Madrid\",\"publisher\":{\"@id\":\"https:\\\/\\\/www.proinca.es\\\/madridfansblog\\\/#organization\"},\"potentialAction\":[{\"@type\":\"SearchAction\",\"target\":{\"@type\":\"EntryPoint\",\"urlTemplate\":\"https:\\\/\\\/www.proinca.es\\\/madridfansblog\\\/?s={search_term_string}\"},\"query-input\":{\"@type\":\"PropertyValueSpecification\",\"valueRequired\":true,\"valueName\":\"search_term_string\"}}],\"inLanguage\":\"es\"},{\"@type\":\"Organization\",\"@id\":\"https:\\\/\\\/www.proinca.es\\\/madridfansblog\\\/#organization\",\"name\":\"Proinca\",\"url\":\"https:\\\/\\\/www.proinca.es\\\/madridfansblog\\\/\",\"logo\":{\"@type\":\"ImageObject\",\"inLanguage\":\"es\",\"@id\":\"https:\\\/\\\/www.proinca.es\\\/madridfansblog\\\/#\\\/schema\\\/logo\\\/image\\\/\",\"url\":\"https:\\\/\\\/www.proinca.es\\\/madridfansblog\\\/wp-content\\\/uploads\\\/2022\\\/03\\\/logo-proinca.jpg\",\"contentUrl\":\"https:\\\/\\\/www.proinca.es\\\/madridfansblog\\\/wp-content\\\/uploads\\\/2022\\\/03\\\/logo-proinca.jpg\",\"width\":522,\"height\":250,\"caption\":\"Proinca\"},\"image\":{\"@id\":\"https:\\\/\\\/www.proinca.es\\\/madridfansblog\\\/#\\\/schema\\\/logo\\\/image\\\/\"}},{\"@type\":\"Person\",\"@id\":\"https:\\\/\\\/www.proinca.es\\\/madridfansblog\\\/#\\\/schema\\\/person\\\/8401adc89c0a0f5a3574c43326247f1e\",\"name\":\"Ana Calero\",\"image\":{\"@type\":\"ImageObject\",\"inLanguage\":\"es\",\"@id\":\"https:\\\/\\\/www.proinca.es\\\/madridfansblog\\\/wp-content\\\/litespeed\\\/avatar\\\/ef51b25c0718910f475570320941ef46.jpg?ver=1777379772\",\"url\":\"https:\\\/\\\/www.proinca.es\\\/madridfansblog\\\/wp-content\\\/litespeed\\\/avatar\\\/ef51b25c0718910f475570320941ef46.jpg?ver=1777379772\",\"contentUrl\":\"https:\\\/\\\/www.proinca.es\\\/madridfansblog\\\/wp-content\\\/litespeed\\\/avatar\\\/ef51b25c0718910f475570320941ef46.jpg?ver=1777379772\",\"caption\":\"Ana Calero\"},\"description\":\"Licenciada en Ciencias Empresariales por la Universidad Aut\u00f3noma de Madrid. Forma parte del equipo de Apartamentos Proinca y es una enamorada de Madrid\",\"sameAs\":[\"https:\\\/\\\/www.proinca.es\\\/madridfansblog\\\/ana-calero\\\/\"]}]}<\/script>\n<!-- \/ Yoast SEO plugin. -->","yoast_head_json":{"title":"Escapadas veraniegas Madrid | Proinca Apartamentos alquiler","description":"Escapadas veraniegas por los alrededores de Madrid, localidades como Patones,Manzanares y buitrago no puedes perd\u00e9rtelas. Proinca Apartamentos alquiler Madrid","robots":{"index":"index","follow":"follow","max-snippet":"max-snippet:-1","max-image-preview":"max-image-preview:large","max-video-preview":"max-video-preview:-1"},"canonical":"https:\/\/www.proinca.es\/madridfansblog\/escapadas-veraniegas-a-los-alrededores-de-madrid-i\/","og_locale":"es_ES","og_type":"article","og_title":"Escapadas veraniegas Madrid | Proinca Apartamentos alquiler","og_description":"Escapadas veraniegas por los alrededores de Madrid, localidades como Patones,Manzanares y buitrago no puedes perd\u00e9rtelas. Proinca Apartamentos alquiler Madrid","og_url":"https:\/\/www.proinca.es\/madridfansblog\/escapadas-veraniegas-a-los-alrededores-de-madrid-i\/","og_site_name":"Blog Proinca Madrid","article_published_time":"2014-06-26T12:54:51+00:00","article_modified_time":"2025-05-28T14:02:58+00:00","og_image":[{"width":1000,"height":667,"url":"https:\/\/www.proinca.es\/madridfansblog\/wp-content\/uploads\/2014\/06\/escapadas-veraniegas-alrededores.jpg","type":"image\/jpeg"}],"author":"Ana Calero","schema":{"@context":"https:\/\/schema.org","@graph":[{"@type":"Article","@id":"https:\/\/www.proinca.es\/madridfansblog\/escapadas-veraniegas-a-los-alrededores-de-madrid-i\/#article","isPartOf":{"@id":"https:\/\/www.proinca.es\/madridfansblog\/escapadas-veraniegas-a-los-alrededores-de-madrid-i\/"},"author":{"name":"Ana Calero","@id":"https:\/\/www.proinca.es\/madridfansblog\/#\/schema\/person\/8401adc89c0a0f5a3574c43326247f1e"},"headline":"ESCAPADAS VERANIEGAS A LOS ALREDEDORES DE MADRID I","datePublished":"2014-06-26T12:54:51+00:00","dateModified":"2025-05-28T14:02:58+00:00","mainEntityOfPage":{"@id":"https:\/\/www.proinca.es\/madridfansblog\/escapadas-veraniegas-a-los-alrededores-de-madrid-i\/"},"wordCount":433,"publisher":{"@id":"https:\/\/www.proinca.es\/madridfansblog\/#organization"},"image":{"@id":"https:\/\/www.proinca.es\/madridfansblog\/escapadas-veraniegas-a-los-alrededores-de-madrid-i\/#primaryimage"},"thumbnailUrl":"https:\/\/www.proinca.es\/madridfansblog\/wp-content\/uploads\/2014\/06\/escapadas-veraniegas-alrededores.jpg","keywords":["Arte","Cultura","Deporte","Fotograf\u00eda","Gastronom\u00eda","Madrid","Medio Ambiente"],"articleSection":["VIVIR MADRID"],"inLanguage":"es"},{"@type":"WebPage","@id":"https:\/\/www.proinca.es\/madridfansblog\/escapadas-veraniegas-a-los-alrededores-de-madrid-i\/","url":"https:\/\/www.proinca.es\/madridfansblog\/escapadas-veraniegas-a-los-alrededores-de-madrid-i\/","name":"Escapadas veraniegas Madrid | Proinca Apartamentos alquiler","isPartOf":{"@id":"https:\/\/www.proinca.es\/madridfansblog\/#website"},"primaryImageOfPage":{"@id":"https:\/\/www.proinca.es\/madridfansblog\/escapadas-veraniegas-a-los-alrededores-de-madrid-i\/#primaryimage"},"image":{"@id":"https:\/\/www.proinca.es\/madridfansblog\/escapadas-veraniegas-a-los-alrededores-de-madrid-i\/#primaryimage"},"thumbnailUrl":"https:\/\/www.proinca.es\/madridfansblog\/wp-content\/uploads\/2014\/06\/escapadas-veraniegas-alrededores.jpg","datePublished":"2014-06-26T12:54:51+00:00","dateModified":"2025-05-28T14:02:58+00:00","description":"Escapadas veraniegas por los alrededores de Madrid, localidades como Patones,Manzanares y buitrago no puedes perd\u00e9rtelas. Proinca Apartamentos alquiler Madrid","inLanguage":"es","potentialAction":[{"@type":"ReadAction","target":["https:\/\/www.proinca.es\/madridfansblog\/escapadas-veraniegas-a-los-alrededores-de-madrid-i\/"]}]},{"@type":"ImageObject","inLanguage":"es","@id":"https:\/\/www.proinca.es\/madridfansblog\/escapadas-veraniegas-a-los-alrededores-de-madrid-i\/#primaryimage","url":"https:\/\/www.proinca.es\/madridfansblog\/wp-content\/uploads\/2014\/06\/escapadas-veraniegas-alrededores.jpg","contentUrl":"https:\/\/www.proinca.es\/madridfansblog\/wp-content\/uploads\/2014\/06\/escapadas-veraniegas-alrededores.jpg","width":1000,"height":667,"caption":"Escapadas veraniegas a los alrededores de Madrid"},{"@type":"WebSite","@id":"https:\/\/www.proinca.es\/madridfansblog\/#website","url":"https:\/\/www.proinca.es\/madridfansblog\/","name":"Madrid Fans Blog Proinca","description":"Pisos y apartamentos de alquiler en Madrid","publisher":{"@id":"https:\/\/www.proinca.es\/madridfansblog\/#organization"},"potentialAction":[{"@type":"SearchAction","target":{"@type":"EntryPoint","urlTemplate":"https:\/\/www.proinca.es\/madridfansblog\/?s={search_term_string}"},"query-input":{"@type":"PropertyValueSpecification","valueRequired":true,"valueName":"search_term_string"}}],"inLanguage":"es"},{"@type":"Organization","@id":"https:\/\/www.proinca.es\/madridfansblog\/#organization","name":"Proinca","url":"https:\/\/www.proinca.es\/madridfansblog\/","logo":{"@type":"ImageObject","inLanguage":"es","@id":"https:\/\/www.proinca.es\/madridfansblog\/#\/schema\/logo\/image\/","url":"https:\/\/www.proinca.es\/madridfansblog\/wp-content\/uploads\/2022\/03\/logo-proinca.jpg","contentUrl":"https:\/\/www.proinca.es\/madridfansblog\/wp-content\/uploads\/2022\/03\/logo-proinca.jpg","width":522,"height":250,"caption":"Proinca"},"image":{"@id":"https:\/\/www.proinca.es\/madridfansblog\/#\/schema\/logo\/image\/"}},{"@type":"Person","@id":"https:\/\/www.proinca.es\/madridfansblog\/#\/schema\/person\/8401adc89c0a0f5a3574c43326247f1e","name":"Ana Calero","image":{"@type":"ImageObject","inLanguage":"es","@id":"https:\/\/www.proinca.es\/madridfansblog\/wp-content\/litespeed\/avatar\/ef51b25c0718910f475570320941ef46.jpg?ver=1777379772","url":"https:\/\/www.proinca.es\/madridfansblog\/wp-content\/litespeed\/avatar\/ef51b25c0718910f475570320941ef46.jpg?ver=1777379772","contentUrl":"https:\/\/www.proinca.es\/madridfansblog\/wp-content\/litespeed\/avatar\/ef51b25c0718910f475570320941ef46.jpg?ver=1777379772","caption":"Ana Calero"},"description":"Licenciada en Ciencias Empresariales por la Universidad Aut\u00f3noma de Madrid. Forma parte del equipo de Apartamentos Proinca y es una enamorada de Madrid","sameAs":["https:\/\/www.proinca.es\/madridfansblog\/ana-calero\/"]}]}},"_links":{"self":[{"href":"https:\/\/www.proinca.es\/madridfansblog\/wp-json\/wp\/v2\/posts\/2672","targetHints":{"allow":["GET"]}}],"collection":[{"href":"https:\/\/www.proinca.es\/madridfansblog\/wp-json\/wp\/v2\/posts"}],"about":[{"href":"https:\/\/www.proinca.es\/madridfansblog\/wp-json\/wp\/v2\/types\/post"}],"author":[{"embeddable":true,"href":"https:\/\/www.proinca.es\/madridfansblog\/wp-json\/wp\/v2\/users\/4"}],"replies":[{"embeddable":true,"href":"https:\/\/www.proinca.es\/madridfansblog\/wp-json\/wp\/v2\/comments?post=2672"}],"version-history":[{"count":49,"href":"https:\/\/www.proinca.es\/madridfansblog\/wp-json\/wp\/v2\/posts\/2672\/revisions"}],"predecessor-version":[{"id":7523,"href":"https:\/\/www.proinca.es\/madridfansblog\/wp-json\/wp\/v2\/posts\/2672\/revisions\/7523"}],"wp:featuredmedia":[{"embeddable":true,"href":"https:\/\/www.proinca.es\/madridfansblog\/wp-json\/wp\/v2\/media\/7138"}],"wp:attachment":[{"href":"https:\/\/www.proinca.es\/madridfansblog\/wp-json\/wp\/v2\/media?parent=2672"}],"wp:term":[{"taxonomy":"category","embeddable":true,"href":"https:\/\/www.proinca.es\/madridfansblog\/wp-json\/wp\/v2\/categories?post=2672"},{"taxonomy":"post_tag","embeddable":true,"href":"https:\/\/www.proinca.es\/madridfansblog\/wp-json\/wp\/v2\/tags?post=2672"}],"curies":[{"name":"wp","href":"https:\/\/api.w.org\/{rel}","templated":true}]}}