{"id":2723,"date":"2014-07-03T12:50:53","date_gmt":"2014-07-03T10:50:53","guid":{"rendered":"http:\/\/www.proinca.es\/madridfansblog\/?p=2723"},"modified":"2025-05-28T16:03:07","modified_gmt":"2025-05-28T14:03:07","slug":"fiesta-del-dia-del-orgullo-lgtb-de-madrid","status":"publish","type":"post","link":"https:\/\/www.proinca.es\/madridfansblog\/fiesta-del-dia-del-orgullo-lgtb-de-madrid\/","title":{"rendered":"FIESTA DEL DIA DEL ORGULLO LGTB DE MADRID"},"content":{"rendered":"<p>Comenz\u00f3 con t\u00edmidas manifestaciones all\u00e1 por los noventa y 20 a\u00f1os m\u00e1s tarde es el evento m\u00e1s internacional de la ciudad de <strong>Madrid<\/strong>. La del <strong>Orgullo LGTB<\/strong>, conocida como \u201cfiesta del orgullo gay\u201d<!--more-->, se ha convertido en una celebraci\u00f3n multitudinaria con cientos de<br \/>\nadeptos que vienen de todas partes de Europa con ganas de pasarlo bien y, sobre todo, de reivindicar los derechos del colectivo de Lesbianas, Gays, Transexuales y Bisexuales bajo el lema \u201cNos manifestamos por quienes no pueden\u201d.<\/p>\n<p>La importancia y transcendencia social de los actos aparejados a esta fiesta es cada vez mayor, sin embargo, es el tradicional desfile de carrozas el que obtiene repercusi\u00f3n medi\u00e1tica a nivel internacional. Este a\u00f1o, el desfile tendr\u00e1 lugar el s\u00e1bado 5 de julio a las 18.00 horas. A partir de ese momento, 20 carrozas comenzar\u00e1n su recorrido desde Atocha hasta la plaza de Col\u00f3n con la m\u00fasica y el baile como protagonistas.<\/p>\n<p>El D\u00eda Internacional del <strong>Orgullo LGBT<\/strong> tuvo lugar el pasado s\u00e1bado 28 de junio, cuando las principales ciudades europeas celebraron manifestaciones en un acto reivindicativo a favor de los derechos de estos colectivos, sin embargo, en <strong>Madrid<\/strong>, los actos festivos se reservan para esta semana. El barrio de Chueca, epicentro de la celebraci\u00f3n, ser\u00e1 ya un hervidero de gente el mi\u00e9rcoles d\u00eda 2, cuando el Preg\u00f3n del Orgullo 2014, a las 21.00 horas, de por inaugurado el calendario de eventos programado para la ocasi\u00f3n y el centro de la ciudad se convierta en un ir y venir constante de personas de todo tipo y condici\u00f3n.<\/p>\n<p>Por cierto, que la previsi\u00f3n de asistencia para el este a\u00f1o es de m\u00e1s de un mill\u00f3n de personas.<\/p>\n<p>Encontrar\u00e1s m\u00e1s informaci\u00f3n en: madridorgullo.com<\/p>\n<p>Informaci\u00f3n patrocinada por\u00a0<strong><a title=\"Proinca.Apartamentos de alquiler en Madrid baratos\" href=\"http:\/\/www.proinca.es\" target=\"_blank\" rel=\"noopener\">Proinca: Apartamentos de alquiler en Madrid<\/a><\/strong><\/p>\n<p>Fuente imagen: madridorgullo.com<\/p>\n\n\n<div class=\"kk-star-ratings kksr-auto kksr-align-left kksr-valign-bottom\"\n    data-payload='{&quot;align&quot;:&quot;left&quot;,&quot;id&quot;:&quot;2723&quot;,&quot;slug&quot;:&quot;default&quot;,&quot;valign&quot;:&quot;bottom&quot;,&quot;ignore&quot;:&quot;&quot;,&quot;reference&quot;:&quot;auto&quot;,&quot;class&quot;:&quot;&quot;,&quot;count&quot;:&quot;0&quot;,&quot;legendonly&quot;:&quot;&quot;,&quot;readonly&quot;:&quot;&quot;,&quot;score&quot;:&quot;0&quot;,&quot;starsonly&quot;:&quot;&quot;,&quot;best&quot;:&quot;5&quot;,&quot;gap&quot;:&quot;1&quot;,&quot;greet&quot;:&quot;Valora este art\u00edculo&quot;,&quot;legend&quot;:&quot;0\\\/5 - (0 votos)&quot;,&quot;size&quot;:&quot;24&quot;,&quot;title&quot;:&quot;FIESTA DEL DIA DEL ORGULLO LGTB DE MADRID&quot;,&quot;width&quot;:&quot;0&quot;,&quot;_legend&quot;:&quot;{score}\\\/{best} - ({count} {votes})&quot;,&quot;font_factor&quot;:&quot;1.25&quot;}'>\n            \n<div class=\"kksr-stars\">\n    \n<div class=\"kksr-stars-inactive\">\n            <div class=\"kksr-star\" data-star=\"1\" style=\"padding-right: 1px\">\n            \n\n<div class=\"kksr-icon\" style=\"width: 24px; height: 24px;\"><\/div>\n        <\/div>\n            <div class=\"kksr-star\" data-star=\"2\" style=\"padding-right: 1px\">\n            \n\n<div class=\"kksr-icon\" style=\"width: 24px; height: 24px;\"><\/div>\n        <\/div>\n            <div class=\"kksr-star\" data-star=\"3\" style=\"padding-right: 1px\">\n            \n\n<div class=\"kksr-icon\" style=\"width: 24px; height: 24px;\"><\/div>\n        <\/div>\n            <div class=\"kksr-star\" data-star=\"4\" style=\"padding-right: 1px\">\n            \n\n<div class=\"kksr-icon\" style=\"width: 24px; height: 24px;\"><\/div>\n        <\/div>\n            <div class=\"kksr-star\" data-star=\"5\" style=\"padding-right: 1px\">\n            \n\n<div class=\"kksr-icon\" style=\"width: 24px; height: 24px;\"><\/div>\n        <\/div>\n    <\/div>\n    \n<div class=\"kksr-stars-active\" style=\"width: 0px;\">\n            <div class=\"kksr-star\" style=\"padding-right: 1px\">\n            \n\n<div class=\"kksr-icon\" style=\"width: 24px; height: 24px;\"><\/div>\n        <\/div>\n            <div class=\"kksr-star\" style=\"padding-right: 1px\">\n            \n\n<div class=\"kksr-icon\" style=\"width: 24px; height: 24px;\"><\/div>\n        <\/div>\n            <div class=\"kksr-star\" style=\"padding-right: 1px\">\n            \n\n<div class=\"kksr-icon\" style=\"width: 24px; height: 24px;\"><\/div>\n        <\/div>\n            <div class=\"kksr-star\" style=\"padding-right: 1px\">\n            \n\n<div class=\"kksr-icon\" style=\"width: 24px; height: 24px;\"><\/div>\n        <\/div>\n            <div class=\"kksr-star\" style=\"padding-right: 1px\">\n            \n\n<div class=\"kksr-icon\" style=\"width: 24px; height: 24px;\"><\/div>\n        <\/div>\n    <\/div>\n<\/div>\n                \n\n<div class=\"kksr-legend\" style=\"font-size: 19.2px;\">\n            <span class=\"kksr-muted\">Valora este art\u00edculo<\/span>\n    <\/div>\n    <\/div>\n","protected":false},"excerpt":{"rendered":"<p>Comenz\u00f3 con t\u00edmidas manifestaciones all\u00e1 por los noventa y 20  [&#8230;]<\/p>\n","protected":false},"author":4,"featured_media":2755,"comment_status":"closed","ping_status":"closed","sticky":false,"template":"","format":"standard","meta":{"footnotes":""},"categories":[79],"tags":[23,35,5,20],"class_list":["post-2723","post","type-post","status-publish","format-standard","has-post-thumbnail","hentry","category-vivir-madrid","tag-free","tag-gratis","tag-madrid","tag-ocio"],"yoast_head":"<!-- This site is optimized with the Yoast SEO plugin v27.4 - https:\/\/yoast.com\/product\/yoast-seo-wordpress\/ -->\n<title>Orgullo LGTB Madrid.Proinca Apartamentos alquiler Madrid<\/title>\n<meta name=\"description\" content=\"Fiesta del d\u00eda del orgullo LGTB de Madrid, celebraci\u00f3n multitudinaria con adeptos de toda Europa y ganas de pasarlo bien.Proinca Apartamentos alquiler Madrid\" \/>\n<meta name=\"robots\" content=\"index, follow, max-snippet:-1, max-image-preview:large, max-video-preview:-1\" \/>\n<link rel=\"canonical\" href=\"https:\/\/www.proinca.es\/madridfansblog\/fiesta-del-dia-del-orgullo-lgtb-de-madrid\/\" \/>\n<meta property=\"og:locale\" content=\"es_ES\" \/>\n<meta property=\"og:type\" content=\"article\" \/>\n<meta property=\"og:title\" content=\"Orgullo LGTB Madrid.Proinca Apartamentos alquiler Madrid\" \/>\n<meta property=\"og:description\" content=\"Fiesta del d\u00eda del orgullo LGTB de Madrid, celebraci\u00f3n multitudinaria con adeptos de toda Europa y ganas de pasarlo bien.Proinca Apartamentos alquiler Madrid\" \/>\n<meta property=\"og:url\" content=\"https:\/\/www.proinca.es\/madridfansblog\/fiesta-del-dia-del-orgullo-lgtb-de-madrid\/\" \/>\n<meta property=\"og:site_name\" content=\"Blog Proinca Madrid\" \/>\n<meta property=\"article:published_time\" content=\"2014-07-03T10:50:53+00:00\" \/>\n<meta property=\"article:modified_time\" content=\"2025-05-28T14:03:07+00:00\" \/>\n<meta property=\"og:image\" content=\"https:\/\/www.proinca.es\/madridfansblog\/wp-content\/uploads\/2014\/07\/Proinca_MadridFansblog_orgullo_LGTB_madrid_20141.jpg\" \/>\n\t<meta property=\"og:image:width\" content=\"864\" \/>\n\t<meta property=\"og:image:height\" content=\"270\" \/>\n\t<meta property=\"og:image:type\" content=\"image\/jpeg\" \/>\n<meta name=\"author\" content=\"Ana Calero\" \/>\n<script type=\"application\/ld+json\" class=\"yoast-schema-graph\">{\"@context\":\"https:\\\/\\\/schema.org\",\"@graph\":[{\"@type\":\"Article\",\"@id\":\"https:\\\/\\\/www.proinca.es\\\/madridfansblog\\\/fiesta-del-dia-del-orgullo-lgtb-de-madrid\\\/#article\",\"isPartOf\":{\"@id\":\"https:\\\/\\\/www.proinca.es\\\/madridfansblog\\\/fiesta-del-dia-del-orgullo-lgtb-de-madrid\\\/\"},\"author\":{\"name\":\"Ana Calero\",\"@id\":\"https:\\\/\\\/www.proinca.es\\\/madridfansblog\\\/#\\\/schema\\\/person\\\/8401adc89c0a0f5a3574c43326247f1e\"},\"headline\":\"FIESTA DEL DIA DEL ORGULLO LGTB DE MADRID\",\"datePublished\":\"2014-07-03T10:50:53+00:00\",\"dateModified\":\"2025-05-28T14:03:07+00:00\",\"mainEntityOfPage\":{\"@id\":\"https:\\\/\\\/www.proinca.es\\\/madridfansblog\\\/fiesta-del-dia-del-orgullo-lgtb-de-madrid\\\/\"},\"wordCount\":323,\"publisher\":{\"@id\":\"https:\\\/\\\/www.proinca.es\\\/madridfansblog\\\/#organization\"},\"image\":{\"@id\":\"https:\\\/\\\/www.proinca.es\\\/madridfansblog\\\/fiesta-del-dia-del-orgullo-lgtb-de-madrid\\\/#primaryimage\"},\"thumbnailUrl\":\"https:\\\/\\\/www.proinca.es\\\/madridfansblog\\\/wp-content\\\/uploads\\\/2014\\\/07\\\/Proinca_MadridFansblog_orgullo_LGTB_madrid_20141.jpg\",\"keywords\":[\"Free\",\"Gratis\",\"Madrid\",\"Ocio\"],\"articleSection\":[\"VIVIR MADRID\"],\"inLanguage\":\"es\"},{\"@type\":\"WebPage\",\"@id\":\"https:\\\/\\\/www.proinca.es\\\/madridfansblog\\\/fiesta-del-dia-del-orgullo-lgtb-de-madrid\\\/\",\"url\":\"https:\\\/\\\/www.proinca.es\\\/madridfansblog\\\/fiesta-del-dia-del-orgullo-lgtb-de-madrid\\\/\",\"name\":\"Orgullo LGTB Madrid.Proinca Apartamentos alquiler Madrid\",\"isPartOf\":{\"@id\":\"https:\\\/\\\/www.proinca.es\\\/madridfansblog\\\/#website\"},\"primaryImageOfPage\":{\"@id\":\"https:\\\/\\\/www.proinca.es\\\/madridfansblog\\\/fiesta-del-dia-del-orgullo-lgtb-de-madrid\\\/#primaryimage\"},\"image\":{\"@id\":\"https:\\\/\\\/www.proinca.es\\\/madridfansblog\\\/fiesta-del-dia-del-orgullo-lgtb-de-madrid\\\/#primaryimage\"},\"thumbnailUrl\":\"https:\\\/\\\/www.proinca.es\\\/madridfansblog\\\/wp-content\\\/uploads\\\/2014\\\/07\\\/Proinca_MadridFansblog_orgullo_LGTB_madrid_20141.jpg\",\"datePublished\":\"2014-07-03T10:50:53+00:00\",\"dateModified\":\"2025-05-28T14:03:07+00:00\",\"description\":\"Fiesta del d\u00eda del orgullo LGTB de Madrid, celebraci\u00f3n multitudinaria con adeptos de toda Europa y ganas de pasarlo bien.Proinca Apartamentos alquiler Madrid\",\"inLanguage\":\"es\",\"potentialAction\":[{\"@type\":\"ReadAction\",\"target\":[\"https:\\\/\\\/www.proinca.es\\\/madridfansblog\\\/fiesta-del-dia-del-orgullo-lgtb-de-madrid\\\/\"]}]},{\"@type\":\"ImageObject\",\"inLanguage\":\"es\",\"@id\":\"https:\\\/\\\/www.proinca.es\\\/madridfansblog\\\/fiesta-del-dia-del-orgullo-lgtb-de-madrid\\\/#primaryimage\",\"url\":\"https:\\\/\\\/www.proinca.es\\\/madridfansblog\\\/wp-content\\\/uploads\\\/2014\\\/07\\\/Proinca_MadridFansblog_orgullo_LGTB_madrid_20141.jpg\",\"contentUrl\":\"https:\\\/\\\/www.proinca.es\\\/madridfansblog\\\/wp-content\\\/uploads\\\/2014\\\/07\\\/Proinca_MadridFansblog_orgullo_LGTB_madrid_20141.jpg\",\"width\":\"864\",\"height\":\"270\",\"caption\":\"proinca MadridFansblog orgullo LGTB\"},{\"@type\":\"WebSite\",\"@id\":\"https:\\\/\\\/www.proinca.es\\\/madridfansblog\\\/#website\",\"url\":\"https:\\\/\\\/www.proinca.es\\\/madridfansblog\\\/\",\"name\":\"Madrid Fans Blog Proinca\",\"description\":\"Pisos y apartamentos de alquiler en Madrid\",\"publisher\":{\"@id\":\"https:\\\/\\\/www.proinca.es\\\/madridfansblog\\\/#organization\"},\"potentialAction\":[{\"@type\":\"SearchAction\",\"target\":{\"@type\":\"EntryPoint\",\"urlTemplate\":\"https:\\\/\\\/www.proinca.es\\\/madridfansblog\\\/?s={search_term_string}\"},\"query-input\":{\"@type\":\"PropertyValueSpecification\",\"valueRequired\":true,\"valueName\":\"search_term_string\"}}],\"inLanguage\":\"es\"},{\"@type\":\"Organization\",\"@id\":\"https:\\\/\\\/www.proinca.es\\\/madridfansblog\\\/#organization\",\"name\":\"Proinca\",\"url\":\"https:\\\/\\\/www.proinca.es\\\/madridfansblog\\\/\",\"logo\":{\"@type\":\"ImageObject\",\"inLanguage\":\"es\",\"@id\":\"https:\\\/\\\/www.proinca.es\\\/madridfansblog\\\/#\\\/schema\\\/logo\\\/image\\\/\",\"url\":\"https:\\\/\\\/www.proinca.es\\\/madridfansblog\\\/wp-content\\\/uploads\\\/2022\\\/03\\\/logo-proinca.jpg\",\"contentUrl\":\"https:\\\/\\\/www.proinca.es\\\/madridfansblog\\\/wp-content\\\/uploads\\\/2022\\\/03\\\/logo-proinca.jpg\",\"width\":522,\"height\":250,\"caption\":\"Proinca\"},\"image\":{\"@id\":\"https:\\\/\\\/www.proinca.es\\\/madridfansblog\\\/#\\\/schema\\\/logo\\\/image\\\/\"}},{\"@type\":\"Person\",\"@id\":\"https:\\\/\\\/www.proinca.es\\\/madridfansblog\\\/#\\\/schema\\\/person\\\/8401adc89c0a0f5a3574c43326247f1e\",\"name\":\"Ana Calero\",\"image\":{\"@type\":\"ImageObject\",\"inLanguage\":\"es\",\"@id\":\"https:\\\/\\\/www.proinca.es\\\/madridfansblog\\\/wp-content\\\/litespeed\\\/avatar\\\/ef51b25c0718910f475570320941ef46.jpg?ver=1777379772\",\"url\":\"https:\\\/\\\/www.proinca.es\\\/madridfansblog\\\/wp-content\\\/litespeed\\\/avatar\\\/ef51b25c0718910f475570320941ef46.jpg?ver=1777379772\",\"contentUrl\":\"https:\\\/\\\/www.proinca.es\\\/madridfansblog\\\/wp-content\\\/litespeed\\\/avatar\\\/ef51b25c0718910f475570320941ef46.jpg?ver=1777379772\",\"caption\":\"Ana Calero\"},\"description\":\"Licenciada en Ciencias Empresariales por la Universidad Aut\u00f3noma de Madrid. Forma parte del equipo de Apartamentos Proinca y es una enamorada de Madrid\",\"sameAs\":[\"https:\\\/\\\/www.proinca.es\\\/madridfansblog\\\/ana-calero\\\/\"]}]}<\/script>\n<!-- \/ Yoast SEO plugin. -->","yoast_head_json":{"title":"Orgullo LGTB Madrid.Proinca Apartamentos alquiler Madrid","description":"Fiesta del d\u00eda del orgullo LGTB de Madrid, celebraci\u00f3n multitudinaria con adeptos de toda Europa y ganas de pasarlo bien.Proinca Apartamentos alquiler Madrid","robots":{"index":"index","follow":"follow","max-snippet":"max-snippet:-1","max-image-preview":"max-image-preview:large","max-video-preview":"max-video-preview:-1"},"canonical":"https:\/\/www.proinca.es\/madridfansblog\/fiesta-del-dia-del-orgullo-lgtb-de-madrid\/","og_locale":"es_ES","og_type":"article","og_title":"Orgullo LGTB Madrid.Proinca Apartamentos alquiler Madrid","og_description":"Fiesta del d\u00eda del orgullo LGTB de Madrid, celebraci\u00f3n multitudinaria con adeptos de toda Europa y ganas de pasarlo bien.Proinca Apartamentos alquiler Madrid","og_url":"https:\/\/www.proinca.es\/madridfansblog\/fiesta-del-dia-del-orgullo-lgtb-de-madrid\/","og_site_name":"Blog Proinca Madrid","article_published_time":"2014-07-03T10:50:53+00:00","article_modified_time":"2025-05-28T14:03:07+00:00","og_image":[{"width":864,"height":270,"url":"https:\/\/www.proinca.es\/madridfansblog\/wp-content\/uploads\/2014\/07\/Proinca_MadridFansblog_orgullo_LGTB_madrid_20141.jpg","type":"image\/jpeg"}],"author":"Ana Calero","schema":{"@context":"https:\/\/schema.org","@graph":[{"@type":"Article","@id":"https:\/\/www.proinca.es\/madridfansblog\/fiesta-del-dia-del-orgullo-lgtb-de-madrid\/#article","isPartOf":{"@id":"https:\/\/www.proinca.es\/madridfansblog\/fiesta-del-dia-del-orgullo-lgtb-de-madrid\/"},"author":{"name":"Ana Calero","@id":"https:\/\/www.proinca.es\/madridfansblog\/#\/schema\/person\/8401adc89c0a0f5a3574c43326247f1e"},"headline":"FIESTA DEL DIA DEL ORGULLO LGTB DE MADRID","datePublished":"2014-07-03T10:50:53+00:00","dateModified":"2025-05-28T14:03:07+00:00","mainEntityOfPage":{"@id":"https:\/\/www.proinca.es\/madridfansblog\/fiesta-del-dia-del-orgullo-lgtb-de-madrid\/"},"wordCount":323,"publisher":{"@id":"https:\/\/www.proinca.es\/madridfansblog\/#organization"},"image":{"@id":"https:\/\/www.proinca.es\/madridfansblog\/fiesta-del-dia-del-orgullo-lgtb-de-madrid\/#primaryimage"},"thumbnailUrl":"https:\/\/www.proinca.es\/madridfansblog\/wp-content\/uploads\/2014\/07\/Proinca_MadridFansblog_orgullo_LGTB_madrid_20141.jpg","keywords":["Free","Gratis","Madrid","Ocio"],"articleSection":["VIVIR MADRID"],"inLanguage":"es"},{"@type":"WebPage","@id":"https:\/\/www.proinca.es\/madridfansblog\/fiesta-del-dia-del-orgullo-lgtb-de-madrid\/","url":"https:\/\/www.proinca.es\/madridfansblog\/fiesta-del-dia-del-orgullo-lgtb-de-madrid\/","name":"Orgullo LGTB Madrid.Proinca Apartamentos alquiler Madrid","isPartOf":{"@id":"https:\/\/www.proinca.es\/madridfansblog\/#website"},"primaryImageOfPage":{"@id":"https:\/\/www.proinca.es\/madridfansblog\/fiesta-del-dia-del-orgullo-lgtb-de-madrid\/#primaryimage"},"image":{"@id":"https:\/\/www.proinca.es\/madridfansblog\/fiesta-del-dia-del-orgullo-lgtb-de-madrid\/#primaryimage"},"thumbnailUrl":"https:\/\/www.proinca.es\/madridfansblog\/wp-content\/uploads\/2014\/07\/Proinca_MadridFansblog_orgullo_LGTB_madrid_20141.jpg","datePublished":"2014-07-03T10:50:53+00:00","dateModified":"2025-05-28T14:03:07+00:00","description":"Fiesta del d\u00eda del orgullo LGTB de Madrid, celebraci\u00f3n multitudinaria con adeptos de toda Europa y ganas de pasarlo bien.Proinca Apartamentos alquiler Madrid","inLanguage":"es","potentialAction":[{"@type":"ReadAction","target":["https:\/\/www.proinca.es\/madridfansblog\/fiesta-del-dia-del-orgullo-lgtb-de-madrid\/"]}]},{"@type":"ImageObject","inLanguage":"es","@id":"https:\/\/www.proinca.es\/madridfansblog\/fiesta-del-dia-del-orgullo-lgtb-de-madrid\/#primaryimage","url":"https:\/\/www.proinca.es\/madridfansblog\/wp-content\/uploads\/2014\/07\/Proinca_MadridFansblog_orgullo_LGTB_madrid_20141.jpg","contentUrl":"https:\/\/www.proinca.es\/madridfansblog\/wp-content\/uploads\/2014\/07\/Proinca_MadridFansblog_orgullo_LGTB_madrid_20141.jpg","width":"864","height":"270","caption":"proinca MadridFansblog orgullo LGTB"},{"@type":"WebSite","@id":"https:\/\/www.proinca.es\/madridfansblog\/#website","url":"https:\/\/www.proinca.es\/madridfansblog\/","name":"Madrid Fans Blog Proinca","description":"Pisos y apartamentos de alquiler en Madrid","publisher":{"@id":"https:\/\/www.proinca.es\/madridfansblog\/#organization"},"potentialAction":[{"@type":"SearchAction","target":{"@type":"EntryPoint","urlTemplate":"https:\/\/www.proinca.es\/madridfansblog\/?s={search_term_string}"},"query-input":{"@type":"PropertyValueSpecification","valueRequired":true,"valueName":"search_term_string"}}],"inLanguage":"es"},{"@type":"Organization","@id":"https:\/\/www.proinca.es\/madridfansblog\/#organization","name":"Proinca","url":"https:\/\/www.proinca.es\/madridfansblog\/","logo":{"@type":"ImageObject","inLanguage":"es","@id":"https:\/\/www.proinca.es\/madridfansblog\/#\/schema\/logo\/image\/","url":"https:\/\/www.proinca.es\/madridfansblog\/wp-content\/uploads\/2022\/03\/logo-proinca.jpg","contentUrl":"https:\/\/www.proinca.es\/madridfansblog\/wp-content\/uploads\/2022\/03\/logo-proinca.jpg","width":522,"height":250,"caption":"Proinca"},"image":{"@id":"https:\/\/www.proinca.es\/madridfansblog\/#\/schema\/logo\/image\/"}},{"@type":"Person","@id":"https:\/\/www.proinca.es\/madridfansblog\/#\/schema\/person\/8401adc89c0a0f5a3574c43326247f1e","name":"Ana Calero","image":{"@type":"ImageObject","inLanguage":"es","@id":"https:\/\/www.proinca.es\/madridfansblog\/wp-content\/litespeed\/avatar\/ef51b25c0718910f475570320941ef46.jpg?ver=1777379772","url":"https:\/\/www.proinca.es\/madridfansblog\/wp-content\/litespeed\/avatar\/ef51b25c0718910f475570320941ef46.jpg?ver=1777379772","contentUrl":"https:\/\/www.proinca.es\/madridfansblog\/wp-content\/litespeed\/avatar\/ef51b25c0718910f475570320941ef46.jpg?ver=1777379772","caption":"Ana Calero"},"description":"Licenciada en Ciencias Empresariales por la Universidad Aut\u00f3noma de Madrid. Forma parte del equipo de Apartamentos Proinca y es una enamorada de Madrid","sameAs":["https:\/\/www.proinca.es\/madridfansblog\/ana-calero\/"]}]}},"_links":{"self":[{"href":"https:\/\/www.proinca.es\/madridfansblog\/wp-json\/wp\/v2\/posts\/2723","targetHints":{"allow":["GET"]}}],"collection":[{"href":"https:\/\/www.proinca.es\/madridfansblog\/wp-json\/wp\/v2\/posts"}],"about":[{"href":"https:\/\/www.proinca.es\/madridfansblog\/wp-json\/wp\/v2\/types\/post"}],"author":[{"embeddable":true,"href":"https:\/\/www.proinca.es\/madridfansblog\/wp-json\/wp\/v2\/users\/4"}],"replies":[{"embeddable":true,"href":"https:\/\/www.proinca.es\/madridfansblog\/wp-json\/wp\/v2\/comments?post=2723"}],"version-history":[{"count":23,"href":"https:\/\/www.proinca.es\/madridfansblog\/wp-json\/wp\/v2\/posts\/2723\/revisions"}],"predecessor-version":[{"id":7646,"href":"https:\/\/www.proinca.es\/madridfansblog\/wp-json\/wp\/v2\/posts\/2723\/revisions\/7646"}],"wp:featuredmedia":[{"embeddable":true,"href":"https:\/\/www.proinca.es\/madridfansblog\/wp-json\/wp\/v2\/media\/2755"}],"wp:attachment":[{"href":"https:\/\/www.proinca.es\/madridfansblog\/wp-json\/wp\/v2\/media?parent=2723"}],"wp:term":[{"taxonomy":"category","embeddable":true,"href":"https:\/\/www.proinca.es\/madridfansblog\/wp-json\/wp\/v2\/categories?post=2723"},{"taxonomy":"post_tag","embeddable":true,"href":"https:\/\/www.proinca.es\/madridfansblog\/wp-json\/wp\/v2\/tags?post=2723"}],"curies":[{"name":"wp","href":"https:\/\/api.w.org\/{rel}","templated":true}]}}