{"id":2766,"date":"2014-07-10T07:22:59","date_gmt":"2014-07-10T05:22:59","guid":{"rendered":"http:\/\/www.proinca.es\/madridfansblog\/?p=2766"},"modified":"2025-05-28T16:03:12","modified_gmt":"2025-05-28T14:03:12","slug":"santa-ana-una-plaza-muy-de-madrid","status":"publish","type":"post","link":"https:\/\/www.proinca.es\/madridfansblog\/santa-ana-una-plaza-muy-de-madrid\/","title":{"rendered":"SANTA ANA, UNA PLAZA MUY&#8230; DE MADRID"},"content":{"rendered":"<p>Flanqueada por numerosos locales de restauraci\u00f3n y por las fachadas del Hotel Reina Victoria y el Teatro Espa\u00f1ol, la plaza de<strong> Santa Ana<\/strong> es una de las m\u00e1s bonitas y animadas de la ciudad de <strong>Madrid<\/strong>, <!--more-->y es que, una gran parte de su superficie est\u00e1 llena de terrazas de verano donde tomar una ca\u00f1ita bien fresquita, degustar un Men\u00fa del D\u00eda t\u00edpico madrile\u00f1o o disfrutar con unas tapas de callos.<\/p>\n<p>La plaza de<strong> Santa Ana<\/strong> es, adem\u00e1s, un lugar id\u00f3neo donde comenzar la noche madrile\u00f1a si quieres llenar el est\u00f3mago y tomar la primera copa en alguno de sus m\u00edticos establecimientos, como La Cervecer\u00eda Alemana, abierta al p\u00fablico desde 1904, un lugar con mucho encanto que nos traslada a \u00e9pocas pasadas y donde el trato es impecable y la comida, a\u00fan mejor, eso s\u00ed, hay que llegar prontito si se quiere conseguir una buena mesa. Tambi\u00e9n forman parte de la historia de esta plaza Villa Rosa, con un aire flamenco que nos traslada directamente a Andaluc\u00eda y que se ha convertido en lugar de culto para los extranjeros, o el caf\u00e9 La Suiza, que debe su fama a unos desayunos que te invitan a volver, o el nuevo restaurante Ana la Santa muy de moda en la noche madrile\u00f1a.<\/p>\n<p>Para quienes descubren <strong>Madrid<\/strong> por primera vez, <strong>Santa Ana<\/strong> es lugar de paso imprescindible, pues aglutina en un pu\u00f1ado de metros cuadrados todo aquello que representa la ciudad: cultura, arquitectura, buena gastronom\u00eda, terrazas de verano y noches para recordar.<\/p>\n<p>Adem\u00e1s, presiden la plaza las estatuas de dos literatos insignes, Calder\u00f3n de la Barca y Federico Garc\u00eda Lorca, para recordarnos que nos encontramos en el epicentro del Barrio de las Letras, uno de los m\u00e1s bonitos y rom\u00e1nticos de la capital.<\/p>\n<p>Informaci\u00f3n patrocinada por\u00a0<strong><a title=\"Proinca.Apartamentos de alquiler en Madrid baratos\" href=\"http:\/\/www.proinca.es\" target=\"_blank\" rel=\"noopener\">Proinca: Apartamentos de alquiler en Madrid<\/a><\/strong><\/p>\n<p>Foto de Miguel \u00c1ngel Sanz en Unsplash<\/p>\n\n\n<div class=\"kk-star-ratings kksr-auto kksr-align-left kksr-valign-bottom\"\n    data-payload='{&quot;align&quot;:&quot;left&quot;,&quot;id&quot;:&quot;2766&quot;,&quot;slug&quot;:&quot;default&quot;,&quot;valign&quot;:&quot;bottom&quot;,&quot;ignore&quot;:&quot;&quot;,&quot;reference&quot;:&quot;auto&quot;,&quot;class&quot;:&quot;&quot;,&quot;count&quot;:&quot;0&quot;,&quot;legendonly&quot;:&quot;&quot;,&quot;readonly&quot;:&quot;&quot;,&quot;score&quot;:&quot;0&quot;,&quot;starsonly&quot;:&quot;&quot;,&quot;best&quot;:&quot;5&quot;,&quot;gap&quot;:&quot;1&quot;,&quot;greet&quot;:&quot;Valora este art\u00edculo&quot;,&quot;legend&quot;:&quot;0\\\/5 - (0 votos)&quot;,&quot;size&quot;:&quot;24&quot;,&quot;title&quot;:&quot;SANTA ANA, UNA PLAZA MUY... DE MADRID&quot;,&quot;width&quot;:&quot;0&quot;,&quot;_legend&quot;:&quot;{score}\\\/{best} - ({count} {votes})&quot;,&quot;font_factor&quot;:&quot;1.25&quot;}'>\n            \n<div class=\"kksr-stars\">\n    \n<div class=\"kksr-stars-inactive\">\n            <div class=\"kksr-star\" data-star=\"1\" style=\"padding-right: 1px\">\n            \n\n<div class=\"kksr-icon\" style=\"width: 24px; height: 24px;\"><\/div>\n        <\/div>\n            <div class=\"kksr-star\" data-star=\"2\" style=\"padding-right: 1px\">\n            \n\n<div class=\"kksr-icon\" style=\"width: 24px; height: 24px;\"><\/div>\n        <\/div>\n            <div class=\"kksr-star\" data-star=\"3\" style=\"padding-right: 1px\">\n            \n\n<div class=\"kksr-icon\" style=\"width: 24px; height: 24px;\"><\/div>\n        <\/div>\n            <div class=\"kksr-star\" data-star=\"4\" style=\"padding-right: 1px\">\n            \n\n<div class=\"kksr-icon\" style=\"width: 24px; height: 24px;\"><\/div>\n        <\/div>\n            <div class=\"kksr-star\" data-star=\"5\" style=\"padding-right: 1px\">\n            \n\n<div class=\"kksr-icon\" style=\"width: 24px; height: 24px;\"><\/div>\n        <\/div>\n    <\/div>\n    \n<div class=\"kksr-stars-active\" style=\"width: 0px;\">\n            <div class=\"kksr-star\" style=\"padding-right: 1px\">\n            \n\n<div class=\"kksr-icon\" style=\"width: 24px; height: 24px;\"><\/div>\n        <\/div>\n            <div class=\"kksr-star\" style=\"padding-right: 1px\">\n            \n\n<div class=\"kksr-icon\" style=\"width: 24px; height: 24px;\"><\/div>\n        <\/div>\n            <div class=\"kksr-star\" style=\"padding-right: 1px\">\n            \n\n<div class=\"kksr-icon\" style=\"width: 24px; height: 24px;\"><\/div>\n        <\/div>\n            <div class=\"kksr-star\" style=\"padding-right: 1px\">\n            \n\n<div class=\"kksr-icon\" style=\"width: 24px; height: 24px;\"><\/div>\n        <\/div>\n            <div class=\"kksr-star\" style=\"padding-right: 1px\">\n            \n\n<div class=\"kksr-icon\" style=\"width: 24px; height: 24px;\"><\/div>\n        <\/div>\n    <\/div>\n<\/div>\n                \n\n<div class=\"kksr-legend\" style=\"font-size: 19.2px;\">\n            <span class=\"kksr-muted\">Valora este art\u00edculo<\/span>\n    <\/div>\n    <\/div>\n","protected":false},"excerpt":{"rendered":"<p>Flanqueada por numerosos locales de restauraci\u00f3n y por las fachadas  [&#8230;]<\/p>\n","protected":false},"author":4,"featured_media":7142,"comment_status":"closed","ping_status":"closed","sticky":false,"template":"","format":"standard","meta":{"footnotes":""},"categories":[79],"tags":[36,38,63,5,20,31,46],"class_list":["post-2766","post","type-post","status-publish","format-standard","has-post-thumbnail","hentry","category-vivir-madrid","tag-afterwork","tag-arquitectura","tag-cultura","tag-madrid","tag-ocio","tag-restaurantes","tag-terrazas"],"yoast_head":"<!-- This site is optimized with the Yoast SEO plugin v27.4 - https:\/\/yoast.com\/product\/yoast-seo-wordpress\/ -->\n<title>Plaza Santa Ana Madrid.Proinca Apartamentos alquiler Madrid<\/title>\n<meta name=\"description\" content=\"La plaza de Santa Ana es una de las m\u00e1s bonitas y animadas de Madrid, situada en el barrio de las letras es lugar de paso imprescindible.Proinca Apartamentos alquiler Madrid\" \/>\n<meta name=\"robots\" content=\"index, follow, max-snippet:-1, max-image-preview:large, max-video-preview:-1\" \/>\n<link rel=\"canonical\" href=\"https:\/\/www.proinca.es\/madridfansblog\/santa-ana-una-plaza-muy-de-madrid\/\" \/>\n<meta property=\"og:locale\" content=\"es_ES\" \/>\n<meta property=\"og:type\" content=\"article\" \/>\n<meta property=\"og:title\" content=\"Plaza Santa Ana Madrid.Proinca Apartamentos alquiler Madrid\" \/>\n<meta property=\"og:description\" content=\"La plaza de Santa Ana es una de las m\u00e1s bonitas y animadas de Madrid, situada en el barrio de las letras es lugar de paso imprescindible.Proinca Apartamentos alquiler Madrid\" \/>\n<meta property=\"og:url\" content=\"https:\/\/www.proinca.es\/madridfansblog\/santa-ana-una-plaza-muy-de-madrid\/\" \/>\n<meta property=\"og:site_name\" content=\"Blog Proinca Madrid\" \/>\n<meta property=\"article:published_time\" content=\"2014-07-10T05:22:59+00:00\" \/>\n<meta property=\"article:modified_time\" content=\"2025-05-28T14:03:12+00:00\" \/>\n<meta property=\"og:image\" content=\"https:\/\/www.proinca.es\/madridfansblog\/wp-content\/uploads\/2014\/07\/santa-ana.jpg\" \/>\n\t<meta property=\"og:image:width\" content=\"1000\" \/>\n\t<meta property=\"og:image:height\" content=\"563\" \/>\n\t<meta property=\"og:image:type\" content=\"image\/jpeg\" \/>\n<meta name=\"author\" content=\"Ana Calero\" \/>\n<script type=\"application\/ld+json\" class=\"yoast-schema-graph\">{\"@context\":\"https:\\\/\\\/schema.org\",\"@graph\":[{\"@type\":\"Article\",\"@id\":\"https:\\\/\\\/www.proinca.es\\\/madridfansblog\\\/santa-ana-una-plaza-muy-de-madrid\\\/#article\",\"isPartOf\":{\"@id\":\"https:\\\/\\\/www.proinca.es\\\/madridfansblog\\\/santa-ana-una-plaza-muy-de-madrid\\\/\"},\"author\":{\"name\":\"Ana Calero\",\"@id\":\"https:\\\/\\\/www.proinca.es\\\/madridfansblog\\\/#\\\/schema\\\/person\\\/8401adc89c0a0f5a3574c43326247f1e\"},\"headline\":\"SANTA ANA, UNA PLAZA MUY&#8230; DE MADRID\",\"datePublished\":\"2014-07-10T05:22:59+00:00\",\"dateModified\":\"2025-05-28T14:03:12+00:00\",\"mainEntityOfPage\":{\"@id\":\"https:\\\/\\\/www.proinca.es\\\/madridfansblog\\\/santa-ana-una-plaza-muy-de-madrid\\\/\"},\"wordCount\":338,\"publisher\":{\"@id\":\"https:\\\/\\\/www.proinca.es\\\/madridfansblog\\\/#organization\"},\"image\":{\"@id\":\"https:\\\/\\\/www.proinca.es\\\/madridfansblog\\\/santa-ana-una-plaza-muy-de-madrid\\\/#primaryimage\"},\"thumbnailUrl\":\"https:\\\/\\\/www.proinca.es\\\/madridfansblog\\\/wp-content\\\/uploads\\\/2014\\\/07\\\/santa-ana.jpg\",\"keywords\":[\"Afterwork\",\"Arquitectura\",\"Cultura\",\"Madrid\",\"Ocio\",\"Restaurantes\",\"Terrazas\"],\"articleSection\":[\"VIVIR MADRID\"],\"inLanguage\":\"es\"},{\"@type\":\"WebPage\",\"@id\":\"https:\\\/\\\/www.proinca.es\\\/madridfansblog\\\/santa-ana-una-plaza-muy-de-madrid\\\/\",\"url\":\"https:\\\/\\\/www.proinca.es\\\/madridfansblog\\\/santa-ana-una-plaza-muy-de-madrid\\\/\",\"name\":\"Plaza Santa Ana Madrid.Proinca Apartamentos alquiler Madrid\",\"isPartOf\":{\"@id\":\"https:\\\/\\\/www.proinca.es\\\/madridfansblog\\\/#website\"},\"primaryImageOfPage\":{\"@id\":\"https:\\\/\\\/www.proinca.es\\\/madridfansblog\\\/santa-ana-una-plaza-muy-de-madrid\\\/#primaryimage\"},\"image\":{\"@id\":\"https:\\\/\\\/www.proinca.es\\\/madridfansblog\\\/santa-ana-una-plaza-muy-de-madrid\\\/#primaryimage\"},\"thumbnailUrl\":\"https:\\\/\\\/www.proinca.es\\\/madridfansblog\\\/wp-content\\\/uploads\\\/2014\\\/07\\\/santa-ana.jpg\",\"datePublished\":\"2014-07-10T05:22:59+00:00\",\"dateModified\":\"2025-05-28T14:03:12+00:00\",\"description\":\"La plaza de Santa Ana es una de las m\u00e1s bonitas y animadas de Madrid, situada en el barrio de las letras es lugar de paso imprescindible.Proinca Apartamentos alquiler Madrid\",\"inLanguage\":\"es\",\"potentialAction\":[{\"@type\":\"ReadAction\",\"target\":[\"https:\\\/\\\/www.proinca.es\\\/madridfansblog\\\/santa-ana-una-plaza-muy-de-madrid\\\/\"]}]},{\"@type\":\"ImageObject\",\"inLanguage\":\"es\",\"@id\":\"https:\\\/\\\/www.proinca.es\\\/madridfansblog\\\/santa-ana-una-plaza-muy-de-madrid\\\/#primaryimage\",\"url\":\"https:\\\/\\\/www.proinca.es\\\/madridfansblog\\\/wp-content\\\/uploads\\\/2014\\\/07\\\/santa-ana.jpg\",\"contentUrl\":\"https:\\\/\\\/www.proinca.es\\\/madridfansblog\\\/wp-content\\\/uploads\\\/2014\\\/07\\\/santa-ana.jpg\",\"width\":1000,\"height\":563,\"caption\":\"Santa Ana, una plaza muy\u2026 de Madrid\"},{\"@type\":\"WebSite\",\"@id\":\"https:\\\/\\\/www.proinca.es\\\/madridfansblog\\\/#website\",\"url\":\"https:\\\/\\\/www.proinca.es\\\/madridfansblog\\\/\",\"name\":\"Madrid Fans Blog Proinca\",\"description\":\"Pisos y apartamentos de alquiler en Madrid\",\"publisher\":{\"@id\":\"https:\\\/\\\/www.proinca.es\\\/madridfansblog\\\/#organization\"},\"potentialAction\":[{\"@type\":\"SearchAction\",\"target\":{\"@type\":\"EntryPoint\",\"urlTemplate\":\"https:\\\/\\\/www.proinca.es\\\/madridfansblog\\\/?s={search_term_string}\"},\"query-input\":{\"@type\":\"PropertyValueSpecification\",\"valueRequired\":true,\"valueName\":\"search_term_string\"}}],\"inLanguage\":\"es\"},{\"@type\":\"Organization\",\"@id\":\"https:\\\/\\\/www.proinca.es\\\/madridfansblog\\\/#organization\",\"name\":\"Proinca\",\"url\":\"https:\\\/\\\/www.proinca.es\\\/madridfansblog\\\/\",\"logo\":{\"@type\":\"ImageObject\",\"inLanguage\":\"es\",\"@id\":\"https:\\\/\\\/www.proinca.es\\\/madridfansblog\\\/#\\\/schema\\\/logo\\\/image\\\/\",\"url\":\"https:\\\/\\\/www.proinca.es\\\/madridfansblog\\\/wp-content\\\/uploads\\\/2022\\\/03\\\/logo-proinca.jpg\",\"contentUrl\":\"https:\\\/\\\/www.proinca.es\\\/madridfansblog\\\/wp-content\\\/uploads\\\/2022\\\/03\\\/logo-proinca.jpg\",\"width\":522,\"height\":250,\"caption\":\"Proinca\"},\"image\":{\"@id\":\"https:\\\/\\\/www.proinca.es\\\/madridfansblog\\\/#\\\/schema\\\/logo\\\/image\\\/\"}},{\"@type\":\"Person\",\"@id\":\"https:\\\/\\\/www.proinca.es\\\/madridfansblog\\\/#\\\/schema\\\/person\\\/8401adc89c0a0f5a3574c43326247f1e\",\"name\":\"Ana Calero\",\"image\":{\"@type\":\"ImageObject\",\"inLanguage\":\"es\",\"@id\":\"https:\\\/\\\/www.proinca.es\\\/madridfansblog\\\/wp-content\\\/litespeed\\\/avatar\\\/ef51b25c0718910f475570320941ef46.jpg?ver=1777379772\",\"url\":\"https:\\\/\\\/www.proinca.es\\\/madridfansblog\\\/wp-content\\\/litespeed\\\/avatar\\\/ef51b25c0718910f475570320941ef46.jpg?ver=1777379772\",\"contentUrl\":\"https:\\\/\\\/www.proinca.es\\\/madridfansblog\\\/wp-content\\\/litespeed\\\/avatar\\\/ef51b25c0718910f475570320941ef46.jpg?ver=1777379772\",\"caption\":\"Ana Calero\"},\"description\":\"Licenciada en Ciencias Empresariales por la Universidad Aut\u00f3noma de Madrid. Forma parte del equipo de Apartamentos Proinca y es una enamorada de Madrid\",\"sameAs\":[\"https:\\\/\\\/www.proinca.es\\\/madridfansblog\\\/ana-calero\\\/\"]}]}<\/script>\n<!-- \/ Yoast SEO plugin. -->","yoast_head_json":{"title":"Plaza Santa Ana Madrid.Proinca Apartamentos alquiler Madrid","description":"La plaza de Santa Ana es una de las m\u00e1s bonitas y animadas de Madrid, situada en el barrio de las letras es lugar de paso imprescindible.Proinca Apartamentos alquiler Madrid","robots":{"index":"index","follow":"follow","max-snippet":"max-snippet:-1","max-image-preview":"max-image-preview:large","max-video-preview":"max-video-preview:-1"},"canonical":"https:\/\/www.proinca.es\/madridfansblog\/santa-ana-una-plaza-muy-de-madrid\/","og_locale":"es_ES","og_type":"article","og_title":"Plaza Santa Ana Madrid.Proinca Apartamentos alquiler Madrid","og_description":"La plaza de Santa Ana es una de las m\u00e1s bonitas y animadas de Madrid, situada en el barrio de las letras es lugar de paso imprescindible.Proinca Apartamentos alquiler Madrid","og_url":"https:\/\/www.proinca.es\/madridfansblog\/santa-ana-una-plaza-muy-de-madrid\/","og_site_name":"Blog Proinca Madrid","article_published_time":"2014-07-10T05:22:59+00:00","article_modified_time":"2025-05-28T14:03:12+00:00","og_image":[{"width":1000,"height":563,"url":"https:\/\/www.proinca.es\/madridfansblog\/wp-content\/uploads\/2014\/07\/santa-ana.jpg","type":"image\/jpeg"}],"author":"Ana Calero","schema":{"@context":"https:\/\/schema.org","@graph":[{"@type":"Article","@id":"https:\/\/www.proinca.es\/madridfansblog\/santa-ana-una-plaza-muy-de-madrid\/#article","isPartOf":{"@id":"https:\/\/www.proinca.es\/madridfansblog\/santa-ana-una-plaza-muy-de-madrid\/"},"author":{"name":"Ana Calero","@id":"https:\/\/www.proinca.es\/madridfansblog\/#\/schema\/person\/8401adc89c0a0f5a3574c43326247f1e"},"headline":"SANTA ANA, UNA PLAZA MUY&#8230; DE MADRID","datePublished":"2014-07-10T05:22:59+00:00","dateModified":"2025-05-28T14:03:12+00:00","mainEntityOfPage":{"@id":"https:\/\/www.proinca.es\/madridfansblog\/santa-ana-una-plaza-muy-de-madrid\/"},"wordCount":338,"publisher":{"@id":"https:\/\/www.proinca.es\/madridfansblog\/#organization"},"image":{"@id":"https:\/\/www.proinca.es\/madridfansblog\/santa-ana-una-plaza-muy-de-madrid\/#primaryimage"},"thumbnailUrl":"https:\/\/www.proinca.es\/madridfansblog\/wp-content\/uploads\/2014\/07\/santa-ana.jpg","keywords":["Afterwork","Arquitectura","Cultura","Madrid","Ocio","Restaurantes","Terrazas"],"articleSection":["VIVIR MADRID"],"inLanguage":"es"},{"@type":"WebPage","@id":"https:\/\/www.proinca.es\/madridfansblog\/santa-ana-una-plaza-muy-de-madrid\/","url":"https:\/\/www.proinca.es\/madridfansblog\/santa-ana-una-plaza-muy-de-madrid\/","name":"Plaza Santa Ana Madrid.Proinca Apartamentos alquiler Madrid","isPartOf":{"@id":"https:\/\/www.proinca.es\/madridfansblog\/#website"},"primaryImageOfPage":{"@id":"https:\/\/www.proinca.es\/madridfansblog\/santa-ana-una-plaza-muy-de-madrid\/#primaryimage"},"image":{"@id":"https:\/\/www.proinca.es\/madridfansblog\/santa-ana-una-plaza-muy-de-madrid\/#primaryimage"},"thumbnailUrl":"https:\/\/www.proinca.es\/madridfansblog\/wp-content\/uploads\/2014\/07\/santa-ana.jpg","datePublished":"2014-07-10T05:22:59+00:00","dateModified":"2025-05-28T14:03:12+00:00","description":"La plaza de Santa Ana es una de las m\u00e1s bonitas y animadas de Madrid, situada en el barrio de las letras es lugar de paso imprescindible.Proinca Apartamentos alquiler Madrid","inLanguage":"es","potentialAction":[{"@type":"ReadAction","target":["https:\/\/www.proinca.es\/madridfansblog\/santa-ana-una-plaza-muy-de-madrid\/"]}]},{"@type":"ImageObject","inLanguage":"es","@id":"https:\/\/www.proinca.es\/madridfansblog\/santa-ana-una-plaza-muy-de-madrid\/#primaryimage","url":"https:\/\/www.proinca.es\/madridfansblog\/wp-content\/uploads\/2014\/07\/santa-ana.jpg","contentUrl":"https:\/\/www.proinca.es\/madridfansblog\/wp-content\/uploads\/2014\/07\/santa-ana.jpg","width":1000,"height":563,"caption":"Santa Ana, una plaza muy\u2026 de Madrid"},{"@type":"WebSite","@id":"https:\/\/www.proinca.es\/madridfansblog\/#website","url":"https:\/\/www.proinca.es\/madridfansblog\/","name":"Madrid Fans Blog Proinca","description":"Pisos y apartamentos de alquiler en Madrid","publisher":{"@id":"https:\/\/www.proinca.es\/madridfansblog\/#organization"},"potentialAction":[{"@type":"SearchAction","target":{"@type":"EntryPoint","urlTemplate":"https:\/\/www.proinca.es\/madridfansblog\/?s={search_term_string}"},"query-input":{"@type":"PropertyValueSpecification","valueRequired":true,"valueName":"search_term_string"}}],"inLanguage":"es"},{"@type":"Organization","@id":"https:\/\/www.proinca.es\/madridfansblog\/#organization","name":"Proinca","url":"https:\/\/www.proinca.es\/madridfansblog\/","logo":{"@type":"ImageObject","inLanguage":"es","@id":"https:\/\/www.proinca.es\/madridfansblog\/#\/schema\/logo\/image\/","url":"https:\/\/www.proinca.es\/madridfansblog\/wp-content\/uploads\/2022\/03\/logo-proinca.jpg","contentUrl":"https:\/\/www.proinca.es\/madridfansblog\/wp-content\/uploads\/2022\/03\/logo-proinca.jpg","width":522,"height":250,"caption":"Proinca"},"image":{"@id":"https:\/\/www.proinca.es\/madridfansblog\/#\/schema\/logo\/image\/"}},{"@type":"Person","@id":"https:\/\/www.proinca.es\/madridfansblog\/#\/schema\/person\/8401adc89c0a0f5a3574c43326247f1e","name":"Ana Calero","image":{"@type":"ImageObject","inLanguage":"es","@id":"https:\/\/www.proinca.es\/madridfansblog\/wp-content\/litespeed\/avatar\/ef51b25c0718910f475570320941ef46.jpg?ver=1777379772","url":"https:\/\/www.proinca.es\/madridfansblog\/wp-content\/litespeed\/avatar\/ef51b25c0718910f475570320941ef46.jpg?ver=1777379772","contentUrl":"https:\/\/www.proinca.es\/madridfansblog\/wp-content\/litespeed\/avatar\/ef51b25c0718910f475570320941ef46.jpg?ver=1777379772","caption":"Ana Calero"},"description":"Licenciada en Ciencias Empresariales por la Universidad Aut\u00f3noma de Madrid. Forma parte del equipo de Apartamentos Proinca y es una enamorada de Madrid","sameAs":["https:\/\/www.proinca.es\/madridfansblog\/ana-calero\/"]}]}},"_links":{"self":[{"href":"https:\/\/www.proinca.es\/madridfansblog\/wp-json\/wp\/v2\/posts\/2766","targetHints":{"allow":["GET"]}}],"collection":[{"href":"https:\/\/www.proinca.es\/madridfansblog\/wp-json\/wp\/v2\/posts"}],"about":[{"href":"https:\/\/www.proinca.es\/madridfansblog\/wp-json\/wp\/v2\/types\/post"}],"author":[{"embeddable":true,"href":"https:\/\/www.proinca.es\/madridfansblog\/wp-json\/wp\/v2\/users\/4"}],"replies":[{"embeddable":true,"href":"https:\/\/www.proinca.es\/madridfansblog\/wp-json\/wp\/v2\/comments?post=2766"}],"version-history":[{"count":22,"href":"https:\/\/www.proinca.es\/madridfansblog\/wp-json\/wp\/v2\/posts\/2766\/revisions"}],"predecessor-version":[{"id":7521,"href":"https:\/\/www.proinca.es\/madridfansblog\/wp-json\/wp\/v2\/posts\/2766\/revisions\/7521"}],"wp:featuredmedia":[{"embeddable":true,"href":"https:\/\/www.proinca.es\/madridfansblog\/wp-json\/wp\/v2\/media\/7142"}],"wp:attachment":[{"href":"https:\/\/www.proinca.es\/madridfansblog\/wp-json\/wp\/v2\/media?parent=2766"}],"wp:term":[{"taxonomy":"category","embeddable":true,"href":"https:\/\/www.proinca.es\/madridfansblog\/wp-json\/wp\/v2\/categories?post=2766"},{"taxonomy":"post_tag","embeddable":true,"href":"https:\/\/www.proinca.es\/madridfansblog\/wp-json\/wp\/v2\/tags?post=2766"}],"curies":[{"name":"wp","href":"https:\/\/api.w.org\/{rel}","templated":true}]}}