{"id":2806,"date":"2014-07-25T12:07:59","date_gmt":"2014-07-25T10:07:59","guid":{"rendered":"http:\/\/www.proinca.es\/madridfansblog\/?p=2806"},"modified":"2025-05-28T16:04:30","modified_gmt":"2025-05-28T14:04:30","slug":"escapadas-veraniegas-a-los-alrededores-de-madrid-ii","status":"publish","type":"post","link":"https:\/\/www.proinca.es\/madridfansblog\/escapadas-veraniegas-a-los-alrededores-de-madrid-ii\/","title":{"rendered":"ESCAPADAS VERANIEGAS A LOS ALREDEDORES DE MADRID II"},"content":{"rendered":"<p>Continuamos descubriendo lugares incre\u00edbles donde pasar el fin de semana, en los alrededores de <strong>Madrid<\/strong> <!--more-->disfrutar\u00e1s\u00a0 de lugares llenos de encanto y rodeados de naturaleza. <strong>Escapadas veraniegas<\/strong> para disfrutar de la cultura, gastronom\u00eda y naturaleza.<\/p>\n<p>Aqu\u00ed van el resto de propuestas cercanas a la capital:<\/p>\n<p>&#8211; ARANJUEZ. Trat\u00e1ndose de Aranjuez, uno no sabe por d\u00f3nde empezar. Quiz\u00e1s por su espl\u00e9ndido Palacio Real, proyecto iniciado por Felipe II en el siglo XVI y culminado por Carlos III. De estilo renacentista, muy en sinton\u00eda con los palacios europeos de la \u00e9poca, el de Aranjuez cuenta adem\u00e1s con unos imponentes jardines que, junto al palacio, constituyen un paisaje cultural Patrimonio de la Humanidad desde 2001. Pero este municipio no limita su atractivo al palacio, pues sus huertas de esp\u00e1rragos y fresas, los paseos que nos ofrece el r\u00edo Tajo (donde adem\u00e1s podemos practicar deportes como el pirag\u00fcismo) o su estupenda gastronom\u00eda hacen de Aranjuez un lugar de obligada visita.<\/p>\n<p><span style=\"text-decoration: underline;\">Acceso por carretera<\/span>: A 47 Km al sur de <strong>Madrid<\/strong> por la N-IV (Carretera de Andaluc\u00eda), tomamos la salida 37 para coger la carretera M-305.<\/p>\n<p>CHINCH\u00d3N<strong>.<\/strong> Tambi\u00e9n al sur de Madrid se encuentra Chinch\u00f3n, famoso por su Plaza Mayor, redondeada, ruedo improvisado durante las fiestas del municipio, de coloridos balcones verdes y soportales salpicados por peque\u00f1os restaurantes donde degustar la gastronom\u00eda t\u00edpica de la zona. Tal es su encanto que varios directores de cine han escogido este lugar como escenario para sus pel\u00edculas, la m\u00e1s emblem\u00e1tica,\u00a0 <em>Campanadas a medianoche<\/em>, de Orson Welles.<\/p>\n<p><span style=\"text-decoration: underline;\">Acceso por carretera:<\/span> A-3 hasta el Puente de Arganda y desv\u00edo por la carretera M-311-313; R-3 a la altura de Perales de Taju\u00f1a y A-4 hasta coger la M-404 Navalcarnero-Chinch\u00f3n.<\/p>\n<p>&#8211; SAN LORENZO DEL ESCORIAL. Y para terminar nuestra tanda de recomendaciones para tus <strong>escapadas veraniegas<\/strong>, desde la Sierra de Guadarrama, San Lorenzo del Escorial y su imponente palacio, antigua residencia de la Familia Real Espa\u00f1ola construida por Felipe II a finales del siglo XVI, tambi\u00e9n Patrimonio de la Humanidad y uno de los principales destinos tur\u00edsticos de la Comunidad de <strong>Madrid<\/strong>.<\/p>\n<p><span style=\"text-decoration: underline;\">Acceso por carretera<\/span>: Por la A-VI hasta el municipio de las Rozas y el desv\u00edo a la M-505.<\/p>\n<p>Informaci\u00f3n patrocinada por\u00a0<strong><a title=\"Proinca.Apartamentos de alquiler en Madrid baratos\" href=\"http:\/\/www.proinca.es\" target=\"_blank\" rel=\"noopener\">Proinca: Apartamentos de alquiler en Madrid<\/a><\/strong><\/p>\n<p>Foto de Miguel \u00c1ngel Sanz en Unsplash<\/p>\n\n\n<div class=\"kk-star-ratings kksr-auto kksr-align-left kksr-valign-bottom\"\n    data-payload='{&quot;align&quot;:&quot;left&quot;,&quot;id&quot;:&quot;2806&quot;,&quot;slug&quot;:&quot;default&quot;,&quot;valign&quot;:&quot;bottom&quot;,&quot;ignore&quot;:&quot;&quot;,&quot;reference&quot;:&quot;auto&quot;,&quot;class&quot;:&quot;&quot;,&quot;count&quot;:&quot;0&quot;,&quot;legendonly&quot;:&quot;&quot;,&quot;readonly&quot;:&quot;&quot;,&quot;score&quot;:&quot;0&quot;,&quot;starsonly&quot;:&quot;&quot;,&quot;best&quot;:&quot;5&quot;,&quot;gap&quot;:&quot;1&quot;,&quot;greet&quot;:&quot;Valora este art\u00edculo&quot;,&quot;legend&quot;:&quot;0\\\/5 - (0 votos)&quot;,&quot;size&quot;:&quot;24&quot;,&quot;title&quot;:&quot;ESCAPADAS VERANIEGAS A LOS ALREDEDORES DE MADRID II&quot;,&quot;width&quot;:&quot;0&quot;,&quot;_legend&quot;:&quot;{score}\\\/{best} - ({count} {votes})&quot;,&quot;font_factor&quot;:&quot;1.25&quot;}'>\n            \n<div class=\"kksr-stars\">\n    \n<div class=\"kksr-stars-inactive\">\n            <div class=\"kksr-star\" data-star=\"1\" style=\"padding-right: 1px\">\n            \n\n<div class=\"kksr-icon\" style=\"width: 24px; height: 24px;\"><\/div>\n        <\/div>\n            <div class=\"kksr-star\" data-star=\"2\" style=\"padding-right: 1px\">\n            \n\n<div class=\"kksr-icon\" style=\"width: 24px; height: 24px;\"><\/div>\n        <\/div>\n            <div class=\"kksr-star\" data-star=\"3\" style=\"padding-right: 1px\">\n            \n\n<div class=\"kksr-icon\" style=\"width: 24px; height: 24px;\"><\/div>\n        <\/div>\n            <div class=\"kksr-star\" data-star=\"4\" style=\"padding-right: 1px\">\n            \n\n<div class=\"kksr-icon\" style=\"width: 24px; height: 24px;\"><\/div>\n        <\/div>\n            <div class=\"kksr-star\" data-star=\"5\" style=\"padding-right: 1px\">\n            \n\n<div class=\"kksr-icon\" style=\"width: 24px; height: 24px;\"><\/div>\n        <\/div>\n    <\/div>\n    \n<div class=\"kksr-stars-active\" style=\"width: 0px;\">\n            <div class=\"kksr-star\" style=\"padding-right: 1px\">\n            \n\n<div class=\"kksr-icon\" style=\"width: 24px; height: 24px;\"><\/div>\n        <\/div>\n            <div class=\"kksr-star\" style=\"padding-right: 1px\">\n            \n\n<div class=\"kksr-icon\" style=\"width: 24px; height: 24px;\"><\/div>\n        <\/div>\n            <div class=\"kksr-star\" style=\"padding-right: 1px\">\n            \n\n<div class=\"kksr-icon\" style=\"width: 24px; height: 24px;\"><\/div>\n        <\/div>\n            <div class=\"kksr-star\" style=\"padding-right: 1px\">\n            \n\n<div class=\"kksr-icon\" style=\"width: 24px; height: 24px;\"><\/div>\n        <\/div>\n            <div class=\"kksr-star\" style=\"padding-right: 1px\">\n            \n\n<div class=\"kksr-icon\" style=\"width: 24px; height: 24px;\"><\/div>\n        <\/div>\n    <\/div>\n<\/div>\n                \n\n<div class=\"kksr-legend\" style=\"font-size: 19.2px;\">\n            <span class=\"kksr-muted\">Valora este art\u00edculo<\/span>\n    <\/div>\n    <\/div>\n","protected":false},"excerpt":{"rendered":"<p>Continuamos descubriendo lugares incre\u00edbles donde pasar el fin de semana,  [&#8230;]<\/p>\n","protected":false},"author":4,"featured_media":7144,"comment_status":"closed","ping_status":"closed","sticky":false,"template":"","format":"standard","meta":{"footnotes":""},"categories":[79],"tags":[38,27,63,66,30,5],"class_list":["post-2806","post","type-post","status-publish","format-standard","has-post-thumbnail","hentry","category-vivir-madrid","tag-arquitectura","tag-arte","tag-cultura","tag-ecologia","tag-gastronomia","tag-madrid"],"yoast_head":"<!-- This site is optimized with the Yoast SEO plugin v27.4 - https:\/\/yoast.com\/product\/yoast-seo-wordpress\/ -->\n<title>Escapadas veraniegas Madrid II Proinca Apartamento alquiler<\/title>\n<meta name=\"description\" content=\"Tres nuevas escapadas veraniegas por los alrededores de Madrid, localidades como Aranjuez,Chinch\u00f3n y El Escorial no puedes perd\u00e9rtelas. Proinca Apartamentos\" \/>\n<meta name=\"robots\" content=\"index, follow, max-snippet:-1, max-image-preview:large, max-video-preview:-1\" \/>\n<link rel=\"canonical\" href=\"https:\/\/www.proinca.es\/madridfansblog\/escapadas-veraniegas-a-los-alrededores-de-madrid-ii\/\" \/>\n<meta property=\"og:locale\" content=\"es_ES\" \/>\n<meta property=\"og:type\" content=\"article\" \/>\n<meta property=\"og:title\" content=\"Escapadas veraniegas Madrid II Proinca Apartamento alquiler\" \/>\n<meta property=\"og:description\" content=\"Tres nuevas escapadas veraniegas por los alrededores de Madrid, localidades como Aranjuez,Chinch\u00f3n y El Escorial no puedes perd\u00e9rtelas. Proinca Apartamentos\" \/>\n<meta property=\"og:url\" content=\"https:\/\/www.proinca.es\/madridfansblog\/escapadas-veraniegas-a-los-alrededores-de-madrid-ii\/\" \/>\n<meta property=\"og:site_name\" content=\"Blog Proinca Madrid\" \/>\n<meta property=\"article:published_time\" content=\"2014-07-25T10:07:59+00:00\" \/>\n<meta property=\"article:modified_time\" content=\"2025-05-28T14:04:30+00:00\" \/>\n<meta property=\"og:image\" content=\"https:\/\/www.proinca.es\/madridfansblog\/wp-content\/uploads\/2014\/07\/escapadas-veraniegas.jpg\" \/>\n\t<meta property=\"og:image:width\" content=\"1000\" \/>\n\t<meta property=\"og:image:height\" content=\"750\" \/>\n\t<meta property=\"og:image:type\" content=\"image\/jpeg\" \/>\n<meta name=\"author\" content=\"Ana Calero\" \/>\n<script type=\"application\/ld+json\" class=\"yoast-schema-graph\">{\"@context\":\"https:\\\/\\\/schema.org\",\"@graph\":[{\"@type\":\"Article\",\"@id\":\"https:\\\/\\\/www.proinca.es\\\/madridfansblog\\\/escapadas-veraniegas-a-los-alrededores-de-madrid-ii\\\/#article\",\"isPartOf\":{\"@id\":\"https:\\\/\\\/www.proinca.es\\\/madridfansblog\\\/escapadas-veraniegas-a-los-alrededores-de-madrid-ii\\\/\"},\"author\":{\"name\":\"Ana Calero\",\"@id\":\"https:\\\/\\\/www.proinca.es\\\/madridfansblog\\\/#\\\/schema\\\/person\\\/8401adc89c0a0f5a3574c43326247f1e\"},\"headline\":\"ESCAPADAS VERANIEGAS A LOS ALREDEDORES DE MADRID II\",\"datePublished\":\"2014-07-25T10:07:59+00:00\",\"dateModified\":\"2025-05-28T14:04:30+00:00\",\"mainEntityOfPage\":{\"@id\":\"https:\\\/\\\/www.proinca.es\\\/madridfansblog\\\/escapadas-veraniegas-a-los-alrededores-de-madrid-ii\\\/\"},\"wordCount\":412,\"publisher\":{\"@id\":\"https:\\\/\\\/www.proinca.es\\\/madridfansblog\\\/#organization\"},\"image\":{\"@id\":\"https:\\\/\\\/www.proinca.es\\\/madridfansblog\\\/escapadas-veraniegas-a-los-alrededores-de-madrid-ii\\\/#primaryimage\"},\"thumbnailUrl\":\"https:\\\/\\\/www.proinca.es\\\/madridfansblog\\\/wp-content\\\/uploads\\\/2014\\\/07\\\/escapadas-veraniegas.jpg\",\"keywords\":[\"Arquitectura\",\"Arte\",\"Cultura\",\"Ecolog\u00eda\",\"Gastronom\u00eda\",\"Madrid\"],\"articleSection\":[\"VIVIR MADRID\"],\"inLanguage\":\"es\"},{\"@type\":\"WebPage\",\"@id\":\"https:\\\/\\\/www.proinca.es\\\/madridfansblog\\\/escapadas-veraniegas-a-los-alrededores-de-madrid-ii\\\/\",\"url\":\"https:\\\/\\\/www.proinca.es\\\/madridfansblog\\\/escapadas-veraniegas-a-los-alrededores-de-madrid-ii\\\/\",\"name\":\"Escapadas veraniegas Madrid II Proinca Apartamento alquiler\",\"isPartOf\":{\"@id\":\"https:\\\/\\\/www.proinca.es\\\/madridfansblog\\\/#website\"},\"primaryImageOfPage\":{\"@id\":\"https:\\\/\\\/www.proinca.es\\\/madridfansblog\\\/escapadas-veraniegas-a-los-alrededores-de-madrid-ii\\\/#primaryimage\"},\"image\":{\"@id\":\"https:\\\/\\\/www.proinca.es\\\/madridfansblog\\\/escapadas-veraniegas-a-los-alrededores-de-madrid-ii\\\/#primaryimage\"},\"thumbnailUrl\":\"https:\\\/\\\/www.proinca.es\\\/madridfansblog\\\/wp-content\\\/uploads\\\/2014\\\/07\\\/escapadas-veraniegas.jpg\",\"datePublished\":\"2014-07-25T10:07:59+00:00\",\"dateModified\":\"2025-05-28T14:04:30+00:00\",\"description\":\"Tres nuevas escapadas veraniegas por los alrededores de Madrid, localidades como Aranjuez,Chinch\u00f3n y El Escorial no puedes perd\u00e9rtelas. Proinca Apartamentos\",\"inLanguage\":\"es\",\"potentialAction\":[{\"@type\":\"ReadAction\",\"target\":[\"https:\\\/\\\/www.proinca.es\\\/madridfansblog\\\/escapadas-veraniegas-a-los-alrededores-de-madrid-ii\\\/\"]}]},{\"@type\":\"ImageObject\",\"inLanguage\":\"es\",\"@id\":\"https:\\\/\\\/www.proinca.es\\\/madridfansblog\\\/escapadas-veraniegas-a-los-alrededores-de-madrid-ii\\\/#primaryimage\",\"url\":\"https:\\\/\\\/www.proinca.es\\\/madridfansblog\\\/wp-content\\\/uploads\\\/2014\\\/07\\\/escapadas-veraniegas.jpg\",\"contentUrl\":\"https:\\\/\\\/www.proinca.es\\\/madridfansblog\\\/wp-content\\\/uploads\\\/2014\\\/07\\\/escapadas-veraniegas.jpg\",\"width\":1000,\"height\":750,\"caption\":\"Escapadas veraniegas a los alrededores de Madrid\"},{\"@type\":\"WebSite\",\"@id\":\"https:\\\/\\\/www.proinca.es\\\/madridfansblog\\\/#website\",\"url\":\"https:\\\/\\\/www.proinca.es\\\/madridfansblog\\\/\",\"name\":\"Madrid Fans Blog Proinca\",\"description\":\"Pisos y apartamentos de alquiler en Madrid\",\"publisher\":{\"@id\":\"https:\\\/\\\/www.proinca.es\\\/madridfansblog\\\/#organization\"},\"potentialAction\":[{\"@type\":\"SearchAction\",\"target\":{\"@type\":\"EntryPoint\",\"urlTemplate\":\"https:\\\/\\\/www.proinca.es\\\/madridfansblog\\\/?s={search_term_string}\"},\"query-input\":{\"@type\":\"PropertyValueSpecification\",\"valueRequired\":true,\"valueName\":\"search_term_string\"}}],\"inLanguage\":\"es\"},{\"@type\":\"Organization\",\"@id\":\"https:\\\/\\\/www.proinca.es\\\/madridfansblog\\\/#organization\",\"name\":\"Proinca\",\"url\":\"https:\\\/\\\/www.proinca.es\\\/madridfansblog\\\/\",\"logo\":{\"@type\":\"ImageObject\",\"inLanguage\":\"es\",\"@id\":\"https:\\\/\\\/www.proinca.es\\\/madridfansblog\\\/#\\\/schema\\\/logo\\\/image\\\/\",\"url\":\"https:\\\/\\\/www.proinca.es\\\/madridfansblog\\\/wp-content\\\/uploads\\\/2022\\\/03\\\/logo-proinca.jpg\",\"contentUrl\":\"https:\\\/\\\/www.proinca.es\\\/madridfansblog\\\/wp-content\\\/uploads\\\/2022\\\/03\\\/logo-proinca.jpg\",\"width\":522,\"height\":250,\"caption\":\"Proinca\"},\"image\":{\"@id\":\"https:\\\/\\\/www.proinca.es\\\/madridfansblog\\\/#\\\/schema\\\/logo\\\/image\\\/\"}},{\"@type\":\"Person\",\"@id\":\"https:\\\/\\\/www.proinca.es\\\/madridfansblog\\\/#\\\/schema\\\/person\\\/8401adc89c0a0f5a3574c43326247f1e\",\"name\":\"Ana Calero\",\"image\":{\"@type\":\"ImageObject\",\"inLanguage\":\"es\",\"@id\":\"https:\\\/\\\/www.proinca.es\\\/madridfansblog\\\/wp-content\\\/litespeed\\\/avatar\\\/ef51b25c0718910f475570320941ef46.jpg?ver=1777379772\",\"url\":\"https:\\\/\\\/www.proinca.es\\\/madridfansblog\\\/wp-content\\\/litespeed\\\/avatar\\\/ef51b25c0718910f475570320941ef46.jpg?ver=1777379772\",\"contentUrl\":\"https:\\\/\\\/www.proinca.es\\\/madridfansblog\\\/wp-content\\\/litespeed\\\/avatar\\\/ef51b25c0718910f475570320941ef46.jpg?ver=1777379772\",\"caption\":\"Ana Calero\"},\"description\":\"Licenciada en Ciencias Empresariales por la Universidad Aut\u00f3noma de Madrid. Forma parte del equipo de Apartamentos Proinca y es una enamorada de Madrid\",\"sameAs\":[\"https:\\\/\\\/www.proinca.es\\\/madridfansblog\\\/ana-calero\\\/\"]}]}<\/script>\n<!-- \/ Yoast SEO plugin. -->","yoast_head_json":{"title":"Escapadas veraniegas Madrid II Proinca Apartamento alquiler","description":"Tres nuevas escapadas veraniegas por los alrededores de Madrid, localidades como Aranjuez,Chinch\u00f3n y El Escorial no puedes perd\u00e9rtelas. Proinca Apartamentos","robots":{"index":"index","follow":"follow","max-snippet":"max-snippet:-1","max-image-preview":"max-image-preview:large","max-video-preview":"max-video-preview:-1"},"canonical":"https:\/\/www.proinca.es\/madridfansblog\/escapadas-veraniegas-a-los-alrededores-de-madrid-ii\/","og_locale":"es_ES","og_type":"article","og_title":"Escapadas veraniegas Madrid II Proinca Apartamento alquiler","og_description":"Tres nuevas escapadas veraniegas por los alrededores de Madrid, localidades como Aranjuez,Chinch\u00f3n y El Escorial no puedes perd\u00e9rtelas. Proinca Apartamentos","og_url":"https:\/\/www.proinca.es\/madridfansblog\/escapadas-veraniegas-a-los-alrededores-de-madrid-ii\/","og_site_name":"Blog Proinca Madrid","article_published_time":"2014-07-25T10:07:59+00:00","article_modified_time":"2025-05-28T14:04:30+00:00","og_image":[{"width":1000,"height":750,"url":"https:\/\/www.proinca.es\/madridfansblog\/wp-content\/uploads\/2014\/07\/escapadas-veraniegas.jpg","type":"image\/jpeg"}],"author":"Ana Calero","schema":{"@context":"https:\/\/schema.org","@graph":[{"@type":"Article","@id":"https:\/\/www.proinca.es\/madridfansblog\/escapadas-veraniegas-a-los-alrededores-de-madrid-ii\/#article","isPartOf":{"@id":"https:\/\/www.proinca.es\/madridfansblog\/escapadas-veraniegas-a-los-alrededores-de-madrid-ii\/"},"author":{"name":"Ana Calero","@id":"https:\/\/www.proinca.es\/madridfansblog\/#\/schema\/person\/8401adc89c0a0f5a3574c43326247f1e"},"headline":"ESCAPADAS VERANIEGAS A LOS ALREDEDORES DE MADRID II","datePublished":"2014-07-25T10:07:59+00:00","dateModified":"2025-05-28T14:04:30+00:00","mainEntityOfPage":{"@id":"https:\/\/www.proinca.es\/madridfansblog\/escapadas-veraniegas-a-los-alrededores-de-madrid-ii\/"},"wordCount":412,"publisher":{"@id":"https:\/\/www.proinca.es\/madridfansblog\/#organization"},"image":{"@id":"https:\/\/www.proinca.es\/madridfansblog\/escapadas-veraniegas-a-los-alrededores-de-madrid-ii\/#primaryimage"},"thumbnailUrl":"https:\/\/www.proinca.es\/madridfansblog\/wp-content\/uploads\/2014\/07\/escapadas-veraniegas.jpg","keywords":["Arquitectura","Arte","Cultura","Ecolog\u00eda","Gastronom\u00eda","Madrid"],"articleSection":["VIVIR MADRID"],"inLanguage":"es"},{"@type":"WebPage","@id":"https:\/\/www.proinca.es\/madridfansblog\/escapadas-veraniegas-a-los-alrededores-de-madrid-ii\/","url":"https:\/\/www.proinca.es\/madridfansblog\/escapadas-veraniegas-a-los-alrededores-de-madrid-ii\/","name":"Escapadas veraniegas Madrid II Proinca Apartamento alquiler","isPartOf":{"@id":"https:\/\/www.proinca.es\/madridfansblog\/#website"},"primaryImageOfPage":{"@id":"https:\/\/www.proinca.es\/madridfansblog\/escapadas-veraniegas-a-los-alrededores-de-madrid-ii\/#primaryimage"},"image":{"@id":"https:\/\/www.proinca.es\/madridfansblog\/escapadas-veraniegas-a-los-alrededores-de-madrid-ii\/#primaryimage"},"thumbnailUrl":"https:\/\/www.proinca.es\/madridfansblog\/wp-content\/uploads\/2014\/07\/escapadas-veraniegas.jpg","datePublished":"2014-07-25T10:07:59+00:00","dateModified":"2025-05-28T14:04:30+00:00","description":"Tres nuevas escapadas veraniegas por los alrededores de Madrid, localidades como Aranjuez,Chinch\u00f3n y El Escorial no puedes perd\u00e9rtelas. Proinca Apartamentos","inLanguage":"es","potentialAction":[{"@type":"ReadAction","target":["https:\/\/www.proinca.es\/madridfansblog\/escapadas-veraniegas-a-los-alrededores-de-madrid-ii\/"]}]},{"@type":"ImageObject","inLanguage":"es","@id":"https:\/\/www.proinca.es\/madridfansblog\/escapadas-veraniegas-a-los-alrededores-de-madrid-ii\/#primaryimage","url":"https:\/\/www.proinca.es\/madridfansblog\/wp-content\/uploads\/2014\/07\/escapadas-veraniegas.jpg","contentUrl":"https:\/\/www.proinca.es\/madridfansblog\/wp-content\/uploads\/2014\/07\/escapadas-veraniegas.jpg","width":1000,"height":750,"caption":"Escapadas veraniegas a los alrededores de Madrid"},{"@type":"WebSite","@id":"https:\/\/www.proinca.es\/madridfansblog\/#website","url":"https:\/\/www.proinca.es\/madridfansblog\/","name":"Madrid Fans Blog Proinca","description":"Pisos y apartamentos de alquiler en Madrid","publisher":{"@id":"https:\/\/www.proinca.es\/madridfansblog\/#organization"},"potentialAction":[{"@type":"SearchAction","target":{"@type":"EntryPoint","urlTemplate":"https:\/\/www.proinca.es\/madridfansblog\/?s={search_term_string}"},"query-input":{"@type":"PropertyValueSpecification","valueRequired":true,"valueName":"search_term_string"}}],"inLanguage":"es"},{"@type":"Organization","@id":"https:\/\/www.proinca.es\/madridfansblog\/#organization","name":"Proinca","url":"https:\/\/www.proinca.es\/madridfansblog\/","logo":{"@type":"ImageObject","inLanguage":"es","@id":"https:\/\/www.proinca.es\/madridfansblog\/#\/schema\/logo\/image\/","url":"https:\/\/www.proinca.es\/madridfansblog\/wp-content\/uploads\/2022\/03\/logo-proinca.jpg","contentUrl":"https:\/\/www.proinca.es\/madridfansblog\/wp-content\/uploads\/2022\/03\/logo-proinca.jpg","width":522,"height":250,"caption":"Proinca"},"image":{"@id":"https:\/\/www.proinca.es\/madridfansblog\/#\/schema\/logo\/image\/"}},{"@type":"Person","@id":"https:\/\/www.proinca.es\/madridfansblog\/#\/schema\/person\/8401adc89c0a0f5a3574c43326247f1e","name":"Ana Calero","image":{"@type":"ImageObject","inLanguage":"es","@id":"https:\/\/www.proinca.es\/madridfansblog\/wp-content\/litespeed\/avatar\/ef51b25c0718910f475570320941ef46.jpg?ver=1777379772","url":"https:\/\/www.proinca.es\/madridfansblog\/wp-content\/litespeed\/avatar\/ef51b25c0718910f475570320941ef46.jpg?ver=1777379772","contentUrl":"https:\/\/www.proinca.es\/madridfansblog\/wp-content\/litespeed\/avatar\/ef51b25c0718910f475570320941ef46.jpg?ver=1777379772","caption":"Ana Calero"},"description":"Licenciada en Ciencias Empresariales por la Universidad Aut\u00f3noma de Madrid. Forma parte del equipo de Apartamentos Proinca y es una enamorada de Madrid","sameAs":["https:\/\/www.proinca.es\/madridfansblog\/ana-calero\/"]}]}},"_links":{"self":[{"href":"https:\/\/www.proinca.es\/madridfansblog\/wp-json\/wp\/v2\/posts\/2806","targetHints":{"allow":["GET"]}}],"collection":[{"href":"https:\/\/www.proinca.es\/madridfansblog\/wp-json\/wp\/v2\/posts"}],"about":[{"href":"https:\/\/www.proinca.es\/madridfansblog\/wp-json\/wp\/v2\/types\/post"}],"author":[{"embeddable":true,"href":"https:\/\/www.proinca.es\/madridfansblog\/wp-json\/wp\/v2\/users\/4"}],"replies":[{"embeddable":true,"href":"https:\/\/www.proinca.es\/madridfansblog\/wp-json\/wp\/v2\/comments?post=2806"}],"version-history":[{"count":27,"href":"https:\/\/www.proinca.es\/madridfansblog\/wp-json\/wp\/v2\/posts\/2806\/revisions"}],"predecessor-version":[{"id":7520,"href":"https:\/\/www.proinca.es\/madridfansblog\/wp-json\/wp\/v2\/posts\/2806\/revisions\/7520"}],"wp:featuredmedia":[{"embeddable":true,"href":"https:\/\/www.proinca.es\/madridfansblog\/wp-json\/wp\/v2\/media\/7144"}],"wp:attachment":[{"href":"https:\/\/www.proinca.es\/madridfansblog\/wp-json\/wp\/v2\/media?parent=2806"}],"wp:term":[{"taxonomy":"category","embeddable":true,"href":"https:\/\/www.proinca.es\/madridfansblog\/wp-json\/wp\/v2\/categories?post=2806"},{"taxonomy":"post_tag","embeddable":true,"href":"https:\/\/www.proinca.es\/madridfansblog\/wp-json\/wp\/v2\/tags?post=2806"}],"curies":[{"name":"wp","href":"https:\/\/api.w.org\/{rel}","templated":true}]}}