{"id":2848,"date":"2014-07-31T15:48:01","date_gmt":"2014-07-31T13:48:01","guid":{"rendered":"http:\/\/www.proinca.es\/madridfansblog\/?p=2848"},"modified":"2025-05-28T16:04:35","modified_gmt":"2025-05-28T14:04:35","slug":"fescinalcine-de-verano-en-el-parque-de-la-bombilla-de-madrid","status":"publish","type":"post","link":"https:\/\/www.proinca.es\/madridfansblog\/fescinalcine-de-verano-en-el-parque-de-la-bombilla-de-madrid\/","title":{"rendered":"FESCINAL,CINE DE VERANO EN EL PARQUE DE LA BOMBILLA DE MADRID"},"content":{"rendered":"<p style=\"text-align: left;\">A falta de playa y chiringuitos, <strong>Madrid<\/strong> cuenta con muchos lugares refrescantes donde disfrutar del verano. Uno de ellos es el parque de la Bombilla, que durante julio y agosto acoge un ciclo de verano al aire libre<!--more-->, <strong>Fescinal<\/strong>, donde se proyectan la friolera de m\u00e1s de 100 t\u00edtulos durante 73 d\u00edas.<\/p>\n<p style=\"text-align: left;\">\u00a0Una enorme explanada acoge en cada sesi\u00f3n a cientos de madrile\u00f1os que se dan cita para disfrutar del mejor celuloide al fresquito de esta zona verde.<\/p>\n<p style=\"text-align: left;\">\u00a0Las proyecciones, de lo m\u00e1s variado: cine espa\u00f1ol seguido de coloquio con directores y actores de cine todos los martes, t\u00edtulos en V.O.S, pel\u00edculas de animaci\u00f3n para los m\u00e1s peque\u00f1os y estrenos de cartelera como <em>La ladrona de libros<\/em>, <em>La gran estafa americana<\/em>, <em>Trascendence<\/em>, <em>La gran belleza<\/em> o <em>Los juegos del hambre: En llamas<\/em>. Todo ello, en dos salas con programaci\u00f3n doble a orillas del Manzanares en <strong>Madrid<\/strong>.<\/p>\n<p style=\"text-align: left;\">\u00a0El precio de la entrada es de 6 euros (5 para la tercera edad y los titulares del carn\u00e9 joven, y gratis para los menores de cuatro a\u00f1os). Tambi\u00e9n existe un bono de diez sesiones por 54 euros para los m\u00e1s cin\u00e9filos. Toda las proyecciones comienzan a partir de las 22.15 horas. Para consultar la programaci\u00f3n al detalle de <strong>Fescinal,<\/strong> entra en la p\u00e1gina web www.fescinal.es.<\/p>\n<p style=\"text-align: left;\">\u00a0Por cierto, que el Parque de la Bombilla no es el \u00fanico que alberga proyecciones de cine al aire libre en <strong>Madrid<\/strong>. Encontrar\u00e9is ofertas similares y muy asequibles econ\u00f3micamente en la terraza del Centro Cultural Paco Rabal y en el auditorio del parque Calero, que tambi\u00e9n celebra un festival de cine con los \u00faltimos estrenos.<\/p>\n<p>Informaci\u00f3n patrocinada por\u00a0<strong><a style=\"text-align: left;\">Proinca: Apartamentos de alquiler en Madrid<\/a><\/strong><\/p>\n<p>Fuente imagen: fescinal.es<\/p>\n\n\n<div class=\"kk-star-ratings kksr-auto kksr-align-left kksr-valign-bottom\"\n    data-payload='{&quot;align&quot;:&quot;left&quot;,&quot;id&quot;:&quot;2848&quot;,&quot;slug&quot;:&quot;default&quot;,&quot;valign&quot;:&quot;bottom&quot;,&quot;ignore&quot;:&quot;&quot;,&quot;reference&quot;:&quot;auto&quot;,&quot;class&quot;:&quot;&quot;,&quot;count&quot;:&quot;0&quot;,&quot;legendonly&quot;:&quot;&quot;,&quot;readonly&quot;:&quot;&quot;,&quot;score&quot;:&quot;0&quot;,&quot;starsonly&quot;:&quot;&quot;,&quot;best&quot;:&quot;5&quot;,&quot;gap&quot;:&quot;1&quot;,&quot;greet&quot;:&quot;Valora este art\u00edculo&quot;,&quot;legend&quot;:&quot;0\\\/5 - (0 votos)&quot;,&quot;size&quot;:&quot;24&quot;,&quot;title&quot;:&quot;FESCINAL,CINE DE VERANO EN EL PARQUE DE LA BOMBILLA DE MADRID&quot;,&quot;width&quot;:&quot;0&quot;,&quot;_legend&quot;:&quot;{score}\\\/{best} - ({count} {votes})&quot;,&quot;font_factor&quot;:&quot;1.25&quot;}'>\n            \n<div class=\"kksr-stars\">\n    \n<div class=\"kksr-stars-inactive\">\n            <div class=\"kksr-star\" data-star=\"1\" style=\"padding-right: 1px\">\n            \n\n<div class=\"kksr-icon\" style=\"width: 24px; height: 24px;\"><\/div>\n        <\/div>\n            <div class=\"kksr-star\" data-star=\"2\" style=\"padding-right: 1px\">\n            \n\n<div class=\"kksr-icon\" style=\"width: 24px; height: 24px;\"><\/div>\n        <\/div>\n            <div class=\"kksr-star\" data-star=\"3\" style=\"padding-right: 1px\">\n            \n\n<div class=\"kksr-icon\" style=\"width: 24px; height: 24px;\"><\/div>\n        <\/div>\n            <div class=\"kksr-star\" data-star=\"4\" style=\"padding-right: 1px\">\n            \n\n<div class=\"kksr-icon\" style=\"width: 24px; height: 24px;\"><\/div>\n        <\/div>\n            <div class=\"kksr-star\" data-star=\"5\" style=\"padding-right: 1px\">\n            \n\n<div class=\"kksr-icon\" style=\"width: 24px; height: 24px;\"><\/div>\n        <\/div>\n    <\/div>\n    \n<div class=\"kksr-stars-active\" style=\"width: 0px;\">\n            <div class=\"kksr-star\" style=\"padding-right: 1px\">\n            \n\n<div class=\"kksr-icon\" style=\"width: 24px; height: 24px;\"><\/div>\n        <\/div>\n            <div class=\"kksr-star\" style=\"padding-right: 1px\">\n            \n\n<div class=\"kksr-icon\" style=\"width: 24px; height: 24px;\"><\/div>\n        <\/div>\n            <div class=\"kksr-star\" style=\"padding-right: 1px\">\n            \n\n<div class=\"kksr-icon\" style=\"width: 24px; height: 24px;\"><\/div>\n        <\/div>\n            <div class=\"kksr-star\" style=\"padding-right: 1px\">\n            \n\n<div class=\"kksr-icon\" style=\"width: 24px; height: 24px;\"><\/div>\n        <\/div>\n            <div class=\"kksr-star\" style=\"padding-right: 1px\">\n            \n\n<div class=\"kksr-icon\" style=\"width: 24px; height: 24px;\"><\/div>\n        <\/div>\n    <\/div>\n<\/div>\n                \n\n<div class=\"kksr-legend\" style=\"font-size: 19.2px;\">\n            <span class=\"kksr-muted\">Valora este art\u00edculo<\/span>\n    <\/div>\n    <\/div>\n","protected":false},"excerpt":{"rendered":"<p>A falta de playa y chiringuitos, Madrid cuenta con muchos  [&#8230;]<\/p>\n","protected":false},"author":4,"featured_media":2855,"comment_status":"closed","ping_status":"closed","sticky":false,"template":"","format":"standard","meta":{"footnotes":""},"categories":[79],"tags":[63,5,20],"class_list":["post-2848","post","type-post","status-publish","format-standard","has-post-thumbnail","hentry","category-vivir-madrid","tag-cultura","tag-madrid","tag-ocio"],"yoast_head":"<!-- This site is optimized with the Yoast SEO plugin v27.4 - https:\/\/yoast.com\/product\/yoast-seo-wordpress\/ -->\n<title>Festival cine de verano Madrid Proinca Apartamento alquiler<\/title>\n<meta name=\"description\" content=\"En el Parque de la Bombilla de Madrid, los meses de Julio y Agosto,se celebra Fescinal,un ciclo de cine de verano al aire libre .Proinca Apartamentos alquiler\" \/>\n<meta name=\"robots\" content=\"index, follow, max-snippet:-1, max-image-preview:large, max-video-preview:-1\" \/>\n<link rel=\"canonical\" href=\"https:\/\/www.proinca.es\/madridfansblog\/fescinalcine-de-verano-en-el-parque-de-la-bombilla-de-madrid\/\" \/>\n<meta property=\"og:locale\" content=\"es_ES\" \/>\n<meta property=\"og:type\" content=\"article\" \/>\n<meta property=\"og:title\" content=\"Festival cine de verano Madrid Proinca Apartamento alquiler\" \/>\n<meta property=\"og:description\" content=\"En el Parque de la Bombilla de Madrid, los meses de Julio y Agosto,se celebra Fescinal,un ciclo de cine de verano al aire libre .Proinca Apartamentos alquiler\" \/>\n<meta property=\"og:url\" content=\"https:\/\/www.proinca.es\/madridfansblog\/fescinalcine-de-verano-en-el-parque-de-la-bombilla-de-madrid\/\" \/>\n<meta property=\"og:site_name\" content=\"Blog Proinca Madrid\" \/>\n<meta property=\"article:published_time\" content=\"2014-07-31T13:48:01+00:00\" \/>\n<meta property=\"article:modified_time\" content=\"2025-05-28T14:04:35+00:00\" \/>\n<meta property=\"og:image\" content=\"https:\/\/www.proinca.es\/madridfansblog\/wp-content\/uploads\/2014\/07\/Proinca_MadridFansblog_Fescinal_madrid.jpg\" \/>\n\t<meta property=\"og:image:width\" content=\"360\" \/>\n\t<meta property=\"og:image:height\" content=\"240\" \/>\n\t<meta property=\"og:image:type\" content=\"image\/jpeg\" \/>\n<meta name=\"author\" content=\"Ana Calero\" \/>\n<script type=\"application\/ld+json\" class=\"yoast-schema-graph\">{\"@context\":\"https:\\\/\\\/schema.org\",\"@graph\":[{\"@type\":\"Article\",\"@id\":\"https:\\\/\\\/www.proinca.es\\\/madridfansblog\\\/fescinalcine-de-verano-en-el-parque-de-la-bombilla-de-madrid\\\/#article\",\"isPartOf\":{\"@id\":\"https:\\\/\\\/www.proinca.es\\\/madridfansblog\\\/fescinalcine-de-verano-en-el-parque-de-la-bombilla-de-madrid\\\/\"},\"author\":{\"name\":\"Ana Calero\",\"@id\":\"https:\\\/\\\/www.proinca.es\\\/madridfansblog\\\/#\\\/schema\\\/person\\\/8401adc89c0a0f5a3574c43326247f1e\"},\"headline\":\"FESCINAL,CINE DE VERANO EN EL PARQUE DE LA BOMBILLA DE MADRID\",\"datePublished\":\"2014-07-31T13:48:01+00:00\",\"dateModified\":\"2025-05-28T14:04:35+00:00\",\"mainEntityOfPage\":{\"@id\":\"https:\\\/\\\/www.proinca.es\\\/madridfansblog\\\/fescinalcine-de-verano-en-el-parque-de-la-bombilla-de-madrid\\\/\"},\"wordCount\":313,\"publisher\":{\"@id\":\"https:\\\/\\\/www.proinca.es\\\/madridfansblog\\\/#organization\"},\"image\":{\"@id\":\"https:\\\/\\\/www.proinca.es\\\/madridfansblog\\\/fescinalcine-de-verano-en-el-parque-de-la-bombilla-de-madrid\\\/#primaryimage\"},\"thumbnailUrl\":\"https:\\\/\\\/www.proinca.es\\\/madridfansblog\\\/wp-content\\\/uploads\\\/2014\\\/07\\\/Proinca_MadridFansblog_Fescinal_madrid.jpg\",\"keywords\":[\"Cultura\",\"Madrid\",\"Ocio\"],\"articleSection\":[\"VIVIR MADRID\"],\"inLanguage\":\"es\"},{\"@type\":\"WebPage\",\"@id\":\"https:\\\/\\\/www.proinca.es\\\/madridfansblog\\\/fescinalcine-de-verano-en-el-parque-de-la-bombilla-de-madrid\\\/\",\"url\":\"https:\\\/\\\/www.proinca.es\\\/madridfansblog\\\/fescinalcine-de-verano-en-el-parque-de-la-bombilla-de-madrid\\\/\",\"name\":\"Festival cine de verano Madrid Proinca Apartamento alquiler\",\"isPartOf\":{\"@id\":\"https:\\\/\\\/www.proinca.es\\\/madridfansblog\\\/#website\"},\"primaryImageOfPage\":{\"@id\":\"https:\\\/\\\/www.proinca.es\\\/madridfansblog\\\/fescinalcine-de-verano-en-el-parque-de-la-bombilla-de-madrid\\\/#primaryimage\"},\"image\":{\"@id\":\"https:\\\/\\\/www.proinca.es\\\/madridfansblog\\\/fescinalcine-de-verano-en-el-parque-de-la-bombilla-de-madrid\\\/#primaryimage\"},\"thumbnailUrl\":\"https:\\\/\\\/www.proinca.es\\\/madridfansblog\\\/wp-content\\\/uploads\\\/2014\\\/07\\\/Proinca_MadridFansblog_Fescinal_madrid.jpg\",\"datePublished\":\"2014-07-31T13:48:01+00:00\",\"dateModified\":\"2025-05-28T14:04:35+00:00\",\"description\":\"En el Parque de la Bombilla de Madrid, los meses de Julio y Agosto,se celebra Fescinal,un ciclo de cine de verano al aire libre .Proinca Apartamentos alquiler\",\"inLanguage\":\"es\",\"potentialAction\":[{\"@type\":\"ReadAction\",\"target\":[\"https:\\\/\\\/www.proinca.es\\\/madridfansblog\\\/fescinalcine-de-verano-en-el-parque-de-la-bombilla-de-madrid\\\/\"]}]},{\"@type\":\"ImageObject\",\"inLanguage\":\"es\",\"@id\":\"https:\\\/\\\/www.proinca.es\\\/madridfansblog\\\/fescinalcine-de-verano-en-el-parque-de-la-bombilla-de-madrid\\\/#primaryimage\",\"url\":\"https:\\\/\\\/www.proinca.es\\\/madridfansblog\\\/wp-content\\\/uploads\\\/2014\\\/07\\\/Proinca_MadridFansblog_Fescinal_madrid.jpg\",\"contentUrl\":\"https:\\\/\\\/www.proinca.es\\\/madridfansblog\\\/wp-content\\\/uploads\\\/2014\\\/07\\\/Proinca_MadridFansblog_Fescinal_madrid.jpg\",\"width\":\"360\",\"height\":\"240\",\"caption\":\"Fescina de madrid proinca madridfansblog\"},{\"@type\":\"WebSite\",\"@id\":\"https:\\\/\\\/www.proinca.es\\\/madridfansblog\\\/#website\",\"url\":\"https:\\\/\\\/www.proinca.es\\\/madridfansblog\\\/\",\"name\":\"Madrid Fans Blog Proinca\",\"description\":\"Pisos y apartamentos de alquiler en Madrid\",\"publisher\":{\"@id\":\"https:\\\/\\\/www.proinca.es\\\/madridfansblog\\\/#organization\"},\"potentialAction\":[{\"@type\":\"SearchAction\",\"target\":{\"@type\":\"EntryPoint\",\"urlTemplate\":\"https:\\\/\\\/www.proinca.es\\\/madridfansblog\\\/?s={search_term_string}\"},\"query-input\":{\"@type\":\"PropertyValueSpecification\",\"valueRequired\":true,\"valueName\":\"search_term_string\"}}],\"inLanguage\":\"es\"},{\"@type\":\"Organization\",\"@id\":\"https:\\\/\\\/www.proinca.es\\\/madridfansblog\\\/#organization\",\"name\":\"Proinca\",\"url\":\"https:\\\/\\\/www.proinca.es\\\/madridfansblog\\\/\",\"logo\":{\"@type\":\"ImageObject\",\"inLanguage\":\"es\",\"@id\":\"https:\\\/\\\/www.proinca.es\\\/madridfansblog\\\/#\\\/schema\\\/logo\\\/image\\\/\",\"url\":\"https:\\\/\\\/www.proinca.es\\\/madridfansblog\\\/wp-content\\\/uploads\\\/2022\\\/03\\\/logo-proinca.jpg\",\"contentUrl\":\"https:\\\/\\\/www.proinca.es\\\/madridfansblog\\\/wp-content\\\/uploads\\\/2022\\\/03\\\/logo-proinca.jpg\",\"width\":522,\"height\":250,\"caption\":\"Proinca\"},\"image\":{\"@id\":\"https:\\\/\\\/www.proinca.es\\\/madridfansblog\\\/#\\\/schema\\\/logo\\\/image\\\/\"}},{\"@type\":\"Person\",\"@id\":\"https:\\\/\\\/www.proinca.es\\\/madridfansblog\\\/#\\\/schema\\\/person\\\/8401adc89c0a0f5a3574c43326247f1e\",\"name\":\"Ana Calero\",\"image\":{\"@type\":\"ImageObject\",\"inLanguage\":\"es\",\"@id\":\"https:\\\/\\\/www.proinca.es\\\/madridfansblog\\\/wp-content\\\/litespeed\\\/avatar\\\/ef51b25c0718910f475570320941ef46.jpg?ver=1777379772\",\"url\":\"https:\\\/\\\/www.proinca.es\\\/madridfansblog\\\/wp-content\\\/litespeed\\\/avatar\\\/ef51b25c0718910f475570320941ef46.jpg?ver=1777379772\",\"contentUrl\":\"https:\\\/\\\/www.proinca.es\\\/madridfansblog\\\/wp-content\\\/litespeed\\\/avatar\\\/ef51b25c0718910f475570320941ef46.jpg?ver=1777379772\",\"caption\":\"Ana Calero\"},\"description\":\"Licenciada en Ciencias Empresariales por la Universidad Aut\u00f3noma de Madrid. Forma parte del equipo de Apartamentos Proinca y es una enamorada de Madrid\",\"sameAs\":[\"https:\\\/\\\/www.proinca.es\\\/madridfansblog\\\/ana-calero\\\/\"]}]}<\/script>\n<!-- \/ Yoast SEO plugin. -->","yoast_head_json":{"title":"Festival cine de verano Madrid Proinca Apartamento alquiler","description":"En el Parque de la Bombilla de Madrid, los meses de Julio y Agosto,se celebra Fescinal,un ciclo de cine de verano al aire libre .Proinca Apartamentos alquiler","robots":{"index":"index","follow":"follow","max-snippet":"max-snippet:-1","max-image-preview":"max-image-preview:large","max-video-preview":"max-video-preview:-1"},"canonical":"https:\/\/www.proinca.es\/madridfansblog\/fescinalcine-de-verano-en-el-parque-de-la-bombilla-de-madrid\/","og_locale":"es_ES","og_type":"article","og_title":"Festival cine de verano Madrid Proinca Apartamento alquiler","og_description":"En el Parque de la Bombilla de Madrid, los meses de Julio y Agosto,se celebra Fescinal,un ciclo de cine de verano al aire libre .Proinca Apartamentos alquiler","og_url":"https:\/\/www.proinca.es\/madridfansblog\/fescinalcine-de-verano-en-el-parque-de-la-bombilla-de-madrid\/","og_site_name":"Blog Proinca Madrid","article_published_time":"2014-07-31T13:48:01+00:00","article_modified_time":"2025-05-28T14:04:35+00:00","og_image":[{"width":360,"height":240,"url":"https:\/\/www.proinca.es\/madridfansblog\/wp-content\/uploads\/2014\/07\/Proinca_MadridFansblog_Fescinal_madrid.jpg","type":"image\/jpeg"}],"author":"Ana Calero","schema":{"@context":"https:\/\/schema.org","@graph":[{"@type":"Article","@id":"https:\/\/www.proinca.es\/madridfansblog\/fescinalcine-de-verano-en-el-parque-de-la-bombilla-de-madrid\/#article","isPartOf":{"@id":"https:\/\/www.proinca.es\/madridfansblog\/fescinalcine-de-verano-en-el-parque-de-la-bombilla-de-madrid\/"},"author":{"name":"Ana Calero","@id":"https:\/\/www.proinca.es\/madridfansblog\/#\/schema\/person\/8401adc89c0a0f5a3574c43326247f1e"},"headline":"FESCINAL,CINE DE VERANO EN EL PARQUE DE LA BOMBILLA DE MADRID","datePublished":"2014-07-31T13:48:01+00:00","dateModified":"2025-05-28T14:04:35+00:00","mainEntityOfPage":{"@id":"https:\/\/www.proinca.es\/madridfansblog\/fescinalcine-de-verano-en-el-parque-de-la-bombilla-de-madrid\/"},"wordCount":313,"publisher":{"@id":"https:\/\/www.proinca.es\/madridfansblog\/#organization"},"image":{"@id":"https:\/\/www.proinca.es\/madridfansblog\/fescinalcine-de-verano-en-el-parque-de-la-bombilla-de-madrid\/#primaryimage"},"thumbnailUrl":"https:\/\/www.proinca.es\/madridfansblog\/wp-content\/uploads\/2014\/07\/Proinca_MadridFansblog_Fescinal_madrid.jpg","keywords":["Cultura","Madrid","Ocio"],"articleSection":["VIVIR MADRID"],"inLanguage":"es"},{"@type":"WebPage","@id":"https:\/\/www.proinca.es\/madridfansblog\/fescinalcine-de-verano-en-el-parque-de-la-bombilla-de-madrid\/","url":"https:\/\/www.proinca.es\/madridfansblog\/fescinalcine-de-verano-en-el-parque-de-la-bombilla-de-madrid\/","name":"Festival cine de verano Madrid Proinca Apartamento alquiler","isPartOf":{"@id":"https:\/\/www.proinca.es\/madridfansblog\/#website"},"primaryImageOfPage":{"@id":"https:\/\/www.proinca.es\/madridfansblog\/fescinalcine-de-verano-en-el-parque-de-la-bombilla-de-madrid\/#primaryimage"},"image":{"@id":"https:\/\/www.proinca.es\/madridfansblog\/fescinalcine-de-verano-en-el-parque-de-la-bombilla-de-madrid\/#primaryimage"},"thumbnailUrl":"https:\/\/www.proinca.es\/madridfansblog\/wp-content\/uploads\/2014\/07\/Proinca_MadridFansblog_Fescinal_madrid.jpg","datePublished":"2014-07-31T13:48:01+00:00","dateModified":"2025-05-28T14:04:35+00:00","description":"En el Parque de la Bombilla de Madrid, los meses de Julio y Agosto,se celebra Fescinal,un ciclo de cine de verano al aire libre .Proinca Apartamentos alquiler","inLanguage":"es","potentialAction":[{"@type":"ReadAction","target":["https:\/\/www.proinca.es\/madridfansblog\/fescinalcine-de-verano-en-el-parque-de-la-bombilla-de-madrid\/"]}]},{"@type":"ImageObject","inLanguage":"es","@id":"https:\/\/www.proinca.es\/madridfansblog\/fescinalcine-de-verano-en-el-parque-de-la-bombilla-de-madrid\/#primaryimage","url":"https:\/\/www.proinca.es\/madridfansblog\/wp-content\/uploads\/2014\/07\/Proinca_MadridFansblog_Fescinal_madrid.jpg","contentUrl":"https:\/\/www.proinca.es\/madridfansblog\/wp-content\/uploads\/2014\/07\/Proinca_MadridFansblog_Fescinal_madrid.jpg","width":"360","height":"240","caption":"Fescina de madrid proinca madridfansblog"},{"@type":"WebSite","@id":"https:\/\/www.proinca.es\/madridfansblog\/#website","url":"https:\/\/www.proinca.es\/madridfansblog\/","name":"Madrid Fans Blog Proinca","description":"Pisos y apartamentos de alquiler en Madrid","publisher":{"@id":"https:\/\/www.proinca.es\/madridfansblog\/#organization"},"potentialAction":[{"@type":"SearchAction","target":{"@type":"EntryPoint","urlTemplate":"https:\/\/www.proinca.es\/madridfansblog\/?s={search_term_string}"},"query-input":{"@type":"PropertyValueSpecification","valueRequired":true,"valueName":"search_term_string"}}],"inLanguage":"es"},{"@type":"Organization","@id":"https:\/\/www.proinca.es\/madridfansblog\/#organization","name":"Proinca","url":"https:\/\/www.proinca.es\/madridfansblog\/","logo":{"@type":"ImageObject","inLanguage":"es","@id":"https:\/\/www.proinca.es\/madridfansblog\/#\/schema\/logo\/image\/","url":"https:\/\/www.proinca.es\/madridfansblog\/wp-content\/uploads\/2022\/03\/logo-proinca.jpg","contentUrl":"https:\/\/www.proinca.es\/madridfansblog\/wp-content\/uploads\/2022\/03\/logo-proinca.jpg","width":522,"height":250,"caption":"Proinca"},"image":{"@id":"https:\/\/www.proinca.es\/madridfansblog\/#\/schema\/logo\/image\/"}},{"@type":"Person","@id":"https:\/\/www.proinca.es\/madridfansblog\/#\/schema\/person\/8401adc89c0a0f5a3574c43326247f1e","name":"Ana Calero","image":{"@type":"ImageObject","inLanguage":"es","@id":"https:\/\/www.proinca.es\/madridfansblog\/wp-content\/litespeed\/avatar\/ef51b25c0718910f475570320941ef46.jpg?ver=1777379772","url":"https:\/\/www.proinca.es\/madridfansblog\/wp-content\/litespeed\/avatar\/ef51b25c0718910f475570320941ef46.jpg?ver=1777379772","contentUrl":"https:\/\/www.proinca.es\/madridfansblog\/wp-content\/litespeed\/avatar\/ef51b25c0718910f475570320941ef46.jpg?ver=1777379772","caption":"Ana Calero"},"description":"Licenciada en Ciencias Empresariales por la Universidad Aut\u00f3noma de Madrid. Forma parte del equipo de Apartamentos Proinca y es una enamorada de Madrid","sameAs":["https:\/\/www.proinca.es\/madridfansblog\/ana-calero\/"]}]}},"_links":{"self":[{"href":"https:\/\/www.proinca.es\/madridfansblog\/wp-json\/wp\/v2\/posts\/2848","targetHints":{"allow":["GET"]}}],"collection":[{"href":"https:\/\/www.proinca.es\/madridfansblog\/wp-json\/wp\/v2\/posts"}],"about":[{"href":"https:\/\/www.proinca.es\/madridfansblog\/wp-json\/wp\/v2\/types\/post"}],"author":[{"embeddable":true,"href":"https:\/\/www.proinca.es\/madridfansblog\/wp-json\/wp\/v2\/users\/4"}],"replies":[{"embeddable":true,"href":"https:\/\/www.proinca.es\/madridfansblog\/wp-json\/wp\/v2\/comments?post=2848"}],"version-history":[{"count":20,"href":"https:\/\/www.proinca.es\/madridfansblog\/wp-json\/wp\/v2\/posts\/2848\/revisions"}],"predecessor-version":[{"id":7645,"href":"https:\/\/www.proinca.es\/madridfansblog\/wp-json\/wp\/v2\/posts\/2848\/revisions\/7645"}],"wp:featuredmedia":[{"embeddable":true,"href":"https:\/\/www.proinca.es\/madridfansblog\/wp-json\/wp\/v2\/media\/2855"}],"wp:attachment":[{"href":"https:\/\/www.proinca.es\/madridfansblog\/wp-json\/wp\/v2\/media?parent=2848"}],"wp:term":[{"taxonomy":"category","embeddable":true,"href":"https:\/\/www.proinca.es\/madridfansblog\/wp-json\/wp\/v2\/categories?post=2848"},{"taxonomy":"post_tag","embeddable":true,"href":"https:\/\/www.proinca.es\/madridfansblog\/wp-json\/wp\/v2\/tags?post=2848"}],"curies":[{"name":"wp","href":"https:\/\/api.w.org\/{rel}","templated":true}]}}