{"id":2902,"date":"2014-09-18T19:56:59","date_gmt":"2014-09-18T17:56:59","guid":{"rendered":"http:\/\/www.proinca.es\/madridfansblog\/?p=2902"},"modified":"2025-05-28T16:04:53","modified_gmt":"2025-05-28T14:04:53","slug":"madrid-una-ciudad-de-monasterios-y-conventos-i","status":"publish","type":"post","link":"https:\/\/www.proinca.es\/madridfansblog\/madrid-una-ciudad-de-monasterios-y-conventos-i\/","title":{"rendered":"MADRID, UNA CIUDAD DE MONASTERIOS Y CONVENTOS I"},"content":{"rendered":"<p style=\"text-align: left;\">Necesitar\u00edamos muchos p\u00e1rrafos en este post para hacernos eco de todos los <strong>monasterios<\/strong> y conventos que han formado parte, y forman a\u00fan, del entramado urbano de la ciudad de <strong>Madrid.\u00a0<\/strong><!--more-->Sin embargo, y puesto que el objetivo de este blog es que disfrut\u00e9is, entre otras cosas, del rico patrimonio hist\u00f3rico de la capital, vamos a hacer un breve repaso por los m\u00e1s importantes o, al menos, aquellos que han logrado esquivar el paso del tiempo y los derribos a decisi\u00f3n de monarcas y generales. Un bonito recorrido por el arte, la cultura y la historia de la ciudad.<\/p>\n<p style=\"text-align: left;\">Comenzamos nuestro recorrido por la calle de Moreto, donde se encuentra el antiguo y popular monasterio de San Jer\u00f3nimo el Real, \u201clos Jer\u00f3nimos\u201d, inevitablemente ligado a la Corona como testigo de bodas, juras y funerales de los miembros de la monarqu\u00eda espa\u00f1ola. San Jer\u00f3nimo el Real fue mandado construir en el siglo XV por los reyes Cat\u00f3licos para que les sirviera como lugar de descanso y pronto se convirti\u00f3 en el coraz\u00f3n de una Espa\u00f1a que viv\u00eda a\u00f1os de esplendor. Aunque no ha logrado conservar todas sus dependencias, s\u00ed podemos disfrutar de la iglesia y sus claustro renacentista, integrado en el Museo del Prado tras la ampliaci\u00f3n por obra del arquitecto Rafael Moneo.<\/p>\n<p>Proseguimos con el monasterio de las Descalzas Reales (franciscanas clarisas) fundado en 1559 en la plaza de las Descalzas Reales, en pleno centro de la ciudad y conservado en perfectas condiciones bajo la tutela de Patrimonio Nacional. De estilo clasicista, parte de este edificio ha sido convertido en museo y alberga una importante pinacoteca que puede visitarse.<\/p>\n<p>Muy cerca del Palacio Real, en la plaza de la Encarnaci\u00f3n, se encuentra otro de los <strong>monasterios<\/strong> m\u00e1s singulares de <strong>Madrid<\/strong>, el Real Monasterio de la Encarnaci\u00f3n (agustinas recoletas), fundado por la reina Margarita de Austria, esposa de Felipe III, a comienzos del siglo XVII. Como el anterior, alberga una importante colecci\u00f3n de obras de arte pict\u00f3ricas que puede visitarse, tambi\u00e9n bajo tutela de Patrimonio Nacional.<\/p>\n<p>Informaci\u00f3n patrocinada por\u00a0<strong><a title=\"Proinca apartamentos de alquiler en Madrid\" href=\"http:\/\/www.proinca.es\" target=\"_blank\" rel=\"noopener\">Proinca: Apartamentos de alquiler en Madrid<\/a><\/strong><\/p>\n<p>Foto de Ricardo Gomez Angel en Unsplash<\/p>\n<p>&nbsp;<\/p>\n\n\n<div class=\"kk-star-ratings kksr-auto kksr-align-left kksr-valign-bottom\"\n    data-payload='{&quot;align&quot;:&quot;left&quot;,&quot;id&quot;:&quot;2902&quot;,&quot;slug&quot;:&quot;default&quot;,&quot;valign&quot;:&quot;bottom&quot;,&quot;ignore&quot;:&quot;&quot;,&quot;reference&quot;:&quot;auto&quot;,&quot;class&quot;:&quot;&quot;,&quot;count&quot;:&quot;0&quot;,&quot;legendonly&quot;:&quot;&quot;,&quot;readonly&quot;:&quot;&quot;,&quot;score&quot;:&quot;0&quot;,&quot;starsonly&quot;:&quot;&quot;,&quot;best&quot;:&quot;5&quot;,&quot;gap&quot;:&quot;1&quot;,&quot;greet&quot;:&quot;Valora este art\u00edculo&quot;,&quot;legend&quot;:&quot;0\\\/5 - (0 votos)&quot;,&quot;size&quot;:&quot;24&quot;,&quot;title&quot;:&quot;MADRID, UNA CIUDAD DE MONASTERIOS Y CONVENTOS I&quot;,&quot;width&quot;:&quot;0&quot;,&quot;_legend&quot;:&quot;{score}\\\/{best} - ({count} {votes})&quot;,&quot;font_factor&quot;:&quot;1.25&quot;}'>\n            \n<div class=\"kksr-stars\">\n    \n<div class=\"kksr-stars-inactive\">\n            <div class=\"kksr-star\" data-star=\"1\" style=\"padding-right: 1px\">\n            \n\n<div class=\"kksr-icon\" style=\"width: 24px; height: 24px;\"><\/div>\n        <\/div>\n            <div class=\"kksr-star\" data-star=\"2\" style=\"padding-right: 1px\">\n            \n\n<div class=\"kksr-icon\" style=\"width: 24px; height: 24px;\"><\/div>\n        <\/div>\n            <div class=\"kksr-star\" data-star=\"3\" style=\"padding-right: 1px\">\n            \n\n<div class=\"kksr-icon\" style=\"width: 24px; height: 24px;\"><\/div>\n        <\/div>\n            <div class=\"kksr-star\" data-star=\"4\" style=\"padding-right: 1px\">\n            \n\n<div class=\"kksr-icon\" style=\"width: 24px; height: 24px;\"><\/div>\n        <\/div>\n            <div class=\"kksr-star\" data-star=\"5\" style=\"padding-right: 1px\">\n            \n\n<div class=\"kksr-icon\" style=\"width: 24px; height: 24px;\"><\/div>\n        <\/div>\n    <\/div>\n    \n<div class=\"kksr-stars-active\" style=\"width: 0px;\">\n            <div class=\"kksr-star\" style=\"padding-right: 1px\">\n            \n\n<div class=\"kksr-icon\" style=\"width: 24px; height: 24px;\"><\/div>\n        <\/div>\n            <div class=\"kksr-star\" style=\"padding-right: 1px\">\n            \n\n<div class=\"kksr-icon\" style=\"width: 24px; height: 24px;\"><\/div>\n        <\/div>\n            <div class=\"kksr-star\" style=\"padding-right: 1px\">\n            \n\n<div class=\"kksr-icon\" style=\"width: 24px; height: 24px;\"><\/div>\n        <\/div>\n            <div class=\"kksr-star\" style=\"padding-right: 1px\">\n            \n\n<div class=\"kksr-icon\" style=\"width: 24px; height: 24px;\"><\/div>\n        <\/div>\n            <div class=\"kksr-star\" style=\"padding-right: 1px\">\n            \n\n<div class=\"kksr-icon\" style=\"width: 24px; height: 24px;\"><\/div>\n        <\/div>\n    <\/div>\n<\/div>\n                \n\n<div class=\"kksr-legend\" style=\"font-size: 19.2px;\">\n            <span class=\"kksr-muted\">Valora este art\u00edculo<\/span>\n    <\/div>\n    <\/div>\n","protected":false},"excerpt":{"rendered":"<p>Necesitar\u00edamos muchos p\u00e1rrafos en este post para hacernos eco de  [&#8230;]<\/p>\n","protected":false},"author":4,"featured_media":7150,"comment_status":"closed","ping_status":"closed","sticky":false,"template":"","format":"standard","meta":{"footnotes":""},"categories":[79],"tags":[38,27,63,24,5],"class_list":["post-2902","post","type-post","status-publish","format-standard","has-post-thumbnail","hentry","category-vivir-madrid","tag-arquitectura","tag-arte","tag-cultura","tag-exposiciones","tag-madrid"],"yoast_head":"<!-- This site is optimized with the Yoast SEO plugin v27.4 - https:\/\/yoast.com\/product\/yoast-seo-wordpress\/ -->\n<title>Monasterios y Conventos.Proinca Apartamentos alquiler Madrid<\/title>\n<meta name=\"description\" content=\"Monasterios como Los Jer\u00f3nimos,las Descalzas Reales,el monasterio de la Encarnaci\u00f3n,arte,cultura e historia de MadridProinca Apartamentos de alquiler en Madrid\" \/>\n<meta name=\"robots\" content=\"index, follow, max-snippet:-1, max-image-preview:large, max-video-preview:-1\" \/>\n<link rel=\"canonical\" href=\"https:\/\/www.proinca.es\/madridfansblog\/madrid-una-ciudad-de-monasterios-y-conventos-i\/\" \/>\n<meta property=\"og:locale\" content=\"es_ES\" \/>\n<meta property=\"og:type\" content=\"article\" \/>\n<meta property=\"og:title\" content=\"Monasterios y Conventos.Proinca Apartamentos alquiler Madrid\" \/>\n<meta property=\"og:description\" content=\"Monasterios como Los Jer\u00f3nimos,las Descalzas Reales,el monasterio de la Encarnaci\u00f3n,arte,cultura e historia de MadridProinca Apartamentos de alquiler en Madrid\" \/>\n<meta property=\"og:url\" content=\"https:\/\/www.proinca.es\/madridfansblog\/madrid-una-ciudad-de-monasterios-y-conventos-i\/\" \/>\n<meta property=\"og:site_name\" content=\"Blog Proinca Madrid\" \/>\n<meta property=\"article:published_time\" content=\"2014-09-18T17:56:59+00:00\" \/>\n<meta property=\"article:modified_time\" content=\"2025-05-28T14:04:53+00:00\" \/>\n<meta property=\"og:image\" content=\"https:\/\/www.proinca.es\/madridfansblog\/wp-content\/uploads\/2014\/09\/ciudad-de-conventos.jpg\" \/>\n\t<meta property=\"og:image:width\" content=\"1000\" \/>\n\t<meta property=\"og:image:height\" content=\"599\" \/>\n\t<meta property=\"og:image:type\" content=\"image\/jpeg\" \/>\n<meta name=\"author\" content=\"Ana Calero\" \/>\n<script type=\"application\/ld+json\" class=\"yoast-schema-graph\">{\"@context\":\"https:\\\/\\\/schema.org\",\"@graph\":[{\"@type\":\"Article\",\"@id\":\"https:\\\/\\\/www.proinca.es\\\/madridfansblog\\\/madrid-una-ciudad-de-monasterios-y-conventos-i\\\/#article\",\"isPartOf\":{\"@id\":\"https:\\\/\\\/www.proinca.es\\\/madridfansblog\\\/madrid-una-ciudad-de-monasterios-y-conventos-i\\\/\"},\"author\":{\"name\":\"Ana Calero\",\"@id\":\"https:\\\/\\\/www.proinca.es\\\/madridfansblog\\\/#\\\/schema\\\/person\\\/8401adc89c0a0f5a3574c43326247f1e\"},\"headline\":\"MADRID, UNA CIUDAD DE MONASTERIOS Y CONVENTOS I\",\"datePublished\":\"2014-09-18T17:56:59+00:00\",\"dateModified\":\"2025-05-28T14:04:53+00:00\",\"mainEntityOfPage\":{\"@id\":\"https:\\\/\\\/www.proinca.es\\\/madridfansblog\\\/madrid-una-ciudad-de-monasterios-y-conventos-i\\\/\"},\"wordCount\":383,\"publisher\":{\"@id\":\"https:\\\/\\\/www.proinca.es\\\/madridfansblog\\\/#organization\"},\"image\":{\"@id\":\"https:\\\/\\\/www.proinca.es\\\/madridfansblog\\\/madrid-una-ciudad-de-monasterios-y-conventos-i\\\/#primaryimage\"},\"thumbnailUrl\":\"https:\\\/\\\/www.proinca.es\\\/madridfansblog\\\/wp-content\\\/uploads\\\/2014\\\/09\\\/ciudad-de-conventos.jpg\",\"keywords\":[\"Arquitectura\",\"Arte\",\"Cultura\",\"Exposiciones\",\"Madrid\"],\"articleSection\":[\"VIVIR MADRID\"],\"inLanguage\":\"es\"},{\"@type\":\"WebPage\",\"@id\":\"https:\\\/\\\/www.proinca.es\\\/madridfansblog\\\/madrid-una-ciudad-de-monasterios-y-conventos-i\\\/\",\"url\":\"https:\\\/\\\/www.proinca.es\\\/madridfansblog\\\/madrid-una-ciudad-de-monasterios-y-conventos-i\\\/\",\"name\":\"Monasterios y Conventos.Proinca Apartamentos alquiler Madrid\",\"isPartOf\":{\"@id\":\"https:\\\/\\\/www.proinca.es\\\/madridfansblog\\\/#website\"},\"primaryImageOfPage\":{\"@id\":\"https:\\\/\\\/www.proinca.es\\\/madridfansblog\\\/madrid-una-ciudad-de-monasterios-y-conventos-i\\\/#primaryimage\"},\"image\":{\"@id\":\"https:\\\/\\\/www.proinca.es\\\/madridfansblog\\\/madrid-una-ciudad-de-monasterios-y-conventos-i\\\/#primaryimage\"},\"thumbnailUrl\":\"https:\\\/\\\/www.proinca.es\\\/madridfansblog\\\/wp-content\\\/uploads\\\/2014\\\/09\\\/ciudad-de-conventos.jpg\",\"datePublished\":\"2014-09-18T17:56:59+00:00\",\"dateModified\":\"2025-05-28T14:04:53+00:00\",\"description\":\"Monasterios como Los Jer\u00f3nimos,las Descalzas Reales,el monasterio de la Encarnaci\u00f3n,arte,cultura e historia de MadridProinca Apartamentos de alquiler en Madrid\",\"inLanguage\":\"es\",\"potentialAction\":[{\"@type\":\"ReadAction\",\"target\":[\"https:\\\/\\\/www.proinca.es\\\/madridfansblog\\\/madrid-una-ciudad-de-monasterios-y-conventos-i\\\/\"]}]},{\"@type\":\"ImageObject\",\"inLanguage\":\"es\",\"@id\":\"https:\\\/\\\/www.proinca.es\\\/madridfansblog\\\/madrid-una-ciudad-de-monasterios-y-conventos-i\\\/#primaryimage\",\"url\":\"https:\\\/\\\/www.proinca.es\\\/madridfansblog\\\/wp-content\\\/uploads\\\/2014\\\/09\\\/ciudad-de-conventos.jpg\",\"contentUrl\":\"https:\\\/\\\/www.proinca.es\\\/madridfansblog\\\/wp-content\\\/uploads\\\/2014\\\/09\\\/ciudad-de-conventos.jpg\",\"width\":1000,\"height\":599,\"caption\":\"Madrid, una ciudad de monasterios y conventos\"},{\"@type\":\"WebSite\",\"@id\":\"https:\\\/\\\/www.proinca.es\\\/madridfansblog\\\/#website\",\"url\":\"https:\\\/\\\/www.proinca.es\\\/madridfansblog\\\/\",\"name\":\"Madrid Fans Blog Proinca\",\"description\":\"Pisos y apartamentos de alquiler en Madrid\",\"publisher\":{\"@id\":\"https:\\\/\\\/www.proinca.es\\\/madridfansblog\\\/#organization\"},\"potentialAction\":[{\"@type\":\"SearchAction\",\"target\":{\"@type\":\"EntryPoint\",\"urlTemplate\":\"https:\\\/\\\/www.proinca.es\\\/madridfansblog\\\/?s={search_term_string}\"},\"query-input\":{\"@type\":\"PropertyValueSpecification\",\"valueRequired\":true,\"valueName\":\"search_term_string\"}}],\"inLanguage\":\"es\"},{\"@type\":\"Organization\",\"@id\":\"https:\\\/\\\/www.proinca.es\\\/madridfansblog\\\/#organization\",\"name\":\"Proinca\",\"url\":\"https:\\\/\\\/www.proinca.es\\\/madridfansblog\\\/\",\"logo\":{\"@type\":\"ImageObject\",\"inLanguage\":\"es\",\"@id\":\"https:\\\/\\\/www.proinca.es\\\/madridfansblog\\\/#\\\/schema\\\/logo\\\/image\\\/\",\"url\":\"https:\\\/\\\/www.proinca.es\\\/madridfansblog\\\/wp-content\\\/uploads\\\/2022\\\/03\\\/logo-proinca.jpg\",\"contentUrl\":\"https:\\\/\\\/www.proinca.es\\\/madridfansblog\\\/wp-content\\\/uploads\\\/2022\\\/03\\\/logo-proinca.jpg\",\"width\":522,\"height\":250,\"caption\":\"Proinca\"},\"image\":{\"@id\":\"https:\\\/\\\/www.proinca.es\\\/madridfansblog\\\/#\\\/schema\\\/logo\\\/image\\\/\"}},{\"@type\":\"Person\",\"@id\":\"https:\\\/\\\/www.proinca.es\\\/madridfansblog\\\/#\\\/schema\\\/person\\\/8401adc89c0a0f5a3574c43326247f1e\",\"name\":\"Ana Calero\",\"image\":{\"@type\":\"ImageObject\",\"inLanguage\":\"es\",\"@id\":\"https:\\\/\\\/www.proinca.es\\\/madridfansblog\\\/wp-content\\\/litespeed\\\/avatar\\\/ef51b25c0718910f475570320941ef46.jpg?ver=1777379772\",\"url\":\"https:\\\/\\\/www.proinca.es\\\/madridfansblog\\\/wp-content\\\/litespeed\\\/avatar\\\/ef51b25c0718910f475570320941ef46.jpg?ver=1777379772\",\"contentUrl\":\"https:\\\/\\\/www.proinca.es\\\/madridfansblog\\\/wp-content\\\/litespeed\\\/avatar\\\/ef51b25c0718910f475570320941ef46.jpg?ver=1777379772\",\"caption\":\"Ana Calero\"},\"description\":\"Licenciada en Ciencias Empresariales por la Universidad Aut\u00f3noma de Madrid. Forma parte del equipo de Apartamentos Proinca y es una enamorada de Madrid\",\"sameAs\":[\"https:\\\/\\\/www.proinca.es\\\/madridfansblog\\\/ana-calero\\\/\"]}]}<\/script>\n<!-- \/ Yoast SEO plugin. -->","yoast_head_json":{"title":"Monasterios y Conventos.Proinca Apartamentos alquiler Madrid","description":"Monasterios como Los Jer\u00f3nimos,las Descalzas Reales,el monasterio de la Encarnaci\u00f3n,arte,cultura e historia de MadridProinca Apartamentos de alquiler en Madrid","robots":{"index":"index","follow":"follow","max-snippet":"max-snippet:-1","max-image-preview":"max-image-preview:large","max-video-preview":"max-video-preview:-1"},"canonical":"https:\/\/www.proinca.es\/madridfansblog\/madrid-una-ciudad-de-monasterios-y-conventos-i\/","og_locale":"es_ES","og_type":"article","og_title":"Monasterios y Conventos.Proinca Apartamentos alquiler Madrid","og_description":"Monasterios como Los Jer\u00f3nimos,las Descalzas Reales,el monasterio de la Encarnaci\u00f3n,arte,cultura e historia de MadridProinca Apartamentos de alquiler en Madrid","og_url":"https:\/\/www.proinca.es\/madridfansblog\/madrid-una-ciudad-de-monasterios-y-conventos-i\/","og_site_name":"Blog Proinca Madrid","article_published_time":"2014-09-18T17:56:59+00:00","article_modified_time":"2025-05-28T14:04:53+00:00","og_image":[{"width":1000,"height":599,"url":"https:\/\/www.proinca.es\/madridfansblog\/wp-content\/uploads\/2014\/09\/ciudad-de-conventos.jpg","type":"image\/jpeg"}],"author":"Ana Calero","schema":{"@context":"https:\/\/schema.org","@graph":[{"@type":"Article","@id":"https:\/\/www.proinca.es\/madridfansblog\/madrid-una-ciudad-de-monasterios-y-conventos-i\/#article","isPartOf":{"@id":"https:\/\/www.proinca.es\/madridfansblog\/madrid-una-ciudad-de-monasterios-y-conventos-i\/"},"author":{"name":"Ana Calero","@id":"https:\/\/www.proinca.es\/madridfansblog\/#\/schema\/person\/8401adc89c0a0f5a3574c43326247f1e"},"headline":"MADRID, UNA CIUDAD DE MONASTERIOS Y CONVENTOS I","datePublished":"2014-09-18T17:56:59+00:00","dateModified":"2025-05-28T14:04:53+00:00","mainEntityOfPage":{"@id":"https:\/\/www.proinca.es\/madridfansblog\/madrid-una-ciudad-de-monasterios-y-conventos-i\/"},"wordCount":383,"publisher":{"@id":"https:\/\/www.proinca.es\/madridfansblog\/#organization"},"image":{"@id":"https:\/\/www.proinca.es\/madridfansblog\/madrid-una-ciudad-de-monasterios-y-conventos-i\/#primaryimage"},"thumbnailUrl":"https:\/\/www.proinca.es\/madridfansblog\/wp-content\/uploads\/2014\/09\/ciudad-de-conventos.jpg","keywords":["Arquitectura","Arte","Cultura","Exposiciones","Madrid"],"articleSection":["VIVIR MADRID"],"inLanguage":"es"},{"@type":"WebPage","@id":"https:\/\/www.proinca.es\/madridfansblog\/madrid-una-ciudad-de-monasterios-y-conventos-i\/","url":"https:\/\/www.proinca.es\/madridfansblog\/madrid-una-ciudad-de-monasterios-y-conventos-i\/","name":"Monasterios y Conventos.Proinca Apartamentos alquiler Madrid","isPartOf":{"@id":"https:\/\/www.proinca.es\/madridfansblog\/#website"},"primaryImageOfPage":{"@id":"https:\/\/www.proinca.es\/madridfansblog\/madrid-una-ciudad-de-monasterios-y-conventos-i\/#primaryimage"},"image":{"@id":"https:\/\/www.proinca.es\/madridfansblog\/madrid-una-ciudad-de-monasterios-y-conventos-i\/#primaryimage"},"thumbnailUrl":"https:\/\/www.proinca.es\/madridfansblog\/wp-content\/uploads\/2014\/09\/ciudad-de-conventos.jpg","datePublished":"2014-09-18T17:56:59+00:00","dateModified":"2025-05-28T14:04:53+00:00","description":"Monasterios como Los Jer\u00f3nimos,las Descalzas Reales,el monasterio de la Encarnaci\u00f3n,arte,cultura e historia de MadridProinca Apartamentos de alquiler en Madrid","inLanguage":"es","potentialAction":[{"@type":"ReadAction","target":["https:\/\/www.proinca.es\/madridfansblog\/madrid-una-ciudad-de-monasterios-y-conventos-i\/"]}]},{"@type":"ImageObject","inLanguage":"es","@id":"https:\/\/www.proinca.es\/madridfansblog\/madrid-una-ciudad-de-monasterios-y-conventos-i\/#primaryimage","url":"https:\/\/www.proinca.es\/madridfansblog\/wp-content\/uploads\/2014\/09\/ciudad-de-conventos.jpg","contentUrl":"https:\/\/www.proinca.es\/madridfansblog\/wp-content\/uploads\/2014\/09\/ciudad-de-conventos.jpg","width":1000,"height":599,"caption":"Madrid, una ciudad de monasterios y conventos"},{"@type":"WebSite","@id":"https:\/\/www.proinca.es\/madridfansblog\/#website","url":"https:\/\/www.proinca.es\/madridfansblog\/","name":"Madrid Fans Blog Proinca","description":"Pisos y apartamentos de alquiler en Madrid","publisher":{"@id":"https:\/\/www.proinca.es\/madridfansblog\/#organization"},"potentialAction":[{"@type":"SearchAction","target":{"@type":"EntryPoint","urlTemplate":"https:\/\/www.proinca.es\/madridfansblog\/?s={search_term_string}"},"query-input":{"@type":"PropertyValueSpecification","valueRequired":true,"valueName":"search_term_string"}}],"inLanguage":"es"},{"@type":"Organization","@id":"https:\/\/www.proinca.es\/madridfansblog\/#organization","name":"Proinca","url":"https:\/\/www.proinca.es\/madridfansblog\/","logo":{"@type":"ImageObject","inLanguage":"es","@id":"https:\/\/www.proinca.es\/madridfansblog\/#\/schema\/logo\/image\/","url":"https:\/\/www.proinca.es\/madridfansblog\/wp-content\/uploads\/2022\/03\/logo-proinca.jpg","contentUrl":"https:\/\/www.proinca.es\/madridfansblog\/wp-content\/uploads\/2022\/03\/logo-proinca.jpg","width":522,"height":250,"caption":"Proinca"},"image":{"@id":"https:\/\/www.proinca.es\/madridfansblog\/#\/schema\/logo\/image\/"}},{"@type":"Person","@id":"https:\/\/www.proinca.es\/madridfansblog\/#\/schema\/person\/8401adc89c0a0f5a3574c43326247f1e","name":"Ana Calero","image":{"@type":"ImageObject","inLanguage":"es","@id":"https:\/\/www.proinca.es\/madridfansblog\/wp-content\/litespeed\/avatar\/ef51b25c0718910f475570320941ef46.jpg?ver=1777379772","url":"https:\/\/www.proinca.es\/madridfansblog\/wp-content\/litespeed\/avatar\/ef51b25c0718910f475570320941ef46.jpg?ver=1777379772","contentUrl":"https:\/\/www.proinca.es\/madridfansblog\/wp-content\/litespeed\/avatar\/ef51b25c0718910f475570320941ef46.jpg?ver=1777379772","caption":"Ana Calero"},"description":"Licenciada en Ciencias Empresariales por la Universidad Aut\u00f3noma de Madrid. Forma parte del equipo de Apartamentos Proinca y es una enamorada de Madrid","sameAs":["https:\/\/www.proinca.es\/madridfansblog\/ana-calero\/"]}]}},"_links":{"self":[{"href":"https:\/\/www.proinca.es\/madridfansblog\/wp-json\/wp\/v2\/posts\/2902","targetHints":{"allow":["GET"]}}],"collection":[{"href":"https:\/\/www.proinca.es\/madridfansblog\/wp-json\/wp\/v2\/posts"}],"about":[{"href":"https:\/\/www.proinca.es\/madridfansblog\/wp-json\/wp\/v2\/types\/post"}],"author":[{"embeddable":true,"href":"https:\/\/www.proinca.es\/madridfansblog\/wp-json\/wp\/v2\/users\/4"}],"replies":[{"embeddable":true,"href":"https:\/\/www.proinca.es\/madridfansblog\/wp-json\/wp\/v2\/comments?post=2902"}],"version-history":[{"count":24,"href":"https:\/\/www.proinca.es\/madridfansblog\/wp-json\/wp\/v2\/posts\/2902\/revisions"}],"predecessor-version":[{"id":7517,"href":"https:\/\/www.proinca.es\/madridfansblog\/wp-json\/wp\/v2\/posts\/2902\/revisions\/7517"}],"wp:featuredmedia":[{"embeddable":true,"href":"https:\/\/www.proinca.es\/madridfansblog\/wp-json\/wp\/v2\/media\/7150"}],"wp:attachment":[{"href":"https:\/\/www.proinca.es\/madridfansblog\/wp-json\/wp\/v2\/media?parent=2902"}],"wp:term":[{"taxonomy":"category","embeddable":true,"href":"https:\/\/www.proinca.es\/madridfansblog\/wp-json\/wp\/v2\/categories?post=2902"},{"taxonomy":"post_tag","embeddable":true,"href":"https:\/\/www.proinca.es\/madridfansblog\/wp-json\/wp\/v2\/tags?post=2902"}],"curies":[{"name":"wp","href":"https:\/\/api.w.org\/{rel}","templated":true}]}}