{"id":2928,"date":"2014-09-28T21:21:08","date_gmt":"2014-09-28T19:21:08","guid":{"rendered":"http:\/\/www.proinca.es\/madridfansblog\/?p=2928"},"modified":"2025-05-28T16:04:57","modified_gmt":"2025-05-28T14:04:57","slug":"madrid-una-ciudad-de-monasterios-y-conventos-ii","status":"publish","type":"post","link":"https:\/\/www.proinca.es\/madridfansblog\/madrid-una-ciudad-de-monasterios-y-conventos-ii\/","title":{"rendered":"MADRID, UNA CIUDAD DE MONASTERIOS Y CONVENTOS II"},"content":{"rendered":"<p style=\"text-align: left;\"><span style=\"text-align: center;\">Continuamos nuestro recorrido por el arte, la cultura y la historia de la <\/span><strong style=\"text-align: center;\">Madrid<\/strong><span style=\"text-align: center;\">, a trav\u00e9s de sus <\/span><strong style=\"text-align: center;\">monasterios<\/strong><span style=\"text-align: center;\"> y <\/span><strong style=\"text-align: center;\">conventos<\/strong><span style=\"text-align: center;\">.<\/span><\/p>\n<p style=\"text-align: left;\"><!--more-->El monasterio de Do\u00f1a Mar\u00eda de Arag\u00f3n (agustinos calzados), fundado en 1590, alberga hoy ni m\u00e1s ni menos que el Senado, un privilegio que adquiri\u00f3 de mano de Isabel II en 1835. Y es que, este edificio religioso, levantado en la calle Bail\u00e9n, parece haber estado abocado a la pol\u00edtica desde mucho antes, pues en 1814 se convirti\u00f3 en el Sal\u00f3n de Sesiones de las Cortes de C\u00e1diz, un privilegio del que goz\u00f3 de forma intermitente, ya que el inmueble paso de manos del Estado a manos de los agustinos sucesivamente durante varios a\u00f1os dependiendo de las circunstancias pol\u00edticas de la \u00e9poca.<\/p>\n<p>Otro monasterio que se conserva en perfecto estado es el de Santa Isabel (agustinas recoletas), fundado por Felipe II en 1589 en la calle de mismo nombre y tambi\u00e9n bajo tutela de Patrimonio Nacional. Llaman la atenci\u00f3n su claustro y numerosas obras pict\u00f3ricas de los siglos XVII y XVIII. En 1995, este monasterio fue declarado Bien de Inter\u00e9s Cultural con categor\u00eda de \u2018Monumento\u2019.<\/p>\n<p>Y para terminar nuestro recorrido, recomendamos la visita de varios <strong>conventos<\/strong>:<\/p>\n<p>El de San Ildefonso (trinitarias de Cervantes), en la calle Lope de Vega, cuenta con la peculiaridad de haber albergado los restos del gran Miguel de Cervantes, aunque, desafortunadamente, desaparecieran durante una de las restauraciones del edificio.<\/p>\n<p>Otros lugares dignos de admirar son el convento de las Comendadoras de Santiago el Mayor, en la plaza de mismo nombre, actual sede del Tribunal Supremo, el convento de las Salesas Reales, en la calle B\u00e1rbara de Braganza, y el convento de las Carboneras del Corpus Christi, situado en el coraz\u00f3n del barrio de los Austrias, en la plazuela del Conde de Miranda, y denominado as\u00ed por poseer un cuadro de la Virgen Inmaculada encontrado en una carbonera (de clausura, fue declarado Bien de Inter\u00e9s Cultural en 1981). El de San Pl\u00e1cido (benedictinas), en la calle de San Roque, cuenta con importantes obras de arte, entre ellas un retablo pintado por Claudio Coello. De echo, este convento, desconocido para muchos madrile\u00f1os, alberg\u00f3 el Cristo crucificado de Vel\u00e1zquez entre 1628 y 1808, adem\u00e1s de varias leyendas en torno a misteriosas posesiones diab\u00f3licas.<\/p>\n<p>Muchas plazas y calles de la ciudad de <strong>Madrid<\/strong> conservan a\u00fan hoy el nombre de <strong>monasterios<\/strong> y <strong>conventos<\/strong> derribados anta\u00f1o, muchos de ellos por Jos\u00e9 Bonaparte en su empe\u00f1o por restructurar y modernizar la ciudad, como las de Santo Domingo o San Mart\u00edn.<\/p>\n<p>Informaci\u00f3n patrocinada por\u00a0<strong><a title=\"Proinca apartamentos de alquiler en Madrid\" href=\"http:\/\/www.proinca.es\" target=\"_blank\" rel=\"noopener\">Proinca: Apartamentos de alquiler en Madrid<\/a><\/strong><\/p>\n<p>Foto de Bruce Tang en Unsplash<\/p>\n<p align=\"center\">\n\n\n<div class=\"kk-star-ratings kksr-auto kksr-align-left kksr-valign-bottom\"\n    data-payload='{&quot;align&quot;:&quot;left&quot;,&quot;id&quot;:&quot;2928&quot;,&quot;slug&quot;:&quot;default&quot;,&quot;valign&quot;:&quot;bottom&quot;,&quot;ignore&quot;:&quot;&quot;,&quot;reference&quot;:&quot;auto&quot;,&quot;class&quot;:&quot;&quot;,&quot;count&quot;:&quot;0&quot;,&quot;legendonly&quot;:&quot;&quot;,&quot;readonly&quot;:&quot;&quot;,&quot;score&quot;:&quot;0&quot;,&quot;starsonly&quot;:&quot;&quot;,&quot;best&quot;:&quot;5&quot;,&quot;gap&quot;:&quot;1&quot;,&quot;greet&quot;:&quot;Valora este art\u00edculo&quot;,&quot;legend&quot;:&quot;0\\\/5 - (0 votos)&quot;,&quot;size&quot;:&quot;24&quot;,&quot;title&quot;:&quot;MADRID, UNA CIUDAD DE MONASTERIOS Y CONVENTOS II&quot;,&quot;width&quot;:&quot;0&quot;,&quot;_legend&quot;:&quot;{score}\\\/{best} - ({count} {votes})&quot;,&quot;font_factor&quot;:&quot;1.25&quot;}'>\n            \n<div class=\"kksr-stars\">\n    \n<div class=\"kksr-stars-inactive\">\n            <div class=\"kksr-star\" data-star=\"1\" style=\"padding-right: 1px\">\n            \n\n<div class=\"kksr-icon\" style=\"width: 24px; height: 24px;\"><\/div>\n        <\/div>\n            <div class=\"kksr-star\" data-star=\"2\" style=\"padding-right: 1px\">\n            \n\n<div class=\"kksr-icon\" style=\"width: 24px; height: 24px;\"><\/div>\n        <\/div>\n            <div class=\"kksr-star\" data-star=\"3\" style=\"padding-right: 1px\">\n            \n\n<div class=\"kksr-icon\" style=\"width: 24px; height: 24px;\"><\/div>\n        <\/div>\n            <div class=\"kksr-star\" data-star=\"4\" style=\"padding-right: 1px\">\n            \n\n<div class=\"kksr-icon\" style=\"width: 24px; height: 24px;\"><\/div>\n        <\/div>\n            <div class=\"kksr-star\" data-star=\"5\" style=\"padding-right: 1px\">\n            \n\n<div class=\"kksr-icon\" style=\"width: 24px; height: 24px;\"><\/div>\n        <\/div>\n    <\/div>\n    \n<div class=\"kksr-stars-active\" style=\"width: 0px;\">\n            <div class=\"kksr-star\" style=\"padding-right: 1px\">\n            \n\n<div class=\"kksr-icon\" style=\"width: 24px; height: 24px;\"><\/div>\n        <\/div>\n            <div class=\"kksr-star\" style=\"padding-right: 1px\">\n            \n\n<div class=\"kksr-icon\" style=\"width: 24px; height: 24px;\"><\/div>\n        <\/div>\n            <div class=\"kksr-star\" style=\"padding-right: 1px\">\n            \n\n<div class=\"kksr-icon\" style=\"width: 24px; height: 24px;\"><\/div>\n        <\/div>\n            <div class=\"kksr-star\" style=\"padding-right: 1px\">\n            \n\n<div class=\"kksr-icon\" style=\"width: 24px; height: 24px;\"><\/div>\n        <\/div>\n            <div class=\"kksr-star\" style=\"padding-right: 1px\">\n            \n\n<div class=\"kksr-icon\" style=\"width: 24px; height: 24px;\"><\/div>\n        <\/div>\n    <\/div>\n<\/div>\n                \n\n<div class=\"kksr-legend\" style=\"font-size: 19.2px;\">\n            <span class=\"kksr-muted\">Valora este art\u00edculo<\/span>\n    <\/div>\n    <\/div>\n","protected":false},"excerpt":{"rendered":"<p>Continuamos nuestro recorrido por el arte, la cultura y la  [&#8230;]<\/p>\n","protected":false},"author":4,"featured_media":7152,"comment_status":"closed","ping_status":"closed","sticky":false,"template":"","format":"standard","meta":{"footnotes":""},"categories":[79],"tags":[36,38,27,63,5],"class_list":["post-2928","post","type-post","status-publish","format-standard","has-post-thumbnail","hentry","category-vivir-madrid","tag-afterwork","tag-arquitectura","tag-arte","tag-cultura","tag-madrid"],"yoast_head":"<!-- This site is optimized with the Yoast SEO plugin v27.4 - https:\/\/yoast.com\/product\/yoast-seo-wordpress\/ -->\n<title>Conventos y monasterios|Proinca apartamentos alquiler Madrid<\/title>\n<meta name=\"description\" content=\"El arte,la cultura y la arquitectura de Madrid quedan reflejados en los numerosos monasterios y coventos de la capital.Proinca apartametos de alquiler en Madrid\" \/>\n<meta name=\"robots\" content=\"index, follow, max-snippet:-1, max-image-preview:large, max-video-preview:-1\" \/>\n<link rel=\"canonical\" href=\"https:\/\/www.proinca.es\/madridfansblog\/madrid-una-ciudad-de-monasterios-y-conventos-ii\/\" \/>\n<meta property=\"og:locale\" content=\"es_ES\" \/>\n<meta property=\"og:type\" content=\"article\" \/>\n<meta property=\"og:title\" content=\"Conventos y monasterios|Proinca apartamentos alquiler Madrid\" \/>\n<meta property=\"og:description\" content=\"El arte,la cultura y la arquitectura de Madrid quedan reflejados en los numerosos monasterios y coventos de la capital.Proinca apartametos de alquiler en Madrid\" \/>\n<meta property=\"og:url\" content=\"https:\/\/www.proinca.es\/madridfansblog\/madrid-una-ciudad-de-monasterios-y-conventos-ii\/\" \/>\n<meta property=\"og:site_name\" content=\"Blog Proinca Madrid\" \/>\n<meta property=\"article:published_time\" content=\"2014-09-28T19:21:08+00:00\" \/>\n<meta property=\"article:modified_time\" content=\"2025-05-28T14:04:57+00:00\" \/>\n<meta property=\"og:image\" content=\"https:\/\/www.proinca.es\/madridfansblog\/wp-content\/uploads\/2014\/09\/ciudad-de-monasterios.jpg\" \/>\n\t<meta property=\"og:image:width\" content=\"1000\" \/>\n\t<meta property=\"og:image:height\" content=\"667\" \/>\n\t<meta property=\"og:image:type\" content=\"image\/jpeg\" \/>\n<meta name=\"author\" content=\"Ana Calero\" \/>\n<script type=\"application\/ld+json\" class=\"yoast-schema-graph\">{\"@context\":\"https:\\\/\\\/schema.org\",\"@graph\":[{\"@type\":\"Article\",\"@id\":\"https:\\\/\\\/www.proinca.es\\\/madridfansblog\\\/madrid-una-ciudad-de-monasterios-y-conventos-ii\\\/#article\",\"isPartOf\":{\"@id\":\"https:\\\/\\\/www.proinca.es\\\/madridfansblog\\\/madrid-una-ciudad-de-monasterios-y-conventos-ii\\\/\"},\"author\":{\"name\":\"Ana Calero\",\"@id\":\"https:\\\/\\\/www.proinca.es\\\/madridfansblog\\\/#\\\/schema\\\/person\\\/8401adc89c0a0f5a3574c43326247f1e\"},\"headline\":\"MADRID, UNA CIUDAD DE MONASTERIOS Y CONVENTOS II\",\"datePublished\":\"2014-09-28T19:21:08+00:00\",\"dateModified\":\"2025-05-28T14:04:57+00:00\",\"mainEntityOfPage\":{\"@id\":\"https:\\\/\\\/www.proinca.es\\\/madridfansblog\\\/madrid-una-ciudad-de-monasterios-y-conventos-ii\\\/\"},\"wordCount\":462,\"publisher\":{\"@id\":\"https:\\\/\\\/www.proinca.es\\\/madridfansblog\\\/#organization\"},\"image\":{\"@id\":\"https:\\\/\\\/www.proinca.es\\\/madridfansblog\\\/madrid-una-ciudad-de-monasterios-y-conventos-ii\\\/#primaryimage\"},\"thumbnailUrl\":\"https:\\\/\\\/www.proinca.es\\\/madridfansblog\\\/wp-content\\\/uploads\\\/2014\\\/09\\\/ciudad-de-monasterios.jpg\",\"keywords\":[\"Afterwork\",\"Arquitectura\",\"Arte\",\"Cultura\",\"Madrid\"],\"articleSection\":[\"VIVIR MADRID\"],\"inLanguage\":\"es\"},{\"@type\":\"WebPage\",\"@id\":\"https:\\\/\\\/www.proinca.es\\\/madridfansblog\\\/madrid-una-ciudad-de-monasterios-y-conventos-ii\\\/\",\"url\":\"https:\\\/\\\/www.proinca.es\\\/madridfansblog\\\/madrid-una-ciudad-de-monasterios-y-conventos-ii\\\/\",\"name\":\"Conventos y monasterios|Proinca apartamentos alquiler Madrid\",\"isPartOf\":{\"@id\":\"https:\\\/\\\/www.proinca.es\\\/madridfansblog\\\/#website\"},\"primaryImageOfPage\":{\"@id\":\"https:\\\/\\\/www.proinca.es\\\/madridfansblog\\\/madrid-una-ciudad-de-monasterios-y-conventos-ii\\\/#primaryimage\"},\"image\":{\"@id\":\"https:\\\/\\\/www.proinca.es\\\/madridfansblog\\\/madrid-una-ciudad-de-monasterios-y-conventos-ii\\\/#primaryimage\"},\"thumbnailUrl\":\"https:\\\/\\\/www.proinca.es\\\/madridfansblog\\\/wp-content\\\/uploads\\\/2014\\\/09\\\/ciudad-de-monasterios.jpg\",\"datePublished\":\"2014-09-28T19:21:08+00:00\",\"dateModified\":\"2025-05-28T14:04:57+00:00\",\"description\":\"El arte,la cultura y la arquitectura de Madrid quedan reflejados en los numerosos monasterios y coventos de la capital.Proinca apartametos de alquiler en Madrid\",\"inLanguage\":\"es\",\"potentialAction\":[{\"@type\":\"ReadAction\",\"target\":[\"https:\\\/\\\/www.proinca.es\\\/madridfansblog\\\/madrid-una-ciudad-de-monasterios-y-conventos-ii\\\/\"]}]},{\"@type\":\"ImageObject\",\"inLanguage\":\"es\",\"@id\":\"https:\\\/\\\/www.proinca.es\\\/madridfansblog\\\/madrid-una-ciudad-de-monasterios-y-conventos-ii\\\/#primaryimage\",\"url\":\"https:\\\/\\\/www.proinca.es\\\/madridfansblog\\\/wp-content\\\/uploads\\\/2014\\\/09\\\/ciudad-de-monasterios.jpg\",\"contentUrl\":\"https:\\\/\\\/www.proinca.es\\\/madridfansblog\\\/wp-content\\\/uploads\\\/2014\\\/09\\\/ciudad-de-monasterios.jpg\",\"width\":1000,\"height\":667,\"caption\":\"Madrid, una ciudad de monasterios y conventos\"},{\"@type\":\"WebSite\",\"@id\":\"https:\\\/\\\/www.proinca.es\\\/madridfansblog\\\/#website\",\"url\":\"https:\\\/\\\/www.proinca.es\\\/madridfansblog\\\/\",\"name\":\"Madrid Fans Blog Proinca\",\"description\":\"Pisos y apartamentos de alquiler en Madrid\",\"publisher\":{\"@id\":\"https:\\\/\\\/www.proinca.es\\\/madridfansblog\\\/#organization\"},\"potentialAction\":[{\"@type\":\"SearchAction\",\"target\":{\"@type\":\"EntryPoint\",\"urlTemplate\":\"https:\\\/\\\/www.proinca.es\\\/madridfansblog\\\/?s={search_term_string}\"},\"query-input\":{\"@type\":\"PropertyValueSpecification\",\"valueRequired\":true,\"valueName\":\"search_term_string\"}}],\"inLanguage\":\"es\"},{\"@type\":\"Organization\",\"@id\":\"https:\\\/\\\/www.proinca.es\\\/madridfansblog\\\/#organization\",\"name\":\"Proinca\",\"url\":\"https:\\\/\\\/www.proinca.es\\\/madridfansblog\\\/\",\"logo\":{\"@type\":\"ImageObject\",\"inLanguage\":\"es\",\"@id\":\"https:\\\/\\\/www.proinca.es\\\/madridfansblog\\\/#\\\/schema\\\/logo\\\/image\\\/\",\"url\":\"https:\\\/\\\/www.proinca.es\\\/madridfansblog\\\/wp-content\\\/uploads\\\/2022\\\/03\\\/logo-proinca.jpg\",\"contentUrl\":\"https:\\\/\\\/www.proinca.es\\\/madridfansblog\\\/wp-content\\\/uploads\\\/2022\\\/03\\\/logo-proinca.jpg\",\"width\":522,\"height\":250,\"caption\":\"Proinca\"},\"image\":{\"@id\":\"https:\\\/\\\/www.proinca.es\\\/madridfansblog\\\/#\\\/schema\\\/logo\\\/image\\\/\"}},{\"@type\":\"Person\",\"@id\":\"https:\\\/\\\/www.proinca.es\\\/madridfansblog\\\/#\\\/schema\\\/person\\\/8401adc89c0a0f5a3574c43326247f1e\",\"name\":\"Ana Calero\",\"image\":{\"@type\":\"ImageObject\",\"inLanguage\":\"es\",\"@id\":\"https:\\\/\\\/www.proinca.es\\\/madridfansblog\\\/wp-content\\\/litespeed\\\/avatar\\\/ef51b25c0718910f475570320941ef46.jpg?ver=1777379772\",\"url\":\"https:\\\/\\\/www.proinca.es\\\/madridfansblog\\\/wp-content\\\/litespeed\\\/avatar\\\/ef51b25c0718910f475570320941ef46.jpg?ver=1777379772\",\"contentUrl\":\"https:\\\/\\\/www.proinca.es\\\/madridfansblog\\\/wp-content\\\/litespeed\\\/avatar\\\/ef51b25c0718910f475570320941ef46.jpg?ver=1777379772\",\"caption\":\"Ana Calero\"},\"description\":\"Licenciada en Ciencias Empresariales por la Universidad Aut\u00f3noma de Madrid. Forma parte del equipo de Apartamentos Proinca y es una enamorada de Madrid\",\"sameAs\":[\"https:\\\/\\\/www.proinca.es\\\/madridfansblog\\\/ana-calero\\\/\"]}]}<\/script>\n<!-- \/ Yoast SEO plugin. -->","yoast_head_json":{"title":"Conventos y monasterios|Proinca apartamentos alquiler Madrid","description":"El arte,la cultura y la arquitectura de Madrid quedan reflejados en los numerosos monasterios y coventos de la capital.Proinca apartametos de alquiler en Madrid","robots":{"index":"index","follow":"follow","max-snippet":"max-snippet:-1","max-image-preview":"max-image-preview:large","max-video-preview":"max-video-preview:-1"},"canonical":"https:\/\/www.proinca.es\/madridfansblog\/madrid-una-ciudad-de-monasterios-y-conventos-ii\/","og_locale":"es_ES","og_type":"article","og_title":"Conventos y monasterios|Proinca apartamentos alquiler Madrid","og_description":"El arte,la cultura y la arquitectura de Madrid quedan reflejados en los numerosos monasterios y coventos de la capital.Proinca apartametos de alquiler en Madrid","og_url":"https:\/\/www.proinca.es\/madridfansblog\/madrid-una-ciudad-de-monasterios-y-conventos-ii\/","og_site_name":"Blog Proinca Madrid","article_published_time":"2014-09-28T19:21:08+00:00","article_modified_time":"2025-05-28T14:04:57+00:00","og_image":[{"width":1000,"height":667,"url":"https:\/\/www.proinca.es\/madridfansblog\/wp-content\/uploads\/2014\/09\/ciudad-de-monasterios.jpg","type":"image\/jpeg"}],"author":"Ana Calero","schema":{"@context":"https:\/\/schema.org","@graph":[{"@type":"Article","@id":"https:\/\/www.proinca.es\/madridfansblog\/madrid-una-ciudad-de-monasterios-y-conventos-ii\/#article","isPartOf":{"@id":"https:\/\/www.proinca.es\/madridfansblog\/madrid-una-ciudad-de-monasterios-y-conventos-ii\/"},"author":{"name":"Ana Calero","@id":"https:\/\/www.proinca.es\/madridfansblog\/#\/schema\/person\/8401adc89c0a0f5a3574c43326247f1e"},"headline":"MADRID, UNA CIUDAD DE MONASTERIOS Y CONVENTOS II","datePublished":"2014-09-28T19:21:08+00:00","dateModified":"2025-05-28T14:04:57+00:00","mainEntityOfPage":{"@id":"https:\/\/www.proinca.es\/madridfansblog\/madrid-una-ciudad-de-monasterios-y-conventos-ii\/"},"wordCount":462,"publisher":{"@id":"https:\/\/www.proinca.es\/madridfansblog\/#organization"},"image":{"@id":"https:\/\/www.proinca.es\/madridfansblog\/madrid-una-ciudad-de-monasterios-y-conventos-ii\/#primaryimage"},"thumbnailUrl":"https:\/\/www.proinca.es\/madridfansblog\/wp-content\/uploads\/2014\/09\/ciudad-de-monasterios.jpg","keywords":["Afterwork","Arquitectura","Arte","Cultura","Madrid"],"articleSection":["VIVIR MADRID"],"inLanguage":"es"},{"@type":"WebPage","@id":"https:\/\/www.proinca.es\/madridfansblog\/madrid-una-ciudad-de-monasterios-y-conventos-ii\/","url":"https:\/\/www.proinca.es\/madridfansblog\/madrid-una-ciudad-de-monasterios-y-conventos-ii\/","name":"Conventos y monasterios|Proinca apartamentos alquiler Madrid","isPartOf":{"@id":"https:\/\/www.proinca.es\/madridfansblog\/#website"},"primaryImageOfPage":{"@id":"https:\/\/www.proinca.es\/madridfansblog\/madrid-una-ciudad-de-monasterios-y-conventos-ii\/#primaryimage"},"image":{"@id":"https:\/\/www.proinca.es\/madridfansblog\/madrid-una-ciudad-de-monasterios-y-conventos-ii\/#primaryimage"},"thumbnailUrl":"https:\/\/www.proinca.es\/madridfansblog\/wp-content\/uploads\/2014\/09\/ciudad-de-monasterios.jpg","datePublished":"2014-09-28T19:21:08+00:00","dateModified":"2025-05-28T14:04:57+00:00","description":"El arte,la cultura y la arquitectura de Madrid quedan reflejados en los numerosos monasterios y coventos de la capital.Proinca apartametos de alquiler en Madrid","inLanguage":"es","potentialAction":[{"@type":"ReadAction","target":["https:\/\/www.proinca.es\/madridfansblog\/madrid-una-ciudad-de-monasterios-y-conventos-ii\/"]}]},{"@type":"ImageObject","inLanguage":"es","@id":"https:\/\/www.proinca.es\/madridfansblog\/madrid-una-ciudad-de-monasterios-y-conventos-ii\/#primaryimage","url":"https:\/\/www.proinca.es\/madridfansblog\/wp-content\/uploads\/2014\/09\/ciudad-de-monasterios.jpg","contentUrl":"https:\/\/www.proinca.es\/madridfansblog\/wp-content\/uploads\/2014\/09\/ciudad-de-monasterios.jpg","width":1000,"height":667,"caption":"Madrid, una ciudad de monasterios y conventos"},{"@type":"WebSite","@id":"https:\/\/www.proinca.es\/madridfansblog\/#website","url":"https:\/\/www.proinca.es\/madridfansblog\/","name":"Madrid Fans Blog Proinca","description":"Pisos y apartamentos de alquiler en Madrid","publisher":{"@id":"https:\/\/www.proinca.es\/madridfansblog\/#organization"},"potentialAction":[{"@type":"SearchAction","target":{"@type":"EntryPoint","urlTemplate":"https:\/\/www.proinca.es\/madridfansblog\/?s={search_term_string}"},"query-input":{"@type":"PropertyValueSpecification","valueRequired":true,"valueName":"search_term_string"}}],"inLanguage":"es"},{"@type":"Organization","@id":"https:\/\/www.proinca.es\/madridfansblog\/#organization","name":"Proinca","url":"https:\/\/www.proinca.es\/madridfansblog\/","logo":{"@type":"ImageObject","inLanguage":"es","@id":"https:\/\/www.proinca.es\/madridfansblog\/#\/schema\/logo\/image\/","url":"https:\/\/www.proinca.es\/madridfansblog\/wp-content\/uploads\/2022\/03\/logo-proinca.jpg","contentUrl":"https:\/\/www.proinca.es\/madridfansblog\/wp-content\/uploads\/2022\/03\/logo-proinca.jpg","width":522,"height":250,"caption":"Proinca"},"image":{"@id":"https:\/\/www.proinca.es\/madridfansblog\/#\/schema\/logo\/image\/"}},{"@type":"Person","@id":"https:\/\/www.proinca.es\/madridfansblog\/#\/schema\/person\/8401adc89c0a0f5a3574c43326247f1e","name":"Ana Calero","image":{"@type":"ImageObject","inLanguage":"es","@id":"https:\/\/www.proinca.es\/madridfansblog\/wp-content\/litespeed\/avatar\/ef51b25c0718910f475570320941ef46.jpg?ver=1777379772","url":"https:\/\/www.proinca.es\/madridfansblog\/wp-content\/litespeed\/avatar\/ef51b25c0718910f475570320941ef46.jpg?ver=1777379772","contentUrl":"https:\/\/www.proinca.es\/madridfansblog\/wp-content\/litespeed\/avatar\/ef51b25c0718910f475570320941ef46.jpg?ver=1777379772","caption":"Ana Calero"},"description":"Licenciada en Ciencias Empresariales por la Universidad Aut\u00f3noma de Madrid. Forma parte del equipo de Apartamentos Proinca y es una enamorada de Madrid","sameAs":["https:\/\/www.proinca.es\/madridfansblog\/ana-calero\/"]}]}},"_links":{"self":[{"href":"https:\/\/www.proinca.es\/madridfansblog\/wp-json\/wp\/v2\/posts\/2928","targetHints":{"allow":["GET"]}}],"collection":[{"href":"https:\/\/www.proinca.es\/madridfansblog\/wp-json\/wp\/v2\/posts"}],"about":[{"href":"https:\/\/www.proinca.es\/madridfansblog\/wp-json\/wp\/v2\/types\/post"}],"author":[{"embeddable":true,"href":"https:\/\/www.proinca.es\/madridfansblog\/wp-json\/wp\/v2\/users\/4"}],"replies":[{"embeddable":true,"href":"https:\/\/www.proinca.es\/madridfansblog\/wp-json\/wp\/v2\/comments?post=2928"}],"version-history":[{"count":41,"href":"https:\/\/www.proinca.es\/madridfansblog\/wp-json\/wp\/v2\/posts\/2928\/revisions"}],"predecessor-version":[{"id":7643,"href":"https:\/\/www.proinca.es\/madridfansblog\/wp-json\/wp\/v2\/posts\/2928\/revisions\/7643"}],"wp:featuredmedia":[{"embeddable":true,"href":"https:\/\/www.proinca.es\/madridfansblog\/wp-json\/wp\/v2\/media\/7152"}],"wp:attachment":[{"href":"https:\/\/www.proinca.es\/madridfansblog\/wp-json\/wp\/v2\/media?parent=2928"}],"wp:term":[{"taxonomy":"category","embeddable":true,"href":"https:\/\/www.proinca.es\/madridfansblog\/wp-json\/wp\/v2\/categories?post=2928"},{"taxonomy":"post_tag","embeddable":true,"href":"https:\/\/www.proinca.es\/madridfansblog\/wp-json\/wp\/v2\/tags?post=2928"}],"curies":[{"name":"wp","href":"https:\/\/api.w.org\/{rel}","templated":true}]}}