{"id":3051,"date":"2014-10-22T19:30:11","date_gmt":"2014-10-22T17:30:11","guid":{"rendered":"http:\/\/www.proinca.es\/madridfansblog\/?p=3051"},"modified":"2025-05-28T16:04:06","modified_gmt":"2025-05-28T14:04:06","slug":"tapapies-4-ruta-multicultural-de-la-tapa-y-la-musica-de-lavapies-en-madrid","status":"publish","type":"post","link":"https:\/\/www.proinca.es\/madridfansblog\/tapapies-4-ruta-multicultural-de-la-tapa-y-la-musica-de-lavapies-en-madrid\/","title":{"rendered":"TAPAPI\u00c9S: 4 RUTA MULTICULTURAL DE LA TAPA Y LA M\u00daSICA DE LAVAPI\u00c9S EN MADRID"},"content":{"rendered":"<p>El barrio de Lavapi\u00e9s celebra a lo largo de toda esta semana su cuarta ruta multicultural de la <strong>Tapa<\/strong> y la M\u00fasica, <strong>TapaPi\u00e9s<!--more--><\/strong>, una cita con la gastronom\u00eda internacional y con esa diversidad cultural que caracteriza a uno de los barrios m\u00e1s m\u00edticos de la ciudad de <strong>Madrid<\/strong>. Y es que, adem\u00e1s de las t\u00edpicas patatas bravas o del pincho de tortilla, la de Lavapi\u00e9s nos ofrece todo un crisol culinario donde encontramos propuestas tan peculiares como pollo thai con salsa de cacahuete, hummus a la naranja o tacos de langostino con mayonesa de guacamole. Sin duda, esta es una oportunidad \u00fanica para los amantes de lo ex\u00f3tico. Pero no olvid\u00e9is que estamos en Lavapi\u00e9s, as\u00ed que tambi\u00e9n habr\u00e1 sitio para la cocina t\u00edpica madrile\u00f1a, es decir, que podr\u00e9is comeros unos estupendos callos a la madrile\u00f1a.<\/p>\n<p>En total, 73 locales de este barrio de <strong>Madrid<\/strong>, se han adherido a esta iniciativa que, como se\u00f1al\u00e1bamos, contar\u00e1 con actuaciones musicales en directo. Pasacalles, malabares, talleres y conciertos har\u00e1n de la cuarta edici\u00f3n de <strong>TapaPi\u00e9s<\/strong> una aut\u00e9ntica fiesta al aire libre.<\/p>\n<p>Por cierto, que si vot\u00e1is las <strong>tapas<\/strong> y las actuaciones que m\u00e1s os hayan gustado podr\u00e9is participar en el sorteo de dos iPad Mini y cinco abonos individuales para la red Lavapi\u00e9s,<i> <\/i>barrio de teatros.<\/p>\n<p>Si quer\u00e9is m\u00e1s informaci\u00f3n sobre esta edici\u00f3n <strong>TapaPi\u00e9s<\/strong>, no ten\u00e9is m\u00e1s que entrar en la p\u00e1gina web de la Asociaci\u00f3n de Comerciantes de Lavapi\u00e9s donde aparece el listado de bares y restaurantes que participan en la iniciativa as\u00ed como la agenda cultural programada para esta semana.<\/p>\n<p>Informaci\u00f3n patrocinada por\u00a0<strong><a title=\"Proinca apartamentos de alquiler en Madrid\" href=\"http:\/\/www.proinca.es\" target=\"_blank\" rel=\"noopener\">Proinca: Apartamentos de alquiler en Madrid<\/a><\/strong><\/p>\n<p>Fuente imagen: comerciolavapies.com<\/p>\n\n\n<div class=\"kk-star-ratings kksr-auto kksr-align-left kksr-valign-bottom\"\n    data-payload='{&quot;align&quot;:&quot;left&quot;,&quot;id&quot;:&quot;3051&quot;,&quot;slug&quot;:&quot;default&quot;,&quot;valign&quot;:&quot;bottom&quot;,&quot;ignore&quot;:&quot;&quot;,&quot;reference&quot;:&quot;auto&quot;,&quot;class&quot;:&quot;&quot;,&quot;count&quot;:&quot;0&quot;,&quot;legendonly&quot;:&quot;&quot;,&quot;readonly&quot;:&quot;&quot;,&quot;score&quot;:&quot;0&quot;,&quot;starsonly&quot;:&quot;&quot;,&quot;best&quot;:&quot;5&quot;,&quot;gap&quot;:&quot;1&quot;,&quot;greet&quot;:&quot;Valora este art\u00edculo&quot;,&quot;legend&quot;:&quot;0\\\/5 - (0 votos)&quot;,&quot;size&quot;:&quot;24&quot;,&quot;title&quot;:&quot;TAPAPI\u00c9S: 4 RUTA MULTICULTURAL DE LA TAPA Y LA M\u00daSICA DE LAVAPI\u00c9S EN MADRID&quot;,&quot;width&quot;:&quot;0&quot;,&quot;_legend&quot;:&quot;{score}\\\/{best} - ({count} {votes})&quot;,&quot;font_factor&quot;:&quot;1.25&quot;}'>\n            \n<div class=\"kksr-stars\">\n    \n<div class=\"kksr-stars-inactive\">\n            <div class=\"kksr-star\" data-star=\"1\" style=\"padding-right: 1px\">\n            \n\n<div class=\"kksr-icon\" style=\"width: 24px; height: 24px;\"><\/div>\n        <\/div>\n            <div class=\"kksr-star\" data-star=\"2\" style=\"padding-right: 1px\">\n            \n\n<div class=\"kksr-icon\" style=\"width: 24px; height: 24px;\"><\/div>\n        <\/div>\n            <div class=\"kksr-star\" data-star=\"3\" style=\"padding-right: 1px\">\n            \n\n<div class=\"kksr-icon\" style=\"width: 24px; height: 24px;\"><\/div>\n        <\/div>\n            <div class=\"kksr-star\" data-star=\"4\" style=\"padding-right: 1px\">\n            \n\n<div class=\"kksr-icon\" style=\"width: 24px; height: 24px;\"><\/div>\n        <\/div>\n            <div class=\"kksr-star\" data-star=\"5\" style=\"padding-right: 1px\">\n            \n\n<div class=\"kksr-icon\" style=\"width: 24px; height: 24px;\"><\/div>\n        <\/div>\n    <\/div>\n    \n<div class=\"kksr-stars-active\" style=\"width: 0px;\">\n            <div class=\"kksr-star\" style=\"padding-right: 1px\">\n            \n\n<div class=\"kksr-icon\" style=\"width: 24px; height: 24px;\"><\/div>\n        <\/div>\n            <div class=\"kksr-star\" style=\"padding-right: 1px\">\n            \n\n<div class=\"kksr-icon\" style=\"width: 24px; height: 24px;\"><\/div>\n        <\/div>\n            <div class=\"kksr-star\" style=\"padding-right: 1px\">\n            \n\n<div class=\"kksr-icon\" style=\"width: 24px; height: 24px;\"><\/div>\n        <\/div>\n            <div class=\"kksr-star\" style=\"padding-right: 1px\">\n            \n\n<div class=\"kksr-icon\" style=\"width: 24px; height: 24px;\"><\/div>\n        <\/div>\n            <div class=\"kksr-star\" style=\"padding-right: 1px\">\n            \n\n<div class=\"kksr-icon\" style=\"width: 24px; height: 24px;\"><\/div>\n        <\/div>\n    <\/div>\n<\/div>\n                \n\n<div class=\"kksr-legend\" style=\"font-size: 19.2px;\">\n            <span class=\"kksr-muted\">Valora este art\u00edculo<\/span>\n    <\/div>\n    <\/div>\n","protected":false},"excerpt":{"rendered":"<p>El barrio de Lavapi\u00e9s celebra a lo largo de toda  [&#8230;]<\/p>\n","protected":false},"author":4,"featured_media":3055,"comment_status":"closed","ping_status":"closed","sticky":false,"template":"","format":"standard","meta":{"footnotes":""},"categories":[79],"tags":[36,63,21,30,5,71],"class_list":["post-3051","post","type-post","status-publish","format-standard","has-post-thumbnail","hentry","category-vivir-madrid","tag-afterwork","tag-cultura","tag-de-copas","tag-gastronomia","tag-madrid","tag-musica"],"yoast_head":"<!-- This site is optimized with the Yoast SEO plugin v27.4 - https:\/\/yoast.com\/product\/yoast-seo-wordpress\/ -->\n<title>TapaPi\u00e9s en Madrid.Proinca arpartamentos de alquiler<\/title>\n<meta name=\"description\" content=\"Cuarta edici\u00f3n de TapaPi\u00e9s,una ruta multicultural de la tapa y m\u00fasica en el barrio de Lavapi\u00e9s en Madrid.Patrocinado por Proinca apartamentos de alquiler Madrid\" \/>\n<meta name=\"robots\" content=\"index, follow, max-snippet:-1, max-image-preview:large, max-video-preview:-1\" \/>\n<link rel=\"canonical\" href=\"https:\/\/www.proinca.es\/madridfansblog\/tapapies-4-ruta-multicultural-de-la-tapa-y-la-musica-de-lavapies-en-madrid\/\" \/>\n<meta property=\"og:locale\" content=\"es_ES\" \/>\n<meta property=\"og:type\" content=\"article\" \/>\n<meta property=\"og:title\" content=\"TapaPi\u00e9s en Madrid.Proinca arpartamentos de alquiler\" \/>\n<meta property=\"og:description\" content=\"Cuarta edici\u00f3n de TapaPi\u00e9s,una ruta multicultural de la tapa y m\u00fasica en el barrio de Lavapi\u00e9s en Madrid.Patrocinado por Proinca apartamentos de alquiler Madrid\" \/>\n<meta property=\"og:url\" content=\"https:\/\/www.proinca.es\/madridfansblog\/tapapies-4-ruta-multicultural-de-la-tapa-y-la-musica-de-lavapies-en-madrid\/\" \/>\n<meta property=\"og:site_name\" content=\"Blog Proinca Madrid\" \/>\n<meta property=\"article:published_time\" content=\"2014-10-22T17:30:11+00:00\" \/>\n<meta property=\"article:modified_time\" content=\"2025-05-28T14:04:06+00:00\" \/>\n<meta property=\"og:image\" content=\"https:\/\/www.proinca.es\/madridfansblog\/wp-content\/uploads\/2014\/10\/Proinca_MadridFansBlog_Tapapies.jpg\" \/>\n\t<meta property=\"og:image:width\" content=\"310\" \/>\n\t<meta property=\"og:image:height\" content=\"310\" \/>\n\t<meta property=\"og:image:type\" content=\"image\/jpeg\" \/>\n<meta name=\"author\" content=\"Ana Calero\" \/>\n<script type=\"application\/ld+json\" class=\"yoast-schema-graph\">{\"@context\":\"https:\\\/\\\/schema.org\",\"@graph\":[{\"@type\":\"Article\",\"@id\":\"https:\\\/\\\/www.proinca.es\\\/madridfansblog\\\/tapapies-4-ruta-multicultural-de-la-tapa-y-la-musica-de-lavapies-en-madrid\\\/#article\",\"isPartOf\":{\"@id\":\"https:\\\/\\\/www.proinca.es\\\/madridfansblog\\\/tapapies-4-ruta-multicultural-de-la-tapa-y-la-musica-de-lavapies-en-madrid\\\/\"},\"author\":{\"name\":\"Ana Calero\",\"@id\":\"https:\\\/\\\/www.proinca.es\\\/madridfansblog\\\/#\\\/schema\\\/person\\\/8401adc89c0a0f5a3574c43326247f1e\"},\"headline\":\"TAPAPI\u00c9S: 4 RUTA MULTICULTURAL DE LA TAPA Y LA M\u00daSICA DE LAVAPI\u00c9S EN MADRID\",\"datePublished\":\"2014-10-22T17:30:11+00:00\",\"dateModified\":\"2025-05-28T14:04:06+00:00\",\"mainEntityOfPage\":{\"@id\":\"https:\\\/\\\/www.proinca.es\\\/madridfansblog\\\/tapapies-4-ruta-multicultural-de-la-tapa-y-la-musica-de-lavapies-en-madrid\\\/\"},\"wordCount\":325,\"publisher\":{\"@id\":\"https:\\\/\\\/www.proinca.es\\\/madridfansblog\\\/#organization\"},\"image\":{\"@id\":\"https:\\\/\\\/www.proinca.es\\\/madridfansblog\\\/tapapies-4-ruta-multicultural-de-la-tapa-y-la-musica-de-lavapies-en-madrid\\\/#primaryimage\"},\"thumbnailUrl\":\"https:\\\/\\\/www.proinca.es\\\/madridfansblog\\\/wp-content\\\/uploads\\\/2014\\\/10\\\/Proinca_MadridFansBlog_Tapapies.jpg\",\"keywords\":[\"Afterwork\",\"Cultura\",\"De copas\",\"Gastronom\u00eda\",\"Madrid\",\"M\u00fasica\"],\"articleSection\":[\"VIVIR MADRID\"],\"inLanguage\":\"es\"},{\"@type\":\"WebPage\",\"@id\":\"https:\\\/\\\/www.proinca.es\\\/madridfansblog\\\/tapapies-4-ruta-multicultural-de-la-tapa-y-la-musica-de-lavapies-en-madrid\\\/\",\"url\":\"https:\\\/\\\/www.proinca.es\\\/madridfansblog\\\/tapapies-4-ruta-multicultural-de-la-tapa-y-la-musica-de-lavapies-en-madrid\\\/\",\"name\":\"TapaPi\u00e9s en Madrid.Proinca arpartamentos de alquiler\",\"isPartOf\":{\"@id\":\"https:\\\/\\\/www.proinca.es\\\/madridfansblog\\\/#website\"},\"primaryImageOfPage\":{\"@id\":\"https:\\\/\\\/www.proinca.es\\\/madridfansblog\\\/tapapies-4-ruta-multicultural-de-la-tapa-y-la-musica-de-lavapies-en-madrid\\\/#primaryimage\"},\"image\":{\"@id\":\"https:\\\/\\\/www.proinca.es\\\/madridfansblog\\\/tapapies-4-ruta-multicultural-de-la-tapa-y-la-musica-de-lavapies-en-madrid\\\/#primaryimage\"},\"thumbnailUrl\":\"https:\\\/\\\/www.proinca.es\\\/madridfansblog\\\/wp-content\\\/uploads\\\/2014\\\/10\\\/Proinca_MadridFansBlog_Tapapies.jpg\",\"datePublished\":\"2014-10-22T17:30:11+00:00\",\"dateModified\":\"2025-05-28T14:04:06+00:00\",\"description\":\"Cuarta edici\u00f3n de TapaPi\u00e9s,una ruta multicultural de la tapa y m\u00fasica en el barrio de Lavapi\u00e9s en Madrid.Patrocinado por Proinca apartamentos de alquiler Madrid\",\"inLanguage\":\"es\",\"potentialAction\":[{\"@type\":\"ReadAction\",\"target\":[\"https:\\\/\\\/www.proinca.es\\\/madridfansblog\\\/tapapies-4-ruta-multicultural-de-la-tapa-y-la-musica-de-lavapies-en-madrid\\\/\"]}]},{\"@type\":\"ImageObject\",\"inLanguage\":\"es\",\"@id\":\"https:\\\/\\\/www.proinca.es\\\/madridfansblog\\\/tapapies-4-ruta-multicultural-de-la-tapa-y-la-musica-de-lavapies-en-madrid\\\/#primaryimage\",\"url\":\"https:\\\/\\\/www.proinca.es\\\/madridfansblog\\\/wp-content\\\/uploads\\\/2014\\\/10\\\/Proinca_MadridFansBlog_Tapapies.jpg\",\"contentUrl\":\"https:\\\/\\\/www.proinca.es\\\/madridfansblog\\\/wp-content\\\/uploads\\\/2014\\\/10\\\/Proinca_MadridFansBlog_Tapapies.jpg\",\"width\":310,\"height\":310,\"caption\":\"TapaPies MadriFansblog Proinca\"},{\"@type\":\"WebSite\",\"@id\":\"https:\\\/\\\/www.proinca.es\\\/madridfansblog\\\/#website\",\"url\":\"https:\\\/\\\/www.proinca.es\\\/madridfansblog\\\/\",\"name\":\"Madrid Fans Blog Proinca\",\"description\":\"Pisos y apartamentos de alquiler en Madrid\",\"publisher\":{\"@id\":\"https:\\\/\\\/www.proinca.es\\\/madridfansblog\\\/#organization\"},\"potentialAction\":[{\"@type\":\"SearchAction\",\"target\":{\"@type\":\"EntryPoint\",\"urlTemplate\":\"https:\\\/\\\/www.proinca.es\\\/madridfansblog\\\/?s={search_term_string}\"},\"query-input\":{\"@type\":\"PropertyValueSpecification\",\"valueRequired\":true,\"valueName\":\"search_term_string\"}}],\"inLanguage\":\"es\"},{\"@type\":\"Organization\",\"@id\":\"https:\\\/\\\/www.proinca.es\\\/madridfansblog\\\/#organization\",\"name\":\"Proinca\",\"url\":\"https:\\\/\\\/www.proinca.es\\\/madridfansblog\\\/\",\"logo\":{\"@type\":\"ImageObject\",\"inLanguage\":\"es\",\"@id\":\"https:\\\/\\\/www.proinca.es\\\/madridfansblog\\\/#\\\/schema\\\/logo\\\/image\\\/\",\"url\":\"https:\\\/\\\/www.proinca.es\\\/madridfansblog\\\/wp-content\\\/uploads\\\/2022\\\/03\\\/logo-proinca.jpg\",\"contentUrl\":\"https:\\\/\\\/www.proinca.es\\\/madridfansblog\\\/wp-content\\\/uploads\\\/2022\\\/03\\\/logo-proinca.jpg\",\"width\":522,\"height\":250,\"caption\":\"Proinca\"},\"image\":{\"@id\":\"https:\\\/\\\/www.proinca.es\\\/madridfansblog\\\/#\\\/schema\\\/logo\\\/image\\\/\"}},{\"@type\":\"Person\",\"@id\":\"https:\\\/\\\/www.proinca.es\\\/madridfansblog\\\/#\\\/schema\\\/person\\\/8401adc89c0a0f5a3574c43326247f1e\",\"name\":\"Ana Calero\",\"image\":{\"@type\":\"ImageObject\",\"inLanguage\":\"es\",\"@id\":\"https:\\\/\\\/www.proinca.es\\\/madridfansblog\\\/wp-content\\\/litespeed\\\/avatar\\\/ef51b25c0718910f475570320941ef46.jpg?ver=1777379772\",\"url\":\"https:\\\/\\\/www.proinca.es\\\/madridfansblog\\\/wp-content\\\/litespeed\\\/avatar\\\/ef51b25c0718910f475570320941ef46.jpg?ver=1777379772\",\"contentUrl\":\"https:\\\/\\\/www.proinca.es\\\/madridfansblog\\\/wp-content\\\/litespeed\\\/avatar\\\/ef51b25c0718910f475570320941ef46.jpg?ver=1777379772\",\"caption\":\"Ana Calero\"},\"description\":\"Licenciada en Ciencias Empresariales por la Universidad Aut\u00f3noma de Madrid. Forma parte del equipo de Apartamentos Proinca y es una enamorada de Madrid\",\"sameAs\":[\"https:\\\/\\\/www.proinca.es\\\/madridfansblog\\\/ana-calero\\\/\"]}]}<\/script>\n<!-- \/ Yoast SEO plugin. -->","yoast_head_json":{"title":"TapaPi\u00e9s en Madrid.Proinca arpartamentos de alquiler","description":"Cuarta edici\u00f3n de TapaPi\u00e9s,una ruta multicultural de la tapa y m\u00fasica en el barrio de Lavapi\u00e9s en Madrid.Patrocinado por Proinca apartamentos de alquiler Madrid","robots":{"index":"index","follow":"follow","max-snippet":"max-snippet:-1","max-image-preview":"max-image-preview:large","max-video-preview":"max-video-preview:-1"},"canonical":"https:\/\/www.proinca.es\/madridfansblog\/tapapies-4-ruta-multicultural-de-la-tapa-y-la-musica-de-lavapies-en-madrid\/","og_locale":"es_ES","og_type":"article","og_title":"TapaPi\u00e9s en Madrid.Proinca arpartamentos de alquiler","og_description":"Cuarta edici\u00f3n de TapaPi\u00e9s,una ruta multicultural de la tapa y m\u00fasica en el barrio de Lavapi\u00e9s en Madrid.Patrocinado por Proinca apartamentos de alquiler Madrid","og_url":"https:\/\/www.proinca.es\/madridfansblog\/tapapies-4-ruta-multicultural-de-la-tapa-y-la-musica-de-lavapies-en-madrid\/","og_site_name":"Blog Proinca Madrid","article_published_time":"2014-10-22T17:30:11+00:00","article_modified_time":"2025-05-28T14:04:06+00:00","og_image":[{"width":310,"height":310,"url":"https:\/\/www.proinca.es\/madridfansblog\/wp-content\/uploads\/2014\/10\/Proinca_MadridFansBlog_Tapapies.jpg","type":"image\/jpeg"}],"author":"Ana Calero","schema":{"@context":"https:\/\/schema.org","@graph":[{"@type":"Article","@id":"https:\/\/www.proinca.es\/madridfansblog\/tapapies-4-ruta-multicultural-de-la-tapa-y-la-musica-de-lavapies-en-madrid\/#article","isPartOf":{"@id":"https:\/\/www.proinca.es\/madridfansblog\/tapapies-4-ruta-multicultural-de-la-tapa-y-la-musica-de-lavapies-en-madrid\/"},"author":{"name":"Ana Calero","@id":"https:\/\/www.proinca.es\/madridfansblog\/#\/schema\/person\/8401adc89c0a0f5a3574c43326247f1e"},"headline":"TAPAPI\u00c9S: 4 RUTA MULTICULTURAL DE LA TAPA Y LA M\u00daSICA DE LAVAPI\u00c9S EN MADRID","datePublished":"2014-10-22T17:30:11+00:00","dateModified":"2025-05-28T14:04:06+00:00","mainEntityOfPage":{"@id":"https:\/\/www.proinca.es\/madridfansblog\/tapapies-4-ruta-multicultural-de-la-tapa-y-la-musica-de-lavapies-en-madrid\/"},"wordCount":325,"publisher":{"@id":"https:\/\/www.proinca.es\/madridfansblog\/#organization"},"image":{"@id":"https:\/\/www.proinca.es\/madridfansblog\/tapapies-4-ruta-multicultural-de-la-tapa-y-la-musica-de-lavapies-en-madrid\/#primaryimage"},"thumbnailUrl":"https:\/\/www.proinca.es\/madridfansblog\/wp-content\/uploads\/2014\/10\/Proinca_MadridFansBlog_Tapapies.jpg","keywords":["Afterwork","Cultura","De copas","Gastronom\u00eda","Madrid","M\u00fasica"],"articleSection":["VIVIR MADRID"],"inLanguage":"es"},{"@type":"WebPage","@id":"https:\/\/www.proinca.es\/madridfansblog\/tapapies-4-ruta-multicultural-de-la-tapa-y-la-musica-de-lavapies-en-madrid\/","url":"https:\/\/www.proinca.es\/madridfansblog\/tapapies-4-ruta-multicultural-de-la-tapa-y-la-musica-de-lavapies-en-madrid\/","name":"TapaPi\u00e9s en Madrid.Proinca arpartamentos de alquiler","isPartOf":{"@id":"https:\/\/www.proinca.es\/madridfansblog\/#website"},"primaryImageOfPage":{"@id":"https:\/\/www.proinca.es\/madridfansblog\/tapapies-4-ruta-multicultural-de-la-tapa-y-la-musica-de-lavapies-en-madrid\/#primaryimage"},"image":{"@id":"https:\/\/www.proinca.es\/madridfansblog\/tapapies-4-ruta-multicultural-de-la-tapa-y-la-musica-de-lavapies-en-madrid\/#primaryimage"},"thumbnailUrl":"https:\/\/www.proinca.es\/madridfansblog\/wp-content\/uploads\/2014\/10\/Proinca_MadridFansBlog_Tapapies.jpg","datePublished":"2014-10-22T17:30:11+00:00","dateModified":"2025-05-28T14:04:06+00:00","description":"Cuarta edici\u00f3n de TapaPi\u00e9s,una ruta multicultural de la tapa y m\u00fasica en el barrio de Lavapi\u00e9s en Madrid.Patrocinado por Proinca apartamentos de alquiler Madrid","inLanguage":"es","potentialAction":[{"@type":"ReadAction","target":["https:\/\/www.proinca.es\/madridfansblog\/tapapies-4-ruta-multicultural-de-la-tapa-y-la-musica-de-lavapies-en-madrid\/"]}]},{"@type":"ImageObject","inLanguage":"es","@id":"https:\/\/www.proinca.es\/madridfansblog\/tapapies-4-ruta-multicultural-de-la-tapa-y-la-musica-de-lavapies-en-madrid\/#primaryimage","url":"https:\/\/www.proinca.es\/madridfansblog\/wp-content\/uploads\/2014\/10\/Proinca_MadridFansBlog_Tapapies.jpg","contentUrl":"https:\/\/www.proinca.es\/madridfansblog\/wp-content\/uploads\/2014\/10\/Proinca_MadridFansBlog_Tapapies.jpg","width":310,"height":310,"caption":"TapaPies MadriFansblog Proinca"},{"@type":"WebSite","@id":"https:\/\/www.proinca.es\/madridfansblog\/#website","url":"https:\/\/www.proinca.es\/madridfansblog\/","name":"Madrid Fans Blog Proinca","description":"Pisos y apartamentos de alquiler en Madrid","publisher":{"@id":"https:\/\/www.proinca.es\/madridfansblog\/#organization"},"potentialAction":[{"@type":"SearchAction","target":{"@type":"EntryPoint","urlTemplate":"https:\/\/www.proinca.es\/madridfansblog\/?s={search_term_string}"},"query-input":{"@type":"PropertyValueSpecification","valueRequired":true,"valueName":"search_term_string"}}],"inLanguage":"es"},{"@type":"Organization","@id":"https:\/\/www.proinca.es\/madridfansblog\/#organization","name":"Proinca","url":"https:\/\/www.proinca.es\/madridfansblog\/","logo":{"@type":"ImageObject","inLanguage":"es","@id":"https:\/\/www.proinca.es\/madridfansblog\/#\/schema\/logo\/image\/","url":"https:\/\/www.proinca.es\/madridfansblog\/wp-content\/uploads\/2022\/03\/logo-proinca.jpg","contentUrl":"https:\/\/www.proinca.es\/madridfansblog\/wp-content\/uploads\/2022\/03\/logo-proinca.jpg","width":522,"height":250,"caption":"Proinca"},"image":{"@id":"https:\/\/www.proinca.es\/madridfansblog\/#\/schema\/logo\/image\/"}},{"@type":"Person","@id":"https:\/\/www.proinca.es\/madridfansblog\/#\/schema\/person\/8401adc89c0a0f5a3574c43326247f1e","name":"Ana Calero","image":{"@type":"ImageObject","inLanguage":"es","@id":"https:\/\/www.proinca.es\/madridfansblog\/wp-content\/litespeed\/avatar\/ef51b25c0718910f475570320941ef46.jpg?ver=1777379772","url":"https:\/\/www.proinca.es\/madridfansblog\/wp-content\/litespeed\/avatar\/ef51b25c0718910f475570320941ef46.jpg?ver=1777379772","contentUrl":"https:\/\/www.proinca.es\/madridfansblog\/wp-content\/litespeed\/avatar\/ef51b25c0718910f475570320941ef46.jpg?ver=1777379772","caption":"Ana Calero"},"description":"Licenciada en Ciencias Empresariales por la Universidad Aut\u00f3noma de Madrid. Forma parte del equipo de Apartamentos Proinca y es una enamorada de Madrid","sameAs":["https:\/\/www.proinca.es\/madridfansblog\/ana-calero\/"]}]}},"_links":{"self":[{"href":"https:\/\/www.proinca.es\/madridfansblog\/wp-json\/wp\/v2\/posts\/3051","targetHints":{"allow":["GET"]}}],"collection":[{"href":"https:\/\/www.proinca.es\/madridfansblog\/wp-json\/wp\/v2\/posts"}],"about":[{"href":"https:\/\/www.proinca.es\/madridfansblog\/wp-json\/wp\/v2\/types\/post"}],"author":[{"embeddable":true,"href":"https:\/\/www.proinca.es\/madridfansblog\/wp-json\/wp\/v2\/users\/4"}],"replies":[{"embeddable":true,"href":"https:\/\/www.proinca.es\/madridfansblog\/wp-json\/wp\/v2\/comments?post=3051"}],"version-history":[{"count":16,"href":"https:\/\/www.proinca.es\/madridfansblog\/wp-json\/wp\/v2\/posts\/3051\/revisions"}],"predecessor-version":[{"id":7641,"href":"https:\/\/www.proinca.es\/madridfansblog\/wp-json\/wp\/v2\/posts\/3051\/revisions\/7641"}],"wp:featuredmedia":[{"embeddable":true,"href":"https:\/\/www.proinca.es\/madridfansblog\/wp-json\/wp\/v2\/media\/3055"}],"wp:attachment":[{"href":"https:\/\/www.proinca.es\/madridfansblog\/wp-json\/wp\/v2\/media?parent=3051"}],"wp:term":[{"taxonomy":"category","embeddable":true,"href":"https:\/\/www.proinca.es\/madridfansblog\/wp-json\/wp\/v2\/categories?post=3051"},{"taxonomy":"post_tag","embeddable":true,"href":"https:\/\/www.proinca.es\/madridfansblog\/wp-json\/wp\/v2\/tags?post=3051"}],"curies":[{"name":"wp","href":"https:\/\/api.w.org\/{rel}","templated":true}]}}