{"id":3086,"date":"2014-10-30T18:02:38","date_gmt":"2014-10-30T17:02:38","guid":{"rendered":"http:\/\/www.proinca.es\/madridfansblog\/?p=3086"},"modified":"2025-05-28T16:04:10","modified_gmt":"2025-05-28T14:04:10","slug":"centro-conde-duque-y-el-nuevo-espiritu-de-barrio-en-madrid","status":"publish","type":"post","link":"https:\/\/www.proinca.es\/madridfansblog\/centro-conde-duque-y-el-nuevo-espiritu-de-barrio-en-madrid\/","title":{"rendered":"CENTRO CONDE DUQUE Y EL NUEVO ESP\u00edRITU DE BARRIO EN MADRID"},"content":{"rendered":"<p>El centro <strong>Conde Duque<\/strong> es uno de los centros culturales de referencia de <strong>Madrid<\/strong> y uno de los m\u00e1s frecuentados <!--more-->por los estudiantes universitarios, sobre todo su biblioteca p\u00fablica, de lo m\u00e1s concurrido en \u00e9poca de ex\u00e1menes.<\/p>\n<p>Y es que, el edificio se sit\u00faa en el extremo oeste del barrio de Universidad, protagonizado por un ir y venir constante de estudiantes. Su cercan\u00eda al campus de Ciudad Universitaria o Campus de Moncloa y la presencia en las inmediaciones de la Universidad Pontificia Comillas ICAI-ICADE convierten esta zona en un hervidero de j\u00f3venes que, tradicionalmente, han desarrollado a este lado de la calle San Bernardo sus actividades diurnas y al otro, aquel que va de San Bernardo a la calle Fuencarral (coraz\u00f3n de Malasa\u00f1a), las nocturnas.<\/p>\n<p>Sin embargo, parece que la tendencia est\u00e1 cambiando, el surgimiento de nuevas propuestas gastron\u00f3micas y de ocio en las inmediaciones de <strong>Conde Duque<\/strong> est\u00e1n animando el surgimiento de un movimiento m\u00e1s atrevido en esta zona de <strong>Madrid<\/strong>, donde hoy en d\u00eda se concentran muchos de los nuevos locales de moda de la ciudad. De hecho,desde la Administraci\u00f3n local se impulsa actualmente un nuevo concepto denominado <a title=\"Entorno Conde Duque\" href=\"http:\/\/entornocondeduque.es\" target=\"_blank\" rel=\"noopener\">Entorno Conde Duque<\/a> que pretende cobijar bajo un mismo paraguas las actividades culturales y de ocio que tienen lugar en la zona de Arg\u00fcelles, Conde Duque y Malasa\u00f1a.<\/p>\n<p>En cuanto al centro <strong>Conde Duque<\/strong>, coraz\u00f3n de este nuevo proyecto de barrio y antiguo Real Cuartel de Guardias de Corps , fue construido a principios del siglo XVIII, bajo el reinado de Felipe V, y ha sufrido dos intervenciones importantes, una en 1983, cuando reabri\u00f3 sus puertas como centro cultural, y otra en 2011, con la renovaci\u00f3n integral del edificio para su adecuaci\u00f3n a una mayor actividad cultural muy en sinton\u00eda con el nuevo esp\u00edritu de la zona.<\/p>\n<p>Informaci\u00f3n patrocinada por\u00a0<strong><a title=\"Proinca apartamentos de alquiler en Madrid\" href=\"http:\/\/www.proinca.es\" target=\"_blank\" rel=\"noopener\">Proinca: Apartamentos de alquiler en Madrid<\/a><\/strong><\/p>\n<p>Foto de Element5 Digital en Unsplash<\/p>\n\n\n<div class=\"kk-star-ratings kksr-auto kksr-align-left kksr-valign-bottom\"\n    data-payload='{&quot;align&quot;:&quot;left&quot;,&quot;id&quot;:&quot;3086&quot;,&quot;slug&quot;:&quot;default&quot;,&quot;valign&quot;:&quot;bottom&quot;,&quot;ignore&quot;:&quot;&quot;,&quot;reference&quot;:&quot;auto&quot;,&quot;class&quot;:&quot;&quot;,&quot;count&quot;:&quot;0&quot;,&quot;legendonly&quot;:&quot;&quot;,&quot;readonly&quot;:&quot;&quot;,&quot;score&quot;:&quot;0&quot;,&quot;starsonly&quot;:&quot;&quot;,&quot;best&quot;:&quot;5&quot;,&quot;gap&quot;:&quot;1&quot;,&quot;greet&quot;:&quot;Valora este art\u00edculo&quot;,&quot;legend&quot;:&quot;0\\\/5 - (0 votos)&quot;,&quot;size&quot;:&quot;24&quot;,&quot;title&quot;:&quot;CENTRO CONDE DUQUE Y EL NUEVO ESP\u00edRITU DE BARRIO EN MADRID&quot;,&quot;width&quot;:&quot;0&quot;,&quot;_legend&quot;:&quot;{score}\\\/{best} - ({count} {votes})&quot;,&quot;font_factor&quot;:&quot;1.25&quot;}'>\n            \n<div class=\"kksr-stars\">\n    \n<div class=\"kksr-stars-inactive\">\n            <div class=\"kksr-star\" data-star=\"1\" style=\"padding-right: 1px\">\n            \n\n<div class=\"kksr-icon\" style=\"width: 24px; height: 24px;\"><\/div>\n        <\/div>\n            <div class=\"kksr-star\" data-star=\"2\" style=\"padding-right: 1px\">\n            \n\n<div class=\"kksr-icon\" style=\"width: 24px; height: 24px;\"><\/div>\n        <\/div>\n            <div class=\"kksr-star\" data-star=\"3\" style=\"padding-right: 1px\">\n            \n\n<div class=\"kksr-icon\" style=\"width: 24px; height: 24px;\"><\/div>\n        <\/div>\n            <div class=\"kksr-star\" data-star=\"4\" style=\"padding-right: 1px\">\n            \n\n<div class=\"kksr-icon\" style=\"width: 24px; height: 24px;\"><\/div>\n        <\/div>\n            <div class=\"kksr-star\" data-star=\"5\" style=\"padding-right: 1px\">\n            \n\n<div class=\"kksr-icon\" style=\"width: 24px; height: 24px;\"><\/div>\n        <\/div>\n    <\/div>\n    \n<div class=\"kksr-stars-active\" style=\"width: 0px;\">\n            <div class=\"kksr-star\" style=\"padding-right: 1px\">\n            \n\n<div class=\"kksr-icon\" style=\"width: 24px; height: 24px;\"><\/div>\n        <\/div>\n            <div class=\"kksr-star\" style=\"padding-right: 1px\">\n            \n\n<div class=\"kksr-icon\" style=\"width: 24px; height: 24px;\"><\/div>\n        <\/div>\n            <div class=\"kksr-star\" style=\"padding-right: 1px\">\n            \n\n<div class=\"kksr-icon\" style=\"width: 24px; height: 24px;\"><\/div>\n        <\/div>\n            <div class=\"kksr-star\" style=\"padding-right: 1px\">\n            \n\n<div class=\"kksr-icon\" style=\"width: 24px; height: 24px;\"><\/div>\n        <\/div>\n            <div class=\"kksr-star\" style=\"padding-right: 1px\">\n            \n\n<div class=\"kksr-icon\" style=\"width: 24px; height: 24px;\"><\/div>\n        <\/div>\n    <\/div>\n<\/div>\n                \n\n<div class=\"kksr-legend\" style=\"font-size: 19.2px;\">\n            <span class=\"kksr-muted\">Valora este art\u00edculo<\/span>\n    <\/div>\n    <\/div>\n","protected":false},"excerpt":{"rendered":"<p>El centro Conde Duque es uno de los centros culturales  [&#8230;]<\/p>\n","protected":false},"author":4,"featured_media":7156,"comment_status":"closed","ping_status":"closed","sticky":false,"template":"","format":"standard","meta":{"footnotes":""},"categories":[79],"tags":[38,27,63,21,24,23,30,71],"class_list":["post-3086","post","type-post","status-publish","format-standard","has-post-thumbnail","hentry","category-vivir-madrid","tag-arquitectura","tag-arte","tag-cultura","tag-de-copas","tag-exposiciones","tag-free","tag-gastronomia","tag-musica"],"yoast_head":"<!-- This site is optimized with the Yoast SEO plugin v27.4 - https:\/\/yoast.com\/product\/yoast-seo-wordpress\/ -->\n<title>Centro Conde Duque. Proinca apartamentos de alquiler Madrid<\/title>\n<meta name=\"description\" content=\"El centro cultural Conde Duque es el epicentro de un nuevo esp\u00edritu de barrio:gastronom\u00eda,cultura,ocio...Patrocinado por Proinca apartamentos de alquiler Madrid\" \/>\n<meta name=\"robots\" content=\"index, follow, max-snippet:-1, max-image-preview:large, max-video-preview:-1\" \/>\n<link rel=\"canonical\" href=\"https:\/\/www.proinca.es\/madridfansblog\/centro-conde-duque-y-el-nuevo-espiritu-de-barrio-en-madrid\/\" \/>\n<meta property=\"og:locale\" content=\"es_ES\" \/>\n<meta property=\"og:type\" content=\"article\" \/>\n<meta property=\"og:title\" content=\"Centro Conde Duque. Proinca apartamentos de alquiler Madrid\" \/>\n<meta property=\"og:description\" content=\"El centro cultural Conde Duque es el epicentro de un nuevo esp\u00edritu de barrio:gastronom\u00eda,cultura,ocio...Patrocinado por Proinca apartamentos de alquiler Madrid\" \/>\n<meta property=\"og:url\" content=\"https:\/\/www.proinca.es\/madridfansblog\/centro-conde-duque-y-el-nuevo-espiritu-de-barrio-en-madrid\/\" \/>\n<meta property=\"og:site_name\" content=\"Blog Proinca Madrid\" \/>\n<meta property=\"article:published_time\" content=\"2014-10-30T17:02:38+00:00\" \/>\n<meta property=\"article:modified_time\" content=\"2025-05-28T14:04:10+00:00\" \/>\n<meta property=\"og:image\" content=\"https:\/\/www.proinca.es\/madridfansblog\/wp-content\/uploads\/2014\/10\/centro-conde-duque.jpg\" \/>\n\t<meta property=\"og:image:width\" content=\"1000\" \/>\n\t<meta property=\"og:image:height\" content=\"662\" \/>\n\t<meta property=\"og:image:type\" content=\"image\/jpeg\" \/>\n<meta name=\"author\" content=\"Ana Calero\" \/>\n<script type=\"application\/ld+json\" class=\"yoast-schema-graph\">{\"@context\":\"https:\\\/\\\/schema.org\",\"@graph\":[{\"@type\":\"Article\",\"@id\":\"https:\\\/\\\/www.proinca.es\\\/madridfansblog\\\/centro-conde-duque-y-el-nuevo-espiritu-de-barrio-en-madrid\\\/#article\",\"isPartOf\":{\"@id\":\"https:\\\/\\\/www.proinca.es\\\/madridfansblog\\\/centro-conde-duque-y-el-nuevo-espiritu-de-barrio-en-madrid\\\/\"},\"author\":{\"name\":\"Ana Calero\",\"@id\":\"https:\\\/\\\/www.proinca.es\\\/madridfansblog\\\/#\\\/schema\\\/person\\\/8401adc89c0a0f5a3574c43326247f1e\"},\"headline\":\"CENTRO CONDE DUQUE Y EL NUEVO ESP\u00edRITU DE BARRIO EN MADRID\",\"datePublished\":\"2014-10-30T17:02:38+00:00\",\"dateModified\":\"2025-05-28T14:04:10+00:00\",\"mainEntityOfPage\":{\"@id\":\"https:\\\/\\\/www.proinca.es\\\/madridfansblog\\\/centro-conde-duque-y-el-nuevo-espiritu-de-barrio-en-madrid\\\/\"},\"wordCount\":344,\"publisher\":{\"@id\":\"https:\\\/\\\/www.proinca.es\\\/madridfansblog\\\/#organization\"},\"image\":{\"@id\":\"https:\\\/\\\/www.proinca.es\\\/madridfansblog\\\/centro-conde-duque-y-el-nuevo-espiritu-de-barrio-en-madrid\\\/#primaryimage\"},\"thumbnailUrl\":\"https:\\\/\\\/www.proinca.es\\\/madridfansblog\\\/wp-content\\\/uploads\\\/2014\\\/10\\\/centro-conde-duque.jpg\",\"keywords\":[\"Arquitectura\",\"Arte\",\"Cultura\",\"De copas\",\"Exposiciones\",\"Free\",\"Gastronom\u00eda\",\"M\u00fasica\"],\"articleSection\":[\"VIVIR MADRID\"],\"inLanguage\":\"es\"},{\"@type\":\"WebPage\",\"@id\":\"https:\\\/\\\/www.proinca.es\\\/madridfansblog\\\/centro-conde-duque-y-el-nuevo-espiritu-de-barrio-en-madrid\\\/\",\"url\":\"https:\\\/\\\/www.proinca.es\\\/madridfansblog\\\/centro-conde-duque-y-el-nuevo-espiritu-de-barrio-en-madrid\\\/\",\"name\":\"Centro Conde Duque. Proinca apartamentos de alquiler Madrid\",\"isPartOf\":{\"@id\":\"https:\\\/\\\/www.proinca.es\\\/madridfansblog\\\/#website\"},\"primaryImageOfPage\":{\"@id\":\"https:\\\/\\\/www.proinca.es\\\/madridfansblog\\\/centro-conde-duque-y-el-nuevo-espiritu-de-barrio-en-madrid\\\/#primaryimage\"},\"image\":{\"@id\":\"https:\\\/\\\/www.proinca.es\\\/madridfansblog\\\/centro-conde-duque-y-el-nuevo-espiritu-de-barrio-en-madrid\\\/#primaryimage\"},\"thumbnailUrl\":\"https:\\\/\\\/www.proinca.es\\\/madridfansblog\\\/wp-content\\\/uploads\\\/2014\\\/10\\\/centro-conde-duque.jpg\",\"datePublished\":\"2014-10-30T17:02:38+00:00\",\"dateModified\":\"2025-05-28T14:04:10+00:00\",\"description\":\"El centro cultural Conde Duque es el epicentro de un nuevo esp\u00edritu de barrio:gastronom\u00eda,cultura,ocio...Patrocinado por Proinca apartamentos de alquiler Madrid\",\"inLanguage\":\"es\",\"potentialAction\":[{\"@type\":\"ReadAction\",\"target\":[\"https:\\\/\\\/www.proinca.es\\\/madridfansblog\\\/centro-conde-duque-y-el-nuevo-espiritu-de-barrio-en-madrid\\\/\"]}]},{\"@type\":\"ImageObject\",\"inLanguage\":\"es\",\"@id\":\"https:\\\/\\\/www.proinca.es\\\/madridfansblog\\\/centro-conde-duque-y-el-nuevo-espiritu-de-barrio-en-madrid\\\/#primaryimage\",\"url\":\"https:\\\/\\\/www.proinca.es\\\/madridfansblog\\\/wp-content\\\/uploads\\\/2014\\\/10\\\/centro-conde-duque.jpg\",\"contentUrl\":\"https:\\\/\\\/www.proinca.es\\\/madridfansblog\\\/wp-content\\\/uploads\\\/2014\\\/10\\\/centro-conde-duque.jpg\",\"width\":1000,\"height\":662,\"caption\":\"Centro Conde Duque y el nuevo esp\u00edritu de barrio en Madrid\"},{\"@type\":\"WebSite\",\"@id\":\"https:\\\/\\\/www.proinca.es\\\/madridfansblog\\\/#website\",\"url\":\"https:\\\/\\\/www.proinca.es\\\/madridfansblog\\\/\",\"name\":\"Madrid Fans Blog Proinca\",\"description\":\"Pisos y apartamentos de alquiler en Madrid\",\"publisher\":{\"@id\":\"https:\\\/\\\/www.proinca.es\\\/madridfansblog\\\/#organization\"},\"potentialAction\":[{\"@type\":\"SearchAction\",\"target\":{\"@type\":\"EntryPoint\",\"urlTemplate\":\"https:\\\/\\\/www.proinca.es\\\/madridfansblog\\\/?s={search_term_string}\"},\"query-input\":{\"@type\":\"PropertyValueSpecification\",\"valueRequired\":true,\"valueName\":\"search_term_string\"}}],\"inLanguage\":\"es\"},{\"@type\":\"Organization\",\"@id\":\"https:\\\/\\\/www.proinca.es\\\/madridfansblog\\\/#organization\",\"name\":\"Proinca\",\"url\":\"https:\\\/\\\/www.proinca.es\\\/madridfansblog\\\/\",\"logo\":{\"@type\":\"ImageObject\",\"inLanguage\":\"es\",\"@id\":\"https:\\\/\\\/www.proinca.es\\\/madridfansblog\\\/#\\\/schema\\\/logo\\\/image\\\/\",\"url\":\"https:\\\/\\\/www.proinca.es\\\/madridfansblog\\\/wp-content\\\/uploads\\\/2022\\\/03\\\/logo-proinca.jpg\",\"contentUrl\":\"https:\\\/\\\/www.proinca.es\\\/madridfansblog\\\/wp-content\\\/uploads\\\/2022\\\/03\\\/logo-proinca.jpg\",\"width\":522,\"height\":250,\"caption\":\"Proinca\"},\"image\":{\"@id\":\"https:\\\/\\\/www.proinca.es\\\/madridfansblog\\\/#\\\/schema\\\/logo\\\/image\\\/\"}},{\"@type\":\"Person\",\"@id\":\"https:\\\/\\\/www.proinca.es\\\/madridfansblog\\\/#\\\/schema\\\/person\\\/8401adc89c0a0f5a3574c43326247f1e\",\"name\":\"Ana Calero\",\"image\":{\"@type\":\"ImageObject\",\"inLanguage\":\"es\",\"@id\":\"https:\\\/\\\/www.proinca.es\\\/madridfansblog\\\/wp-content\\\/litespeed\\\/avatar\\\/ef51b25c0718910f475570320941ef46.jpg?ver=1777379772\",\"url\":\"https:\\\/\\\/www.proinca.es\\\/madridfansblog\\\/wp-content\\\/litespeed\\\/avatar\\\/ef51b25c0718910f475570320941ef46.jpg?ver=1777379772\",\"contentUrl\":\"https:\\\/\\\/www.proinca.es\\\/madridfansblog\\\/wp-content\\\/litespeed\\\/avatar\\\/ef51b25c0718910f475570320941ef46.jpg?ver=1777379772\",\"caption\":\"Ana Calero\"},\"description\":\"Licenciada en Ciencias Empresariales por la Universidad Aut\u00f3noma de Madrid. Forma parte del equipo de Apartamentos Proinca y es una enamorada de Madrid\",\"sameAs\":[\"https:\\\/\\\/www.proinca.es\\\/madridfansblog\\\/ana-calero\\\/\"]}]}<\/script>\n<!-- \/ Yoast SEO plugin. -->","yoast_head_json":{"title":"Centro Conde Duque. Proinca apartamentos de alquiler Madrid","description":"El centro cultural Conde Duque es el epicentro de un nuevo esp\u00edritu de barrio:gastronom\u00eda,cultura,ocio...Patrocinado por Proinca apartamentos de alquiler Madrid","robots":{"index":"index","follow":"follow","max-snippet":"max-snippet:-1","max-image-preview":"max-image-preview:large","max-video-preview":"max-video-preview:-1"},"canonical":"https:\/\/www.proinca.es\/madridfansblog\/centro-conde-duque-y-el-nuevo-espiritu-de-barrio-en-madrid\/","og_locale":"es_ES","og_type":"article","og_title":"Centro Conde Duque. Proinca apartamentos de alquiler Madrid","og_description":"El centro cultural Conde Duque es el epicentro de un nuevo esp\u00edritu de barrio:gastronom\u00eda,cultura,ocio...Patrocinado por Proinca apartamentos de alquiler Madrid","og_url":"https:\/\/www.proinca.es\/madridfansblog\/centro-conde-duque-y-el-nuevo-espiritu-de-barrio-en-madrid\/","og_site_name":"Blog Proinca Madrid","article_published_time":"2014-10-30T17:02:38+00:00","article_modified_time":"2025-05-28T14:04:10+00:00","og_image":[{"width":1000,"height":662,"url":"https:\/\/www.proinca.es\/madridfansblog\/wp-content\/uploads\/2014\/10\/centro-conde-duque.jpg","type":"image\/jpeg"}],"author":"Ana Calero","schema":{"@context":"https:\/\/schema.org","@graph":[{"@type":"Article","@id":"https:\/\/www.proinca.es\/madridfansblog\/centro-conde-duque-y-el-nuevo-espiritu-de-barrio-en-madrid\/#article","isPartOf":{"@id":"https:\/\/www.proinca.es\/madridfansblog\/centro-conde-duque-y-el-nuevo-espiritu-de-barrio-en-madrid\/"},"author":{"name":"Ana Calero","@id":"https:\/\/www.proinca.es\/madridfansblog\/#\/schema\/person\/8401adc89c0a0f5a3574c43326247f1e"},"headline":"CENTRO CONDE DUQUE Y EL NUEVO ESP\u00edRITU DE BARRIO EN MADRID","datePublished":"2014-10-30T17:02:38+00:00","dateModified":"2025-05-28T14:04:10+00:00","mainEntityOfPage":{"@id":"https:\/\/www.proinca.es\/madridfansblog\/centro-conde-duque-y-el-nuevo-espiritu-de-barrio-en-madrid\/"},"wordCount":344,"publisher":{"@id":"https:\/\/www.proinca.es\/madridfansblog\/#organization"},"image":{"@id":"https:\/\/www.proinca.es\/madridfansblog\/centro-conde-duque-y-el-nuevo-espiritu-de-barrio-en-madrid\/#primaryimage"},"thumbnailUrl":"https:\/\/www.proinca.es\/madridfansblog\/wp-content\/uploads\/2014\/10\/centro-conde-duque.jpg","keywords":["Arquitectura","Arte","Cultura","De copas","Exposiciones","Free","Gastronom\u00eda","M\u00fasica"],"articleSection":["VIVIR MADRID"],"inLanguage":"es"},{"@type":"WebPage","@id":"https:\/\/www.proinca.es\/madridfansblog\/centro-conde-duque-y-el-nuevo-espiritu-de-barrio-en-madrid\/","url":"https:\/\/www.proinca.es\/madridfansblog\/centro-conde-duque-y-el-nuevo-espiritu-de-barrio-en-madrid\/","name":"Centro Conde Duque. Proinca apartamentos de alquiler Madrid","isPartOf":{"@id":"https:\/\/www.proinca.es\/madridfansblog\/#website"},"primaryImageOfPage":{"@id":"https:\/\/www.proinca.es\/madridfansblog\/centro-conde-duque-y-el-nuevo-espiritu-de-barrio-en-madrid\/#primaryimage"},"image":{"@id":"https:\/\/www.proinca.es\/madridfansblog\/centro-conde-duque-y-el-nuevo-espiritu-de-barrio-en-madrid\/#primaryimage"},"thumbnailUrl":"https:\/\/www.proinca.es\/madridfansblog\/wp-content\/uploads\/2014\/10\/centro-conde-duque.jpg","datePublished":"2014-10-30T17:02:38+00:00","dateModified":"2025-05-28T14:04:10+00:00","description":"El centro cultural Conde Duque es el epicentro de un nuevo esp\u00edritu de barrio:gastronom\u00eda,cultura,ocio...Patrocinado por Proinca apartamentos de alquiler Madrid","inLanguage":"es","potentialAction":[{"@type":"ReadAction","target":["https:\/\/www.proinca.es\/madridfansblog\/centro-conde-duque-y-el-nuevo-espiritu-de-barrio-en-madrid\/"]}]},{"@type":"ImageObject","inLanguage":"es","@id":"https:\/\/www.proinca.es\/madridfansblog\/centro-conde-duque-y-el-nuevo-espiritu-de-barrio-en-madrid\/#primaryimage","url":"https:\/\/www.proinca.es\/madridfansblog\/wp-content\/uploads\/2014\/10\/centro-conde-duque.jpg","contentUrl":"https:\/\/www.proinca.es\/madridfansblog\/wp-content\/uploads\/2014\/10\/centro-conde-duque.jpg","width":1000,"height":662,"caption":"Centro Conde Duque y el nuevo esp\u00edritu de barrio en Madrid"},{"@type":"WebSite","@id":"https:\/\/www.proinca.es\/madridfansblog\/#website","url":"https:\/\/www.proinca.es\/madridfansblog\/","name":"Madrid Fans Blog Proinca","description":"Pisos y apartamentos de alquiler en Madrid","publisher":{"@id":"https:\/\/www.proinca.es\/madridfansblog\/#organization"},"potentialAction":[{"@type":"SearchAction","target":{"@type":"EntryPoint","urlTemplate":"https:\/\/www.proinca.es\/madridfansblog\/?s={search_term_string}"},"query-input":{"@type":"PropertyValueSpecification","valueRequired":true,"valueName":"search_term_string"}}],"inLanguage":"es"},{"@type":"Organization","@id":"https:\/\/www.proinca.es\/madridfansblog\/#organization","name":"Proinca","url":"https:\/\/www.proinca.es\/madridfansblog\/","logo":{"@type":"ImageObject","inLanguage":"es","@id":"https:\/\/www.proinca.es\/madridfansblog\/#\/schema\/logo\/image\/","url":"https:\/\/www.proinca.es\/madridfansblog\/wp-content\/uploads\/2022\/03\/logo-proinca.jpg","contentUrl":"https:\/\/www.proinca.es\/madridfansblog\/wp-content\/uploads\/2022\/03\/logo-proinca.jpg","width":522,"height":250,"caption":"Proinca"},"image":{"@id":"https:\/\/www.proinca.es\/madridfansblog\/#\/schema\/logo\/image\/"}},{"@type":"Person","@id":"https:\/\/www.proinca.es\/madridfansblog\/#\/schema\/person\/8401adc89c0a0f5a3574c43326247f1e","name":"Ana Calero","image":{"@type":"ImageObject","inLanguage":"es","@id":"https:\/\/www.proinca.es\/madridfansblog\/wp-content\/litespeed\/avatar\/ef51b25c0718910f475570320941ef46.jpg?ver=1777379772","url":"https:\/\/www.proinca.es\/madridfansblog\/wp-content\/litespeed\/avatar\/ef51b25c0718910f475570320941ef46.jpg?ver=1777379772","contentUrl":"https:\/\/www.proinca.es\/madridfansblog\/wp-content\/litespeed\/avatar\/ef51b25c0718910f475570320941ef46.jpg?ver=1777379772","caption":"Ana Calero"},"description":"Licenciada en Ciencias Empresariales por la Universidad Aut\u00f3noma de Madrid. Forma parte del equipo de Apartamentos Proinca y es una enamorada de Madrid","sameAs":["https:\/\/www.proinca.es\/madridfansblog\/ana-calero\/"]}]}},"_links":{"self":[{"href":"https:\/\/www.proinca.es\/madridfansblog\/wp-json\/wp\/v2\/posts\/3086","targetHints":{"allow":["GET"]}}],"collection":[{"href":"https:\/\/www.proinca.es\/madridfansblog\/wp-json\/wp\/v2\/posts"}],"about":[{"href":"https:\/\/www.proinca.es\/madridfansblog\/wp-json\/wp\/v2\/types\/post"}],"author":[{"embeddable":true,"href":"https:\/\/www.proinca.es\/madridfansblog\/wp-json\/wp\/v2\/users\/4"}],"replies":[{"embeddable":true,"href":"https:\/\/www.proinca.es\/madridfansblog\/wp-json\/wp\/v2\/comments?post=3086"}],"version-history":[{"count":16,"href":"https:\/\/www.proinca.es\/madridfansblog\/wp-json\/wp\/v2\/posts\/3086\/revisions"}],"predecessor-version":[{"id":7514,"href":"https:\/\/www.proinca.es\/madridfansblog\/wp-json\/wp\/v2\/posts\/3086\/revisions\/7514"}],"wp:featuredmedia":[{"embeddable":true,"href":"https:\/\/www.proinca.es\/madridfansblog\/wp-json\/wp\/v2\/media\/7156"}],"wp:attachment":[{"href":"https:\/\/www.proinca.es\/madridfansblog\/wp-json\/wp\/v2\/media?parent=3086"}],"wp:term":[{"taxonomy":"category","embeddable":true,"href":"https:\/\/www.proinca.es\/madridfansblog\/wp-json\/wp\/v2\/categories?post=3086"},{"taxonomy":"post_tag","embeddable":true,"href":"https:\/\/www.proinca.es\/madridfansblog\/wp-json\/wp\/v2\/tags?post=3086"}],"curies":[{"name":"wp","href":"https:\/\/api.w.org\/{rel}","templated":true}]}}