{"id":3102,"date":"2014-11-06T19:11:09","date_gmt":"2014-11-06T18:11:09","guid":{"rendered":"http:\/\/www.proinca.es\/madridfansblog\/?p=3102"},"modified":"2025-05-28T16:03:56","modified_gmt":"2025-05-28T14:03:56","slug":"el-campo-de-cebada-ejemplo-de-gestion-vecinal-en-madrid","status":"publish","type":"post","link":"https:\/\/www.proinca.es\/madridfansblog\/el-campo-de-cebada-ejemplo-de-gestion-vecinal-en-madrid\/","title":{"rendered":"EL CAMPO DE CEBADA, EJEMPLO DE GESTI\u00d3N VECINAL EN MADRID"},"content":{"rendered":"<p>El <strong>Campo de Cebada<\/strong>, en <strong>Madrid<\/strong>, es uno de esos ejemplos vivos de gesti\u00f3n vecinal de \u00e9xito.<!--more-->Unidos para fomentar el uso temporal de un solar infrautilizado, consecuencia del derribo del polideportivo de La Latina, en pleno coraz\u00f3n de la capital, los vecinos del Distrito Centro han conseguido convertir este espacio de 5.500 metros cuadrados en un verdadero punto de encuentro cultural y de ocio, donde se celebran talleres de construcci\u00f3n sostenible con materiales como el bamb\u00fa, maratones c\u00f3micos, ciclos de cine, conciertos, etc.<\/p>\n<p>Todo comenz\u00f3 en 2010. Los vecinos iniciaron un proceso de negociaci\u00f3n con el Ayuntamiento de <strong>Madrid<\/strong> para la cesi\u00f3n del uso temporal del solar vac\u00edo tras el desmantelamiento de las antiguas instalaciones. La intenci\u00f3n de la Administraci\u00f3n era levantar un nuevo edificio dotacional y comercial para revitalizar la zona, sin embargo, el dinero se acab\u00f3 y con \u00e9l la esperanza de sacar adelante un proyecto del que pudieran disfrutar los habitantes del centro de la ciudad. Ese fue el embri\u00f3n de una iniciativa sencilla pero novedosa, un proyecto del que los vecinos han podido sentirse participes y que ha supuesto la reactivaci\u00f3n de La Latina como espacio de convivencia. Tanto es as\u00ed que el <strong>Campo de Cebada<\/strong> fue galardonado en 2013 con el premio Nica de Oro 2013 del festival Ars Electr\u00f3nica (Linz, Austria) en la categor\u00eda Comunidades digitales, por su din\u00e1mica actividad en esta \u00e1rea.<\/p>\n<p>Informaci\u00f3n patrocinada por\u00a0<strong><a title=\"Proinca apartamentos de alquiler en Madrid\" href=\"http:\/\/www.proinca.es\" target=\"_blank\" rel=\"noopener\">Proinca: Apartamentos de alquiler en Madrid<\/a><\/strong><\/p>\n<p>Fuente imagen: elcampodecebada.org<\/p>\n\n\n<div class=\"kk-star-ratings kksr-auto kksr-align-left kksr-valign-bottom\"\n    data-payload='{&quot;align&quot;:&quot;left&quot;,&quot;id&quot;:&quot;3102&quot;,&quot;slug&quot;:&quot;default&quot;,&quot;valign&quot;:&quot;bottom&quot;,&quot;ignore&quot;:&quot;&quot;,&quot;reference&quot;:&quot;auto&quot;,&quot;class&quot;:&quot;&quot;,&quot;count&quot;:&quot;0&quot;,&quot;legendonly&quot;:&quot;&quot;,&quot;readonly&quot;:&quot;&quot;,&quot;score&quot;:&quot;0&quot;,&quot;starsonly&quot;:&quot;&quot;,&quot;best&quot;:&quot;5&quot;,&quot;gap&quot;:&quot;1&quot;,&quot;greet&quot;:&quot;Valora este art\u00edculo&quot;,&quot;legend&quot;:&quot;0\\\/5 - (0 votos)&quot;,&quot;size&quot;:&quot;24&quot;,&quot;title&quot;:&quot;EL CAMPO DE CEBADA, EJEMPLO DE GESTI\u00d3N VECINAL EN MADRID&quot;,&quot;width&quot;:&quot;0&quot;,&quot;_legend&quot;:&quot;{score}\\\/{best} - ({count} {votes})&quot;,&quot;font_factor&quot;:&quot;1.25&quot;}'>\n            \n<div class=\"kksr-stars\">\n    \n<div class=\"kksr-stars-inactive\">\n            <div class=\"kksr-star\" data-star=\"1\" style=\"padding-right: 1px\">\n            \n\n<div class=\"kksr-icon\" style=\"width: 24px; height: 24px;\"><\/div>\n        <\/div>\n            <div class=\"kksr-star\" data-star=\"2\" style=\"padding-right: 1px\">\n            \n\n<div class=\"kksr-icon\" style=\"width: 24px; height: 24px;\"><\/div>\n        <\/div>\n            <div class=\"kksr-star\" data-star=\"3\" style=\"padding-right: 1px\">\n            \n\n<div class=\"kksr-icon\" style=\"width: 24px; height: 24px;\"><\/div>\n        <\/div>\n            <div class=\"kksr-star\" data-star=\"4\" style=\"padding-right: 1px\">\n            \n\n<div class=\"kksr-icon\" style=\"width: 24px; height: 24px;\"><\/div>\n        <\/div>\n            <div class=\"kksr-star\" data-star=\"5\" style=\"padding-right: 1px\">\n            \n\n<div class=\"kksr-icon\" style=\"width: 24px; height: 24px;\"><\/div>\n        <\/div>\n    <\/div>\n    \n<div class=\"kksr-stars-active\" style=\"width: 0px;\">\n            <div class=\"kksr-star\" style=\"padding-right: 1px\">\n            \n\n<div class=\"kksr-icon\" style=\"width: 24px; height: 24px;\"><\/div>\n        <\/div>\n            <div class=\"kksr-star\" style=\"padding-right: 1px\">\n            \n\n<div class=\"kksr-icon\" style=\"width: 24px; height: 24px;\"><\/div>\n        <\/div>\n            <div class=\"kksr-star\" style=\"padding-right: 1px\">\n            \n\n<div class=\"kksr-icon\" style=\"width: 24px; height: 24px;\"><\/div>\n        <\/div>\n            <div class=\"kksr-star\" style=\"padding-right: 1px\">\n            \n\n<div class=\"kksr-icon\" style=\"width: 24px; height: 24px;\"><\/div>\n        <\/div>\n            <div class=\"kksr-star\" style=\"padding-right: 1px\">\n            \n\n<div class=\"kksr-icon\" style=\"width: 24px; height: 24px;\"><\/div>\n        <\/div>\n    <\/div>\n<\/div>\n                \n\n<div class=\"kksr-legend\" style=\"font-size: 19.2px;\">\n            <span class=\"kksr-muted\">Valora este art\u00edculo<\/span>\n    <\/div>\n    <\/div>\n","protected":false},"excerpt":{"rendered":"<p>El Campo de Cebada, en Madrid, es uno de esos  [&#8230;]<\/p>\n","protected":false},"author":4,"featured_media":3105,"comment_status":"closed","ping_status":"closed","sticky":false,"template":"","format":"standard","meta":{"footnotes":""},"categories":[79],"tags":[27,63,24,5,71,22],"class_list":["post-3102","post","type-post","status-publish","format-standard","has-post-thumbnail","hentry","category-vivir-madrid","tag-arte","tag-cultura","tag-exposiciones","tag-madrid","tag-musica","tag-teatro"],"yoast_head":"<!-- This site is optimized with the Yoast SEO plugin v27.4 - https:\/\/yoast.com\/product\/yoast-seo-wordpress\/ -->\n<title>Campo de Cebada en Madrid.Proinca Apartamentos de alquiler<\/title>\n<meta name=\"description\" content=\"El Campo de Cebada,ejemplo de gesti\u00f3n vecinal de \u00e9xito y reactivaci\u00f3n del barrio de La Latina en Madrid,.Patrocinado por Proinca apartamentos de alquiler Madrid\" \/>\n<meta name=\"robots\" content=\"index, follow, max-snippet:-1, max-image-preview:large, max-video-preview:-1\" \/>\n<link rel=\"canonical\" href=\"https:\/\/www.proinca.es\/madridfansblog\/el-campo-de-cebada-ejemplo-de-gestion-vecinal-en-madrid\/\" \/>\n<meta property=\"og:locale\" content=\"es_ES\" \/>\n<meta property=\"og:type\" content=\"article\" \/>\n<meta property=\"og:title\" content=\"Campo de Cebada en Madrid.Proinca Apartamentos de alquiler\" \/>\n<meta property=\"og:description\" content=\"El Campo de Cebada,ejemplo de gesti\u00f3n vecinal de \u00e9xito y reactivaci\u00f3n del barrio de La Latina en Madrid,.Patrocinado por Proinca apartamentos de alquiler Madrid\" \/>\n<meta property=\"og:url\" content=\"https:\/\/www.proinca.es\/madridfansblog\/el-campo-de-cebada-ejemplo-de-gestion-vecinal-en-madrid\/\" \/>\n<meta property=\"og:site_name\" content=\"Blog Proinca Madrid\" \/>\n<meta property=\"article:published_time\" content=\"2014-11-06T18:11:09+00:00\" \/>\n<meta property=\"article:modified_time\" content=\"2025-05-28T14:03:56+00:00\" \/>\n<meta property=\"og:image\" content=\"https:\/\/www.proinca.es\/madridfansblog\/wp-content\/uploads\/2014\/11\/Proinca_MadridFansblog_campo_de_la_cebada_logo.jpg\" \/>\n\t<meta property=\"og:image:width\" content=\"600\" \/>\n\t<meta property=\"og:image:height\" content=\"126\" \/>\n\t<meta property=\"og:image:type\" content=\"image\/jpeg\" \/>\n<meta name=\"author\" content=\"Ana Calero\" \/>\n<script type=\"application\/ld+json\" class=\"yoast-schema-graph\">{\"@context\":\"https:\\\/\\\/schema.org\",\"@graph\":[{\"@type\":\"Article\",\"@id\":\"https:\\\/\\\/www.proinca.es\\\/madridfansblog\\\/el-campo-de-cebada-ejemplo-de-gestion-vecinal-en-madrid\\\/#article\",\"isPartOf\":{\"@id\":\"https:\\\/\\\/www.proinca.es\\\/madridfansblog\\\/el-campo-de-cebada-ejemplo-de-gestion-vecinal-en-madrid\\\/\"},\"author\":{\"name\":\"Ana Calero\",\"@id\":\"https:\\\/\\\/www.proinca.es\\\/madridfansblog\\\/#\\\/schema\\\/person\\\/8401adc89c0a0f5a3574c43326247f1e\"},\"headline\":\"EL CAMPO DE CEBADA, EJEMPLO DE GESTI\u00d3N VECINAL EN MADRID\",\"datePublished\":\"2014-11-06T18:11:09+00:00\",\"dateModified\":\"2025-05-28T14:03:56+00:00\",\"mainEntityOfPage\":{\"@id\":\"https:\\\/\\\/www.proinca.es\\\/madridfansblog\\\/el-campo-de-cebada-ejemplo-de-gestion-vecinal-en-madrid\\\/\"},\"wordCount\":265,\"publisher\":{\"@id\":\"https:\\\/\\\/www.proinca.es\\\/madridfansblog\\\/#organization\"},\"image\":{\"@id\":\"https:\\\/\\\/www.proinca.es\\\/madridfansblog\\\/el-campo-de-cebada-ejemplo-de-gestion-vecinal-en-madrid\\\/#primaryimage\"},\"thumbnailUrl\":\"https:\\\/\\\/www.proinca.es\\\/madridfansblog\\\/wp-content\\\/uploads\\\/2014\\\/11\\\/Proinca_MadridFansblog_campo_de_la_cebada_logo.jpg\",\"keywords\":[\"Arte\",\"Cultura\",\"Exposiciones\",\"Madrid\",\"M\u00fasica\",\"Teatro\"],\"articleSection\":[\"VIVIR MADRID\"],\"inLanguage\":\"es\"},{\"@type\":\"WebPage\",\"@id\":\"https:\\\/\\\/www.proinca.es\\\/madridfansblog\\\/el-campo-de-cebada-ejemplo-de-gestion-vecinal-en-madrid\\\/\",\"url\":\"https:\\\/\\\/www.proinca.es\\\/madridfansblog\\\/el-campo-de-cebada-ejemplo-de-gestion-vecinal-en-madrid\\\/\",\"name\":\"Campo de Cebada en Madrid.Proinca Apartamentos de alquiler\",\"isPartOf\":{\"@id\":\"https:\\\/\\\/www.proinca.es\\\/madridfansblog\\\/#website\"},\"primaryImageOfPage\":{\"@id\":\"https:\\\/\\\/www.proinca.es\\\/madridfansblog\\\/el-campo-de-cebada-ejemplo-de-gestion-vecinal-en-madrid\\\/#primaryimage\"},\"image\":{\"@id\":\"https:\\\/\\\/www.proinca.es\\\/madridfansblog\\\/el-campo-de-cebada-ejemplo-de-gestion-vecinal-en-madrid\\\/#primaryimage\"},\"thumbnailUrl\":\"https:\\\/\\\/www.proinca.es\\\/madridfansblog\\\/wp-content\\\/uploads\\\/2014\\\/11\\\/Proinca_MadridFansblog_campo_de_la_cebada_logo.jpg\",\"datePublished\":\"2014-11-06T18:11:09+00:00\",\"dateModified\":\"2025-05-28T14:03:56+00:00\",\"description\":\"El Campo de Cebada,ejemplo de gesti\u00f3n vecinal de \u00e9xito y reactivaci\u00f3n del barrio de La Latina en Madrid,.Patrocinado por Proinca apartamentos de alquiler Madrid\",\"inLanguage\":\"es\",\"potentialAction\":[{\"@type\":\"ReadAction\",\"target\":[\"https:\\\/\\\/www.proinca.es\\\/madridfansblog\\\/el-campo-de-cebada-ejemplo-de-gestion-vecinal-en-madrid\\\/\"]}]},{\"@type\":\"ImageObject\",\"inLanguage\":\"es\",\"@id\":\"https:\\\/\\\/www.proinca.es\\\/madridfansblog\\\/el-campo-de-cebada-ejemplo-de-gestion-vecinal-en-madrid\\\/#primaryimage\",\"url\":\"https:\\\/\\\/www.proinca.es\\\/madridfansblog\\\/wp-content\\\/uploads\\\/2014\\\/11\\\/Proinca_MadridFansblog_campo_de_la_cebada_logo.jpg\",\"contentUrl\":\"https:\\\/\\\/www.proinca.es\\\/madridfansblog\\\/wp-content\\\/uploads\\\/2014\\\/11\\\/Proinca_MadridFansblog_campo_de_la_cebada_logo.jpg\",\"width\":600,\"height\":126,\"caption\":\"Proinca MadridFansBlog Campo de la Cebada\"},{\"@type\":\"WebSite\",\"@id\":\"https:\\\/\\\/www.proinca.es\\\/madridfansblog\\\/#website\",\"url\":\"https:\\\/\\\/www.proinca.es\\\/madridfansblog\\\/\",\"name\":\"Madrid Fans Blog Proinca\",\"description\":\"Pisos y apartamentos de alquiler en Madrid\",\"publisher\":{\"@id\":\"https:\\\/\\\/www.proinca.es\\\/madridfansblog\\\/#organization\"},\"potentialAction\":[{\"@type\":\"SearchAction\",\"target\":{\"@type\":\"EntryPoint\",\"urlTemplate\":\"https:\\\/\\\/www.proinca.es\\\/madridfansblog\\\/?s={search_term_string}\"},\"query-input\":{\"@type\":\"PropertyValueSpecification\",\"valueRequired\":true,\"valueName\":\"search_term_string\"}}],\"inLanguage\":\"es\"},{\"@type\":\"Organization\",\"@id\":\"https:\\\/\\\/www.proinca.es\\\/madridfansblog\\\/#organization\",\"name\":\"Proinca\",\"url\":\"https:\\\/\\\/www.proinca.es\\\/madridfansblog\\\/\",\"logo\":{\"@type\":\"ImageObject\",\"inLanguage\":\"es\",\"@id\":\"https:\\\/\\\/www.proinca.es\\\/madridfansblog\\\/#\\\/schema\\\/logo\\\/image\\\/\",\"url\":\"https:\\\/\\\/www.proinca.es\\\/madridfansblog\\\/wp-content\\\/uploads\\\/2022\\\/03\\\/logo-proinca.jpg\",\"contentUrl\":\"https:\\\/\\\/www.proinca.es\\\/madridfansblog\\\/wp-content\\\/uploads\\\/2022\\\/03\\\/logo-proinca.jpg\",\"width\":522,\"height\":250,\"caption\":\"Proinca\"},\"image\":{\"@id\":\"https:\\\/\\\/www.proinca.es\\\/madridfansblog\\\/#\\\/schema\\\/logo\\\/image\\\/\"}},{\"@type\":\"Person\",\"@id\":\"https:\\\/\\\/www.proinca.es\\\/madridfansblog\\\/#\\\/schema\\\/person\\\/8401adc89c0a0f5a3574c43326247f1e\",\"name\":\"Ana Calero\",\"image\":{\"@type\":\"ImageObject\",\"inLanguage\":\"es\",\"@id\":\"https:\\\/\\\/www.proinca.es\\\/madridfansblog\\\/wp-content\\\/litespeed\\\/avatar\\\/ef51b25c0718910f475570320941ef46.jpg?ver=1777379772\",\"url\":\"https:\\\/\\\/www.proinca.es\\\/madridfansblog\\\/wp-content\\\/litespeed\\\/avatar\\\/ef51b25c0718910f475570320941ef46.jpg?ver=1777379772\",\"contentUrl\":\"https:\\\/\\\/www.proinca.es\\\/madridfansblog\\\/wp-content\\\/litespeed\\\/avatar\\\/ef51b25c0718910f475570320941ef46.jpg?ver=1777379772\",\"caption\":\"Ana Calero\"},\"description\":\"Licenciada en Ciencias Empresariales por la Universidad Aut\u00f3noma de Madrid. Forma parte del equipo de Apartamentos Proinca y es una enamorada de Madrid\",\"sameAs\":[\"https:\\\/\\\/www.proinca.es\\\/madridfansblog\\\/ana-calero\\\/\"]}]}<\/script>\n<!-- \/ Yoast SEO plugin. -->","yoast_head_json":{"title":"Campo de Cebada en Madrid.Proinca Apartamentos de alquiler","description":"El Campo de Cebada,ejemplo de gesti\u00f3n vecinal de \u00e9xito y reactivaci\u00f3n del barrio de La Latina en Madrid,.Patrocinado por Proinca apartamentos de alquiler Madrid","robots":{"index":"index","follow":"follow","max-snippet":"max-snippet:-1","max-image-preview":"max-image-preview:large","max-video-preview":"max-video-preview:-1"},"canonical":"https:\/\/www.proinca.es\/madridfansblog\/el-campo-de-cebada-ejemplo-de-gestion-vecinal-en-madrid\/","og_locale":"es_ES","og_type":"article","og_title":"Campo de Cebada en Madrid.Proinca Apartamentos de alquiler","og_description":"El Campo de Cebada,ejemplo de gesti\u00f3n vecinal de \u00e9xito y reactivaci\u00f3n del barrio de La Latina en Madrid,.Patrocinado por Proinca apartamentos de alquiler Madrid","og_url":"https:\/\/www.proinca.es\/madridfansblog\/el-campo-de-cebada-ejemplo-de-gestion-vecinal-en-madrid\/","og_site_name":"Blog Proinca Madrid","article_published_time":"2014-11-06T18:11:09+00:00","article_modified_time":"2025-05-28T14:03:56+00:00","og_image":[{"width":600,"height":126,"url":"https:\/\/www.proinca.es\/madridfansblog\/wp-content\/uploads\/2014\/11\/Proinca_MadridFansblog_campo_de_la_cebada_logo.jpg","type":"image\/jpeg"}],"author":"Ana Calero","schema":{"@context":"https:\/\/schema.org","@graph":[{"@type":"Article","@id":"https:\/\/www.proinca.es\/madridfansblog\/el-campo-de-cebada-ejemplo-de-gestion-vecinal-en-madrid\/#article","isPartOf":{"@id":"https:\/\/www.proinca.es\/madridfansblog\/el-campo-de-cebada-ejemplo-de-gestion-vecinal-en-madrid\/"},"author":{"name":"Ana Calero","@id":"https:\/\/www.proinca.es\/madridfansblog\/#\/schema\/person\/8401adc89c0a0f5a3574c43326247f1e"},"headline":"EL CAMPO DE CEBADA, EJEMPLO DE GESTI\u00d3N VECINAL EN MADRID","datePublished":"2014-11-06T18:11:09+00:00","dateModified":"2025-05-28T14:03:56+00:00","mainEntityOfPage":{"@id":"https:\/\/www.proinca.es\/madridfansblog\/el-campo-de-cebada-ejemplo-de-gestion-vecinal-en-madrid\/"},"wordCount":265,"publisher":{"@id":"https:\/\/www.proinca.es\/madridfansblog\/#organization"},"image":{"@id":"https:\/\/www.proinca.es\/madridfansblog\/el-campo-de-cebada-ejemplo-de-gestion-vecinal-en-madrid\/#primaryimage"},"thumbnailUrl":"https:\/\/www.proinca.es\/madridfansblog\/wp-content\/uploads\/2014\/11\/Proinca_MadridFansblog_campo_de_la_cebada_logo.jpg","keywords":["Arte","Cultura","Exposiciones","Madrid","M\u00fasica","Teatro"],"articleSection":["VIVIR MADRID"],"inLanguage":"es"},{"@type":"WebPage","@id":"https:\/\/www.proinca.es\/madridfansblog\/el-campo-de-cebada-ejemplo-de-gestion-vecinal-en-madrid\/","url":"https:\/\/www.proinca.es\/madridfansblog\/el-campo-de-cebada-ejemplo-de-gestion-vecinal-en-madrid\/","name":"Campo de Cebada en Madrid.Proinca Apartamentos de alquiler","isPartOf":{"@id":"https:\/\/www.proinca.es\/madridfansblog\/#website"},"primaryImageOfPage":{"@id":"https:\/\/www.proinca.es\/madridfansblog\/el-campo-de-cebada-ejemplo-de-gestion-vecinal-en-madrid\/#primaryimage"},"image":{"@id":"https:\/\/www.proinca.es\/madridfansblog\/el-campo-de-cebada-ejemplo-de-gestion-vecinal-en-madrid\/#primaryimage"},"thumbnailUrl":"https:\/\/www.proinca.es\/madridfansblog\/wp-content\/uploads\/2014\/11\/Proinca_MadridFansblog_campo_de_la_cebada_logo.jpg","datePublished":"2014-11-06T18:11:09+00:00","dateModified":"2025-05-28T14:03:56+00:00","description":"El Campo de Cebada,ejemplo de gesti\u00f3n vecinal de \u00e9xito y reactivaci\u00f3n del barrio de La Latina en Madrid,.Patrocinado por Proinca apartamentos de alquiler Madrid","inLanguage":"es","potentialAction":[{"@type":"ReadAction","target":["https:\/\/www.proinca.es\/madridfansblog\/el-campo-de-cebada-ejemplo-de-gestion-vecinal-en-madrid\/"]}]},{"@type":"ImageObject","inLanguage":"es","@id":"https:\/\/www.proinca.es\/madridfansblog\/el-campo-de-cebada-ejemplo-de-gestion-vecinal-en-madrid\/#primaryimage","url":"https:\/\/www.proinca.es\/madridfansblog\/wp-content\/uploads\/2014\/11\/Proinca_MadridFansblog_campo_de_la_cebada_logo.jpg","contentUrl":"https:\/\/www.proinca.es\/madridfansblog\/wp-content\/uploads\/2014\/11\/Proinca_MadridFansblog_campo_de_la_cebada_logo.jpg","width":600,"height":126,"caption":"Proinca MadridFansBlog Campo de la Cebada"},{"@type":"WebSite","@id":"https:\/\/www.proinca.es\/madridfansblog\/#website","url":"https:\/\/www.proinca.es\/madridfansblog\/","name":"Madrid Fans Blog Proinca","description":"Pisos y apartamentos de alquiler en Madrid","publisher":{"@id":"https:\/\/www.proinca.es\/madridfansblog\/#organization"},"potentialAction":[{"@type":"SearchAction","target":{"@type":"EntryPoint","urlTemplate":"https:\/\/www.proinca.es\/madridfansblog\/?s={search_term_string}"},"query-input":{"@type":"PropertyValueSpecification","valueRequired":true,"valueName":"search_term_string"}}],"inLanguage":"es"},{"@type":"Organization","@id":"https:\/\/www.proinca.es\/madridfansblog\/#organization","name":"Proinca","url":"https:\/\/www.proinca.es\/madridfansblog\/","logo":{"@type":"ImageObject","inLanguage":"es","@id":"https:\/\/www.proinca.es\/madridfansblog\/#\/schema\/logo\/image\/","url":"https:\/\/www.proinca.es\/madridfansblog\/wp-content\/uploads\/2022\/03\/logo-proinca.jpg","contentUrl":"https:\/\/www.proinca.es\/madridfansblog\/wp-content\/uploads\/2022\/03\/logo-proinca.jpg","width":522,"height":250,"caption":"Proinca"},"image":{"@id":"https:\/\/www.proinca.es\/madridfansblog\/#\/schema\/logo\/image\/"}},{"@type":"Person","@id":"https:\/\/www.proinca.es\/madridfansblog\/#\/schema\/person\/8401adc89c0a0f5a3574c43326247f1e","name":"Ana Calero","image":{"@type":"ImageObject","inLanguage":"es","@id":"https:\/\/www.proinca.es\/madridfansblog\/wp-content\/litespeed\/avatar\/ef51b25c0718910f475570320941ef46.jpg?ver=1777379772","url":"https:\/\/www.proinca.es\/madridfansblog\/wp-content\/litespeed\/avatar\/ef51b25c0718910f475570320941ef46.jpg?ver=1777379772","contentUrl":"https:\/\/www.proinca.es\/madridfansblog\/wp-content\/litespeed\/avatar\/ef51b25c0718910f475570320941ef46.jpg?ver=1777379772","caption":"Ana Calero"},"description":"Licenciada en Ciencias Empresariales por la Universidad Aut\u00f3noma de Madrid. Forma parte del equipo de Apartamentos Proinca y es una enamorada de Madrid","sameAs":["https:\/\/www.proinca.es\/madridfansblog\/ana-calero\/"]}]}},"_links":{"self":[{"href":"https:\/\/www.proinca.es\/madridfansblog\/wp-json\/wp\/v2\/posts\/3102","targetHints":{"allow":["GET"]}}],"collection":[{"href":"https:\/\/www.proinca.es\/madridfansblog\/wp-json\/wp\/v2\/posts"}],"about":[{"href":"https:\/\/www.proinca.es\/madridfansblog\/wp-json\/wp\/v2\/types\/post"}],"author":[{"embeddable":true,"href":"https:\/\/www.proinca.es\/madridfansblog\/wp-json\/wp\/v2\/users\/4"}],"replies":[{"embeddable":true,"href":"https:\/\/www.proinca.es\/madridfansblog\/wp-json\/wp\/v2\/comments?post=3102"}],"version-history":[{"count":12,"href":"https:\/\/www.proinca.es\/madridfansblog\/wp-json\/wp\/v2\/posts\/3102\/revisions"}],"predecessor-version":[{"id":7393,"href":"https:\/\/www.proinca.es\/madridfansblog\/wp-json\/wp\/v2\/posts\/3102\/revisions\/7393"}],"wp:featuredmedia":[{"embeddable":true,"href":"https:\/\/www.proinca.es\/madridfansblog\/wp-json\/wp\/v2\/media\/3105"}],"wp:attachment":[{"href":"https:\/\/www.proinca.es\/madridfansblog\/wp-json\/wp\/v2\/media?parent=3102"}],"wp:term":[{"taxonomy":"category","embeddable":true,"href":"https:\/\/www.proinca.es\/madridfansblog\/wp-json\/wp\/v2\/categories?post=3102"},{"taxonomy":"post_tag","embeddable":true,"href":"https:\/\/www.proinca.es\/madridfansblog\/wp-json\/wp\/v2\/tags?post=3102"}],"curies":[{"name":"wp","href":"https:\/\/api.w.org\/{rel}","templated":true}]}}