{"id":3329,"date":"2015-02-12T18:35:11","date_gmt":"2015-02-12T17:35:11","guid":{"rendered":"http:\/\/www.proinca.es\/madridfansblog\/?p=3329"},"modified":"2025-05-28T14:02:18","modified_gmt":"2025-05-28T12:02:18","slug":"la-escalada-se-pone-de-moda-en-madrid","status":"publish","type":"post","link":"https:\/\/www.proinca.es\/madridfansblog\/la-escalada-se-pone-de-moda-en-madrid\/","title":{"rendered":"LA ESCALADA SE PONE DE MODA EN MADRID"},"content":{"rendered":"<p>Es uno de los deportes con m\u00e1s tir\u00f3n en la <b>ciudad de <\/b><strong>Madrid<\/strong>. La <strong>escalada <\/strong>atrae cada vez a m\u00e1s apasionados de la verticalidad<!--more-->, j\u00f3venes y no tan j\u00f3venes que no dudan en aventurarse en una de las pr\u00e1cticas de riesgo m\u00e1s intensas que existen actualmente. La idoneidad de la ciudad acompa\u00f1a: roc\u00f3dromos para practicar en invierno y parajes naturales propicios para el verano y a tan solo una hora del centro de la ciudad.<\/p>\n<p>El n\u00famero de <b>roc\u00f3dromos<\/b> <b>cubiertos y semicubiertos municipales<\/b> asciende a casi una treintena en la <b>Comunidad de <\/b><strong>Madrid<\/strong>, el \u00faltimo en abrir, Roc30, en <b>Madrid R\u00edo<\/b>. Como os pod\u00e9is imaginar, los espacios p\u00fablicos est\u00e1n muy concurridos, sin embargo, las opciones privadas se cuentan por decenas y suelen ser un tanto m\u00e1s tranquilas. Lo bueno de pertenecer a un <b>roc\u00f3dromo<\/b>, sea privado o p\u00fablico, es que adem\u00e1s de tejer lazos de amistad con personas que comparten tus mismas aficiones, puedes inscribirte a salidas de fin de semana no solo para escalar sino para realizar traves\u00edas de monta\u00f1a, esquiar, hacer viajes deportivos al extranjero y un largo etc\u00e9tera que no te dejar\u00e1 parar si no quieres.<\/p>\n<p>Y luego est\u00e1n las alternativas urbanas al descubierto. En la p\u00e1gina www.escalamadrid.com puedes encontrar el roc\u00f3dromo al aire libre m\u00e1s cercano a tu casa, ya que la web cuenta con un listado geolocalizado. El del Planetario, en el parque de Tierno Galv\u00e1n, o el situado en el parque de Roma, cerca de Torrespa\u00f1a, son dos de los <b>roc\u00f3dromos, muros y paredes<\/b> <b>urbanas <\/b>recogidos por la p\u00e1gina. Adem\u00e1s, el sitio web nos muestra aquellos lugares de la sierra madrile\u00f1a ideales para practicar <strong>escalada<\/strong><b> deportiva<\/b>, cl\u00e1sica o <i>boulder<\/i> cuando el buen tiempo acompa\u00f1a, claro. Patones o el Ca\u00f1\u00f3n de Uceda son dos de los lugares propuestos.<\/p>\n<p>Por cierto, que el <b>roc\u00f3dromo <i>indoor<\/i><\/b> m\u00e1s alto de Espa\u00f1a se encuentra en <strong>Madrid<\/strong>, en Espacio Acci\u00f3n, en el n\u00famero 6 de la calle Marcelino \u00c1lvarez; un centro de formaci\u00f3n y entrenamiento que ofrece cursos para principiantes en los que aprender las t\u00e9cnicas b\u00e1sicas de <b>seguridad en <\/b><strong>escalada<\/strong> y trucos para <b>escaladores noveles<\/b>.<\/p>\n<p>Informaci\u00f3n patrocinada por\u00a0<strong><a title=\"Proinca apartamentos de alquiler en Madrid\" href=\"http:\/\/www.proinca.es\" target=\"_blank\" rel=\"noopener\">Proinca: Apartamentos de alquiler en Madrid<\/a><\/strong><\/p>\n<p>Foto de Rahadiansyah en Unsplash<\/p>\n\n\n<div class=\"kk-star-ratings kksr-auto kksr-align-left kksr-valign-bottom\"\n    data-payload='{&quot;align&quot;:&quot;left&quot;,&quot;id&quot;:&quot;3329&quot;,&quot;slug&quot;:&quot;default&quot;,&quot;valign&quot;:&quot;bottom&quot;,&quot;ignore&quot;:&quot;&quot;,&quot;reference&quot;:&quot;auto&quot;,&quot;class&quot;:&quot;&quot;,&quot;count&quot;:&quot;0&quot;,&quot;legendonly&quot;:&quot;&quot;,&quot;readonly&quot;:&quot;&quot;,&quot;score&quot;:&quot;0&quot;,&quot;starsonly&quot;:&quot;&quot;,&quot;best&quot;:&quot;5&quot;,&quot;gap&quot;:&quot;1&quot;,&quot;greet&quot;:&quot;Valora este art\u00edculo&quot;,&quot;legend&quot;:&quot;0\\\/5 - (0 votos)&quot;,&quot;size&quot;:&quot;24&quot;,&quot;title&quot;:&quot;LA ESCALADA SE PONE DE MODA EN MADRID&quot;,&quot;width&quot;:&quot;0&quot;,&quot;_legend&quot;:&quot;{score}\\\/{best} - ({count} {votes})&quot;,&quot;font_factor&quot;:&quot;1.25&quot;}'>\n            \n<div class=\"kksr-stars\">\n    \n<div class=\"kksr-stars-inactive\">\n            <div class=\"kksr-star\" data-star=\"1\" style=\"padding-right: 1px\">\n            \n\n<div class=\"kksr-icon\" style=\"width: 24px; height: 24px;\"><\/div>\n        <\/div>\n            <div class=\"kksr-star\" data-star=\"2\" style=\"padding-right: 1px\">\n            \n\n<div class=\"kksr-icon\" style=\"width: 24px; height: 24px;\"><\/div>\n        <\/div>\n            <div class=\"kksr-star\" data-star=\"3\" style=\"padding-right: 1px\">\n            \n\n<div class=\"kksr-icon\" style=\"width: 24px; height: 24px;\"><\/div>\n        <\/div>\n            <div class=\"kksr-star\" data-star=\"4\" style=\"padding-right: 1px\">\n            \n\n<div class=\"kksr-icon\" style=\"width: 24px; height: 24px;\"><\/div>\n        <\/div>\n            <div class=\"kksr-star\" data-star=\"5\" style=\"padding-right: 1px\">\n            \n\n<div class=\"kksr-icon\" style=\"width: 24px; height: 24px;\"><\/div>\n        <\/div>\n    <\/div>\n    \n<div class=\"kksr-stars-active\" style=\"width: 0px;\">\n            <div class=\"kksr-star\" style=\"padding-right: 1px\">\n            \n\n<div class=\"kksr-icon\" style=\"width: 24px; height: 24px;\"><\/div>\n        <\/div>\n            <div class=\"kksr-star\" style=\"padding-right: 1px\">\n            \n\n<div class=\"kksr-icon\" style=\"width: 24px; height: 24px;\"><\/div>\n        <\/div>\n            <div class=\"kksr-star\" style=\"padding-right: 1px\">\n            \n\n<div class=\"kksr-icon\" style=\"width: 24px; height: 24px;\"><\/div>\n        <\/div>\n            <div class=\"kksr-star\" style=\"padding-right: 1px\">\n            \n\n<div class=\"kksr-icon\" style=\"width: 24px; height: 24px;\"><\/div>\n        <\/div>\n            <div class=\"kksr-star\" style=\"padding-right: 1px\">\n            \n\n<div class=\"kksr-icon\" style=\"width: 24px; height: 24px;\"><\/div>\n        <\/div>\n    <\/div>\n<\/div>\n                \n\n<div class=\"kksr-legend\" style=\"font-size: 19.2px;\">\n            <span class=\"kksr-muted\">Valora este art\u00edculo<\/span>\n    <\/div>\n    <\/div>\n","protected":false},"excerpt":{"rendered":"<p>Es uno de los deportes con m\u00e1s tir\u00f3n en la  [&#8230;]<\/p>\n","protected":false},"author":4,"featured_media":7172,"comment_status":"closed","ping_status":"closed","sticky":false,"template":"","format":"standard","meta":{"footnotes":""},"categories":[79],"tags":[36,54,66,42],"class_list":["post-3329","post","type-post","status-publish","format-standard","has-post-thumbnail","hentry","category-vivir-madrid","tag-afterwork","tag-deporte","tag-ecologia","tag-medio-ambiente"],"yoast_head":"<!-- This site is optimized with the Yoast SEO plugin v27.4 - https:\/\/yoast.com\/product\/yoast-seo-wordpress\/ -->\n<title>Escalada Madrid.Proinca apartamentos de alquiler en Madrid<\/title>\n<meta name=\"description\" content=\"Un deporte con mucho tir\u00f3n en Madrid.La escalada atrae cada vez a m\u00e1s apasionados de la verticalidad.Patrocinado por Proinca apartamentos de alquiler en Madrid\" \/>\n<meta name=\"robots\" content=\"index, follow, max-snippet:-1, max-image-preview:large, max-video-preview:-1\" \/>\n<link rel=\"canonical\" href=\"https:\/\/www.proinca.es\/madridfansblog\/la-escalada-se-pone-de-moda-en-madrid\/\" \/>\n<meta property=\"og:locale\" content=\"es_ES\" \/>\n<meta property=\"og:type\" content=\"article\" \/>\n<meta property=\"og:title\" content=\"Escalada Madrid.Proinca apartamentos de alquiler en Madrid\" \/>\n<meta property=\"og:description\" content=\"Un deporte con mucho tir\u00f3n en Madrid.La escalada atrae cada vez a m\u00e1s apasionados de la verticalidad.Patrocinado por Proinca apartamentos de alquiler en Madrid\" \/>\n<meta property=\"og:url\" content=\"https:\/\/www.proinca.es\/madridfansblog\/la-escalada-se-pone-de-moda-en-madrid\/\" \/>\n<meta property=\"og:site_name\" content=\"Blog Proinca Madrid\" \/>\n<meta property=\"article:published_time\" content=\"2015-02-12T17:35:11+00:00\" \/>\n<meta property=\"article:modified_time\" content=\"2025-05-28T12:02:18+00:00\" \/>\n<meta property=\"og:image\" content=\"https:\/\/www.proinca.es\/madridfansblog\/wp-content\/uploads\/2015\/02\/escalada-en-madrid.jpg\" \/>\n\t<meta property=\"og:image:width\" content=\"1000\" \/>\n\t<meta property=\"og:image:height\" content=\"667\" \/>\n\t<meta property=\"og:image:type\" content=\"image\/jpeg\" \/>\n<meta name=\"author\" content=\"Ana Calero\" \/>\n<script type=\"application\/ld+json\" class=\"yoast-schema-graph\">{\"@context\":\"https:\\\/\\\/schema.org\",\"@graph\":[{\"@type\":\"Article\",\"@id\":\"https:\\\/\\\/www.proinca.es\\\/madridfansblog\\\/la-escalada-se-pone-de-moda-en-madrid\\\/#article\",\"isPartOf\":{\"@id\":\"https:\\\/\\\/www.proinca.es\\\/madridfansblog\\\/la-escalada-se-pone-de-moda-en-madrid\\\/\"},\"author\":{\"name\":\"Ana Calero\",\"@id\":\"https:\\\/\\\/www.proinca.es\\\/madridfansblog\\\/#\\\/schema\\\/person\\\/8401adc89c0a0f5a3574c43326247f1e\"},\"headline\":\"LA ESCALADA SE PONE DE MODA EN MADRID\",\"datePublished\":\"2015-02-12T17:35:11+00:00\",\"dateModified\":\"2025-05-28T12:02:18+00:00\",\"mainEntityOfPage\":{\"@id\":\"https:\\\/\\\/www.proinca.es\\\/madridfansblog\\\/la-escalada-se-pone-de-moda-en-madrid\\\/\"},\"wordCount\":413,\"publisher\":{\"@id\":\"https:\\\/\\\/www.proinca.es\\\/madridfansblog\\\/#organization\"},\"image\":{\"@id\":\"https:\\\/\\\/www.proinca.es\\\/madridfansblog\\\/la-escalada-se-pone-de-moda-en-madrid\\\/#primaryimage\"},\"thumbnailUrl\":\"https:\\\/\\\/www.proinca.es\\\/madridfansblog\\\/wp-content\\\/uploads\\\/2015\\\/02\\\/escalada-en-madrid.jpg\",\"keywords\":[\"Afterwork\",\"Deporte\",\"Ecolog\u00eda\",\"Medio Ambiente\"],\"articleSection\":[\"VIVIR MADRID\"],\"inLanguage\":\"es\"},{\"@type\":\"WebPage\",\"@id\":\"https:\\\/\\\/www.proinca.es\\\/madridfansblog\\\/la-escalada-se-pone-de-moda-en-madrid\\\/\",\"url\":\"https:\\\/\\\/www.proinca.es\\\/madridfansblog\\\/la-escalada-se-pone-de-moda-en-madrid\\\/\",\"name\":\"Escalada Madrid.Proinca apartamentos de alquiler en Madrid\",\"isPartOf\":{\"@id\":\"https:\\\/\\\/www.proinca.es\\\/madridfansblog\\\/#website\"},\"primaryImageOfPage\":{\"@id\":\"https:\\\/\\\/www.proinca.es\\\/madridfansblog\\\/la-escalada-se-pone-de-moda-en-madrid\\\/#primaryimage\"},\"image\":{\"@id\":\"https:\\\/\\\/www.proinca.es\\\/madridfansblog\\\/la-escalada-se-pone-de-moda-en-madrid\\\/#primaryimage\"},\"thumbnailUrl\":\"https:\\\/\\\/www.proinca.es\\\/madridfansblog\\\/wp-content\\\/uploads\\\/2015\\\/02\\\/escalada-en-madrid.jpg\",\"datePublished\":\"2015-02-12T17:35:11+00:00\",\"dateModified\":\"2025-05-28T12:02:18+00:00\",\"description\":\"Un deporte con mucho tir\u00f3n en Madrid.La escalada atrae cada vez a m\u00e1s apasionados de la verticalidad.Patrocinado por Proinca apartamentos de alquiler en Madrid\",\"inLanguage\":\"es\",\"potentialAction\":[{\"@type\":\"ReadAction\",\"target\":[\"https:\\\/\\\/www.proinca.es\\\/madridfansblog\\\/la-escalada-se-pone-de-moda-en-madrid\\\/\"]}]},{\"@type\":\"ImageObject\",\"inLanguage\":\"es\",\"@id\":\"https:\\\/\\\/www.proinca.es\\\/madridfansblog\\\/la-escalada-se-pone-de-moda-en-madrid\\\/#primaryimage\",\"url\":\"https:\\\/\\\/www.proinca.es\\\/madridfansblog\\\/wp-content\\\/uploads\\\/2015\\\/02\\\/escalada-en-madrid.jpg\",\"contentUrl\":\"https:\\\/\\\/www.proinca.es\\\/madridfansblog\\\/wp-content\\\/uploads\\\/2015\\\/02\\\/escalada-en-madrid.jpg\",\"width\":1000,\"height\":667,\"caption\":\"La escalada se pone de moda en Madrid\"},{\"@type\":\"WebSite\",\"@id\":\"https:\\\/\\\/www.proinca.es\\\/madridfansblog\\\/#website\",\"url\":\"https:\\\/\\\/www.proinca.es\\\/madridfansblog\\\/\",\"name\":\"Madrid Fans Blog Proinca\",\"description\":\"Pisos y apartamentos de alquiler en Madrid\",\"publisher\":{\"@id\":\"https:\\\/\\\/www.proinca.es\\\/madridfansblog\\\/#organization\"},\"potentialAction\":[{\"@type\":\"SearchAction\",\"target\":{\"@type\":\"EntryPoint\",\"urlTemplate\":\"https:\\\/\\\/www.proinca.es\\\/madridfansblog\\\/?s={search_term_string}\"},\"query-input\":{\"@type\":\"PropertyValueSpecification\",\"valueRequired\":true,\"valueName\":\"search_term_string\"}}],\"inLanguage\":\"es\"},{\"@type\":\"Organization\",\"@id\":\"https:\\\/\\\/www.proinca.es\\\/madridfansblog\\\/#organization\",\"name\":\"Proinca\",\"url\":\"https:\\\/\\\/www.proinca.es\\\/madridfansblog\\\/\",\"logo\":{\"@type\":\"ImageObject\",\"inLanguage\":\"es\",\"@id\":\"https:\\\/\\\/www.proinca.es\\\/madridfansblog\\\/#\\\/schema\\\/logo\\\/image\\\/\",\"url\":\"https:\\\/\\\/www.proinca.es\\\/madridfansblog\\\/wp-content\\\/uploads\\\/2022\\\/03\\\/logo-proinca.jpg\",\"contentUrl\":\"https:\\\/\\\/www.proinca.es\\\/madridfansblog\\\/wp-content\\\/uploads\\\/2022\\\/03\\\/logo-proinca.jpg\",\"width\":522,\"height\":250,\"caption\":\"Proinca\"},\"image\":{\"@id\":\"https:\\\/\\\/www.proinca.es\\\/madridfansblog\\\/#\\\/schema\\\/logo\\\/image\\\/\"}},{\"@type\":\"Person\",\"@id\":\"https:\\\/\\\/www.proinca.es\\\/madridfansblog\\\/#\\\/schema\\\/person\\\/8401adc89c0a0f5a3574c43326247f1e\",\"name\":\"Ana Calero\",\"image\":{\"@type\":\"ImageObject\",\"inLanguage\":\"es\",\"@id\":\"https:\\\/\\\/www.proinca.es\\\/madridfansblog\\\/wp-content\\\/litespeed\\\/avatar\\\/ef51b25c0718910f475570320941ef46.jpg?ver=1777379772\",\"url\":\"https:\\\/\\\/www.proinca.es\\\/madridfansblog\\\/wp-content\\\/litespeed\\\/avatar\\\/ef51b25c0718910f475570320941ef46.jpg?ver=1777379772\",\"contentUrl\":\"https:\\\/\\\/www.proinca.es\\\/madridfansblog\\\/wp-content\\\/litespeed\\\/avatar\\\/ef51b25c0718910f475570320941ef46.jpg?ver=1777379772\",\"caption\":\"Ana Calero\"},\"description\":\"Licenciada en Ciencias Empresariales por la Universidad Aut\u00f3noma de Madrid. Forma parte del equipo de Apartamentos Proinca y es una enamorada de Madrid\",\"sameAs\":[\"https:\\\/\\\/www.proinca.es\\\/madridfansblog\\\/ana-calero\\\/\"]}]}<\/script>\n<!-- \/ Yoast SEO plugin. -->","yoast_head_json":{"title":"Escalada Madrid.Proinca apartamentos de alquiler en Madrid","description":"Un deporte con mucho tir\u00f3n en Madrid.La escalada atrae cada vez a m\u00e1s apasionados de la verticalidad.Patrocinado por Proinca apartamentos de alquiler en Madrid","robots":{"index":"index","follow":"follow","max-snippet":"max-snippet:-1","max-image-preview":"max-image-preview:large","max-video-preview":"max-video-preview:-1"},"canonical":"https:\/\/www.proinca.es\/madridfansblog\/la-escalada-se-pone-de-moda-en-madrid\/","og_locale":"es_ES","og_type":"article","og_title":"Escalada Madrid.Proinca apartamentos de alquiler en Madrid","og_description":"Un deporte con mucho tir\u00f3n en Madrid.La escalada atrae cada vez a m\u00e1s apasionados de la verticalidad.Patrocinado por Proinca apartamentos de alquiler en Madrid","og_url":"https:\/\/www.proinca.es\/madridfansblog\/la-escalada-se-pone-de-moda-en-madrid\/","og_site_name":"Blog Proinca Madrid","article_published_time":"2015-02-12T17:35:11+00:00","article_modified_time":"2025-05-28T12:02:18+00:00","og_image":[{"width":1000,"height":667,"url":"https:\/\/www.proinca.es\/madridfansblog\/wp-content\/uploads\/2015\/02\/escalada-en-madrid.jpg","type":"image\/jpeg"}],"author":"Ana Calero","schema":{"@context":"https:\/\/schema.org","@graph":[{"@type":"Article","@id":"https:\/\/www.proinca.es\/madridfansblog\/la-escalada-se-pone-de-moda-en-madrid\/#article","isPartOf":{"@id":"https:\/\/www.proinca.es\/madridfansblog\/la-escalada-se-pone-de-moda-en-madrid\/"},"author":{"name":"Ana Calero","@id":"https:\/\/www.proinca.es\/madridfansblog\/#\/schema\/person\/8401adc89c0a0f5a3574c43326247f1e"},"headline":"LA ESCALADA SE PONE DE MODA EN MADRID","datePublished":"2015-02-12T17:35:11+00:00","dateModified":"2025-05-28T12:02:18+00:00","mainEntityOfPage":{"@id":"https:\/\/www.proinca.es\/madridfansblog\/la-escalada-se-pone-de-moda-en-madrid\/"},"wordCount":413,"publisher":{"@id":"https:\/\/www.proinca.es\/madridfansblog\/#organization"},"image":{"@id":"https:\/\/www.proinca.es\/madridfansblog\/la-escalada-se-pone-de-moda-en-madrid\/#primaryimage"},"thumbnailUrl":"https:\/\/www.proinca.es\/madridfansblog\/wp-content\/uploads\/2015\/02\/escalada-en-madrid.jpg","keywords":["Afterwork","Deporte","Ecolog\u00eda","Medio Ambiente"],"articleSection":["VIVIR MADRID"],"inLanguage":"es"},{"@type":"WebPage","@id":"https:\/\/www.proinca.es\/madridfansblog\/la-escalada-se-pone-de-moda-en-madrid\/","url":"https:\/\/www.proinca.es\/madridfansblog\/la-escalada-se-pone-de-moda-en-madrid\/","name":"Escalada Madrid.Proinca apartamentos de alquiler en Madrid","isPartOf":{"@id":"https:\/\/www.proinca.es\/madridfansblog\/#website"},"primaryImageOfPage":{"@id":"https:\/\/www.proinca.es\/madridfansblog\/la-escalada-se-pone-de-moda-en-madrid\/#primaryimage"},"image":{"@id":"https:\/\/www.proinca.es\/madridfansblog\/la-escalada-se-pone-de-moda-en-madrid\/#primaryimage"},"thumbnailUrl":"https:\/\/www.proinca.es\/madridfansblog\/wp-content\/uploads\/2015\/02\/escalada-en-madrid.jpg","datePublished":"2015-02-12T17:35:11+00:00","dateModified":"2025-05-28T12:02:18+00:00","description":"Un deporte con mucho tir\u00f3n en Madrid.La escalada atrae cada vez a m\u00e1s apasionados de la verticalidad.Patrocinado por Proinca apartamentos de alquiler en Madrid","inLanguage":"es","potentialAction":[{"@type":"ReadAction","target":["https:\/\/www.proinca.es\/madridfansblog\/la-escalada-se-pone-de-moda-en-madrid\/"]}]},{"@type":"ImageObject","inLanguage":"es","@id":"https:\/\/www.proinca.es\/madridfansblog\/la-escalada-se-pone-de-moda-en-madrid\/#primaryimage","url":"https:\/\/www.proinca.es\/madridfansblog\/wp-content\/uploads\/2015\/02\/escalada-en-madrid.jpg","contentUrl":"https:\/\/www.proinca.es\/madridfansblog\/wp-content\/uploads\/2015\/02\/escalada-en-madrid.jpg","width":1000,"height":667,"caption":"La escalada se pone de moda en Madrid"},{"@type":"WebSite","@id":"https:\/\/www.proinca.es\/madridfansblog\/#website","url":"https:\/\/www.proinca.es\/madridfansblog\/","name":"Madrid Fans Blog Proinca","description":"Pisos y apartamentos de alquiler en Madrid","publisher":{"@id":"https:\/\/www.proinca.es\/madridfansblog\/#organization"},"potentialAction":[{"@type":"SearchAction","target":{"@type":"EntryPoint","urlTemplate":"https:\/\/www.proinca.es\/madridfansblog\/?s={search_term_string}"},"query-input":{"@type":"PropertyValueSpecification","valueRequired":true,"valueName":"search_term_string"}}],"inLanguage":"es"},{"@type":"Organization","@id":"https:\/\/www.proinca.es\/madridfansblog\/#organization","name":"Proinca","url":"https:\/\/www.proinca.es\/madridfansblog\/","logo":{"@type":"ImageObject","inLanguage":"es","@id":"https:\/\/www.proinca.es\/madridfansblog\/#\/schema\/logo\/image\/","url":"https:\/\/www.proinca.es\/madridfansblog\/wp-content\/uploads\/2022\/03\/logo-proinca.jpg","contentUrl":"https:\/\/www.proinca.es\/madridfansblog\/wp-content\/uploads\/2022\/03\/logo-proinca.jpg","width":522,"height":250,"caption":"Proinca"},"image":{"@id":"https:\/\/www.proinca.es\/madridfansblog\/#\/schema\/logo\/image\/"}},{"@type":"Person","@id":"https:\/\/www.proinca.es\/madridfansblog\/#\/schema\/person\/8401adc89c0a0f5a3574c43326247f1e","name":"Ana Calero","image":{"@type":"ImageObject","inLanguage":"es","@id":"https:\/\/www.proinca.es\/madridfansblog\/wp-content\/litespeed\/avatar\/ef51b25c0718910f475570320941ef46.jpg?ver=1777379772","url":"https:\/\/www.proinca.es\/madridfansblog\/wp-content\/litespeed\/avatar\/ef51b25c0718910f475570320941ef46.jpg?ver=1777379772","contentUrl":"https:\/\/www.proinca.es\/madridfansblog\/wp-content\/litespeed\/avatar\/ef51b25c0718910f475570320941ef46.jpg?ver=1777379772","caption":"Ana Calero"},"description":"Licenciada en Ciencias Empresariales por la Universidad Aut\u00f3noma de Madrid. Forma parte del equipo de Apartamentos Proinca y es una enamorada de Madrid","sameAs":["https:\/\/www.proinca.es\/madridfansblog\/ana-calero\/"]}]}},"_links":{"self":[{"href":"https:\/\/www.proinca.es\/madridfansblog\/wp-json\/wp\/v2\/posts\/3329","targetHints":{"allow":["GET"]}}],"collection":[{"href":"https:\/\/www.proinca.es\/madridfansblog\/wp-json\/wp\/v2\/posts"}],"about":[{"href":"https:\/\/www.proinca.es\/madridfansblog\/wp-json\/wp\/v2\/types\/post"}],"author":[{"embeddable":true,"href":"https:\/\/www.proinca.es\/madridfansblog\/wp-json\/wp\/v2\/users\/4"}],"replies":[{"embeddable":true,"href":"https:\/\/www.proinca.es\/madridfansblog\/wp-json\/wp\/v2\/comments?post=3329"}],"version-history":[{"count":26,"href":"https:\/\/www.proinca.es\/madridfansblog\/wp-json\/wp\/v2\/posts\/3329\/revisions"}],"predecessor-version":[{"id":7632,"href":"https:\/\/www.proinca.es\/madridfansblog\/wp-json\/wp\/v2\/posts\/3329\/revisions\/7632"}],"wp:featuredmedia":[{"embeddable":true,"href":"https:\/\/www.proinca.es\/madridfansblog\/wp-json\/wp\/v2\/media\/7172"}],"wp:attachment":[{"href":"https:\/\/www.proinca.es\/madridfansblog\/wp-json\/wp\/v2\/media?parent=3329"}],"wp:term":[{"taxonomy":"category","embeddable":true,"href":"https:\/\/www.proinca.es\/madridfansblog\/wp-json\/wp\/v2\/categories?post=3329"},{"taxonomy":"post_tag","embeddable":true,"href":"https:\/\/www.proinca.es\/madridfansblog\/wp-json\/wp\/v2\/tags?post=3329"}],"curies":[{"name":"wp","href":"https:\/\/api.w.org\/{rel}","templated":true}]}}