{"id":3408,"date":"2015-03-12T19:39:26","date_gmt":"2015-03-12T18:39:26","guid":{"rendered":"http:\/\/www.proinca.es\/madridfansblog\/?p=3408"},"modified":"2025-05-28T15:29:23","modified_gmt":"2025-05-28T13:29:23","slug":"talleres-de-cocina-basica-en-madrid-para-afrontar-el-dia-a-dia","status":"publish","type":"post","link":"https:\/\/www.proinca.es\/madridfansblog\/talleres-de-cocina-basica-en-madrid-para-afrontar-el-dia-a-dia\/","title":{"rendered":"TALLERES DE COCINA B\u00c1SICA EN MADRID&#8230;.PARA AFRONTAR EL D\u00cdA A D\u00cdA"},"content":{"rendered":"<p>La <b>ciudad de <\/b><strong>Madrid<\/strong> tiene de todo y en ese \u201cde todo\u201d tambi\u00e9n caben los <strong>talleres de cocina<\/strong> para amateurs que no quieren convertirse en grandes chefs<!--more--> sino, simplemente, sobrevivir fuera de casa.<\/p>\n<p>Estar\u00e1s de acuerdo con nosotros en que una de las cosas que m\u00e1s se echa de menos cuando dejas el hogar por primera vez es la comida casera. Desconoces la raz\u00f3n, pero las lentejas no saben a lentejas, la tortilla de patata ni se asemeja a la de tu madre y te das cuenta de que hacer un cocido tiene su misterio. Para evitar que la comida r\u00e1pida se apodere de tu econom\u00eda dom\u00e9stica y los bocadillos se conviertan en tu principal fuente de alimentaci\u00f3n, te vamos a proponer algunos <strong>talleres de cocina<\/strong><b> <\/b>sencillos y divertidos con los que aprender a desenvolverte en la cocina.<\/p>\n<p>Apetit`oh! pone sus fogones al servicio de todos aquellos novatos que quieren aprender a cocinar platos tan socorridos como un cocido madrile\u00f1o, alb\u00f3ndigas, lentejas, merluza en salsa verde, arroz con leche e incluso postres un poco m\u00e1s sofisticados como el tiramus\u00fa. Adem\u00e1s, dispone de cupones regalo para \u201cponer las pilas\u201d a aquellos amigos cuya invitaci\u00f3n a cenar siempre consiste en una pizza.<\/p>\n<p>Otra buena apuesta es la de Amparo Gonz\u00e1lez, de Alambique, experta en impartir cursos para primerizos a los que ense\u00f1a no solo c\u00f3mo cocinar sino las virtudes de los alimentos, la variedad de utensilios que se pueden utilizar o c\u00f3mo organizar el trabajo en la cocina.<\/p>\n<p>Un <strong>taller de cocina<\/strong> diferente que nos ha llamado la atenci\u00f3n es el que imparte la Uni\u00f3n Vegetariana Espa\u00f1ola, de iniciaci\u00f3n a la cocina macrobi\u00f3tica y vegetariana, y que tiene lugar todos los domingos de 18.00 a 22.00 horas en La Biotika.<\/p>\n<p>En cuanto a Gourmet Madrid, cuenta con una propuesta de cursos donde no solo se aprenden recetas de toda la vida, sino que se visitan los mercados m\u00e1s populares de <strong>Madrid<\/strong> por su diversidad y calidad de productos.<\/p>\n<p>Y si buscas un punto de sofisticaci\u00f3n, Sue\u00f1os de Cocina, la escuela de Nacho Garbayo, tambi\u00e9n dispone de talleres esenciales para aprender \u201ccocina de supervivencia\u201d, c\u00f3mo elaborar \u201censaladas diferentes\u201d o la forma m\u00e1s r\u00e1pida y sencilla de preparar una rica \u201ccrema de invierno\u201d. Los <strong>talleres de cocina<\/strong>, de dos horas, se desarrollan siempre en d\u00edas laborables y est\u00e1n enfocados al d\u00eda a d\u00eda en casa.<\/p>\n<p>Informaci\u00f3n patrocinada por\u00a0<strong><a title=\"Proinca apartamentos de alquiler en Madrid\" href=\"http:\/\/www.proinca.es\" target=\"_blank\" rel=\"noopener\">Proinca: Apartamentos de alquiler en Madrid<\/a><\/strong><\/p>\n<p>Foto de Maarten van den Heuvel en Unsplash<\/p>\n\n\n<div class=\"kk-star-ratings kksr-auto kksr-align-left kksr-valign-bottom\"\n    data-payload='{&quot;align&quot;:&quot;left&quot;,&quot;id&quot;:&quot;3408&quot;,&quot;slug&quot;:&quot;default&quot;,&quot;valign&quot;:&quot;bottom&quot;,&quot;ignore&quot;:&quot;&quot;,&quot;reference&quot;:&quot;auto&quot;,&quot;class&quot;:&quot;&quot;,&quot;count&quot;:&quot;0&quot;,&quot;legendonly&quot;:&quot;&quot;,&quot;readonly&quot;:&quot;&quot;,&quot;score&quot;:&quot;0&quot;,&quot;starsonly&quot;:&quot;&quot;,&quot;best&quot;:&quot;5&quot;,&quot;gap&quot;:&quot;1&quot;,&quot;greet&quot;:&quot;Valora este art\u00edculo&quot;,&quot;legend&quot;:&quot;0\\\/5 - (0 votos)&quot;,&quot;size&quot;:&quot;24&quot;,&quot;title&quot;:&quot;TALLERES DE COCINA B\u00c1SICA EN MADRID....PARA AFRONTAR EL D\u00cdA A D\u00cdA&quot;,&quot;width&quot;:&quot;0&quot;,&quot;_legend&quot;:&quot;{score}\\\/{best} - ({count} {votes})&quot;,&quot;font_factor&quot;:&quot;1.25&quot;}'>\n            \n<div class=\"kksr-stars\">\n    \n<div class=\"kksr-stars-inactive\">\n            <div class=\"kksr-star\" data-star=\"1\" style=\"padding-right: 1px\">\n            \n\n<div class=\"kksr-icon\" style=\"width: 24px; height: 24px;\"><\/div>\n        <\/div>\n            <div class=\"kksr-star\" data-star=\"2\" style=\"padding-right: 1px\">\n            \n\n<div class=\"kksr-icon\" style=\"width: 24px; height: 24px;\"><\/div>\n        <\/div>\n            <div class=\"kksr-star\" data-star=\"3\" style=\"padding-right: 1px\">\n            \n\n<div class=\"kksr-icon\" style=\"width: 24px; height: 24px;\"><\/div>\n        <\/div>\n            <div class=\"kksr-star\" data-star=\"4\" style=\"padding-right: 1px\">\n            \n\n<div class=\"kksr-icon\" style=\"width: 24px; height: 24px;\"><\/div>\n        <\/div>\n            <div class=\"kksr-star\" data-star=\"5\" style=\"padding-right: 1px\">\n            \n\n<div class=\"kksr-icon\" style=\"width: 24px; height: 24px;\"><\/div>\n        <\/div>\n    <\/div>\n    \n<div class=\"kksr-stars-active\" style=\"width: 0px;\">\n            <div class=\"kksr-star\" style=\"padding-right: 1px\">\n            \n\n<div class=\"kksr-icon\" style=\"width: 24px; height: 24px;\"><\/div>\n        <\/div>\n            <div class=\"kksr-star\" style=\"padding-right: 1px\">\n            \n\n<div class=\"kksr-icon\" style=\"width: 24px; height: 24px;\"><\/div>\n        <\/div>\n            <div class=\"kksr-star\" style=\"padding-right: 1px\">\n            \n\n<div class=\"kksr-icon\" style=\"width: 24px; height: 24px;\"><\/div>\n        <\/div>\n            <div class=\"kksr-star\" style=\"padding-right: 1px\">\n            \n\n<div class=\"kksr-icon\" style=\"width: 24px; height: 24px;\"><\/div>\n        <\/div>\n            <div class=\"kksr-star\" style=\"padding-right: 1px\">\n            \n\n<div class=\"kksr-icon\" style=\"width: 24px; height: 24px;\"><\/div>\n        <\/div>\n    <\/div>\n<\/div>\n                \n\n<div class=\"kksr-legend\" style=\"font-size: 19.2px;\">\n            <span class=\"kksr-muted\">Valora este art\u00edculo<\/span>\n    <\/div>\n    <\/div>\n","protected":false},"excerpt":{"rendered":"<p>La ciudad de Madrid tiene de todo y en ese  [&#8230;]<\/p>\n","protected":false},"author":4,"featured_media":7178,"comment_status":"closed","ping_status":"closed","sticky":false,"template":"","format":"standard","meta":{"footnotes":""},"categories":[79],"tags":[36,30,5],"class_list":["post-3408","post","type-post","status-publish","format-standard","has-post-thumbnail","hentry","category-vivir-madrid","tag-afterwork","tag-gastronomia","tag-madrid"],"yoast_head":"<!-- This site is optimized with the Yoast SEO plugin v27.4 - https:\/\/yoast.com\/product\/yoast-seo-wordpress\/ -->\n<title>Talleres de cocinaProinca apartamentos de alquiler en Madrid<\/title>\n<meta name=\"description\" content=\"En ese \u201cde todo\u201dque tiene Madrid est\u00e1n los talleres de cocina para amateurs ,sencillos y divertidos.Patrocinado por Proinca apartamentos de alquiler en Madrid\" \/>\n<meta name=\"robots\" content=\"index, follow, max-snippet:-1, max-image-preview:large, max-video-preview:-1\" \/>\n<link rel=\"canonical\" href=\"https:\/\/www.proinca.es\/madridfansblog\/talleres-de-cocina-basica-en-madrid-para-afrontar-el-dia-a-dia\/\" \/>\n<meta property=\"og:locale\" content=\"es_ES\" \/>\n<meta property=\"og:type\" content=\"article\" \/>\n<meta property=\"og:title\" content=\"Talleres de cocinaProinca apartamentos de alquiler en Madrid\" \/>\n<meta property=\"og:description\" content=\"En ese \u201cde todo\u201dque tiene Madrid est\u00e1n los talleres de cocina para amateurs ,sencillos y divertidos.Patrocinado por Proinca apartamentos de alquiler en Madrid\" \/>\n<meta property=\"og:url\" content=\"https:\/\/www.proinca.es\/madridfansblog\/talleres-de-cocina-basica-en-madrid-para-afrontar-el-dia-a-dia\/\" \/>\n<meta property=\"og:site_name\" content=\"Blog Proinca Madrid\" \/>\n<meta property=\"article:published_time\" content=\"2015-03-12T18:39:26+00:00\" \/>\n<meta property=\"article:modified_time\" content=\"2025-05-28T13:29:23+00:00\" \/>\n<meta property=\"og:image\" content=\"https:\/\/www.proinca.es\/madridfansblog\/wp-content\/uploads\/2015\/03\/talleres-de-cocina-basica.jpg\" \/>\n\t<meta property=\"og:image:width\" content=\"1000\" \/>\n\t<meta property=\"og:image:height\" content=\"750\" \/>\n\t<meta property=\"og:image:type\" content=\"image\/jpeg\" \/>\n<meta name=\"author\" content=\"Ana Calero\" \/>\n<script type=\"application\/ld+json\" class=\"yoast-schema-graph\">{\"@context\":\"https:\\\/\\\/schema.org\",\"@graph\":[{\"@type\":\"Article\",\"@id\":\"https:\\\/\\\/www.proinca.es\\\/madridfansblog\\\/talleres-de-cocina-basica-en-madrid-para-afrontar-el-dia-a-dia\\\/#article\",\"isPartOf\":{\"@id\":\"https:\\\/\\\/www.proinca.es\\\/madridfansblog\\\/talleres-de-cocina-basica-en-madrid-para-afrontar-el-dia-a-dia\\\/\"},\"author\":{\"name\":\"Ana Calero\",\"@id\":\"https:\\\/\\\/www.proinca.es\\\/madridfansblog\\\/#\\\/schema\\\/person\\\/8401adc89c0a0f5a3574c43326247f1e\"},\"headline\":\"TALLERES DE COCINA B\u00c1SICA EN MADRID&#8230;.PARA AFRONTAR EL D\u00cdA A D\u00cdA\",\"datePublished\":\"2015-03-12T18:39:26+00:00\",\"dateModified\":\"2025-05-28T13:29:23+00:00\",\"mainEntityOfPage\":{\"@id\":\"https:\\\/\\\/www.proinca.es\\\/madridfansblog\\\/talleres-de-cocina-basica-en-madrid-para-afrontar-el-dia-a-dia\\\/\"},\"wordCount\":456,\"publisher\":{\"@id\":\"https:\\\/\\\/www.proinca.es\\\/madridfansblog\\\/#organization\"},\"image\":{\"@id\":\"https:\\\/\\\/www.proinca.es\\\/madridfansblog\\\/talleres-de-cocina-basica-en-madrid-para-afrontar-el-dia-a-dia\\\/#primaryimage\"},\"thumbnailUrl\":\"https:\\\/\\\/www.proinca.es\\\/madridfansblog\\\/wp-content\\\/uploads\\\/2015\\\/03\\\/talleres-de-cocina-basica.jpg\",\"keywords\":[\"Afterwork\",\"Gastronom\u00eda\",\"Madrid\"],\"articleSection\":[\"VIVIR MADRID\"],\"inLanguage\":\"es\"},{\"@type\":\"WebPage\",\"@id\":\"https:\\\/\\\/www.proinca.es\\\/madridfansblog\\\/talleres-de-cocina-basica-en-madrid-para-afrontar-el-dia-a-dia\\\/\",\"url\":\"https:\\\/\\\/www.proinca.es\\\/madridfansblog\\\/talleres-de-cocina-basica-en-madrid-para-afrontar-el-dia-a-dia\\\/\",\"name\":\"Talleres de cocinaProinca apartamentos de alquiler en Madrid\",\"isPartOf\":{\"@id\":\"https:\\\/\\\/www.proinca.es\\\/madridfansblog\\\/#website\"},\"primaryImageOfPage\":{\"@id\":\"https:\\\/\\\/www.proinca.es\\\/madridfansblog\\\/talleres-de-cocina-basica-en-madrid-para-afrontar-el-dia-a-dia\\\/#primaryimage\"},\"image\":{\"@id\":\"https:\\\/\\\/www.proinca.es\\\/madridfansblog\\\/talleres-de-cocina-basica-en-madrid-para-afrontar-el-dia-a-dia\\\/#primaryimage\"},\"thumbnailUrl\":\"https:\\\/\\\/www.proinca.es\\\/madridfansblog\\\/wp-content\\\/uploads\\\/2015\\\/03\\\/talleres-de-cocina-basica.jpg\",\"datePublished\":\"2015-03-12T18:39:26+00:00\",\"dateModified\":\"2025-05-28T13:29:23+00:00\",\"description\":\"En ese \u201cde todo\u201dque tiene Madrid est\u00e1n los talleres de cocina para amateurs ,sencillos y divertidos.Patrocinado por Proinca apartamentos de alquiler en Madrid\",\"inLanguage\":\"es\",\"potentialAction\":[{\"@type\":\"ReadAction\",\"target\":[\"https:\\\/\\\/www.proinca.es\\\/madridfansblog\\\/talleres-de-cocina-basica-en-madrid-para-afrontar-el-dia-a-dia\\\/\"]}]},{\"@type\":\"ImageObject\",\"inLanguage\":\"es\",\"@id\":\"https:\\\/\\\/www.proinca.es\\\/madridfansblog\\\/talleres-de-cocina-basica-en-madrid-para-afrontar-el-dia-a-dia\\\/#primaryimage\",\"url\":\"https:\\\/\\\/www.proinca.es\\\/madridfansblog\\\/wp-content\\\/uploads\\\/2015\\\/03\\\/talleres-de-cocina-basica.jpg\",\"contentUrl\":\"https:\\\/\\\/www.proinca.es\\\/madridfansblog\\\/wp-content\\\/uploads\\\/2015\\\/03\\\/talleres-de-cocina-basica.jpg\",\"width\":1000,\"height\":750,\"caption\":\"Talleres de cocina b\u00e1sica en Madrid\u2026.para afrontar el d\u00eda a d\u00eda\"},{\"@type\":\"WebSite\",\"@id\":\"https:\\\/\\\/www.proinca.es\\\/madridfansblog\\\/#website\",\"url\":\"https:\\\/\\\/www.proinca.es\\\/madridfansblog\\\/\",\"name\":\"Madrid Fans Blog Proinca\",\"description\":\"Pisos y apartamentos de alquiler en Madrid\",\"publisher\":{\"@id\":\"https:\\\/\\\/www.proinca.es\\\/madridfansblog\\\/#organization\"},\"potentialAction\":[{\"@type\":\"SearchAction\",\"target\":{\"@type\":\"EntryPoint\",\"urlTemplate\":\"https:\\\/\\\/www.proinca.es\\\/madridfansblog\\\/?s={search_term_string}\"},\"query-input\":{\"@type\":\"PropertyValueSpecification\",\"valueRequired\":true,\"valueName\":\"search_term_string\"}}],\"inLanguage\":\"es\"},{\"@type\":\"Organization\",\"@id\":\"https:\\\/\\\/www.proinca.es\\\/madridfansblog\\\/#organization\",\"name\":\"Proinca\",\"url\":\"https:\\\/\\\/www.proinca.es\\\/madridfansblog\\\/\",\"logo\":{\"@type\":\"ImageObject\",\"inLanguage\":\"es\",\"@id\":\"https:\\\/\\\/www.proinca.es\\\/madridfansblog\\\/#\\\/schema\\\/logo\\\/image\\\/\",\"url\":\"https:\\\/\\\/www.proinca.es\\\/madridfansblog\\\/wp-content\\\/uploads\\\/2022\\\/03\\\/logo-proinca.jpg\",\"contentUrl\":\"https:\\\/\\\/www.proinca.es\\\/madridfansblog\\\/wp-content\\\/uploads\\\/2022\\\/03\\\/logo-proinca.jpg\",\"width\":522,\"height\":250,\"caption\":\"Proinca\"},\"image\":{\"@id\":\"https:\\\/\\\/www.proinca.es\\\/madridfansblog\\\/#\\\/schema\\\/logo\\\/image\\\/\"}},{\"@type\":\"Person\",\"@id\":\"https:\\\/\\\/www.proinca.es\\\/madridfansblog\\\/#\\\/schema\\\/person\\\/8401adc89c0a0f5a3574c43326247f1e\",\"name\":\"Ana Calero\",\"image\":{\"@type\":\"ImageObject\",\"inLanguage\":\"es\",\"@id\":\"https:\\\/\\\/www.proinca.es\\\/madridfansblog\\\/wp-content\\\/litespeed\\\/avatar\\\/ef51b25c0718910f475570320941ef46.jpg?ver=1777379772\",\"url\":\"https:\\\/\\\/www.proinca.es\\\/madridfansblog\\\/wp-content\\\/litespeed\\\/avatar\\\/ef51b25c0718910f475570320941ef46.jpg?ver=1777379772\",\"contentUrl\":\"https:\\\/\\\/www.proinca.es\\\/madridfansblog\\\/wp-content\\\/litespeed\\\/avatar\\\/ef51b25c0718910f475570320941ef46.jpg?ver=1777379772\",\"caption\":\"Ana Calero\"},\"description\":\"Licenciada en Ciencias Empresariales por la Universidad Aut\u00f3noma de Madrid. Forma parte del equipo de Apartamentos Proinca y es una enamorada de Madrid\",\"sameAs\":[\"https:\\\/\\\/www.proinca.es\\\/madridfansblog\\\/ana-calero\\\/\"]}]}<\/script>\n<!-- \/ Yoast SEO plugin. -->","yoast_head_json":{"title":"Talleres de cocinaProinca apartamentos de alquiler en Madrid","description":"En ese \u201cde todo\u201dque tiene Madrid est\u00e1n los talleres de cocina para amateurs ,sencillos y divertidos.Patrocinado por Proinca apartamentos de alquiler en Madrid","robots":{"index":"index","follow":"follow","max-snippet":"max-snippet:-1","max-image-preview":"max-image-preview:large","max-video-preview":"max-video-preview:-1"},"canonical":"https:\/\/www.proinca.es\/madridfansblog\/talleres-de-cocina-basica-en-madrid-para-afrontar-el-dia-a-dia\/","og_locale":"es_ES","og_type":"article","og_title":"Talleres de cocinaProinca apartamentos de alquiler en Madrid","og_description":"En ese \u201cde todo\u201dque tiene Madrid est\u00e1n los talleres de cocina para amateurs ,sencillos y divertidos.Patrocinado por Proinca apartamentos de alquiler en Madrid","og_url":"https:\/\/www.proinca.es\/madridfansblog\/talleres-de-cocina-basica-en-madrid-para-afrontar-el-dia-a-dia\/","og_site_name":"Blog Proinca Madrid","article_published_time":"2015-03-12T18:39:26+00:00","article_modified_time":"2025-05-28T13:29:23+00:00","og_image":[{"width":1000,"height":750,"url":"https:\/\/www.proinca.es\/madridfansblog\/wp-content\/uploads\/2015\/03\/talleres-de-cocina-basica.jpg","type":"image\/jpeg"}],"author":"Ana Calero","schema":{"@context":"https:\/\/schema.org","@graph":[{"@type":"Article","@id":"https:\/\/www.proinca.es\/madridfansblog\/talleres-de-cocina-basica-en-madrid-para-afrontar-el-dia-a-dia\/#article","isPartOf":{"@id":"https:\/\/www.proinca.es\/madridfansblog\/talleres-de-cocina-basica-en-madrid-para-afrontar-el-dia-a-dia\/"},"author":{"name":"Ana Calero","@id":"https:\/\/www.proinca.es\/madridfansblog\/#\/schema\/person\/8401adc89c0a0f5a3574c43326247f1e"},"headline":"TALLERES DE COCINA B\u00c1SICA EN MADRID&#8230;.PARA AFRONTAR EL D\u00cdA A D\u00cdA","datePublished":"2015-03-12T18:39:26+00:00","dateModified":"2025-05-28T13:29:23+00:00","mainEntityOfPage":{"@id":"https:\/\/www.proinca.es\/madridfansblog\/talleres-de-cocina-basica-en-madrid-para-afrontar-el-dia-a-dia\/"},"wordCount":456,"publisher":{"@id":"https:\/\/www.proinca.es\/madridfansblog\/#organization"},"image":{"@id":"https:\/\/www.proinca.es\/madridfansblog\/talleres-de-cocina-basica-en-madrid-para-afrontar-el-dia-a-dia\/#primaryimage"},"thumbnailUrl":"https:\/\/www.proinca.es\/madridfansblog\/wp-content\/uploads\/2015\/03\/talleres-de-cocina-basica.jpg","keywords":["Afterwork","Gastronom\u00eda","Madrid"],"articleSection":["VIVIR MADRID"],"inLanguage":"es"},{"@type":"WebPage","@id":"https:\/\/www.proinca.es\/madridfansblog\/talleres-de-cocina-basica-en-madrid-para-afrontar-el-dia-a-dia\/","url":"https:\/\/www.proinca.es\/madridfansblog\/talleres-de-cocina-basica-en-madrid-para-afrontar-el-dia-a-dia\/","name":"Talleres de cocinaProinca apartamentos de alquiler en Madrid","isPartOf":{"@id":"https:\/\/www.proinca.es\/madridfansblog\/#website"},"primaryImageOfPage":{"@id":"https:\/\/www.proinca.es\/madridfansblog\/talleres-de-cocina-basica-en-madrid-para-afrontar-el-dia-a-dia\/#primaryimage"},"image":{"@id":"https:\/\/www.proinca.es\/madridfansblog\/talleres-de-cocina-basica-en-madrid-para-afrontar-el-dia-a-dia\/#primaryimage"},"thumbnailUrl":"https:\/\/www.proinca.es\/madridfansblog\/wp-content\/uploads\/2015\/03\/talleres-de-cocina-basica.jpg","datePublished":"2015-03-12T18:39:26+00:00","dateModified":"2025-05-28T13:29:23+00:00","description":"En ese \u201cde todo\u201dque tiene Madrid est\u00e1n los talleres de cocina para amateurs ,sencillos y divertidos.Patrocinado por Proinca apartamentos de alquiler en Madrid","inLanguage":"es","potentialAction":[{"@type":"ReadAction","target":["https:\/\/www.proinca.es\/madridfansblog\/talleres-de-cocina-basica-en-madrid-para-afrontar-el-dia-a-dia\/"]}]},{"@type":"ImageObject","inLanguage":"es","@id":"https:\/\/www.proinca.es\/madridfansblog\/talleres-de-cocina-basica-en-madrid-para-afrontar-el-dia-a-dia\/#primaryimage","url":"https:\/\/www.proinca.es\/madridfansblog\/wp-content\/uploads\/2015\/03\/talleres-de-cocina-basica.jpg","contentUrl":"https:\/\/www.proinca.es\/madridfansblog\/wp-content\/uploads\/2015\/03\/talleres-de-cocina-basica.jpg","width":1000,"height":750,"caption":"Talleres de cocina b\u00e1sica en Madrid\u2026.para afrontar el d\u00eda a d\u00eda"},{"@type":"WebSite","@id":"https:\/\/www.proinca.es\/madridfansblog\/#website","url":"https:\/\/www.proinca.es\/madridfansblog\/","name":"Madrid Fans Blog Proinca","description":"Pisos y apartamentos de alquiler en Madrid","publisher":{"@id":"https:\/\/www.proinca.es\/madridfansblog\/#organization"},"potentialAction":[{"@type":"SearchAction","target":{"@type":"EntryPoint","urlTemplate":"https:\/\/www.proinca.es\/madridfansblog\/?s={search_term_string}"},"query-input":{"@type":"PropertyValueSpecification","valueRequired":true,"valueName":"search_term_string"}}],"inLanguage":"es"},{"@type":"Organization","@id":"https:\/\/www.proinca.es\/madridfansblog\/#organization","name":"Proinca","url":"https:\/\/www.proinca.es\/madridfansblog\/","logo":{"@type":"ImageObject","inLanguage":"es","@id":"https:\/\/www.proinca.es\/madridfansblog\/#\/schema\/logo\/image\/","url":"https:\/\/www.proinca.es\/madridfansblog\/wp-content\/uploads\/2022\/03\/logo-proinca.jpg","contentUrl":"https:\/\/www.proinca.es\/madridfansblog\/wp-content\/uploads\/2022\/03\/logo-proinca.jpg","width":522,"height":250,"caption":"Proinca"},"image":{"@id":"https:\/\/www.proinca.es\/madridfansblog\/#\/schema\/logo\/image\/"}},{"@type":"Person","@id":"https:\/\/www.proinca.es\/madridfansblog\/#\/schema\/person\/8401adc89c0a0f5a3574c43326247f1e","name":"Ana Calero","image":{"@type":"ImageObject","inLanguage":"es","@id":"https:\/\/www.proinca.es\/madridfansblog\/wp-content\/litespeed\/avatar\/ef51b25c0718910f475570320941ef46.jpg?ver=1777379772","url":"https:\/\/www.proinca.es\/madridfansblog\/wp-content\/litespeed\/avatar\/ef51b25c0718910f475570320941ef46.jpg?ver=1777379772","contentUrl":"https:\/\/www.proinca.es\/madridfansblog\/wp-content\/litespeed\/avatar\/ef51b25c0718910f475570320941ef46.jpg?ver=1777379772","caption":"Ana Calero"},"description":"Licenciada en Ciencias Empresariales por la Universidad Aut\u00f3noma de Madrid. Forma parte del equipo de Apartamentos Proinca y es una enamorada de Madrid","sameAs":["https:\/\/www.proinca.es\/madridfansblog\/ana-calero\/"]}]}},"_links":{"self":[{"href":"https:\/\/www.proinca.es\/madridfansblog\/wp-json\/wp\/v2\/posts\/3408","targetHints":{"allow":["GET"]}}],"collection":[{"href":"https:\/\/www.proinca.es\/madridfansblog\/wp-json\/wp\/v2\/posts"}],"about":[{"href":"https:\/\/www.proinca.es\/madridfansblog\/wp-json\/wp\/v2\/types\/post"}],"author":[{"embeddable":true,"href":"https:\/\/www.proinca.es\/madridfansblog\/wp-json\/wp\/v2\/users\/4"}],"replies":[{"embeddable":true,"href":"https:\/\/www.proinca.es\/madridfansblog\/wp-json\/wp\/v2\/comments?post=3408"}],"version-history":[{"count":28,"href":"https:\/\/www.proinca.es\/madridfansblog\/wp-json\/wp\/v2\/posts\/3408\/revisions"}],"predecessor-version":[{"id":7630,"href":"https:\/\/www.proinca.es\/madridfansblog\/wp-json\/wp\/v2\/posts\/3408\/revisions\/7630"}],"wp:featuredmedia":[{"embeddable":true,"href":"https:\/\/www.proinca.es\/madridfansblog\/wp-json\/wp\/v2\/media\/7178"}],"wp:attachment":[{"href":"https:\/\/www.proinca.es\/madridfansblog\/wp-json\/wp\/v2\/media?parent=3408"}],"wp:term":[{"taxonomy":"category","embeddable":true,"href":"https:\/\/www.proinca.es\/madridfansblog\/wp-json\/wp\/v2\/categories?post=3408"},{"taxonomy":"post_tag","embeddable":true,"href":"https:\/\/www.proinca.es\/madridfansblog\/wp-json\/wp\/v2\/tags?post=3408"}],"curies":[{"name":"wp","href":"https:\/\/api.w.org\/{rel}","templated":true}]}}