{"id":3439,"date":"2015-03-23T19:12:48","date_gmt":"2015-03-23T18:12:48","guid":{"rendered":"http:\/\/www.proinca.es\/madridfansblog\/?p=3439"},"modified":"2025-05-28T15:29:29","modified_gmt":"2025-05-28T13:29:29","slug":"espacios-de-cultura-muy-cool-y-gratuita-en-madrid","status":"publish","type":"post","link":"https:\/\/www.proinca.es\/madridfansblog\/espacios-de-cultura-muy-cool-y-gratuita-en-madrid\/","title":{"rendered":"ESPACIOS DE CULTURA MUY COOL Y GRATUITA EN MADRID"},"content":{"rendered":"<p>Las \u00e1reas de encuentro del palacio Cibeles (actual sede del Ayuntamiento de <b>Madrid<\/b>), la Casa del Lector en el Matadero o la Academia de Cine de la calle Zurbano son solo tres ejemplos de ese buen pu\u00f1ado de espacios innovadores<!--more--> que la ciudad de <strong>Madrid<\/strong> pone a nuestra disposici\u00f3n de forma totalmente <strong>gratuita<\/strong>. La posibilidad de entrar libremente a estos lugares para disfrutar de su ambiente, comodidades y recursos convierte estas tres alternativas en un refugio para quienes quieren disfrutar de un poco de sofisticaci\u00f3n sin vaciar el bolsillo.<\/p>\n<p>La Academia de Cine de <b>Madrid<\/b>, por ejemplo, celebra<strong> pases gratuitos <\/strong>hasta completar aforo pr\u00e1cticamente todas las semanas. Durante el mes de febrero se han proyectado \u00c1tame, La corte del fara\u00f3n, R\u00e9quiem por un campesino espa\u00f1ol, La piel que habito o la nominada al \u00d3scar por mejor pel\u00edcula de habla no inglesa y fotograf\u00eda, Ida. En su p\u00e1gina web podr\u00e9is ver las propuestas para las pr\u00f3ximas semanas. Y en el cine Dor\u00e9 de <strong>Madrid <\/strong>(actual Filmoteca espa\u00f1ola) no disponemos de pases totalmente gratuitos pero s\u00ed muy asequibles, con sesiones a 2,50 \u20ac.<\/p>\n<p>Pero si lo que nos gusta es la m\u00fasica, en la Fundaci\u00f3n Juan March se celebran conciertos de rarezas musicales de siglos pasados as\u00ed como otros ciclos tem\u00e1ticos muy interesantes todos los s\u00e1bados con car\u00e1cter totalmente <strong>gratuito<\/strong>.<\/p>\n<p>Y para los amantes del teatro, la <b>Real Escuela Superior de Arte Dram\u00e1tico <\/b><b><span style=\"text-decoration: underline;\">de Madri<b>d<\/b><\/span><\/b><b> ofrece<\/b> una interesante programaci\u00f3n con pases libres para descubrir nuevos talentos de nuestra escenograf\u00eda.\u00a0 La entrada es <strong>gratuita<\/strong> hasta completar aforo. Muy econ\u00f3mica es tambi\u00e9n la propuesta de ArtEspacio PLOT POINT, donde todos los mi\u00e9rcoles podemos disfrutar de pases en los que pagas lo que quieras.<\/p>\n<p>Ya veis, disfrutar de la cultura de forma totalmente gratuita en <strong>Madrid<\/strong> es posible, solo hay que \u201cbucear\u201d en el mar de propuestas que cada semana lanzan los distintos espacios, ya sean p\u00fablicos o privados, de la ciudad.<\/p>\n<p>Informaci\u00f3n patrocinada por\u00a0<strong><a title=\"Proinca apartamentos de alquiler en Madrid\" href=\"http:\/\/www.proinca.es\" target=\"_blank\" rel=\"noopener\">Proinca: Apartamentos de alquiler en Madrid<\/a><\/strong><\/p>\n<p>Foto de Tim Depickere en Unsplash<\/p>\n\n\n<div class=\"kk-star-ratings kksr-auto kksr-align-left kksr-valign-bottom\"\n    data-payload='{&quot;align&quot;:&quot;left&quot;,&quot;id&quot;:&quot;3439&quot;,&quot;slug&quot;:&quot;default&quot;,&quot;valign&quot;:&quot;bottom&quot;,&quot;ignore&quot;:&quot;&quot;,&quot;reference&quot;:&quot;auto&quot;,&quot;class&quot;:&quot;&quot;,&quot;count&quot;:&quot;0&quot;,&quot;legendonly&quot;:&quot;&quot;,&quot;readonly&quot;:&quot;&quot;,&quot;score&quot;:&quot;0&quot;,&quot;starsonly&quot;:&quot;&quot;,&quot;best&quot;:&quot;5&quot;,&quot;gap&quot;:&quot;1&quot;,&quot;greet&quot;:&quot;Valora este art\u00edculo&quot;,&quot;legend&quot;:&quot;0\\\/5 - (0 votos)&quot;,&quot;size&quot;:&quot;24&quot;,&quot;title&quot;:&quot;ESPACIOS DE CULTURA MUY COOL Y GRATUITA EN MADRID&quot;,&quot;width&quot;:&quot;0&quot;,&quot;_legend&quot;:&quot;{score}\\\/{best} - ({count} {votes})&quot;,&quot;font_factor&quot;:&quot;1.25&quot;}'>\n            \n<div class=\"kksr-stars\">\n    \n<div class=\"kksr-stars-inactive\">\n            <div class=\"kksr-star\" data-star=\"1\" style=\"padding-right: 1px\">\n            \n\n<div class=\"kksr-icon\" style=\"width: 24px; height: 24px;\"><\/div>\n        <\/div>\n            <div class=\"kksr-star\" data-star=\"2\" style=\"padding-right: 1px\">\n            \n\n<div class=\"kksr-icon\" style=\"width: 24px; height: 24px;\"><\/div>\n        <\/div>\n            <div class=\"kksr-star\" data-star=\"3\" style=\"padding-right: 1px\">\n            \n\n<div class=\"kksr-icon\" style=\"width: 24px; height: 24px;\"><\/div>\n        <\/div>\n            <div class=\"kksr-star\" data-star=\"4\" style=\"padding-right: 1px\">\n            \n\n<div class=\"kksr-icon\" style=\"width: 24px; height: 24px;\"><\/div>\n        <\/div>\n            <div class=\"kksr-star\" data-star=\"5\" style=\"padding-right: 1px\">\n            \n\n<div class=\"kksr-icon\" style=\"width: 24px; height: 24px;\"><\/div>\n        <\/div>\n    <\/div>\n    \n<div class=\"kksr-stars-active\" style=\"width: 0px;\">\n            <div class=\"kksr-star\" style=\"padding-right: 1px\">\n            \n\n<div class=\"kksr-icon\" style=\"width: 24px; height: 24px;\"><\/div>\n        <\/div>\n            <div class=\"kksr-star\" style=\"padding-right: 1px\">\n            \n\n<div class=\"kksr-icon\" style=\"width: 24px; height: 24px;\"><\/div>\n        <\/div>\n            <div class=\"kksr-star\" style=\"padding-right: 1px\">\n            \n\n<div class=\"kksr-icon\" style=\"width: 24px; height: 24px;\"><\/div>\n        <\/div>\n            <div class=\"kksr-star\" style=\"padding-right: 1px\">\n            \n\n<div class=\"kksr-icon\" style=\"width: 24px; height: 24px;\"><\/div>\n        <\/div>\n            <div class=\"kksr-star\" style=\"padding-right: 1px\">\n            \n\n<div class=\"kksr-icon\" style=\"width: 24px; height: 24px;\"><\/div>\n        <\/div>\n    <\/div>\n<\/div>\n                \n\n<div class=\"kksr-legend\" style=\"font-size: 19.2px;\">\n            <span class=\"kksr-muted\">Valora este art\u00edculo<\/span>\n    <\/div>\n    <\/div>\n","protected":false},"excerpt":{"rendered":"<p>Las \u00e1reas de encuentro del palacio Cibeles (actual sede del  [&#8230;]<\/p>\n","protected":false},"author":4,"featured_media":7181,"comment_status":"closed","ping_status":"closed","sticky":false,"template":"","format":"standard","meta":{"footnotes":""},"categories":[79],"tags":[63,23,35,71,22],"class_list":["post-3439","post","type-post","status-publish","format-standard","has-post-thumbnail","hentry","category-vivir-madrid","tag-cultura","tag-free","tag-gratis","tag-musica","tag-teatro"],"yoast_head":"<!-- This site is optimized with the Yoast SEO plugin v27.4 - https:\/\/yoast.com\/product\/yoast-seo-wordpress\/ -->\n<title>Gratuitos Madrid.Proinca apartamentos de alquiler en Madrid<\/title>\n<meta name=\"description\" content=\"Disfrutar de la cultura y sus espacios de forma totalmente gratuita en Madrid es posible.Patrocinado por Proinca apartamentos de alquiler en Madrid\" \/>\n<meta name=\"robots\" content=\"index, follow, max-snippet:-1, max-image-preview:large, max-video-preview:-1\" \/>\n<link rel=\"canonical\" href=\"https:\/\/www.proinca.es\/madridfansblog\/espacios-de-cultura-muy-cool-y-gratuita-en-madrid\/\" \/>\n<meta property=\"og:locale\" content=\"es_ES\" \/>\n<meta property=\"og:type\" content=\"article\" \/>\n<meta property=\"og:title\" content=\"Gratuitos Madrid.Proinca apartamentos de alquiler en Madrid\" \/>\n<meta property=\"og:description\" content=\"Disfrutar de la cultura y sus espacios de forma totalmente gratuita en Madrid es posible.Patrocinado por Proinca apartamentos de alquiler en Madrid\" \/>\n<meta property=\"og:url\" content=\"https:\/\/www.proinca.es\/madridfansblog\/espacios-de-cultura-muy-cool-y-gratuita-en-madrid\/\" \/>\n<meta property=\"og:site_name\" content=\"Blog Proinca Madrid\" \/>\n<meta property=\"article:published_time\" content=\"2015-03-23T18:12:48+00:00\" \/>\n<meta property=\"article:modified_time\" content=\"2025-05-28T13:29:29+00:00\" \/>\n<meta property=\"og:image\" content=\"https:\/\/www.proinca.es\/madridfansblog\/wp-content\/uploads\/2015\/03\/espacios-culturales-gratuitos.jpg\" \/>\n\t<meta property=\"og:image:width\" content=\"1000\" \/>\n\t<meta property=\"og:image:height\" content=\"750\" \/>\n\t<meta property=\"og:image:type\" content=\"image\/jpeg\" \/>\n<meta name=\"author\" content=\"Ana Calero\" \/>\n<script type=\"application\/ld+json\" class=\"yoast-schema-graph\">{\"@context\":\"https:\\\/\\\/schema.org\",\"@graph\":[{\"@type\":\"Article\",\"@id\":\"https:\\\/\\\/www.proinca.es\\\/madridfansblog\\\/espacios-de-cultura-muy-cool-y-gratuita-en-madrid\\\/#article\",\"isPartOf\":{\"@id\":\"https:\\\/\\\/www.proinca.es\\\/madridfansblog\\\/espacios-de-cultura-muy-cool-y-gratuita-en-madrid\\\/\"},\"author\":{\"name\":\"Ana Calero\",\"@id\":\"https:\\\/\\\/www.proinca.es\\\/madridfansblog\\\/#\\\/schema\\\/person\\\/8401adc89c0a0f5a3574c43326247f1e\"},\"headline\":\"ESPACIOS DE CULTURA MUY COOL Y GRATUITA EN MADRID\",\"datePublished\":\"2015-03-23T18:12:48+00:00\",\"dateModified\":\"2025-05-28T13:29:29+00:00\",\"mainEntityOfPage\":{\"@id\":\"https:\\\/\\\/www.proinca.es\\\/madridfansblog\\\/espacios-de-cultura-muy-cool-y-gratuita-en-madrid\\\/\"},\"wordCount\":365,\"publisher\":{\"@id\":\"https:\\\/\\\/www.proinca.es\\\/madridfansblog\\\/#organization\"},\"image\":{\"@id\":\"https:\\\/\\\/www.proinca.es\\\/madridfansblog\\\/espacios-de-cultura-muy-cool-y-gratuita-en-madrid\\\/#primaryimage\"},\"thumbnailUrl\":\"https:\\\/\\\/www.proinca.es\\\/madridfansblog\\\/wp-content\\\/uploads\\\/2015\\\/03\\\/espacios-culturales-gratuitos.jpg\",\"keywords\":[\"Cultura\",\"Free\",\"Gratis\",\"M\u00fasica\",\"Teatro\"],\"articleSection\":[\"VIVIR MADRID\"],\"inLanguage\":\"es\"},{\"@type\":\"WebPage\",\"@id\":\"https:\\\/\\\/www.proinca.es\\\/madridfansblog\\\/espacios-de-cultura-muy-cool-y-gratuita-en-madrid\\\/\",\"url\":\"https:\\\/\\\/www.proinca.es\\\/madridfansblog\\\/espacios-de-cultura-muy-cool-y-gratuita-en-madrid\\\/\",\"name\":\"Gratuitos Madrid.Proinca apartamentos de alquiler en Madrid\",\"isPartOf\":{\"@id\":\"https:\\\/\\\/www.proinca.es\\\/madridfansblog\\\/#website\"},\"primaryImageOfPage\":{\"@id\":\"https:\\\/\\\/www.proinca.es\\\/madridfansblog\\\/espacios-de-cultura-muy-cool-y-gratuita-en-madrid\\\/#primaryimage\"},\"image\":{\"@id\":\"https:\\\/\\\/www.proinca.es\\\/madridfansblog\\\/espacios-de-cultura-muy-cool-y-gratuita-en-madrid\\\/#primaryimage\"},\"thumbnailUrl\":\"https:\\\/\\\/www.proinca.es\\\/madridfansblog\\\/wp-content\\\/uploads\\\/2015\\\/03\\\/espacios-culturales-gratuitos.jpg\",\"datePublished\":\"2015-03-23T18:12:48+00:00\",\"dateModified\":\"2025-05-28T13:29:29+00:00\",\"description\":\"Disfrutar de la cultura y sus espacios de forma totalmente gratuita en Madrid es posible.Patrocinado por Proinca apartamentos de alquiler en Madrid\",\"inLanguage\":\"es\",\"potentialAction\":[{\"@type\":\"ReadAction\",\"target\":[\"https:\\\/\\\/www.proinca.es\\\/madridfansblog\\\/espacios-de-cultura-muy-cool-y-gratuita-en-madrid\\\/\"]}]},{\"@type\":\"ImageObject\",\"inLanguage\":\"es\",\"@id\":\"https:\\\/\\\/www.proinca.es\\\/madridfansblog\\\/espacios-de-cultura-muy-cool-y-gratuita-en-madrid\\\/#primaryimage\",\"url\":\"https:\\\/\\\/www.proinca.es\\\/madridfansblog\\\/wp-content\\\/uploads\\\/2015\\\/03\\\/espacios-culturales-gratuitos.jpg\",\"contentUrl\":\"https:\\\/\\\/www.proinca.es\\\/madridfansblog\\\/wp-content\\\/uploads\\\/2015\\\/03\\\/espacios-culturales-gratuitos.jpg\",\"width\":1000,\"height\":750,\"caption\":\"Espacios de cultura muy cool y gratuita en Madrid\"},{\"@type\":\"WebSite\",\"@id\":\"https:\\\/\\\/www.proinca.es\\\/madridfansblog\\\/#website\",\"url\":\"https:\\\/\\\/www.proinca.es\\\/madridfansblog\\\/\",\"name\":\"Madrid Fans Blog Proinca\",\"description\":\"Pisos y apartamentos de alquiler en Madrid\",\"publisher\":{\"@id\":\"https:\\\/\\\/www.proinca.es\\\/madridfansblog\\\/#organization\"},\"potentialAction\":[{\"@type\":\"SearchAction\",\"target\":{\"@type\":\"EntryPoint\",\"urlTemplate\":\"https:\\\/\\\/www.proinca.es\\\/madridfansblog\\\/?s={search_term_string}\"},\"query-input\":{\"@type\":\"PropertyValueSpecification\",\"valueRequired\":true,\"valueName\":\"search_term_string\"}}],\"inLanguage\":\"es\"},{\"@type\":\"Organization\",\"@id\":\"https:\\\/\\\/www.proinca.es\\\/madridfansblog\\\/#organization\",\"name\":\"Proinca\",\"url\":\"https:\\\/\\\/www.proinca.es\\\/madridfansblog\\\/\",\"logo\":{\"@type\":\"ImageObject\",\"inLanguage\":\"es\",\"@id\":\"https:\\\/\\\/www.proinca.es\\\/madridfansblog\\\/#\\\/schema\\\/logo\\\/image\\\/\",\"url\":\"https:\\\/\\\/www.proinca.es\\\/madridfansblog\\\/wp-content\\\/uploads\\\/2022\\\/03\\\/logo-proinca.jpg\",\"contentUrl\":\"https:\\\/\\\/www.proinca.es\\\/madridfansblog\\\/wp-content\\\/uploads\\\/2022\\\/03\\\/logo-proinca.jpg\",\"width\":522,\"height\":250,\"caption\":\"Proinca\"},\"image\":{\"@id\":\"https:\\\/\\\/www.proinca.es\\\/madridfansblog\\\/#\\\/schema\\\/logo\\\/image\\\/\"}},{\"@type\":\"Person\",\"@id\":\"https:\\\/\\\/www.proinca.es\\\/madridfansblog\\\/#\\\/schema\\\/person\\\/8401adc89c0a0f5a3574c43326247f1e\",\"name\":\"Ana Calero\",\"image\":{\"@type\":\"ImageObject\",\"inLanguage\":\"es\",\"@id\":\"https:\\\/\\\/www.proinca.es\\\/madridfansblog\\\/wp-content\\\/litespeed\\\/avatar\\\/ef51b25c0718910f475570320941ef46.jpg?ver=1777379772\",\"url\":\"https:\\\/\\\/www.proinca.es\\\/madridfansblog\\\/wp-content\\\/litespeed\\\/avatar\\\/ef51b25c0718910f475570320941ef46.jpg?ver=1777379772\",\"contentUrl\":\"https:\\\/\\\/www.proinca.es\\\/madridfansblog\\\/wp-content\\\/litespeed\\\/avatar\\\/ef51b25c0718910f475570320941ef46.jpg?ver=1777379772\",\"caption\":\"Ana Calero\"},\"description\":\"Licenciada en Ciencias Empresariales por la Universidad Aut\u00f3noma de Madrid. Forma parte del equipo de Apartamentos Proinca y es una enamorada de Madrid\",\"sameAs\":[\"https:\\\/\\\/www.proinca.es\\\/madridfansblog\\\/ana-calero\\\/\"]}]}<\/script>\n<!-- \/ Yoast SEO plugin. -->","yoast_head_json":{"title":"Gratuitos Madrid.Proinca apartamentos de alquiler en Madrid","description":"Disfrutar de la cultura y sus espacios de forma totalmente gratuita en Madrid es posible.Patrocinado por Proinca apartamentos de alquiler en Madrid","robots":{"index":"index","follow":"follow","max-snippet":"max-snippet:-1","max-image-preview":"max-image-preview:large","max-video-preview":"max-video-preview:-1"},"canonical":"https:\/\/www.proinca.es\/madridfansblog\/espacios-de-cultura-muy-cool-y-gratuita-en-madrid\/","og_locale":"es_ES","og_type":"article","og_title":"Gratuitos Madrid.Proinca apartamentos de alquiler en Madrid","og_description":"Disfrutar de la cultura y sus espacios de forma totalmente gratuita en Madrid es posible.Patrocinado por Proinca apartamentos de alquiler en Madrid","og_url":"https:\/\/www.proinca.es\/madridfansblog\/espacios-de-cultura-muy-cool-y-gratuita-en-madrid\/","og_site_name":"Blog Proinca Madrid","article_published_time":"2015-03-23T18:12:48+00:00","article_modified_time":"2025-05-28T13:29:29+00:00","og_image":[{"width":1000,"height":750,"url":"https:\/\/www.proinca.es\/madridfansblog\/wp-content\/uploads\/2015\/03\/espacios-culturales-gratuitos.jpg","type":"image\/jpeg"}],"author":"Ana Calero","schema":{"@context":"https:\/\/schema.org","@graph":[{"@type":"Article","@id":"https:\/\/www.proinca.es\/madridfansblog\/espacios-de-cultura-muy-cool-y-gratuita-en-madrid\/#article","isPartOf":{"@id":"https:\/\/www.proinca.es\/madridfansblog\/espacios-de-cultura-muy-cool-y-gratuita-en-madrid\/"},"author":{"name":"Ana Calero","@id":"https:\/\/www.proinca.es\/madridfansblog\/#\/schema\/person\/8401adc89c0a0f5a3574c43326247f1e"},"headline":"ESPACIOS DE CULTURA MUY COOL Y GRATUITA EN MADRID","datePublished":"2015-03-23T18:12:48+00:00","dateModified":"2025-05-28T13:29:29+00:00","mainEntityOfPage":{"@id":"https:\/\/www.proinca.es\/madridfansblog\/espacios-de-cultura-muy-cool-y-gratuita-en-madrid\/"},"wordCount":365,"publisher":{"@id":"https:\/\/www.proinca.es\/madridfansblog\/#organization"},"image":{"@id":"https:\/\/www.proinca.es\/madridfansblog\/espacios-de-cultura-muy-cool-y-gratuita-en-madrid\/#primaryimage"},"thumbnailUrl":"https:\/\/www.proinca.es\/madridfansblog\/wp-content\/uploads\/2015\/03\/espacios-culturales-gratuitos.jpg","keywords":["Cultura","Free","Gratis","M\u00fasica","Teatro"],"articleSection":["VIVIR MADRID"],"inLanguage":"es"},{"@type":"WebPage","@id":"https:\/\/www.proinca.es\/madridfansblog\/espacios-de-cultura-muy-cool-y-gratuita-en-madrid\/","url":"https:\/\/www.proinca.es\/madridfansblog\/espacios-de-cultura-muy-cool-y-gratuita-en-madrid\/","name":"Gratuitos Madrid.Proinca apartamentos de alquiler en Madrid","isPartOf":{"@id":"https:\/\/www.proinca.es\/madridfansblog\/#website"},"primaryImageOfPage":{"@id":"https:\/\/www.proinca.es\/madridfansblog\/espacios-de-cultura-muy-cool-y-gratuita-en-madrid\/#primaryimage"},"image":{"@id":"https:\/\/www.proinca.es\/madridfansblog\/espacios-de-cultura-muy-cool-y-gratuita-en-madrid\/#primaryimage"},"thumbnailUrl":"https:\/\/www.proinca.es\/madridfansblog\/wp-content\/uploads\/2015\/03\/espacios-culturales-gratuitos.jpg","datePublished":"2015-03-23T18:12:48+00:00","dateModified":"2025-05-28T13:29:29+00:00","description":"Disfrutar de la cultura y sus espacios de forma totalmente gratuita en Madrid es posible.Patrocinado por Proinca apartamentos de alquiler en Madrid","inLanguage":"es","potentialAction":[{"@type":"ReadAction","target":["https:\/\/www.proinca.es\/madridfansblog\/espacios-de-cultura-muy-cool-y-gratuita-en-madrid\/"]}]},{"@type":"ImageObject","inLanguage":"es","@id":"https:\/\/www.proinca.es\/madridfansblog\/espacios-de-cultura-muy-cool-y-gratuita-en-madrid\/#primaryimage","url":"https:\/\/www.proinca.es\/madridfansblog\/wp-content\/uploads\/2015\/03\/espacios-culturales-gratuitos.jpg","contentUrl":"https:\/\/www.proinca.es\/madridfansblog\/wp-content\/uploads\/2015\/03\/espacios-culturales-gratuitos.jpg","width":1000,"height":750,"caption":"Espacios de cultura muy cool y gratuita en Madrid"},{"@type":"WebSite","@id":"https:\/\/www.proinca.es\/madridfansblog\/#website","url":"https:\/\/www.proinca.es\/madridfansblog\/","name":"Madrid Fans Blog Proinca","description":"Pisos y apartamentos de alquiler en Madrid","publisher":{"@id":"https:\/\/www.proinca.es\/madridfansblog\/#organization"},"potentialAction":[{"@type":"SearchAction","target":{"@type":"EntryPoint","urlTemplate":"https:\/\/www.proinca.es\/madridfansblog\/?s={search_term_string}"},"query-input":{"@type":"PropertyValueSpecification","valueRequired":true,"valueName":"search_term_string"}}],"inLanguage":"es"},{"@type":"Organization","@id":"https:\/\/www.proinca.es\/madridfansblog\/#organization","name":"Proinca","url":"https:\/\/www.proinca.es\/madridfansblog\/","logo":{"@type":"ImageObject","inLanguage":"es","@id":"https:\/\/www.proinca.es\/madridfansblog\/#\/schema\/logo\/image\/","url":"https:\/\/www.proinca.es\/madridfansblog\/wp-content\/uploads\/2022\/03\/logo-proinca.jpg","contentUrl":"https:\/\/www.proinca.es\/madridfansblog\/wp-content\/uploads\/2022\/03\/logo-proinca.jpg","width":522,"height":250,"caption":"Proinca"},"image":{"@id":"https:\/\/www.proinca.es\/madridfansblog\/#\/schema\/logo\/image\/"}},{"@type":"Person","@id":"https:\/\/www.proinca.es\/madridfansblog\/#\/schema\/person\/8401adc89c0a0f5a3574c43326247f1e","name":"Ana Calero","image":{"@type":"ImageObject","inLanguage":"es","@id":"https:\/\/www.proinca.es\/madridfansblog\/wp-content\/litespeed\/avatar\/ef51b25c0718910f475570320941ef46.jpg?ver=1777379772","url":"https:\/\/www.proinca.es\/madridfansblog\/wp-content\/litespeed\/avatar\/ef51b25c0718910f475570320941ef46.jpg?ver=1777379772","contentUrl":"https:\/\/www.proinca.es\/madridfansblog\/wp-content\/litespeed\/avatar\/ef51b25c0718910f475570320941ef46.jpg?ver=1777379772","caption":"Ana Calero"},"description":"Licenciada en Ciencias Empresariales por la Universidad Aut\u00f3noma de Madrid. Forma parte del equipo de Apartamentos Proinca y es una enamorada de Madrid","sameAs":["https:\/\/www.proinca.es\/madridfansblog\/ana-calero\/"]}]}},"_links":{"self":[{"href":"https:\/\/www.proinca.es\/madridfansblog\/wp-json\/wp\/v2\/posts\/3439","targetHints":{"allow":["GET"]}}],"collection":[{"href":"https:\/\/www.proinca.es\/madridfansblog\/wp-json\/wp\/v2\/posts"}],"about":[{"href":"https:\/\/www.proinca.es\/madridfansblog\/wp-json\/wp\/v2\/types\/post"}],"author":[{"embeddable":true,"href":"https:\/\/www.proinca.es\/madridfansblog\/wp-json\/wp\/v2\/users\/4"}],"replies":[{"embeddable":true,"href":"https:\/\/www.proinca.es\/madridfansblog\/wp-json\/wp\/v2\/comments?post=3439"}],"version-history":[{"count":44,"href":"https:\/\/www.proinca.es\/madridfansblog\/wp-json\/wp\/v2\/posts\/3439\/revisions"}],"predecessor-version":[{"id":7629,"href":"https:\/\/www.proinca.es\/madridfansblog\/wp-json\/wp\/v2\/posts\/3439\/revisions\/7629"}],"wp:featuredmedia":[{"embeddable":true,"href":"https:\/\/www.proinca.es\/madridfansblog\/wp-json\/wp\/v2\/media\/7181"}],"wp:attachment":[{"href":"https:\/\/www.proinca.es\/madridfansblog\/wp-json\/wp\/v2\/media?parent=3439"}],"wp:term":[{"taxonomy":"category","embeddable":true,"href":"https:\/\/www.proinca.es\/madridfansblog\/wp-json\/wp\/v2\/categories?post=3439"},{"taxonomy":"post_tag","embeddable":true,"href":"https:\/\/www.proinca.es\/madridfansblog\/wp-json\/wp\/v2\/tags?post=3439"}],"curies":[{"name":"wp","href":"https:\/\/api.w.org\/{rel}","templated":true}]}}