{"id":3485,"date":"2015-04-14T19:48:29","date_gmt":"2015-04-14T17:48:29","guid":{"rendered":"http:\/\/www.proinca.es\/madridfansblog\/?p=3485"},"modified":"2025-05-28T15:30:10","modified_gmt":"2025-05-28T13:30:10","slug":"mis-libros-melior-libros-solidarios-para-un-mundo-mejor","status":"publish","type":"post","link":"https:\/\/www.proinca.es\/madridfansblog\/mis-libros-melior-libros-solidarios-para-un-mundo-mejor\/","title":{"rendered":"MIS LIBROS MELIOR, LIBROS SOLIDARIOS PARA UN MUNDO MEJOR"},"content":{"rendered":"<p><a href=\"http:\/\/www.proinca.es\/madridfansblog\/wp-content\/uploads\/2015\/04\/proinca_madridfansblog_melior_libro_madrid_1.jpg\"><span style=\"color: #333333;\">\u00bfSab\u00edas que comprar un <\/span><strong style=\"color: #333333;\">libro<\/strong><span style=\"color: #333333;\"> tambi\u00e9n puede ser una <\/span><b style=\"color: #333333;\">acci\u00f3n solidaria<\/b><span style=\"color: #333333;\">?<\/span><\/a><!--more--><strong>Melior<\/strong>, en el 118 de la calle General Pardi\u00f1as y en el 14 de la calle Puebla en <b>Madrid<\/b>, nos brinda la oportunidad de dotar de una segunda vida a nuestros viejos libros a trav\u00e9s de su fundaci\u00f3n.<\/p>\n<p>Esta <b>librer\u00eda<\/b> acepta la donaci\u00f3n de ejemplares que ya no utilizamos para revenderlos a nuevos lectores. Con el dinero obtenido de la transacci\u00f3n se financian proyectos como la campa\u00f1a de recogida y entrega de libros de texto y material escolar a familias con pocos recursos econ\u00f3micos, la creaci\u00f3n de bibliotecas en zonas desfavorecidas de Per\u00fa o la puesta en marcha de puntos de lectura como el del barrio de la Ventilla.<\/p>\n<p>Seguramente, nunca un <strong>libro<\/strong> hab\u00eda dado tanto de s\u00ed. Con esta iniciativa, no solo aportas tu granito de arena a una buena causa sino que concedes una segunda oportunidad a un bien cultural y, adem\u00e1s, cuidas el planeta, ya que se trata de alargar la vida de un bien material.<\/p>\n<p><strong>Melior<\/strong> tambi\u00e9n dispone de tienda online y adem\u00e1s de libros, recoge y comercializa CD, DVD y vinilos.<\/p>\n<p>No te lo pienses, \u00a1dona un <strong>libro<\/strong>!<\/p>\n<p>Informaci\u00f3n patrocinada por\u00a0<strong><a title=\"Proinca apartamentos de alquiler en Madrid\" href=\"http:\/\/www.proinca.es\" target=\"_blank\" rel=\"noopener\">Proinca: Apartamentos de alquiler en Madrid<\/a><\/strong><\/p>\n<p>Fuente imagen: librosmelior.org<\/p>\n\n\n<div class=\"kk-star-ratings kksr-auto kksr-align-left kksr-valign-bottom\"\n    data-payload='{&quot;align&quot;:&quot;left&quot;,&quot;id&quot;:&quot;3485&quot;,&quot;slug&quot;:&quot;default&quot;,&quot;valign&quot;:&quot;bottom&quot;,&quot;ignore&quot;:&quot;&quot;,&quot;reference&quot;:&quot;auto&quot;,&quot;class&quot;:&quot;&quot;,&quot;count&quot;:&quot;0&quot;,&quot;legendonly&quot;:&quot;&quot;,&quot;readonly&quot;:&quot;&quot;,&quot;score&quot;:&quot;0&quot;,&quot;starsonly&quot;:&quot;&quot;,&quot;best&quot;:&quot;5&quot;,&quot;gap&quot;:&quot;1&quot;,&quot;greet&quot;:&quot;Valora este art\u00edculo&quot;,&quot;legend&quot;:&quot;0\\\/5 - (0 votos)&quot;,&quot;size&quot;:&quot;24&quot;,&quot;title&quot;:&quot;MIS LIBROS MELIOR, LIBROS SOLIDARIOS PARA UN MUNDO MEJOR&quot;,&quot;width&quot;:&quot;0&quot;,&quot;_legend&quot;:&quot;{score}\\\/{best} - ({count} {votes})&quot;,&quot;font_factor&quot;:&quot;1.25&quot;}'>\n            \n<div class=\"kksr-stars\">\n    \n<div class=\"kksr-stars-inactive\">\n            <div class=\"kksr-star\" data-star=\"1\" style=\"padding-right: 1px\">\n            \n\n<div class=\"kksr-icon\" style=\"width: 24px; height: 24px;\"><\/div>\n        <\/div>\n            <div class=\"kksr-star\" data-star=\"2\" style=\"padding-right: 1px\">\n            \n\n<div class=\"kksr-icon\" style=\"width: 24px; height: 24px;\"><\/div>\n        <\/div>\n            <div class=\"kksr-star\" data-star=\"3\" style=\"padding-right: 1px\">\n            \n\n<div class=\"kksr-icon\" style=\"width: 24px; height: 24px;\"><\/div>\n        <\/div>\n            <div class=\"kksr-star\" data-star=\"4\" style=\"padding-right: 1px\">\n            \n\n<div class=\"kksr-icon\" style=\"width: 24px; height: 24px;\"><\/div>\n        <\/div>\n            <div class=\"kksr-star\" data-star=\"5\" style=\"padding-right: 1px\">\n            \n\n<div class=\"kksr-icon\" style=\"width: 24px; height: 24px;\"><\/div>\n        <\/div>\n    <\/div>\n    \n<div class=\"kksr-stars-active\" style=\"width: 0px;\">\n            <div class=\"kksr-star\" style=\"padding-right: 1px\">\n            \n\n<div class=\"kksr-icon\" style=\"width: 24px; height: 24px;\"><\/div>\n        <\/div>\n            <div class=\"kksr-star\" style=\"padding-right: 1px\">\n            \n\n<div class=\"kksr-icon\" style=\"width: 24px; height: 24px;\"><\/div>\n        <\/div>\n            <div class=\"kksr-star\" style=\"padding-right: 1px\">\n            \n\n<div class=\"kksr-icon\" style=\"width: 24px; height: 24px;\"><\/div>\n        <\/div>\n            <div class=\"kksr-star\" style=\"padding-right: 1px\">\n            \n\n<div class=\"kksr-icon\" style=\"width: 24px; height: 24px;\"><\/div>\n        <\/div>\n            <div class=\"kksr-star\" style=\"padding-right: 1px\">\n            \n\n<div class=\"kksr-icon\" style=\"width: 24px; height: 24px;\"><\/div>\n        <\/div>\n    <\/div>\n<\/div>\n                \n\n<div class=\"kksr-legend\" style=\"font-size: 19.2px;\">\n            <span class=\"kksr-muted\">Valora este art\u00edculo<\/span>\n    <\/div>\n    <\/div>\n","protected":false},"excerpt":{"rendered":"<p>\u00bfSab\u00edas que comprar un libro tambi\u00e9n puede ser una acci\u00f3n  [&#8230;]<\/p>\n","protected":false},"author":4,"featured_media":3538,"comment_status":"closed","ping_status":"closed","sticky":false,"template":"","format":"standard","meta":{"footnotes":""},"categories":[79],"tags":[63,66,64,5],"class_list":["post-3485","post","type-post","status-publish","format-standard","has-post-thumbnail","hentry","category-vivir-madrid","tag-cultura","tag-ecologia","tag-libros","tag-madrid"],"yoast_head":"<!-- This site is optimized with the Yoast SEO plugin v27.4 - https:\/\/yoast.com\/product\/yoast-seo-wordpress\/ -->\n<title>Libros solidarios en Madrid<\/title>\n<meta name=\"description\" content=\"Melior es librer\u00eda m\u00e1s solidaria de Madrid \u00a1Te apuntas a donar tus libros usados!. Madrid Fans blog patrocinado por Proinca apartamentos de alquiler en Madrid\" \/>\n<meta name=\"robots\" content=\"index, follow, max-snippet:-1, max-image-preview:large, max-video-preview:-1\" \/>\n<link rel=\"canonical\" href=\"https:\/\/www.proinca.es\/madridfansblog\/mis-libros-melior-libros-solidarios-para-un-mundo-mejor\/\" \/>\n<meta property=\"og:locale\" content=\"es_ES\" \/>\n<meta property=\"og:type\" content=\"article\" \/>\n<meta property=\"og:title\" content=\"Libros solidarios en Madrid\" \/>\n<meta property=\"og:description\" content=\"Melior es librer\u00eda m\u00e1s solidaria de Madrid \u00a1Te apuntas a donar tus libros usados!. Madrid Fans blog patrocinado por Proinca apartamentos de alquiler en Madrid\" \/>\n<meta property=\"og:url\" content=\"https:\/\/www.proinca.es\/madridfansblog\/mis-libros-melior-libros-solidarios-para-un-mundo-mejor\/\" \/>\n<meta property=\"og:site_name\" content=\"Blog Proinca Madrid\" \/>\n<meta property=\"article:published_time\" content=\"2015-04-14T17:48:29+00:00\" \/>\n<meta property=\"article:modified_time\" content=\"2025-05-28T13:30:10+00:00\" \/>\n<meta property=\"og:image\" content=\"https:\/\/www.proinca.es\/madridfansblog\/wp-content\/uploads\/2015\/04\/proinca_madridfansblog_melior_libro_madrid_1.jpg\" \/>\n\t<meta property=\"og:image:width\" content=\"720\" \/>\n\t<meta property=\"og:image:height\" content=\"270\" \/>\n\t<meta property=\"og:image:type\" content=\"image\/jpeg\" \/>\n<meta name=\"author\" content=\"Ana Calero\" \/>\n<script type=\"application\/ld+json\" class=\"yoast-schema-graph\">{\"@context\":\"https:\\\/\\\/schema.org\",\"@graph\":[{\"@type\":\"Article\",\"@id\":\"https:\\\/\\\/www.proinca.es\\\/madridfansblog\\\/mis-libros-melior-libros-solidarios-para-un-mundo-mejor\\\/#article\",\"isPartOf\":{\"@id\":\"https:\\\/\\\/www.proinca.es\\\/madridfansblog\\\/mis-libros-melior-libros-solidarios-para-un-mundo-mejor\\\/\"},\"author\":{\"name\":\"Ana Calero\",\"@id\":\"https:\\\/\\\/www.proinca.es\\\/madridfansblog\\\/#\\\/schema\\\/person\\\/8401adc89c0a0f5a3574c43326247f1e\"},\"headline\":\"MIS LIBROS MELIOR, LIBROS SOLIDARIOS PARA UN MUNDO MEJOR\",\"datePublished\":\"2015-04-14T17:48:29+00:00\",\"dateModified\":\"2025-05-28T13:30:10+00:00\",\"mainEntityOfPage\":{\"@id\":\"https:\\\/\\\/www.proinca.es\\\/madridfansblog\\\/mis-libros-melior-libros-solidarios-para-un-mundo-mejor\\\/\"},\"wordCount\":231,\"publisher\":{\"@id\":\"https:\\\/\\\/www.proinca.es\\\/madridfansblog\\\/#organization\"},\"image\":{\"@id\":\"https:\\\/\\\/www.proinca.es\\\/madridfansblog\\\/mis-libros-melior-libros-solidarios-para-un-mundo-mejor\\\/#primaryimage\"},\"thumbnailUrl\":\"https:\\\/\\\/www.proinca.es\\\/madridfansblog\\\/wp-content\\\/uploads\\\/2015\\\/04\\\/proinca_madridfansblog_melior_libro_madrid_1.jpg\",\"keywords\":[\"Cultura\",\"Ecolog\u00eda\",\"Libros\",\"Madrid\"],\"articleSection\":[\"VIVIR MADRID\"],\"inLanguage\":\"es\"},{\"@type\":\"WebPage\",\"@id\":\"https:\\\/\\\/www.proinca.es\\\/madridfansblog\\\/mis-libros-melior-libros-solidarios-para-un-mundo-mejor\\\/\",\"url\":\"https:\\\/\\\/www.proinca.es\\\/madridfansblog\\\/mis-libros-melior-libros-solidarios-para-un-mundo-mejor\\\/\",\"name\":\"Libros solidarios en Madrid\",\"isPartOf\":{\"@id\":\"https:\\\/\\\/www.proinca.es\\\/madridfansblog\\\/#website\"},\"primaryImageOfPage\":{\"@id\":\"https:\\\/\\\/www.proinca.es\\\/madridfansblog\\\/mis-libros-melior-libros-solidarios-para-un-mundo-mejor\\\/#primaryimage\"},\"image\":{\"@id\":\"https:\\\/\\\/www.proinca.es\\\/madridfansblog\\\/mis-libros-melior-libros-solidarios-para-un-mundo-mejor\\\/#primaryimage\"},\"thumbnailUrl\":\"https:\\\/\\\/www.proinca.es\\\/madridfansblog\\\/wp-content\\\/uploads\\\/2015\\\/04\\\/proinca_madridfansblog_melior_libro_madrid_1.jpg\",\"datePublished\":\"2015-04-14T17:48:29+00:00\",\"dateModified\":\"2025-05-28T13:30:10+00:00\",\"description\":\"Melior es librer\u00eda m\u00e1s solidaria de Madrid \u00a1Te apuntas a donar tus libros usados!. Madrid Fans blog patrocinado por Proinca apartamentos de alquiler en Madrid\",\"inLanguage\":\"es\",\"potentialAction\":[{\"@type\":\"ReadAction\",\"target\":[\"https:\\\/\\\/www.proinca.es\\\/madridfansblog\\\/mis-libros-melior-libros-solidarios-para-un-mundo-mejor\\\/\"]}]},{\"@type\":\"ImageObject\",\"inLanguage\":\"es\",\"@id\":\"https:\\\/\\\/www.proinca.es\\\/madridfansblog\\\/mis-libros-melior-libros-solidarios-para-un-mundo-mejor\\\/#primaryimage\",\"url\":\"https:\\\/\\\/www.proinca.es\\\/madridfansblog\\\/wp-content\\\/uploads\\\/2015\\\/04\\\/proinca_madridfansblog_melior_libro_madrid_1.jpg\",\"contentUrl\":\"https:\\\/\\\/www.proinca.es\\\/madridfansblog\\\/wp-content\\\/uploads\\\/2015\\\/04\\\/proinca_madridfansblog_melior_libro_madrid_1.jpg\",\"width\":720,\"height\":270,\"caption\":\"proinca madridfansblog melior libro madrid\"},{\"@type\":\"WebSite\",\"@id\":\"https:\\\/\\\/www.proinca.es\\\/madridfansblog\\\/#website\",\"url\":\"https:\\\/\\\/www.proinca.es\\\/madridfansblog\\\/\",\"name\":\"Madrid Fans Blog Proinca\",\"description\":\"Pisos y apartamentos de alquiler en Madrid\",\"publisher\":{\"@id\":\"https:\\\/\\\/www.proinca.es\\\/madridfansblog\\\/#organization\"},\"potentialAction\":[{\"@type\":\"SearchAction\",\"target\":{\"@type\":\"EntryPoint\",\"urlTemplate\":\"https:\\\/\\\/www.proinca.es\\\/madridfansblog\\\/?s={search_term_string}\"},\"query-input\":{\"@type\":\"PropertyValueSpecification\",\"valueRequired\":true,\"valueName\":\"search_term_string\"}}],\"inLanguage\":\"es\"},{\"@type\":\"Organization\",\"@id\":\"https:\\\/\\\/www.proinca.es\\\/madridfansblog\\\/#organization\",\"name\":\"Proinca\",\"url\":\"https:\\\/\\\/www.proinca.es\\\/madridfansblog\\\/\",\"logo\":{\"@type\":\"ImageObject\",\"inLanguage\":\"es\",\"@id\":\"https:\\\/\\\/www.proinca.es\\\/madridfansblog\\\/#\\\/schema\\\/logo\\\/image\\\/\",\"url\":\"https:\\\/\\\/www.proinca.es\\\/madridfansblog\\\/wp-content\\\/uploads\\\/2022\\\/03\\\/logo-proinca.jpg\",\"contentUrl\":\"https:\\\/\\\/www.proinca.es\\\/madridfansblog\\\/wp-content\\\/uploads\\\/2022\\\/03\\\/logo-proinca.jpg\",\"width\":522,\"height\":250,\"caption\":\"Proinca\"},\"image\":{\"@id\":\"https:\\\/\\\/www.proinca.es\\\/madridfansblog\\\/#\\\/schema\\\/logo\\\/image\\\/\"}},{\"@type\":\"Person\",\"@id\":\"https:\\\/\\\/www.proinca.es\\\/madridfansblog\\\/#\\\/schema\\\/person\\\/8401adc89c0a0f5a3574c43326247f1e\",\"name\":\"Ana Calero\",\"image\":{\"@type\":\"ImageObject\",\"inLanguage\":\"es\",\"@id\":\"https:\\\/\\\/www.proinca.es\\\/madridfansblog\\\/wp-content\\\/litespeed\\\/avatar\\\/ef51b25c0718910f475570320941ef46.jpg?ver=1777379772\",\"url\":\"https:\\\/\\\/www.proinca.es\\\/madridfansblog\\\/wp-content\\\/litespeed\\\/avatar\\\/ef51b25c0718910f475570320941ef46.jpg?ver=1777379772\",\"contentUrl\":\"https:\\\/\\\/www.proinca.es\\\/madridfansblog\\\/wp-content\\\/litespeed\\\/avatar\\\/ef51b25c0718910f475570320941ef46.jpg?ver=1777379772\",\"caption\":\"Ana Calero\"},\"description\":\"Licenciada en Ciencias Empresariales por la Universidad Aut\u00f3noma de Madrid. Forma parte del equipo de Apartamentos Proinca y es una enamorada de Madrid\",\"sameAs\":[\"https:\\\/\\\/www.proinca.es\\\/madridfansblog\\\/ana-calero\\\/\"]}]}<\/script>\n<!-- \/ Yoast SEO plugin. -->","yoast_head_json":{"title":"Libros solidarios en Madrid","description":"Melior es librer\u00eda m\u00e1s solidaria de Madrid \u00a1Te apuntas a donar tus libros usados!. Madrid Fans blog patrocinado por Proinca apartamentos de alquiler en Madrid","robots":{"index":"index","follow":"follow","max-snippet":"max-snippet:-1","max-image-preview":"max-image-preview:large","max-video-preview":"max-video-preview:-1"},"canonical":"https:\/\/www.proinca.es\/madridfansblog\/mis-libros-melior-libros-solidarios-para-un-mundo-mejor\/","og_locale":"es_ES","og_type":"article","og_title":"Libros solidarios en Madrid","og_description":"Melior es librer\u00eda m\u00e1s solidaria de Madrid \u00a1Te apuntas a donar tus libros usados!. Madrid Fans blog patrocinado por Proinca apartamentos de alquiler en Madrid","og_url":"https:\/\/www.proinca.es\/madridfansblog\/mis-libros-melior-libros-solidarios-para-un-mundo-mejor\/","og_site_name":"Blog Proinca Madrid","article_published_time":"2015-04-14T17:48:29+00:00","article_modified_time":"2025-05-28T13:30:10+00:00","og_image":[{"width":720,"height":270,"url":"https:\/\/www.proinca.es\/madridfansblog\/wp-content\/uploads\/2015\/04\/proinca_madridfansblog_melior_libro_madrid_1.jpg","type":"image\/jpeg"}],"author":"Ana Calero","schema":{"@context":"https:\/\/schema.org","@graph":[{"@type":"Article","@id":"https:\/\/www.proinca.es\/madridfansblog\/mis-libros-melior-libros-solidarios-para-un-mundo-mejor\/#article","isPartOf":{"@id":"https:\/\/www.proinca.es\/madridfansblog\/mis-libros-melior-libros-solidarios-para-un-mundo-mejor\/"},"author":{"name":"Ana Calero","@id":"https:\/\/www.proinca.es\/madridfansblog\/#\/schema\/person\/8401adc89c0a0f5a3574c43326247f1e"},"headline":"MIS LIBROS MELIOR, LIBROS SOLIDARIOS PARA UN MUNDO MEJOR","datePublished":"2015-04-14T17:48:29+00:00","dateModified":"2025-05-28T13:30:10+00:00","mainEntityOfPage":{"@id":"https:\/\/www.proinca.es\/madridfansblog\/mis-libros-melior-libros-solidarios-para-un-mundo-mejor\/"},"wordCount":231,"publisher":{"@id":"https:\/\/www.proinca.es\/madridfansblog\/#organization"},"image":{"@id":"https:\/\/www.proinca.es\/madridfansblog\/mis-libros-melior-libros-solidarios-para-un-mundo-mejor\/#primaryimage"},"thumbnailUrl":"https:\/\/www.proinca.es\/madridfansblog\/wp-content\/uploads\/2015\/04\/proinca_madridfansblog_melior_libro_madrid_1.jpg","keywords":["Cultura","Ecolog\u00eda","Libros","Madrid"],"articleSection":["VIVIR MADRID"],"inLanguage":"es"},{"@type":"WebPage","@id":"https:\/\/www.proinca.es\/madridfansblog\/mis-libros-melior-libros-solidarios-para-un-mundo-mejor\/","url":"https:\/\/www.proinca.es\/madridfansblog\/mis-libros-melior-libros-solidarios-para-un-mundo-mejor\/","name":"Libros solidarios en Madrid","isPartOf":{"@id":"https:\/\/www.proinca.es\/madridfansblog\/#website"},"primaryImageOfPage":{"@id":"https:\/\/www.proinca.es\/madridfansblog\/mis-libros-melior-libros-solidarios-para-un-mundo-mejor\/#primaryimage"},"image":{"@id":"https:\/\/www.proinca.es\/madridfansblog\/mis-libros-melior-libros-solidarios-para-un-mundo-mejor\/#primaryimage"},"thumbnailUrl":"https:\/\/www.proinca.es\/madridfansblog\/wp-content\/uploads\/2015\/04\/proinca_madridfansblog_melior_libro_madrid_1.jpg","datePublished":"2015-04-14T17:48:29+00:00","dateModified":"2025-05-28T13:30:10+00:00","description":"Melior es librer\u00eda m\u00e1s solidaria de Madrid \u00a1Te apuntas a donar tus libros usados!. Madrid Fans blog patrocinado por Proinca apartamentos de alquiler en Madrid","inLanguage":"es","potentialAction":[{"@type":"ReadAction","target":["https:\/\/www.proinca.es\/madridfansblog\/mis-libros-melior-libros-solidarios-para-un-mundo-mejor\/"]}]},{"@type":"ImageObject","inLanguage":"es","@id":"https:\/\/www.proinca.es\/madridfansblog\/mis-libros-melior-libros-solidarios-para-un-mundo-mejor\/#primaryimage","url":"https:\/\/www.proinca.es\/madridfansblog\/wp-content\/uploads\/2015\/04\/proinca_madridfansblog_melior_libro_madrid_1.jpg","contentUrl":"https:\/\/www.proinca.es\/madridfansblog\/wp-content\/uploads\/2015\/04\/proinca_madridfansblog_melior_libro_madrid_1.jpg","width":720,"height":270,"caption":"proinca madridfansblog melior libro madrid"},{"@type":"WebSite","@id":"https:\/\/www.proinca.es\/madridfansblog\/#website","url":"https:\/\/www.proinca.es\/madridfansblog\/","name":"Madrid Fans Blog Proinca","description":"Pisos y apartamentos de alquiler en Madrid","publisher":{"@id":"https:\/\/www.proinca.es\/madridfansblog\/#organization"},"potentialAction":[{"@type":"SearchAction","target":{"@type":"EntryPoint","urlTemplate":"https:\/\/www.proinca.es\/madridfansblog\/?s={search_term_string}"},"query-input":{"@type":"PropertyValueSpecification","valueRequired":true,"valueName":"search_term_string"}}],"inLanguage":"es"},{"@type":"Organization","@id":"https:\/\/www.proinca.es\/madridfansblog\/#organization","name":"Proinca","url":"https:\/\/www.proinca.es\/madridfansblog\/","logo":{"@type":"ImageObject","inLanguage":"es","@id":"https:\/\/www.proinca.es\/madridfansblog\/#\/schema\/logo\/image\/","url":"https:\/\/www.proinca.es\/madridfansblog\/wp-content\/uploads\/2022\/03\/logo-proinca.jpg","contentUrl":"https:\/\/www.proinca.es\/madridfansblog\/wp-content\/uploads\/2022\/03\/logo-proinca.jpg","width":522,"height":250,"caption":"Proinca"},"image":{"@id":"https:\/\/www.proinca.es\/madridfansblog\/#\/schema\/logo\/image\/"}},{"@type":"Person","@id":"https:\/\/www.proinca.es\/madridfansblog\/#\/schema\/person\/8401adc89c0a0f5a3574c43326247f1e","name":"Ana Calero","image":{"@type":"ImageObject","inLanguage":"es","@id":"https:\/\/www.proinca.es\/madridfansblog\/wp-content\/litespeed\/avatar\/ef51b25c0718910f475570320941ef46.jpg?ver=1777379772","url":"https:\/\/www.proinca.es\/madridfansblog\/wp-content\/litespeed\/avatar\/ef51b25c0718910f475570320941ef46.jpg?ver=1777379772","contentUrl":"https:\/\/www.proinca.es\/madridfansblog\/wp-content\/litespeed\/avatar\/ef51b25c0718910f475570320941ef46.jpg?ver=1777379772","caption":"Ana Calero"},"description":"Licenciada en Ciencias Empresariales por la Universidad Aut\u00f3noma de Madrid. Forma parte del equipo de Apartamentos Proinca y es una enamorada de Madrid","sameAs":["https:\/\/www.proinca.es\/madridfansblog\/ana-calero\/"]}]}},"_links":{"self":[{"href":"https:\/\/www.proinca.es\/madridfansblog\/wp-json\/wp\/v2\/posts\/3485","targetHints":{"allow":["GET"]}}],"collection":[{"href":"https:\/\/www.proinca.es\/madridfansblog\/wp-json\/wp\/v2\/posts"}],"about":[{"href":"https:\/\/www.proinca.es\/madridfansblog\/wp-json\/wp\/v2\/types\/post"}],"author":[{"embeddable":true,"href":"https:\/\/www.proinca.es\/madridfansblog\/wp-json\/wp\/v2\/users\/4"}],"replies":[{"embeddable":true,"href":"https:\/\/www.proinca.es\/madridfansblog\/wp-json\/wp\/v2\/comments?post=3485"}],"version-history":[{"count":25,"href":"https:\/\/www.proinca.es\/madridfansblog\/wp-json\/wp\/v2\/posts\/3485\/revisions"}],"predecessor-version":[{"id":7626,"href":"https:\/\/www.proinca.es\/madridfansblog\/wp-json\/wp\/v2\/posts\/3485\/revisions\/7626"}],"wp:featuredmedia":[{"embeddable":true,"href":"https:\/\/www.proinca.es\/madridfansblog\/wp-json\/wp\/v2\/media\/3538"}],"wp:attachment":[{"href":"https:\/\/www.proinca.es\/madridfansblog\/wp-json\/wp\/v2\/media?parent=3485"}],"wp:term":[{"taxonomy":"category","embeddable":true,"href":"https:\/\/www.proinca.es\/madridfansblog\/wp-json\/wp\/v2\/categories?post=3485"},{"taxonomy":"post_tag","embeddable":true,"href":"https:\/\/www.proinca.es\/madridfansblog\/wp-json\/wp\/v2\/tags?post=3485"}],"curies":[{"name":"wp","href":"https:\/\/api.w.org\/{rel}","templated":true}]}}