{"id":3491,"date":"2015-03-30T18:11:23","date_gmt":"2015-03-30T16:11:23","guid":{"rendered":"http:\/\/www.proinca.es\/madridfansblog\/?p=3491"},"modified":"2025-05-28T15:29:35","modified_gmt":"2025-05-28T13:29:35","slug":"imprescindibles-para-una-semana-santa-muy-madrilena","status":"publish","type":"post","link":"https:\/\/www.proinca.es\/madridfansblog\/imprescindibles-para-una-semana-santa-muy-madrilena\/","title":{"rendered":"IMPRESCINDIBLES PARA UNA SEMANA SANTA MUY MADRILE\u00d1A"},"content":{"rendered":"<p>Hay cosas que no te puedes perder si quieres vivir a fondo una aut\u00e9ntica <strong>Semana Santa madrile\u00f1a<!--more--><\/strong>, y una de ellas es su <b>tamborrada<\/b>, que este a\u00f1o tendr\u00e1 lugar el 5 de abril en la plaza Mayor a eso de las 12.00 horas. Exacto, lo de pegar al tambor hasta la extenuaci\u00f3n no solo es cosa de donostiarras (estos lo hacen en enero) y calandinos (estos, en la noche de Jueves Santo), en el centro de la <b>ciudad de <\/b><strong>Madrid<\/strong> tambi\u00e9n se disfruta del multitudinario repicar de los tambores, esta vez a cargo de la Real y Calasancia Cofrad\u00eda del Prendimiento del Se\u00f1or y el dolor de la Madre de Dios de Zaragoza.<\/p>\n<p>Pero si la tamborrada nos anuncia que la <strong>Semana Santa<\/strong> toca su fin, el olor del <b>potaje y los bu\u00f1uelos de bacalao<\/b> que ya se pueden degustar en los bares, tabernas y restaurantes de la capital nos avisa de su llegada. Y es que, uno no puede pasar este per\u00edodo de intensa actividad lit\u00fargica y cultural sin acudir a citas ineludibles con el bacalao de la mano de Casa Labra (Tetu\u00e1n, 12) o Casa Revuelta (Latoneros, 3) \u2013conviene madrugar para no esperar largas colas, sobre todo en el primero-. Como tampoco debemos renunciar a un estupendo potaje de esos que preparan Casa Perico (Ballesta, 18), Ponzano (Ponzano, 12), Los Galayos (Botoneras, 5), El Pitaco (Badajoz, 25), Caray (Hermosilla, 2) o Espacio 33, en la planta 33 de Torre Espacio (Castellana, 259-D), entre muchos otros.<\/p>\n<p>Y de postre, ya se sabe, prohibido comer otra cosa que no sean <b>torrijas <\/b><strong>madrile\u00f1as<\/strong>. Con az\u00facar, de chocolate, con leche, cubiertas de miel\u2026, el caso es que sean sabrosas y est\u00e9n bien esponjosas, con ese toque de canela que tanto nos gusta\u2026 Solamente os dejamos renunciar a las torrijas si es para disfrutar de unos buenos <b>bartolillos rellenos de crema<\/b>\u2026, para los que no sep\u00e1is de qu\u00e9 estamos hablando, se trata de una especie de empanadilla dulce que esconde en su interior una buena dosis de crema pastelera\u2026 \u00a1solo de pensar en estos \u00faltimos se nos abre el apetito!<\/p>\n<p>Pero no va a ser todo comer. Madrid brinda a sus vecinos y visitantes una extensa <b>agenda cultural <\/b>al margen de las famosas procesiones que recorren estos d\u00edas el centro de la ciudad.<\/p>\n<p>El espacio Conde Duque acoge la exposici\u00f3n \u201cLa imagen de Santa Teresa\u201d, dentro del ciclo <i>Ellas Crean 2015<\/i>, con motivo del 500 aniversario del nacimiento de la escritora y religiosa. Una selecci\u00f3n de numerosos libros e im\u00e1genes provenientes de los fondos de la Biblioteca Hist\u00f3rica de Madrid y que pone de relieve la importancia de la iconograf\u00eda de la santa. La Biblioteca Nacional de Espa\u00f1a (BNE) tambi\u00e9n expone estos d\u00edas una selecci\u00f3n biogr\u00e1fica sobre Santa Teresa de Jes\u00fas que \u201cnarra\u201d la vida de la protagonista a partir de su obra escrita.<\/p>\n<p>Teatro, m\u00fasica, cine y talleres completan una agenda que podr\u00e9is consultar en la p\u00e1gina web habilitada por el Ayuntamiento de Madrid para la ocasi\u00f3n: www.semanasantamadrid.es.<\/p>\n<p>Informaci\u00f3n patrocinada por\u00a0<strong><a title=\"Proinca apartamentos de alquiler en Madrid\" href=\"http:\/\/www.proinca.es\" target=\"_blank\" rel=\"noopener\">Proinca: Apartamentos de alquiler en Madrid<\/a><\/strong><\/p>\n<p>Foto de Don Ricardo en Unsplash<\/p>\n\n\n<div class=\"kk-star-ratings kksr-auto kksr-align-left kksr-valign-bottom\"\n    data-payload='{&quot;align&quot;:&quot;left&quot;,&quot;id&quot;:&quot;3491&quot;,&quot;slug&quot;:&quot;default&quot;,&quot;valign&quot;:&quot;bottom&quot;,&quot;ignore&quot;:&quot;&quot;,&quot;reference&quot;:&quot;auto&quot;,&quot;class&quot;:&quot;&quot;,&quot;count&quot;:&quot;0&quot;,&quot;legendonly&quot;:&quot;&quot;,&quot;readonly&quot;:&quot;&quot;,&quot;score&quot;:&quot;0&quot;,&quot;starsonly&quot;:&quot;&quot;,&quot;best&quot;:&quot;5&quot;,&quot;gap&quot;:&quot;1&quot;,&quot;greet&quot;:&quot;Valora este art\u00edculo&quot;,&quot;legend&quot;:&quot;0\\\/5 - (0 votos)&quot;,&quot;size&quot;:&quot;24&quot;,&quot;title&quot;:&quot;IMPRESCINDIBLES PARA UNA SEMANA SANTA MUY MADRILE\u00d1A&quot;,&quot;width&quot;:&quot;0&quot;,&quot;_legend&quot;:&quot;{score}\\\/{best} - ({count} {votes})&quot;,&quot;font_factor&quot;:&quot;1.25&quot;}'>\n            \n<div class=\"kksr-stars\">\n    \n<div class=\"kksr-stars-inactive\">\n            <div class=\"kksr-star\" data-star=\"1\" style=\"padding-right: 1px\">\n            \n\n<div class=\"kksr-icon\" style=\"width: 24px; height: 24px;\"><\/div>\n        <\/div>\n            <div class=\"kksr-star\" data-star=\"2\" style=\"padding-right: 1px\">\n            \n\n<div class=\"kksr-icon\" style=\"width: 24px; height: 24px;\"><\/div>\n        <\/div>\n            <div class=\"kksr-star\" data-star=\"3\" style=\"padding-right: 1px\">\n            \n\n<div class=\"kksr-icon\" style=\"width: 24px; height: 24px;\"><\/div>\n        <\/div>\n            <div class=\"kksr-star\" data-star=\"4\" style=\"padding-right: 1px\">\n            \n\n<div class=\"kksr-icon\" style=\"width: 24px; height: 24px;\"><\/div>\n        <\/div>\n            <div class=\"kksr-star\" data-star=\"5\" style=\"padding-right: 1px\">\n            \n\n<div class=\"kksr-icon\" style=\"width: 24px; height: 24px;\"><\/div>\n        <\/div>\n    <\/div>\n    \n<div class=\"kksr-stars-active\" style=\"width: 0px;\">\n            <div class=\"kksr-star\" style=\"padding-right: 1px\">\n            \n\n<div class=\"kksr-icon\" style=\"width: 24px; height: 24px;\"><\/div>\n        <\/div>\n            <div class=\"kksr-star\" style=\"padding-right: 1px\">\n            \n\n<div class=\"kksr-icon\" style=\"width: 24px; height: 24px;\"><\/div>\n        <\/div>\n            <div class=\"kksr-star\" style=\"padding-right: 1px\">\n            \n\n<div class=\"kksr-icon\" style=\"width: 24px; height: 24px;\"><\/div>\n        <\/div>\n            <div class=\"kksr-star\" style=\"padding-right: 1px\">\n            \n\n<div class=\"kksr-icon\" style=\"width: 24px; height: 24px;\"><\/div>\n        <\/div>\n            <div class=\"kksr-star\" style=\"padding-right: 1px\">\n            \n\n<div class=\"kksr-icon\" style=\"width: 24px; height: 24px;\"><\/div>\n        <\/div>\n    <\/div>\n<\/div>\n                \n\n<div class=\"kksr-legend\" style=\"font-size: 19.2px;\">\n            <span class=\"kksr-muted\">Valora este art\u00edculo<\/span>\n    <\/div>\n    <\/div>\n","protected":false},"excerpt":{"rendered":"<p>Hay cosas que no te puedes perder si quieres vivir  [&#8230;]<\/p>\n","protected":false},"author":4,"featured_media":7183,"comment_status":"closed","ping_status":"closed","sticky":false,"template":"","format":"standard","meta":{"footnotes":""},"categories":[79],"tags":[27,63,24,35],"class_list":["post-3491","post","type-post","status-publish","format-standard","has-post-thumbnail","hentry","category-vivir-madrid","tag-arte","tag-cultura","tag-exposiciones","tag-gratis"],"yoast_head":"<!-- This site is optimized with the Yoast SEO plugin v27.4 - https:\/\/yoast.com\/product\/yoast-seo-wordpress\/ -->\n<title>Semana Santa madridProinca apartamento de alquiler en Madrid<\/title>\n<meta name=\"description\" content=\"Madrid brinda a sus vecinos y visitantes una intensa actividad lit\u00fargica, cultural y gastronom\u00eda Patrocinado por Proinca apartamentos de alquiler en Madrid\" \/>\n<meta name=\"robots\" content=\"index, follow, max-snippet:-1, max-image-preview:large, max-video-preview:-1\" \/>\n<link rel=\"canonical\" href=\"https:\/\/www.proinca.es\/madridfansblog\/imprescindibles-para-una-semana-santa-muy-madrilena\/\" \/>\n<meta property=\"og:locale\" content=\"es_ES\" \/>\n<meta property=\"og:type\" content=\"article\" \/>\n<meta property=\"og:title\" content=\"Semana Santa madridProinca apartamento de alquiler en Madrid\" \/>\n<meta property=\"og:description\" content=\"Madrid brinda a sus vecinos y visitantes una intensa actividad lit\u00fargica, cultural y gastronom\u00eda Patrocinado por Proinca apartamentos de alquiler en Madrid\" \/>\n<meta property=\"og:url\" content=\"https:\/\/www.proinca.es\/madridfansblog\/imprescindibles-para-una-semana-santa-muy-madrilena\/\" \/>\n<meta property=\"og:site_name\" content=\"Blog Proinca Madrid\" \/>\n<meta property=\"article:published_time\" content=\"2015-03-30T16:11:23+00:00\" \/>\n<meta property=\"article:modified_time\" content=\"2025-05-28T13:29:35+00:00\" \/>\n<meta property=\"og:image\" content=\"https:\/\/www.proinca.es\/madridfansblog\/wp-content\/uploads\/2015\/03\/imprescindibles-semana-santa.jpg\" \/>\n\t<meta property=\"og:image:width\" content=\"1000\" \/>\n\t<meta property=\"og:image:height\" content=\"895\" \/>\n\t<meta property=\"og:image:type\" content=\"image\/jpeg\" \/>\n<meta name=\"author\" content=\"Ana Calero\" \/>\n<script type=\"application\/ld+json\" class=\"yoast-schema-graph\">{\"@context\":\"https:\\\/\\\/schema.org\",\"@graph\":[{\"@type\":\"Article\",\"@id\":\"https:\\\/\\\/www.proinca.es\\\/madridfansblog\\\/imprescindibles-para-una-semana-santa-muy-madrilena\\\/#article\",\"isPartOf\":{\"@id\":\"https:\\\/\\\/www.proinca.es\\\/madridfansblog\\\/imprescindibles-para-una-semana-santa-muy-madrilena\\\/\"},\"author\":{\"name\":\"Ana Calero\",\"@id\":\"https:\\\/\\\/www.proinca.es\\\/madridfansblog\\\/#\\\/schema\\\/person\\\/8401adc89c0a0f5a3574c43326247f1e\"},\"headline\":\"IMPRESCINDIBLES PARA UNA SEMANA SANTA MUY MADRILE\u00d1A\",\"datePublished\":\"2015-03-30T16:11:23+00:00\",\"dateModified\":\"2025-05-28T13:29:35+00:00\",\"mainEntityOfPage\":{\"@id\":\"https:\\\/\\\/www.proinca.es\\\/madridfansblog\\\/imprescindibles-para-una-semana-santa-muy-madrilena\\\/\"},\"wordCount\":540,\"publisher\":{\"@id\":\"https:\\\/\\\/www.proinca.es\\\/madridfansblog\\\/#organization\"},\"image\":{\"@id\":\"https:\\\/\\\/www.proinca.es\\\/madridfansblog\\\/imprescindibles-para-una-semana-santa-muy-madrilena\\\/#primaryimage\"},\"thumbnailUrl\":\"https:\\\/\\\/www.proinca.es\\\/madridfansblog\\\/wp-content\\\/uploads\\\/2015\\\/03\\\/imprescindibles-semana-santa.jpg\",\"keywords\":[\"Arte\",\"Cultura\",\"Exposiciones\",\"Gratis\"],\"articleSection\":[\"VIVIR MADRID\"],\"inLanguage\":\"es\"},{\"@type\":\"WebPage\",\"@id\":\"https:\\\/\\\/www.proinca.es\\\/madridfansblog\\\/imprescindibles-para-una-semana-santa-muy-madrilena\\\/\",\"url\":\"https:\\\/\\\/www.proinca.es\\\/madridfansblog\\\/imprescindibles-para-una-semana-santa-muy-madrilena\\\/\",\"name\":\"Semana Santa madridProinca apartamento de alquiler en Madrid\",\"isPartOf\":{\"@id\":\"https:\\\/\\\/www.proinca.es\\\/madridfansblog\\\/#website\"},\"primaryImageOfPage\":{\"@id\":\"https:\\\/\\\/www.proinca.es\\\/madridfansblog\\\/imprescindibles-para-una-semana-santa-muy-madrilena\\\/#primaryimage\"},\"image\":{\"@id\":\"https:\\\/\\\/www.proinca.es\\\/madridfansblog\\\/imprescindibles-para-una-semana-santa-muy-madrilena\\\/#primaryimage\"},\"thumbnailUrl\":\"https:\\\/\\\/www.proinca.es\\\/madridfansblog\\\/wp-content\\\/uploads\\\/2015\\\/03\\\/imprescindibles-semana-santa.jpg\",\"datePublished\":\"2015-03-30T16:11:23+00:00\",\"dateModified\":\"2025-05-28T13:29:35+00:00\",\"description\":\"Madrid brinda a sus vecinos y visitantes una intensa actividad lit\u00fargica, cultural y gastronom\u00eda Patrocinado por Proinca apartamentos de alquiler en Madrid\",\"inLanguage\":\"es\",\"potentialAction\":[{\"@type\":\"ReadAction\",\"target\":[\"https:\\\/\\\/www.proinca.es\\\/madridfansblog\\\/imprescindibles-para-una-semana-santa-muy-madrilena\\\/\"]}]},{\"@type\":\"ImageObject\",\"inLanguage\":\"es\",\"@id\":\"https:\\\/\\\/www.proinca.es\\\/madridfansblog\\\/imprescindibles-para-una-semana-santa-muy-madrilena\\\/#primaryimage\",\"url\":\"https:\\\/\\\/www.proinca.es\\\/madridfansblog\\\/wp-content\\\/uploads\\\/2015\\\/03\\\/imprescindibles-semana-santa.jpg\",\"contentUrl\":\"https:\\\/\\\/www.proinca.es\\\/madridfansblog\\\/wp-content\\\/uploads\\\/2015\\\/03\\\/imprescindibles-semana-santa.jpg\",\"width\":1000,\"height\":895,\"caption\":\"Imprescindibles para una semana santa muy madrile\u00f1a\"},{\"@type\":\"WebSite\",\"@id\":\"https:\\\/\\\/www.proinca.es\\\/madridfansblog\\\/#website\",\"url\":\"https:\\\/\\\/www.proinca.es\\\/madridfansblog\\\/\",\"name\":\"Madrid Fans Blog Proinca\",\"description\":\"Pisos y apartamentos de alquiler en Madrid\",\"publisher\":{\"@id\":\"https:\\\/\\\/www.proinca.es\\\/madridfansblog\\\/#organization\"},\"potentialAction\":[{\"@type\":\"SearchAction\",\"target\":{\"@type\":\"EntryPoint\",\"urlTemplate\":\"https:\\\/\\\/www.proinca.es\\\/madridfansblog\\\/?s={search_term_string}\"},\"query-input\":{\"@type\":\"PropertyValueSpecification\",\"valueRequired\":true,\"valueName\":\"search_term_string\"}}],\"inLanguage\":\"es\"},{\"@type\":\"Organization\",\"@id\":\"https:\\\/\\\/www.proinca.es\\\/madridfansblog\\\/#organization\",\"name\":\"Proinca\",\"url\":\"https:\\\/\\\/www.proinca.es\\\/madridfansblog\\\/\",\"logo\":{\"@type\":\"ImageObject\",\"inLanguage\":\"es\",\"@id\":\"https:\\\/\\\/www.proinca.es\\\/madridfansblog\\\/#\\\/schema\\\/logo\\\/image\\\/\",\"url\":\"https:\\\/\\\/www.proinca.es\\\/madridfansblog\\\/wp-content\\\/uploads\\\/2022\\\/03\\\/logo-proinca.jpg\",\"contentUrl\":\"https:\\\/\\\/www.proinca.es\\\/madridfansblog\\\/wp-content\\\/uploads\\\/2022\\\/03\\\/logo-proinca.jpg\",\"width\":522,\"height\":250,\"caption\":\"Proinca\"},\"image\":{\"@id\":\"https:\\\/\\\/www.proinca.es\\\/madridfansblog\\\/#\\\/schema\\\/logo\\\/image\\\/\"}},{\"@type\":\"Person\",\"@id\":\"https:\\\/\\\/www.proinca.es\\\/madridfansblog\\\/#\\\/schema\\\/person\\\/8401adc89c0a0f5a3574c43326247f1e\",\"name\":\"Ana Calero\",\"image\":{\"@type\":\"ImageObject\",\"inLanguage\":\"es\",\"@id\":\"https:\\\/\\\/www.proinca.es\\\/madridfansblog\\\/wp-content\\\/litespeed\\\/avatar\\\/ef51b25c0718910f475570320941ef46.jpg?ver=1777379772\",\"url\":\"https:\\\/\\\/www.proinca.es\\\/madridfansblog\\\/wp-content\\\/litespeed\\\/avatar\\\/ef51b25c0718910f475570320941ef46.jpg?ver=1777379772\",\"contentUrl\":\"https:\\\/\\\/www.proinca.es\\\/madridfansblog\\\/wp-content\\\/litespeed\\\/avatar\\\/ef51b25c0718910f475570320941ef46.jpg?ver=1777379772\",\"caption\":\"Ana Calero\"},\"description\":\"Licenciada en Ciencias Empresariales por la Universidad Aut\u00f3noma de Madrid. Forma parte del equipo de Apartamentos Proinca y es una enamorada de Madrid\",\"sameAs\":[\"https:\\\/\\\/www.proinca.es\\\/madridfansblog\\\/ana-calero\\\/\"]}]}<\/script>\n<!-- \/ Yoast SEO plugin. -->","yoast_head_json":{"title":"Semana Santa madridProinca apartamento de alquiler en Madrid","description":"Madrid brinda a sus vecinos y visitantes una intensa actividad lit\u00fargica, cultural y gastronom\u00eda Patrocinado por Proinca apartamentos de alquiler en Madrid","robots":{"index":"index","follow":"follow","max-snippet":"max-snippet:-1","max-image-preview":"max-image-preview:large","max-video-preview":"max-video-preview:-1"},"canonical":"https:\/\/www.proinca.es\/madridfansblog\/imprescindibles-para-una-semana-santa-muy-madrilena\/","og_locale":"es_ES","og_type":"article","og_title":"Semana Santa madridProinca apartamento de alquiler en Madrid","og_description":"Madrid brinda a sus vecinos y visitantes una intensa actividad lit\u00fargica, cultural y gastronom\u00eda Patrocinado por Proinca apartamentos de alquiler en Madrid","og_url":"https:\/\/www.proinca.es\/madridfansblog\/imprescindibles-para-una-semana-santa-muy-madrilena\/","og_site_name":"Blog Proinca Madrid","article_published_time":"2015-03-30T16:11:23+00:00","article_modified_time":"2025-05-28T13:29:35+00:00","og_image":[{"width":1000,"height":895,"url":"https:\/\/www.proinca.es\/madridfansblog\/wp-content\/uploads\/2015\/03\/imprescindibles-semana-santa.jpg","type":"image\/jpeg"}],"author":"Ana Calero","schema":{"@context":"https:\/\/schema.org","@graph":[{"@type":"Article","@id":"https:\/\/www.proinca.es\/madridfansblog\/imprescindibles-para-una-semana-santa-muy-madrilena\/#article","isPartOf":{"@id":"https:\/\/www.proinca.es\/madridfansblog\/imprescindibles-para-una-semana-santa-muy-madrilena\/"},"author":{"name":"Ana Calero","@id":"https:\/\/www.proinca.es\/madridfansblog\/#\/schema\/person\/8401adc89c0a0f5a3574c43326247f1e"},"headline":"IMPRESCINDIBLES PARA UNA SEMANA SANTA MUY MADRILE\u00d1A","datePublished":"2015-03-30T16:11:23+00:00","dateModified":"2025-05-28T13:29:35+00:00","mainEntityOfPage":{"@id":"https:\/\/www.proinca.es\/madridfansblog\/imprescindibles-para-una-semana-santa-muy-madrilena\/"},"wordCount":540,"publisher":{"@id":"https:\/\/www.proinca.es\/madridfansblog\/#organization"},"image":{"@id":"https:\/\/www.proinca.es\/madridfansblog\/imprescindibles-para-una-semana-santa-muy-madrilena\/#primaryimage"},"thumbnailUrl":"https:\/\/www.proinca.es\/madridfansblog\/wp-content\/uploads\/2015\/03\/imprescindibles-semana-santa.jpg","keywords":["Arte","Cultura","Exposiciones","Gratis"],"articleSection":["VIVIR MADRID"],"inLanguage":"es"},{"@type":"WebPage","@id":"https:\/\/www.proinca.es\/madridfansblog\/imprescindibles-para-una-semana-santa-muy-madrilena\/","url":"https:\/\/www.proinca.es\/madridfansblog\/imprescindibles-para-una-semana-santa-muy-madrilena\/","name":"Semana Santa madridProinca apartamento de alquiler en Madrid","isPartOf":{"@id":"https:\/\/www.proinca.es\/madridfansblog\/#website"},"primaryImageOfPage":{"@id":"https:\/\/www.proinca.es\/madridfansblog\/imprescindibles-para-una-semana-santa-muy-madrilena\/#primaryimage"},"image":{"@id":"https:\/\/www.proinca.es\/madridfansblog\/imprescindibles-para-una-semana-santa-muy-madrilena\/#primaryimage"},"thumbnailUrl":"https:\/\/www.proinca.es\/madridfansblog\/wp-content\/uploads\/2015\/03\/imprescindibles-semana-santa.jpg","datePublished":"2015-03-30T16:11:23+00:00","dateModified":"2025-05-28T13:29:35+00:00","description":"Madrid brinda a sus vecinos y visitantes una intensa actividad lit\u00fargica, cultural y gastronom\u00eda Patrocinado por Proinca apartamentos de alquiler en Madrid","inLanguage":"es","potentialAction":[{"@type":"ReadAction","target":["https:\/\/www.proinca.es\/madridfansblog\/imprescindibles-para-una-semana-santa-muy-madrilena\/"]}]},{"@type":"ImageObject","inLanguage":"es","@id":"https:\/\/www.proinca.es\/madridfansblog\/imprescindibles-para-una-semana-santa-muy-madrilena\/#primaryimage","url":"https:\/\/www.proinca.es\/madridfansblog\/wp-content\/uploads\/2015\/03\/imprescindibles-semana-santa.jpg","contentUrl":"https:\/\/www.proinca.es\/madridfansblog\/wp-content\/uploads\/2015\/03\/imprescindibles-semana-santa.jpg","width":1000,"height":895,"caption":"Imprescindibles para una semana santa muy madrile\u00f1a"},{"@type":"WebSite","@id":"https:\/\/www.proinca.es\/madridfansblog\/#website","url":"https:\/\/www.proinca.es\/madridfansblog\/","name":"Madrid Fans Blog Proinca","description":"Pisos y apartamentos de alquiler en Madrid","publisher":{"@id":"https:\/\/www.proinca.es\/madridfansblog\/#organization"},"potentialAction":[{"@type":"SearchAction","target":{"@type":"EntryPoint","urlTemplate":"https:\/\/www.proinca.es\/madridfansblog\/?s={search_term_string}"},"query-input":{"@type":"PropertyValueSpecification","valueRequired":true,"valueName":"search_term_string"}}],"inLanguage":"es"},{"@type":"Organization","@id":"https:\/\/www.proinca.es\/madridfansblog\/#organization","name":"Proinca","url":"https:\/\/www.proinca.es\/madridfansblog\/","logo":{"@type":"ImageObject","inLanguage":"es","@id":"https:\/\/www.proinca.es\/madridfansblog\/#\/schema\/logo\/image\/","url":"https:\/\/www.proinca.es\/madridfansblog\/wp-content\/uploads\/2022\/03\/logo-proinca.jpg","contentUrl":"https:\/\/www.proinca.es\/madridfansblog\/wp-content\/uploads\/2022\/03\/logo-proinca.jpg","width":522,"height":250,"caption":"Proinca"},"image":{"@id":"https:\/\/www.proinca.es\/madridfansblog\/#\/schema\/logo\/image\/"}},{"@type":"Person","@id":"https:\/\/www.proinca.es\/madridfansblog\/#\/schema\/person\/8401adc89c0a0f5a3574c43326247f1e","name":"Ana Calero","image":{"@type":"ImageObject","inLanguage":"es","@id":"https:\/\/www.proinca.es\/madridfansblog\/wp-content\/litespeed\/avatar\/ef51b25c0718910f475570320941ef46.jpg?ver=1777379772","url":"https:\/\/www.proinca.es\/madridfansblog\/wp-content\/litespeed\/avatar\/ef51b25c0718910f475570320941ef46.jpg?ver=1777379772","contentUrl":"https:\/\/www.proinca.es\/madridfansblog\/wp-content\/litespeed\/avatar\/ef51b25c0718910f475570320941ef46.jpg?ver=1777379772","caption":"Ana Calero"},"description":"Licenciada en Ciencias Empresariales por la Universidad Aut\u00f3noma de Madrid. Forma parte del equipo de Apartamentos Proinca y es una enamorada de Madrid","sameAs":["https:\/\/www.proinca.es\/madridfansblog\/ana-calero\/"]}]}},"_links":{"self":[{"href":"https:\/\/www.proinca.es\/madridfansblog\/wp-json\/wp\/v2\/posts\/3491","targetHints":{"allow":["GET"]}}],"collection":[{"href":"https:\/\/www.proinca.es\/madridfansblog\/wp-json\/wp\/v2\/posts"}],"about":[{"href":"https:\/\/www.proinca.es\/madridfansblog\/wp-json\/wp\/v2\/types\/post"}],"author":[{"embeddable":true,"href":"https:\/\/www.proinca.es\/madridfansblog\/wp-json\/wp\/v2\/users\/4"}],"replies":[{"embeddable":true,"href":"https:\/\/www.proinca.es\/madridfansblog\/wp-json\/wp\/v2\/comments?post=3491"}],"version-history":[{"count":18,"href":"https:\/\/www.proinca.es\/madridfansblog\/wp-json\/wp\/v2\/posts\/3491\/revisions"}],"predecessor-version":[{"id":7628,"href":"https:\/\/www.proinca.es\/madridfansblog\/wp-json\/wp\/v2\/posts\/3491\/revisions\/7628"}],"wp:featuredmedia":[{"embeddable":true,"href":"https:\/\/www.proinca.es\/madridfansblog\/wp-json\/wp\/v2\/media\/7183"}],"wp:attachment":[{"href":"https:\/\/www.proinca.es\/madridfansblog\/wp-json\/wp\/v2\/media?parent=3491"}],"wp:term":[{"taxonomy":"category","embeddable":true,"href":"https:\/\/www.proinca.es\/madridfansblog\/wp-json\/wp\/v2\/categories?post=3491"},{"taxonomy":"post_tag","embeddable":true,"href":"https:\/\/www.proinca.es\/madridfansblog\/wp-json\/wp\/v2\/tags?post=3491"}],"curies":[{"name":"wp","href":"https:\/\/api.w.org\/{rel}","templated":true}]}}