{"id":3515,"date":"2015-04-07T20:09:56","date_gmt":"2015-04-07T18:09:56","guid":{"rendered":"http:\/\/www.proinca.es\/madridfansblog\/?p=3515"},"modified":"2025-05-28T15:30:05","modified_gmt":"2025-05-28T13:30:05","slug":"fuego-blanco-en-el-reina-sofia-de-madrid","status":"publish","type":"post","link":"https:\/\/www.proinca.es\/madridfansblog\/fuego-blanco-en-el-reina-sofia-de-madrid\/","title":{"rendered":"\u00bb FUEGO BLANCO \u00bb EN EL REINA SOF\u00cdA DE MADRID"},"content":{"rendered":"<p>Cada cierto tiempo, alguna de las grandes <b>pinacotecas de la ciudad de <\/b><strong>Madrid<\/strong> nos regala una de esas exposiciones magn\u00edficas<!--more-->, venidas de otras partes del mundo, que uno no se puede perder. Esta vez, la oportunidad nos llega de la mano de uno de nuestros espacios favoritos de la capital, el <strong>Museo Nacional Centro de Arte Reina Sof\u00eda<\/strong>, con una colecci\u00f3n contempor\u00e1nea expuesta, de forma habitual, en el Kunstmuseum Basel, el <b>Museo de Arte de Basilea <\/b>(Suiza), y que re\u00fane algunas de las obras m\u00e1s importantes de toda Europa.<\/p>\n<p>Edvar Munch, Vassily Kandinsky, Pablo Picasso, Juan Gris o Andy Warhol son solo algunos de los artistas que firman las obras expuestas estos d\u00edas en el <strong>Reina Sof\u00eda<\/strong>. Con tal presentaci\u00f3n, queda poco m\u00e1s que a\u00f1adir, \u00bfverdad? Arte de los siglos XIX al XXI en estado puro y una oportunidad magn\u00edfica para los amantes de las vanguardias europeas y del arte estadounidenses de la segunda mitad del siglo XX.<\/p>\n<p>El <b>Kunstmuseum Basel<\/b> ha cerrado temporalmente sus puertas para la acometida de trabajos de renovaci\u00f3n de sus salas, de ah\u00ed que la colecci\u00f3n (concretamente, 166 obras) haya aterrizado en el <b>coraz\u00f3n de <\/b><strong>Madrid <\/strong>con lo mejor del expresionismo, el cubismo, minimalismo, post-expresionismo alem\u00e1n o el Pop art de las \u00faltimas d\u00e9cadas. Se\u00f1alar que, adem\u00e1s de las citadas, el museo suizo, ha cedido diez picassos al <b>Prado<\/b> para que sean expuestos durante seis meses.<\/p>\n<p><b>Una curiosidad<\/b><\/p>\n<p><strong>Fuego blanco<\/strong>, el nombre de la exposici\u00f3n en el <strong>Reina Sof\u00eda<\/strong>, ha sido tomado de una de las obras m\u00e1s celebres de <b>Barnett Newman<\/b>, presente en la muestra.<\/p>\n<p><b>Informaci\u00f3n pr\u00e1ctica<\/b><br \/>\nFecha: Hasta el 14 de septiembre.<br \/>\nLugar: Sede Principal. Edificio Sabatini y Edificio Nouvel.<br \/>\nHorario: Lunes, de 10.00 a 21.00 horas. Martes, cerrado. De mi\u00e9rcoles a s\u00e1bado, de 10.00 a 21.00 horas. Domingos, de 10.00 a 19.00 horas.<br \/>\nPrecio de entrada: 8 \u20ac<\/p>\n<p>Informaci\u00f3n patrocinada por\u00a0<strong><a title=\"Proinca apartamentos de alquiler en Madrid\" href=\"http:\/\/www.proinca.es\" target=\"_blank\" rel=\"noopener\">Proinca: Apartamentos de alquiler en Madrid<\/a><\/strong><\/p>\n<p>Fuente imagen: museoreinasofia.es<\/p>\n<p>&nbsp;<\/p>\n\n\n<div class=\"kk-star-ratings kksr-auto kksr-align-left kksr-valign-bottom\"\n    data-payload='{&quot;align&quot;:&quot;left&quot;,&quot;id&quot;:&quot;3515&quot;,&quot;slug&quot;:&quot;default&quot;,&quot;valign&quot;:&quot;bottom&quot;,&quot;ignore&quot;:&quot;&quot;,&quot;reference&quot;:&quot;auto&quot;,&quot;class&quot;:&quot;&quot;,&quot;count&quot;:&quot;0&quot;,&quot;legendonly&quot;:&quot;&quot;,&quot;readonly&quot;:&quot;&quot;,&quot;score&quot;:&quot;0&quot;,&quot;starsonly&quot;:&quot;&quot;,&quot;best&quot;:&quot;5&quot;,&quot;gap&quot;:&quot;1&quot;,&quot;greet&quot;:&quot;Valora este art\u00edculo&quot;,&quot;legend&quot;:&quot;0\\\/5 - (0 votos)&quot;,&quot;size&quot;:&quot;24&quot;,&quot;title&quot;:&quot;\\u0026quot; FUEGO BLANCO \\u0026quot; EN EL REINA SOF\u00cdA DE MADRID&quot;,&quot;width&quot;:&quot;0&quot;,&quot;_legend&quot;:&quot;{score}\\\/{best} - ({count} {votes})&quot;,&quot;font_factor&quot;:&quot;1.25&quot;}'>\n            \n<div class=\"kksr-stars\">\n    \n<div class=\"kksr-stars-inactive\">\n            <div class=\"kksr-star\" data-star=\"1\" style=\"padding-right: 1px\">\n            \n\n<div class=\"kksr-icon\" style=\"width: 24px; height: 24px;\"><\/div>\n        <\/div>\n            <div class=\"kksr-star\" data-star=\"2\" style=\"padding-right: 1px\">\n            \n\n<div class=\"kksr-icon\" style=\"width: 24px; height: 24px;\"><\/div>\n        <\/div>\n            <div class=\"kksr-star\" data-star=\"3\" style=\"padding-right: 1px\">\n            \n\n<div class=\"kksr-icon\" style=\"width: 24px; height: 24px;\"><\/div>\n        <\/div>\n            <div class=\"kksr-star\" data-star=\"4\" style=\"padding-right: 1px\">\n            \n\n<div class=\"kksr-icon\" style=\"width: 24px; height: 24px;\"><\/div>\n        <\/div>\n            <div class=\"kksr-star\" data-star=\"5\" style=\"padding-right: 1px\">\n            \n\n<div class=\"kksr-icon\" style=\"width: 24px; height: 24px;\"><\/div>\n        <\/div>\n    <\/div>\n    \n<div class=\"kksr-stars-active\" style=\"width: 0px;\">\n            <div class=\"kksr-star\" style=\"padding-right: 1px\">\n            \n\n<div class=\"kksr-icon\" style=\"width: 24px; height: 24px;\"><\/div>\n        <\/div>\n            <div class=\"kksr-star\" style=\"padding-right: 1px\">\n            \n\n<div class=\"kksr-icon\" style=\"width: 24px; height: 24px;\"><\/div>\n        <\/div>\n            <div class=\"kksr-star\" style=\"padding-right: 1px\">\n            \n\n<div class=\"kksr-icon\" style=\"width: 24px; height: 24px;\"><\/div>\n        <\/div>\n            <div class=\"kksr-star\" style=\"padding-right: 1px\">\n            \n\n<div class=\"kksr-icon\" style=\"width: 24px; height: 24px;\"><\/div>\n        <\/div>\n            <div class=\"kksr-star\" style=\"padding-right: 1px\">\n            \n\n<div class=\"kksr-icon\" style=\"width: 24px; height: 24px;\"><\/div>\n        <\/div>\n    <\/div>\n<\/div>\n                \n\n<div class=\"kksr-legend\" style=\"font-size: 19.2px;\">\n            <span class=\"kksr-muted\">Valora este art\u00edculo<\/span>\n    <\/div>\n    <\/div>\n","protected":false},"excerpt":{"rendered":"<p>Cada cierto tiempo, alguna de las grandes pinacotecas de la  [&#8230;]<\/p>\n","protected":false},"author":4,"featured_media":3523,"comment_status":"closed","ping_status":"closed","sticky":false,"template":"","format":"standard","meta":{"footnotes":""},"categories":[79],"tags":[27,63,24,5,57],"class_list":["post-3515","post","type-post","status-publish","format-standard","has-post-thumbnail","hentry","category-vivir-madrid","tag-arte","tag-cultura","tag-exposiciones","tag-madrid","tag-museos"],"yoast_head":"<!-- This site is optimized with the Yoast SEO plugin v27.4 - https:\/\/yoast.com\/product\/yoast-seo-wordpress\/ -->\n<title>Fuego Blanco MadridProinca apartamento de alquiler en Madrid<\/title>\n<meta name=\"description\" content=\"Fuego Blanco en el Reina Sof\u00eda,arte contemporaneo con algunas de las obras m\u00e1s importantes de Europa.Patrocinado por Proinca apartamento de alquiler en Madrid\" \/>\n<meta name=\"robots\" content=\"index, follow, max-snippet:-1, max-image-preview:large, max-video-preview:-1\" \/>\n<link rel=\"canonical\" href=\"https:\/\/www.proinca.es\/madridfansblog\/fuego-blanco-en-el-reina-sofia-de-madrid\/\" \/>\n<meta property=\"og:locale\" content=\"es_ES\" \/>\n<meta property=\"og:type\" content=\"article\" \/>\n<meta property=\"og:title\" content=\"Fuego Blanco MadridProinca apartamento de alquiler en Madrid\" \/>\n<meta property=\"og:description\" content=\"Fuego Blanco en el Reina Sof\u00eda,arte contemporaneo con algunas de las obras m\u00e1s importantes de Europa.Patrocinado por Proinca apartamento de alquiler en Madrid\" \/>\n<meta property=\"og:url\" content=\"https:\/\/www.proinca.es\/madridfansblog\/fuego-blanco-en-el-reina-sofia-de-madrid\/\" \/>\n<meta property=\"og:site_name\" content=\"Blog Proinca Madrid\" \/>\n<meta property=\"article:published_time\" content=\"2015-04-07T18:09:56+00:00\" \/>\n<meta property=\"article:modified_time\" content=\"2025-05-28T13:30:05+00:00\" \/>\n<meta property=\"og:image\" content=\"https:\/\/www.proinca.es\/madridfansblog\/wp-content\/uploads\/2015\/04\/proinca_madridfansblog_fuego_blanco_reina_sofia_madrid_1.jpg\" \/>\n\t<meta property=\"og:image:width\" content=\"300\" \/>\n\t<meta property=\"og:image:height\" content=\"414\" \/>\n\t<meta property=\"og:image:type\" content=\"image\/jpeg\" \/>\n<meta name=\"author\" content=\"Ana Calero\" \/>\n<script type=\"application\/ld+json\" class=\"yoast-schema-graph\">{\"@context\":\"https:\\\/\\\/schema.org\",\"@graph\":[{\"@type\":\"Article\",\"@id\":\"https:\\\/\\\/www.proinca.es\\\/madridfansblog\\\/fuego-blanco-en-el-reina-sofia-de-madrid\\\/#article\",\"isPartOf\":{\"@id\":\"https:\\\/\\\/www.proinca.es\\\/madridfansblog\\\/fuego-blanco-en-el-reina-sofia-de-madrid\\\/\"},\"author\":{\"name\":\"Ana Calero\",\"@id\":\"https:\\\/\\\/www.proinca.es\\\/madridfansblog\\\/#\\\/schema\\\/person\\\/8401adc89c0a0f5a3574c43326247f1e\"},\"headline\":\"\u00bb FUEGO BLANCO \u00bb EN EL REINA SOF\u00cdA DE MADRID\",\"datePublished\":\"2015-04-07T18:09:56+00:00\",\"dateModified\":\"2025-05-28T13:30:05+00:00\",\"mainEntityOfPage\":{\"@id\":\"https:\\\/\\\/www.proinca.es\\\/madridfansblog\\\/fuego-blanco-en-el-reina-sofia-de-madrid\\\/\"},\"wordCount\":346,\"publisher\":{\"@id\":\"https:\\\/\\\/www.proinca.es\\\/madridfansblog\\\/#organization\"},\"image\":{\"@id\":\"https:\\\/\\\/www.proinca.es\\\/madridfansblog\\\/fuego-blanco-en-el-reina-sofia-de-madrid\\\/#primaryimage\"},\"thumbnailUrl\":\"https:\\\/\\\/www.proinca.es\\\/madridfansblog\\\/wp-content\\\/uploads\\\/2015\\\/04\\\/proinca_madridfansblog_fuego_blanco_reina_sofia_madrid_1.jpg\",\"keywords\":[\"Arte\",\"Cultura\",\"Exposiciones\",\"Madrid\",\"Museos\"],\"articleSection\":[\"VIVIR MADRID\"],\"inLanguage\":\"es\"},{\"@type\":\"WebPage\",\"@id\":\"https:\\\/\\\/www.proinca.es\\\/madridfansblog\\\/fuego-blanco-en-el-reina-sofia-de-madrid\\\/\",\"url\":\"https:\\\/\\\/www.proinca.es\\\/madridfansblog\\\/fuego-blanco-en-el-reina-sofia-de-madrid\\\/\",\"name\":\"Fuego Blanco MadridProinca apartamento de alquiler en Madrid\",\"isPartOf\":{\"@id\":\"https:\\\/\\\/www.proinca.es\\\/madridfansblog\\\/#website\"},\"primaryImageOfPage\":{\"@id\":\"https:\\\/\\\/www.proinca.es\\\/madridfansblog\\\/fuego-blanco-en-el-reina-sofia-de-madrid\\\/#primaryimage\"},\"image\":{\"@id\":\"https:\\\/\\\/www.proinca.es\\\/madridfansblog\\\/fuego-blanco-en-el-reina-sofia-de-madrid\\\/#primaryimage\"},\"thumbnailUrl\":\"https:\\\/\\\/www.proinca.es\\\/madridfansblog\\\/wp-content\\\/uploads\\\/2015\\\/04\\\/proinca_madridfansblog_fuego_blanco_reina_sofia_madrid_1.jpg\",\"datePublished\":\"2015-04-07T18:09:56+00:00\",\"dateModified\":\"2025-05-28T13:30:05+00:00\",\"description\":\"Fuego Blanco en el Reina Sof\u00eda,arte contemporaneo con algunas de las obras m\u00e1s importantes de Europa.Patrocinado por Proinca apartamento de alquiler en Madrid\",\"inLanguage\":\"es\",\"potentialAction\":[{\"@type\":\"ReadAction\",\"target\":[\"https:\\\/\\\/www.proinca.es\\\/madridfansblog\\\/fuego-blanco-en-el-reina-sofia-de-madrid\\\/\"]}]},{\"@type\":\"ImageObject\",\"inLanguage\":\"es\",\"@id\":\"https:\\\/\\\/www.proinca.es\\\/madridfansblog\\\/fuego-blanco-en-el-reina-sofia-de-madrid\\\/#primaryimage\",\"url\":\"https:\\\/\\\/www.proinca.es\\\/madridfansblog\\\/wp-content\\\/uploads\\\/2015\\\/04\\\/proinca_madridfansblog_fuego_blanco_reina_sofia_madrid_1.jpg\",\"contentUrl\":\"https:\\\/\\\/www.proinca.es\\\/madridfansblog\\\/wp-content\\\/uploads\\\/2015\\\/04\\\/proinca_madridfansblog_fuego_blanco_reina_sofia_madrid_1.jpg\",\"width\":300,\"height\":414,\"caption\":\"proinca madridfansblog fuego blanco reina sofia madrid 1\"},{\"@type\":\"WebSite\",\"@id\":\"https:\\\/\\\/www.proinca.es\\\/madridfansblog\\\/#website\",\"url\":\"https:\\\/\\\/www.proinca.es\\\/madridfansblog\\\/\",\"name\":\"Madrid Fans Blog Proinca\",\"description\":\"Pisos y apartamentos de alquiler en Madrid\",\"publisher\":{\"@id\":\"https:\\\/\\\/www.proinca.es\\\/madridfansblog\\\/#organization\"},\"potentialAction\":[{\"@type\":\"SearchAction\",\"target\":{\"@type\":\"EntryPoint\",\"urlTemplate\":\"https:\\\/\\\/www.proinca.es\\\/madridfansblog\\\/?s={search_term_string}\"},\"query-input\":{\"@type\":\"PropertyValueSpecification\",\"valueRequired\":true,\"valueName\":\"search_term_string\"}}],\"inLanguage\":\"es\"},{\"@type\":\"Organization\",\"@id\":\"https:\\\/\\\/www.proinca.es\\\/madridfansblog\\\/#organization\",\"name\":\"Proinca\",\"url\":\"https:\\\/\\\/www.proinca.es\\\/madridfansblog\\\/\",\"logo\":{\"@type\":\"ImageObject\",\"inLanguage\":\"es\",\"@id\":\"https:\\\/\\\/www.proinca.es\\\/madridfansblog\\\/#\\\/schema\\\/logo\\\/image\\\/\",\"url\":\"https:\\\/\\\/www.proinca.es\\\/madridfansblog\\\/wp-content\\\/uploads\\\/2022\\\/03\\\/logo-proinca.jpg\",\"contentUrl\":\"https:\\\/\\\/www.proinca.es\\\/madridfansblog\\\/wp-content\\\/uploads\\\/2022\\\/03\\\/logo-proinca.jpg\",\"width\":522,\"height\":250,\"caption\":\"Proinca\"},\"image\":{\"@id\":\"https:\\\/\\\/www.proinca.es\\\/madridfansblog\\\/#\\\/schema\\\/logo\\\/image\\\/\"}},{\"@type\":\"Person\",\"@id\":\"https:\\\/\\\/www.proinca.es\\\/madridfansblog\\\/#\\\/schema\\\/person\\\/8401adc89c0a0f5a3574c43326247f1e\",\"name\":\"Ana Calero\",\"image\":{\"@type\":\"ImageObject\",\"inLanguage\":\"es\",\"@id\":\"https:\\\/\\\/www.proinca.es\\\/madridfansblog\\\/wp-content\\\/litespeed\\\/avatar\\\/ef51b25c0718910f475570320941ef46.jpg?ver=1777379772\",\"url\":\"https:\\\/\\\/www.proinca.es\\\/madridfansblog\\\/wp-content\\\/litespeed\\\/avatar\\\/ef51b25c0718910f475570320941ef46.jpg?ver=1777379772\",\"contentUrl\":\"https:\\\/\\\/www.proinca.es\\\/madridfansblog\\\/wp-content\\\/litespeed\\\/avatar\\\/ef51b25c0718910f475570320941ef46.jpg?ver=1777379772\",\"caption\":\"Ana Calero\"},\"description\":\"Licenciada en Ciencias Empresariales por la Universidad Aut\u00f3noma de Madrid. Forma parte del equipo de Apartamentos Proinca y es una enamorada de Madrid\",\"sameAs\":[\"https:\\\/\\\/www.proinca.es\\\/madridfansblog\\\/ana-calero\\\/\"]}]}<\/script>\n<!-- \/ Yoast SEO plugin. -->","yoast_head_json":{"title":"Fuego Blanco MadridProinca apartamento de alquiler en Madrid","description":"Fuego Blanco en el Reina Sof\u00eda,arte contemporaneo con algunas de las obras m\u00e1s importantes de Europa.Patrocinado por Proinca apartamento de alquiler en Madrid","robots":{"index":"index","follow":"follow","max-snippet":"max-snippet:-1","max-image-preview":"max-image-preview:large","max-video-preview":"max-video-preview:-1"},"canonical":"https:\/\/www.proinca.es\/madridfansblog\/fuego-blanco-en-el-reina-sofia-de-madrid\/","og_locale":"es_ES","og_type":"article","og_title":"Fuego Blanco MadridProinca apartamento de alquiler en Madrid","og_description":"Fuego Blanco en el Reina Sof\u00eda,arte contemporaneo con algunas de las obras m\u00e1s importantes de Europa.Patrocinado por Proinca apartamento de alquiler en Madrid","og_url":"https:\/\/www.proinca.es\/madridfansblog\/fuego-blanco-en-el-reina-sofia-de-madrid\/","og_site_name":"Blog Proinca Madrid","article_published_time":"2015-04-07T18:09:56+00:00","article_modified_time":"2025-05-28T13:30:05+00:00","og_image":[{"width":300,"height":414,"url":"https:\/\/www.proinca.es\/madridfansblog\/wp-content\/uploads\/2015\/04\/proinca_madridfansblog_fuego_blanco_reina_sofia_madrid_1.jpg","type":"image\/jpeg"}],"author":"Ana Calero","schema":{"@context":"https:\/\/schema.org","@graph":[{"@type":"Article","@id":"https:\/\/www.proinca.es\/madridfansblog\/fuego-blanco-en-el-reina-sofia-de-madrid\/#article","isPartOf":{"@id":"https:\/\/www.proinca.es\/madridfansblog\/fuego-blanco-en-el-reina-sofia-de-madrid\/"},"author":{"name":"Ana Calero","@id":"https:\/\/www.proinca.es\/madridfansblog\/#\/schema\/person\/8401adc89c0a0f5a3574c43326247f1e"},"headline":"\u00bb FUEGO BLANCO \u00bb EN EL REINA SOF\u00cdA DE MADRID","datePublished":"2015-04-07T18:09:56+00:00","dateModified":"2025-05-28T13:30:05+00:00","mainEntityOfPage":{"@id":"https:\/\/www.proinca.es\/madridfansblog\/fuego-blanco-en-el-reina-sofia-de-madrid\/"},"wordCount":346,"publisher":{"@id":"https:\/\/www.proinca.es\/madridfansblog\/#organization"},"image":{"@id":"https:\/\/www.proinca.es\/madridfansblog\/fuego-blanco-en-el-reina-sofia-de-madrid\/#primaryimage"},"thumbnailUrl":"https:\/\/www.proinca.es\/madridfansblog\/wp-content\/uploads\/2015\/04\/proinca_madridfansblog_fuego_blanco_reina_sofia_madrid_1.jpg","keywords":["Arte","Cultura","Exposiciones","Madrid","Museos"],"articleSection":["VIVIR MADRID"],"inLanguage":"es"},{"@type":"WebPage","@id":"https:\/\/www.proinca.es\/madridfansblog\/fuego-blanco-en-el-reina-sofia-de-madrid\/","url":"https:\/\/www.proinca.es\/madridfansblog\/fuego-blanco-en-el-reina-sofia-de-madrid\/","name":"Fuego Blanco MadridProinca apartamento de alquiler en Madrid","isPartOf":{"@id":"https:\/\/www.proinca.es\/madridfansblog\/#website"},"primaryImageOfPage":{"@id":"https:\/\/www.proinca.es\/madridfansblog\/fuego-blanco-en-el-reina-sofia-de-madrid\/#primaryimage"},"image":{"@id":"https:\/\/www.proinca.es\/madridfansblog\/fuego-blanco-en-el-reina-sofia-de-madrid\/#primaryimage"},"thumbnailUrl":"https:\/\/www.proinca.es\/madridfansblog\/wp-content\/uploads\/2015\/04\/proinca_madridfansblog_fuego_blanco_reina_sofia_madrid_1.jpg","datePublished":"2015-04-07T18:09:56+00:00","dateModified":"2025-05-28T13:30:05+00:00","description":"Fuego Blanco en el Reina Sof\u00eda,arte contemporaneo con algunas de las obras m\u00e1s importantes de Europa.Patrocinado por Proinca apartamento de alquiler en Madrid","inLanguage":"es","potentialAction":[{"@type":"ReadAction","target":["https:\/\/www.proinca.es\/madridfansblog\/fuego-blanco-en-el-reina-sofia-de-madrid\/"]}]},{"@type":"ImageObject","inLanguage":"es","@id":"https:\/\/www.proinca.es\/madridfansblog\/fuego-blanco-en-el-reina-sofia-de-madrid\/#primaryimage","url":"https:\/\/www.proinca.es\/madridfansblog\/wp-content\/uploads\/2015\/04\/proinca_madridfansblog_fuego_blanco_reina_sofia_madrid_1.jpg","contentUrl":"https:\/\/www.proinca.es\/madridfansblog\/wp-content\/uploads\/2015\/04\/proinca_madridfansblog_fuego_blanco_reina_sofia_madrid_1.jpg","width":300,"height":414,"caption":"proinca madridfansblog fuego blanco reina sofia madrid 1"},{"@type":"WebSite","@id":"https:\/\/www.proinca.es\/madridfansblog\/#website","url":"https:\/\/www.proinca.es\/madridfansblog\/","name":"Madrid Fans Blog Proinca","description":"Pisos y apartamentos de alquiler en Madrid","publisher":{"@id":"https:\/\/www.proinca.es\/madridfansblog\/#organization"},"potentialAction":[{"@type":"SearchAction","target":{"@type":"EntryPoint","urlTemplate":"https:\/\/www.proinca.es\/madridfansblog\/?s={search_term_string}"},"query-input":{"@type":"PropertyValueSpecification","valueRequired":true,"valueName":"search_term_string"}}],"inLanguage":"es"},{"@type":"Organization","@id":"https:\/\/www.proinca.es\/madridfansblog\/#organization","name":"Proinca","url":"https:\/\/www.proinca.es\/madridfansblog\/","logo":{"@type":"ImageObject","inLanguage":"es","@id":"https:\/\/www.proinca.es\/madridfansblog\/#\/schema\/logo\/image\/","url":"https:\/\/www.proinca.es\/madridfansblog\/wp-content\/uploads\/2022\/03\/logo-proinca.jpg","contentUrl":"https:\/\/www.proinca.es\/madridfansblog\/wp-content\/uploads\/2022\/03\/logo-proinca.jpg","width":522,"height":250,"caption":"Proinca"},"image":{"@id":"https:\/\/www.proinca.es\/madridfansblog\/#\/schema\/logo\/image\/"}},{"@type":"Person","@id":"https:\/\/www.proinca.es\/madridfansblog\/#\/schema\/person\/8401adc89c0a0f5a3574c43326247f1e","name":"Ana Calero","image":{"@type":"ImageObject","inLanguage":"es","@id":"https:\/\/www.proinca.es\/madridfansblog\/wp-content\/litespeed\/avatar\/ef51b25c0718910f475570320941ef46.jpg?ver=1777379772","url":"https:\/\/www.proinca.es\/madridfansblog\/wp-content\/litespeed\/avatar\/ef51b25c0718910f475570320941ef46.jpg?ver=1777379772","contentUrl":"https:\/\/www.proinca.es\/madridfansblog\/wp-content\/litespeed\/avatar\/ef51b25c0718910f475570320941ef46.jpg?ver=1777379772","caption":"Ana Calero"},"description":"Licenciada en Ciencias Empresariales por la Universidad Aut\u00f3noma de Madrid. Forma parte del equipo de Apartamentos Proinca y es una enamorada de Madrid","sameAs":["https:\/\/www.proinca.es\/madridfansblog\/ana-calero\/"]}]}},"_links":{"self":[{"href":"https:\/\/www.proinca.es\/madridfansblog\/wp-json\/wp\/v2\/posts\/3515","targetHints":{"allow":["GET"]}}],"collection":[{"href":"https:\/\/www.proinca.es\/madridfansblog\/wp-json\/wp\/v2\/posts"}],"about":[{"href":"https:\/\/www.proinca.es\/madridfansblog\/wp-json\/wp\/v2\/types\/post"}],"author":[{"embeddable":true,"href":"https:\/\/www.proinca.es\/madridfansblog\/wp-json\/wp\/v2\/users\/4"}],"replies":[{"embeddable":true,"href":"https:\/\/www.proinca.es\/madridfansblog\/wp-json\/wp\/v2\/comments?post=3515"}],"version-history":[{"count":21,"href":"https:\/\/www.proinca.es\/madridfansblog\/wp-json\/wp\/v2\/posts\/3515\/revisions"}],"predecessor-version":[{"id":7627,"href":"https:\/\/www.proinca.es\/madridfansblog\/wp-json\/wp\/v2\/posts\/3515\/revisions\/7627"}],"wp:featuredmedia":[{"embeddable":true,"href":"https:\/\/www.proinca.es\/madridfansblog\/wp-json\/wp\/v2\/media\/3523"}],"wp:attachment":[{"href":"https:\/\/www.proinca.es\/madridfansblog\/wp-json\/wp\/v2\/media?parent=3515"}],"wp:term":[{"taxonomy":"category","embeddable":true,"href":"https:\/\/www.proinca.es\/madridfansblog\/wp-json\/wp\/v2\/categories?post=3515"},{"taxonomy":"post_tag","embeddable":true,"href":"https:\/\/www.proinca.es\/madridfansblog\/wp-json\/wp\/v2\/tags?post=3515"}],"curies":[{"name":"wp","href":"https:\/\/api.w.org\/{rel}","templated":true}]}}