{"id":355,"date":"2012-07-06T12:23:48","date_gmt":"2012-07-06T10:23:48","guid":{"rendered":"http:\/\/www.proinca.es\/madridfansblog\/?p=355"},"modified":"2025-05-28T15:34:35","modified_gmt":"2025-05-28T13:34:35","slug":"la-calidad-del-aire-de-madrid-va-de-colores","status":"publish","type":"post","link":"https:\/\/www.proinca.es\/madridfansblog\/la-calidad-del-aire-de-madrid-va-de-colores\/","title":{"rendered":"LA CALIDAD DEL AIRE DE MADRID VA DE COLORES"},"content":{"rendered":"<p>Como todas las grandes ciudades en la ebullici\u00f3n del siglo XXI, Madrid soporta los mismos problemas de calidad del aire. Para tratar de resolverlos, la Comunidad de Madrid -no s\u00f3lo en la ciudad de Madrid- puso en marcha en el 2006 la <strong><em>\u201cEstrategia de Calidad del Aire y Cambio Clim\u00e1tico 2006-2012\u201d<\/em><\/strong>, que coloquialmente pas\u00f3 a denominarse <strong><em>\u201cPlan Azul\u201d<\/em><\/strong>.<!--more--><\/p>\n<p>El <strong><em>\u201cPlan Azul\u201d<\/em><\/strong> apuesta por la mejora de la <strong>calidad del aire<\/strong>, con la estrategia de reducir las emisiones de contaminantes y gases de efecto invernadero, incluyendo el desarrollo e implantaci\u00f3n de m\u00e1s de 100 medidas que afectan a los principales focos de emisi\u00f3n de la regi\u00f3n: el sector transporte, el sector residencial, el sector industrial y el sector primario (agricultura, ganader\u00eda y medio natural).<\/p>\n<p>La protecci\u00f3n del medio ambiente atmosf\u00e9rico engloba tanto el control de las emisiones a la atm\u00f3sfera, como el conocimiento de la dispersi\u00f3n de los contaminantes, vigilando los niveles de inmisi\u00f3n, esto es, su concentraci\u00f3n en el aire ambiente.<\/p>\n<p>En este post, y por ser uno de los elementos contaminantes m\u00e1s importante, nos vamos a centrar en el sector transporte, es decir, en los veh\u00edculos de tracci\u00f3n mec\u00e1nica y dentro de ellos en los propios veh\u00edculos dependientes del Ayuntamiento de Madrid.<\/p>\n<p>Y as\u00ed llegamos a otro color, tambi\u00e9n s\u00edmbolo de la naturaleza y del m\u00e1s saludable medioambiente, como es el color verde. Vamos a ver que es eso.<\/p>\n<p><strong><em>La \u201cflota verde\u201d de Madrid<\/em><\/strong><\/p>\n<p>Seg\u00fan los datos del Ayuntamiento, m\u00e1s del 40% de los veh\u00edculos municipales cumplen los requisitos para ser considerados como <strong><em>\u201cflota verde\u201d<\/em><\/strong>. De ellos el 25% (1.104 unidades) funciona con propulsi\u00f3n a base de gas natural comprimido (GNC): 671 autobuses de la EMT de Madrid, 418 camiones de recogida de basuras y 15 gr\u00faas de Madrid Movilidad para la retirada de coches mal aparcados.<\/p>\n<p>El gas natural supone el 27,14% de la energ\u00eda que se consume en la ciudad (cinco puntos m\u00e1s que en 2003) y la previsi\u00f3n es la de seguir creciendo, especialmente en el sector del transporte rodado. El gas es uno de los puntos fuertes en el Plan de Calidad del Aire de la Ciudad de Madrid.<\/p>\n<p>Y todo esto porque cada vez est\u00e1 m\u00e1s claro que los autobuses urbanos son el \u00e1rea donde antes se est\u00e1 generalizando la utilizaci\u00f3n de <strong>combustibles alternativos<\/strong> y los nuevos <strong>sistemas de propulsi\u00f3n de contaminaci\u00f3n \u201ccero\u201d<\/strong>. Por ejemplo, en la <strong>EMT de Madrid<\/strong> todos los autobuses que se incorporan a su flota -la m\u00e1s grande de Espa\u00f1a- no pueden ser di\u00e9sel, ni h\u00edbridos di\u00e9sel. S\u00f3lo pueden ser de gas, hidr\u00f3geno o el\u00e9ctricos, tanto si son h\u00edbridos como si no lo son.<\/p>\n<p>En 2015, el 100% de las l\u00edneas de la EMT que circulen por la zona de bajas emisiones, lo har\u00e1n con autobuses limpios, para lo cual se est\u00e1n instalando adem\u00e1s filtros en 485 autobuses, se sustituir\u00e1n 235 autobuses de biodi\u00e9sel por otros GNC, y se est\u00e1n incorporando desde el pasado mes de junio autobuses h\u00edbridos GNC-el\u00e9ctricos.<\/p>\n<p>Estas \u00faltimas unidades entregadas son las <em>Tempus<\/em> de <strong>Castrosua<\/strong>, con hibridaci\u00f3n de serie y est\u00e1n propulsadas por un motor t\u00e9rmico de GNC de Iveco, de 100 kW de potencia y 2.995 cent\u00edmetros c\u00fabicos, que mueve un generador el\u00e9ctrico que almacena la energ\u00eda el\u00e9ctrica en tres bater\u00edas de tracci\u00f3n del tipo Zebra (Ni-Na-Cl2) de 62 kWh de capacidad. Este sistema alimenta a un motor el\u00e9ctrico marca Siemens de 152 kW de potencia, constituido por dos motores de 76 kW cada uno acoplados mec\u00e1nicamente y que transmite el movimiento al eje trasero del autob\u00fas.<\/p>\n<p>Tienen una autonom\u00eda de 45 minutos funcionando en modo el\u00e9ctrico puro. Cuando se usa el motor t\u00e9rmico GNC se recargan las bater\u00edas al igual que en la frenada, de la cual tambi\u00e9n se recupera la energ\u00eda. Al ser un autob\u00fas <em>enchufable<\/em> puede recargar sus bater\u00edas por conexi\u00f3n a la red el\u00e9ctrica convencional cuando se encuentra fuera de servicio.<\/p>\n<p>Circulando en modo el\u00e9ctrico puro no produce ni ruidos ni gases contaminantes y los niveles emitidos en modo GNC son m\u00ednimos, incluso un 30% menos que un autob\u00fas GNC est\u00e1ndar, debido al reducido tama\u00f1o y cilindrada de su motor. Dependiendo del estado de la bater\u00eda, el motor t\u00e9rmico puede apagarse mientras el autob\u00fas realiza las paradas cuando se est\u00e9 en modo h\u00edbrido. Esto es posible gracias a su sistema <em>start-stop<\/em>, con el consiguiente ahorro.<\/p>\n<p><strong><em>Antonio Mozas<\/em><\/strong><\/p>\n<p>Foto de Michael Marais en Unsplash<\/p>\n\n\n<div class=\"kk-star-ratings kksr-auto kksr-align-left kksr-valign-bottom\"\n    data-payload='{&quot;align&quot;:&quot;left&quot;,&quot;id&quot;:&quot;355&quot;,&quot;slug&quot;:&quot;default&quot;,&quot;valign&quot;:&quot;bottom&quot;,&quot;ignore&quot;:&quot;&quot;,&quot;reference&quot;:&quot;auto&quot;,&quot;class&quot;:&quot;&quot;,&quot;count&quot;:&quot;0&quot;,&quot;legendonly&quot;:&quot;&quot;,&quot;readonly&quot;:&quot;&quot;,&quot;score&quot;:&quot;0&quot;,&quot;starsonly&quot;:&quot;&quot;,&quot;best&quot;:&quot;5&quot;,&quot;gap&quot;:&quot;1&quot;,&quot;greet&quot;:&quot;Valora este art\u00edculo&quot;,&quot;legend&quot;:&quot;0\\\/5 - (0 votos)&quot;,&quot;size&quot;:&quot;24&quot;,&quot;title&quot;:&quot;LA CALIDAD DEL AIRE DE MADRID VA DE COLORES&quot;,&quot;width&quot;:&quot;0&quot;,&quot;_legend&quot;:&quot;{score}\\\/{best} - ({count} {votes})&quot;,&quot;font_factor&quot;:&quot;1.25&quot;}'>\n            \n<div class=\"kksr-stars\">\n    \n<div class=\"kksr-stars-inactive\">\n            <div class=\"kksr-star\" data-star=\"1\" style=\"padding-right: 1px\">\n            \n\n<div class=\"kksr-icon\" style=\"width: 24px; height: 24px;\"><\/div>\n        <\/div>\n            <div class=\"kksr-star\" data-star=\"2\" style=\"padding-right: 1px\">\n            \n\n<div class=\"kksr-icon\" style=\"width: 24px; height: 24px;\"><\/div>\n        <\/div>\n            <div class=\"kksr-star\" data-star=\"3\" style=\"padding-right: 1px\">\n            \n\n<div class=\"kksr-icon\" style=\"width: 24px; height: 24px;\"><\/div>\n        <\/div>\n            <div class=\"kksr-star\" data-star=\"4\" style=\"padding-right: 1px\">\n            \n\n<div class=\"kksr-icon\" style=\"width: 24px; height: 24px;\"><\/div>\n        <\/div>\n            <div class=\"kksr-star\" data-star=\"5\" style=\"padding-right: 1px\">\n            \n\n<div class=\"kksr-icon\" style=\"width: 24px; height: 24px;\"><\/div>\n        <\/div>\n    <\/div>\n    \n<div class=\"kksr-stars-active\" style=\"width: 0px;\">\n            <div class=\"kksr-star\" style=\"padding-right: 1px\">\n            \n\n<div class=\"kksr-icon\" style=\"width: 24px; height: 24px;\"><\/div>\n        <\/div>\n            <div class=\"kksr-star\" style=\"padding-right: 1px\">\n            \n\n<div class=\"kksr-icon\" style=\"width: 24px; height: 24px;\"><\/div>\n        <\/div>\n            <div class=\"kksr-star\" style=\"padding-right: 1px\">\n            \n\n<div class=\"kksr-icon\" style=\"width: 24px; height: 24px;\"><\/div>\n        <\/div>\n            <div class=\"kksr-star\" style=\"padding-right: 1px\">\n            \n\n<div class=\"kksr-icon\" style=\"width: 24px; height: 24px;\"><\/div>\n        <\/div>\n            <div class=\"kksr-star\" style=\"padding-right: 1px\">\n            \n\n<div class=\"kksr-icon\" style=\"width: 24px; height: 24px;\"><\/div>\n        <\/div>\n    <\/div>\n<\/div>\n                \n\n<div class=\"kksr-legend\" style=\"font-size: 19.2px;\">\n            <span class=\"kksr-muted\">Valora este art\u00edculo<\/span>\n    <\/div>\n    <\/div>\n","protected":false},"excerpt":{"rendered":"<p>Como todas las grandes ciudades en la ebullici\u00f3n del siglo  [&#8230;]<\/p>\n","protected":false},"author":4,"featured_media":7409,"comment_status":"closed","ping_status":"closed","sticky":false,"template":"","format":"standard","meta":{"footnotes":""},"categories":[79],"tags":[],"class_list":["post-355","post","type-post","status-publish","format-standard","has-post-thumbnail","hentry","category-vivir-madrid"],"yoast_head":"<!-- This site is optimized with the Yoast SEO plugin v27.4 - https:\/\/yoast.com\/product\/yoast-seo-wordpress\/ -->\n<title>MadridFansBlog. Madrid apuesta por la calidad del aire.<\/title>\n<meta name=\"description\" content=\"El \u201cPlan Azul\u201d de Madrid apuesta por la mejora de la calidad del aire reduciendo las emisiones de contaminantes y gases de efecto invernadero\" \/>\n<meta name=\"robots\" content=\"index, follow, max-snippet:-1, max-image-preview:large, max-video-preview:-1\" \/>\n<link rel=\"canonical\" href=\"https:\/\/www.proinca.es\/madridfansblog\/la-calidad-del-aire-de-madrid-va-de-colores\/\" \/>\n<meta property=\"og:locale\" content=\"es_ES\" \/>\n<meta property=\"og:type\" content=\"article\" \/>\n<meta property=\"og:title\" content=\"MadridFansBlog. Madrid apuesta por la calidad del aire.\" \/>\n<meta property=\"og:description\" content=\"El \u201cPlan Azul\u201d de Madrid apuesta por la mejora de la calidad del aire reduciendo las emisiones de contaminantes y gases de efecto invernadero\" \/>\n<meta property=\"og:url\" content=\"https:\/\/www.proinca.es\/madridfansblog\/la-calidad-del-aire-de-madrid-va-de-colores\/\" \/>\n<meta property=\"og:site_name\" content=\"Blog Proinca Madrid\" \/>\n<meta property=\"article:published_time\" content=\"2012-07-06T10:23:48+00:00\" \/>\n<meta property=\"article:modified_time\" content=\"2025-05-28T13:34:35+00:00\" \/>\n<meta property=\"og:image\" content=\"https:\/\/www.proinca.es\/madridfansblog\/wp-content\/uploads\/2012\/07\/CALIDAD-DEL-AIRE.jpg\" \/>\n\t<meta property=\"og:image:width\" content=\"1000\" \/>\n\t<meta property=\"og:image:height\" content=\"545\" \/>\n\t<meta property=\"og:image:type\" content=\"image\/jpeg\" \/>\n<meta name=\"author\" content=\"Ana Calero\" \/>\n<script type=\"application\/ld+json\" class=\"yoast-schema-graph\">{\"@context\":\"https:\\\/\\\/schema.org\",\"@graph\":[{\"@type\":\"Article\",\"@id\":\"https:\\\/\\\/www.proinca.es\\\/madridfansblog\\\/la-calidad-del-aire-de-madrid-va-de-colores\\\/#article\",\"isPartOf\":{\"@id\":\"https:\\\/\\\/www.proinca.es\\\/madridfansblog\\\/la-calidad-del-aire-de-madrid-va-de-colores\\\/\"},\"author\":{\"name\":\"Ana Calero\",\"@id\":\"https:\\\/\\\/www.proinca.es\\\/madridfansblog\\\/#\\\/schema\\\/person\\\/8401adc89c0a0f5a3574c43326247f1e\"},\"headline\":\"LA CALIDAD DEL AIRE DE MADRID VA DE COLORES\",\"datePublished\":\"2012-07-06T10:23:48+00:00\",\"dateModified\":\"2025-05-28T13:34:35+00:00\",\"mainEntityOfPage\":{\"@id\":\"https:\\\/\\\/www.proinca.es\\\/madridfansblog\\\/la-calidad-del-aire-de-madrid-va-de-colores\\\/\"},\"wordCount\":794,\"publisher\":{\"@id\":\"https:\\\/\\\/www.proinca.es\\\/madridfansblog\\\/#organization\"},\"image\":{\"@id\":\"https:\\\/\\\/www.proinca.es\\\/madridfansblog\\\/la-calidad-del-aire-de-madrid-va-de-colores\\\/#primaryimage\"},\"thumbnailUrl\":\"https:\\\/\\\/www.proinca.es\\\/madridfansblog\\\/wp-content\\\/uploads\\\/2012\\\/07\\\/CALIDAD-DEL-AIRE.jpg\",\"articleSection\":[\"VIVIR MADRID\"],\"inLanguage\":\"es\"},{\"@type\":\"WebPage\",\"@id\":\"https:\\\/\\\/www.proinca.es\\\/madridfansblog\\\/la-calidad-del-aire-de-madrid-va-de-colores\\\/\",\"url\":\"https:\\\/\\\/www.proinca.es\\\/madridfansblog\\\/la-calidad-del-aire-de-madrid-va-de-colores\\\/\",\"name\":\"MadridFansBlog. Madrid apuesta por la calidad del aire.\",\"isPartOf\":{\"@id\":\"https:\\\/\\\/www.proinca.es\\\/madridfansblog\\\/#website\"},\"primaryImageOfPage\":{\"@id\":\"https:\\\/\\\/www.proinca.es\\\/madridfansblog\\\/la-calidad-del-aire-de-madrid-va-de-colores\\\/#primaryimage\"},\"image\":{\"@id\":\"https:\\\/\\\/www.proinca.es\\\/madridfansblog\\\/la-calidad-del-aire-de-madrid-va-de-colores\\\/#primaryimage\"},\"thumbnailUrl\":\"https:\\\/\\\/www.proinca.es\\\/madridfansblog\\\/wp-content\\\/uploads\\\/2012\\\/07\\\/CALIDAD-DEL-AIRE.jpg\",\"datePublished\":\"2012-07-06T10:23:48+00:00\",\"dateModified\":\"2025-05-28T13:34:35+00:00\",\"description\":\"El \u201cPlan Azul\u201d de Madrid apuesta por la mejora de la calidad del aire reduciendo las emisiones de contaminantes y gases de efecto invernadero\",\"inLanguage\":\"es\",\"potentialAction\":[{\"@type\":\"ReadAction\",\"target\":[\"https:\\\/\\\/www.proinca.es\\\/madridfansblog\\\/la-calidad-del-aire-de-madrid-va-de-colores\\\/\"]}]},{\"@type\":\"ImageObject\",\"inLanguage\":\"es\",\"@id\":\"https:\\\/\\\/www.proinca.es\\\/madridfansblog\\\/la-calidad-del-aire-de-madrid-va-de-colores\\\/#primaryimage\",\"url\":\"https:\\\/\\\/www.proinca.es\\\/madridfansblog\\\/wp-content\\\/uploads\\\/2012\\\/07\\\/CALIDAD-DEL-AIRE.jpg\",\"contentUrl\":\"https:\\\/\\\/www.proinca.es\\\/madridfansblog\\\/wp-content\\\/uploads\\\/2012\\\/07\\\/CALIDAD-DEL-AIRE.jpg\",\"width\":1000,\"height\":545,\"caption\":\"La calidad del aire de Madrid va de colores\"},{\"@type\":\"WebSite\",\"@id\":\"https:\\\/\\\/www.proinca.es\\\/madridfansblog\\\/#website\",\"url\":\"https:\\\/\\\/www.proinca.es\\\/madridfansblog\\\/\",\"name\":\"Madrid Fans Blog Proinca\",\"description\":\"Pisos y apartamentos de alquiler en Madrid\",\"publisher\":{\"@id\":\"https:\\\/\\\/www.proinca.es\\\/madridfansblog\\\/#organization\"},\"potentialAction\":[{\"@type\":\"SearchAction\",\"target\":{\"@type\":\"EntryPoint\",\"urlTemplate\":\"https:\\\/\\\/www.proinca.es\\\/madridfansblog\\\/?s={search_term_string}\"},\"query-input\":{\"@type\":\"PropertyValueSpecification\",\"valueRequired\":true,\"valueName\":\"search_term_string\"}}],\"inLanguage\":\"es\"},{\"@type\":\"Organization\",\"@id\":\"https:\\\/\\\/www.proinca.es\\\/madridfansblog\\\/#organization\",\"name\":\"Proinca\",\"url\":\"https:\\\/\\\/www.proinca.es\\\/madridfansblog\\\/\",\"logo\":{\"@type\":\"ImageObject\",\"inLanguage\":\"es\",\"@id\":\"https:\\\/\\\/www.proinca.es\\\/madridfansblog\\\/#\\\/schema\\\/logo\\\/image\\\/\",\"url\":\"https:\\\/\\\/www.proinca.es\\\/madridfansblog\\\/wp-content\\\/uploads\\\/2022\\\/03\\\/logo-proinca.jpg\",\"contentUrl\":\"https:\\\/\\\/www.proinca.es\\\/madridfansblog\\\/wp-content\\\/uploads\\\/2022\\\/03\\\/logo-proinca.jpg\",\"width\":522,\"height\":250,\"caption\":\"Proinca\"},\"image\":{\"@id\":\"https:\\\/\\\/www.proinca.es\\\/madridfansblog\\\/#\\\/schema\\\/logo\\\/image\\\/\"}},{\"@type\":\"Person\",\"@id\":\"https:\\\/\\\/www.proinca.es\\\/madridfansblog\\\/#\\\/schema\\\/person\\\/8401adc89c0a0f5a3574c43326247f1e\",\"name\":\"Ana Calero\",\"image\":{\"@type\":\"ImageObject\",\"inLanguage\":\"es\",\"@id\":\"https:\\\/\\\/www.proinca.es\\\/madridfansblog\\\/wp-content\\\/litespeed\\\/avatar\\\/ef51b25c0718910f475570320941ef46.jpg?ver=1777379772\",\"url\":\"https:\\\/\\\/www.proinca.es\\\/madridfansblog\\\/wp-content\\\/litespeed\\\/avatar\\\/ef51b25c0718910f475570320941ef46.jpg?ver=1777379772\",\"contentUrl\":\"https:\\\/\\\/www.proinca.es\\\/madridfansblog\\\/wp-content\\\/litespeed\\\/avatar\\\/ef51b25c0718910f475570320941ef46.jpg?ver=1777379772\",\"caption\":\"Ana Calero\"},\"description\":\"Licenciada en Ciencias Empresariales por la Universidad Aut\u00f3noma de Madrid. Forma parte del equipo de Apartamentos Proinca y es una enamorada de Madrid\",\"sameAs\":[\"https:\\\/\\\/www.proinca.es\\\/madridfansblog\\\/ana-calero\\\/\"]}]}<\/script>\n<!-- \/ Yoast SEO plugin. -->","yoast_head_json":{"title":"MadridFansBlog. Madrid apuesta por la calidad del aire.","description":"El \u201cPlan Azul\u201d de Madrid apuesta por la mejora de la calidad del aire reduciendo las emisiones de contaminantes y gases de efecto invernadero","robots":{"index":"index","follow":"follow","max-snippet":"max-snippet:-1","max-image-preview":"max-image-preview:large","max-video-preview":"max-video-preview:-1"},"canonical":"https:\/\/www.proinca.es\/madridfansblog\/la-calidad-del-aire-de-madrid-va-de-colores\/","og_locale":"es_ES","og_type":"article","og_title":"MadridFansBlog. Madrid apuesta por la calidad del aire.","og_description":"El \u201cPlan Azul\u201d de Madrid apuesta por la mejora de la calidad del aire reduciendo las emisiones de contaminantes y gases de efecto invernadero","og_url":"https:\/\/www.proinca.es\/madridfansblog\/la-calidad-del-aire-de-madrid-va-de-colores\/","og_site_name":"Blog Proinca Madrid","article_published_time":"2012-07-06T10:23:48+00:00","article_modified_time":"2025-05-28T13:34:35+00:00","og_image":[{"width":1000,"height":545,"url":"https:\/\/www.proinca.es\/madridfansblog\/wp-content\/uploads\/2012\/07\/CALIDAD-DEL-AIRE.jpg","type":"image\/jpeg"}],"author":"Ana Calero","schema":{"@context":"https:\/\/schema.org","@graph":[{"@type":"Article","@id":"https:\/\/www.proinca.es\/madridfansblog\/la-calidad-del-aire-de-madrid-va-de-colores\/#article","isPartOf":{"@id":"https:\/\/www.proinca.es\/madridfansblog\/la-calidad-del-aire-de-madrid-va-de-colores\/"},"author":{"name":"Ana Calero","@id":"https:\/\/www.proinca.es\/madridfansblog\/#\/schema\/person\/8401adc89c0a0f5a3574c43326247f1e"},"headline":"LA CALIDAD DEL AIRE DE MADRID VA DE COLORES","datePublished":"2012-07-06T10:23:48+00:00","dateModified":"2025-05-28T13:34:35+00:00","mainEntityOfPage":{"@id":"https:\/\/www.proinca.es\/madridfansblog\/la-calidad-del-aire-de-madrid-va-de-colores\/"},"wordCount":794,"publisher":{"@id":"https:\/\/www.proinca.es\/madridfansblog\/#organization"},"image":{"@id":"https:\/\/www.proinca.es\/madridfansblog\/la-calidad-del-aire-de-madrid-va-de-colores\/#primaryimage"},"thumbnailUrl":"https:\/\/www.proinca.es\/madridfansblog\/wp-content\/uploads\/2012\/07\/CALIDAD-DEL-AIRE.jpg","articleSection":["VIVIR MADRID"],"inLanguage":"es"},{"@type":"WebPage","@id":"https:\/\/www.proinca.es\/madridfansblog\/la-calidad-del-aire-de-madrid-va-de-colores\/","url":"https:\/\/www.proinca.es\/madridfansblog\/la-calidad-del-aire-de-madrid-va-de-colores\/","name":"MadridFansBlog. Madrid apuesta por la calidad del aire.","isPartOf":{"@id":"https:\/\/www.proinca.es\/madridfansblog\/#website"},"primaryImageOfPage":{"@id":"https:\/\/www.proinca.es\/madridfansblog\/la-calidad-del-aire-de-madrid-va-de-colores\/#primaryimage"},"image":{"@id":"https:\/\/www.proinca.es\/madridfansblog\/la-calidad-del-aire-de-madrid-va-de-colores\/#primaryimage"},"thumbnailUrl":"https:\/\/www.proinca.es\/madridfansblog\/wp-content\/uploads\/2012\/07\/CALIDAD-DEL-AIRE.jpg","datePublished":"2012-07-06T10:23:48+00:00","dateModified":"2025-05-28T13:34:35+00:00","description":"El \u201cPlan Azul\u201d de Madrid apuesta por la mejora de la calidad del aire reduciendo las emisiones de contaminantes y gases de efecto invernadero","inLanguage":"es","potentialAction":[{"@type":"ReadAction","target":["https:\/\/www.proinca.es\/madridfansblog\/la-calidad-del-aire-de-madrid-va-de-colores\/"]}]},{"@type":"ImageObject","inLanguage":"es","@id":"https:\/\/www.proinca.es\/madridfansblog\/la-calidad-del-aire-de-madrid-va-de-colores\/#primaryimage","url":"https:\/\/www.proinca.es\/madridfansblog\/wp-content\/uploads\/2012\/07\/CALIDAD-DEL-AIRE.jpg","contentUrl":"https:\/\/www.proinca.es\/madridfansblog\/wp-content\/uploads\/2012\/07\/CALIDAD-DEL-AIRE.jpg","width":1000,"height":545,"caption":"La calidad del aire de Madrid va de colores"},{"@type":"WebSite","@id":"https:\/\/www.proinca.es\/madridfansblog\/#website","url":"https:\/\/www.proinca.es\/madridfansblog\/","name":"Madrid Fans Blog Proinca","description":"Pisos y apartamentos de alquiler en Madrid","publisher":{"@id":"https:\/\/www.proinca.es\/madridfansblog\/#organization"},"potentialAction":[{"@type":"SearchAction","target":{"@type":"EntryPoint","urlTemplate":"https:\/\/www.proinca.es\/madridfansblog\/?s={search_term_string}"},"query-input":{"@type":"PropertyValueSpecification","valueRequired":true,"valueName":"search_term_string"}}],"inLanguage":"es"},{"@type":"Organization","@id":"https:\/\/www.proinca.es\/madridfansblog\/#organization","name":"Proinca","url":"https:\/\/www.proinca.es\/madridfansblog\/","logo":{"@type":"ImageObject","inLanguage":"es","@id":"https:\/\/www.proinca.es\/madridfansblog\/#\/schema\/logo\/image\/","url":"https:\/\/www.proinca.es\/madridfansblog\/wp-content\/uploads\/2022\/03\/logo-proinca.jpg","contentUrl":"https:\/\/www.proinca.es\/madridfansblog\/wp-content\/uploads\/2022\/03\/logo-proinca.jpg","width":522,"height":250,"caption":"Proinca"},"image":{"@id":"https:\/\/www.proinca.es\/madridfansblog\/#\/schema\/logo\/image\/"}},{"@type":"Person","@id":"https:\/\/www.proinca.es\/madridfansblog\/#\/schema\/person\/8401adc89c0a0f5a3574c43326247f1e","name":"Ana Calero","image":{"@type":"ImageObject","inLanguage":"es","@id":"https:\/\/www.proinca.es\/madridfansblog\/wp-content\/litespeed\/avatar\/ef51b25c0718910f475570320941ef46.jpg?ver=1777379772","url":"https:\/\/www.proinca.es\/madridfansblog\/wp-content\/litespeed\/avatar\/ef51b25c0718910f475570320941ef46.jpg?ver=1777379772","contentUrl":"https:\/\/www.proinca.es\/madridfansblog\/wp-content\/litespeed\/avatar\/ef51b25c0718910f475570320941ef46.jpg?ver=1777379772","caption":"Ana Calero"},"description":"Licenciada en Ciencias Empresariales por la Universidad Aut\u00f3noma de Madrid. Forma parte del equipo de Apartamentos Proinca y es una enamorada de Madrid","sameAs":["https:\/\/www.proinca.es\/madridfansblog\/ana-calero\/"]}]}},"_links":{"self":[{"href":"https:\/\/www.proinca.es\/madridfansblog\/wp-json\/wp\/v2\/posts\/355","targetHints":{"allow":["GET"]}}],"collection":[{"href":"https:\/\/www.proinca.es\/madridfansblog\/wp-json\/wp\/v2\/posts"}],"about":[{"href":"https:\/\/www.proinca.es\/madridfansblog\/wp-json\/wp\/v2\/types\/post"}],"author":[{"embeddable":true,"href":"https:\/\/www.proinca.es\/madridfansblog\/wp-json\/wp\/v2\/users\/4"}],"replies":[{"embeddable":true,"href":"https:\/\/www.proinca.es\/madridfansblog\/wp-json\/wp\/v2\/comments?post=355"}],"version-history":[{"count":17,"href":"https:\/\/www.proinca.es\/madridfansblog\/wp-json\/wp\/v2\/posts\/355\/revisions"}],"predecessor-version":[{"id":7724,"href":"https:\/\/www.proinca.es\/madridfansblog\/wp-json\/wp\/v2\/posts\/355\/revisions\/7724"}],"wp:featuredmedia":[{"embeddable":true,"href":"https:\/\/www.proinca.es\/madridfansblog\/wp-json\/wp\/v2\/media\/7409"}],"wp:attachment":[{"href":"https:\/\/www.proinca.es\/madridfansblog\/wp-json\/wp\/v2\/media?parent=355"}],"wp:term":[{"taxonomy":"category","embeddable":true,"href":"https:\/\/www.proinca.es\/madridfansblog\/wp-json\/wp\/v2\/categories?post=355"},{"taxonomy":"post_tag","embeddable":true,"href":"https:\/\/www.proinca.es\/madridfansblog\/wp-json\/wp\/v2\/tags?post=355"}],"curies":[{"name":"wp","href":"https:\/\/api.w.org\/{rel}","templated":true}]}}