{"id":3562,"date":"2015-04-21T18:34:06","date_gmt":"2015-04-21T16:34:06","guid":{"rendered":"http:\/\/www.proinca.es\/madridfansblog\/?p=3562"},"modified":"2025-05-28T15:29:52","modified_gmt":"2025-05-28T13:29:52","slug":"rapido-que-se-te-escapa-ultima-semana-de-surge-madrid","status":"publish","type":"post","link":"https:\/\/www.proinca.es\/madridfansblog\/rapido-que-se-te-escapa-ultima-semana-de-surge-madrid\/","title":{"rendered":"\u00a1R\u00c1PIDO QUE SE TE ESCAPA! \u00daLTIMA SEMANA DE SURGE MADRID"},"content":{"rendered":"<p>La II edici\u00f3n del festival <strong>Surge Madrid<\/strong> est\u00e1 a punto de llegar a su fin.<!--more--> Tras dos semanas de notable \u00e9xito, esta joven muestra de creaci\u00f3n esc\u00e9nica encara su recta final con t\u00edtulos tan sugerentes como <i>P\u00e1nico<\/i>, <i>Mirar al cielo y no pensar en nada<\/i>, <i>La belleza del escarabajo<\/i> o <i>Cena de p\u00e1jaros.<\/i><\/p>\n<p><strong>Surge Madrid <\/strong>se estren\u00f3 el pasado a\u00f1o como una medida sin precedente en la ciudad para impulsar el arte esc\u00e9nico de vanguardia en las salas de <strong>Madrid<\/strong>. Decenas de compa\u00f1\u00edas y creadores vinculados a la capital se citaron en una veintena de espacios con lo \u00faltimo en lenguaje teatral. Y no fueron los \u00fanicos, otro pu\u00f1ado de artistas y creadores dieron vida a las denominadas \u201cactividades transversas\u201d, iniciativas gratuitas que invitaban a la participaci\u00f3n ciudadana de la mano de tertulias, <i>performances<\/i>, conciertos, etc. Este a\u00f1o, la segunda edici\u00f3n no ha querido quedarse atr\u00e1s, de hecho, ha repetido la f\u00f3rmula consiguiendo el apoyo de un p\u00fablico que busca nuevas experiencias en las que tomar parte.<\/p>\n<p>Lo dicho,si a\u00fan no te has dejado caer por alguna de las salas que acogen <strong>Surge Madrid<\/strong>, no pierdas la oportunidad o tendr\u00e1s que esperar todo un a\u00f1o.<\/p>\n<p>Informaci\u00f3n patrocinada por\u00a0<strong><a title=\"Proinca apartamentos de alquiler en Madrid\" href=\"http:\/\/www.proinca.es\" target=\"_blank\" rel=\"noopener\">Proinca: Apartamentos de alquiler en Madrid<\/a><\/strong><\/p>\n<p>Fuente imagen: madrid.org\/surgemadrid\/<\/p>\n\n\n<div class=\"kk-star-ratings kksr-auto kksr-align-left kksr-valign-bottom\"\n    data-payload='{&quot;align&quot;:&quot;left&quot;,&quot;id&quot;:&quot;3562&quot;,&quot;slug&quot;:&quot;default&quot;,&quot;valign&quot;:&quot;bottom&quot;,&quot;ignore&quot;:&quot;&quot;,&quot;reference&quot;:&quot;auto&quot;,&quot;class&quot;:&quot;&quot;,&quot;count&quot;:&quot;0&quot;,&quot;legendonly&quot;:&quot;&quot;,&quot;readonly&quot;:&quot;&quot;,&quot;score&quot;:&quot;0&quot;,&quot;starsonly&quot;:&quot;&quot;,&quot;best&quot;:&quot;5&quot;,&quot;gap&quot;:&quot;1&quot;,&quot;greet&quot;:&quot;Valora este art\u00edculo&quot;,&quot;legend&quot;:&quot;0\\\/5 - (0 votos)&quot;,&quot;size&quot;:&quot;24&quot;,&quot;title&quot;:&quot;\u00a1R\u00c1PIDO QUE SE TE ESCAPA! \u00daLTIMA SEMANA DE SURGE MADRID&quot;,&quot;width&quot;:&quot;0&quot;,&quot;_legend&quot;:&quot;{score}\\\/{best} - ({count} {votes})&quot;,&quot;font_factor&quot;:&quot;1.25&quot;}'>\n            \n<div class=\"kksr-stars\">\n    \n<div class=\"kksr-stars-inactive\">\n            <div class=\"kksr-star\" data-star=\"1\" style=\"padding-right: 1px\">\n            \n\n<div class=\"kksr-icon\" style=\"width: 24px; height: 24px;\"><\/div>\n        <\/div>\n            <div class=\"kksr-star\" data-star=\"2\" style=\"padding-right: 1px\">\n            \n\n<div class=\"kksr-icon\" style=\"width: 24px; height: 24px;\"><\/div>\n        <\/div>\n            <div class=\"kksr-star\" data-star=\"3\" style=\"padding-right: 1px\">\n            \n\n<div class=\"kksr-icon\" style=\"width: 24px; height: 24px;\"><\/div>\n        <\/div>\n            <div class=\"kksr-star\" data-star=\"4\" style=\"padding-right: 1px\">\n            \n\n<div class=\"kksr-icon\" style=\"width: 24px; height: 24px;\"><\/div>\n        <\/div>\n            <div class=\"kksr-star\" data-star=\"5\" style=\"padding-right: 1px\">\n            \n\n<div class=\"kksr-icon\" style=\"width: 24px; height: 24px;\"><\/div>\n        <\/div>\n    <\/div>\n    \n<div class=\"kksr-stars-active\" style=\"width: 0px;\">\n            <div class=\"kksr-star\" style=\"padding-right: 1px\">\n            \n\n<div class=\"kksr-icon\" style=\"width: 24px; height: 24px;\"><\/div>\n        <\/div>\n            <div class=\"kksr-star\" style=\"padding-right: 1px\">\n            \n\n<div class=\"kksr-icon\" style=\"width: 24px; height: 24px;\"><\/div>\n        <\/div>\n            <div class=\"kksr-star\" style=\"padding-right: 1px\">\n            \n\n<div class=\"kksr-icon\" style=\"width: 24px; height: 24px;\"><\/div>\n        <\/div>\n            <div class=\"kksr-star\" style=\"padding-right: 1px\">\n            \n\n<div class=\"kksr-icon\" style=\"width: 24px; height: 24px;\"><\/div>\n        <\/div>\n            <div class=\"kksr-star\" style=\"padding-right: 1px\">\n            \n\n<div class=\"kksr-icon\" style=\"width: 24px; height: 24px;\"><\/div>\n        <\/div>\n    <\/div>\n<\/div>\n                \n\n<div class=\"kksr-legend\" style=\"font-size: 19.2px;\">\n            <span class=\"kksr-muted\">Valora este art\u00edculo<\/span>\n    <\/div>\n    <\/div>\n","protected":false},"excerpt":{"rendered":"<p>La II edici\u00f3n del festival Surge Madrid est\u00e1 a punto  [&#8230;]<\/p>\n","protected":false},"author":4,"featured_media":3567,"comment_status":"closed","ping_status":"closed","sticky":false,"template":"","format":"standard","meta":{"footnotes":""},"categories":[79],"tags":[63,70,22],"class_list":["post-3562","post","type-post","status-publish","format-standard","has-post-thumbnail","hentry","category-vivir-madrid","tag-cultura","tag-festivales","tag-teatro"],"yoast_head":"<!-- This site is optimized with the Yoast SEO plugin v27.4 - https:\/\/yoast.com\/product\/yoast-seo-wordpress\/ -->\n<title>Festival Surge Madrid 2015<\/title>\n<meta name=\"description\" content=\"\u00daltimos d\u00edas del festival Surge Madrid 2015 \u00a1No te lo pierdas! Por Madrid Fans blog patrocinado por Proinca apartamentos de alquiler en Madrid\" \/>\n<meta name=\"robots\" content=\"index, follow, max-snippet:-1, max-image-preview:large, max-video-preview:-1\" \/>\n<link rel=\"canonical\" href=\"https:\/\/www.proinca.es\/madridfansblog\/rapido-que-se-te-escapa-ultima-semana-de-surge-madrid\/\" \/>\n<meta property=\"og:locale\" content=\"es_ES\" \/>\n<meta property=\"og:type\" content=\"article\" \/>\n<meta property=\"og:title\" content=\"Festival Surge Madrid 2015\" \/>\n<meta property=\"og:description\" content=\"\u00daltimos d\u00edas del festival Surge Madrid 2015 \u00a1No te lo pierdas! Por Madrid Fans blog patrocinado por Proinca apartamentos de alquiler en Madrid\" \/>\n<meta property=\"og:url\" content=\"https:\/\/www.proinca.es\/madridfansblog\/rapido-que-se-te-escapa-ultima-semana-de-surge-madrid\/\" \/>\n<meta property=\"og:site_name\" content=\"Blog Proinca Madrid\" \/>\n<meta property=\"article:published_time\" content=\"2015-04-21T16:34:06+00:00\" \/>\n<meta property=\"article:modified_time\" content=\"2025-05-28T13:29:52+00:00\" \/>\n<meta property=\"og:image\" content=\"https:\/\/www.proinca.es\/madridfansblog\/wp-content\/uploads\/2015\/04\/proinca_madridfansblog_surge_madrid.jpg\" \/>\n\t<meta property=\"og:image:width\" content=\"400\" \/>\n\t<meta property=\"og:image:height\" content=\"572\" \/>\n\t<meta property=\"og:image:type\" content=\"image\/jpeg\" \/>\n<meta name=\"author\" content=\"Ana Calero\" \/>\n<script type=\"application\/ld+json\" class=\"yoast-schema-graph\">{\"@context\":\"https:\\\/\\\/schema.org\",\"@graph\":[{\"@type\":\"Article\",\"@id\":\"https:\\\/\\\/www.proinca.es\\\/madridfansblog\\\/rapido-que-se-te-escapa-ultima-semana-de-surge-madrid\\\/#article\",\"isPartOf\":{\"@id\":\"https:\\\/\\\/www.proinca.es\\\/madridfansblog\\\/rapido-que-se-te-escapa-ultima-semana-de-surge-madrid\\\/\"},\"author\":{\"name\":\"Ana Calero\",\"@id\":\"https:\\\/\\\/www.proinca.es\\\/madridfansblog\\\/#\\\/schema\\\/person\\\/8401adc89c0a0f5a3574c43326247f1e\"},\"headline\":\"\u00a1R\u00c1PIDO QUE SE TE ESCAPA! \u00daLTIMA SEMANA DE SURGE MADRID\",\"datePublished\":\"2015-04-21T16:34:06+00:00\",\"dateModified\":\"2025-05-28T13:29:52+00:00\",\"mainEntityOfPage\":{\"@id\":\"https:\\\/\\\/www.proinca.es\\\/madridfansblog\\\/rapido-que-se-te-escapa-ultima-semana-de-surge-madrid\\\/\"},\"wordCount\":241,\"publisher\":{\"@id\":\"https:\\\/\\\/www.proinca.es\\\/madridfansblog\\\/#organization\"},\"image\":{\"@id\":\"https:\\\/\\\/www.proinca.es\\\/madridfansblog\\\/rapido-que-se-te-escapa-ultima-semana-de-surge-madrid\\\/#primaryimage\"},\"thumbnailUrl\":\"https:\\\/\\\/www.proinca.es\\\/madridfansblog\\\/wp-content\\\/uploads\\\/2015\\\/04\\\/proinca_madridfansblog_surge_madrid.jpg\",\"keywords\":[\"Cultura\",\"Festivales\",\"Teatro\"],\"articleSection\":[\"VIVIR MADRID\"],\"inLanguage\":\"es\"},{\"@type\":\"WebPage\",\"@id\":\"https:\\\/\\\/www.proinca.es\\\/madridfansblog\\\/rapido-que-se-te-escapa-ultima-semana-de-surge-madrid\\\/\",\"url\":\"https:\\\/\\\/www.proinca.es\\\/madridfansblog\\\/rapido-que-se-te-escapa-ultima-semana-de-surge-madrid\\\/\",\"name\":\"Festival Surge Madrid 2015\",\"isPartOf\":{\"@id\":\"https:\\\/\\\/www.proinca.es\\\/madridfansblog\\\/#website\"},\"primaryImageOfPage\":{\"@id\":\"https:\\\/\\\/www.proinca.es\\\/madridfansblog\\\/rapido-que-se-te-escapa-ultima-semana-de-surge-madrid\\\/#primaryimage\"},\"image\":{\"@id\":\"https:\\\/\\\/www.proinca.es\\\/madridfansblog\\\/rapido-que-se-te-escapa-ultima-semana-de-surge-madrid\\\/#primaryimage\"},\"thumbnailUrl\":\"https:\\\/\\\/www.proinca.es\\\/madridfansblog\\\/wp-content\\\/uploads\\\/2015\\\/04\\\/proinca_madridfansblog_surge_madrid.jpg\",\"datePublished\":\"2015-04-21T16:34:06+00:00\",\"dateModified\":\"2025-05-28T13:29:52+00:00\",\"description\":\"\u00daltimos d\u00edas del festival Surge Madrid 2015 \u00a1No te lo pierdas! Por Madrid Fans blog patrocinado por Proinca apartamentos de alquiler en Madrid\",\"inLanguage\":\"es\",\"potentialAction\":[{\"@type\":\"ReadAction\",\"target\":[\"https:\\\/\\\/www.proinca.es\\\/madridfansblog\\\/rapido-que-se-te-escapa-ultima-semana-de-surge-madrid\\\/\"]}]},{\"@type\":\"ImageObject\",\"inLanguage\":\"es\",\"@id\":\"https:\\\/\\\/www.proinca.es\\\/madridfansblog\\\/rapido-que-se-te-escapa-ultima-semana-de-surge-madrid\\\/#primaryimage\",\"url\":\"https:\\\/\\\/www.proinca.es\\\/madridfansblog\\\/wp-content\\\/uploads\\\/2015\\\/04\\\/proinca_madridfansblog_surge_madrid.jpg\",\"contentUrl\":\"https:\\\/\\\/www.proinca.es\\\/madridfansblog\\\/wp-content\\\/uploads\\\/2015\\\/04\\\/proinca_madridfansblog_surge_madrid.jpg\",\"width\":400,\"height\":572,\"caption\":\"proinca madridfansblog surge madrid\"},{\"@type\":\"WebSite\",\"@id\":\"https:\\\/\\\/www.proinca.es\\\/madridfansblog\\\/#website\",\"url\":\"https:\\\/\\\/www.proinca.es\\\/madridfansblog\\\/\",\"name\":\"Madrid Fans Blog Proinca\",\"description\":\"Pisos y apartamentos de alquiler en Madrid\",\"publisher\":{\"@id\":\"https:\\\/\\\/www.proinca.es\\\/madridfansblog\\\/#organization\"},\"potentialAction\":[{\"@type\":\"SearchAction\",\"target\":{\"@type\":\"EntryPoint\",\"urlTemplate\":\"https:\\\/\\\/www.proinca.es\\\/madridfansblog\\\/?s={search_term_string}\"},\"query-input\":{\"@type\":\"PropertyValueSpecification\",\"valueRequired\":true,\"valueName\":\"search_term_string\"}}],\"inLanguage\":\"es\"},{\"@type\":\"Organization\",\"@id\":\"https:\\\/\\\/www.proinca.es\\\/madridfansblog\\\/#organization\",\"name\":\"Proinca\",\"url\":\"https:\\\/\\\/www.proinca.es\\\/madridfansblog\\\/\",\"logo\":{\"@type\":\"ImageObject\",\"inLanguage\":\"es\",\"@id\":\"https:\\\/\\\/www.proinca.es\\\/madridfansblog\\\/#\\\/schema\\\/logo\\\/image\\\/\",\"url\":\"https:\\\/\\\/www.proinca.es\\\/madridfansblog\\\/wp-content\\\/uploads\\\/2022\\\/03\\\/logo-proinca.jpg\",\"contentUrl\":\"https:\\\/\\\/www.proinca.es\\\/madridfansblog\\\/wp-content\\\/uploads\\\/2022\\\/03\\\/logo-proinca.jpg\",\"width\":522,\"height\":250,\"caption\":\"Proinca\"},\"image\":{\"@id\":\"https:\\\/\\\/www.proinca.es\\\/madridfansblog\\\/#\\\/schema\\\/logo\\\/image\\\/\"}},{\"@type\":\"Person\",\"@id\":\"https:\\\/\\\/www.proinca.es\\\/madridfansblog\\\/#\\\/schema\\\/person\\\/8401adc89c0a0f5a3574c43326247f1e\",\"name\":\"Ana Calero\",\"image\":{\"@type\":\"ImageObject\",\"inLanguage\":\"es\",\"@id\":\"https:\\\/\\\/www.proinca.es\\\/madridfansblog\\\/wp-content\\\/litespeed\\\/avatar\\\/ef51b25c0718910f475570320941ef46.jpg?ver=1777379772\",\"url\":\"https:\\\/\\\/www.proinca.es\\\/madridfansblog\\\/wp-content\\\/litespeed\\\/avatar\\\/ef51b25c0718910f475570320941ef46.jpg?ver=1777379772\",\"contentUrl\":\"https:\\\/\\\/www.proinca.es\\\/madridfansblog\\\/wp-content\\\/litespeed\\\/avatar\\\/ef51b25c0718910f475570320941ef46.jpg?ver=1777379772\",\"caption\":\"Ana Calero\"},\"description\":\"Licenciada en Ciencias Empresariales por la Universidad Aut\u00f3noma de Madrid. Forma parte del equipo de Apartamentos Proinca y es una enamorada de Madrid\",\"sameAs\":[\"https:\\\/\\\/www.proinca.es\\\/madridfansblog\\\/ana-calero\\\/\"]}]}<\/script>\n<!-- \/ Yoast SEO plugin. -->","yoast_head_json":{"title":"Festival Surge Madrid 2015","description":"\u00daltimos d\u00edas del festival Surge Madrid 2015 \u00a1No te lo pierdas! Por Madrid Fans blog patrocinado por Proinca apartamentos de alquiler en Madrid","robots":{"index":"index","follow":"follow","max-snippet":"max-snippet:-1","max-image-preview":"max-image-preview:large","max-video-preview":"max-video-preview:-1"},"canonical":"https:\/\/www.proinca.es\/madridfansblog\/rapido-que-se-te-escapa-ultima-semana-de-surge-madrid\/","og_locale":"es_ES","og_type":"article","og_title":"Festival Surge Madrid 2015","og_description":"\u00daltimos d\u00edas del festival Surge Madrid 2015 \u00a1No te lo pierdas! Por Madrid Fans blog patrocinado por Proinca apartamentos de alquiler en Madrid","og_url":"https:\/\/www.proinca.es\/madridfansblog\/rapido-que-se-te-escapa-ultima-semana-de-surge-madrid\/","og_site_name":"Blog Proinca Madrid","article_published_time":"2015-04-21T16:34:06+00:00","article_modified_time":"2025-05-28T13:29:52+00:00","og_image":[{"width":400,"height":572,"url":"https:\/\/www.proinca.es\/madridfansblog\/wp-content\/uploads\/2015\/04\/proinca_madridfansblog_surge_madrid.jpg","type":"image\/jpeg"}],"author":"Ana Calero","schema":{"@context":"https:\/\/schema.org","@graph":[{"@type":"Article","@id":"https:\/\/www.proinca.es\/madridfansblog\/rapido-que-se-te-escapa-ultima-semana-de-surge-madrid\/#article","isPartOf":{"@id":"https:\/\/www.proinca.es\/madridfansblog\/rapido-que-se-te-escapa-ultima-semana-de-surge-madrid\/"},"author":{"name":"Ana Calero","@id":"https:\/\/www.proinca.es\/madridfansblog\/#\/schema\/person\/8401adc89c0a0f5a3574c43326247f1e"},"headline":"\u00a1R\u00c1PIDO QUE SE TE ESCAPA! \u00daLTIMA SEMANA DE SURGE MADRID","datePublished":"2015-04-21T16:34:06+00:00","dateModified":"2025-05-28T13:29:52+00:00","mainEntityOfPage":{"@id":"https:\/\/www.proinca.es\/madridfansblog\/rapido-que-se-te-escapa-ultima-semana-de-surge-madrid\/"},"wordCount":241,"publisher":{"@id":"https:\/\/www.proinca.es\/madridfansblog\/#organization"},"image":{"@id":"https:\/\/www.proinca.es\/madridfansblog\/rapido-que-se-te-escapa-ultima-semana-de-surge-madrid\/#primaryimage"},"thumbnailUrl":"https:\/\/www.proinca.es\/madridfansblog\/wp-content\/uploads\/2015\/04\/proinca_madridfansblog_surge_madrid.jpg","keywords":["Cultura","Festivales","Teatro"],"articleSection":["VIVIR MADRID"],"inLanguage":"es"},{"@type":"WebPage","@id":"https:\/\/www.proinca.es\/madridfansblog\/rapido-que-se-te-escapa-ultima-semana-de-surge-madrid\/","url":"https:\/\/www.proinca.es\/madridfansblog\/rapido-que-se-te-escapa-ultima-semana-de-surge-madrid\/","name":"Festival Surge Madrid 2015","isPartOf":{"@id":"https:\/\/www.proinca.es\/madridfansblog\/#website"},"primaryImageOfPage":{"@id":"https:\/\/www.proinca.es\/madridfansblog\/rapido-que-se-te-escapa-ultima-semana-de-surge-madrid\/#primaryimage"},"image":{"@id":"https:\/\/www.proinca.es\/madridfansblog\/rapido-que-se-te-escapa-ultima-semana-de-surge-madrid\/#primaryimage"},"thumbnailUrl":"https:\/\/www.proinca.es\/madridfansblog\/wp-content\/uploads\/2015\/04\/proinca_madridfansblog_surge_madrid.jpg","datePublished":"2015-04-21T16:34:06+00:00","dateModified":"2025-05-28T13:29:52+00:00","description":"\u00daltimos d\u00edas del festival Surge Madrid 2015 \u00a1No te lo pierdas! Por Madrid Fans blog patrocinado por Proinca apartamentos de alquiler en Madrid","inLanguage":"es","potentialAction":[{"@type":"ReadAction","target":["https:\/\/www.proinca.es\/madridfansblog\/rapido-que-se-te-escapa-ultima-semana-de-surge-madrid\/"]}]},{"@type":"ImageObject","inLanguage":"es","@id":"https:\/\/www.proinca.es\/madridfansblog\/rapido-que-se-te-escapa-ultima-semana-de-surge-madrid\/#primaryimage","url":"https:\/\/www.proinca.es\/madridfansblog\/wp-content\/uploads\/2015\/04\/proinca_madridfansblog_surge_madrid.jpg","contentUrl":"https:\/\/www.proinca.es\/madridfansblog\/wp-content\/uploads\/2015\/04\/proinca_madridfansblog_surge_madrid.jpg","width":400,"height":572,"caption":"proinca madridfansblog surge madrid"},{"@type":"WebSite","@id":"https:\/\/www.proinca.es\/madridfansblog\/#website","url":"https:\/\/www.proinca.es\/madridfansblog\/","name":"Madrid Fans Blog Proinca","description":"Pisos y apartamentos de alquiler en Madrid","publisher":{"@id":"https:\/\/www.proinca.es\/madridfansblog\/#organization"},"potentialAction":[{"@type":"SearchAction","target":{"@type":"EntryPoint","urlTemplate":"https:\/\/www.proinca.es\/madridfansblog\/?s={search_term_string}"},"query-input":{"@type":"PropertyValueSpecification","valueRequired":true,"valueName":"search_term_string"}}],"inLanguage":"es"},{"@type":"Organization","@id":"https:\/\/www.proinca.es\/madridfansblog\/#organization","name":"Proinca","url":"https:\/\/www.proinca.es\/madridfansblog\/","logo":{"@type":"ImageObject","inLanguage":"es","@id":"https:\/\/www.proinca.es\/madridfansblog\/#\/schema\/logo\/image\/","url":"https:\/\/www.proinca.es\/madridfansblog\/wp-content\/uploads\/2022\/03\/logo-proinca.jpg","contentUrl":"https:\/\/www.proinca.es\/madridfansblog\/wp-content\/uploads\/2022\/03\/logo-proinca.jpg","width":522,"height":250,"caption":"Proinca"},"image":{"@id":"https:\/\/www.proinca.es\/madridfansblog\/#\/schema\/logo\/image\/"}},{"@type":"Person","@id":"https:\/\/www.proinca.es\/madridfansblog\/#\/schema\/person\/8401adc89c0a0f5a3574c43326247f1e","name":"Ana Calero","image":{"@type":"ImageObject","inLanguage":"es","@id":"https:\/\/www.proinca.es\/madridfansblog\/wp-content\/litespeed\/avatar\/ef51b25c0718910f475570320941ef46.jpg?ver=1777379772","url":"https:\/\/www.proinca.es\/madridfansblog\/wp-content\/litespeed\/avatar\/ef51b25c0718910f475570320941ef46.jpg?ver=1777379772","contentUrl":"https:\/\/www.proinca.es\/madridfansblog\/wp-content\/litespeed\/avatar\/ef51b25c0718910f475570320941ef46.jpg?ver=1777379772","caption":"Ana Calero"},"description":"Licenciada en Ciencias Empresariales por la Universidad Aut\u00f3noma de Madrid. Forma parte del equipo de Apartamentos Proinca y es una enamorada de Madrid","sameAs":["https:\/\/www.proinca.es\/madridfansblog\/ana-calero\/"]}]}},"_links":{"self":[{"href":"https:\/\/www.proinca.es\/madridfansblog\/wp-json\/wp\/v2\/posts\/3562","targetHints":{"allow":["GET"]}}],"collection":[{"href":"https:\/\/www.proinca.es\/madridfansblog\/wp-json\/wp\/v2\/posts"}],"about":[{"href":"https:\/\/www.proinca.es\/madridfansblog\/wp-json\/wp\/v2\/types\/post"}],"author":[{"embeddable":true,"href":"https:\/\/www.proinca.es\/madridfansblog\/wp-json\/wp\/v2\/users\/4"}],"replies":[{"embeddable":true,"href":"https:\/\/www.proinca.es\/madridfansblog\/wp-json\/wp\/v2\/comments?post=3562"}],"version-history":[{"count":16,"href":"https:\/\/www.proinca.es\/madridfansblog\/wp-json\/wp\/v2\/posts\/3562\/revisions"}],"predecessor-version":[{"id":7625,"href":"https:\/\/www.proinca.es\/madridfansblog\/wp-json\/wp\/v2\/posts\/3562\/revisions\/7625"}],"wp:featuredmedia":[{"embeddable":true,"href":"https:\/\/www.proinca.es\/madridfansblog\/wp-json\/wp\/v2\/media\/3567"}],"wp:attachment":[{"href":"https:\/\/www.proinca.es\/madridfansblog\/wp-json\/wp\/v2\/media?parent=3562"}],"wp:term":[{"taxonomy":"category","embeddable":true,"href":"https:\/\/www.proinca.es\/madridfansblog\/wp-json\/wp\/v2\/categories?post=3562"},{"taxonomy":"post_tag","embeddable":true,"href":"https:\/\/www.proinca.es\/madridfansblog\/wp-json\/wp\/v2\/tags?post=3562"}],"curies":[{"name":"wp","href":"https:\/\/api.w.org\/{rel}","templated":true}]}}