{"id":3582,"date":"2015-05-05T19:38:11","date_gmt":"2015-05-05T17:38:11","guid":{"rendered":"http:\/\/www.proinca.es\/madridfansblog\/?p=3582"},"modified":"2025-05-28T16:02:01","modified_gmt":"2025-05-28T14:02:01","slug":"5-parques-y-jardines-para-5-alternativas-de-ocio-en-madrid","status":"publish","type":"post","link":"https:\/\/www.proinca.es\/madridfansblog\/5-parques-y-jardines-para-5-alternativas-de-ocio-en-madrid\/","title":{"rendered":"5 PARQUES Y JARDINES PARA 5 ALTERNATIVAS DE OCIO EN MADRID"},"content":{"rendered":"<p><strong>Madrid<\/strong> cuenta con varios pulmones verdes que los madrile\u00f1os adoramos y mimamos<!--more-->, quiz\u00e1s porque constituyan nuestro \u00fanico remanso de paz en medio de la gran urbe.<\/p>\n<p>Os dejamos aqu\u00ed cinco de los <strong>parques y jardines<\/strong><b> de <\/b><strong>Madrid<\/strong> m\u00e1s importantes o, al menos, de los que m\u00e1s nos gustan por su belleza y por contar con infraestructuras id\u00f3neas seg\u00fan para qu\u00e9 deporte o actividad queramos practicar.<b><\/b><\/p>\n<p><b>Casa de Campo a dos ruedas.<\/b> El cl\u00e1sico de los cl\u00e1sicos cuenta con casi 1.800 hect\u00e1reas, lo que le convierte en el parque m\u00e1s grande del <b>municipio madrile\u00f1o<\/b>. Ideado por Felipe II y utilizado como finca de caza por la realeza, este <b>espacio verde<\/b> cuenta con varias instalaciones en su interior, como el Parque de Atracciones, el Zoo de Madrid y varias infraestructuras deportivas, sin embargo, dos de las pr\u00e1cticas m\u00e1s habituales de los madrile\u00f1os en el coraz\u00f3n de la <b>Casa de Campo<\/b> son las carreras de orientaci\u00f3n y las rutas en bicicleta. Y es que, gracias a su extension, se convierte en el enclave m\u00e1s cercano al centro de la ciudad donde practicar ambos deportes. El pinar de las Siete Hermanas y el encinar de la zona sur o la ruta circular que rodea el parque ofreciendo unas vistas espectaculares sobre la ciudad son dos de los principales atractivos para quienes recorren el lugar a pedales.<\/p>\n<p><b>Templo de Debod con un libro entre las manos<\/b>. Se trata de uno de los lugares m\u00e1s sorprendentes de <b>Madrid<\/b>. La magia de este parque, presidido por un templo egipcio del siglo II a. C., hace de este rinc\u00f3n un enclave m\u00e1gico, sobre todo al atardecer. Nuestra recomendaci\u00f3n: acudir al <b>Tempo de Debod <\/b>con libro en mano y sumergirse en una lectura apasionante situada en el Antiguo Egipto mientras esperamos la puesta de sol. Relajaci\u00f3n total, creednos.<\/p>\n<p><b>Madrid R\u00edo en patines<\/b>. Es el m\u00e1s nuevo de los <strong>parques<\/strong><b> de <\/b><strong>Madrid<\/strong>, de hecho, se inaugur\u00f3 hace tan solo cuatro a\u00f1os. Situado a la ribera del r\u00edo Manzanares, este espacio modernista fue dise\u00f1ado por entero para disfrutar del tiempo de ocio de forma l\u00fadica, ya sea paseando para contemplar los monumentos que se alzan en las inmediaciones, para practicar deporte, jugar o tomar el sol. Sin embargo, si hay una modalidad que nos gusta practicar en <b>Madrid R\u00edo<\/b> es el patinaje. Su gran extensi\u00f3n lineal y un inmenso paseo perfecto para circular en l\u00ednea lo convierten en uno de los sitios favoritos de los patinadores.<\/p>\n<p><b>El Retiro corriendo. <\/b>La fluencia de gente ha hecho que muchos corredores se desplacen a otras zonas de la ciudad, sin embargo, el parque del Retiro sigue siendo un lugar emblem\u00e1tico para quienes entrenan diariamente las piernas. Los corredores cuentan con 5 km por tierra y el aliciente de entrenar en un lugar privilegiado de gran agitaci\u00f3n cultural y social. En el <b>Retiro de <\/b><strong>Madrid<\/strong>, nunca te aburres.<\/p>\n<p><b>Jardines de Sabatini con c\u00e1mara en mano.<\/b> Y para los amantes de la fotograf\u00eda, uno de los parques<b> <\/b>m\u00e1s bonitos de la ciudad, <b>los Jardines de Sabatini,<\/b> al ladito del Palacio Real. Su estilo neocl\u00e1sico y su enclave excepcional lo convierten en lugar perfecto para realizar estupendas instant\u00e1neas a cualquier hora del d\u00eda sin importar la estaci\u00f3n del a\u00f1o.<\/p>\n<p>&nbsp;<\/p>\n<p>Informaci\u00f3n patrocinada por\u00a0<strong><a title=\"Proinca apartamentos de alquiler en Madrid\" href=\"http:\/\/www.proinca.es\" target=\"_blank\" rel=\"noopener\">Proinca: Apartamentos de alquiler en Madrid<\/a><\/strong><\/p>\n<p>Foto de Sandra Rijo en Unsplash<\/p>\n\n\n<div class=\"kk-star-ratings kksr-auto kksr-align-left kksr-valign-bottom\"\n    data-payload='{&quot;align&quot;:&quot;left&quot;,&quot;id&quot;:&quot;3582&quot;,&quot;slug&quot;:&quot;default&quot;,&quot;valign&quot;:&quot;bottom&quot;,&quot;ignore&quot;:&quot;&quot;,&quot;reference&quot;:&quot;auto&quot;,&quot;class&quot;:&quot;&quot;,&quot;count&quot;:&quot;0&quot;,&quot;legendonly&quot;:&quot;&quot;,&quot;readonly&quot;:&quot;&quot;,&quot;score&quot;:&quot;0&quot;,&quot;starsonly&quot;:&quot;&quot;,&quot;best&quot;:&quot;5&quot;,&quot;gap&quot;:&quot;1&quot;,&quot;greet&quot;:&quot;Valora este art\u00edculo&quot;,&quot;legend&quot;:&quot;0\\\/5 - (0 votos)&quot;,&quot;size&quot;:&quot;24&quot;,&quot;title&quot;:&quot;5 PARQUES Y JARDINES PARA 5 ALTERNATIVAS DE OCIO EN MADRID&quot;,&quot;width&quot;:&quot;0&quot;,&quot;_legend&quot;:&quot;{score}\\\/{best} - ({count} {votes})&quot;,&quot;font_factor&quot;:&quot;1.25&quot;}'>\n            \n<div class=\"kksr-stars\">\n    \n<div class=\"kksr-stars-inactive\">\n            <div class=\"kksr-star\" data-star=\"1\" style=\"padding-right: 1px\">\n            \n\n<div class=\"kksr-icon\" style=\"width: 24px; height: 24px;\"><\/div>\n        <\/div>\n            <div class=\"kksr-star\" data-star=\"2\" style=\"padding-right: 1px\">\n            \n\n<div class=\"kksr-icon\" style=\"width: 24px; height: 24px;\"><\/div>\n        <\/div>\n            <div class=\"kksr-star\" data-star=\"3\" style=\"padding-right: 1px\">\n            \n\n<div class=\"kksr-icon\" style=\"width: 24px; height: 24px;\"><\/div>\n        <\/div>\n            <div class=\"kksr-star\" data-star=\"4\" style=\"padding-right: 1px\">\n            \n\n<div class=\"kksr-icon\" style=\"width: 24px; height: 24px;\"><\/div>\n        <\/div>\n            <div class=\"kksr-star\" data-star=\"5\" style=\"padding-right: 1px\">\n            \n\n<div class=\"kksr-icon\" style=\"width: 24px; height: 24px;\"><\/div>\n        <\/div>\n    <\/div>\n    \n<div class=\"kksr-stars-active\" style=\"width: 0px;\">\n            <div class=\"kksr-star\" style=\"padding-right: 1px\">\n            \n\n<div class=\"kksr-icon\" style=\"width: 24px; height: 24px;\"><\/div>\n        <\/div>\n            <div class=\"kksr-star\" style=\"padding-right: 1px\">\n            \n\n<div class=\"kksr-icon\" style=\"width: 24px; height: 24px;\"><\/div>\n        <\/div>\n            <div class=\"kksr-star\" style=\"padding-right: 1px\">\n            \n\n<div class=\"kksr-icon\" style=\"width: 24px; height: 24px;\"><\/div>\n        <\/div>\n            <div class=\"kksr-star\" style=\"padding-right: 1px\">\n            \n\n<div class=\"kksr-icon\" style=\"width: 24px; height: 24px;\"><\/div>\n        <\/div>\n            <div class=\"kksr-star\" style=\"padding-right: 1px\">\n            \n\n<div class=\"kksr-icon\" style=\"width: 24px; height: 24px;\"><\/div>\n        <\/div>\n    <\/div>\n<\/div>\n                \n\n<div class=\"kksr-legend\" style=\"font-size: 19.2px;\">\n            <span class=\"kksr-muted\">Valora este art\u00edculo<\/span>\n    <\/div>\n    <\/div>\n","protected":false},"excerpt":{"rendered":"<p>Madrid cuenta con varios pulmones verdes que los madrile\u00f1os adoramos  [&#8230;]<\/p>\n","protected":false},"author":4,"featured_media":7185,"comment_status":"closed","ping_status":"closed","sticky":false,"template":"","format":"standard","meta":{"footnotes":""},"categories":[79],"tags":[54,66,42,56],"class_list":["post-3582","post","type-post","status-publish","format-standard","has-post-thumbnail","hentry","category-vivir-madrid","tag-deporte","tag-ecologia","tag-medio-ambiente","tag-running"],"yoast_head":"<!-- This site is optimized with the Yoast SEO plugin v27.4 - https:\/\/yoast.com\/product\/yoast-seo-wordpress\/ -->\n<title>5 Parques y jardines en Madrid<\/title>\n<meta name=\"description\" content=\"5 parques y jardines de Madrid que no puedes dejar de visitar \u00a1Te sorprender\u00e1n! Por Madrid Fans blog patrocinado por Proinca apartamentos de alquiler en Madrid\" \/>\n<meta name=\"robots\" content=\"index, follow, max-snippet:-1, max-image-preview:large, max-video-preview:-1\" \/>\n<link rel=\"canonical\" href=\"https:\/\/www.proinca.es\/madridfansblog\/5-parques-y-jardines-para-5-alternativas-de-ocio-en-madrid\/\" \/>\n<meta property=\"og:locale\" content=\"es_ES\" \/>\n<meta property=\"og:type\" content=\"article\" \/>\n<meta property=\"og:title\" content=\"5 Parques y jardines en Madrid\" \/>\n<meta property=\"og:description\" content=\"5 parques y jardines de Madrid que no puedes dejar de visitar \u00a1Te sorprender\u00e1n! Por Madrid Fans blog patrocinado por Proinca apartamentos de alquiler en Madrid\" \/>\n<meta property=\"og:url\" content=\"https:\/\/www.proinca.es\/madridfansblog\/5-parques-y-jardines-para-5-alternativas-de-ocio-en-madrid\/\" \/>\n<meta property=\"og:site_name\" content=\"Blog Proinca Madrid\" \/>\n<meta property=\"article:published_time\" content=\"2015-05-05T17:38:11+00:00\" \/>\n<meta property=\"article:modified_time\" content=\"2025-05-28T14:02:01+00:00\" \/>\n<meta property=\"og:image\" content=\"https:\/\/www.proinca.es\/madridfansblog\/wp-content\/uploads\/2015\/05\/parques-y-jardines.jpg\" \/>\n\t<meta property=\"og:image:width\" content=\"1000\" \/>\n\t<meta property=\"og:image:height\" content=\"564\" \/>\n\t<meta property=\"og:image:type\" content=\"image\/jpeg\" \/>\n<meta name=\"author\" content=\"Ana Calero\" \/>\n<script type=\"application\/ld+json\" class=\"yoast-schema-graph\">{\"@context\":\"https:\\\/\\\/schema.org\",\"@graph\":[{\"@type\":\"Article\",\"@id\":\"https:\\\/\\\/www.proinca.es\\\/madridfansblog\\\/5-parques-y-jardines-para-5-alternativas-de-ocio-en-madrid\\\/#article\",\"isPartOf\":{\"@id\":\"https:\\\/\\\/www.proinca.es\\\/madridfansblog\\\/5-parques-y-jardines-para-5-alternativas-de-ocio-en-madrid\\\/\"},\"author\":{\"name\":\"Ana Calero\",\"@id\":\"https:\\\/\\\/www.proinca.es\\\/madridfansblog\\\/#\\\/schema\\\/person\\\/8401adc89c0a0f5a3574c43326247f1e\"},\"headline\":\"5 PARQUES Y JARDINES PARA 5 ALTERNATIVAS DE OCIO EN MADRID\",\"datePublished\":\"2015-05-05T17:38:11+00:00\",\"dateModified\":\"2025-05-28T14:02:01+00:00\",\"mainEntityOfPage\":{\"@id\":\"https:\\\/\\\/www.proinca.es\\\/madridfansblog\\\/5-parques-y-jardines-para-5-alternativas-de-ocio-en-madrid\\\/\"},\"wordCount\":597,\"publisher\":{\"@id\":\"https:\\\/\\\/www.proinca.es\\\/madridfansblog\\\/#organization\"},\"image\":{\"@id\":\"https:\\\/\\\/www.proinca.es\\\/madridfansblog\\\/5-parques-y-jardines-para-5-alternativas-de-ocio-en-madrid\\\/#primaryimage\"},\"thumbnailUrl\":\"https:\\\/\\\/www.proinca.es\\\/madridfansblog\\\/wp-content\\\/uploads\\\/2015\\\/05\\\/parques-y-jardines.jpg\",\"keywords\":[\"Deporte\",\"Ecolog\u00eda\",\"Medio Ambiente\",\"Running\"],\"articleSection\":[\"VIVIR MADRID\"],\"inLanguage\":\"es\"},{\"@type\":\"WebPage\",\"@id\":\"https:\\\/\\\/www.proinca.es\\\/madridfansblog\\\/5-parques-y-jardines-para-5-alternativas-de-ocio-en-madrid\\\/\",\"url\":\"https:\\\/\\\/www.proinca.es\\\/madridfansblog\\\/5-parques-y-jardines-para-5-alternativas-de-ocio-en-madrid\\\/\",\"name\":\"5 Parques y jardines en Madrid\",\"isPartOf\":{\"@id\":\"https:\\\/\\\/www.proinca.es\\\/madridfansblog\\\/#website\"},\"primaryImageOfPage\":{\"@id\":\"https:\\\/\\\/www.proinca.es\\\/madridfansblog\\\/5-parques-y-jardines-para-5-alternativas-de-ocio-en-madrid\\\/#primaryimage\"},\"image\":{\"@id\":\"https:\\\/\\\/www.proinca.es\\\/madridfansblog\\\/5-parques-y-jardines-para-5-alternativas-de-ocio-en-madrid\\\/#primaryimage\"},\"thumbnailUrl\":\"https:\\\/\\\/www.proinca.es\\\/madridfansblog\\\/wp-content\\\/uploads\\\/2015\\\/05\\\/parques-y-jardines.jpg\",\"datePublished\":\"2015-05-05T17:38:11+00:00\",\"dateModified\":\"2025-05-28T14:02:01+00:00\",\"description\":\"5 parques y jardines de Madrid que no puedes dejar de visitar \u00a1Te sorprender\u00e1n! Por Madrid Fans blog patrocinado por Proinca apartamentos de alquiler en Madrid\",\"inLanguage\":\"es\",\"potentialAction\":[{\"@type\":\"ReadAction\",\"target\":[\"https:\\\/\\\/www.proinca.es\\\/madridfansblog\\\/5-parques-y-jardines-para-5-alternativas-de-ocio-en-madrid\\\/\"]}]},{\"@type\":\"ImageObject\",\"inLanguage\":\"es\",\"@id\":\"https:\\\/\\\/www.proinca.es\\\/madridfansblog\\\/5-parques-y-jardines-para-5-alternativas-de-ocio-en-madrid\\\/#primaryimage\",\"url\":\"https:\\\/\\\/www.proinca.es\\\/madridfansblog\\\/wp-content\\\/uploads\\\/2015\\\/05\\\/parques-y-jardines.jpg\",\"contentUrl\":\"https:\\\/\\\/www.proinca.es\\\/madridfansblog\\\/wp-content\\\/uploads\\\/2015\\\/05\\\/parques-y-jardines.jpg\",\"width\":1000,\"height\":564,\"caption\":\"5 parques y jardines para 5 alternativas de ocio en Madrid\"},{\"@type\":\"WebSite\",\"@id\":\"https:\\\/\\\/www.proinca.es\\\/madridfansblog\\\/#website\",\"url\":\"https:\\\/\\\/www.proinca.es\\\/madridfansblog\\\/\",\"name\":\"Madrid Fans Blog Proinca\",\"description\":\"Pisos y apartamentos de alquiler en Madrid\",\"publisher\":{\"@id\":\"https:\\\/\\\/www.proinca.es\\\/madridfansblog\\\/#organization\"},\"potentialAction\":[{\"@type\":\"SearchAction\",\"target\":{\"@type\":\"EntryPoint\",\"urlTemplate\":\"https:\\\/\\\/www.proinca.es\\\/madridfansblog\\\/?s={search_term_string}\"},\"query-input\":{\"@type\":\"PropertyValueSpecification\",\"valueRequired\":true,\"valueName\":\"search_term_string\"}}],\"inLanguage\":\"es\"},{\"@type\":\"Organization\",\"@id\":\"https:\\\/\\\/www.proinca.es\\\/madridfansblog\\\/#organization\",\"name\":\"Proinca\",\"url\":\"https:\\\/\\\/www.proinca.es\\\/madridfansblog\\\/\",\"logo\":{\"@type\":\"ImageObject\",\"inLanguage\":\"es\",\"@id\":\"https:\\\/\\\/www.proinca.es\\\/madridfansblog\\\/#\\\/schema\\\/logo\\\/image\\\/\",\"url\":\"https:\\\/\\\/www.proinca.es\\\/madridfansblog\\\/wp-content\\\/uploads\\\/2022\\\/03\\\/logo-proinca.jpg\",\"contentUrl\":\"https:\\\/\\\/www.proinca.es\\\/madridfansblog\\\/wp-content\\\/uploads\\\/2022\\\/03\\\/logo-proinca.jpg\",\"width\":522,\"height\":250,\"caption\":\"Proinca\"},\"image\":{\"@id\":\"https:\\\/\\\/www.proinca.es\\\/madridfansblog\\\/#\\\/schema\\\/logo\\\/image\\\/\"}},{\"@type\":\"Person\",\"@id\":\"https:\\\/\\\/www.proinca.es\\\/madridfansblog\\\/#\\\/schema\\\/person\\\/8401adc89c0a0f5a3574c43326247f1e\",\"name\":\"Ana Calero\",\"image\":{\"@type\":\"ImageObject\",\"inLanguage\":\"es\",\"@id\":\"https:\\\/\\\/www.proinca.es\\\/madridfansblog\\\/wp-content\\\/litespeed\\\/avatar\\\/ef51b25c0718910f475570320941ef46.jpg?ver=1777379772\",\"url\":\"https:\\\/\\\/www.proinca.es\\\/madridfansblog\\\/wp-content\\\/litespeed\\\/avatar\\\/ef51b25c0718910f475570320941ef46.jpg?ver=1777379772\",\"contentUrl\":\"https:\\\/\\\/www.proinca.es\\\/madridfansblog\\\/wp-content\\\/litespeed\\\/avatar\\\/ef51b25c0718910f475570320941ef46.jpg?ver=1777379772\",\"caption\":\"Ana Calero\"},\"description\":\"Licenciada en Ciencias Empresariales por la Universidad Aut\u00f3noma de Madrid. Forma parte del equipo de Apartamentos Proinca y es una enamorada de Madrid\",\"sameAs\":[\"https:\\\/\\\/www.proinca.es\\\/madridfansblog\\\/ana-calero\\\/\"]}]}<\/script>\n<!-- \/ Yoast SEO plugin. -->","yoast_head_json":{"title":"5 Parques y jardines en Madrid","description":"5 parques y jardines de Madrid que no puedes dejar de visitar \u00a1Te sorprender\u00e1n! Por Madrid Fans blog patrocinado por Proinca apartamentos de alquiler en Madrid","robots":{"index":"index","follow":"follow","max-snippet":"max-snippet:-1","max-image-preview":"max-image-preview:large","max-video-preview":"max-video-preview:-1"},"canonical":"https:\/\/www.proinca.es\/madridfansblog\/5-parques-y-jardines-para-5-alternativas-de-ocio-en-madrid\/","og_locale":"es_ES","og_type":"article","og_title":"5 Parques y jardines en Madrid","og_description":"5 parques y jardines de Madrid que no puedes dejar de visitar \u00a1Te sorprender\u00e1n! Por Madrid Fans blog patrocinado por Proinca apartamentos de alquiler en Madrid","og_url":"https:\/\/www.proinca.es\/madridfansblog\/5-parques-y-jardines-para-5-alternativas-de-ocio-en-madrid\/","og_site_name":"Blog Proinca Madrid","article_published_time":"2015-05-05T17:38:11+00:00","article_modified_time":"2025-05-28T14:02:01+00:00","og_image":[{"width":1000,"height":564,"url":"https:\/\/www.proinca.es\/madridfansblog\/wp-content\/uploads\/2015\/05\/parques-y-jardines.jpg","type":"image\/jpeg"}],"author":"Ana Calero","schema":{"@context":"https:\/\/schema.org","@graph":[{"@type":"Article","@id":"https:\/\/www.proinca.es\/madridfansblog\/5-parques-y-jardines-para-5-alternativas-de-ocio-en-madrid\/#article","isPartOf":{"@id":"https:\/\/www.proinca.es\/madridfansblog\/5-parques-y-jardines-para-5-alternativas-de-ocio-en-madrid\/"},"author":{"name":"Ana Calero","@id":"https:\/\/www.proinca.es\/madridfansblog\/#\/schema\/person\/8401adc89c0a0f5a3574c43326247f1e"},"headline":"5 PARQUES Y JARDINES PARA 5 ALTERNATIVAS DE OCIO EN MADRID","datePublished":"2015-05-05T17:38:11+00:00","dateModified":"2025-05-28T14:02:01+00:00","mainEntityOfPage":{"@id":"https:\/\/www.proinca.es\/madridfansblog\/5-parques-y-jardines-para-5-alternativas-de-ocio-en-madrid\/"},"wordCount":597,"publisher":{"@id":"https:\/\/www.proinca.es\/madridfansblog\/#organization"},"image":{"@id":"https:\/\/www.proinca.es\/madridfansblog\/5-parques-y-jardines-para-5-alternativas-de-ocio-en-madrid\/#primaryimage"},"thumbnailUrl":"https:\/\/www.proinca.es\/madridfansblog\/wp-content\/uploads\/2015\/05\/parques-y-jardines.jpg","keywords":["Deporte","Ecolog\u00eda","Medio Ambiente","Running"],"articleSection":["VIVIR MADRID"],"inLanguage":"es"},{"@type":"WebPage","@id":"https:\/\/www.proinca.es\/madridfansblog\/5-parques-y-jardines-para-5-alternativas-de-ocio-en-madrid\/","url":"https:\/\/www.proinca.es\/madridfansblog\/5-parques-y-jardines-para-5-alternativas-de-ocio-en-madrid\/","name":"5 Parques y jardines en Madrid","isPartOf":{"@id":"https:\/\/www.proinca.es\/madridfansblog\/#website"},"primaryImageOfPage":{"@id":"https:\/\/www.proinca.es\/madridfansblog\/5-parques-y-jardines-para-5-alternativas-de-ocio-en-madrid\/#primaryimage"},"image":{"@id":"https:\/\/www.proinca.es\/madridfansblog\/5-parques-y-jardines-para-5-alternativas-de-ocio-en-madrid\/#primaryimage"},"thumbnailUrl":"https:\/\/www.proinca.es\/madridfansblog\/wp-content\/uploads\/2015\/05\/parques-y-jardines.jpg","datePublished":"2015-05-05T17:38:11+00:00","dateModified":"2025-05-28T14:02:01+00:00","description":"5 parques y jardines de Madrid que no puedes dejar de visitar \u00a1Te sorprender\u00e1n! Por Madrid Fans blog patrocinado por Proinca apartamentos de alquiler en Madrid","inLanguage":"es","potentialAction":[{"@type":"ReadAction","target":["https:\/\/www.proinca.es\/madridfansblog\/5-parques-y-jardines-para-5-alternativas-de-ocio-en-madrid\/"]}]},{"@type":"ImageObject","inLanguage":"es","@id":"https:\/\/www.proinca.es\/madridfansblog\/5-parques-y-jardines-para-5-alternativas-de-ocio-en-madrid\/#primaryimage","url":"https:\/\/www.proinca.es\/madridfansblog\/wp-content\/uploads\/2015\/05\/parques-y-jardines.jpg","contentUrl":"https:\/\/www.proinca.es\/madridfansblog\/wp-content\/uploads\/2015\/05\/parques-y-jardines.jpg","width":1000,"height":564,"caption":"5 parques y jardines para 5 alternativas de ocio en Madrid"},{"@type":"WebSite","@id":"https:\/\/www.proinca.es\/madridfansblog\/#website","url":"https:\/\/www.proinca.es\/madridfansblog\/","name":"Madrid Fans Blog Proinca","description":"Pisos y apartamentos de alquiler en Madrid","publisher":{"@id":"https:\/\/www.proinca.es\/madridfansblog\/#organization"},"potentialAction":[{"@type":"SearchAction","target":{"@type":"EntryPoint","urlTemplate":"https:\/\/www.proinca.es\/madridfansblog\/?s={search_term_string}"},"query-input":{"@type":"PropertyValueSpecification","valueRequired":true,"valueName":"search_term_string"}}],"inLanguage":"es"},{"@type":"Organization","@id":"https:\/\/www.proinca.es\/madridfansblog\/#organization","name":"Proinca","url":"https:\/\/www.proinca.es\/madridfansblog\/","logo":{"@type":"ImageObject","inLanguage":"es","@id":"https:\/\/www.proinca.es\/madridfansblog\/#\/schema\/logo\/image\/","url":"https:\/\/www.proinca.es\/madridfansblog\/wp-content\/uploads\/2022\/03\/logo-proinca.jpg","contentUrl":"https:\/\/www.proinca.es\/madridfansblog\/wp-content\/uploads\/2022\/03\/logo-proinca.jpg","width":522,"height":250,"caption":"Proinca"},"image":{"@id":"https:\/\/www.proinca.es\/madridfansblog\/#\/schema\/logo\/image\/"}},{"@type":"Person","@id":"https:\/\/www.proinca.es\/madridfansblog\/#\/schema\/person\/8401adc89c0a0f5a3574c43326247f1e","name":"Ana Calero","image":{"@type":"ImageObject","inLanguage":"es","@id":"https:\/\/www.proinca.es\/madridfansblog\/wp-content\/litespeed\/avatar\/ef51b25c0718910f475570320941ef46.jpg?ver=1777379772","url":"https:\/\/www.proinca.es\/madridfansblog\/wp-content\/litespeed\/avatar\/ef51b25c0718910f475570320941ef46.jpg?ver=1777379772","contentUrl":"https:\/\/www.proinca.es\/madridfansblog\/wp-content\/litespeed\/avatar\/ef51b25c0718910f475570320941ef46.jpg?ver=1777379772","caption":"Ana Calero"},"description":"Licenciada en Ciencias Empresariales por la Universidad Aut\u00f3noma de Madrid. Forma parte del equipo de Apartamentos Proinca y es una enamorada de Madrid","sameAs":["https:\/\/www.proinca.es\/madridfansblog\/ana-calero\/"]}]}},"_links":{"self":[{"href":"https:\/\/www.proinca.es\/madridfansblog\/wp-json\/wp\/v2\/posts\/3582","targetHints":{"allow":["GET"]}}],"collection":[{"href":"https:\/\/www.proinca.es\/madridfansblog\/wp-json\/wp\/v2\/posts"}],"about":[{"href":"https:\/\/www.proinca.es\/madridfansblog\/wp-json\/wp\/v2\/types\/post"}],"author":[{"embeddable":true,"href":"https:\/\/www.proinca.es\/madridfansblog\/wp-json\/wp\/v2\/users\/4"}],"replies":[{"embeddable":true,"href":"https:\/\/www.proinca.es\/madridfansblog\/wp-json\/wp\/v2\/comments?post=3582"}],"version-history":[{"count":37,"href":"https:\/\/www.proinca.es\/madridfansblog\/wp-json\/wp\/v2\/posts\/3582\/revisions"}],"predecessor-version":[{"id":7624,"href":"https:\/\/www.proinca.es\/madridfansblog\/wp-json\/wp\/v2\/posts\/3582\/revisions\/7624"}],"wp:featuredmedia":[{"embeddable":true,"href":"https:\/\/www.proinca.es\/madridfansblog\/wp-json\/wp\/v2\/media\/7185"}],"wp:attachment":[{"href":"https:\/\/www.proinca.es\/madridfansblog\/wp-json\/wp\/v2\/media?parent=3582"}],"wp:term":[{"taxonomy":"category","embeddable":true,"href":"https:\/\/www.proinca.es\/madridfansblog\/wp-json\/wp\/v2\/categories?post=3582"},{"taxonomy":"post_tag","embeddable":true,"href":"https:\/\/www.proinca.es\/madridfansblog\/wp-json\/wp\/v2\/tags?post=3582"}],"curies":[{"name":"wp","href":"https:\/\/api.w.org\/{rel}","templated":true}]}}