{"id":369,"date":"2012-07-10T08:29:54","date_gmt":"2012-07-10T08:29:54","guid":{"rendered":"http:\/\/www.proinca.es\/madridfansblog\/?p=369"},"modified":"2025-05-28T13:37:54","modified_gmt":"2025-05-28T11:37:54","slug":"un-lugar-unico-en-madrid-federica-co","status":"publish","type":"post","link":"https:\/\/www.proinca.es\/madridfansblog\/un-lugar-unico-en-madrid-federica-co\/","title":{"rendered":"UN LUGAR \u00daNICO EN MADRID: Federica &#038; Co."},"content":{"rendered":"<p>Entre el bullicio de la ciudad madrile\u00f1a, en la calle Hermosilla n\u00famero 26, en torno a un patio ajardinado, encontramos un espacio de compras muy especial. Se accede a \u00e9l, por una simple entrada de una vivienda particular, y cuando menos te lo esperas te encuentras rodeado de <strong>muebles Vintage<\/strong> de inspiraci\u00f3n sueca en blancos y azules, \u00e1rboles de los que cuelgan rom\u00e1nticas luces festivas y flores a todo color y de todas clases. Todo ello nos lleva a un misterio que realza el atractivo e inter\u00e9s del espacio en s\u00ed.<!--more--><\/p>\n<p><strong><span style=\"text-decoration: underline;\">Federica &amp; Co<\/span><\/strong> se ha convertido en uno de los lugares de referencia de la capital para los amantes de las compras.<\/p>\n<p>En su planta baja podemos descubrir tocados y accesorios de fiesta de la firma <strong>Mimoki<\/strong>, creaciones florales \u00fanicas, muebles rescatados con un inconfundible car\u00e1cter Vintage y piezas de decoraci\u00f3n.<\/p>\n<p>El toque floral corre a cargo de <strong>The Workshop Flores<\/strong>, de los que sin duda recomiendo sus cursos de arreglos florales que imparten aqu\u00ed mismo.<\/p>\n<p>Por unas peque\u00f1as escaleras, y tras atravesar todo el patio, accedemos a la segunda planta del espacio. Aqu\u00ed encontramos una original decoraci\u00f3n para presentar a <strong>Sister Jane<\/strong>, \u00a0una firma de ropa femenina que no os dejar\u00e1 indiferentes. Su aire retro con un toque chic es ahora el \u00faltimo grito entre las mas fashionistas. Las propuestas de moda para los m\u00e1s peque\u00f1os de la casa vienen de la mano de <strong>Ma Petite Juliet<\/strong>. Y para hacer un regalo diferente, o simplemente daros un capricho, os propongo los perfumes personalizados que podr\u00e9is crear en esta segunda altura del espacio.<\/p>\n<p>Un lugar \u00fanico, lo tiene todo. \u00a1Espero que os guste!<\/p>\n<p>Irene Salvadores<\/p>\n<p>Federica &amp; Co se ha convertido en uno de los lugares de referencia de la capital para los amantes de las compras.<\/p>\n<p>Foto de Lucas Hoang en Unsplash<\/p>\n\n\n<div class=\"kk-star-ratings kksr-auto kksr-align-left kksr-valign-bottom\"\n    data-payload='{&quot;align&quot;:&quot;left&quot;,&quot;id&quot;:&quot;369&quot;,&quot;slug&quot;:&quot;default&quot;,&quot;valign&quot;:&quot;bottom&quot;,&quot;ignore&quot;:&quot;&quot;,&quot;reference&quot;:&quot;auto&quot;,&quot;class&quot;:&quot;&quot;,&quot;count&quot;:&quot;0&quot;,&quot;legendonly&quot;:&quot;&quot;,&quot;readonly&quot;:&quot;&quot;,&quot;score&quot;:&quot;0&quot;,&quot;starsonly&quot;:&quot;&quot;,&quot;best&quot;:&quot;5&quot;,&quot;gap&quot;:&quot;1&quot;,&quot;greet&quot;:&quot;Valora este art\u00edculo&quot;,&quot;legend&quot;:&quot;0\\\/5 - (0 votos)&quot;,&quot;size&quot;:&quot;24&quot;,&quot;title&quot;:&quot;UN LUGAR \u00daNICO EN MADRID: Federica \\u0026amp; Co.&quot;,&quot;width&quot;:&quot;0&quot;,&quot;_legend&quot;:&quot;{score}\\\/{best} - ({count} {votes})&quot;,&quot;font_factor&quot;:&quot;1.25&quot;}'>\n            \n<div class=\"kksr-stars\">\n    \n<div class=\"kksr-stars-inactive\">\n            <div class=\"kksr-star\" data-star=\"1\" style=\"padding-right: 1px\">\n            \n\n<div class=\"kksr-icon\" style=\"width: 24px; height: 24px;\"><\/div>\n        <\/div>\n            <div class=\"kksr-star\" data-star=\"2\" style=\"padding-right: 1px\">\n            \n\n<div class=\"kksr-icon\" style=\"width: 24px; height: 24px;\"><\/div>\n        <\/div>\n            <div class=\"kksr-star\" data-star=\"3\" style=\"padding-right: 1px\">\n            \n\n<div class=\"kksr-icon\" style=\"width: 24px; height: 24px;\"><\/div>\n        <\/div>\n            <div class=\"kksr-star\" data-star=\"4\" style=\"padding-right: 1px\">\n            \n\n<div class=\"kksr-icon\" style=\"width: 24px; height: 24px;\"><\/div>\n        <\/div>\n            <div class=\"kksr-star\" data-star=\"5\" style=\"padding-right: 1px\">\n            \n\n<div class=\"kksr-icon\" style=\"width: 24px; height: 24px;\"><\/div>\n        <\/div>\n    <\/div>\n    \n<div class=\"kksr-stars-active\" style=\"width: 0px;\">\n            <div class=\"kksr-star\" style=\"padding-right: 1px\">\n            \n\n<div class=\"kksr-icon\" style=\"width: 24px; height: 24px;\"><\/div>\n        <\/div>\n            <div class=\"kksr-star\" style=\"padding-right: 1px\">\n            \n\n<div class=\"kksr-icon\" style=\"width: 24px; height: 24px;\"><\/div>\n        <\/div>\n            <div class=\"kksr-star\" style=\"padding-right: 1px\">\n            \n\n<div class=\"kksr-icon\" style=\"width: 24px; height: 24px;\"><\/div>\n        <\/div>\n            <div class=\"kksr-star\" style=\"padding-right: 1px\">\n            \n\n<div class=\"kksr-icon\" style=\"width: 24px; height: 24px;\"><\/div>\n        <\/div>\n            <div class=\"kksr-star\" style=\"padding-right: 1px\">\n            \n\n<div class=\"kksr-icon\" style=\"width: 24px; height: 24px;\"><\/div>\n        <\/div>\n    <\/div>\n<\/div>\n                \n\n<div class=\"kksr-legend\" style=\"font-size: 19.2px;\">\n            <span class=\"kksr-muted\">Valora este art\u00edculo<\/span>\n    <\/div>\n    <\/div>\n","protected":false},"excerpt":{"rendered":"<p>Entre el bullicio de la ciudad madrile\u00f1a, en la calle  [&#8230;]<\/p>\n","protected":false},"author":4,"featured_media":6994,"comment_status":"closed","ping_status":"closed","sticky":false,"template":"","format":"standard","meta":{"footnotes":""},"categories":[79],"tags":[5,20,43],"class_list":["post-369","post","type-post","status-publish","format-standard","has-post-thumbnail","hentry","category-vivir-madrid","tag-madrid","tag-ocio","tag-shopping"],"yoast_head":"<!-- This site is optimized with the Yoast SEO plugin v27.4 - https:\/\/yoast.com\/product\/yoast-seo-wordpress\/ -->\n<title>De Shopping en Madrid. El estilo vintage de Federica&amp;Co<\/title>\n<meta name=\"description\" content=\"Una propuesta \u00fanica para ir de shopping en Madrid: Federica &amp; Co se ha convertido en un lugar de referencia de la capital para los amantes de las compras.\" \/>\n<meta name=\"robots\" content=\"index, follow, max-snippet:-1, max-image-preview:large, max-video-preview:-1\" \/>\n<link rel=\"canonical\" href=\"https:\/\/www.proinca.es\/madridfansblog\/un-lugar-unico-en-madrid-federica-co\/\" \/>\n<meta property=\"og:locale\" content=\"es_ES\" \/>\n<meta property=\"og:type\" content=\"article\" \/>\n<meta property=\"og:title\" content=\"De Shopping en Madrid. El estilo vintage de Federica&amp;Co\" \/>\n<meta property=\"og:description\" content=\"Una propuesta \u00fanica para ir de shopping en Madrid: Federica &amp; Co se ha convertido en un lugar de referencia de la capital para los amantes de las compras.\" \/>\n<meta property=\"og:url\" content=\"https:\/\/www.proinca.es\/madridfansblog\/un-lugar-unico-en-madrid-federica-co\/\" \/>\n<meta property=\"og:site_name\" content=\"Blog Proinca Madrid\" \/>\n<meta property=\"article:published_time\" content=\"2012-07-10T08:29:54+00:00\" \/>\n<meta property=\"article:modified_time\" content=\"2025-05-28T11:37:54+00:00\" \/>\n<meta property=\"og:image\" content=\"https:\/\/www.proinca.es\/madridfansblog\/wp-content\/uploads\/2012\/07\/federica-and-co.jpg\" \/>\n\t<meta property=\"og:image:width\" content=\"1000\" \/>\n\t<meta property=\"og:image:height\" content=\"667\" \/>\n\t<meta property=\"og:image:type\" content=\"image\/jpeg\" \/>\n<meta name=\"author\" content=\"Ana Calero\" \/>\n<script type=\"application\/ld+json\" class=\"yoast-schema-graph\">{\"@context\":\"https:\\\/\\\/schema.org\",\"@graph\":[{\"@type\":\"Article\",\"@id\":\"https:\\\/\\\/www.proinca.es\\\/madridfansblog\\\/un-lugar-unico-en-madrid-federica-co\\\/#article\",\"isPartOf\":{\"@id\":\"https:\\\/\\\/www.proinca.es\\\/madridfansblog\\\/un-lugar-unico-en-madrid-federica-co\\\/\"},\"author\":{\"name\":\"Ana Calero\",\"@id\":\"https:\\\/\\\/www.proinca.es\\\/madridfansblog\\\/#\\\/schema\\\/person\\\/8401adc89c0a0f5a3574c43326247f1e\"},\"headline\":\"UN LUGAR \u00daNICO EN MADRID: Federica &#038; Co.\",\"datePublished\":\"2012-07-10T08:29:54+00:00\",\"dateModified\":\"2025-05-28T11:37:54+00:00\",\"mainEntityOfPage\":{\"@id\":\"https:\\\/\\\/www.proinca.es\\\/madridfansblog\\\/un-lugar-unico-en-madrid-federica-co\\\/\"},\"wordCount\":322,\"publisher\":{\"@id\":\"https:\\\/\\\/www.proinca.es\\\/madridfansblog\\\/#organization\"},\"image\":{\"@id\":\"https:\\\/\\\/www.proinca.es\\\/madridfansblog\\\/un-lugar-unico-en-madrid-federica-co\\\/#primaryimage\"},\"thumbnailUrl\":\"https:\\\/\\\/www.proinca.es\\\/madridfansblog\\\/wp-content\\\/uploads\\\/2012\\\/07\\\/federica-and-co.jpg\",\"keywords\":[\"Madrid\",\"Ocio\",\"Shopping\"],\"articleSection\":[\"VIVIR MADRID\"],\"inLanguage\":\"es\"},{\"@type\":\"WebPage\",\"@id\":\"https:\\\/\\\/www.proinca.es\\\/madridfansblog\\\/un-lugar-unico-en-madrid-federica-co\\\/\",\"url\":\"https:\\\/\\\/www.proinca.es\\\/madridfansblog\\\/un-lugar-unico-en-madrid-federica-co\\\/\",\"name\":\"De Shopping en Madrid. El estilo vintage de Federica&Co\",\"isPartOf\":{\"@id\":\"https:\\\/\\\/www.proinca.es\\\/madridfansblog\\\/#website\"},\"primaryImageOfPage\":{\"@id\":\"https:\\\/\\\/www.proinca.es\\\/madridfansblog\\\/un-lugar-unico-en-madrid-federica-co\\\/#primaryimage\"},\"image\":{\"@id\":\"https:\\\/\\\/www.proinca.es\\\/madridfansblog\\\/un-lugar-unico-en-madrid-federica-co\\\/#primaryimage\"},\"thumbnailUrl\":\"https:\\\/\\\/www.proinca.es\\\/madridfansblog\\\/wp-content\\\/uploads\\\/2012\\\/07\\\/federica-and-co.jpg\",\"datePublished\":\"2012-07-10T08:29:54+00:00\",\"dateModified\":\"2025-05-28T11:37:54+00:00\",\"description\":\"Una propuesta \u00fanica para ir de shopping en Madrid: Federica & Co se ha convertido en un lugar de referencia de la capital para los amantes de las compras.\",\"inLanguage\":\"es\",\"potentialAction\":[{\"@type\":\"ReadAction\",\"target\":[\"https:\\\/\\\/www.proinca.es\\\/madridfansblog\\\/un-lugar-unico-en-madrid-federica-co\\\/\"]}]},{\"@type\":\"ImageObject\",\"inLanguage\":\"es\",\"@id\":\"https:\\\/\\\/www.proinca.es\\\/madridfansblog\\\/un-lugar-unico-en-madrid-federica-co\\\/#primaryimage\",\"url\":\"https:\\\/\\\/www.proinca.es\\\/madridfansblog\\\/wp-content\\\/uploads\\\/2012\\\/07\\\/federica-and-co.jpg\",\"contentUrl\":\"https:\\\/\\\/www.proinca.es\\\/madridfansblog\\\/wp-content\\\/uploads\\\/2012\\\/07\\\/federica-and-co.jpg\",\"width\":1000,\"height\":667,\"caption\":\"Un lugar \u00fanico en Madrid: Federica & Co.\"},{\"@type\":\"WebSite\",\"@id\":\"https:\\\/\\\/www.proinca.es\\\/madridfansblog\\\/#website\",\"url\":\"https:\\\/\\\/www.proinca.es\\\/madridfansblog\\\/\",\"name\":\"Madrid Fans Blog Proinca\",\"description\":\"Pisos y apartamentos de alquiler en Madrid\",\"publisher\":{\"@id\":\"https:\\\/\\\/www.proinca.es\\\/madridfansblog\\\/#organization\"},\"potentialAction\":[{\"@type\":\"SearchAction\",\"target\":{\"@type\":\"EntryPoint\",\"urlTemplate\":\"https:\\\/\\\/www.proinca.es\\\/madridfansblog\\\/?s={search_term_string}\"},\"query-input\":{\"@type\":\"PropertyValueSpecification\",\"valueRequired\":true,\"valueName\":\"search_term_string\"}}],\"inLanguage\":\"es\"},{\"@type\":\"Organization\",\"@id\":\"https:\\\/\\\/www.proinca.es\\\/madridfansblog\\\/#organization\",\"name\":\"Proinca\",\"url\":\"https:\\\/\\\/www.proinca.es\\\/madridfansblog\\\/\",\"logo\":{\"@type\":\"ImageObject\",\"inLanguage\":\"es\",\"@id\":\"https:\\\/\\\/www.proinca.es\\\/madridfansblog\\\/#\\\/schema\\\/logo\\\/image\\\/\",\"url\":\"https:\\\/\\\/www.proinca.es\\\/madridfansblog\\\/wp-content\\\/uploads\\\/2022\\\/03\\\/logo-proinca.jpg\",\"contentUrl\":\"https:\\\/\\\/www.proinca.es\\\/madridfansblog\\\/wp-content\\\/uploads\\\/2022\\\/03\\\/logo-proinca.jpg\",\"width\":522,\"height\":250,\"caption\":\"Proinca\"},\"image\":{\"@id\":\"https:\\\/\\\/www.proinca.es\\\/madridfansblog\\\/#\\\/schema\\\/logo\\\/image\\\/\"}},{\"@type\":\"Person\",\"@id\":\"https:\\\/\\\/www.proinca.es\\\/madridfansblog\\\/#\\\/schema\\\/person\\\/8401adc89c0a0f5a3574c43326247f1e\",\"name\":\"Ana Calero\",\"image\":{\"@type\":\"ImageObject\",\"inLanguage\":\"es\",\"@id\":\"https:\\\/\\\/www.proinca.es\\\/madridfansblog\\\/wp-content\\\/litespeed\\\/avatar\\\/ef51b25c0718910f475570320941ef46.jpg?ver=1777379772\",\"url\":\"https:\\\/\\\/www.proinca.es\\\/madridfansblog\\\/wp-content\\\/litespeed\\\/avatar\\\/ef51b25c0718910f475570320941ef46.jpg?ver=1777379772\",\"contentUrl\":\"https:\\\/\\\/www.proinca.es\\\/madridfansblog\\\/wp-content\\\/litespeed\\\/avatar\\\/ef51b25c0718910f475570320941ef46.jpg?ver=1777379772\",\"caption\":\"Ana Calero\"},\"description\":\"Licenciada en Ciencias Empresariales por la Universidad Aut\u00f3noma de Madrid. Forma parte del equipo de Apartamentos Proinca y es una enamorada de Madrid\",\"sameAs\":[\"https:\\\/\\\/www.proinca.es\\\/madridfansblog\\\/ana-calero\\\/\"]}]}<\/script>\n<!-- \/ Yoast SEO plugin. -->","yoast_head_json":{"title":"De Shopping en Madrid. El estilo vintage de Federica&Co","description":"Una propuesta \u00fanica para ir de shopping en Madrid: Federica & Co se ha convertido en un lugar de referencia de la capital para los amantes de las compras.","robots":{"index":"index","follow":"follow","max-snippet":"max-snippet:-1","max-image-preview":"max-image-preview:large","max-video-preview":"max-video-preview:-1"},"canonical":"https:\/\/www.proinca.es\/madridfansblog\/un-lugar-unico-en-madrid-federica-co\/","og_locale":"es_ES","og_type":"article","og_title":"De Shopping en Madrid. El estilo vintage de Federica&Co","og_description":"Una propuesta \u00fanica para ir de shopping en Madrid: Federica & Co se ha convertido en un lugar de referencia de la capital para los amantes de las compras.","og_url":"https:\/\/www.proinca.es\/madridfansblog\/un-lugar-unico-en-madrid-federica-co\/","og_site_name":"Blog Proinca Madrid","article_published_time":"2012-07-10T08:29:54+00:00","article_modified_time":"2025-05-28T11:37:54+00:00","og_image":[{"width":1000,"height":667,"url":"https:\/\/www.proinca.es\/madridfansblog\/wp-content\/uploads\/2012\/07\/federica-and-co.jpg","type":"image\/jpeg"}],"author":"Ana Calero","schema":{"@context":"https:\/\/schema.org","@graph":[{"@type":"Article","@id":"https:\/\/www.proinca.es\/madridfansblog\/un-lugar-unico-en-madrid-federica-co\/#article","isPartOf":{"@id":"https:\/\/www.proinca.es\/madridfansblog\/un-lugar-unico-en-madrid-federica-co\/"},"author":{"name":"Ana Calero","@id":"https:\/\/www.proinca.es\/madridfansblog\/#\/schema\/person\/8401adc89c0a0f5a3574c43326247f1e"},"headline":"UN LUGAR \u00daNICO EN MADRID: Federica &#038; Co.","datePublished":"2012-07-10T08:29:54+00:00","dateModified":"2025-05-28T11:37:54+00:00","mainEntityOfPage":{"@id":"https:\/\/www.proinca.es\/madridfansblog\/un-lugar-unico-en-madrid-federica-co\/"},"wordCount":322,"publisher":{"@id":"https:\/\/www.proinca.es\/madridfansblog\/#organization"},"image":{"@id":"https:\/\/www.proinca.es\/madridfansblog\/un-lugar-unico-en-madrid-federica-co\/#primaryimage"},"thumbnailUrl":"https:\/\/www.proinca.es\/madridfansblog\/wp-content\/uploads\/2012\/07\/federica-and-co.jpg","keywords":["Madrid","Ocio","Shopping"],"articleSection":["VIVIR MADRID"],"inLanguage":"es"},{"@type":"WebPage","@id":"https:\/\/www.proinca.es\/madridfansblog\/un-lugar-unico-en-madrid-federica-co\/","url":"https:\/\/www.proinca.es\/madridfansblog\/un-lugar-unico-en-madrid-federica-co\/","name":"De Shopping en Madrid. El estilo vintage de Federica&Co","isPartOf":{"@id":"https:\/\/www.proinca.es\/madridfansblog\/#website"},"primaryImageOfPage":{"@id":"https:\/\/www.proinca.es\/madridfansblog\/un-lugar-unico-en-madrid-federica-co\/#primaryimage"},"image":{"@id":"https:\/\/www.proinca.es\/madridfansblog\/un-lugar-unico-en-madrid-federica-co\/#primaryimage"},"thumbnailUrl":"https:\/\/www.proinca.es\/madridfansblog\/wp-content\/uploads\/2012\/07\/federica-and-co.jpg","datePublished":"2012-07-10T08:29:54+00:00","dateModified":"2025-05-28T11:37:54+00:00","description":"Una propuesta \u00fanica para ir de shopping en Madrid: Federica & Co se ha convertido en un lugar de referencia de la capital para los amantes de las compras.","inLanguage":"es","potentialAction":[{"@type":"ReadAction","target":["https:\/\/www.proinca.es\/madridfansblog\/un-lugar-unico-en-madrid-federica-co\/"]}]},{"@type":"ImageObject","inLanguage":"es","@id":"https:\/\/www.proinca.es\/madridfansblog\/un-lugar-unico-en-madrid-federica-co\/#primaryimage","url":"https:\/\/www.proinca.es\/madridfansblog\/wp-content\/uploads\/2012\/07\/federica-and-co.jpg","contentUrl":"https:\/\/www.proinca.es\/madridfansblog\/wp-content\/uploads\/2012\/07\/federica-and-co.jpg","width":1000,"height":667,"caption":"Un lugar \u00fanico en Madrid: Federica & Co."},{"@type":"WebSite","@id":"https:\/\/www.proinca.es\/madridfansblog\/#website","url":"https:\/\/www.proinca.es\/madridfansblog\/","name":"Madrid Fans Blog Proinca","description":"Pisos y apartamentos de alquiler en Madrid","publisher":{"@id":"https:\/\/www.proinca.es\/madridfansblog\/#organization"},"potentialAction":[{"@type":"SearchAction","target":{"@type":"EntryPoint","urlTemplate":"https:\/\/www.proinca.es\/madridfansblog\/?s={search_term_string}"},"query-input":{"@type":"PropertyValueSpecification","valueRequired":true,"valueName":"search_term_string"}}],"inLanguage":"es"},{"@type":"Organization","@id":"https:\/\/www.proinca.es\/madridfansblog\/#organization","name":"Proinca","url":"https:\/\/www.proinca.es\/madridfansblog\/","logo":{"@type":"ImageObject","inLanguage":"es","@id":"https:\/\/www.proinca.es\/madridfansblog\/#\/schema\/logo\/image\/","url":"https:\/\/www.proinca.es\/madridfansblog\/wp-content\/uploads\/2022\/03\/logo-proinca.jpg","contentUrl":"https:\/\/www.proinca.es\/madridfansblog\/wp-content\/uploads\/2022\/03\/logo-proinca.jpg","width":522,"height":250,"caption":"Proinca"},"image":{"@id":"https:\/\/www.proinca.es\/madridfansblog\/#\/schema\/logo\/image\/"}},{"@type":"Person","@id":"https:\/\/www.proinca.es\/madridfansblog\/#\/schema\/person\/8401adc89c0a0f5a3574c43326247f1e","name":"Ana Calero","image":{"@type":"ImageObject","inLanguage":"es","@id":"https:\/\/www.proinca.es\/madridfansblog\/wp-content\/litespeed\/avatar\/ef51b25c0718910f475570320941ef46.jpg?ver=1777379772","url":"https:\/\/www.proinca.es\/madridfansblog\/wp-content\/litespeed\/avatar\/ef51b25c0718910f475570320941ef46.jpg?ver=1777379772","contentUrl":"https:\/\/www.proinca.es\/madridfansblog\/wp-content\/litespeed\/avatar\/ef51b25c0718910f475570320941ef46.jpg?ver=1777379772","caption":"Ana Calero"},"description":"Licenciada en Ciencias Empresariales por la Universidad Aut\u00f3noma de Madrid. Forma parte del equipo de Apartamentos Proinca y es una enamorada de Madrid","sameAs":["https:\/\/www.proinca.es\/madridfansblog\/ana-calero\/"]}]}},"_links":{"self":[{"href":"https:\/\/www.proinca.es\/madridfansblog\/wp-json\/wp\/v2\/posts\/369","targetHints":{"allow":["GET"]}}],"collection":[{"href":"https:\/\/www.proinca.es\/madridfansblog\/wp-json\/wp\/v2\/posts"}],"about":[{"href":"https:\/\/www.proinca.es\/madridfansblog\/wp-json\/wp\/v2\/types\/post"}],"author":[{"embeddable":true,"href":"https:\/\/www.proinca.es\/madridfansblog\/wp-json\/wp\/v2\/users\/4"}],"replies":[{"embeddable":true,"href":"https:\/\/www.proinca.es\/madridfansblog\/wp-json\/wp\/v2\/comments?post=369"}],"version-history":[{"count":23,"href":"https:\/\/www.proinca.es\/madridfansblog\/wp-json\/wp\/v2\/posts\/369\/revisions"}],"predecessor-version":[{"id":7723,"href":"https:\/\/www.proinca.es\/madridfansblog\/wp-json\/wp\/v2\/posts\/369\/revisions\/7723"}],"wp:featuredmedia":[{"embeddable":true,"href":"https:\/\/www.proinca.es\/madridfansblog\/wp-json\/wp\/v2\/media\/6994"}],"wp:attachment":[{"href":"https:\/\/www.proinca.es\/madridfansblog\/wp-json\/wp\/v2\/media?parent=369"}],"wp:term":[{"taxonomy":"category","embeddable":true,"href":"https:\/\/www.proinca.es\/madridfansblog\/wp-json\/wp\/v2\/categories?post=369"},{"taxonomy":"post_tag","embeddable":true,"href":"https:\/\/www.proinca.es\/madridfansblog\/wp-json\/wp\/v2\/tags?post=369"}],"curies":[{"name":"wp","href":"https:\/\/api.w.org\/{rel}","templated":true}]}}