{"id":3759,"date":"2015-05-13T20:06:58","date_gmt":"2015-05-13T18:06:58","guid":{"rendered":"http:\/\/www.proinca.es\/madridfansblog\/?p=3659"},"modified":"2025-05-28T16:02:07","modified_gmt":"2025-05-28T14:02:07","slug":"san-isidro-2015-vive-el-madrid-autentico","status":"publish","type":"post","link":"https:\/\/www.proinca.es\/madridfansblog\/san-isidro-2015-vive-el-madrid-autentico\/","title":{"rendered":"SAN ISIDRO 2015, \u00abVIVE EL MADRID AUT\u00c9NTICO\u00bb"},"content":{"rendered":"<p>Llega una de las fiestas m\u00e1s ca\u00f1i del a\u00f1o, <strong>San Isidro<\/strong>.<!--more--> Un momento \u00fanico para empaparnos de la verdadera tradici\u00f3n y folklore de <strong>Madrid<\/strong> en solo un d\u00eda. Porque si por algo se caracterizan las fiestas patronales en honor a San Isidro Labrador es por las romer\u00edas, las verbenas y esos espect\u00e1culos al m\u00e1s puro estilo madrile\u00f1o que se dan cita en la famosa <b>pradera de <\/b><strong>San Isidro<\/strong> y donde las chulapas y chulapos llevan la voz cantante.<\/p>\n<p>Sin embargo, <strong>San Isidro<\/strong> es mucho m\u00e1s, es m\u00fasica al aire libre, meriendas entre amigos bajo un sol radiante de media tarde, actuaciones callejeras y, sobre todo, muchas ganas de pasarlo bien \u00a1Por algo los <b>madrile\u00f1os<\/b> toman el centro de la ciudad durante esos d\u00edas! Y es que, actualmente, las fiestas se extienden a toda la ciudad de <strong>Madrid<\/strong> entre los d\u00edas 14 y 17 de mayo con diversos espect\u00e1culos. Los puntos clave: Plaza de la Villa, Plaza Mayor, las Vistillas, Madrid R\u00edo y los Jardines del parque del Buen Retiro, donde las actuaciones musicales congregan cada a\u00f1o a miles de personas. <b>Pitingo<\/b>, <b>Ainhoa Arteta<\/b>, <b>Los Toreros Muertos<\/b> o <b>La Orquesta Mondrag\u00f3n<\/b> ser\u00e1n algunos de los compositores y bandas encargados de poner la nota musical a <strong>San Isidro 2015<\/strong>.<\/p>\n<p>Adem\u00e1s, este a\u00f1o es otro m\u00fasico el encargado de dar el pistoletazo de salida a los actos festivos. <b>Ara Malikian<\/b> leer\u00e1 el preg\u00f3n de fiestas el jueves 14 de mayo en plena <b>Plaza de la Villa<\/b>.<\/p>\n<p>Para m\u00e1s informaci\u00f3n sobre la programaci\u00f3n de las fiestas de <strong>San Isidro<\/strong> 2015, entrad en la p\u00e1gina web www.sanisidromadrid.com habilitada por el Ayuntamiento de <strong>Madrid<\/strong>.<\/p>\n<p>Por cierto, un \u00faltimo consejo, si de verdad quer\u00e9is vivir <strong>San Isidro<\/strong> como unos aut\u00e9nticos <b>madrile\u00f1os<\/b>, no pod\u00e9is finalizar la semana sin sentaros con los amigos a merendar en el c\u00e9sped de la pradera, comprar unas Rosquillas del Santo, tomar al menos un vaso de vino o limonada, y asistir a un concierto en alguna de las m\u00edticas plazas de la capital.<\/p>\n<p>\u00a1Felices fiestas!<\/p>\n<p>Informaci\u00f3n patrocinada por\u00a0<strong><a title=\"Proinca apartamentos de alquiler en Madrid\" href=\"http:\/\/www.proinca.es\" target=\"_blank\" rel=\"noopener\">Proinca: Apartamentos de alquiler en Madrid<\/a><\/strong><\/p>\n<p>Fuente imagen: www.esmadrid.com<\/p>\n<p>&nbsp;<\/p>\n\n\n<div class=\"kk-star-ratings kksr-auto kksr-align-left kksr-valign-bottom\"\n    data-payload='{&quot;align&quot;:&quot;left&quot;,&quot;id&quot;:&quot;3759&quot;,&quot;slug&quot;:&quot;default&quot;,&quot;valign&quot;:&quot;bottom&quot;,&quot;ignore&quot;:&quot;&quot;,&quot;reference&quot;:&quot;auto&quot;,&quot;class&quot;:&quot;&quot;,&quot;count&quot;:&quot;0&quot;,&quot;legendonly&quot;:&quot;&quot;,&quot;readonly&quot;:&quot;&quot;,&quot;score&quot;:&quot;0&quot;,&quot;starsonly&quot;:&quot;&quot;,&quot;best&quot;:&quot;5&quot;,&quot;gap&quot;:&quot;1&quot;,&quot;greet&quot;:&quot;Valora este art\u00edculo&quot;,&quot;legend&quot;:&quot;0\\\/5 - (0 votos)&quot;,&quot;size&quot;:&quot;24&quot;,&quot;title&quot;:&quot;SAN ISIDRO 2015, \\u0026quot;VIVE EL MADRID AUT\u00c9NTICO\\u0026quot;&quot;,&quot;width&quot;:&quot;0&quot;,&quot;_legend&quot;:&quot;{score}\\\/{best} - ({count} {votes})&quot;,&quot;font_factor&quot;:&quot;1.25&quot;}'>\n            \n<div class=\"kksr-stars\">\n    \n<div class=\"kksr-stars-inactive\">\n            <div class=\"kksr-star\" data-star=\"1\" style=\"padding-right: 1px\">\n            \n\n<div class=\"kksr-icon\" style=\"width: 24px; height: 24px;\"><\/div>\n        <\/div>\n            <div class=\"kksr-star\" data-star=\"2\" style=\"padding-right: 1px\">\n            \n\n<div class=\"kksr-icon\" style=\"width: 24px; height: 24px;\"><\/div>\n        <\/div>\n            <div class=\"kksr-star\" data-star=\"3\" style=\"padding-right: 1px\">\n            \n\n<div class=\"kksr-icon\" style=\"width: 24px; height: 24px;\"><\/div>\n        <\/div>\n            <div class=\"kksr-star\" data-star=\"4\" style=\"padding-right: 1px\">\n            \n\n<div class=\"kksr-icon\" style=\"width: 24px; height: 24px;\"><\/div>\n        <\/div>\n            <div class=\"kksr-star\" data-star=\"5\" style=\"padding-right: 1px\">\n            \n\n<div class=\"kksr-icon\" style=\"width: 24px; height: 24px;\"><\/div>\n        <\/div>\n    <\/div>\n    \n<div class=\"kksr-stars-active\" style=\"width: 0px;\">\n            <div class=\"kksr-star\" style=\"padding-right: 1px\">\n            \n\n<div class=\"kksr-icon\" style=\"width: 24px; height: 24px;\"><\/div>\n        <\/div>\n            <div class=\"kksr-star\" style=\"padding-right: 1px\">\n            \n\n<div class=\"kksr-icon\" style=\"width: 24px; height: 24px;\"><\/div>\n        <\/div>\n            <div class=\"kksr-star\" style=\"padding-right: 1px\">\n            \n\n<div class=\"kksr-icon\" style=\"width: 24px; height: 24px;\"><\/div>\n        <\/div>\n            <div class=\"kksr-star\" style=\"padding-right: 1px\">\n            \n\n<div class=\"kksr-icon\" style=\"width: 24px; height: 24px;\"><\/div>\n        <\/div>\n            <div class=\"kksr-star\" style=\"padding-right: 1px\">\n            \n\n<div class=\"kksr-icon\" style=\"width: 24px; height: 24px;\"><\/div>\n        <\/div>\n    <\/div>\n<\/div>\n                \n\n<div class=\"kksr-legend\" style=\"font-size: 19.2px;\">\n            <span class=\"kksr-muted\">Valora este art\u00edculo<\/span>\n    <\/div>\n    <\/div>\n","protected":false},"excerpt":{"rendered":"<p>Llega una de las fiestas m\u00e1s ca\u00f1i del a\u00f1o, San  [&#8230;]<\/p>\n","protected":false},"author":4,"featured_media":6429,"comment_status":"closed","ping_status":"closed","sticky":false,"template":"","format":"standard","meta":{"footnotes":""},"categories":[79],"tags":[],"class_list":["post-3759","post","type-post","status-publish","format-standard","has-post-thumbnail","hentry","category-vivir-madrid"],"yoast_head":"<!-- This site is optimized with the Yoast SEO plugin v27.4 - https:\/\/yoast.com\/product\/yoast-seo-wordpress\/ -->\n<title>SAN ISIDRO 2015, &quot;VIVE EL MADRID AUT\u00c9NTICO&quot; - Blog Proinca Madrid<\/title>\n<meta name=\"robots\" content=\"index, follow, max-snippet:-1, max-image-preview:large, max-video-preview:-1\" \/>\n<link rel=\"canonical\" href=\"https:\/\/www.proinca.es\/madridfansblog\/san-isidro-2015-vive-el-madrid-autentico\/\" \/>\n<meta property=\"og:locale\" content=\"es_ES\" \/>\n<meta property=\"og:type\" content=\"article\" \/>\n<meta property=\"og:title\" content=\"SAN ISIDRO 2015, &quot;VIVE EL MADRID AUT\u00c9NTICO&quot; - Blog Proinca Madrid\" \/>\n<meta property=\"og:description\" content=\"Llega una de las fiestas m\u00e1s ca\u00f1i del a\u00f1o, San [...]\" \/>\n<meta property=\"og:url\" content=\"https:\/\/www.proinca.es\/madridfansblog\/san-isidro-2015-vive-el-madrid-autentico\/\" \/>\n<meta property=\"og:site_name\" content=\"Blog Proinca Madrid\" \/>\n<meta property=\"article:published_time\" content=\"2015-05-13T18:06:58+00:00\" \/>\n<meta property=\"article:modified_time\" content=\"2025-05-28T14:02:07+00:00\" \/>\n<meta property=\"og:image\" content=\"https:\/\/www.proinca.es\/madridfansblog\/wp-content\/uploads\/2015\/05\/proinca_madridfansblog_San_Isidro_2015_madrid_1-1.jpg\" \/>\n\t<meta property=\"og:image:width\" content=\"551\" \/>\n\t<meta property=\"og:image:height\" content=\"625\" \/>\n\t<meta property=\"og:image:type\" content=\"image\/jpeg\" \/>\n<meta name=\"author\" content=\"Ana Calero\" \/>\n<script type=\"application\/ld+json\" class=\"yoast-schema-graph\">{\"@context\":\"https:\\\/\\\/schema.org\",\"@graph\":[{\"@type\":\"Article\",\"@id\":\"https:\\\/\\\/www.proinca.es\\\/madridfansblog\\\/san-isidro-2015-vive-el-madrid-autentico\\\/#article\",\"isPartOf\":{\"@id\":\"https:\\\/\\\/www.proinca.es\\\/madridfansblog\\\/san-isidro-2015-vive-el-madrid-autentico\\\/\"},\"author\":{\"name\":\"Ana Calero\",\"@id\":\"https:\\\/\\\/www.proinca.es\\\/madridfansblog\\\/#\\\/schema\\\/person\\\/8401adc89c0a0f5a3574c43326247f1e\"},\"headline\":\"SAN ISIDRO 2015, \u00abVIVE EL MADRID AUT\u00c9NTICO\u00bb\",\"datePublished\":\"2015-05-13T18:06:58+00:00\",\"dateModified\":\"2025-05-28T14:02:07+00:00\",\"mainEntityOfPage\":{\"@id\":\"https:\\\/\\\/www.proinca.es\\\/madridfansblog\\\/san-isidro-2015-vive-el-madrid-autentico\\\/\"},\"wordCount\":385,\"publisher\":{\"@id\":\"https:\\\/\\\/www.proinca.es\\\/madridfansblog\\\/#organization\"},\"image\":{\"@id\":\"https:\\\/\\\/www.proinca.es\\\/madridfansblog\\\/san-isidro-2015-vive-el-madrid-autentico\\\/#primaryimage\"},\"thumbnailUrl\":\"https:\\\/\\\/www.proinca.es\\\/madridfansblog\\\/wp-content\\\/uploads\\\/2015\\\/05\\\/proinca_madridfansblog_San_Isidro_2015_madrid_1-1.jpg\",\"articleSection\":[\"VIVIR MADRID\"],\"inLanguage\":\"es\"},{\"@type\":\"WebPage\",\"@id\":\"https:\\\/\\\/www.proinca.es\\\/madridfansblog\\\/san-isidro-2015-vive-el-madrid-autentico\\\/\",\"url\":\"https:\\\/\\\/www.proinca.es\\\/madridfansblog\\\/san-isidro-2015-vive-el-madrid-autentico\\\/\",\"name\":\"SAN ISIDRO 2015, \\\"VIVE EL MADRID AUT\u00c9NTICO\\\" - Blog Proinca Madrid\",\"isPartOf\":{\"@id\":\"https:\\\/\\\/www.proinca.es\\\/madridfansblog\\\/#website\"},\"primaryImageOfPage\":{\"@id\":\"https:\\\/\\\/www.proinca.es\\\/madridfansblog\\\/san-isidro-2015-vive-el-madrid-autentico\\\/#primaryimage\"},\"image\":{\"@id\":\"https:\\\/\\\/www.proinca.es\\\/madridfansblog\\\/san-isidro-2015-vive-el-madrid-autentico\\\/#primaryimage\"},\"thumbnailUrl\":\"https:\\\/\\\/www.proinca.es\\\/madridfansblog\\\/wp-content\\\/uploads\\\/2015\\\/05\\\/proinca_madridfansblog_San_Isidro_2015_madrid_1-1.jpg\",\"datePublished\":\"2015-05-13T18:06:58+00:00\",\"dateModified\":\"2025-05-28T14:02:07+00:00\",\"inLanguage\":\"es\",\"potentialAction\":[{\"@type\":\"ReadAction\",\"target\":[\"https:\\\/\\\/www.proinca.es\\\/madridfansblog\\\/san-isidro-2015-vive-el-madrid-autentico\\\/\"]}]},{\"@type\":\"ImageObject\",\"inLanguage\":\"es\",\"@id\":\"https:\\\/\\\/www.proinca.es\\\/madridfansblog\\\/san-isidro-2015-vive-el-madrid-autentico\\\/#primaryimage\",\"url\":\"https:\\\/\\\/www.proinca.es\\\/madridfansblog\\\/wp-content\\\/uploads\\\/2015\\\/05\\\/proinca_madridfansblog_San_Isidro_2015_madrid_1-1.jpg\",\"contentUrl\":\"https:\\\/\\\/www.proinca.es\\\/madridfansblog\\\/wp-content\\\/uploads\\\/2015\\\/05\\\/proinca_madridfansblog_San_Isidro_2015_madrid_1-1.jpg\",\"width\":551,\"height\":625,\"caption\":\"Cartel fiestas de San Isidro 2015\"},{\"@type\":\"WebSite\",\"@id\":\"https:\\\/\\\/www.proinca.es\\\/madridfansblog\\\/#website\",\"url\":\"https:\\\/\\\/www.proinca.es\\\/madridfansblog\\\/\",\"name\":\"Madrid Fans Blog Proinca\",\"description\":\"Pisos y apartamentos de alquiler en Madrid\",\"publisher\":{\"@id\":\"https:\\\/\\\/www.proinca.es\\\/madridfansblog\\\/#organization\"},\"potentialAction\":[{\"@type\":\"SearchAction\",\"target\":{\"@type\":\"EntryPoint\",\"urlTemplate\":\"https:\\\/\\\/www.proinca.es\\\/madridfansblog\\\/?s={search_term_string}\"},\"query-input\":{\"@type\":\"PropertyValueSpecification\",\"valueRequired\":true,\"valueName\":\"search_term_string\"}}],\"inLanguage\":\"es\"},{\"@type\":\"Organization\",\"@id\":\"https:\\\/\\\/www.proinca.es\\\/madridfansblog\\\/#organization\",\"name\":\"Proinca\",\"url\":\"https:\\\/\\\/www.proinca.es\\\/madridfansblog\\\/\",\"logo\":{\"@type\":\"ImageObject\",\"inLanguage\":\"es\",\"@id\":\"https:\\\/\\\/www.proinca.es\\\/madridfansblog\\\/#\\\/schema\\\/logo\\\/image\\\/\",\"url\":\"https:\\\/\\\/www.proinca.es\\\/madridfansblog\\\/wp-content\\\/uploads\\\/2022\\\/03\\\/logo-proinca.jpg\",\"contentUrl\":\"https:\\\/\\\/www.proinca.es\\\/madridfansblog\\\/wp-content\\\/uploads\\\/2022\\\/03\\\/logo-proinca.jpg\",\"width\":522,\"height\":250,\"caption\":\"Proinca\"},\"image\":{\"@id\":\"https:\\\/\\\/www.proinca.es\\\/madridfansblog\\\/#\\\/schema\\\/logo\\\/image\\\/\"}},{\"@type\":\"Person\",\"@id\":\"https:\\\/\\\/www.proinca.es\\\/madridfansblog\\\/#\\\/schema\\\/person\\\/8401adc89c0a0f5a3574c43326247f1e\",\"name\":\"Ana Calero\",\"image\":{\"@type\":\"ImageObject\",\"inLanguage\":\"es\",\"@id\":\"https:\\\/\\\/www.proinca.es\\\/madridfansblog\\\/wp-content\\\/litespeed\\\/avatar\\\/ef51b25c0718910f475570320941ef46.jpg?ver=1777379772\",\"url\":\"https:\\\/\\\/www.proinca.es\\\/madridfansblog\\\/wp-content\\\/litespeed\\\/avatar\\\/ef51b25c0718910f475570320941ef46.jpg?ver=1777379772\",\"contentUrl\":\"https:\\\/\\\/www.proinca.es\\\/madridfansblog\\\/wp-content\\\/litespeed\\\/avatar\\\/ef51b25c0718910f475570320941ef46.jpg?ver=1777379772\",\"caption\":\"Ana Calero\"},\"description\":\"Licenciada en Ciencias Empresariales por la Universidad Aut\u00f3noma de Madrid. Forma parte del equipo de Apartamentos Proinca y es una enamorada de Madrid\",\"sameAs\":[\"https:\\\/\\\/www.proinca.es\\\/madridfansblog\\\/ana-calero\\\/\"]}]}<\/script>\n<!-- \/ Yoast SEO plugin. -->","yoast_head_json":{"title":"SAN ISIDRO 2015, \"VIVE EL MADRID AUT\u00c9NTICO\" - Blog Proinca Madrid","robots":{"index":"index","follow":"follow","max-snippet":"max-snippet:-1","max-image-preview":"max-image-preview:large","max-video-preview":"max-video-preview:-1"},"canonical":"https:\/\/www.proinca.es\/madridfansblog\/san-isidro-2015-vive-el-madrid-autentico\/","og_locale":"es_ES","og_type":"article","og_title":"SAN ISIDRO 2015, \"VIVE EL MADRID AUT\u00c9NTICO\" - Blog Proinca Madrid","og_description":"Llega una de las fiestas m\u00e1s ca\u00f1i del a\u00f1o, San [...]","og_url":"https:\/\/www.proinca.es\/madridfansblog\/san-isidro-2015-vive-el-madrid-autentico\/","og_site_name":"Blog Proinca Madrid","article_published_time":"2015-05-13T18:06:58+00:00","article_modified_time":"2025-05-28T14:02:07+00:00","og_image":[{"width":551,"height":625,"url":"https:\/\/www.proinca.es\/madridfansblog\/wp-content\/uploads\/2015\/05\/proinca_madridfansblog_San_Isidro_2015_madrid_1-1.jpg","type":"image\/jpeg"}],"author":"Ana Calero","schema":{"@context":"https:\/\/schema.org","@graph":[{"@type":"Article","@id":"https:\/\/www.proinca.es\/madridfansblog\/san-isidro-2015-vive-el-madrid-autentico\/#article","isPartOf":{"@id":"https:\/\/www.proinca.es\/madridfansblog\/san-isidro-2015-vive-el-madrid-autentico\/"},"author":{"name":"Ana Calero","@id":"https:\/\/www.proinca.es\/madridfansblog\/#\/schema\/person\/8401adc89c0a0f5a3574c43326247f1e"},"headline":"SAN ISIDRO 2015, \u00abVIVE EL MADRID AUT\u00c9NTICO\u00bb","datePublished":"2015-05-13T18:06:58+00:00","dateModified":"2025-05-28T14:02:07+00:00","mainEntityOfPage":{"@id":"https:\/\/www.proinca.es\/madridfansblog\/san-isidro-2015-vive-el-madrid-autentico\/"},"wordCount":385,"publisher":{"@id":"https:\/\/www.proinca.es\/madridfansblog\/#organization"},"image":{"@id":"https:\/\/www.proinca.es\/madridfansblog\/san-isidro-2015-vive-el-madrid-autentico\/#primaryimage"},"thumbnailUrl":"https:\/\/www.proinca.es\/madridfansblog\/wp-content\/uploads\/2015\/05\/proinca_madridfansblog_San_Isidro_2015_madrid_1-1.jpg","articleSection":["VIVIR MADRID"],"inLanguage":"es"},{"@type":"WebPage","@id":"https:\/\/www.proinca.es\/madridfansblog\/san-isidro-2015-vive-el-madrid-autentico\/","url":"https:\/\/www.proinca.es\/madridfansblog\/san-isidro-2015-vive-el-madrid-autentico\/","name":"SAN ISIDRO 2015, \"VIVE EL MADRID AUT\u00c9NTICO\" - Blog Proinca Madrid","isPartOf":{"@id":"https:\/\/www.proinca.es\/madridfansblog\/#website"},"primaryImageOfPage":{"@id":"https:\/\/www.proinca.es\/madridfansblog\/san-isidro-2015-vive-el-madrid-autentico\/#primaryimage"},"image":{"@id":"https:\/\/www.proinca.es\/madridfansblog\/san-isidro-2015-vive-el-madrid-autentico\/#primaryimage"},"thumbnailUrl":"https:\/\/www.proinca.es\/madridfansblog\/wp-content\/uploads\/2015\/05\/proinca_madridfansblog_San_Isidro_2015_madrid_1-1.jpg","datePublished":"2015-05-13T18:06:58+00:00","dateModified":"2025-05-28T14:02:07+00:00","inLanguage":"es","potentialAction":[{"@type":"ReadAction","target":["https:\/\/www.proinca.es\/madridfansblog\/san-isidro-2015-vive-el-madrid-autentico\/"]}]},{"@type":"ImageObject","inLanguage":"es","@id":"https:\/\/www.proinca.es\/madridfansblog\/san-isidro-2015-vive-el-madrid-autentico\/#primaryimage","url":"https:\/\/www.proinca.es\/madridfansblog\/wp-content\/uploads\/2015\/05\/proinca_madridfansblog_San_Isidro_2015_madrid_1-1.jpg","contentUrl":"https:\/\/www.proinca.es\/madridfansblog\/wp-content\/uploads\/2015\/05\/proinca_madridfansblog_San_Isidro_2015_madrid_1-1.jpg","width":551,"height":625,"caption":"Cartel fiestas de San Isidro 2015"},{"@type":"WebSite","@id":"https:\/\/www.proinca.es\/madridfansblog\/#website","url":"https:\/\/www.proinca.es\/madridfansblog\/","name":"Madrid Fans Blog Proinca","description":"Pisos y apartamentos de alquiler en Madrid","publisher":{"@id":"https:\/\/www.proinca.es\/madridfansblog\/#organization"},"potentialAction":[{"@type":"SearchAction","target":{"@type":"EntryPoint","urlTemplate":"https:\/\/www.proinca.es\/madridfansblog\/?s={search_term_string}"},"query-input":{"@type":"PropertyValueSpecification","valueRequired":true,"valueName":"search_term_string"}}],"inLanguage":"es"},{"@type":"Organization","@id":"https:\/\/www.proinca.es\/madridfansblog\/#organization","name":"Proinca","url":"https:\/\/www.proinca.es\/madridfansblog\/","logo":{"@type":"ImageObject","inLanguage":"es","@id":"https:\/\/www.proinca.es\/madridfansblog\/#\/schema\/logo\/image\/","url":"https:\/\/www.proinca.es\/madridfansblog\/wp-content\/uploads\/2022\/03\/logo-proinca.jpg","contentUrl":"https:\/\/www.proinca.es\/madridfansblog\/wp-content\/uploads\/2022\/03\/logo-proinca.jpg","width":522,"height":250,"caption":"Proinca"},"image":{"@id":"https:\/\/www.proinca.es\/madridfansblog\/#\/schema\/logo\/image\/"}},{"@type":"Person","@id":"https:\/\/www.proinca.es\/madridfansblog\/#\/schema\/person\/8401adc89c0a0f5a3574c43326247f1e","name":"Ana Calero","image":{"@type":"ImageObject","inLanguage":"es","@id":"https:\/\/www.proinca.es\/madridfansblog\/wp-content\/litespeed\/avatar\/ef51b25c0718910f475570320941ef46.jpg?ver=1777379772","url":"https:\/\/www.proinca.es\/madridfansblog\/wp-content\/litespeed\/avatar\/ef51b25c0718910f475570320941ef46.jpg?ver=1777379772","contentUrl":"https:\/\/www.proinca.es\/madridfansblog\/wp-content\/litespeed\/avatar\/ef51b25c0718910f475570320941ef46.jpg?ver=1777379772","caption":"Ana Calero"},"description":"Licenciada en Ciencias Empresariales por la Universidad Aut\u00f3noma de Madrid. Forma parte del equipo de Apartamentos Proinca y es una enamorada de Madrid","sameAs":["https:\/\/www.proinca.es\/madridfansblog\/ana-calero\/"]}]}},"_links":{"self":[{"href":"https:\/\/www.proinca.es\/madridfansblog\/wp-json\/wp\/v2\/posts\/3759","targetHints":{"allow":["GET"]}}],"collection":[{"href":"https:\/\/www.proinca.es\/madridfansblog\/wp-json\/wp\/v2\/posts"}],"about":[{"href":"https:\/\/www.proinca.es\/madridfansblog\/wp-json\/wp\/v2\/types\/post"}],"author":[{"embeddable":true,"href":"https:\/\/www.proinca.es\/madridfansblog\/wp-json\/wp\/v2\/users\/4"}],"replies":[{"embeddable":true,"href":"https:\/\/www.proinca.es\/madridfansblog\/wp-json\/wp\/v2\/comments?post=3759"}],"version-history":[{"count":6,"href":"https:\/\/www.proinca.es\/madridfansblog\/wp-json\/wp\/v2\/posts\/3759\/revisions"}],"predecessor-version":[{"id":7623,"href":"https:\/\/www.proinca.es\/madridfansblog\/wp-json\/wp\/v2\/posts\/3759\/revisions\/7623"}],"wp:featuredmedia":[{"embeddable":true,"href":"https:\/\/www.proinca.es\/madridfansblog\/wp-json\/wp\/v2\/media\/6429"}],"wp:attachment":[{"href":"https:\/\/www.proinca.es\/madridfansblog\/wp-json\/wp\/v2\/media?parent=3759"}],"wp:term":[{"taxonomy":"category","embeddable":true,"href":"https:\/\/www.proinca.es\/madridfansblog\/wp-json\/wp\/v2\/categories?post=3759"},{"taxonomy":"post_tag","embeddable":true,"href":"https:\/\/www.proinca.es\/madridfansblog\/wp-json\/wp\/v2\/tags?post=3759"}],"curies":[{"name":"wp","href":"https:\/\/api.w.org\/{rel}","templated":true}]}}