{"id":3838,"date":"2015-06-16T19:15:25","date_gmt":"2015-06-16T17:15:25","guid":{"rendered":"http:\/\/www.proinca.es\/madridfansblog\/?p=3838"},"modified":"2025-05-28T16:01:48","modified_gmt":"2025-05-28T14:01:48","slug":"mercado-de-san-fernando-en-madrid-mas-que-abastos","status":"publish","type":"post","link":"https:\/\/www.proinca.es\/madridfansblog\/mercado-de-san-fernando-en-madrid-mas-que-abastos\/","title":{"rendered":"MERCADO DE SAN FERNANDO EN MADRID: M\u00c1S QUE ABASTOS"},"content":{"rendered":"<p>Hoy queremos hablaros de uno de los <strong>mercados<\/strong> de abastos m\u00e1s peculiares de <strong>Madrid<\/strong>. Se trata del<span style=\"color: #000000;\"> <a style=\"color: #000000;\" href=\"http:\/\/mercadodesanfernando.es\" target=\"_blank\" rel=\"noopener\"><span style=\"color: #000000;\"><strong>mercado de San Fernando<\/strong><\/span>,<\/a><\/span> <!--more-->en el 41 de la calle de Embajadores, un recinto con m\u00e1s de 50 puestos y todo un ejemplo de integraci\u00f3n vecinal.<\/p>\n<p>Los <strong>mercados<\/strong> de barrio son uno de los puntos fuertes de la ciudad de<strong> Madrid<\/strong>. El atractivo de estos edificios singulares, donde comparten espacio desde comerciantes de productos tradicionales a j\u00f3venes empresarios con innovadoras apuestas gastron\u00f3micas, ha convertido en todo un fen\u00f3meno la red de <strong>mercados<\/strong> madrile\u00f1os, que atrae a\u00f1o tras a\u00f1o a un mayor n\u00famero de consumidores, turistas y curiosos.<\/p>\n<p>Sin embargo, si por algo se diferencia el de <strong>San Fernando <\/strong>del resto de <strong>mercados <\/strong>de<strong> Madrid <\/strong>es por su variada y peculiar oferta que traspasa los l\u00edmites culinarios para adentrarse en el mundo de la artesan\u00eda, la literatura o la moda textil.<\/p>\n<p>Cuando accedemos al <strong>mercado<\/strong> de la calle Embajadores, encontramos un espacio lleno de luz con una plaza central en la que corretean los ni\u00f1os mientras sus padres se toman una ca\u00f1a con un aperitivo. Los productos frescos y de temporada (hortalizas, legumbres, carnes, pescados, encurtidos&#8230;) se agolpan en los mostradores y se intercalan con propuestas tan suculentas como la de<span style=\"color: #000000;\"> Les \u00c1goras<\/span>, una comercio dedicado al producto artesanal donde podemos adquirir cer\u00e1mica, bolsos, textiles, joyas y jabones artesanos; <span style=\"color: #000000;\"><a style=\"color: #000000;\" href=\"http:\/\/ecoeko.es\/web\/node\/113\" target=\"_blank\" rel=\"noopener\">Ecoeko<\/a><\/span>, cosm\u00e9tica consciente, natural y ecol\u00f3gica; <span style=\"color: #000000;\">More Maniobras Reciclantes<\/span>, artesan\u00eda basada en la reutilizaci\u00f3n, y un largo etc\u00e9tera de peque\u00f1os comercios que nos ofrece desde la confecci\u00f3n a medida de art\u00edculos textiles a los mejores caldos del momento para acompa\u00f1ar una buena cena.<\/p>\n<p>El <strong>mercado<\/strong> cuenta adem\u00e1s con una variada oferta en restauraci\u00f3n, dos librer\u00edas, <span style=\"color: #000000;\">Librer\u00eda del Mercado<\/span> y <span style=\"color: #000000;\">La Casquer\u00eda<\/span>, y un espacio compartido y autogestionado de trabajo, el <span style=\"color: #000000;\">PEC<\/span> (Puesto en Construcci\u00f3n), donde diversos profesionales desarrollan proyectos por la conservaci\u00f3n del medio ambiente y las nuevas pr\u00e1cticas comunicativas.<\/p>\n<p>La historia del <strong>mercado de San Fernando <\/strong>se remonta a 1943, cuando se construy\u00f3 para sustituir el mercado al aire libre que tenia lugar en las inmediaciones, y casi finaliza en 2008, a\u00f1o en el que la implantaci\u00f3n de una gran superficie comercial casi da al traste con el <strong>mercado de abastos<\/strong>. Fue en 2010 cuando los comerciantes de la zona decidieron coger las riendas del edificio y asegurar su futuro creando una asociaci\u00f3n, abriendo sus espacios a los vecinos y compartiendo su gesti\u00f3n en igualdad de condiciones. Sin duda, una historia de \u00e9xito del peque\u00f1o comercio tradicional frente a la gran distribuci\u00f3n.<\/p>\n<p>Recitales de poes\u00eda, <em>swing <\/em>y cursos de elaboraci\u00f3n de cerveza se suceden ahora, entre muchas otras actividades, en este <strong>mercado<\/strong> que se ha convertido en todo un emblema del <strong>Madrid <\/strong>m\u00e1s popular.<\/p>\n<p>Informaci\u00f3n patrocinada por\u00a0<strong><a title=\"Proinca apartamentos de alquiler en Madrid\" href=\"http:\/\/www.proinca.es\" target=\"_blank\" rel=\"noopener\">Proinca: Apartamentos de alquiler en Madrid<\/a><\/strong><\/p>\n<p>Fuente im\u00e1genes: laestacioncentral.es\/revolucion-cultural-en-los-mercados-de-madrid\/<\/p>\n<p>&nbsp;<\/p>\n\n\n<div class=\"kk-star-ratings kksr-auto kksr-align-left kksr-valign-bottom\"\n    data-payload='{&quot;align&quot;:&quot;left&quot;,&quot;id&quot;:&quot;3838&quot;,&quot;slug&quot;:&quot;default&quot;,&quot;valign&quot;:&quot;bottom&quot;,&quot;ignore&quot;:&quot;&quot;,&quot;reference&quot;:&quot;auto&quot;,&quot;class&quot;:&quot;&quot;,&quot;count&quot;:&quot;0&quot;,&quot;legendonly&quot;:&quot;&quot;,&quot;readonly&quot;:&quot;&quot;,&quot;score&quot;:&quot;0&quot;,&quot;starsonly&quot;:&quot;&quot;,&quot;best&quot;:&quot;5&quot;,&quot;gap&quot;:&quot;1&quot;,&quot;greet&quot;:&quot;Valora este art\u00edculo&quot;,&quot;legend&quot;:&quot;0\\\/5 - (0 votos)&quot;,&quot;size&quot;:&quot;24&quot;,&quot;title&quot;:&quot;MERCADO DE SAN FERNANDO EN MADRID: M\u00c1S QUE ABASTOS&quot;,&quot;width&quot;:&quot;0&quot;,&quot;_legend&quot;:&quot;{score}\\\/{best} - ({count} {votes})&quot;,&quot;font_factor&quot;:&quot;1.25&quot;}'>\n            \n<div class=\"kksr-stars\">\n    \n<div class=\"kksr-stars-inactive\">\n            <div class=\"kksr-star\" data-star=\"1\" style=\"padding-right: 1px\">\n            \n\n<div class=\"kksr-icon\" style=\"width: 24px; height: 24px;\"><\/div>\n        <\/div>\n            <div class=\"kksr-star\" data-star=\"2\" style=\"padding-right: 1px\">\n            \n\n<div class=\"kksr-icon\" style=\"width: 24px; height: 24px;\"><\/div>\n        <\/div>\n            <div class=\"kksr-star\" data-star=\"3\" style=\"padding-right: 1px\">\n            \n\n<div class=\"kksr-icon\" style=\"width: 24px; height: 24px;\"><\/div>\n        <\/div>\n            <div class=\"kksr-star\" data-star=\"4\" style=\"padding-right: 1px\">\n            \n\n<div class=\"kksr-icon\" style=\"width: 24px; height: 24px;\"><\/div>\n        <\/div>\n            <div class=\"kksr-star\" data-star=\"5\" style=\"padding-right: 1px\">\n            \n\n<div class=\"kksr-icon\" style=\"width: 24px; height: 24px;\"><\/div>\n        <\/div>\n    <\/div>\n    \n<div class=\"kksr-stars-active\" style=\"width: 0px;\">\n            <div class=\"kksr-star\" style=\"padding-right: 1px\">\n            \n\n<div class=\"kksr-icon\" style=\"width: 24px; height: 24px;\"><\/div>\n        <\/div>\n            <div class=\"kksr-star\" style=\"padding-right: 1px\">\n            \n\n<div class=\"kksr-icon\" style=\"width: 24px; height: 24px;\"><\/div>\n        <\/div>\n            <div class=\"kksr-star\" style=\"padding-right: 1px\">\n            \n\n<div class=\"kksr-icon\" style=\"width: 24px; height: 24px;\"><\/div>\n        <\/div>\n            <div class=\"kksr-star\" style=\"padding-right: 1px\">\n            \n\n<div class=\"kksr-icon\" style=\"width: 24px; height: 24px;\"><\/div>\n        <\/div>\n            <div class=\"kksr-star\" style=\"padding-right: 1px\">\n            \n\n<div class=\"kksr-icon\" style=\"width: 24px; height: 24px;\"><\/div>\n        <\/div>\n    <\/div>\n<\/div>\n                \n\n<div class=\"kksr-legend\" style=\"font-size: 19.2px;\">\n            <span class=\"kksr-muted\">Valora este art\u00edculo<\/span>\n    <\/div>\n    <\/div>\n","protected":false},"excerpt":{"rendered":"<p>Hoy queremos hablaros de uno de los mercados de abastos  [&#8230;]<\/p>\n","protected":false},"author":4,"featured_media":3846,"comment_status":"closed","ping_status":"closed","sticky":false,"template":"","format":"standard","meta":{"footnotes":""},"categories":[79],"tags":[36,38,30,72,64],"class_list":["post-3838","post","type-post","status-publish","format-standard","has-post-thumbnail","hentry","category-vivir-madrid","tag-afterwork","tag-arquitectura","tag-gastronomia","tag-handmade","tag-libros"],"yoast_head":"<!-- This site is optimized with the Yoast SEO plugin v27.4 - https:\/\/yoast.com\/product\/yoast-seo-wordpress\/ -->\n<title>Mercado de San Fernando en Madrid<\/title>\n<meta name=\"description\" content=\"Mercado de San Fernando, su peculiar oferta traspasa los l\u00edmites de lo culinario.Por Madrid Fans blog patrocinado por Proinca apartamentos de alquiler en Madrid\" \/>\n<meta name=\"robots\" content=\"index, follow, max-snippet:-1, max-image-preview:large, max-video-preview:-1\" \/>\n<link rel=\"canonical\" href=\"https:\/\/www.proinca.es\/madridfansblog\/mercado-de-san-fernando-en-madrid-mas-que-abastos\/\" \/>\n<meta property=\"og:locale\" content=\"es_ES\" \/>\n<meta property=\"og:type\" content=\"article\" \/>\n<meta property=\"og:title\" content=\"Mercado de San Fernando en Madrid\" \/>\n<meta property=\"og:description\" content=\"Mercado de San Fernando, su peculiar oferta traspasa los l\u00edmites de lo culinario.Por Madrid Fans blog patrocinado por Proinca apartamentos de alquiler en Madrid\" \/>\n<meta property=\"og:url\" content=\"https:\/\/www.proinca.es\/madridfansblog\/mercado-de-san-fernando-en-madrid-mas-que-abastos\/\" \/>\n<meta property=\"og:site_name\" content=\"Blog Proinca Madrid\" \/>\n<meta property=\"article:published_time\" content=\"2015-06-16T17:15:25+00:00\" \/>\n<meta property=\"article:modified_time\" content=\"2025-05-28T14:01:48+00:00\" \/>\n<meta property=\"og:image\" content=\"https:\/\/www.proinca.es\/madridfansblog\/wp-content\/uploads\/2015\/06\/proinca_madridfansblog_mercado_de_san_fernando_madrid_mercados_de_abastos_1.jpg\" \/>\n\t<meta property=\"og:image:width\" content=\"426\" \/>\n\t<meta property=\"og:image:height\" content=\"425\" \/>\n\t<meta property=\"og:image:type\" content=\"image\/jpeg\" \/>\n<meta name=\"author\" content=\"Ana Calero\" \/>\n<script type=\"application\/ld+json\" class=\"yoast-schema-graph\">{\"@context\":\"https:\\\/\\\/schema.org\",\"@graph\":[{\"@type\":\"Article\",\"@id\":\"https:\\\/\\\/www.proinca.es\\\/madridfansblog\\\/mercado-de-san-fernando-en-madrid-mas-que-abastos\\\/#article\",\"isPartOf\":{\"@id\":\"https:\\\/\\\/www.proinca.es\\\/madridfansblog\\\/mercado-de-san-fernando-en-madrid-mas-que-abastos\\\/\"},\"author\":{\"name\":\"Ana Calero\",\"@id\":\"https:\\\/\\\/www.proinca.es\\\/madridfansblog\\\/#\\\/schema\\\/person\\\/8401adc89c0a0f5a3574c43326247f1e\"},\"headline\":\"MERCADO DE SAN FERNANDO EN MADRID: M\u00c1S QUE ABASTOS\",\"datePublished\":\"2015-06-16T17:15:25+00:00\",\"dateModified\":\"2025-05-28T14:01:48+00:00\",\"mainEntityOfPage\":{\"@id\":\"https:\\\/\\\/www.proinca.es\\\/madridfansblog\\\/mercado-de-san-fernando-en-madrid-mas-que-abastos\\\/\"},\"wordCount\":513,\"publisher\":{\"@id\":\"https:\\\/\\\/www.proinca.es\\\/madridfansblog\\\/#organization\"},\"image\":{\"@id\":\"https:\\\/\\\/www.proinca.es\\\/madridfansblog\\\/mercado-de-san-fernando-en-madrid-mas-que-abastos\\\/#primaryimage\"},\"thumbnailUrl\":\"https:\\\/\\\/www.proinca.es\\\/madridfansblog\\\/wp-content\\\/uploads\\\/2015\\\/06\\\/proinca_madridfansblog_mercado_de_san_fernando_madrid_mercados_de_abastos_1.jpg\",\"keywords\":[\"Afterwork\",\"Arquitectura\",\"Gastronom\u00eda\",\"Handmade\",\"Libros\"],\"articleSection\":[\"VIVIR MADRID\"],\"inLanguage\":\"es\"},{\"@type\":\"WebPage\",\"@id\":\"https:\\\/\\\/www.proinca.es\\\/madridfansblog\\\/mercado-de-san-fernando-en-madrid-mas-que-abastos\\\/\",\"url\":\"https:\\\/\\\/www.proinca.es\\\/madridfansblog\\\/mercado-de-san-fernando-en-madrid-mas-que-abastos\\\/\",\"name\":\"Mercado de San Fernando en Madrid\",\"isPartOf\":{\"@id\":\"https:\\\/\\\/www.proinca.es\\\/madridfansblog\\\/#website\"},\"primaryImageOfPage\":{\"@id\":\"https:\\\/\\\/www.proinca.es\\\/madridfansblog\\\/mercado-de-san-fernando-en-madrid-mas-que-abastos\\\/#primaryimage\"},\"image\":{\"@id\":\"https:\\\/\\\/www.proinca.es\\\/madridfansblog\\\/mercado-de-san-fernando-en-madrid-mas-que-abastos\\\/#primaryimage\"},\"thumbnailUrl\":\"https:\\\/\\\/www.proinca.es\\\/madridfansblog\\\/wp-content\\\/uploads\\\/2015\\\/06\\\/proinca_madridfansblog_mercado_de_san_fernando_madrid_mercados_de_abastos_1.jpg\",\"datePublished\":\"2015-06-16T17:15:25+00:00\",\"dateModified\":\"2025-05-28T14:01:48+00:00\",\"description\":\"Mercado de San Fernando, su peculiar oferta traspasa los l\u00edmites de lo culinario.Por Madrid Fans blog patrocinado por Proinca apartamentos de alquiler en Madrid\",\"inLanguage\":\"es\",\"potentialAction\":[{\"@type\":\"ReadAction\",\"target\":[\"https:\\\/\\\/www.proinca.es\\\/madridfansblog\\\/mercado-de-san-fernando-en-madrid-mas-que-abastos\\\/\"]}]},{\"@type\":\"ImageObject\",\"inLanguage\":\"es\",\"@id\":\"https:\\\/\\\/www.proinca.es\\\/madridfansblog\\\/mercado-de-san-fernando-en-madrid-mas-que-abastos\\\/#primaryimage\",\"url\":\"https:\\\/\\\/www.proinca.es\\\/madridfansblog\\\/wp-content\\\/uploads\\\/2015\\\/06\\\/proinca_madridfansblog_mercado_de_san_fernando_madrid_mercados_de_abastos_1.jpg\",\"contentUrl\":\"https:\\\/\\\/www.proinca.es\\\/madridfansblog\\\/wp-content\\\/uploads\\\/2015\\\/06\\\/proinca_madridfansblog_mercado_de_san_fernando_madrid_mercados_de_abastos_1.jpg\",\"width\":426,\"height\":425,\"caption\":\"proinca madridfansblog mercado de san fernado madrid mercados de abastos\"},{\"@type\":\"WebSite\",\"@id\":\"https:\\\/\\\/www.proinca.es\\\/madridfansblog\\\/#website\",\"url\":\"https:\\\/\\\/www.proinca.es\\\/madridfansblog\\\/\",\"name\":\"Madrid Fans Blog Proinca\",\"description\":\"Pisos y apartamentos de alquiler en Madrid\",\"publisher\":{\"@id\":\"https:\\\/\\\/www.proinca.es\\\/madridfansblog\\\/#organization\"},\"potentialAction\":[{\"@type\":\"SearchAction\",\"target\":{\"@type\":\"EntryPoint\",\"urlTemplate\":\"https:\\\/\\\/www.proinca.es\\\/madridfansblog\\\/?s={search_term_string}\"},\"query-input\":{\"@type\":\"PropertyValueSpecification\",\"valueRequired\":true,\"valueName\":\"search_term_string\"}}],\"inLanguage\":\"es\"},{\"@type\":\"Organization\",\"@id\":\"https:\\\/\\\/www.proinca.es\\\/madridfansblog\\\/#organization\",\"name\":\"Proinca\",\"url\":\"https:\\\/\\\/www.proinca.es\\\/madridfansblog\\\/\",\"logo\":{\"@type\":\"ImageObject\",\"inLanguage\":\"es\",\"@id\":\"https:\\\/\\\/www.proinca.es\\\/madridfansblog\\\/#\\\/schema\\\/logo\\\/image\\\/\",\"url\":\"https:\\\/\\\/www.proinca.es\\\/madridfansblog\\\/wp-content\\\/uploads\\\/2022\\\/03\\\/logo-proinca.jpg\",\"contentUrl\":\"https:\\\/\\\/www.proinca.es\\\/madridfansblog\\\/wp-content\\\/uploads\\\/2022\\\/03\\\/logo-proinca.jpg\",\"width\":522,\"height\":250,\"caption\":\"Proinca\"},\"image\":{\"@id\":\"https:\\\/\\\/www.proinca.es\\\/madridfansblog\\\/#\\\/schema\\\/logo\\\/image\\\/\"}},{\"@type\":\"Person\",\"@id\":\"https:\\\/\\\/www.proinca.es\\\/madridfansblog\\\/#\\\/schema\\\/person\\\/8401adc89c0a0f5a3574c43326247f1e\",\"name\":\"Ana Calero\",\"image\":{\"@type\":\"ImageObject\",\"inLanguage\":\"es\",\"@id\":\"https:\\\/\\\/www.proinca.es\\\/madridfansblog\\\/wp-content\\\/litespeed\\\/avatar\\\/ef51b25c0718910f475570320941ef46.jpg?ver=1777379772\",\"url\":\"https:\\\/\\\/www.proinca.es\\\/madridfansblog\\\/wp-content\\\/litespeed\\\/avatar\\\/ef51b25c0718910f475570320941ef46.jpg?ver=1777379772\",\"contentUrl\":\"https:\\\/\\\/www.proinca.es\\\/madridfansblog\\\/wp-content\\\/litespeed\\\/avatar\\\/ef51b25c0718910f475570320941ef46.jpg?ver=1777379772\",\"caption\":\"Ana Calero\"},\"description\":\"Licenciada en Ciencias Empresariales por la Universidad Aut\u00f3noma de Madrid. Forma parte del equipo de Apartamentos Proinca y es una enamorada de Madrid\",\"sameAs\":[\"https:\\\/\\\/www.proinca.es\\\/madridfansblog\\\/ana-calero\\\/\"]}]}<\/script>\n<!-- \/ Yoast SEO plugin. -->","yoast_head_json":{"title":"Mercado de San Fernando en Madrid","description":"Mercado de San Fernando, su peculiar oferta traspasa los l\u00edmites de lo culinario.Por Madrid Fans blog patrocinado por Proinca apartamentos de alquiler en Madrid","robots":{"index":"index","follow":"follow","max-snippet":"max-snippet:-1","max-image-preview":"max-image-preview:large","max-video-preview":"max-video-preview:-1"},"canonical":"https:\/\/www.proinca.es\/madridfansblog\/mercado-de-san-fernando-en-madrid-mas-que-abastos\/","og_locale":"es_ES","og_type":"article","og_title":"Mercado de San Fernando en Madrid","og_description":"Mercado de San Fernando, su peculiar oferta traspasa los l\u00edmites de lo culinario.Por Madrid Fans blog patrocinado por Proinca apartamentos de alquiler en Madrid","og_url":"https:\/\/www.proinca.es\/madridfansblog\/mercado-de-san-fernando-en-madrid-mas-que-abastos\/","og_site_name":"Blog Proinca Madrid","article_published_time":"2015-06-16T17:15:25+00:00","article_modified_time":"2025-05-28T14:01:48+00:00","og_image":[{"width":426,"height":425,"url":"https:\/\/www.proinca.es\/madridfansblog\/wp-content\/uploads\/2015\/06\/proinca_madridfansblog_mercado_de_san_fernando_madrid_mercados_de_abastos_1.jpg","type":"image\/jpeg"}],"author":"Ana Calero","schema":{"@context":"https:\/\/schema.org","@graph":[{"@type":"Article","@id":"https:\/\/www.proinca.es\/madridfansblog\/mercado-de-san-fernando-en-madrid-mas-que-abastos\/#article","isPartOf":{"@id":"https:\/\/www.proinca.es\/madridfansblog\/mercado-de-san-fernando-en-madrid-mas-que-abastos\/"},"author":{"name":"Ana Calero","@id":"https:\/\/www.proinca.es\/madridfansblog\/#\/schema\/person\/8401adc89c0a0f5a3574c43326247f1e"},"headline":"MERCADO DE SAN FERNANDO EN MADRID: M\u00c1S QUE ABASTOS","datePublished":"2015-06-16T17:15:25+00:00","dateModified":"2025-05-28T14:01:48+00:00","mainEntityOfPage":{"@id":"https:\/\/www.proinca.es\/madridfansblog\/mercado-de-san-fernando-en-madrid-mas-que-abastos\/"},"wordCount":513,"publisher":{"@id":"https:\/\/www.proinca.es\/madridfansblog\/#organization"},"image":{"@id":"https:\/\/www.proinca.es\/madridfansblog\/mercado-de-san-fernando-en-madrid-mas-que-abastos\/#primaryimage"},"thumbnailUrl":"https:\/\/www.proinca.es\/madridfansblog\/wp-content\/uploads\/2015\/06\/proinca_madridfansblog_mercado_de_san_fernando_madrid_mercados_de_abastos_1.jpg","keywords":["Afterwork","Arquitectura","Gastronom\u00eda","Handmade","Libros"],"articleSection":["VIVIR MADRID"],"inLanguage":"es"},{"@type":"WebPage","@id":"https:\/\/www.proinca.es\/madridfansblog\/mercado-de-san-fernando-en-madrid-mas-que-abastos\/","url":"https:\/\/www.proinca.es\/madridfansblog\/mercado-de-san-fernando-en-madrid-mas-que-abastos\/","name":"Mercado de San Fernando en Madrid","isPartOf":{"@id":"https:\/\/www.proinca.es\/madridfansblog\/#website"},"primaryImageOfPage":{"@id":"https:\/\/www.proinca.es\/madridfansblog\/mercado-de-san-fernando-en-madrid-mas-que-abastos\/#primaryimage"},"image":{"@id":"https:\/\/www.proinca.es\/madridfansblog\/mercado-de-san-fernando-en-madrid-mas-que-abastos\/#primaryimage"},"thumbnailUrl":"https:\/\/www.proinca.es\/madridfansblog\/wp-content\/uploads\/2015\/06\/proinca_madridfansblog_mercado_de_san_fernando_madrid_mercados_de_abastos_1.jpg","datePublished":"2015-06-16T17:15:25+00:00","dateModified":"2025-05-28T14:01:48+00:00","description":"Mercado de San Fernando, su peculiar oferta traspasa los l\u00edmites de lo culinario.Por Madrid Fans blog patrocinado por Proinca apartamentos de alquiler en Madrid","inLanguage":"es","potentialAction":[{"@type":"ReadAction","target":["https:\/\/www.proinca.es\/madridfansblog\/mercado-de-san-fernando-en-madrid-mas-que-abastos\/"]}]},{"@type":"ImageObject","inLanguage":"es","@id":"https:\/\/www.proinca.es\/madridfansblog\/mercado-de-san-fernando-en-madrid-mas-que-abastos\/#primaryimage","url":"https:\/\/www.proinca.es\/madridfansblog\/wp-content\/uploads\/2015\/06\/proinca_madridfansblog_mercado_de_san_fernando_madrid_mercados_de_abastos_1.jpg","contentUrl":"https:\/\/www.proinca.es\/madridfansblog\/wp-content\/uploads\/2015\/06\/proinca_madridfansblog_mercado_de_san_fernando_madrid_mercados_de_abastos_1.jpg","width":426,"height":425,"caption":"proinca madridfansblog mercado de san fernado madrid mercados de abastos"},{"@type":"WebSite","@id":"https:\/\/www.proinca.es\/madridfansblog\/#website","url":"https:\/\/www.proinca.es\/madridfansblog\/","name":"Madrid Fans Blog Proinca","description":"Pisos y apartamentos de alquiler en Madrid","publisher":{"@id":"https:\/\/www.proinca.es\/madridfansblog\/#organization"},"potentialAction":[{"@type":"SearchAction","target":{"@type":"EntryPoint","urlTemplate":"https:\/\/www.proinca.es\/madridfansblog\/?s={search_term_string}"},"query-input":{"@type":"PropertyValueSpecification","valueRequired":true,"valueName":"search_term_string"}}],"inLanguage":"es"},{"@type":"Organization","@id":"https:\/\/www.proinca.es\/madridfansblog\/#organization","name":"Proinca","url":"https:\/\/www.proinca.es\/madridfansblog\/","logo":{"@type":"ImageObject","inLanguage":"es","@id":"https:\/\/www.proinca.es\/madridfansblog\/#\/schema\/logo\/image\/","url":"https:\/\/www.proinca.es\/madridfansblog\/wp-content\/uploads\/2022\/03\/logo-proinca.jpg","contentUrl":"https:\/\/www.proinca.es\/madridfansblog\/wp-content\/uploads\/2022\/03\/logo-proinca.jpg","width":522,"height":250,"caption":"Proinca"},"image":{"@id":"https:\/\/www.proinca.es\/madridfansblog\/#\/schema\/logo\/image\/"}},{"@type":"Person","@id":"https:\/\/www.proinca.es\/madridfansblog\/#\/schema\/person\/8401adc89c0a0f5a3574c43326247f1e","name":"Ana Calero","image":{"@type":"ImageObject","inLanguage":"es","@id":"https:\/\/www.proinca.es\/madridfansblog\/wp-content\/litespeed\/avatar\/ef51b25c0718910f475570320941ef46.jpg?ver=1777379772","url":"https:\/\/www.proinca.es\/madridfansblog\/wp-content\/litespeed\/avatar\/ef51b25c0718910f475570320941ef46.jpg?ver=1777379772","contentUrl":"https:\/\/www.proinca.es\/madridfansblog\/wp-content\/litespeed\/avatar\/ef51b25c0718910f475570320941ef46.jpg?ver=1777379772","caption":"Ana Calero"},"description":"Licenciada en Ciencias Empresariales por la Universidad Aut\u00f3noma de Madrid. Forma parte del equipo de Apartamentos Proinca y es una enamorada de Madrid","sameAs":["https:\/\/www.proinca.es\/madridfansblog\/ana-calero\/"]}]}},"_links":{"self":[{"href":"https:\/\/www.proinca.es\/madridfansblog\/wp-json\/wp\/v2\/posts\/3838","targetHints":{"allow":["GET"]}}],"collection":[{"href":"https:\/\/www.proinca.es\/madridfansblog\/wp-json\/wp\/v2\/posts"}],"about":[{"href":"https:\/\/www.proinca.es\/madridfansblog\/wp-json\/wp\/v2\/types\/post"}],"author":[{"embeddable":true,"href":"https:\/\/www.proinca.es\/madridfansblog\/wp-json\/wp\/v2\/users\/4"}],"replies":[{"embeddable":true,"href":"https:\/\/www.proinca.es\/madridfansblog\/wp-json\/wp\/v2\/comments?post=3838"}],"version-history":[{"count":21,"href":"https:\/\/www.proinca.es\/madridfansblog\/wp-json\/wp\/v2\/posts\/3838\/revisions"}],"predecessor-version":[{"id":7621,"href":"https:\/\/www.proinca.es\/madridfansblog\/wp-json\/wp\/v2\/posts\/3838\/revisions\/7621"}],"wp:featuredmedia":[{"embeddable":true,"href":"https:\/\/www.proinca.es\/madridfansblog\/wp-json\/wp\/v2\/media\/3846"}],"wp:attachment":[{"href":"https:\/\/www.proinca.es\/madridfansblog\/wp-json\/wp\/v2\/media?parent=3838"}],"wp:term":[{"taxonomy":"category","embeddable":true,"href":"https:\/\/www.proinca.es\/madridfansblog\/wp-json\/wp\/v2\/categories?post=3838"},{"taxonomy":"post_tag","embeddable":true,"href":"https:\/\/www.proinca.es\/madridfansblog\/wp-json\/wp\/v2\/tags?post=3838"}],"curies":[{"name":"wp","href":"https:\/\/api.w.org\/{rel}","templated":true}]}}