{"id":3863,"date":"2015-06-19T17:03:58","date_gmt":"2015-06-19T15:03:58","guid":{"rendered":"http:\/\/www.proinca.es\/madridfansblog\/?p=3863"},"modified":"2025-05-28T16:01:39","modified_gmt":"2025-05-28T14:01:39","slug":"madrid-beer-week-locos-por-la-cerveza","status":"publish","type":"post","link":"https:\/\/www.proinca.es\/madridfansblog\/madrid-beer-week-locos-por-la-cerveza\/","title":{"rendered":"MADRID BEER WEEK, LOCOS POR LA CERVEZA"},"content":{"rendered":"<p>Ha llegado a <strong>Madrid<\/strong> la gran semana de los cerveceros.<!--more--> Hasta el pr\u00f3ximo d\u00eda 21, todos los madrile\u00f1os y madrile\u00f1as apasionados de \u201clas rubias\u201d podr\u00e1n pegarse un homenaje en may\u00fasculas de la mano de <strong>Madrid Beer Week<\/strong>, un evento que gira en torno al mundo de las <strong>cervezas<\/strong> con actividades de degustaci\u00f3n de marcas internacionales, catas de <strong>cervezas<\/strong> locales y artesanales, maridaje y formaci\u00f3n de la mano de talleres pr\u00e1cticos con expertos cerveceros.<\/p>\n<p>La segunda edici\u00f3n de esta <strong>Madrid Beer Week<\/strong> ha logrado reunir a m\u00e1s de 80 establecimiento de la capital y de la regi\u00f3n que se han propuesto potenciar el consumo de <strong>cerveza<\/strong> a base de iniciativas diferentes y originales. Aunque tenemos que decir que, en <strong>Madrid<\/strong>, muy poca gente \u201chace ascos\u201d a una ca\u00f1ita bien tirada y bien fresquita cuando comienza el calor.<\/p>\n<p>En este enlace proporcionado por Cerveceraindependiete.com podr\u00e9is encontrar la gu\u00eda oficial del evento con la relaci\u00f3n de locales participantes y todas las actividades que se llevar\u00e1n a cabo durante esta semana.<\/p>\n<p>\u00a1A disfrutar!<\/p>\n<p>&nbsp;<\/p>\n<p>Informaci\u00f3n patrocinada por\u00a0<strong><a title=\"Proinca apartamentos de alquiler en Madrid\" href=\"http:\/\/www.proinca.es\" target=\"_blank\" rel=\"noopener\">Proinca: Apartamentos de alquiler en Madrid<\/a><\/strong><\/p>\n<p>Fuente imagen: cerveceraindependiente.com\/<\/p>\n\n\n<div class=\"kk-star-ratings kksr-auto kksr-align-left kksr-valign-bottom\"\n    data-payload='{&quot;align&quot;:&quot;left&quot;,&quot;id&quot;:&quot;3863&quot;,&quot;slug&quot;:&quot;default&quot;,&quot;valign&quot;:&quot;bottom&quot;,&quot;ignore&quot;:&quot;&quot;,&quot;reference&quot;:&quot;auto&quot;,&quot;class&quot;:&quot;&quot;,&quot;count&quot;:&quot;0&quot;,&quot;legendonly&quot;:&quot;&quot;,&quot;readonly&quot;:&quot;&quot;,&quot;score&quot;:&quot;0&quot;,&quot;starsonly&quot;:&quot;&quot;,&quot;best&quot;:&quot;5&quot;,&quot;gap&quot;:&quot;1&quot;,&quot;greet&quot;:&quot;Valora este art\u00edculo&quot;,&quot;legend&quot;:&quot;0\\\/5 - (0 votos)&quot;,&quot;size&quot;:&quot;24&quot;,&quot;title&quot;:&quot;MADRID BEER WEEK, LOCOS POR LA CERVEZA&quot;,&quot;width&quot;:&quot;0&quot;,&quot;_legend&quot;:&quot;{score}\\\/{best} - ({count} {votes})&quot;,&quot;font_factor&quot;:&quot;1.25&quot;}'>\n            \n<div class=\"kksr-stars\">\n    \n<div class=\"kksr-stars-inactive\">\n            <div class=\"kksr-star\" data-star=\"1\" style=\"padding-right: 1px\">\n            \n\n<div class=\"kksr-icon\" style=\"width: 24px; height: 24px;\"><\/div>\n        <\/div>\n            <div class=\"kksr-star\" data-star=\"2\" style=\"padding-right: 1px\">\n            \n\n<div class=\"kksr-icon\" style=\"width: 24px; height: 24px;\"><\/div>\n        <\/div>\n            <div class=\"kksr-star\" data-star=\"3\" style=\"padding-right: 1px\">\n            \n\n<div class=\"kksr-icon\" style=\"width: 24px; height: 24px;\"><\/div>\n        <\/div>\n            <div class=\"kksr-star\" data-star=\"4\" style=\"padding-right: 1px\">\n            \n\n<div class=\"kksr-icon\" style=\"width: 24px; height: 24px;\"><\/div>\n        <\/div>\n            <div class=\"kksr-star\" data-star=\"5\" style=\"padding-right: 1px\">\n            \n\n<div class=\"kksr-icon\" style=\"width: 24px; height: 24px;\"><\/div>\n        <\/div>\n    <\/div>\n    \n<div class=\"kksr-stars-active\" style=\"width: 0px;\">\n            <div class=\"kksr-star\" style=\"padding-right: 1px\">\n            \n\n<div class=\"kksr-icon\" style=\"width: 24px; height: 24px;\"><\/div>\n        <\/div>\n            <div class=\"kksr-star\" style=\"padding-right: 1px\">\n            \n\n<div class=\"kksr-icon\" style=\"width: 24px; height: 24px;\"><\/div>\n        <\/div>\n            <div class=\"kksr-star\" style=\"padding-right: 1px\">\n            \n\n<div class=\"kksr-icon\" style=\"width: 24px; height: 24px;\"><\/div>\n        <\/div>\n            <div class=\"kksr-star\" style=\"padding-right: 1px\">\n            \n\n<div class=\"kksr-icon\" style=\"width: 24px; height: 24px;\"><\/div>\n        <\/div>\n            <div class=\"kksr-star\" style=\"padding-right: 1px\">\n            \n\n<div class=\"kksr-icon\" style=\"width: 24px; height: 24px;\"><\/div>\n        <\/div>\n    <\/div>\n<\/div>\n                \n\n<div class=\"kksr-legend\" style=\"font-size: 19.2px;\">\n            <span class=\"kksr-muted\">Valora este art\u00edculo<\/span>\n    <\/div>\n    <\/div>\n","protected":false},"excerpt":{"rendered":"<p>Ha llegado a Madrid la gran semana de los cerveceros.<\/p>\n","protected":false},"author":4,"featured_media":3868,"comment_status":"closed","ping_status":"closed","sticky":false,"template":"","format":"standard","meta":{"footnotes":""},"categories":[79],"tags":[36,21,5],"class_list":["post-3863","post","type-post","status-publish","format-standard","has-post-thumbnail","hentry","category-vivir-madrid","tag-afterwork","tag-de-copas","tag-madrid"],"yoast_head":"<!-- This site is optimized with the Yoast SEO plugin v27.4 - https:\/\/yoast.com\/product\/yoast-seo-wordpress\/ -->\n<title>Madrid Beer Week, locos por la cerveza.<\/title>\n<meta name=\"description\" content=\"Ha llegado a Madrid la gran semana de los cerveceros, Madrid Beer Week.Por Madrid Fans blog patrocinado por Proinca\" \/>\n<meta name=\"robots\" content=\"index, follow, max-snippet:-1, max-image-preview:large, max-video-preview:-1\" \/>\n<link rel=\"canonical\" href=\"https:\/\/www.proinca.es\/madridfansblog\/madrid-beer-week-locos-por-la-cerveza\/\" \/>\n<meta property=\"og:locale\" content=\"es_ES\" \/>\n<meta property=\"og:type\" content=\"article\" \/>\n<meta property=\"og:title\" content=\"Madrid Beer Week, locos por la cerveza.\" \/>\n<meta property=\"og:description\" content=\"Ha llegado a Madrid la gran semana de los cerveceros, Madrid Beer Week.Por Madrid Fans blog patrocinado por Proinca\" \/>\n<meta property=\"og:url\" content=\"https:\/\/www.proinca.es\/madridfansblog\/madrid-beer-week-locos-por-la-cerveza\/\" \/>\n<meta property=\"og:site_name\" content=\"Blog Proinca Madrid\" \/>\n<meta property=\"article:published_time\" content=\"2015-06-19T15:03:58+00:00\" \/>\n<meta property=\"article:modified_time\" content=\"2025-05-28T14:01:39+00:00\" \/>\n<meta property=\"og:image\" content=\"https:\/\/www.proinca.es\/madridfansblog\/wp-content\/uploads\/2015\/06\/proinca_madridfansblog_beer_week_madrid_cerveza_1.jpg\" \/>\n\t<meta property=\"og:image:width\" content=\"800\" \/>\n\t<meta property=\"og:image:height\" content=\"338\" \/>\n\t<meta property=\"og:image:type\" content=\"image\/jpeg\" \/>\n<meta name=\"author\" content=\"Ana Calero\" \/>\n<script type=\"application\/ld+json\" class=\"yoast-schema-graph\">{\"@context\":\"https:\\\/\\\/schema.org\",\"@graph\":[{\"@type\":\"Article\",\"@id\":\"https:\\\/\\\/www.proinca.es\\\/madridfansblog\\\/madrid-beer-week-locos-por-la-cerveza\\\/#article\",\"isPartOf\":{\"@id\":\"https:\\\/\\\/www.proinca.es\\\/madridfansblog\\\/madrid-beer-week-locos-por-la-cerveza\\\/\"},\"author\":{\"name\":\"Ana Calero\",\"@id\":\"https:\\\/\\\/www.proinca.es\\\/madridfansblog\\\/#\\\/schema\\\/person\\\/8401adc89c0a0f5a3574c43326247f1e\"},\"headline\":\"MADRID BEER WEEK, LOCOS POR LA CERVEZA\",\"datePublished\":\"2015-06-19T15:03:58+00:00\",\"dateModified\":\"2025-05-28T14:01:39+00:00\",\"mainEntityOfPage\":{\"@id\":\"https:\\\/\\\/www.proinca.es\\\/madridfansblog\\\/madrid-beer-week-locos-por-la-cerveza\\\/\"},\"wordCount\":207,\"publisher\":{\"@id\":\"https:\\\/\\\/www.proinca.es\\\/madridfansblog\\\/#organization\"},\"image\":{\"@id\":\"https:\\\/\\\/www.proinca.es\\\/madridfansblog\\\/madrid-beer-week-locos-por-la-cerveza\\\/#primaryimage\"},\"thumbnailUrl\":\"https:\\\/\\\/www.proinca.es\\\/madridfansblog\\\/wp-content\\\/uploads\\\/2015\\\/06\\\/proinca_madridfansblog_beer_week_madrid_cerveza_1.jpg\",\"keywords\":[\"Afterwork\",\"De copas\",\"Madrid\"],\"articleSection\":[\"VIVIR MADRID\"],\"inLanguage\":\"es\"},{\"@type\":\"WebPage\",\"@id\":\"https:\\\/\\\/www.proinca.es\\\/madridfansblog\\\/madrid-beer-week-locos-por-la-cerveza\\\/\",\"url\":\"https:\\\/\\\/www.proinca.es\\\/madridfansblog\\\/madrid-beer-week-locos-por-la-cerveza\\\/\",\"name\":\"Madrid Beer Week, locos por la cerveza.\",\"isPartOf\":{\"@id\":\"https:\\\/\\\/www.proinca.es\\\/madridfansblog\\\/#website\"},\"primaryImageOfPage\":{\"@id\":\"https:\\\/\\\/www.proinca.es\\\/madridfansblog\\\/madrid-beer-week-locos-por-la-cerveza\\\/#primaryimage\"},\"image\":{\"@id\":\"https:\\\/\\\/www.proinca.es\\\/madridfansblog\\\/madrid-beer-week-locos-por-la-cerveza\\\/#primaryimage\"},\"thumbnailUrl\":\"https:\\\/\\\/www.proinca.es\\\/madridfansblog\\\/wp-content\\\/uploads\\\/2015\\\/06\\\/proinca_madridfansblog_beer_week_madrid_cerveza_1.jpg\",\"datePublished\":\"2015-06-19T15:03:58+00:00\",\"dateModified\":\"2025-05-28T14:01:39+00:00\",\"description\":\"Ha llegado a Madrid la gran semana de los cerveceros, Madrid Beer Week.Por Madrid Fans blog patrocinado por Proinca\",\"inLanguage\":\"es\",\"potentialAction\":[{\"@type\":\"ReadAction\",\"target\":[\"https:\\\/\\\/www.proinca.es\\\/madridfansblog\\\/madrid-beer-week-locos-por-la-cerveza\\\/\"]}]},{\"@type\":\"ImageObject\",\"inLanguage\":\"es\",\"@id\":\"https:\\\/\\\/www.proinca.es\\\/madridfansblog\\\/madrid-beer-week-locos-por-la-cerveza\\\/#primaryimage\",\"url\":\"https:\\\/\\\/www.proinca.es\\\/madridfansblog\\\/wp-content\\\/uploads\\\/2015\\\/06\\\/proinca_madridfansblog_beer_week_madrid_cerveza_1.jpg\",\"contentUrl\":\"https:\\\/\\\/www.proinca.es\\\/madridfansblog\\\/wp-content\\\/uploads\\\/2015\\\/06\\\/proinca_madridfansblog_beer_week_madrid_cerveza_1.jpg\",\"width\":800,\"height\":338,\"caption\":\"proinca madridfansblog berr week madrid cerveza\"},{\"@type\":\"WebSite\",\"@id\":\"https:\\\/\\\/www.proinca.es\\\/madridfansblog\\\/#website\",\"url\":\"https:\\\/\\\/www.proinca.es\\\/madridfansblog\\\/\",\"name\":\"Madrid Fans Blog Proinca\",\"description\":\"Pisos y apartamentos de alquiler en Madrid\",\"publisher\":{\"@id\":\"https:\\\/\\\/www.proinca.es\\\/madridfansblog\\\/#organization\"},\"potentialAction\":[{\"@type\":\"SearchAction\",\"target\":{\"@type\":\"EntryPoint\",\"urlTemplate\":\"https:\\\/\\\/www.proinca.es\\\/madridfansblog\\\/?s={search_term_string}\"},\"query-input\":{\"@type\":\"PropertyValueSpecification\",\"valueRequired\":true,\"valueName\":\"search_term_string\"}}],\"inLanguage\":\"es\"},{\"@type\":\"Organization\",\"@id\":\"https:\\\/\\\/www.proinca.es\\\/madridfansblog\\\/#organization\",\"name\":\"Proinca\",\"url\":\"https:\\\/\\\/www.proinca.es\\\/madridfansblog\\\/\",\"logo\":{\"@type\":\"ImageObject\",\"inLanguage\":\"es\",\"@id\":\"https:\\\/\\\/www.proinca.es\\\/madridfansblog\\\/#\\\/schema\\\/logo\\\/image\\\/\",\"url\":\"https:\\\/\\\/www.proinca.es\\\/madridfansblog\\\/wp-content\\\/uploads\\\/2022\\\/03\\\/logo-proinca.jpg\",\"contentUrl\":\"https:\\\/\\\/www.proinca.es\\\/madridfansblog\\\/wp-content\\\/uploads\\\/2022\\\/03\\\/logo-proinca.jpg\",\"width\":522,\"height\":250,\"caption\":\"Proinca\"},\"image\":{\"@id\":\"https:\\\/\\\/www.proinca.es\\\/madridfansblog\\\/#\\\/schema\\\/logo\\\/image\\\/\"}},{\"@type\":\"Person\",\"@id\":\"https:\\\/\\\/www.proinca.es\\\/madridfansblog\\\/#\\\/schema\\\/person\\\/8401adc89c0a0f5a3574c43326247f1e\",\"name\":\"Ana Calero\",\"image\":{\"@type\":\"ImageObject\",\"inLanguage\":\"es\",\"@id\":\"https:\\\/\\\/www.proinca.es\\\/madridfansblog\\\/wp-content\\\/litespeed\\\/avatar\\\/ef51b25c0718910f475570320941ef46.jpg?ver=1777379772\",\"url\":\"https:\\\/\\\/www.proinca.es\\\/madridfansblog\\\/wp-content\\\/litespeed\\\/avatar\\\/ef51b25c0718910f475570320941ef46.jpg?ver=1777379772\",\"contentUrl\":\"https:\\\/\\\/www.proinca.es\\\/madridfansblog\\\/wp-content\\\/litespeed\\\/avatar\\\/ef51b25c0718910f475570320941ef46.jpg?ver=1777379772\",\"caption\":\"Ana Calero\"},\"description\":\"Licenciada en Ciencias Empresariales por la Universidad Aut\u00f3noma de Madrid. Forma parte del equipo de Apartamentos Proinca y es una enamorada de Madrid\",\"sameAs\":[\"https:\\\/\\\/www.proinca.es\\\/madridfansblog\\\/ana-calero\\\/\"]}]}<\/script>\n<!-- \/ Yoast SEO plugin. -->","yoast_head_json":{"title":"Madrid Beer Week, locos por la cerveza.","description":"Ha llegado a Madrid la gran semana de los cerveceros, Madrid Beer Week.Por Madrid Fans blog patrocinado por Proinca","robots":{"index":"index","follow":"follow","max-snippet":"max-snippet:-1","max-image-preview":"max-image-preview:large","max-video-preview":"max-video-preview:-1"},"canonical":"https:\/\/www.proinca.es\/madridfansblog\/madrid-beer-week-locos-por-la-cerveza\/","og_locale":"es_ES","og_type":"article","og_title":"Madrid Beer Week, locos por la cerveza.","og_description":"Ha llegado a Madrid la gran semana de los cerveceros, Madrid Beer Week.Por Madrid Fans blog patrocinado por Proinca","og_url":"https:\/\/www.proinca.es\/madridfansblog\/madrid-beer-week-locos-por-la-cerveza\/","og_site_name":"Blog Proinca Madrid","article_published_time":"2015-06-19T15:03:58+00:00","article_modified_time":"2025-05-28T14:01:39+00:00","og_image":[{"width":800,"height":338,"url":"https:\/\/www.proinca.es\/madridfansblog\/wp-content\/uploads\/2015\/06\/proinca_madridfansblog_beer_week_madrid_cerveza_1.jpg","type":"image\/jpeg"}],"author":"Ana Calero","schema":{"@context":"https:\/\/schema.org","@graph":[{"@type":"Article","@id":"https:\/\/www.proinca.es\/madridfansblog\/madrid-beer-week-locos-por-la-cerveza\/#article","isPartOf":{"@id":"https:\/\/www.proinca.es\/madridfansblog\/madrid-beer-week-locos-por-la-cerveza\/"},"author":{"name":"Ana Calero","@id":"https:\/\/www.proinca.es\/madridfansblog\/#\/schema\/person\/8401adc89c0a0f5a3574c43326247f1e"},"headline":"MADRID BEER WEEK, LOCOS POR LA CERVEZA","datePublished":"2015-06-19T15:03:58+00:00","dateModified":"2025-05-28T14:01:39+00:00","mainEntityOfPage":{"@id":"https:\/\/www.proinca.es\/madridfansblog\/madrid-beer-week-locos-por-la-cerveza\/"},"wordCount":207,"publisher":{"@id":"https:\/\/www.proinca.es\/madridfansblog\/#organization"},"image":{"@id":"https:\/\/www.proinca.es\/madridfansblog\/madrid-beer-week-locos-por-la-cerveza\/#primaryimage"},"thumbnailUrl":"https:\/\/www.proinca.es\/madridfansblog\/wp-content\/uploads\/2015\/06\/proinca_madridfansblog_beer_week_madrid_cerveza_1.jpg","keywords":["Afterwork","De copas","Madrid"],"articleSection":["VIVIR MADRID"],"inLanguage":"es"},{"@type":"WebPage","@id":"https:\/\/www.proinca.es\/madridfansblog\/madrid-beer-week-locos-por-la-cerveza\/","url":"https:\/\/www.proinca.es\/madridfansblog\/madrid-beer-week-locos-por-la-cerveza\/","name":"Madrid Beer Week, locos por la cerveza.","isPartOf":{"@id":"https:\/\/www.proinca.es\/madridfansblog\/#website"},"primaryImageOfPage":{"@id":"https:\/\/www.proinca.es\/madridfansblog\/madrid-beer-week-locos-por-la-cerveza\/#primaryimage"},"image":{"@id":"https:\/\/www.proinca.es\/madridfansblog\/madrid-beer-week-locos-por-la-cerveza\/#primaryimage"},"thumbnailUrl":"https:\/\/www.proinca.es\/madridfansblog\/wp-content\/uploads\/2015\/06\/proinca_madridfansblog_beer_week_madrid_cerveza_1.jpg","datePublished":"2015-06-19T15:03:58+00:00","dateModified":"2025-05-28T14:01:39+00:00","description":"Ha llegado a Madrid la gran semana de los cerveceros, Madrid Beer Week.Por Madrid Fans blog patrocinado por Proinca","inLanguage":"es","potentialAction":[{"@type":"ReadAction","target":["https:\/\/www.proinca.es\/madridfansblog\/madrid-beer-week-locos-por-la-cerveza\/"]}]},{"@type":"ImageObject","inLanguage":"es","@id":"https:\/\/www.proinca.es\/madridfansblog\/madrid-beer-week-locos-por-la-cerveza\/#primaryimage","url":"https:\/\/www.proinca.es\/madridfansblog\/wp-content\/uploads\/2015\/06\/proinca_madridfansblog_beer_week_madrid_cerveza_1.jpg","contentUrl":"https:\/\/www.proinca.es\/madridfansblog\/wp-content\/uploads\/2015\/06\/proinca_madridfansblog_beer_week_madrid_cerveza_1.jpg","width":800,"height":338,"caption":"proinca madridfansblog berr week madrid cerveza"},{"@type":"WebSite","@id":"https:\/\/www.proinca.es\/madridfansblog\/#website","url":"https:\/\/www.proinca.es\/madridfansblog\/","name":"Madrid Fans Blog Proinca","description":"Pisos y apartamentos de alquiler en Madrid","publisher":{"@id":"https:\/\/www.proinca.es\/madridfansblog\/#organization"},"potentialAction":[{"@type":"SearchAction","target":{"@type":"EntryPoint","urlTemplate":"https:\/\/www.proinca.es\/madridfansblog\/?s={search_term_string}"},"query-input":{"@type":"PropertyValueSpecification","valueRequired":true,"valueName":"search_term_string"}}],"inLanguage":"es"},{"@type":"Organization","@id":"https:\/\/www.proinca.es\/madridfansblog\/#organization","name":"Proinca","url":"https:\/\/www.proinca.es\/madridfansblog\/","logo":{"@type":"ImageObject","inLanguage":"es","@id":"https:\/\/www.proinca.es\/madridfansblog\/#\/schema\/logo\/image\/","url":"https:\/\/www.proinca.es\/madridfansblog\/wp-content\/uploads\/2022\/03\/logo-proinca.jpg","contentUrl":"https:\/\/www.proinca.es\/madridfansblog\/wp-content\/uploads\/2022\/03\/logo-proinca.jpg","width":522,"height":250,"caption":"Proinca"},"image":{"@id":"https:\/\/www.proinca.es\/madridfansblog\/#\/schema\/logo\/image\/"}},{"@type":"Person","@id":"https:\/\/www.proinca.es\/madridfansblog\/#\/schema\/person\/8401adc89c0a0f5a3574c43326247f1e","name":"Ana Calero","image":{"@type":"ImageObject","inLanguage":"es","@id":"https:\/\/www.proinca.es\/madridfansblog\/wp-content\/litespeed\/avatar\/ef51b25c0718910f475570320941ef46.jpg?ver=1777379772","url":"https:\/\/www.proinca.es\/madridfansblog\/wp-content\/litespeed\/avatar\/ef51b25c0718910f475570320941ef46.jpg?ver=1777379772","contentUrl":"https:\/\/www.proinca.es\/madridfansblog\/wp-content\/litespeed\/avatar\/ef51b25c0718910f475570320941ef46.jpg?ver=1777379772","caption":"Ana Calero"},"description":"Licenciada en Ciencias Empresariales por la Universidad Aut\u00f3noma de Madrid. Forma parte del equipo de Apartamentos Proinca y es una enamorada de Madrid","sameAs":["https:\/\/www.proinca.es\/madridfansblog\/ana-calero\/"]}]}},"_links":{"self":[{"href":"https:\/\/www.proinca.es\/madridfansblog\/wp-json\/wp\/v2\/posts\/3863","targetHints":{"allow":["GET"]}}],"collection":[{"href":"https:\/\/www.proinca.es\/madridfansblog\/wp-json\/wp\/v2\/posts"}],"about":[{"href":"https:\/\/www.proinca.es\/madridfansblog\/wp-json\/wp\/v2\/types\/post"}],"author":[{"embeddable":true,"href":"https:\/\/www.proinca.es\/madridfansblog\/wp-json\/wp\/v2\/users\/4"}],"replies":[{"embeddable":true,"href":"https:\/\/www.proinca.es\/madridfansblog\/wp-json\/wp\/v2\/comments?post=3863"}],"version-history":[{"count":15,"href":"https:\/\/www.proinca.es\/madridfansblog\/wp-json\/wp\/v2\/posts\/3863\/revisions"}],"predecessor-version":[{"id":7620,"href":"https:\/\/www.proinca.es\/madridfansblog\/wp-json\/wp\/v2\/posts\/3863\/revisions\/7620"}],"wp:featuredmedia":[{"embeddable":true,"href":"https:\/\/www.proinca.es\/madridfansblog\/wp-json\/wp\/v2\/media\/3868"}],"wp:attachment":[{"href":"https:\/\/www.proinca.es\/madridfansblog\/wp-json\/wp\/v2\/media?parent=3863"}],"wp:term":[{"taxonomy":"category","embeddable":true,"href":"https:\/\/www.proinca.es\/madridfansblog\/wp-json\/wp\/v2\/categories?post=3863"},{"taxonomy":"post_tag","embeddable":true,"href":"https:\/\/www.proinca.es\/madridfansblog\/wp-json\/wp\/v2\/tags?post=3863"}],"curies":[{"name":"wp","href":"https:\/\/api.w.org\/{rel}","templated":true}]}}