{"id":3878,"date":"2015-06-26T12:35:18","date_gmt":"2015-06-26T10:35:18","guid":{"rendered":"http:\/\/www.proinca.es\/madridfansblog\/?p=3878"},"modified":"2025-05-28T15:59:31","modified_gmt":"2025-05-28T13:59:31","slug":"photoespana-2015-lo-mejor-de-la-fotografia-latinoamericana-en-madrid","status":"publish","type":"post","link":"https:\/\/www.proinca.es\/madridfansblog\/photoespana-2015-lo-mejor-de-la-fotografia-latinoamericana-en-madrid\/","title":{"rendered":"PHOTOESPA\u00d1A 2015. LO MEJOR DE LA FOTOGRAF\u00cdA LATINOAMERICANA EN MADRID"},"content":{"rendered":"<p>El Festival Internacional de Fotograf\u00eda y Artes Visuales, <strong>PhotoEspa\u00f1a<\/strong>, celebra en <strong>Madrid<\/strong> su decimoctava convocatoria poniendo el acento sobre la fotograf\u00eda latinoamericana.<!--more--> Una oportunidad \u00fanica de ver en nuestra ciudad lo mejor del panorama visual de pa\u00edses como Cuba, M\u00e9jico, Ecuador o Brasil.<\/p>\n<p>Las cifras, desde luego, invitan a no perderse la muestra, si es que os gusta la fotograf\u00eda: 24 exposiciones tan solo en la secci\u00f3n oficial en <strong>Madrid<\/strong>, 76 si a\u00f1adimos las sedes invitadas y las muestras del Festival OFF, en el que participan las mejores galer\u00edas independientes de la capital. Casi nada. Y eso que no incluimos las sedes extranjeras que participan con muestras en sus propios pa\u00edses ni la parte de la secci\u00f3n oficial que ha viajado a otras ciudades de Espa\u00f1a.<\/p>\n<p>Entre los presentes en <strong>PhotoEspa\u00f1a<\/strong>, iconos de la fotograf\u00eda contempor\u00e1nea. Artistas de casa, como Chema-Madoz y Enrique Meneses, y del otro lado del oc\u00e9ano, como el cubano Alberto D\u00edaz Guti\u00e9rrez, m\u00e1s conocido como Korda, que alcanz\u00f3 fama internacional por su m\u00edtico retrato del Che Guevara; la mejicana Lola \u00c1lvarez Bravo, figura clave del renacimiento art\u00edstico posrevolucionario de su pa\u00eds, o Tina Modotti, quien plasm\u00f3 sobre el papel la arquitectura y la sociedad de las zonas ind\u00edgenas, y el activismo social mejicano.<\/p>\n<p>Informaci\u00f3n patrocinada por\u00a0<strong><a title=\"Proinca apartamentos de alquiler en Madrid\" href=\"http:\/\/www.proinca.es\" target=\"_blank\" rel=\"noopener\">Proinca: Apartamentos de alquiler en Madrid<\/a><\/strong><\/p>\n<p>Fuente imagen: www.phe.es<\/p>\n\n\n<div class=\"kk-star-ratings kksr-auto kksr-align-left kksr-valign-bottom\"\n    data-payload='{&quot;align&quot;:&quot;left&quot;,&quot;id&quot;:&quot;3878&quot;,&quot;slug&quot;:&quot;default&quot;,&quot;valign&quot;:&quot;bottom&quot;,&quot;ignore&quot;:&quot;&quot;,&quot;reference&quot;:&quot;auto&quot;,&quot;class&quot;:&quot;&quot;,&quot;count&quot;:&quot;0&quot;,&quot;legendonly&quot;:&quot;&quot;,&quot;readonly&quot;:&quot;&quot;,&quot;score&quot;:&quot;0&quot;,&quot;starsonly&quot;:&quot;&quot;,&quot;best&quot;:&quot;5&quot;,&quot;gap&quot;:&quot;1&quot;,&quot;greet&quot;:&quot;Valora este art\u00edculo&quot;,&quot;legend&quot;:&quot;0\\\/5 - (0 votos)&quot;,&quot;size&quot;:&quot;24&quot;,&quot;title&quot;:&quot;PHOTOESPA\u00d1A 2015. LO MEJOR DE LA FOTOGRAF\u00cdA LATINOAMERICANA EN MADRID&quot;,&quot;width&quot;:&quot;0&quot;,&quot;_legend&quot;:&quot;{score}\\\/{best} - ({count} {votes})&quot;,&quot;font_factor&quot;:&quot;1.25&quot;}'>\n            \n<div class=\"kksr-stars\">\n    \n<div class=\"kksr-stars-inactive\">\n            <div class=\"kksr-star\" data-star=\"1\" style=\"padding-right: 1px\">\n            \n\n<div class=\"kksr-icon\" style=\"width: 24px; height: 24px;\"><\/div>\n        <\/div>\n            <div class=\"kksr-star\" data-star=\"2\" style=\"padding-right: 1px\">\n            \n\n<div class=\"kksr-icon\" style=\"width: 24px; height: 24px;\"><\/div>\n        <\/div>\n            <div class=\"kksr-star\" data-star=\"3\" style=\"padding-right: 1px\">\n            \n\n<div class=\"kksr-icon\" style=\"width: 24px; height: 24px;\"><\/div>\n        <\/div>\n            <div class=\"kksr-star\" data-star=\"4\" style=\"padding-right: 1px\">\n            \n\n<div class=\"kksr-icon\" style=\"width: 24px; height: 24px;\"><\/div>\n        <\/div>\n            <div class=\"kksr-star\" data-star=\"5\" style=\"padding-right: 1px\">\n            \n\n<div class=\"kksr-icon\" style=\"width: 24px; height: 24px;\"><\/div>\n        <\/div>\n    <\/div>\n    \n<div class=\"kksr-stars-active\" style=\"width: 0px;\">\n            <div class=\"kksr-star\" style=\"padding-right: 1px\">\n            \n\n<div class=\"kksr-icon\" style=\"width: 24px; height: 24px;\"><\/div>\n        <\/div>\n            <div class=\"kksr-star\" style=\"padding-right: 1px\">\n            \n\n<div class=\"kksr-icon\" style=\"width: 24px; height: 24px;\"><\/div>\n        <\/div>\n            <div class=\"kksr-star\" style=\"padding-right: 1px\">\n            \n\n<div class=\"kksr-icon\" style=\"width: 24px; height: 24px;\"><\/div>\n        <\/div>\n            <div class=\"kksr-star\" style=\"padding-right: 1px\">\n            \n\n<div class=\"kksr-icon\" style=\"width: 24px; height: 24px;\"><\/div>\n        <\/div>\n            <div class=\"kksr-star\" style=\"padding-right: 1px\">\n            \n\n<div class=\"kksr-icon\" style=\"width: 24px; height: 24px;\"><\/div>\n        <\/div>\n    <\/div>\n<\/div>\n                \n\n<div class=\"kksr-legend\" style=\"font-size: 19.2px;\">\n            <span class=\"kksr-muted\">Valora este art\u00edculo<\/span>\n    <\/div>\n    <\/div>\n","protected":false},"excerpt":{"rendered":"<p>El Festival Internacional de Fotograf\u00eda y Artes Visuales, PhotoEspa\u00f1a, celebra  [&#8230;]<\/p>\n","protected":false},"author":4,"featured_media":3882,"comment_status":"closed","ping_status":"closed","sticky":false,"template":"","format":"standard","meta":{"footnotes":""},"categories":[79],"tags":[27,63,24,70,25],"class_list":["post-3878","post","type-post","status-publish","format-standard","has-post-thumbnail","hentry","category-vivir-madrid","tag-arte","tag-cultura","tag-exposiciones","tag-festivales","tag-fotografia"],"yoast_head":"<!-- This site is optimized with the Yoast SEO plugin v27.4 - https:\/\/yoast.com\/product\/yoast-seo-wordpress\/ -->\n<title>PhotoEspa\u00f1a 2015 en Madrid<\/title>\n<meta name=\"description\" content=\"PhotoEspa\u00f1a, celebra en Madrid su decimoctava convocatoria poniendo el acento sobre la fotograf\u00eda latinoamericana.Por Madrid Fans blog patrocinado por Proinca\" \/>\n<meta name=\"robots\" content=\"index, follow, max-snippet:-1, max-image-preview:large, max-video-preview:-1\" \/>\n<link rel=\"canonical\" href=\"https:\/\/www.proinca.es\/madridfansblog\/photoespana-2015-lo-mejor-de-la-fotografia-latinoamericana-en-madrid\/\" \/>\n<meta property=\"og:locale\" content=\"es_ES\" \/>\n<meta property=\"og:type\" content=\"article\" \/>\n<meta property=\"og:title\" content=\"PhotoEspa\u00f1a 2015 en Madrid\" \/>\n<meta property=\"og:description\" content=\"PhotoEspa\u00f1a, celebra en Madrid su decimoctava convocatoria poniendo el acento sobre la fotograf\u00eda latinoamericana.Por Madrid Fans blog patrocinado por Proinca\" \/>\n<meta property=\"og:url\" content=\"https:\/\/www.proinca.es\/madridfansblog\/photoespana-2015-lo-mejor-de-la-fotografia-latinoamericana-en-madrid\/\" \/>\n<meta property=\"og:site_name\" content=\"Blog Proinca Madrid\" \/>\n<meta property=\"article:published_time\" content=\"2015-06-26T10:35:18+00:00\" \/>\n<meta property=\"article:modified_time\" content=\"2025-05-28T13:59:31+00:00\" \/>\n<meta property=\"og:image\" content=\"https:\/\/www.proinca.es\/madridfansblog\/wp-content\/uploads\/2015\/06\/proinca_madridfansblog_photoespa\u00f1a_madrid_1-1.jpg\" \/>\n\t<meta property=\"og:image:width\" content=\"700\" \/>\n\t<meta property=\"og:image:height\" content=\"350\" \/>\n\t<meta property=\"og:image:type\" content=\"image\/jpeg\" \/>\n<meta name=\"author\" content=\"Ana Calero\" \/>\n<script type=\"application\/ld+json\" class=\"yoast-schema-graph\">{\"@context\":\"https:\\\/\\\/schema.org\",\"@graph\":[{\"@type\":\"Article\",\"@id\":\"https:\\\/\\\/www.proinca.es\\\/madridfansblog\\\/photoespana-2015-lo-mejor-de-la-fotografia-latinoamericana-en-madrid\\\/#article\",\"isPartOf\":{\"@id\":\"https:\\\/\\\/www.proinca.es\\\/madridfansblog\\\/photoespana-2015-lo-mejor-de-la-fotografia-latinoamericana-en-madrid\\\/\"},\"author\":{\"name\":\"Ana Calero\",\"@id\":\"https:\\\/\\\/www.proinca.es\\\/madridfansblog\\\/#\\\/schema\\\/person\\\/8401adc89c0a0f5a3574c43326247f1e\"},\"headline\":\"PHOTOESPA\u00d1A 2015. LO MEJOR DE LA FOTOGRAF\u00cdA LATINOAMERICANA EN MADRID\",\"datePublished\":\"2015-06-26T10:35:18+00:00\",\"dateModified\":\"2025-05-28T13:59:31+00:00\",\"mainEntityOfPage\":{\"@id\":\"https:\\\/\\\/www.proinca.es\\\/madridfansblog\\\/photoespana-2015-lo-mejor-de-la-fotografia-latinoamericana-en-madrid\\\/\"},\"wordCount\":254,\"publisher\":{\"@id\":\"https:\\\/\\\/www.proinca.es\\\/madridfansblog\\\/#organization\"},\"image\":{\"@id\":\"https:\\\/\\\/www.proinca.es\\\/madridfansblog\\\/photoespana-2015-lo-mejor-de-la-fotografia-latinoamericana-en-madrid\\\/#primaryimage\"},\"thumbnailUrl\":\"https:\\\/\\\/www.proinca.es\\\/madridfansblog\\\/wp-content\\\/uploads\\\/2015\\\/06\\\/proinca_madridfansblog_photoespa\u00f1a_madrid_1-1.jpg\",\"keywords\":[\"Arte\",\"Cultura\",\"Exposiciones\",\"Festivales\",\"Fotograf\u00eda\"],\"articleSection\":[\"VIVIR MADRID\"],\"inLanguage\":\"es\"},{\"@type\":\"WebPage\",\"@id\":\"https:\\\/\\\/www.proinca.es\\\/madridfansblog\\\/photoespana-2015-lo-mejor-de-la-fotografia-latinoamericana-en-madrid\\\/\",\"url\":\"https:\\\/\\\/www.proinca.es\\\/madridfansblog\\\/photoespana-2015-lo-mejor-de-la-fotografia-latinoamericana-en-madrid\\\/\",\"name\":\"PhotoEspa\u00f1a 2015 en Madrid\",\"isPartOf\":{\"@id\":\"https:\\\/\\\/www.proinca.es\\\/madridfansblog\\\/#website\"},\"primaryImageOfPage\":{\"@id\":\"https:\\\/\\\/www.proinca.es\\\/madridfansblog\\\/photoespana-2015-lo-mejor-de-la-fotografia-latinoamericana-en-madrid\\\/#primaryimage\"},\"image\":{\"@id\":\"https:\\\/\\\/www.proinca.es\\\/madridfansblog\\\/photoespana-2015-lo-mejor-de-la-fotografia-latinoamericana-en-madrid\\\/#primaryimage\"},\"thumbnailUrl\":\"https:\\\/\\\/www.proinca.es\\\/madridfansblog\\\/wp-content\\\/uploads\\\/2015\\\/06\\\/proinca_madridfansblog_photoespa\u00f1a_madrid_1-1.jpg\",\"datePublished\":\"2015-06-26T10:35:18+00:00\",\"dateModified\":\"2025-05-28T13:59:31+00:00\",\"description\":\"PhotoEspa\u00f1a, celebra en Madrid su decimoctava convocatoria poniendo el acento sobre la fotograf\u00eda latinoamericana.Por Madrid Fans blog patrocinado por Proinca\",\"inLanguage\":\"es\",\"potentialAction\":[{\"@type\":\"ReadAction\",\"target\":[\"https:\\\/\\\/www.proinca.es\\\/madridfansblog\\\/photoespana-2015-lo-mejor-de-la-fotografia-latinoamericana-en-madrid\\\/\"]}]},{\"@type\":\"ImageObject\",\"inLanguage\":\"es\",\"@id\":\"https:\\\/\\\/www.proinca.es\\\/madridfansblog\\\/photoespana-2015-lo-mejor-de-la-fotografia-latinoamericana-en-madrid\\\/#primaryimage\",\"url\":\"https:\\\/\\\/www.proinca.es\\\/madridfansblog\\\/wp-content\\\/uploads\\\/2015\\\/06\\\/proinca_madridfansblog_photoespa\u00f1a_madrid_1-1.jpg\",\"contentUrl\":\"https:\\\/\\\/www.proinca.es\\\/madridfansblog\\\/wp-content\\\/uploads\\\/2015\\\/06\\\/proinca_madridfansblog_photoespa\u00f1a_madrid_1-1.jpg\",\"width\":700,\"height\":350,\"caption\":\"proinca madridfansblog photoespa\u00f1a madrid 1\"},{\"@type\":\"WebSite\",\"@id\":\"https:\\\/\\\/www.proinca.es\\\/madridfansblog\\\/#website\",\"url\":\"https:\\\/\\\/www.proinca.es\\\/madridfansblog\\\/\",\"name\":\"Madrid Fans Blog Proinca\",\"description\":\"Pisos y apartamentos de alquiler en Madrid\",\"publisher\":{\"@id\":\"https:\\\/\\\/www.proinca.es\\\/madridfansblog\\\/#organization\"},\"potentialAction\":[{\"@type\":\"SearchAction\",\"target\":{\"@type\":\"EntryPoint\",\"urlTemplate\":\"https:\\\/\\\/www.proinca.es\\\/madridfansblog\\\/?s={search_term_string}\"},\"query-input\":{\"@type\":\"PropertyValueSpecification\",\"valueRequired\":true,\"valueName\":\"search_term_string\"}}],\"inLanguage\":\"es\"},{\"@type\":\"Organization\",\"@id\":\"https:\\\/\\\/www.proinca.es\\\/madridfansblog\\\/#organization\",\"name\":\"Proinca\",\"url\":\"https:\\\/\\\/www.proinca.es\\\/madridfansblog\\\/\",\"logo\":{\"@type\":\"ImageObject\",\"inLanguage\":\"es\",\"@id\":\"https:\\\/\\\/www.proinca.es\\\/madridfansblog\\\/#\\\/schema\\\/logo\\\/image\\\/\",\"url\":\"https:\\\/\\\/www.proinca.es\\\/madridfansblog\\\/wp-content\\\/uploads\\\/2022\\\/03\\\/logo-proinca.jpg\",\"contentUrl\":\"https:\\\/\\\/www.proinca.es\\\/madridfansblog\\\/wp-content\\\/uploads\\\/2022\\\/03\\\/logo-proinca.jpg\",\"width\":522,\"height\":250,\"caption\":\"Proinca\"},\"image\":{\"@id\":\"https:\\\/\\\/www.proinca.es\\\/madridfansblog\\\/#\\\/schema\\\/logo\\\/image\\\/\"}},{\"@type\":\"Person\",\"@id\":\"https:\\\/\\\/www.proinca.es\\\/madridfansblog\\\/#\\\/schema\\\/person\\\/8401adc89c0a0f5a3574c43326247f1e\",\"name\":\"Ana Calero\",\"image\":{\"@type\":\"ImageObject\",\"inLanguage\":\"es\",\"@id\":\"https:\\\/\\\/www.proinca.es\\\/madridfansblog\\\/wp-content\\\/litespeed\\\/avatar\\\/ef51b25c0718910f475570320941ef46.jpg?ver=1777379772\",\"url\":\"https:\\\/\\\/www.proinca.es\\\/madridfansblog\\\/wp-content\\\/litespeed\\\/avatar\\\/ef51b25c0718910f475570320941ef46.jpg?ver=1777379772\",\"contentUrl\":\"https:\\\/\\\/www.proinca.es\\\/madridfansblog\\\/wp-content\\\/litespeed\\\/avatar\\\/ef51b25c0718910f475570320941ef46.jpg?ver=1777379772\",\"caption\":\"Ana Calero\"},\"description\":\"Licenciada en Ciencias Empresariales por la Universidad Aut\u00f3noma de Madrid. Forma parte del equipo de Apartamentos Proinca y es una enamorada de Madrid\",\"sameAs\":[\"https:\\\/\\\/www.proinca.es\\\/madridfansblog\\\/ana-calero\\\/\"]}]}<\/script>\n<!-- \/ Yoast SEO plugin. -->","yoast_head_json":{"title":"PhotoEspa\u00f1a 2015 en Madrid","description":"PhotoEspa\u00f1a, celebra en Madrid su decimoctava convocatoria poniendo el acento sobre la fotograf\u00eda latinoamericana.Por Madrid Fans blog patrocinado por Proinca","robots":{"index":"index","follow":"follow","max-snippet":"max-snippet:-1","max-image-preview":"max-image-preview:large","max-video-preview":"max-video-preview:-1"},"canonical":"https:\/\/www.proinca.es\/madridfansblog\/photoespana-2015-lo-mejor-de-la-fotografia-latinoamericana-en-madrid\/","og_locale":"es_ES","og_type":"article","og_title":"PhotoEspa\u00f1a 2015 en Madrid","og_description":"PhotoEspa\u00f1a, celebra en Madrid su decimoctava convocatoria poniendo el acento sobre la fotograf\u00eda latinoamericana.Por Madrid Fans blog patrocinado por Proinca","og_url":"https:\/\/www.proinca.es\/madridfansblog\/photoespana-2015-lo-mejor-de-la-fotografia-latinoamericana-en-madrid\/","og_site_name":"Blog Proinca Madrid","article_published_time":"2015-06-26T10:35:18+00:00","article_modified_time":"2025-05-28T13:59:31+00:00","og_image":[{"width":700,"height":350,"url":"https:\/\/www.proinca.es\/madridfansblog\/wp-content\/uploads\/2015\/06\/proinca_madridfansblog_photoespa\u00f1a_madrid_1-1.jpg","type":"image\/jpeg"}],"author":"Ana Calero","schema":{"@context":"https:\/\/schema.org","@graph":[{"@type":"Article","@id":"https:\/\/www.proinca.es\/madridfansblog\/photoespana-2015-lo-mejor-de-la-fotografia-latinoamericana-en-madrid\/#article","isPartOf":{"@id":"https:\/\/www.proinca.es\/madridfansblog\/photoespana-2015-lo-mejor-de-la-fotografia-latinoamericana-en-madrid\/"},"author":{"name":"Ana Calero","@id":"https:\/\/www.proinca.es\/madridfansblog\/#\/schema\/person\/8401adc89c0a0f5a3574c43326247f1e"},"headline":"PHOTOESPA\u00d1A 2015. LO MEJOR DE LA FOTOGRAF\u00cdA LATINOAMERICANA EN MADRID","datePublished":"2015-06-26T10:35:18+00:00","dateModified":"2025-05-28T13:59:31+00:00","mainEntityOfPage":{"@id":"https:\/\/www.proinca.es\/madridfansblog\/photoespana-2015-lo-mejor-de-la-fotografia-latinoamericana-en-madrid\/"},"wordCount":254,"publisher":{"@id":"https:\/\/www.proinca.es\/madridfansblog\/#organization"},"image":{"@id":"https:\/\/www.proinca.es\/madridfansblog\/photoespana-2015-lo-mejor-de-la-fotografia-latinoamericana-en-madrid\/#primaryimage"},"thumbnailUrl":"https:\/\/www.proinca.es\/madridfansblog\/wp-content\/uploads\/2015\/06\/proinca_madridfansblog_photoespa\u00f1a_madrid_1-1.jpg","keywords":["Arte","Cultura","Exposiciones","Festivales","Fotograf\u00eda"],"articleSection":["VIVIR MADRID"],"inLanguage":"es"},{"@type":"WebPage","@id":"https:\/\/www.proinca.es\/madridfansblog\/photoespana-2015-lo-mejor-de-la-fotografia-latinoamericana-en-madrid\/","url":"https:\/\/www.proinca.es\/madridfansblog\/photoespana-2015-lo-mejor-de-la-fotografia-latinoamericana-en-madrid\/","name":"PhotoEspa\u00f1a 2015 en Madrid","isPartOf":{"@id":"https:\/\/www.proinca.es\/madridfansblog\/#website"},"primaryImageOfPage":{"@id":"https:\/\/www.proinca.es\/madridfansblog\/photoespana-2015-lo-mejor-de-la-fotografia-latinoamericana-en-madrid\/#primaryimage"},"image":{"@id":"https:\/\/www.proinca.es\/madridfansblog\/photoespana-2015-lo-mejor-de-la-fotografia-latinoamericana-en-madrid\/#primaryimage"},"thumbnailUrl":"https:\/\/www.proinca.es\/madridfansblog\/wp-content\/uploads\/2015\/06\/proinca_madridfansblog_photoespa\u00f1a_madrid_1-1.jpg","datePublished":"2015-06-26T10:35:18+00:00","dateModified":"2025-05-28T13:59:31+00:00","description":"PhotoEspa\u00f1a, celebra en Madrid su decimoctava convocatoria poniendo el acento sobre la fotograf\u00eda latinoamericana.Por Madrid Fans blog patrocinado por Proinca","inLanguage":"es","potentialAction":[{"@type":"ReadAction","target":["https:\/\/www.proinca.es\/madridfansblog\/photoespana-2015-lo-mejor-de-la-fotografia-latinoamericana-en-madrid\/"]}]},{"@type":"ImageObject","inLanguage":"es","@id":"https:\/\/www.proinca.es\/madridfansblog\/photoespana-2015-lo-mejor-de-la-fotografia-latinoamericana-en-madrid\/#primaryimage","url":"https:\/\/www.proinca.es\/madridfansblog\/wp-content\/uploads\/2015\/06\/proinca_madridfansblog_photoespa\u00f1a_madrid_1-1.jpg","contentUrl":"https:\/\/www.proinca.es\/madridfansblog\/wp-content\/uploads\/2015\/06\/proinca_madridfansblog_photoespa\u00f1a_madrid_1-1.jpg","width":700,"height":350,"caption":"proinca madridfansblog photoespa\u00f1a madrid 1"},{"@type":"WebSite","@id":"https:\/\/www.proinca.es\/madridfansblog\/#website","url":"https:\/\/www.proinca.es\/madridfansblog\/","name":"Madrid Fans Blog Proinca","description":"Pisos y apartamentos de alquiler en Madrid","publisher":{"@id":"https:\/\/www.proinca.es\/madridfansblog\/#organization"},"potentialAction":[{"@type":"SearchAction","target":{"@type":"EntryPoint","urlTemplate":"https:\/\/www.proinca.es\/madridfansblog\/?s={search_term_string}"},"query-input":{"@type":"PropertyValueSpecification","valueRequired":true,"valueName":"search_term_string"}}],"inLanguage":"es"},{"@type":"Organization","@id":"https:\/\/www.proinca.es\/madridfansblog\/#organization","name":"Proinca","url":"https:\/\/www.proinca.es\/madridfansblog\/","logo":{"@type":"ImageObject","inLanguage":"es","@id":"https:\/\/www.proinca.es\/madridfansblog\/#\/schema\/logo\/image\/","url":"https:\/\/www.proinca.es\/madridfansblog\/wp-content\/uploads\/2022\/03\/logo-proinca.jpg","contentUrl":"https:\/\/www.proinca.es\/madridfansblog\/wp-content\/uploads\/2022\/03\/logo-proinca.jpg","width":522,"height":250,"caption":"Proinca"},"image":{"@id":"https:\/\/www.proinca.es\/madridfansblog\/#\/schema\/logo\/image\/"}},{"@type":"Person","@id":"https:\/\/www.proinca.es\/madridfansblog\/#\/schema\/person\/8401adc89c0a0f5a3574c43326247f1e","name":"Ana Calero","image":{"@type":"ImageObject","inLanguage":"es","@id":"https:\/\/www.proinca.es\/madridfansblog\/wp-content\/litespeed\/avatar\/ef51b25c0718910f475570320941ef46.jpg?ver=1777379772","url":"https:\/\/www.proinca.es\/madridfansblog\/wp-content\/litespeed\/avatar\/ef51b25c0718910f475570320941ef46.jpg?ver=1777379772","contentUrl":"https:\/\/www.proinca.es\/madridfansblog\/wp-content\/litespeed\/avatar\/ef51b25c0718910f475570320941ef46.jpg?ver=1777379772","caption":"Ana Calero"},"description":"Licenciada en Ciencias Empresariales por la Universidad Aut\u00f3noma de Madrid. Forma parte del equipo de Apartamentos Proinca y es una enamorada de Madrid","sameAs":["https:\/\/www.proinca.es\/madridfansblog\/ana-calero\/"]}]}},"_links":{"self":[{"href":"https:\/\/www.proinca.es\/madridfansblog\/wp-json\/wp\/v2\/posts\/3878","targetHints":{"allow":["GET"]}}],"collection":[{"href":"https:\/\/www.proinca.es\/madridfansblog\/wp-json\/wp\/v2\/posts"}],"about":[{"href":"https:\/\/www.proinca.es\/madridfansblog\/wp-json\/wp\/v2\/types\/post"}],"author":[{"embeddable":true,"href":"https:\/\/www.proinca.es\/madridfansblog\/wp-json\/wp\/v2\/users\/4"}],"replies":[{"embeddable":true,"href":"https:\/\/www.proinca.es\/madridfansblog\/wp-json\/wp\/v2\/comments?post=3878"}],"version-history":[{"count":9,"href":"https:\/\/www.proinca.es\/madridfansblog\/wp-json\/wp\/v2\/posts\/3878\/revisions"}],"predecessor-version":[{"id":7381,"href":"https:\/\/www.proinca.es\/madridfansblog\/wp-json\/wp\/v2\/posts\/3878\/revisions\/7381"}],"wp:featuredmedia":[{"embeddable":true,"href":"https:\/\/www.proinca.es\/madridfansblog\/wp-json\/wp\/v2\/media\/3882"}],"wp:attachment":[{"href":"https:\/\/www.proinca.es\/madridfansblog\/wp-json\/wp\/v2\/media?parent=3878"}],"wp:term":[{"taxonomy":"category","embeddable":true,"href":"https:\/\/www.proinca.es\/madridfansblog\/wp-json\/wp\/v2\/categories?post=3878"},{"taxonomy":"post_tag","embeddable":true,"href":"https:\/\/www.proinca.es\/madridfansblog\/wp-json\/wp\/v2\/tags?post=3878"}],"curies":[{"name":"wp","href":"https:\/\/api.w.org\/{rel}","templated":true}]}}