{"id":3901,"date":"2015-07-17T12:27:12","date_gmt":"2015-07-17T10:27:12","guid":{"rendered":"http:\/\/www.proinca.es\/madridfansblog\/?p=3901"},"modified":"2025-05-28T15:59:40","modified_gmt":"2025-05-28T13:59:40","slug":"verano-de-festivales-en-madrid","status":"publish","type":"post","link":"https:\/\/www.proinca.es\/madridfansblog\/verano-de-festivales-en-madrid\/","title":{"rendered":"VERANO DE FESTIVALES EN MADRID"},"content":{"rendered":"<p>Los <strong>festivales de m\u00fasica<\/strong> se han convertido en un imprescindible de los <strong>veranos<\/strong> espa\u00f1oles, ya sea en la costa o en el interior, un movimiento al que <strong>Madrid<\/strong> aporta su granito de arena a\u00f1adiendo cuatro citas m\u00e1s a la \u201cruta festivalera\u201d para los meses de julio, agosto y septiembre. Ah\u00ed va el listado, tomad nota.<\/p>\n<p>&nbsp;<\/p>\n<p>&#8211; <strong>Ciclo de conciertos 981Heritage 2015<\/strong>. Organizado por SON Estrella Galicia, esta propuesta reparte entre las salas Joy Eslava, Teatro del Arte y El Sol, entre otras, las actuaciones de bandas como Rodrigo Amarante (21 de Julio en el Teatro Lara), No Joy (el 10 de septiembre en Sala El Sol) o Lonelady (el 24 de septiembre tambi\u00e9n en El Sol).<\/p>\n<p>&#8211; <strong>DCode 2015.<\/strong> Este <strong>festival<\/strong> se hace hueco, un a\u00f1o m\u00e1s, en el Campus de la Universidad Complutense de <strong>Madrid<\/strong> para reunir, en una sola jornada, propuestas confirmadas de la escena musical nacional e internacional como Sam Smith, Suede, Crystal Fighters, The Vaccines, L.A, Wolf Alice, Second, Natalia Lafourcade o Parrots, entre muchas otras. La cita, una de las m\u00e1s concurrida por la \u201cmuchachada estudiantil\u201d, es el 12 de septiembre, antes de que comience el curso lectivo en el campus.<\/p>\n<p>&#8211; Un cl\u00e1sico de las noches de <strong>verano<\/strong> en <strong>Madrid<\/strong> que no pod\u00edamos olvidar: <strong>Veranos de la Villa<\/strong>. En su edici\u00f3n 2015,este <strong>festival<\/strong> es el punto de encuentro veraniego por excelencia de los madrile\u00f1os y madrile\u00f1as con la cultura apuesta por nombres como Ismael Serrano, Estrella Morente, Chucho Vald\u00e9s, Jos\u00e9 Merc\u00e9, Marlango, Diego el Cigala, S\u00edlvia P\u00e9rez Cruz &amp; Ra\u00fcl Fern\u00e1ndez Mir\u00f3\u2026 Todos ellos acompa\u00f1ados de un largo etc\u00e9tera de artistas, de esos que saben tocarnos la fibra sensible. Lujazo de cartel para un <strong>festival<\/strong> que se extiende del 1 de julio al 30 de agosto en diversos escenarios de la ciudad de <strong>Madrid<\/strong>. Como novedad, esta edici\u00f3n estrena un nuevo espacio al aire libre, el escenario Puente del Rey, junto al Puente del Rey, en Madrid R\u00edo.<\/p>\n<p>&#8211; Yann Tiersen, Suzanne Vega o Imelda May son algunos de los artistas que participan este a\u00f1o en <strong>Madgarden Festival<\/strong>, una apuesta que tiene lugar del 1 al 31 de julio en uno de los lugares m\u00e1s evocadores de la capital, el Real Jard\u00edn Bot\u00e1nico Alfonso XIII. Una cita imprescindible, sin duda \u00bfOs imagin\u00e1is poder disfrutar en directo del autor de la banda sonora de <em>Am\u00e9lie <\/em>en pleno coraz\u00f3n verde de <strong>Madrid<\/strong>?<\/p>\n<p>Informaci\u00f3n patrocinada por\u00a0<strong><a title=\"Proinca apartamentos de alquiler en Madrid\" href=\"http:\/\/www.proinca.es\" target=\"_blank\" rel=\"noopener\">Proinca: Apartamentos de alquiler en Madrid<\/a><\/strong><\/p>\n<p>Fuente imagen: 981heritage.com<\/p>\n\n\n<div class=\"kk-star-ratings kksr-auto kksr-align-left kksr-valign-bottom\"\n    data-payload='{&quot;align&quot;:&quot;left&quot;,&quot;id&quot;:&quot;3901&quot;,&quot;slug&quot;:&quot;default&quot;,&quot;valign&quot;:&quot;bottom&quot;,&quot;ignore&quot;:&quot;&quot;,&quot;reference&quot;:&quot;auto&quot;,&quot;class&quot;:&quot;&quot;,&quot;count&quot;:&quot;0&quot;,&quot;legendonly&quot;:&quot;&quot;,&quot;readonly&quot;:&quot;&quot;,&quot;score&quot;:&quot;0&quot;,&quot;starsonly&quot;:&quot;&quot;,&quot;best&quot;:&quot;5&quot;,&quot;gap&quot;:&quot;1&quot;,&quot;greet&quot;:&quot;Valora este art\u00edculo&quot;,&quot;legend&quot;:&quot;0\\\/5 - (0 votos)&quot;,&quot;size&quot;:&quot;24&quot;,&quot;title&quot;:&quot;VERANO DE FESTIVALES EN MADRID&quot;,&quot;width&quot;:&quot;0&quot;,&quot;_legend&quot;:&quot;{score}\\\/{best} - ({count} {votes})&quot;,&quot;font_factor&quot;:&quot;1.25&quot;}'>\n            \n<div class=\"kksr-stars\">\n    \n<div class=\"kksr-stars-inactive\">\n            <div class=\"kksr-star\" data-star=\"1\" style=\"padding-right: 1px\">\n            \n\n<div class=\"kksr-icon\" style=\"width: 24px; height: 24px;\"><\/div>\n        <\/div>\n            <div class=\"kksr-star\" data-star=\"2\" style=\"padding-right: 1px\">\n            \n\n<div class=\"kksr-icon\" style=\"width: 24px; height: 24px;\"><\/div>\n        <\/div>\n            <div class=\"kksr-star\" data-star=\"3\" style=\"padding-right: 1px\">\n            \n\n<div class=\"kksr-icon\" style=\"width: 24px; height: 24px;\"><\/div>\n        <\/div>\n            <div class=\"kksr-star\" data-star=\"4\" style=\"padding-right: 1px\">\n            \n\n<div class=\"kksr-icon\" style=\"width: 24px; height: 24px;\"><\/div>\n        <\/div>\n            <div class=\"kksr-star\" data-star=\"5\" style=\"padding-right: 1px\">\n            \n\n<div class=\"kksr-icon\" style=\"width: 24px; height: 24px;\"><\/div>\n        <\/div>\n    <\/div>\n    \n<div class=\"kksr-stars-active\" style=\"width: 0px;\">\n            <div class=\"kksr-star\" style=\"padding-right: 1px\">\n            \n\n<div class=\"kksr-icon\" style=\"width: 24px; height: 24px;\"><\/div>\n        <\/div>\n            <div class=\"kksr-star\" style=\"padding-right: 1px\">\n            \n\n<div class=\"kksr-icon\" style=\"width: 24px; height: 24px;\"><\/div>\n        <\/div>\n            <div class=\"kksr-star\" style=\"padding-right: 1px\">\n            \n\n<div class=\"kksr-icon\" style=\"width: 24px; height: 24px;\"><\/div>\n        <\/div>\n            <div class=\"kksr-star\" style=\"padding-right: 1px\">\n            \n\n<div class=\"kksr-icon\" style=\"width: 24px; height: 24px;\"><\/div>\n        <\/div>\n            <div class=\"kksr-star\" style=\"padding-right: 1px\">\n            \n\n<div class=\"kksr-icon\" style=\"width: 24px; height: 24px;\"><\/div>\n        <\/div>\n    <\/div>\n<\/div>\n                \n\n<div class=\"kksr-legend\" style=\"font-size: 19.2px;\">\n            <span class=\"kksr-muted\">Valora este art\u00edculo<\/span>\n    <\/div>\n    <\/div>\n","protected":false},"excerpt":{"rendered":"<p>Los festivales de m\u00fasica se han convertido en un imprescindible  [&#8230;]<\/p>\n","protected":false},"author":4,"featured_media":3914,"comment_status":"closed","ping_status":"closed","sticky":false,"template":"","format":"standard","meta":{"footnotes":""},"categories":[79],"tags":[36,63,70,5,71],"class_list":["post-3901","post","type-post","status-publish","format-standard","has-post-thumbnail","hentry","category-vivir-madrid","tag-afterwork","tag-cultura","tag-festivales","tag-madrid","tag-musica"],"yoast_head":"<!-- This site is optimized with the Yoast SEO plugin v27.4 - https:\/\/yoast.com\/product\/yoast-seo-wordpress\/ -->\n<title>Verano de festivales en Madrid<\/title>\n<meta name=\"description\" content=\"Los festivales de m\u00fasica se han convertido en un imprescindible de los veranos espa\u00f1oles, y Madrid aporta su \u201cruta festivalera\u201d. Por Madrid Fans blog\" \/>\n<meta name=\"robots\" content=\"index, follow, max-snippet:-1, max-image-preview:large, max-video-preview:-1\" \/>\n<link rel=\"canonical\" href=\"https:\/\/www.proinca.es\/madridfansblog\/verano-de-festivales-en-madrid\/\" \/>\n<meta property=\"og:locale\" content=\"es_ES\" \/>\n<meta property=\"og:type\" content=\"article\" \/>\n<meta property=\"og:title\" content=\"Verano de festivales en Madrid\" \/>\n<meta property=\"og:description\" content=\"Los festivales de m\u00fasica se han convertido en un imprescindible de los veranos espa\u00f1oles, y Madrid aporta su \u201cruta festivalera\u201d. Por Madrid Fans blog\" \/>\n<meta property=\"og:url\" content=\"https:\/\/www.proinca.es\/madridfansblog\/verano-de-festivales-en-madrid\/\" \/>\n<meta property=\"og:site_name\" content=\"Blog Proinca Madrid\" \/>\n<meta property=\"article:published_time\" content=\"2015-07-17T10:27:12+00:00\" \/>\n<meta property=\"article:modified_time\" content=\"2025-05-28T13:59:40+00:00\" \/>\n<meta property=\"og:image\" content=\"https:\/\/www.proinca.es\/madridfansblog\/wp-content\/uploads\/2015\/07\/proinca_madridfansblog_verano_festivales_madrid_6.jpg\" \/>\n\t<meta property=\"og:image:width\" content=\"500\" \/>\n\t<meta property=\"og:image:height\" content=\"500\" \/>\n\t<meta property=\"og:image:type\" content=\"image\/jpeg\" \/>\n<meta name=\"author\" content=\"Ana Calero\" \/>\n<script type=\"application\/ld+json\" class=\"yoast-schema-graph\">{\"@context\":\"https:\\\/\\\/schema.org\",\"@graph\":[{\"@type\":\"Article\",\"@id\":\"https:\\\/\\\/www.proinca.es\\\/madridfansblog\\\/verano-de-festivales-en-madrid\\\/#article\",\"isPartOf\":{\"@id\":\"https:\\\/\\\/www.proinca.es\\\/madridfansblog\\\/verano-de-festivales-en-madrid\\\/\"},\"author\":{\"name\":\"Ana Calero\",\"@id\":\"https:\\\/\\\/www.proinca.es\\\/madridfansblog\\\/#\\\/schema\\\/person\\\/8401adc89c0a0f5a3574c43326247f1e\"},\"headline\":\"VERANO DE FESTIVALES EN MADRID\",\"datePublished\":\"2015-07-17T10:27:12+00:00\",\"dateModified\":\"2025-05-28T13:59:40+00:00\",\"mainEntityOfPage\":{\"@id\":\"https:\\\/\\\/www.proinca.es\\\/madridfansblog\\\/verano-de-festivales-en-madrid\\\/\"},\"wordCount\":436,\"publisher\":{\"@id\":\"https:\\\/\\\/www.proinca.es\\\/madridfansblog\\\/#organization\"},\"image\":{\"@id\":\"https:\\\/\\\/www.proinca.es\\\/madridfansblog\\\/verano-de-festivales-en-madrid\\\/#primaryimage\"},\"thumbnailUrl\":\"https:\\\/\\\/www.proinca.es\\\/madridfansblog\\\/wp-content\\\/uploads\\\/2015\\\/07\\\/proinca_madridfansblog_verano_festivales_madrid_6.jpg\",\"keywords\":[\"Afterwork\",\"Cultura\",\"Festivales\",\"Madrid\",\"M\u00fasica\"],\"articleSection\":[\"VIVIR MADRID\"],\"inLanguage\":\"es\"},{\"@type\":\"WebPage\",\"@id\":\"https:\\\/\\\/www.proinca.es\\\/madridfansblog\\\/verano-de-festivales-en-madrid\\\/\",\"url\":\"https:\\\/\\\/www.proinca.es\\\/madridfansblog\\\/verano-de-festivales-en-madrid\\\/\",\"name\":\"Verano de festivales en Madrid\",\"isPartOf\":{\"@id\":\"https:\\\/\\\/www.proinca.es\\\/madridfansblog\\\/#website\"},\"primaryImageOfPage\":{\"@id\":\"https:\\\/\\\/www.proinca.es\\\/madridfansblog\\\/verano-de-festivales-en-madrid\\\/#primaryimage\"},\"image\":{\"@id\":\"https:\\\/\\\/www.proinca.es\\\/madridfansblog\\\/verano-de-festivales-en-madrid\\\/#primaryimage\"},\"thumbnailUrl\":\"https:\\\/\\\/www.proinca.es\\\/madridfansblog\\\/wp-content\\\/uploads\\\/2015\\\/07\\\/proinca_madridfansblog_verano_festivales_madrid_6.jpg\",\"datePublished\":\"2015-07-17T10:27:12+00:00\",\"dateModified\":\"2025-05-28T13:59:40+00:00\",\"description\":\"Los festivales de m\u00fasica se han convertido en un imprescindible de los veranos espa\u00f1oles, y Madrid aporta su \u201cruta festivalera\u201d. Por Madrid Fans blog\",\"inLanguage\":\"es\",\"potentialAction\":[{\"@type\":\"ReadAction\",\"target\":[\"https:\\\/\\\/www.proinca.es\\\/madridfansblog\\\/verano-de-festivales-en-madrid\\\/\"]}]},{\"@type\":\"ImageObject\",\"inLanguage\":\"es\",\"@id\":\"https:\\\/\\\/www.proinca.es\\\/madridfansblog\\\/verano-de-festivales-en-madrid\\\/#primaryimage\",\"url\":\"https:\\\/\\\/www.proinca.es\\\/madridfansblog\\\/wp-content\\\/uploads\\\/2015\\\/07\\\/proinca_madridfansblog_verano_festivales_madrid_6.jpg\",\"contentUrl\":\"https:\\\/\\\/www.proinca.es\\\/madridfansblog\\\/wp-content\\\/uploads\\\/2015\\\/07\\\/proinca_madridfansblog_verano_festivales_madrid_6.jpg\",\"width\":500,\"height\":500,\"caption\":\"proinca madridfansblog verano festivales madrid 6\"},{\"@type\":\"WebSite\",\"@id\":\"https:\\\/\\\/www.proinca.es\\\/madridfansblog\\\/#website\",\"url\":\"https:\\\/\\\/www.proinca.es\\\/madridfansblog\\\/\",\"name\":\"Madrid Fans Blog Proinca\",\"description\":\"Pisos y apartamentos de alquiler en Madrid\",\"publisher\":{\"@id\":\"https:\\\/\\\/www.proinca.es\\\/madridfansblog\\\/#organization\"},\"potentialAction\":[{\"@type\":\"SearchAction\",\"target\":{\"@type\":\"EntryPoint\",\"urlTemplate\":\"https:\\\/\\\/www.proinca.es\\\/madridfansblog\\\/?s={search_term_string}\"},\"query-input\":{\"@type\":\"PropertyValueSpecification\",\"valueRequired\":true,\"valueName\":\"search_term_string\"}}],\"inLanguage\":\"es\"},{\"@type\":\"Organization\",\"@id\":\"https:\\\/\\\/www.proinca.es\\\/madridfansblog\\\/#organization\",\"name\":\"Proinca\",\"url\":\"https:\\\/\\\/www.proinca.es\\\/madridfansblog\\\/\",\"logo\":{\"@type\":\"ImageObject\",\"inLanguage\":\"es\",\"@id\":\"https:\\\/\\\/www.proinca.es\\\/madridfansblog\\\/#\\\/schema\\\/logo\\\/image\\\/\",\"url\":\"https:\\\/\\\/www.proinca.es\\\/madridfansblog\\\/wp-content\\\/uploads\\\/2022\\\/03\\\/logo-proinca.jpg\",\"contentUrl\":\"https:\\\/\\\/www.proinca.es\\\/madridfansblog\\\/wp-content\\\/uploads\\\/2022\\\/03\\\/logo-proinca.jpg\",\"width\":522,\"height\":250,\"caption\":\"Proinca\"},\"image\":{\"@id\":\"https:\\\/\\\/www.proinca.es\\\/madridfansblog\\\/#\\\/schema\\\/logo\\\/image\\\/\"}},{\"@type\":\"Person\",\"@id\":\"https:\\\/\\\/www.proinca.es\\\/madridfansblog\\\/#\\\/schema\\\/person\\\/8401adc89c0a0f5a3574c43326247f1e\",\"name\":\"Ana Calero\",\"image\":{\"@type\":\"ImageObject\",\"inLanguage\":\"es\",\"@id\":\"https:\\\/\\\/www.proinca.es\\\/madridfansblog\\\/wp-content\\\/litespeed\\\/avatar\\\/ef51b25c0718910f475570320941ef46.jpg?ver=1777379772\",\"url\":\"https:\\\/\\\/www.proinca.es\\\/madridfansblog\\\/wp-content\\\/litespeed\\\/avatar\\\/ef51b25c0718910f475570320941ef46.jpg?ver=1777379772\",\"contentUrl\":\"https:\\\/\\\/www.proinca.es\\\/madridfansblog\\\/wp-content\\\/litespeed\\\/avatar\\\/ef51b25c0718910f475570320941ef46.jpg?ver=1777379772\",\"caption\":\"Ana Calero\"},\"description\":\"Licenciada en Ciencias Empresariales por la Universidad Aut\u00f3noma de Madrid. Forma parte del equipo de Apartamentos Proinca y es una enamorada de Madrid\",\"sameAs\":[\"https:\\\/\\\/www.proinca.es\\\/madridfansblog\\\/ana-calero\\\/\"]}]}<\/script>\n<!-- \/ Yoast SEO plugin. -->","yoast_head_json":{"title":"Verano de festivales en Madrid","description":"Los festivales de m\u00fasica se han convertido en un imprescindible de los veranos espa\u00f1oles, y Madrid aporta su \u201cruta festivalera\u201d. Por Madrid Fans blog","robots":{"index":"index","follow":"follow","max-snippet":"max-snippet:-1","max-image-preview":"max-image-preview:large","max-video-preview":"max-video-preview:-1"},"canonical":"https:\/\/www.proinca.es\/madridfansblog\/verano-de-festivales-en-madrid\/","og_locale":"es_ES","og_type":"article","og_title":"Verano de festivales en Madrid","og_description":"Los festivales de m\u00fasica se han convertido en un imprescindible de los veranos espa\u00f1oles, y Madrid aporta su \u201cruta festivalera\u201d. Por Madrid Fans blog","og_url":"https:\/\/www.proinca.es\/madridfansblog\/verano-de-festivales-en-madrid\/","og_site_name":"Blog Proinca Madrid","article_published_time":"2015-07-17T10:27:12+00:00","article_modified_time":"2025-05-28T13:59:40+00:00","og_image":[{"width":500,"height":500,"url":"https:\/\/www.proinca.es\/madridfansblog\/wp-content\/uploads\/2015\/07\/proinca_madridfansblog_verano_festivales_madrid_6.jpg","type":"image\/jpeg"}],"author":"Ana Calero","schema":{"@context":"https:\/\/schema.org","@graph":[{"@type":"Article","@id":"https:\/\/www.proinca.es\/madridfansblog\/verano-de-festivales-en-madrid\/#article","isPartOf":{"@id":"https:\/\/www.proinca.es\/madridfansblog\/verano-de-festivales-en-madrid\/"},"author":{"name":"Ana Calero","@id":"https:\/\/www.proinca.es\/madridfansblog\/#\/schema\/person\/8401adc89c0a0f5a3574c43326247f1e"},"headline":"VERANO DE FESTIVALES EN MADRID","datePublished":"2015-07-17T10:27:12+00:00","dateModified":"2025-05-28T13:59:40+00:00","mainEntityOfPage":{"@id":"https:\/\/www.proinca.es\/madridfansblog\/verano-de-festivales-en-madrid\/"},"wordCount":436,"publisher":{"@id":"https:\/\/www.proinca.es\/madridfansblog\/#organization"},"image":{"@id":"https:\/\/www.proinca.es\/madridfansblog\/verano-de-festivales-en-madrid\/#primaryimage"},"thumbnailUrl":"https:\/\/www.proinca.es\/madridfansblog\/wp-content\/uploads\/2015\/07\/proinca_madridfansblog_verano_festivales_madrid_6.jpg","keywords":["Afterwork","Cultura","Festivales","Madrid","M\u00fasica"],"articleSection":["VIVIR MADRID"],"inLanguage":"es"},{"@type":"WebPage","@id":"https:\/\/www.proinca.es\/madridfansblog\/verano-de-festivales-en-madrid\/","url":"https:\/\/www.proinca.es\/madridfansblog\/verano-de-festivales-en-madrid\/","name":"Verano de festivales en Madrid","isPartOf":{"@id":"https:\/\/www.proinca.es\/madridfansblog\/#website"},"primaryImageOfPage":{"@id":"https:\/\/www.proinca.es\/madridfansblog\/verano-de-festivales-en-madrid\/#primaryimage"},"image":{"@id":"https:\/\/www.proinca.es\/madridfansblog\/verano-de-festivales-en-madrid\/#primaryimage"},"thumbnailUrl":"https:\/\/www.proinca.es\/madridfansblog\/wp-content\/uploads\/2015\/07\/proinca_madridfansblog_verano_festivales_madrid_6.jpg","datePublished":"2015-07-17T10:27:12+00:00","dateModified":"2025-05-28T13:59:40+00:00","description":"Los festivales de m\u00fasica se han convertido en un imprescindible de los veranos espa\u00f1oles, y Madrid aporta su \u201cruta festivalera\u201d. Por Madrid Fans blog","inLanguage":"es","potentialAction":[{"@type":"ReadAction","target":["https:\/\/www.proinca.es\/madridfansblog\/verano-de-festivales-en-madrid\/"]}]},{"@type":"ImageObject","inLanguage":"es","@id":"https:\/\/www.proinca.es\/madridfansblog\/verano-de-festivales-en-madrid\/#primaryimage","url":"https:\/\/www.proinca.es\/madridfansblog\/wp-content\/uploads\/2015\/07\/proinca_madridfansblog_verano_festivales_madrid_6.jpg","contentUrl":"https:\/\/www.proinca.es\/madridfansblog\/wp-content\/uploads\/2015\/07\/proinca_madridfansblog_verano_festivales_madrid_6.jpg","width":500,"height":500,"caption":"proinca madridfansblog verano festivales madrid 6"},{"@type":"WebSite","@id":"https:\/\/www.proinca.es\/madridfansblog\/#website","url":"https:\/\/www.proinca.es\/madridfansblog\/","name":"Madrid Fans Blog Proinca","description":"Pisos y apartamentos de alquiler en Madrid","publisher":{"@id":"https:\/\/www.proinca.es\/madridfansblog\/#organization"},"potentialAction":[{"@type":"SearchAction","target":{"@type":"EntryPoint","urlTemplate":"https:\/\/www.proinca.es\/madridfansblog\/?s={search_term_string}"},"query-input":{"@type":"PropertyValueSpecification","valueRequired":true,"valueName":"search_term_string"}}],"inLanguage":"es"},{"@type":"Organization","@id":"https:\/\/www.proinca.es\/madridfansblog\/#organization","name":"Proinca","url":"https:\/\/www.proinca.es\/madridfansblog\/","logo":{"@type":"ImageObject","inLanguage":"es","@id":"https:\/\/www.proinca.es\/madridfansblog\/#\/schema\/logo\/image\/","url":"https:\/\/www.proinca.es\/madridfansblog\/wp-content\/uploads\/2022\/03\/logo-proinca.jpg","contentUrl":"https:\/\/www.proinca.es\/madridfansblog\/wp-content\/uploads\/2022\/03\/logo-proinca.jpg","width":522,"height":250,"caption":"Proinca"},"image":{"@id":"https:\/\/www.proinca.es\/madridfansblog\/#\/schema\/logo\/image\/"}},{"@type":"Person","@id":"https:\/\/www.proinca.es\/madridfansblog\/#\/schema\/person\/8401adc89c0a0f5a3574c43326247f1e","name":"Ana Calero","image":{"@type":"ImageObject","inLanguage":"es","@id":"https:\/\/www.proinca.es\/madridfansblog\/wp-content\/litespeed\/avatar\/ef51b25c0718910f475570320941ef46.jpg?ver=1777379772","url":"https:\/\/www.proinca.es\/madridfansblog\/wp-content\/litespeed\/avatar\/ef51b25c0718910f475570320941ef46.jpg?ver=1777379772","contentUrl":"https:\/\/www.proinca.es\/madridfansblog\/wp-content\/litespeed\/avatar\/ef51b25c0718910f475570320941ef46.jpg?ver=1777379772","caption":"Ana Calero"},"description":"Licenciada en Ciencias Empresariales por la Universidad Aut\u00f3noma de Madrid. Forma parte del equipo de Apartamentos Proinca y es una enamorada de Madrid","sameAs":["https:\/\/www.proinca.es\/madridfansblog\/ana-calero\/"]}]}},"_links":{"self":[{"href":"https:\/\/www.proinca.es\/madridfansblog\/wp-json\/wp\/v2\/posts\/3901","targetHints":{"allow":["GET"]}}],"collection":[{"href":"https:\/\/www.proinca.es\/madridfansblog\/wp-json\/wp\/v2\/posts"}],"about":[{"href":"https:\/\/www.proinca.es\/madridfansblog\/wp-json\/wp\/v2\/types\/post"}],"author":[{"embeddable":true,"href":"https:\/\/www.proinca.es\/madridfansblog\/wp-json\/wp\/v2\/users\/4"}],"replies":[{"embeddable":true,"href":"https:\/\/www.proinca.es\/madridfansblog\/wp-json\/wp\/v2\/comments?post=3901"}],"version-history":[{"count":13,"href":"https:\/\/www.proinca.es\/madridfansblog\/wp-json\/wp\/v2\/posts\/3901\/revisions"}],"predecessor-version":[{"id":7618,"href":"https:\/\/www.proinca.es\/madridfansblog\/wp-json\/wp\/v2\/posts\/3901\/revisions\/7618"}],"wp:featuredmedia":[{"embeddable":true,"href":"https:\/\/www.proinca.es\/madridfansblog\/wp-json\/wp\/v2\/media\/3914"}],"wp:attachment":[{"href":"https:\/\/www.proinca.es\/madridfansblog\/wp-json\/wp\/v2\/media?parent=3901"}],"wp:term":[{"taxonomy":"category","embeddable":true,"href":"https:\/\/www.proinca.es\/madridfansblog\/wp-json\/wp\/v2\/categories?post=3901"},{"taxonomy":"post_tag","embeddable":true,"href":"https:\/\/www.proinca.es\/madridfansblog\/wp-json\/wp\/v2\/tags?post=3901"}],"curies":[{"name":"wp","href":"https:\/\/api.w.org\/{rel}","templated":true}]}}